{"id":22717,"date":"2021-04-02T07:00:12","date_gmt":"2021-04-02T10:00:12","guid":{"rendered":"https:\/\/marcelolopes.jor.br\/?p=22717"},"modified":"2021-04-01T16:55:25","modified_gmt":"2021-04-01T19:55:25","slug":"aneel-mantem-bandeira-amarela-em-contas-de-luz-do-mes-de-abril","status":"publish","type":"post","link":"https:\/\/marcelolopes.jor.br\/site\/2021\/04\/02\/aneel-mantem-bandeira-amarela-em-contas-de-luz-do-mes-de-abril\/","title":{"rendered":"Aneel mant\u00e9m bandeira amarela em contas de luz do m\u00eas de abril"},"content":{"rendered":"<p style=\"text-align: justify;\">A conta de luz de abril vai continuar sendo cobrada com a bandeira tarif\u00e1ria amarela. Ou seja, o custo para as fam\u00edlias ser\u00e1 de R$ 1,343 para cada 100 kWh consumidos. Os meses de mar\u00e7o e abril costumam ser de transi\u00e7\u00e3o entre o per\u00edodo \u00famido e o seco nas regi\u00f5es das principais bacias do Sistema Interligado Nacional (SIN), o que indica que as chuvas n\u00e3o devem alterar a situa\u00e7\u00e3o dos reservat\u00f3rios.<!--more--><\/p>\n<p style=\"text-align: justify;\"><a href=\"http:\/\/www.agenciaram.com.br\"><img loading=\"lazy\" decoding=\"async\" class=\"aligncenter wp-image-22340 size-full\" src=\"https:\/\/marcelolopes.jor.br\/site\/wp-content\/uploads\/2021\/03\/WhatsApp-Image-2021-03-18-at-15.53.45.jpeg\" alt=\"\" width=\"800\" height=\"214\" srcset=\"https:\/\/marcelolopes.jor.br\/site\/wp-content\/uploads\/2021\/03\/WhatsApp-Image-2021-03-18-at-15.53.45.jpeg 800w, https:\/\/marcelolopes.jor.br\/site\/wp-content\/uploads\/2021\/03\/WhatsApp-Image-2021-03-18-at-15.53.45-300x80.jpeg 300w, https:\/\/marcelolopes.jor.br\/site\/wp-content\/uploads\/2021\/03\/WhatsApp-Image-2021-03-18-at-15.53.45-768x205.jpeg 768w\" sizes=\"auto, (max-width: 800px) 100vw, 800px\" \/><\/a>Em mar\u00e7o, houve registros de chuvas nas principais bacias com volumes finais abaixo do esperado. Ainda assim, os reservat\u00f3rios de hidrel\u00e9tricas est\u00e3o com estoques relativamente reduzidos para esta \u00e9poca do ano, em fun\u00e7\u00e3o do volume de chuvas abaixo do padr\u00e3o hist\u00f3rico registrado ao longo de toda a esta\u00e7\u00e3o \u00famida.<\/p>\n<p style=\"text-align: justify;\">Essa conjuntura sinaliza patamar desfavor\u00e1vel de produ\u00e7\u00e3o pelas hidrel\u00e9tricas, pressionando os custos relacionados ao risco hidrol\u00f3gico (GSF). A concilia\u00e7\u00e3o de baixa produ\u00e7\u00e3o hidrel\u00e9trica com o pre\u00e7o da energia no mercado de curto prazo (PLD) levou \u00e0 caracteriza\u00e7\u00e3o do patamar amarelo para o acionamento das bandeiras.<\/p>\n<p style=\"text-align: justify;\">Criado pela Ag\u00eancia Nacional de Energia El\u00e9trica (Aneel), o sistema de bandeiras tarif\u00e1rias sinaliza o custo real da energia gerada, possibilitando aos consumidores o bom uso da energia el\u00e9trica. O funcionamento das bandeiras tarif\u00e1rias \u00e9 simples: as cores verde, amarela ou vermelha (nos patamares 1 e 2) indicam se a energia custar\u00e1 mais ou menos em fun\u00e7\u00e3o das condi\u00e7\u00f5es de gera\u00e7\u00e3o.<\/p>\n<p style=\"text-align: justify;\">Fonte: Jornal Extra e Ag\u00eancia Brasil | Foto: R\u00e1dio Tangar\u00e1<\/p>\n<div class=\"zlbgq69f75c17ece6f\" ><br><\/div><style type=\"text\/css\">\r\n@media screen and (min-width: 1201px) {\r\n.zlbgq69f75c17ece6f {\r\ndisplay: block;\r\n}\r\n}\r\n@media screen and (min-width: 993px) and (max-width: 1200px) {\r\n.zlbgq69f75c17ece6f {\r\ndisplay: block;\r\n}\r\n}\r\n@media screen and (min-width: 769px) and (max-width: 992px) {\r\n.zlbgq69f75c17ece6f {\r\ndisplay: block;\r\n}\r\n}\r\n@media screen and (min-width: 768px) and (max-width: 768px) {\r\n.zlbgq69f75c17ece6f {\r\ndisplay: block;\r\n}\r\n}\r\n@media screen and (max-width: 767px) {\r\n.zlbgq69f75c17ece6f {\r\ndisplay: block;\r\n}\r\n}\r\n<\/style>\r\n<div class=\"nmgmt69f75c17f3346\" ><div id=\"div_destino\"><\/div>\r\n<script src=\"https:\/\/cdn.snsrsv.com\/sdk.js\"><\/script>\r\n<script >\r\n      new sdk(\"464030C30061EA8BE065000000000001\") \r\n          .appendTo(\"div_destino\")\r\n          .disableStyle(true) \r\n          .setCacheBusterMacro(\"%%CACHEBUSTER%%\")\r\n          .setSize(\"800\",\"214\")\r\n          .setClickMacro(\"%%CLICK_URL_ESC%%\") \r\n          .setReferrerUrlMacro(\"%%REFERRER_URL_ESC%%\") \r\n          .start(); \r\n<\/script><\/div><style type=\"text\/css\">\r\n@media screen and (min-width: 1201px) {\r\n.nmgmt69f75c17f3346 {\r\ndisplay: block;\r\n}\r\n}\r\n@media screen and (min-width: 993px) and (max-width: 1200px) {\r\n.nmgmt69f75c17f3346 {\r\ndisplay: block;\r\n}\r\n}\r\n@media screen and (min-width: 769px) and (max-width: 992px) {\r\n.nmgmt69f75c17f3346 {\r\ndisplay: block;\r\n}\r\n}\r\n@media screen and (min-width: 768px) and (max-width: 768px) {\r\n.nmgmt69f75c17f3346 {\r\ndisplay: block;\r\n}\r\n}\r\n@media screen and (max-width: 767px) {\r\n.nmgmt69f75c17f3346 {\r\ndisplay: block;\r\n}\r\n}\r\n<\/style>\r\n","protected":false},"excerpt":{"rendered":"<p>A conta de luz de abril vai continuar sendo cobrada com a bandeira tarif\u00e1ria amarela. Ou seja, o custo para as fam\u00edlias ser\u00e1 de R$ 1,343 para cada 100 kWh consumidos. Os meses de mar\u00e7o e abril costumam ser de<\/p>\n<p class=\"link-more\"><a class=\"more-link\" href=\"https:\/\/marcelolopes.jor.br\/site\/2021\/04\/02\/aneel-mantem-bandeira-amarela-em-contas-de-luz-do-mes-de-abril\/\">Leia mais <span class=\"screen-reader-text\">Aneel mant\u00e9m bandeira amarela em contas de luz do m\u00eas de abril<\/span><\/a><\/p>\n","protected":false},"author":2,"featured_media":22719,"comment_status":"open","ping_status":"open","sticky":false,"template":"","format":"standard","meta":{"footnotes":""},"categories":[1],"tags":[314,3430,315,414],"class_list":["post-22717","post","type-post","status-publish","format-standard","has-post-thumbnail","hentry","category-noticias","tag-aneel","tag-bandeira-amarela","tag-bandeira-tarifaria","tag-conta-de-luz","thumb-below-title"],"yoast_head":"<!-- This site is optimized with the Yoast SEO plugin v27.4 - https:\/\/yoast.com\/product\/yoast-seo-wordpress\/ -->\n<title>Aneel mant\u00e9m bandeira amarela em contas de luz do m\u00eas de abril | Marcelo Lopes<\/title>\n<meta name=\"robots\" content=\"index, follow, max-snippet:-1, max-image-preview:large, max-video-preview:-1\" \/>\n<link rel=\"canonical\" href=\"https:\/\/marcelolopes.jor.br\/site\/2021\/04\/02\/aneel-mantem-bandeira-amarela-em-contas-de-luz-do-mes-de-abril\/\" \/>\n<meta property=\"og:locale\" content=\"pt_BR\" \/>\n<meta property=\"og:type\" content=\"article\" \/>\n<meta property=\"og:title\" content=\"Aneel mant\u00e9m bandeira amarela em contas de luz do m\u00eas de abril | Marcelo Lopes\" \/>\n<meta property=\"og:description\" content=\"A conta de luz de abril vai continuar sendo cobrada com a bandeira tarif\u00e1ria amarela. Ou seja, o custo para as fam\u00edlias ser\u00e1 de R$ 1,343 para cada 100 kWh consumidos. Os meses de mar\u00e7o e abril costumam ser deLeia mais Aneel mant\u00e9m bandeira amarela em contas de luz do m\u00eas de abril\" \/>\n<meta property=\"og:url\" content=\"https:\/\/marcelolopes.jor.br\/site\/2021\/04\/02\/aneel-mantem-bandeira-amarela-em-contas-de-luz-do-mes-de-abril\/\" \/>\n<meta property=\"og:site_name\" content=\"Marcelo Lopes\" \/>\n<meta property=\"article:publisher\" content=\"https:\/\/www.facebook.com\/sitedomarcelolopes\" \/>\n<meta property=\"article:published_time\" content=\"2021-04-02T10:00:12+00:00\" \/>\n<meta property=\"og:image\" content=\"https:\/\/marcelolopes.jor.br\/site\/wp-content\/uploads\/2021\/04\/lampada-energia-1080x675-1.jpg\" \/>\n\t<meta property=\"og:image:width\" content=\"1024\" \/>\n\t<meta property=\"og:image:height\" content=\"640\" \/>\n\t<meta property=\"og:image:type\" content=\"image\/jpeg\" \/>\n<meta name=\"author\" content=\"Marcelo Lopes\" \/>\n<meta name=\"twitter:card\" content=\"summary_large_image\" \/>\n<meta name=\"twitter:label1\" content=\"Escrito por\" \/>\n\t<meta name=\"twitter:data1\" content=\"Marcelo Lopes\" \/>\n\t<meta name=\"twitter:label2\" content=\"Est. tempo de leitura\" \/>\n\t<meta name=\"twitter:data2\" content=\"1 minuto\" \/>\n<script type=\"application\/ld+json\" class=\"yoast-schema-graph\">{\"@context\":\"https:\\\/\\\/schema.org\",\"@graph\":[{\"@type\":\"NewsArticle\",\"@id\":\"https:\\\/\\\/marcelolopes.jor.br\\\/site\\\/2021\\\/04\\\/02\\\/aneel-mantem-bandeira-amarela-em-contas-de-luz-do-mes-de-abril\\\/#article\",\"isPartOf\":{\"@id\":\"https:\\\/\\\/marcelolopes.jor.br\\\/site\\\/2021\\\/04\\\/02\\\/aneel-mantem-bandeira-amarela-em-contas-de-luz-do-mes-de-abril\\\/\"},\"author\":{\"name\":\"Marcelo Lopes\",\"@id\":\"https:\\\/\\\/marcelolopes.jor.br\\\/site\\\/#\\\/schema\\\/person\\\/3e7216a35c34d8fdf952b31da3d1f89f\"},\"headline\":\"Aneel mant\u00e9m bandeira amarela em contas de luz do m\u00eas de abril\",\"datePublished\":\"2021-04-02T10:00:12+00:00\",\"mainEntityOfPage\":{\"@id\":\"https:\\\/\\\/marcelolopes.jor.br\\\/site\\\/2021\\\/04\\\/02\\\/aneel-mantem-bandeira-amarela-em-contas-de-luz-do-mes-de-abril\\\/\"},\"wordCount\":279,\"commentCount\":0,\"publisher\":{\"@id\":\"https:\\\/\\\/marcelolopes.jor.br\\\/site\\\/#organization\"},\"image\":{\"@id\":\"https:\\\/\\\/marcelolopes.jor.br\\\/site\\\/2021\\\/04\\\/02\\\/aneel-mantem-bandeira-amarela-em-contas-de-luz-do-mes-de-abril\\\/#primaryimage\"},\"thumbnailUrl\":\"https:\\\/\\\/marcelolopes.jor.br\\\/site\\\/wp-content\\\/uploads\\\/2021\\\/04\\\/lampada-energia-1080x675-1.jpg\",\"keywords\":[\"Aneel\",\"bandeira amarela\",\"bandeira tarif\u00e1ria\",\"conta de luz\"],\"articleSection\":[\"Not\u00edcias\"],\"inLanguage\":\"pt-BR\",\"potentialAction\":[{\"@type\":\"CommentAction\",\"name\":\"Comment\",\"target\":[\"https:\\\/\\\/marcelolopes.jor.br\\\/site\\\/2021\\\/04\\\/02\\\/aneel-mantem-bandeira-amarela-em-contas-de-luz-do-mes-de-abril\\\/#respond\"]}]},{\"@type\":\"WebPage\",\"@id\":\"https:\\\/\\\/marcelolopes.jor.br\\\/site\\\/2021\\\/04\\\/02\\\/aneel-mantem-bandeira-amarela-em-contas-de-luz-do-mes-de-abril\\\/\",\"url\":\"https:\\\/\\\/marcelolopes.jor.br\\\/site\\\/2021\\\/04\\\/02\\\/aneel-mantem-bandeira-amarela-em-contas-de-luz-do-mes-de-abril\\\/\",\"name\":\"Aneel mant\u00e9m bandeira amarela em contas de luz do m\u00eas de abril | Marcelo Lopes\",\"isPartOf\":{\"@id\":\"https:\\\/\\\/marcelolopes.jor.br\\\/site\\\/#website\"},\"primaryImageOfPage\":{\"@id\":\"https:\\\/\\\/marcelolopes.jor.br\\\/site\\\/2021\\\/04\\\/02\\\/aneel-mantem-bandeira-amarela-em-contas-de-luz-do-mes-de-abril\\\/#primaryimage\"},\"image\":{\"@id\":\"https:\\\/\\\/marcelolopes.jor.br\\\/site\\\/2021\\\/04\\\/02\\\/aneel-mantem-bandeira-amarela-em-contas-de-luz-do-mes-de-abril\\\/#primaryimage\"},\"thumbnailUrl\":\"https:\\\/\\\/marcelolopes.jor.br\\\/site\\\/wp-content\\\/uploads\\\/2021\\\/04\\\/lampada-energia-1080x675-1.jpg\",\"datePublished\":\"2021-04-02T10:00:12+00:00\",\"breadcrumb\":{\"@id\":\"https:\\\/\\\/marcelolopes.jor.br\\\/site\\\/2021\\\/04\\\/02\\\/aneel-mantem-bandeira-amarela-em-contas-de-luz-do-mes-de-abril\\\/#breadcrumb\"},\"inLanguage\":\"pt-BR\",\"potentialAction\":[{\"@type\":\"ReadAction\",\"target\":[\"https:\\\/\\\/marcelolopes.jor.br\\\/site\\\/2021\\\/04\\\/02\\\/aneel-mantem-bandeira-amarela-em-contas-de-luz-do-mes-de-abril\\\/\"]}]},{\"@type\":\"ImageObject\",\"inLanguage\":\"pt-BR\",\"@id\":\"https:\\\/\\\/marcelolopes.jor.br\\\/site\\\/2021\\\/04\\\/02\\\/aneel-mantem-bandeira-amarela-em-contas-de-luz-do-mes-de-abril\\\/#primaryimage\",\"url\":\"https:\\\/\\\/marcelolopes.jor.br\\\/site\\\/wp-content\\\/uploads\\\/2021\\\/04\\\/lampada-energia-1080x675-1.jpg\",\"contentUrl\":\"https:\\\/\\\/marcelolopes.jor.br\\\/site\\\/wp-content\\\/uploads\\\/2021\\\/04\\\/lampada-energia-1080x675-1.jpg\",\"width\":1024,\"height\":640},{\"@type\":\"BreadcrumbList\",\"@id\":\"https:\\\/\\\/marcelolopes.jor.br\\\/site\\\/2021\\\/04\\\/02\\\/aneel-mantem-bandeira-amarela-em-contas-de-luz-do-mes-de-abril\\\/#breadcrumb\",\"itemListElement\":[{\"@type\":\"ListItem\",\"position\":1,\"name\":\"Home\",\"item\":\"https:\\\/\\\/marcelolopes.jor.br\\\/site\\\/\"},{\"@type\":\"ListItem\",\"position\":2,\"name\":\"Aneel mant\u00e9m bandeira amarela em contas de luz do m\u00eas de abril\"}]},{\"@type\":\"WebSite\",\"@id\":\"https:\\\/\\\/marcelolopes.jor.br\\\/site\\\/#website\",\"url\":\"https:\\\/\\\/marcelolopes.jor.br\\\/site\\\/\",\"name\":\"Marcelo Lopes\",\"description\":\"Not\u00edcias de Cataguases e Regi\u00e3o\",\"publisher\":{\"@id\":\"https:\\\/\\\/marcelolopes.jor.br\\\/site\\\/#organization\"},\"potentialAction\":[{\"@type\":\"SearchAction\",\"target\":{\"@type\":\"EntryPoint\",\"urlTemplate\":\"https:\\\/\\\/marcelolopes.jor.br\\\/site\\\/?s={search_term_string}\"},\"query-input\":{\"@type\":\"PropertyValueSpecification\",\"valueRequired\":true,\"valueName\":\"search_term_string\"}}],\"inLanguage\":\"pt-BR\"},{\"@type\":\"Organization\",\"@id\":\"https:\\\/\\\/marcelolopes.jor.br\\\/site\\\/#organization\",\"name\":\"Site do Marcelo Lopes\",\"url\":\"https:\\\/\\\/marcelolopes.jor.br\\\/site\\\/\",\"logo\":{\"@type\":\"ImageObject\",\"inLanguage\":\"pt-BR\",\"@id\":\"https:\\\/\\\/marcelolopes.jor.br\\\/site\\\/#\\\/schema\\\/logo\\\/image\\\/\",\"url\":\"https:\\\/\\\/marcelolopes.jor.br\\\/site\\\/wp-content\\\/uploads\\\/2024\\\/11\\\/logo-1.png\",\"contentUrl\":\"https:\\\/\\\/marcelolopes.jor.br\\\/site\\\/wp-content\\\/uploads\\\/2024\\\/11\\\/logo-1.png\",\"width\":475,\"height\":80,\"caption\":\"Site do Marcelo Lopes\"},\"image\":{\"@id\":\"https:\\\/\\\/marcelolopes.jor.br\\\/site\\\/#\\\/schema\\\/logo\\\/image\\\/\"},\"sameAs\":[\"https:\\\/\\\/www.facebook.com\\\/sitedomarcelolopes\",\"https:\\\/\\\/www.instagram.com\\\/sitedomarcelolopes\\\/\",\"https:\\\/\\\/www.linkedin.com\\\/company\\\/site-do-marcelo-lopes\\\/\",\"https:\\\/\\\/www.youtube.com\\\/user\\\/marcelolopes957\"]},{\"@type\":\"Person\",\"@id\":\"https:\\\/\\\/marcelolopes.jor.br\\\/site\\\/#\\\/schema\\\/person\\\/3e7216a35c34d8fdf952b31da3d1f89f\",\"name\":\"Marcelo Lopes\",\"sameAs\":[\"http:\\\/\\\/www.marcelolopes.jor.br\"],\"url\":\"https:\\\/\\\/marcelolopes.jor.br\\\/site\\\/author\\\/marcelo\\\/\"}]}<\/script>\n<!-- \/ Yoast SEO plugin. -->","yoast_head_json":{"title":"Aneel mant\u00e9m bandeira amarela em contas de luz do m\u00eas de abril | Marcelo Lopes","robots":{"index":"index","follow":"follow","max-snippet":"max-snippet:-1","max-image-preview":"max-image-preview:large","max-video-preview":"max-video-preview:-1"},"canonical":"https:\/\/marcelolopes.jor.br\/site\/2021\/04\/02\/aneel-mantem-bandeira-amarela-em-contas-de-luz-do-mes-de-abril\/","og_locale":"pt_BR","og_type":"article","og_title":"Aneel mant\u00e9m bandeira amarela em contas de luz do m\u00eas de abril | Marcelo Lopes","og_description":"A conta de luz de abril vai continuar sendo cobrada com a bandeira tarif\u00e1ria amarela. Ou seja, o custo para as fam\u00edlias ser\u00e1 de R$ 1,343 para cada 100 kWh consumidos. Os meses de mar\u00e7o e abril costumam ser deLeia mais Aneel mant\u00e9m bandeira amarela em contas de luz do m\u00eas de abril","og_url":"https:\/\/marcelolopes.jor.br\/site\/2021\/04\/02\/aneel-mantem-bandeira-amarela-em-contas-de-luz-do-mes-de-abril\/","og_site_name":"Marcelo Lopes","article_publisher":"https:\/\/www.facebook.com\/sitedomarcelolopes","article_published_time":"2021-04-02T10:00:12+00:00","og_image":[{"width":1024,"height":640,"url":"https:\/\/marcelolopes.jor.br\/site\/wp-content\/uploads\/2021\/04\/lampada-energia-1080x675-1.jpg","type":"image\/jpeg"}],"author":"Marcelo Lopes","twitter_card":"summary_large_image","twitter_misc":{"Escrito por":"Marcelo Lopes","Est. tempo de leitura":"1 minuto"},"schema":{"@context":"https:\/\/schema.org","@graph":[{"@type":"NewsArticle","@id":"https:\/\/marcelolopes.jor.br\/site\/2021\/04\/02\/aneel-mantem-bandeira-amarela-em-contas-de-luz-do-mes-de-abril\/#article","isPartOf":{"@id":"https:\/\/marcelolopes.jor.br\/site\/2021\/04\/02\/aneel-mantem-bandeira-amarela-em-contas-de-luz-do-mes-de-abril\/"},"author":{"name":"Marcelo Lopes","@id":"https:\/\/marcelolopes.jor.br\/site\/#\/schema\/person\/3e7216a35c34d8fdf952b31da3d1f89f"},"headline":"Aneel mant\u00e9m bandeira amarela em contas de luz do m\u00eas de abril","datePublished":"2021-04-02T10:00:12+00:00","mainEntityOfPage":{"@id":"https:\/\/marcelolopes.jor.br\/site\/2021\/04\/02\/aneel-mantem-bandeira-amarela-em-contas-de-luz-do-mes-de-abril\/"},"wordCount":279,"commentCount":0,"publisher":{"@id":"https:\/\/marcelolopes.jor.br\/site\/#organization"},"image":{"@id":"https:\/\/marcelolopes.jor.br\/site\/2021\/04\/02\/aneel-mantem-bandeira-amarela-em-contas-de-luz-do-mes-de-abril\/#primaryimage"},"thumbnailUrl":"https:\/\/marcelolopes.jor.br\/site\/wp-content\/uploads\/2021\/04\/lampada-energia-1080x675-1.jpg","keywords":["Aneel","bandeira amarela","bandeira tarif\u00e1ria","conta de luz"],"articleSection":["Not\u00edcias"],"inLanguage":"pt-BR","potentialAction":[{"@type":"CommentAction","name":"Comment","target":["https:\/\/marcelolopes.jor.br\/site\/2021\/04\/02\/aneel-mantem-bandeira-amarela-em-contas-de-luz-do-mes-de-abril\/#respond"]}]},{"@type":"WebPage","@id":"https:\/\/marcelolopes.jor.br\/site\/2021\/04\/02\/aneel-mantem-bandeira-amarela-em-contas-de-luz-do-mes-de-abril\/","url":"https:\/\/marcelolopes.jor.br\/site\/2021\/04\/02\/aneel-mantem-bandeira-amarela-em-contas-de-luz-do-mes-de-abril\/","name":"Aneel mant\u00e9m bandeira amarela em contas de luz do m\u00eas de abril | Marcelo Lopes","isPartOf":{"@id":"https:\/\/marcelolopes.jor.br\/site\/#website"},"primaryImageOfPage":{"@id":"https:\/\/marcelolopes.jor.br\/site\/2021\/04\/02\/aneel-mantem-bandeira-amarela-em-contas-de-luz-do-mes-de-abril\/#primaryimage"},"image":{"@id":"https:\/\/marcelolopes.jor.br\/site\/2021\/04\/02\/aneel-mantem-bandeira-amarela-em-contas-de-luz-do-mes-de-abril\/#primaryimage"},"thumbnailUrl":"https:\/\/marcelolopes.jor.br\/site\/wp-content\/uploads\/2021\/04\/lampada-energia-1080x675-1.jpg","datePublished":"2021-04-02T10:00:12+00:00","breadcrumb":{"@id":"https:\/\/marcelolopes.jor.br\/site\/2021\/04\/02\/aneel-mantem-bandeira-amarela-em-contas-de-luz-do-mes-de-abril\/#breadcrumb"},"inLanguage":"pt-BR","potentialAction":[{"@type":"ReadAction","target":["https:\/\/marcelolopes.jor.br\/site\/2021\/04\/02\/aneel-mantem-bandeira-amarela-em-contas-de-luz-do-mes-de-abril\/"]}]},{"@type":"ImageObject","inLanguage":"pt-BR","@id":"https:\/\/marcelolopes.jor.br\/site\/2021\/04\/02\/aneel-mantem-bandeira-amarela-em-contas-de-luz-do-mes-de-abril\/#primaryimage","url":"https:\/\/marcelolopes.jor.br\/site\/wp-content\/uploads\/2021\/04\/lampada-energia-1080x675-1.jpg","contentUrl":"https:\/\/marcelolopes.jor.br\/site\/wp-content\/uploads\/2021\/04\/lampada-energia-1080x675-1.jpg","width":1024,"height":640},{"@type":"BreadcrumbList","@id":"https:\/\/marcelolopes.jor.br\/site\/2021\/04\/02\/aneel-mantem-bandeira-amarela-em-contas-de-luz-do-mes-de-abril\/#breadcrumb","itemListElement":[{"@type":"ListItem","position":1,"name":"Home","item":"https:\/\/marcelolopes.jor.br\/site\/"},{"@type":"ListItem","position":2,"name":"Aneel mant\u00e9m bandeira amarela em contas de luz do m\u00eas de abril"}]},{"@type":"WebSite","@id":"https:\/\/marcelolopes.jor.br\/site\/#website","url":"https:\/\/marcelolopes.jor.br\/site\/","name":"Marcelo Lopes","description":"Not\u00edcias de Cataguases e Regi\u00e3o","publisher":{"@id":"https:\/\/marcelolopes.jor.br\/site\/#organization"},"potentialAction":[{"@type":"SearchAction","target":{"@type":"EntryPoint","urlTemplate":"https:\/\/marcelolopes.jor.br\/site\/?s={search_term_string}"},"query-input":{"@type":"PropertyValueSpecification","valueRequired":true,"valueName":"search_term_string"}}],"inLanguage":"pt-BR"},{"@type":"Organization","@id":"https:\/\/marcelolopes.jor.br\/site\/#organization","name":"Site do Marcelo Lopes","url":"https:\/\/marcelolopes.jor.br\/site\/","logo":{"@type":"ImageObject","inLanguage":"pt-BR","@id":"https:\/\/marcelolopes.jor.br\/site\/#\/schema\/logo\/image\/","url":"https:\/\/marcelolopes.jor.br\/site\/wp-content\/uploads\/2024\/11\/logo-1.png","contentUrl":"https:\/\/marcelolopes.jor.br\/site\/wp-content\/uploads\/2024\/11\/logo-1.png","width":475,"height":80,"caption":"Site do Marcelo Lopes"},"image":{"@id":"https:\/\/marcelolopes.jor.br\/site\/#\/schema\/logo\/image\/"},"sameAs":["https:\/\/www.facebook.com\/sitedomarcelolopes","https:\/\/www.instagram.com\/sitedomarcelolopes\/","https:\/\/www.linkedin.com\/company\/site-do-marcelo-lopes\/","https:\/\/www.youtube.com\/user\/marcelolopes957"]},{"@type":"Person","@id":"https:\/\/marcelolopes.jor.br\/site\/#\/schema\/person\/3e7216a35c34d8fdf952b31da3d1f89f","name":"Marcelo Lopes","sameAs":["http:\/\/www.marcelolopes.jor.br"],"url":"https:\/\/marcelolopes.jor.br\/site\/author\/marcelo\/"}]}},"wps_subtitle":"O custo para as fam\u00edlias ser\u00e1 de R$ 1,343 para cada 100 kWh consumidos.","_links":{"self":[{"href":"https:\/\/marcelolopes.jor.br\/site\/wp-json\/wp\/v2\/posts\/22717","targetHints":{"allow":["GET"]}}],"collection":[{"href":"https:\/\/marcelolopes.jor.br\/site\/wp-json\/wp\/v2\/posts"}],"about":[{"href":"https:\/\/marcelolopes.jor.br\/site\/wp-json\/wp\/v2\/types\/post"}],"author":[{"embeddable":true,"href":"https:\/\/marcelolopes.jor.br\/site\/wp-json\/wp\/v2\/users\/2"}],"replies":[{"embeddable":true,"href":"https:\/\/marcelolopes.jor.br\/site\/wp-json\/wp\/v2\/comments?post=22717"}],"version-history":[{"count":0,"href":"https:\/\/marcelolopes.jor.br\/site\/wp-json\/wp\/v2\/posts\/22717\/revisions"}],"wp:featuredmedia":[{"embeddable":true,"href":"https:\/\/marcelolopes.jor.br\/site\/wp-json\/wp\/v2\/media\/22719"}],"wp:attachment":[{"href":"https:\/\/marcelolopes.jor.br\/site\/wp-json\/wp\/v2\/media?parent=22717"}],"wp:term":[{"taxonomy":"category","embeddable":true,"href":"https:\/\/marcelolopes.jor.br\/site\/wp-json\/wp\/v2\/categories?post=22717"},{"taxonomy":"post_tag","embeddable":true,"href":"https:\/\/marcelolopes.jor.br\/site\/wp-json\/wp\/v2\/tags?post=22717"}],"curies":[{"name":"wp","href":"https:\/\/api.w.org\/{rel}","templated":true}]}}