{"id":22713,"date":"2021-04-01T20:00:03","date_gmt":"2021-04-01T23:00:03","guid":{"rendered":"https:\/\/marcelolopes.jor.br\/?p=22713"},"modified":"2021-04-01T16:32:05","modified_gmt":"2021-04-01T19:32:05","slug":"trabalhador-sabera-amanha-se-tem-direito-a-receber-o-auxilio-emergencial","status":"publish","type":"post","link":"https:\/\/marcelolopes.jor.br\/site\/2021\/04\/01\/trabalhador-sabera-amanha-se-tem-direito-a-receber-o-auxilio-emergencial\/","title":{"rendered":"Trabalhador saber\u00e1 amanh\u00e3 se tem direito a receber o Aux\u00edlio Emergencial"},"content":{"rendered":"<p style=\"text-align: justify;\">Trabalhadores poder\u00e3o saber se foram inclu\u00eddos no aux\u00edlio emergencial 2021 a partir de amanh\u00e3, 02 de abril. Inicialmente prometida para hoje, a consulta teve de ser adiada &#8220;em fun\u00e7\u00e3o da necessidade de alinhamento dos canais de atendimento dos tr\u00eas \u00f3rg\u00e3os diretamente envolvidos no programa &#8211; Minist\u00e9rio da Cidadania, Dataprev e Caixa&#8221;, explicou a Dataprev, em nota.<!--more--><\/p>\n<p style=\"text-align: justify;\"><strong><a href=\"http:\/\/www.agenciaram.com.br\"><img loading=\"lazy\" decoding=\"async\" class=\"aligncenter wp-image-22340 size-full\" src=\"https:\/\/marcelolopes.jor.br\/site\/wp-content\/uploads\/2021\/03\/WhatsApp-Image-2021-03-18-at-15.53.45.jpeg\" alt=\"\" width=\"800\" height=\"214\" srcset=\"https:\/\/marcelolopes.jor.br\/site\/wp-content\/uploads\/2021\/03\/WhatsApp-Image-2021-03-18-at-15.53.45.jpeg 800w, https:\/\/marcelolopes.jor.br\/site\/wp-content\/uploads\/2021\/03\/WhatsApp-Image-2021-03-18-at-15.53.45-300x80.jpeg 300w, https:\/\/marcelolopes.jor.br\/site\/wp-content\/uploads\/2021\/03\/WhatsApp-Image-2021-03-18-at-15.53.45-768x205.jpeg 768w\" sizes=\"auto, (max-width: 800px) 100vw, 800px\" \/><\/a>Consulta<\/strong><br \/>\nA consulta poder\u00e1 ser feita pelo Portal de Consultas da Dataprev (<a href=\"https:\/\/consultaauxilio.cidadania.gov.br\/consulta\/\"><strong><span style=\"color: #800080;\">clique aqui para saber<\/span><\/strong><\/a>). Para isso, o cidad\u00e3o dever\u00e1 informar CPF, nome completo, nome da m\u00e3e e data de nascimento.<\/p>\n<p style=\"text-align: justify;\">Quem j\u00e1 recebe o Bolsa Fam\u00edlia e inscritos no Cad\u00danico n\u00e3o estar\u00e3o na lista da Dataprev j\u00e1 que, nesses casos, as parcelas ser\u00e3o depositadas automaticamente &#8211; desde que o benefici\u00e1rio se encaixe nos crit\u00e9rios de elegibilidade do aux\u00edlio.<\/p>\n<p style=\"text-align: justify;\"><strong>Dep\u00f3sitos<\/strong><br \/>\nSegundo calend\u00e1rio divulgado pela Caixa, os pagamentos come\u00e7am no dia 6 de abril para os trabalhadores que fazem parte do Cadastro \u00danico e para os que se inscreveram por meio do site e do aplicativo Caixa Tem. Os dep\u00f3sitos ser\u00e3o feitos na conta poupan\u00e7a digital da Caixa, acessada pelo aplicativo Caixa Tem. O benefici\u00e1rio do aux\u00edlio emergencial ter\u00e1 direito, primeiramente, \u00e0 movimenta\u00e7\u00e3o digital e, posteriormente, aos saques.<\/p>\n<p style=\"text-align: justify;\">Para os benefici\u00e1rios do Bolsa Fam\u00edlia, os pagamentos come\u00e7am em 16 de abril e seguir\u00e3o o calend\u00e1rio de pagamento do benef\u00edcio.<\/p>\n<p style=\"text-align: justify;\"><strong>N\u00fameros<\/strong><br \/>\nEm 2021, ser\u00e3o pagos R$ 43 bilh\u00f5es a 45,6 milh\u00f5es de brasileiros que atendem aos requisitos exigidos. Do montante, R$ 23,4 bilh\u00f5es ser\u00e3o destinados ao p\u00fablico j\u00e1 inscrito em plataformas digitais da Caixa (28,6 milh\u00f5es de benefici\u00e1rios), R$ 6,5 bilh\u00f5es para integrantes do Cadastro \u00danico do Governo Federal (6,3 milh\u00f5es) e mais R$ 12,7 bilh\u00f5es para atendidos pelo Programa Bolsa Fam\u00edlia (10,6 milh\u00f5es).<\/p>\n<p style=\"text-align: justify;\"><strong>Crit\u00e9rios<\/strong><br \/>\nPara conceder as quatro parcelas do aux\u00edlio emergencial este ano o governo definiu novas faixas de pagamento:<br \/>\n&#8211; Mulheres chefes de fam\u00edlia: R$ 375<br \/>\n&#8211; Fam\u00edlias com duas ou mais pessoas, exceto aquelas com m\u00e3es chefes de fam\u00edlia: R$ 250<br \/>\n&#8211; Aux\u00edlio para pessoas que moram sozinhas: R$ 150<\/p>\n<p style=\"text-align: justify;\"><strong>Podem receber<\/strong><br \/>\n&#8211; Fam\u00edlias com renda per capita de at\u00e9 meio sal\u00e1rio m\u00ednimo (R$ 550) e renda mensal total de at\u00e9 tr\u00eas sal\u00e1rios m\u00ednimos (R$ 3.300);<br \/>\n&#8211; P\u00fablico do Bolsa Fam\u00edlia poder\u00e1 escolher o valor mais vantajoso entre os benef\u00edcios e receber somente um deles.<br \/>\n&#8211; Trabalhadores informais;<br \/>\n&#8211; Desempregados;<br \/>\n&#8211; Microempreendedor Individual (MEI).<\/p>\n<p style=\"text-align: justify;\"><strong>N\u00e3o podem receber o aux\u00edlio<\/strong><br \/>\n&#8211; Trabalhadores com carteira assinada e servidores p\u00fablicos;<br \/>\n&#8211; Pessoas que n\u00e3o movimentaram os valores do aux\u00edlio emergencial e sua extens\u00e3o em 2020;<br \/>\n&#8211; Quem estiver com o aux\u00edlio do ano passado cancelado;<br \/>\n&#8211; Cidad\u00e3os que recebem benef\u00edcio previdenci\u00e1rio, assistencial ou trabalhista ou de programa de transfer\u00eancia de renda federal, com exce\u00e7\u00e3o do Bolsa Fam\u00edlia e do Pis\/Pasep;<br \/>\n&#8211; M\u00e9dicos e multiprofissionais;<br \/>\n&#8211; Benefici\u00e1rios de bolsas de estudo e estagi\u00e1rios e similares;<br \/>\n&#8211; Quem teve rendimentos tribut\u00e1veis acima de R$ 28.559,70 em 2019 ou tinha, em 31 de dezembro daquele ano, a posse ou a propriedade de bens ou direitos, inclusive terra nua, de valor total superior a R$ 300 mil;<br \/>\n&#8211; Cidad\u00e3os com menos de 18 anos, exceto m\u00e3es adolescentes.<br \/>\n&#8211; Quem estiver no sistema carcer\u00e1rio em regime fechado ou tenha seu CPF vinculado, como instituidor, \u00e0 concess\u00e3o de aux\u00edlio-reclus\u00e3o.<\/p>\n<p style=\"text-align: justify;\">Fonte: Ag\u00eancia Brasil | Foto: Correio de Minas<\/p>\n<div class=\"hmics69f715c295f42\" ><br><\/div><style type=\"text\/css\">\r\n@media screen and (min-width: 1201px) {\r\n.hmics69f715c295f42 {\r\ndisplay: block;\r\n}\r\n}\r\n@media screen and (min-width: 993px) and (max-width: 1200px) {\r\n.hmics69f715c295f42 {\r\ndisplay: block;\r\n}\r\n}\r\n@media screen and (min-width: 769px) and (max-width: 992px) {\r\n.hmics69f715c295f42 {\r\ndisplay: block;\r\n}\r\n}\r\n@media screen and (min-width: 768px) and (max-width: 768px) {\r\n.hmics69f715c295f42 {\r\ndisplay: block;\r\n}\r\n}\r\n@media screen and (max-width: 767px) {\r\n.hmics69f715c295f42 {\r\ndisplay: block;\r\n}\r\n}\r\n<\/style>\r\n<div class=\"lbzeq69f715c29b57c\" ><div id=\"div_destino\"><\/div>\r\n<script src=\"https:\/\/cdn.snsrsv.com\/sdk.js\"><\/script>\r\n<script >\r\n      new sdk(\"464030C30061EA8BE065000000000001\") \r\n          .appendTo(\"div_destino\")\r\n          .disableStyle(true) \r\n          .setCacheBusterMacro(\"%%CACHEBUSTER%%\")\r\n          .setSize(\"800\",\"214\")\r\n          .setClickMacro(\"%%CLICK_URL_ESC%%\") \r\n          .setReferrerUrlMacro(\"%%REFERRER_URL_ESC%%\") \r\n          .start(); \r\n<\/script><\/div><style type=\"text\/css\">\r\n@media screen and (min-width: 1201px) {\r\n.lbzeq69f715c29b57c {\r\ndisplay: block;\r\n}\r\n}\r\n@media screen and (min-width: 993px) and (max-width: 1200px) {\r\n.lbzeq69f715c29b57c {\r\ndisplay: block;\r\n}\r\n}\r\n@media screen and (min-width: 769px) and (max-width: 992px) {\r\n.lbzeq69f715c29b57c {\r\ndisplay: block;\r\n}\r\n}\r\n@media screen and (min-width: 768px) and (max-width: 768px) {\r\n.lbzeq69f715c29b57c {\r\ndisplay: block;\r\n}\r\n}\r\n@media screen and (max-width: 767px) {\r\n.lbzeq69f715c29b57c {\r\ndisplay: block;\r\n}\r\n}\r\n<\/style>\r\n","protected":false},"excerpt":{"rendered":"<p>Trabalhadores poder\u00e3o saber se foram inclu\u00eddos no aux\u00edlio emergencial 2021 a partir de amanh\u00e3, 02 de abril. Inicialmente prometida para hoje, a consulta teve de ser adiada &#8220;em fun\u00e7\u00e3o da necessidade de alinhamento dos canais de atendimento dos tr\u00eas \u00f3rg\u00e3os<\/p>\n<p class=\"link-more\"><a class=\"more-link\" href=\"https:\/\/marcelolopes.jor.br\/site\/2021\/04\/01\/trabalhador-sabera-amanha-se-tem-direito-a-receber-o-auxilio-emergencial\/\">Leia mais <span class=\"screen-reader-text\">Trabalhador saber\u00e1 amanh\u00e3 se tem direito a receber o Aux\u00edlio Emergencial<\/span><\/a><\/p>\n","protected":false},"author":2,"featured_media":22715,"comment_status":"open","ping_status":"open","sticky":false,"template":"","format":"standard","meta":{"footnotes":""},"categories":[1],"tags":[3847,3225,3859,3860],"class_list":["post-22713","post","type-post","status-publish","format-standard","has-post-thumbnail","hentry","category-noticias","tag-auxilio-emergencial-novo","tag-beneficiarios","tag-quem-tem-direito","tag-renda-mensal","thumb-below-title"],"yoast_head":"<!-- This site is optimized with the Yoast SEO plugin v27.4 - https:\/\/yoast.com\/product\/yoast-seo-wordpress\/ -->\n<title>Trabalhador saber\u00e1 amanh\u00e3 se tem direito a receber o Aux\u00edlio Emergencial | Marcelo Lopes<\/title>\n<meta name=\"robots\" content=\"index, follow, max-snippet:-1, max-image-preview:large, max-video-preview:-1\" \/>\n<link rel=\"canonical\" href=\"https:\/\/marcelolopes.jor.br\/site\/2021\/04\/01\/trabalhador-sabera-amanha-se-tem-direito-a-receber-o-auxilio-emergencial\/\" \/>\n<meta property=\"og:locale\" content=\"pt_BR\" \/>\n<meta property=\"og:type\" content=\"article\" \/>\n<meta property=\"og:title\" content=\"Trabalhador saber\u00e1 amanh\u00e3 se tem direito a receber o Aux\u00edlio Emergencial | Marcelo Lopes\" \/>\n<meta property=\"og:description\" content=\"Trabalhadores poder\u00e3o saber se foram inclu\u00eddos no aux\u00edlio emergencial 2021 a partir de amanh\u00e3, 02 de abril. Inicialmente prometida para hoje, a consulta teve de ser adiada &#8220;em fun\u00e7\u00e3o da necessidade de alinhamento dos canais de atendimento dos tr\u00eas \u00f3rg\u00e3osLeia mais Trabalhador saber\u00e1 amanh\u00e3 se tem direito a receber o Aux\u00edlio Emergencial\" \/>\n<meta property=\"og:url\" content=\"https:\/\/marcelolopes.jor.br\/site\/2021\/04\/01\/trabalhador-sabera-amanha-se-tem-direito-a-receber-o-auxilio-emergencial\/\" \/>\n<meta property=\"og:site_name\" content=\"Marcelo Lopes\" \/>\n<meta property=\"article:publisher\" content=\"https:\/\/www.facebook.com\/sitedomarcelolopes\" \/>\n<meta property=\"article:published_time\" content=\"2021-04-01T23:00:03+00:00\" \/>\n<meta property=\"og:image\" content=\"https:\/\/marcelolopes.jor.br\/site\/wp-content\/uploads\/2021\/04\/auxilio-emergencial-1.jpg\" \/>\n\t<meta property=\"og:image:width\" content=\"1920\" \/>\n\t<meta property=\"og:image:height\" content=\"1280\" \/>\n\t<meta property=\"og:image:type\" content=\"image\/jpeg\" \/>\n<meta name=\"author\" content=\"Marcelo Lopes\" \/>\n<meta name=\"twitter:card\" content=\"summary_large_image\" \/>\n<meta name=\"twitter:label1\" content=\"Escrito por\" \/>\n\t<meta name=\"twitter:data1\" content=\"Marcelo Lopes\" \/>\n\t<meta name=\"twitter:label2\" content=\"Est. tempo de leitura\" \/>\n\t<meta name=\"twitter:data2\" content=\"3 minutos\" \/>\n<script type=\"application\/ld+json\" class=\"yoast-schema-graph\">{\"@context\":\"https:\\\/\\\/schema.org\",\"@graph\":[{\"@type\":\"NewsArticle\",\"@id\":\"https:\\\/\\\/marcelolopes.jor.br\\\/site\\\/2021\\\/04\\\/01\\\/trabalhador-sabera-amanha-se-tem-direito-a-receber-o-auxilio-emergencial\\\/#article\",\"isPartOf\":{\"@id\":\"https:\\\/\\\/marcelolopes.jor.br\\\/site\\\/2021\\\/04\\\/01\\\/trabalhador-sabera-amanha-se-tem-direito-a-receber-o-auxilio-emergencial\\\/\"},\"author\":{\"name\":\"Marcelo Lopes\",\"@id\":\"https:\\\/\\\/marcelolopes.jor.br\\\/site\\\/#\\\/schema\\\/person\\\/3e7216a35c34d8fdf952b31da3d1f89f\"},\"headline\":\"Trabalhador saber\u00e1 amanh\u00e3 se tem direito a receber o Aux\u00edlio Emergencial\",\"datePublished\":\"2021-04-01T23:00:03+00:00\",\"mainEntityOfPage\":{\"@id\":\"https:\\\/\\\/marcelolopes.jor.br\\\/site\\\/2021\\\/04\\\/01\\\/trabalhador-sabera-amanha-se-tem-direito-a-receber-o-auxilio-emergencial\\\/\"},\"wordCount\":609,\"commentCount\":0,\"publisher\":{\"@id\":\"https:\\\/\\\/marcelolopes.jor.br\\\/site\\\/#organization\"},\"image\":{\"@id\":\"https:\\\/\\\/marcelolopes.jor.br\\\/site\\\/2021\\\/04\\\/01\\\/trabalhador-sabera-amanha-se-tem-direito-a-receber-o-auxilio-emergencial\\\/#primaryimage\"},\"thumbnailUrl\":\"https:\\\/\\\/marcelolopes.jor.br\\\/site\\\/wp-content\\\/uploads\\\/2021\\\/04\\\/auxilio-emergencial-1.jpg\",\"keywords\":[\"aux\u00edlio emergencial novo\",\"benefici\u00e1rios\",\"quem tem direito\",\"renda mensal\"],\"articleSection\":[\"Not\u00edcias\"],\"inLanguage\":\"pt-BR\",\"potentialAction\":[{\"@type\":\"CommentAction\",\"name\":\"Comment\",\"target\":[\"https:\\\/\\\/marcelolopes.jor.br\\\/site\\\/2021\\\/04\\\/01\\\/trabalhador-sabera-amanha-se-tem-direito-a-receber-o-auxilio-emergencial\\\/#respond\"]}]},{\"@type\":\"WebPage\",\"@id\":\"https:\\\/\\\/marcelolopes.jor.br\\\/site\\\/2021\\\/04\\\/01\\\/trabalhador-sabera-amanha-se-tem-direito-a-receber-o-auxilio-emergencial\\\/\",\"url\":\"https:\\\/\\\/marcelolopes.jor.br\\\/site\\\/2021\\\/04\\\/01\\\/trabalhador-sabera-amanha-se-tem-direito-a-receber-o-auxilio-emergencial\\\/\",\"name\":\"Trabalhador saber\u00e1 amanh\u00e3 se tem direito a receber o Aux\u00edlio Emergencial | Marcelo Lopes\",\"isPartOf\":{\"@id\":\"https:\\\/\\\/marcelolopes.jor.br\\\/site\\\/#website\"},\"primaryImageOfPage\":{\"@id\":\"https:\\\/\\\/marcelolopes.jor.br\\\/site\\\/2021\\\/04\\\/01\\\/trabalhador-sabera-amanha-se-tem-direito-a-receber-o-auxilio-emergencial\\\/#primaryimage\"},\"image\":{\"@id\":\"https:\\\/\\\/marcelolopes.jor.br\\\/site\\\/2021\\\/04\\\/01\\\/trabalhador-sabera-amanha-se-tem-direito-a-receber-o-auxilio-emergencial\\\/#primaryimage\"},\"thumbnailUrl\":\"https:\\\/\\\/marcelolopes.jor.br\\\/site\\\/wp-content\\\/uploads\\\/2021\\\/04\\\/auxilio-emergencial-1.jpg\",\"datePublished\":\"2021-04-01T23:00:03+00:00\",\"breadcrumb\":{\"@id\":\"https:\\\/\\\/marcelolopes.jor.br\\\/site\\\/2021\\\/04\\\/01\\\/trabalhador-sabera-amanha-se-tem-direito-a-receber-o-auxilio-emergencial\\\/#breadcrumb\"},\"inLanguage\":\"pt-BR\",\"potentialAction\":[{\"@type\":\"ReadAction\",\"target\":[\"https:\\\/\\\/marcelolopes.jor.br\\\/site\\\/2021\\\/04\\\/01\\\/trabalhador-sabera-amanha-se-tem-direito-a-receber-o-auxilio-emergencial\\\/\"]}]},{\"@type\":\"ImageObject\",\"inLanguage\":\"pt-BR\",\"@id\":\"https:\\\/\\\/marcelolopes.jor.br\\\/site\\\/2021\\\/04\\\/01\\\/trabalhador-sabera-amanha-se-tem-direito-a-receber-o-auxilio-emergencial\\\/#primaryimage\",\"url\":\"https:\\\/\\\/marcelolopes.jor.br\\\/site\\\/wp-content\\\/uploads\\\/2021\\\/04\\\/auxilio-emergencial-1.jpg\",\"contentUrl\":\"https:\\\/\\\/marcelolopes.jor.br\\\/site\\\/wp-content\\\/uploads\\\/2021\\\/04\\\/auxilio-emergencial-1.jpg\",\"width\":1920,\"height\":1280},{\"@type\":\"BreadcrumbList\",\"@id\":\"https:\\\/\\\/marcelolopes.jor.br\\\/site\\\/2021\\\/04\\\/01\\\/trabalhador-sabera-amanha-se-tem-direito-a-receber-o-auxilio-emergencial\\\/#breadcrumb\",\"itemListElement\":[{\"@type\":\"ListItem\",\"position\":1,\"name\":\"Home\",\"item\":\"https:\\\/\\\/marcelolopes.jor.br\\\/site\\\/\"},{\"@type\":\"ListItem\",\"position\":2,\"name\":\"Trabalhador saber\u00e1 amanh\u00e3 se tem direito a receber o Aux\u00edlio Emergencial\"}]},{\"@type\":\"WebSite\",\"@id\":\"https:\\\/\\\/marcelolopes.jor.br\\\/site\\\/#website\",\"url\":\"https:\\\/\\\/marcelolopes.jor.br\\\/site\\\/\",\"name\":\"Marcelo Lopes\",\"description\":\"Not\u00edcias de Cataguases e Regi\u00e3o\",\"publisher\":{\"@id\":\"https:\\\/\\\/marcelolopes.jor.br\\\/site\\\/#organization\"},\"potentialAction\":[{\"@type\":\"SearchAction\",\"target\":{\"@type\":\"EntryPoint\",\"urlTemplate\":\"https:\\\/\\\/marcelolopes.jor.br\\\/site\\\/?s={search_term_string}\"},\"query-input\":{\"@type\":\"PropertyValueSpecification\",\"valueRequired\":true,\"valueName\":\"search_term_string\"}}],\"inLanguage\":\"pt-BR\"},{\"@type\":\"Organization\",\"@id\":\"https:\\\/\\\/marcelolopes.jor.br\\\/site\\\/#organization\",\"name\":\"Site do Marcelo Lopes\",\"url\":\"https:\\\/\\\/marcelolopes.jor.br\\\/site\\\/\",\"logo\":{\"@type\":\"ImageObject\",\"inLanguage\":\"pt-BR\",\"@id\":\"https:\\\/\\\/marcelolopes.jor.br\\\/site\\\/#\\\/schema\\\/logo\\\/image\\\/\",\"url\":\"https:\\\/\\\/marcelolopes.jor.br\\\/site\\\/wp-content\\\/uploads\\\/2024\\\/11\\\/logo-1.png\",\"contentUrl\":\"https:\\\/\\\/marcelolopes.jor.br\\\/site\\\/wp-content\\\/uploads\\\/2024\\\/11\\\/logo-1.png\",\"width\":475,\"height\":80,\"caption\":\"Site do Marcelo Lopes\"},\"image\":{\"@id\":\"https:\\\/\\\/marcelolopes.jor.br\\\/site\\\/#\\\/schema\\\/logo\\\/image\\\/\"},\"sameAs\":[\"https:\\\/\\\/www.facebook.com\\\/sitedomarcelolopes\",\"https:\\\/\\\/www.instagram.com\\\/sitedomarcelolopes\\\/\",\"https:\\\/\\\/www.linkedin.com\\\/company\\\/site-do-marcelo-lopes\\\/\",\"https:\\\/\\\/www.youtube.com\\\/user\\\/marcelolopes957\"]},{\"@type\":\"Person\",\"@id\":\"https:\\\/\\\/marcelolopes.jor.br\\\/site\\\/#\\\/schema\\\/person\\\/3e7216a35c34d8fdf952b31da3d1f89f\",\"name\":\"Marcelo Lopes\",\"sameAs\":[\"http:\\\/\\\/www.marcelolopes.jor.br\"],\"url\":\"https:\\\/\\\/marcelolopes.jor.br\\\/site\\\/author\\\/marcelo\\\/\"}]}<\/script>\n<!-- \/ Yoast SEO plugin. -->","yoast_head_json":{"title":"Trabalhador saber\u00e1 amanh\u00e3 se tem direito a receber o Aux\u00edlio Emergencial | Marcelo Lopes","robots":{"index":"index","follow":"follow","max-snippet":"max-snippet:-1","max-image-preview":"max-image-preview:large","max-video-preview":"max-video-preview:-1"},"canonical":"https:\/\/marcelolopes.jor.br\/site\/2021\/04\/01\/trabalhador-sabera-amanha-se-tem-direito-a-receber-o-auxilio-emergencial\/","og_locale":"pt_BR","og_type":"article","og_title":"Trabalhador saber\u00e1 amanh\u00e3 se tem direito a receber o Aux\u00edlio Emergencial | Marcelo Lopes","og_description":"Trabalhadores poder\u00e3o saber se foram inclu\u00eddos no aux\u00edlio emergencial 2021 a partir de amanh\u00e3, 02 de abril. Inicialmente prometida para hoje, a consulta teve de ser adiada &#8220;em fun\u00e7\u00e3o da necessidade de alinhamento dos canais de atendimento dos tr\u00eas \u00f3rg\u00e3osLeia mais Trabalhador saber\u00e1 amanh\u00e3 se tem direito a receber o Aux\u00edlio Emergencial","og_url":"https:\/\/marcelolopes.jor.br\/site\/2021\/04\/01\/trabalhador-sabera-amanha-se-tem-direito-a-receber-o-auxilio-emergencial\/","og_site_name":"Marcelo Lopes","article_publisher":"https:\/\/www.facebook.com\/sitedomarcelolopes","article_published_time":"2021-04-01T23:00:03+00:00","og_image":[{"width":1920,"height":1280,"url":"https:\/\/marcelolopes.jor.br\/site\/wp-content\/uploads\/2021\/04\/auxilio-emergencial-1.jpg","type":"image\/jpeg"}],"author":"Marcelo Lopes","twitter_card":"summary_large_image","twitter_misc":{"Escrito por":"Marcelo Lopes","Est. tempo de leitura":"3 minutos"},"schema":{"@context":"https:\/\/schema.org","@graph":[{"@type":"NewsArticle","@id":"https:\/\/marcelolopes.jor.br\/site\/2021\/04\/01\/trabalhador-sabera-amanha-se-tem-direito-a-receber-o-auxilio-emergencial\/#article","isPartOf":{"@id":"https:\/\/marcelolopes.jor.br\/site\/2021\/04\/01\/trabalhador-sabera-amanha-se-tem-direito-a-receber-o-auxilio-emergencial\/"},"author":{"name":"Marcelo Lopes","@id":"https:\/\/marcelolopes.jor.br\/site\/#\/schema\/person\/3e7216a35c34d8fdf952b31da3d1f89f"},"headline":"Trabalhador saber\u00e1 amanh\u00e3 se tem direito a receber o Aux\u00edlio Emergencial","datePublished":"2021-04-01T23:00:03+00:00","mainEntityOfPage":{"@id":"https:\/\/marcelolopes.jor.br\/site\/2021\/04\/01\/trabalhador-sabera-amanha-se-tem-direito-a-receber-o-auxilio-emergencial\/"},"wordCount":609,"commentCount":0,"publisher":{"@id":"https:\/\/marcelolopes.jor.br\/site\/#organization"},"image":{"@id":"https:\/\/marcelolopes.jor.br\/site\/2021\/04\/01\/trabalhador-sabera-amanha-se-tem-direito-a-receber-o-auxilio-emergencial\/#primaryimage"},"thumbnailUrl":"https:\/\/marcelolopes.jor.br\/site\/wp-content\/uploads\/2021\/04\/auxilio-emergencial-1.jpg","keywords":["aux\u00edlio emergencial novo","benefici\u00e1rios","quem tem direito","renda mensal"],"articleSection":["Not\u00edcias"],"inLanguage":"pt-BR","potentialAction":[{"@type":"CommentAction","name":"Comment","target":["https:\/\/marcelolopes.jor.br\/site\/2021\/04\/01\/trabalhador-sabera-amanha-se-tem-direito-a-receber-o-auxilio-emergencial\/#respond"]}]},{"@type":"WebPage","@id":"https:\/\/marcelolopes.jor.br\/site\/2021\/04\/01\/trabalhador-sabera-amanha-se-tem-direito-a-receber-o-auxilio-emergencial\/","url":"https:\/\/marcelolopes.jor.br\/site\/2021\/04\/01\/trabalhador-sabera-amanha-se-tem-direito-a-receber-o-auxilio-emergencial\/","name":"Trabalhador saber\u00e1 amanh\u00e3 se tem direito a receber o Aux\u00edlio Emergencial | Marcelo Lopes","isPartOf":{"@id":"https:\/\/marcelolopes.jor.br\/site\/#website"},"primaryImageOfPage":{"@id":"https:\/\/marcelolopes.jor.br\/site\/2021\/04\/01\/trabalhador-sabera-amanha-se-tem-direito-a-receber-o-auxilio-emergencial\/#primaryimage"},"image":{"@id":"https:\/\/marcelolopes.jor.br\/site\/2021\/04\/01\/trabalhador-sabera-amanha-se-tem-direito-a-receber-o-auxilio-emergencial\/#primaryimage"},"thumbnailUrl":"https:\/\/marcelolopes.jor.br\/site\/wp-content\/uploads\/2021\/04\/auxilio-emergencial-1.jpg","datePublished":"2021-04-01T23:00:03+00:00","breadcrumb":{"@id":"https:\/\/marcelolopes.jor.br\/site\/2021\/04\/01\/trabalhador-sabera-amanha-se-tem-direito-a-receber-o-auxilio-emergencial\/#breadcrumb"},"inLanguage":"pt-BR","potentialAction":[{"@type":"ReadAction","target":["https:\/\/marcelolopes.jor.br\/site\/2021\/04\/01\/trabalhador-sabera-amanha-se-tem-direito-a-receber-o-auxilio-emergencial\/"]}]},{"@type":"ImageObject","inLanguage":"pt-BR","@id":"https:\/\/marcelolopes.jor.br\/site\/2021\/04\/01\/trabalhador-sabera-amanha-se-tem-direito-a-receber-o-auxilio-emergencial\/#primaryimage","url":"https:\/\/marcelolopes.jor.br\/site\/wp-content\/uploads\/2021\/04\/auxilio-emergencial-1.jpg","contentUrl":"https:\/\/marcelolopes.jor.br\/site\/wp-content\/uploads\/2021\/04\/auxilio-emergencial-1.jpg","width":1920,"height":1280},{"@type":"BreadcrumbList","@id":"https:\/\/marcelolopes.jor.br\/site\/2021\/04\/01\/trabalhador-sabera-amanha-se-tem-direito-a-receber-o-auxilio-emergencial\/#breadcrumb","itemListElement":[{"@type":"ListItem","position":1,"name":"Home","item":"https:\/\/marcelolopes.jor.br\/site\/"},{"@type":"ListItem","position":2,"name":"Trabalhador saber\u00e1 amanh\u00e3 se tem direito a receber o Aux\u00edlio Emergencial"}]},{"@type":"WebSite","@id":"https:\/\/marcelolopes.jor.br\/site\/#website","url":"https:\/\/marcelolopes.jor.br\/site\/","name":"Marcelo Lopes","description":"Not\u00edcias de Cataguases e Regi\u00e3o","publisher":{"@id":"https:\/\/marcelolopes.jor.br\/site\/#organization"},"potentialAction":[{"@type":"SearchAction","target":{"@type":"EntryPoint","urlTemplate":"https:\/\/marcelolopes.jor.br\/site\/?s={search_term_string}"},"query-input":{"@type":"PropertyValueSpecification","valueRequired":true,"valueName":"search_term_string"}}],"inLanguage":"pt-BR"},{"@type":"Organization","@id":"https:\/\/marcelolopes.jor.br\/site\/#organization","name":"Site do Marcelo Lopes","url":"https:\/\/marcelolopes.jor.br\/site\/","logo":{"@type":"ImageObject","inLanguage":"pt-BR","@id":"https:\/\/marcelolopes.jor.br\/site\/#\/schema\/logo\/image\/","url":"https:\/\/marcelolopes.jor.br\/site\/wp-content\/uploads\/2024\/11\/logo-1.png","contentUrl":"https:\/\/marcelolopes.jor.br\/site\/wp-content\/uploads\/2024\/11\/logo-1.png","width":475,"height":80,"caption":"Site do Marcelo Lopes"},"image":{"@id":"https:\/\/marcelolopes.jor.br\/site\/#\/schema\/logo\/image\/"},"sameAs":["https:\/\/www.facebook.com\/sitedomarcelolopes","https:\/\/www.instagram.com\/sitedomarcelolopes\/","https:\/\/www.linkedin.com\/company\/site-do-marcelo-lopes\/","https:\/\/www.youtube.com\/user\/marcelolopes957"]},{"@type":"Person","@id":"https:\/\/marcelolopes.jor.br\/site\/#\/schema\/person\/3e7216a35c34d8fdf952b31da3d1f89f","name":"Marcelo Lopes","sameAs":["http:\/\/www.marcelolopes.jor.br"],"url":"https:\/\/marcelolopes.jor.br\/site\/author\/marcelo\/"}]}},"wps_subtitle":"Quem j\u00e1 recebe o Bolsa Fam\u00edlia e inscritos no Cad\u00danico n\u00e3o estar\u00e3o na lista.","_links":{"self":[{"href":"https:\/\/marcelolopes.jor.br\/site\/wp-json\/wp\/v2\/posts\/22713","targetHints":{"allow":["GET"]}}],"collection":[{"href":"https:\/\/marcelolopes.jor.br\/site\/wp-json\/wp\/v2\/posts"}],"about":[{"href":"https:\/\/marcelolopes.jor.br\/site\/wp-json\/wp\/v2\/types\/post"}],"author":[{"embeddable":true,"href":"https:\/\/marcelolopes.jor.br\/site\/wp-json\/wp\/v2\/users\/2"}],"replies":[{"embeddable":true,"href":"https:\/\/marcelolopes.jor.br\/site\/wp-json\/wp\/v2\/comments?post=22713"}],"version-history":[{"count":0,"href":"https:\/\/marcelolopes.jor.br\/site\/wp-json\/wp\/v2\/posts\/22713\/revisions"}],"wp:featuredmedia":[{"embeddable":true,"href":"https:\/\/marcelolopes.jor.br\/site\/wp-json\/wp\/v2\/media\/22715"}],"wp:attachment":[{"href":"https:\/\/marcelolopes.jor.br\/site\/wp-json\/wp\/v2\/media?parent=22713"}],"wp:term":[{"taxonomy":"category","embeddable":true,"href":"https:\/\/marcelolopes.jor.br\/site\/wp-json\/wp\/v2\/categories?post=22713"},{"taxonomy":"post_tag","embeddable":true,"href":"https:\/\/marcelolopes.jor.br\/site\/wp-json\/wp\/v2\/tags?post=22713"}],"curies":[{"name":"wp","href":"https:\/\/api.w.org\/{rel}","templated":true}]}}