{"id":2255,"date":"2019-06-13T16:00:03","date_gmt":"2019-06-13T19:00:03","guid":{"rendered":"https:\/\/marcelolopes.jor.br\/?p=2255"},"modified":"2019-06-13T09:22:31","modified_gmt":"2019-06-13T12:22:31","slug":"comunidade-da-ponte-alta-realiza-a-festa-de-sao-joao-batista","status":"publish","type":"post","link":"https:\/\/marcelolopes.jor.br\/site\/2019\/06\/13\/comunidade-da-ponte-alta-realiza-a-festa-de-sao-joao-batista\/","title":{"rendered":"Comunidade da Ponte Alta realiza a Festa de S\u00e3o Jo\u00e3o Batista"},"content":{"rendered":"<p style=\"text-align: justify;\">A comunidade da Ponte Alta, que fica ali no Bairro S\u00e3o Diniz, ao lado da entrada para a casa de festas Manto Verde realiza, a partir deste domingo, 16 de junho, estendendo-se at\u00e9 o dia 24, a Festa de S\u00e3o Jo\u00e3o Batista. A iniciativa \u00e9 da Par\u00f3quia Nossa Senhora do Ros\u00e1rio e os recursos obtidos ser\u00e3o revertidos integralmente para a reforma do piso daquela matriz que fica na Vila Domingos Lopes, conforme informou Ana Maria Guimar\u00e3es Martins, que integra a comiss\u00e3o organizadora.<!--more--><\/p>\n<p style=\"text-align: justify;\">De acordo com a programa\u00e7\u00e3o a abertura da festa ser\u00e1 \u00e0s 14 horas com a celebra\u00e7\u00e3o da Santa Missa e em seguida vai acontecer um leil\u00e3o de prendas com bezerros e outros animais, &#8220;que promete ser um dos maiores j\u00e1 realizados em nossa cidade&#8221;, aposta Ana Maria. No evento os participantes v\u00e3o poder saborear os deliciosos salgados t\u00edpicos de eventos como este al\u00e9m de pratos especiais como macarr\u00e3o na chapa e caldos. Para beber, completa, cerveja gelada e refrigerante.<\/p>\n<p style=\"text-align: justify;\"><img loading=\"lazy\" decoding=\"async\" class=\"alignnone wp-image-2258\" src=\"https:\/\/marcelolopes.jor.br\/site\/wp-content\/uploads\/2019\/06\/WhatsApp-Image-2019-06-12-at-08.46.21-225x300.jpeg\" alt=\"\" width=\"300\" height=\"400\" srcset=\"https:\/\/marcelolopes.jor.br\/site\/wp-content\/uploads\/2019\/06\/WhatsApp-Image-2019-06-12-at-08.46.21-225x300.jpeg 225w, https:\/\/marcelolopes.jor.br\/site\/wp-content\/uploads\/2019\/06\/WhatsApp-Image-2019-06-12-at-08.46.21-768x1024.jpeg 768w, https:\/\/marcelolopes.jor.br\/site\/wp-content\/uploads\/2019\/06\/WhatsApp-Image-2019-06-12-at-08.46.21.jpeg 780w\" sizes=\"auto, (max-width: 300px) 100vw, 300px\" \/>A Festa da Ponte Alta, como ficou conhecida ao longo dos anos, chegou a ser uma das mais concorridas no munic\u00edpio, at\u00e9 que, por diversos motivos, deixou de acontecer nos \u00faltimos anos. Vinculada \u00e0 par\u00f3quia Nossa Senhora do Ros\u00e1rio, seus idealizadores retomam o evento que acontece ao longo de toda a semana, inclusive abrangendo o feriado de Corpus Christi no pr\u00f3ximo dia 20, quando ser\u00e1 celebrada Eucaristia na matriz do Ros\u00e1rio.<\/p>\n<p style=\"text-align: justify;\">No dia seguinte a programa\u00e7\u00e3o retorna para a Ponte Alta e no dia 22, a cantora Claudia Liz vai se apresentar para o p\u00fablico com um show de m\u00fasicas Pop e MPB. No dia seguinte, 23, \u00e9 a vez do cantor Jones Lobo se apresentar ao p\u00fablico. Dia 24 a festa termina ap\u00f3s a celebra\u00e7\u00e3o da Eucaristia, revela Ana Maria. Toda a comunidade local est\u00e1 envolvida na organiza\u00e7\u00e3o do evento que conta com a coordena\u00e7\u00e3o geral de Ant\u00f4nio Carlos de Souza Lima, o popular &#8220;Japon\u00eas&#8221;.<\/p>\n<div class=\"tmeod69f715a0ba03c\" ><br><\/div><style type=\"text\/css\">\r\n@media screen and (min-width: 1201px) {\r\n.tmeod69f715a0ba03c {\r\ndisplay: block;\r\n}\r\n}\r\n@media screen and (min-width: 993px) and (max-width: 1200px) {\r\n.tmeod69f715a0ba03c {\r\ndisplay: block;\r\n}\r\n}\r\n@media screen and (min-width: 769px) and (max-width: 992px) {\r\n.tmeod69f715a0ba03c {\r\ndisplay: block;\r\n}\r\n}\r\n@media screen and (min-width: 768px) and (max-width: 768px) {\r\n.tmeod69f715a0ba03c {\r\ndisplay: block;\r\n}\r\n}\r\n@media screen and (max-width: 767px) {\r\n.tmeod69f715a0ba03c {\r\ndisplay: block;\r\n}\r\n}\r\n<\/style>\r\n<div class=\"sbhtc69f715a0c080a\" ><div id=\"div_destino\"><\/div>\r\n<script src=\"https:\/\/cdn.snsrsv.com\/sdk.js\"><\/script>\r\n<script >\r\n      new sdk(\"464030C30061EA8BE065000000000001\") \r\n          .appendTo(\"div_destino\")\r\n          .disableStyle(true) \r\n          .setCacheBusterMacro(\"%%CACHEBUSTER%%\")\r\n          .setSize(\"800\",\"214\")\r\n          .setClickMacro(\"%%CLICK_URL_ESC%%\") \r\n          .setReferrerUrlMacro(\"%%REFERRER_URL_ESC%%\") \r\n          .start(); \r\n<\/script><\/div><style type=\"text\/css\">\r\n@media screen and (min-width: 1201px) {\r\n.sbhtc69f715a0c080a {\r\ndisplay: block;\r\n}\r\n}\r\n@media screen and (min-width: 993px) and (max-width: 1200px) {\r\n.sbhtc69f715a0c080a {\r\ndisplay: block;\r\n}\r\n}\r\n@media screen and (min-width: 769px) and (max-width: 992px) {\r\n.sbhtc69f715a0c080a {\r\ndisplay: block;\r\n}\r\n}\r\n@media screen and (min-width: 768px) and (max-width: 768px) {\r\n.sbhtc69f715a0c080a {\r\ndisplay: block;\r\n}\r\n}\r\n@media screen and (max-width: 767px) {\r\n.sbhtc69f715a0c080a {\r\ndisplay: block;\r\n}\r\n}\r\n<\/style>\r\n","protected":false},"excerpt":{"rendered":"<p>A comunidade da Ponte Alta, que fica ali no Bairro S\u00e3o Diniz, ao lado da entrada para a casa de festas Manto Verde realiza, a partir deste domingo, 16 de junho, estendendo-se at\u00e9 o dia 24, a Festa de S\u00e3o<\/p>\n<p class=\"link-more\"><a class=\"more-link\" href=\"https:\/\/marcelolopes.jor.br\/site\/2019\/06\/13\/comunidade-da-ponte-alta-realiza-a-festa-de-sao-joao-batista\/\">Leia mais <span class=\"screen-reader-text\">Comunidade da Ponte Alta realiza a Festa de S\u00e3o Jo\u00e3o Batista<\/span><\/a><\/p>\n","protected":false},"author":2,"featured_media":2257,"comment_status":"open","ping_status":"open","sticky":false,"template":"","format":"standard","meta":{"footnotes":""},"categories":[1],"tags":[511,197,513,512],"class_list":["post-2255","post","type-post","status-publish","format-standard","has-post-thumbnail","hentry","category-noticias","tag-festa-religiosa","tag-leilao","tag-matriz-do-rosario","tag-ponte-alta","thumb-below-title"],"yoast_head":"<!-- This site is optimized with the Yoast SEO plugin v27.4 - https:\/\/yoast.com\/product\/yoast-seo-wordpress\/ -->\n<title>Comunidade da Ponte Alta realiza a Festa de S\u00e3o Jo\u00e3o Batista | Marcelo Lopes<\/title>\n<meta name=\"robots\" content=\"index, follow, max-snippet:-1, max-image-preview:large, max-video-preview:-1\" \/>\n<link rel=\"canonical\" href=\"https:\/\/marcelolopes.jor.br\/site\/2019\/06\/13\/comunidade-da-ponte-alta-realiza-a-festa-de-sao-joao-batista\/\" \/>\n<meta property=\"og:locale\" content=\"pt_BR\" \/>\n<meta property=\"og:type\" content=\"article\" \/>\n<meta property=\"og:title\" content=\"Comunidade da Ponte Alta realiza a Festa de S\u00e3o Jo\u00e3o Batista | Marcelo Lopes\" \/>\n<meta property=\"og:description\" content=\"A comunidade da Ponte Alta, que fica ali no Bairro S\u00e3o Diniz, ao lado da entrada para a casa de festas Manto Verde realiza, a partir deste domingo, 16 de junho, estendendo-se at\u00e9 o dia 24, a Festa de S\u00e3oLeia mais Comunidade da Ponte Alta realiza a Festa de S\u00e3o Jo\u00e3o Batista\" \/>\n<meta property=\"og:url\" content=\"https:\/\/marcelolopes.jor.br\/site\/2019\/06\/13\/comunidade-da-ponte-alta-realiza-a-festa-de-sao-joao-batista\/\" \/>\n<meta property=\"og:site_name\" content=\"Marcelo Lopes\" \/>\n<meta property=\"article:publisher\" content=\"https:\/\/www.facebook.com\/sitedomarcelolopes\" \/>\n<meta property=\"article:published_time\" content=\"2019-06-13T19:00:03+00:00\" \/>\n<meta property=\"og:image\" content=\"https:\/\/marcelolopes.jor.br\/site\/wp-content\/uploads\/2019\/06\/IMG_4185.jpg\" \/>\n\t<meta property=\"og:image:width\" content=\"640\" \/>\n\t<meta property=\"og:image:height\" content=\"480\" \/>\n\t<meta property=\"og:image:type\" content=\"image\/jpeg\" \/>\n<meta name=\"author\" content=\"Marcelo Lopes\" \/>\n<meta name=\"twitter:card\" content=\"summary_large_image\" \/>\n<meta name=\"twitter:label1\" content=\"Escrito por\" \/>\n\t<meta name=\"twitter:data1\" content=\"Marcelo Lopes\" \/>\n\t<meta name=\"twitter:label2\" content=\"Est. tempo de leitura\" \/>\n\t<meta name=\"twitter:data2\" content=\"2 minutos\" \/>\n<script type=\"application\/ld+json\" class=\"yoast-schema-graph\">{\"@context\":\"https:\\\/\\\/schema.org\",\"@graph\":[{\"@type\":\"NewsArticle\",\"@id\":\"https:\\\/\\\/marcelolopes.jor.br\\\/site\\\/2019\\\/06\\\/13\\\/comunidade-da-ponte-alta-realiza-a-festa-de-sao-joao-batista\\\/#article\",\"isPartOf\":{\"@id\":\"https:\\\/\\\/marcelolopes.jor.br\\\/site\\\/2019\\\/06\\\/13\\\/comunidade-da-ponte-alta-realiza-a-festa-de-sao-joao-batista\\\/\"},\"author\":{\"name\":\"Marcelo Lopes\",\"@id\":\"https:\\\/\\\/marcelolopes.jor.br\\\/site\\\/#\\\/schema\\\/person\\\/3e7216a35c34d8fdf952b31da3d1f89f\"},\"headline\":\"Comunidade da Ponte Alta realiza a Festa de S\u00e3o Jo\u00e3o Batista\",\"datePublished\":\"2019-06-13T19:00:03+00:00\",\"mainEntityOfPage\":{\"@id\":\"https:\\\/\\\/marcelolopes.jor.br\\\/site\\\/2019\\\/06\\\/13\\\/comunidade-da-ponte-alta-realiza-a-festa-de-sao-joao-batista\\\/\"},\"wordCount\":350,\"commentCount\":0,\"publisher\":{\"@id\":\"https:\\\/\\\/marcelolopes.jor.br\\\/site\\\/#organization\"},\"image\":{\"@id\":\"https:\\\/\\\/marcelolopes.jor.br\\\/site\\\/2019\\\/06\\\/13\\\/comunidade-da-ponte-alta-realiza-a-festa-de-sao-joao-batista\\\/#primaryimage\"},\"thumbnailUrl\":\"https:\\\/\\\/marcelolopes.jor.br\\\/site\\\/wp-content\\\/uploads\\\/2019\\\/06\\\/IMG_4185.jpg\",\"keywords\":[\"festa religiosa\",\"leil\u00e3o\",\"Matriz do Ros\u00e1rio\",\"Ponte Alta\"],\"articleSection\":[\"Not\u00edcias\"],\"inLanguage\":\"pt-BR\",\"potentialAction\":[{\"@type\":\"CommentAction\",\"name\":\"Comment\",\"target\":[\"https:\\\/\\\/marcelolopes.jor.br\\\/site\\\/2019\\\/06\\\/13\\\/comunidade-da-ponte-alta-realiza-a-festa-de-sao-joao-batista\\\/#respond\"]}]},{\"@type\":\"WebPage\",\"@id\":\"https:\\\/\\\/marcelolopes.jor.br\\\/site\\\/2019\\\/06\\\/13\\\/comunidade-da-ponte-alta-realiza-a-festa-de-sao-joao-batista\\\/\",\"url\":\"https:\\\/\\\/marcelolopes.jor.br\\\/site\\\/2019\\\/06\\\/13\\\/comunidade-da-ponte-alta-realiza-a-festa-de-sao-joao-batista\\\/\",\"name\":\"Comunidade da Ponte Alta realiza a Festa de S\u00e3o Jo\u00e3o Batista | Marcelo Lopes\",\"isPartOf\":{\"@id\":\"https:\\\/\\\/marcelolopes.jor.br\\\/site\\\/#website\"},\"primaryImageOfPage\":{\"@id\":\"https:\\\/\\\/marcelolopes.jor.br\\\/site\\\/2019\\\/06\\\/13\\\/comunidade-da-ponte-alta-realiza-a-festa-de-sao-joao-batista\\\/#primaryimage\"},\"image\":{\"@id\":\"https:\\\/\\\/marcelolopes.jor.br\\\/site\\\/2019\\\/06\\\/13\\\/comunidade-da-ponte-alta-realiza-a-festa-de-sao-joao-batista\\\/#primaryimage\"},\"thumbnailUrl\":\"https:\\\/\\\/marcelolopes.jor.br\\\/site\\\/wp-content\\\/uploads\\\/2019\\\/06\\\/IMG_4185.jpg\",\"datePublished\":\"2019-06-13T19:00:03+00:00\",\"breadcrumb\":{\"@id\":\"https:\\\/\\\/marcelolopes.jor.br\\\/site\\\/2019\\\/06\\\/13\\\/comunidade-da-ponte-alta-realiza-a-festa-de-sao-joao-batista\\\/#breadcrumb\"},\"inLanguage\":\"pt-BR\",\"potentialAction\":[{\"@type\":\"ReadAction\",\"target\":[\"https:\\\/\\\/marcelolopes.jor.br\\\/site\\\/2019\\\/06\\\/13\\\/comunidade-da-ponte-alta-realiza-a-festa-de-sao-joao-batista\\\/\"]}]},{\"@type\":\"ImageObject\",\"inLanguage\":\"pt-BR\",\"@id\":\"https:\\\/\\\/marcelolopes.jor.br\\\/site\\\/2019\\\/06\\\/13\\\/comunidade-da-ponte-alta-realiza-a-festa-de-sao-joao-batista\\\/#primaryimage\",\"url\":\"https:\\\/\\\/marcelolopes.jor.br\\\/site\\\/wp-content\\\/uploads\\\/2019\\\/06\\\/IMG_4185.jpg\",\"contentUrl\":\"https:\\\/\\\/marcelolopes.jor.br\\\/site\\\/wp-content\\\/uploads\\\/2019\\\/06\\\/IMG_4185.jpg\",\"width\":640,\"height\":480,\"caption\":\"Igreja de S\u00e3o Jo\u00e3o Batista, na Ponte Alta vai estar em festa a partir deste domingo\"},{\"@type\":\"BreadcrumbList\",\"@id\":\"https:\\\/\\\/marcelolopes.jor.br\\\/site\\\/2019\\\/06\\\/13\\\/comunidade-da-ponte-alta-realiza-a-festa-de-sao-joao-batista\\\/#breadcrumb\",\"itemListElement\":[{\"@type\":\"ListItem\",\"position\":1,\"name\":\"Home\",\"item\":\"https:\\\/\\\/marcelolopes.jor.br\\\/site\\\/\"},{\"@type\":\"ListItem\",\"position\":2,\"name\":\"Comunidade da Ponte Alta realiza a Festa de S\u00e3o Jo\u00e3o Batista\"}]},{\"@type\":\"WebSite\",\"@id\":\"https:\\\/\\\/marcelolopes.jor.br\\\/site\\\/#website\",\"url\":\"https:\\\/\\\/marcelolopes.jor.br\\\/site\\\/\",\"name\":\"Marcelo Lopes\",\"description\":\"Not\u00edcias de Cataguases e Regi\u00e3o\",\"publisher\":{\"@id\":\"https:\\\/\\\/marcelolopes.jor.br\\\/site\\\/#organization\"},\"potentialAction\":[{\"@type\":\"SearchAction\",\"target\":{\"@type\":\"EntryPoint\",\"urlTemplate\":\"https:\\\/\\\/marcelolopes.jor.br\\\/site\\\/?s={search_term_string}\"},\"query-input\":{\"@type\":\"PropertyValueSpecification\",\"valueRequired\":true,\"valueName\":\"search_term_string\"}}],\"inLanguage\":\"pt-BR\"},{\"@type\":\"Organization\",\"@id\":\"https:\\\/\\\/marcelolopes.jor.br\\\/site\\\/#organization\",\"name\":\"Site do Marcelo Lopes\",\"url\":\"https:\\\/\\\/marcelolopes.jor.br\\\/site\\\/\",\"logo\":{\"@type\":\"ImageObject\",\"inLanguage\":\"pt-BR\",\"@id\":\"https:\\\/\\\/marcelolopes.jor.br\\\/site\\\/#\\\/schema\\\/logo\\\/image\\\/\",\"url\":\"https:\\\/\\\/marcelolopes.jor.br\\\/site\\\/wp-content\\\/uploads\\\/2024\\\/11\\\/logo-1.png\",\"contentUrl\":\"https:\\\/\\\/marcelolopes.jor.br\\\/site\\\/wp-content\\\/uploads\\\/2024\\\/11\\\/logo-1.png\",\"width\":475,\"height\":80,\"caption\":\"Site do Marcelo Lopes\"},\"image\":{\"@id\":\"https:\\\/\\\/marcelolopes.jor.br\\\/site\\\/#\\\/schema\\\/logo\\\/image\\\/\"},\"sameAs\":[\"https:\\\/\\\/www.facebook.com\\\/sitedomarcelolopes\",\"https:\\\/\\\/www.instagram.com\\\/sitedomarcelolopes\\\/\",\"https:\\\/\\\/www.linkedin.com\\\/company\\\/site-do-marcelo-lopes\\\/\",\"https:\\\/\\\/www.youtube.com\\\/user\\\/marcelolopes957\"]},{\"@type\":\"Person\",\"@id\":\"https:\\\/\\\/marcelolopes.jor.br\\\/site\\\/#\\\/schema\\\/person\\\/3e7216a35c34d8fdf952b31da3d1f89f\",\"name\":\"Marcelo Lopes\",\"sameAs\":[\"http:\\\/\\\/www.marcelolopes.jor.br\"],\"url\":\"https:\\\/\\\/marcelolopes.jor.br\\\/site\\\/author\\\/marcelo\\\/\"}]}<\/script>\n<!-- \/ Yoast SEO plugin. -->","yoast_head_json":{"title":"Comunidade da Ponte Alta realiza a Festa de S\u00e3o Jo\u00e3o Batista | Marcelo Lopes","robots":{"index":"index","follow":"follow","max-snippet":"max-snippet:-1","max-image-preview":"max-image-preview:large","max-video-preview":"max-video-preview:-1"},"canonical":"https:\/\/marcelolopes.jor.br\/site\/2019\/06\/13\/comunidade-da-ponte-alta-realiza-a-festa-de-sao-joao-batista\/","og_locale":"pt_BR","og_type":"article","og_title":"Comunidade da Ponte Alta realiza a Festa de S\u00e3o Jo\u00e3o Batista | Marcelo Lopes","og_description":"A comunidade da Ponte Alta, que fica ali no Bairro S\u00e3o Diniz, ao lado da entrada para a casa de festas Manto Verde realiza, a partir deste domingo, 16 de junho, estendendo-se at\u00e9 o dia 24, a Festa de S\u00e3oLeia mais Comunidade da Ponte Alta realiza a Festa de S\u00e3o Jo\u00e3o Batista","og_url":"https:\/\/marcelolopes.jor.br\/site\/2019\/06\/13\/comunidade-da-ponte-alta-realiza-a-festa-de-sao-joao-batista\/","og_site_name":"Marcelo Lopes","article_publisher":"https:\/\/www.facebook.com\/sitedomarcelolopes","article_published_time":"2019-06-13T19:00:03+00:00","og_image":[{"width":640,"height":480,"url":"https:\/\/marcelolopes.jor.br\/site\/wp-content\/uploads\/2019\/06\/IMG_4185.jpg","type":"image\/jpeg"}],"author":"Marcelo Lopes","twitter_card":"summary_large_image","twitter_misc":{"Escrito por":"Marcelo Lopes","Est. tempo de leitura":"2 minutos"},"schema":{"@context":"https:\/\/schema.org","@graph":[{"@type":"NewsArticle","@id":"https:\/\/marcelolopes.jor.br\/site\/2019\/06\/13\/comunidade-da-ponte-alta-realiza-a-festa-de-sao-joao-batista\/#article","isPartOf":{"@id":"https:\/\/marcelolopes.jor.br\/site\/2019\/06\/13\/comunidade-da-ponte-alta-realiza-a-festa-de-sao-joao-batista\/"},"author":{"name":"Marcelo Lopes","@id":"https:\/\/marcelolopes.jor.br\/site\/#\/schema\/person\/3e7216a35c34d8fdf952b31da3d1f89f"},"headline":"Comunidade da Ponte Alta realiza a Festa de S\u00e3o Jo\u00e3o Batista","datePublished":"2019-06-13T19:00:03+00:00","mainEntityOfPage":{"@id":"https:\/\/marcelolopes.jor.br\/site\/2019\/06\/13\/comunidade-da-ponte-alta-realiza-a-festa-de-sao-joao-batista\/"},"wordCount":350,"commentCount":0,"publisher":{"@id":"https:\/\/marcelolopes.jor.br\/site\/#organization"},"image":{"@id":"https:\/\/marcelolopes.jor.br\/site\/2019\/06\/13\/comunidade-da-ponte-alta-realiza-a-festa-de-sao-joao-batista\/#primaryimage"},"thumbnailUrl":"https:\/\/marcelolopes.jor.br\/site\/wp-content\/uploads\/2019\/06\/IMG_4185.jpg","keywords":["festa religiosa","leil\u00e3o","Matriz do Ros\u00e1rio","Ponte Alta"],"articleSection":["Not\u00edcias"],"inLanguage":"pt-BR","potentialAction":[{"@type":"CommentAction","name":"Comment","target":["https:\/\/marcelolopes.jor.br\/site\/2019\/06\/13\/comunidade-da-ponte-alta-realiza-a-festa-de-sao-joao-batista\/#respond"]}]},{"@type":"WebPage","@id":"https:\/\/marcelolopes.jor.br\/site\/2019\/06\/13\/comunidade-da-ponte-alta-realiza-a-festa-de-sao-joao-batista\/","url":"https:\/\/marcelolopes.jor.br\/site\/2019\/06\/13\/comunidade-da-ponte-alta-realiza-a-festa-de-sao-joao-batista\/","name":"Comunidade da Ponte Alta realiza a Festa de S\u00e3o Jo\u00e3o Batista | Marcelo Lopes","isPartOf":{"@id":"https:\/\/marcelolopes.jor.br\/site\/#website"},"primaryImageOfPage":{"@id":"https:\/\/marcelolopes.jor.br\/site\/2019\/06\/13\/comunidade-da-ponte-alta-realiza-a-festa-de-sao-joao-batista\/#primaryimage"},"image":{"@id":"https:\/\/marcelolopes.jor.br\/site\/2019\/06\/13\/comunidade-da-ponte-alta-realiza-a-festa-de-sao-joao-batista\/#primaryimage"},"thumbnailUrl":"https:\/\/marcelolopes.jor.br\/site\/wp-content\/uploads\/2019\/06\/IMG_4185.jpg","datePublished":"2019-06-13T19:00:03+00:00","breadcrumb":{"@id":"https:\/\/marcelolopes.jor.br\/site\/2019\/06\/13\/comunidade-da-ponte-alta-realiza-a-festa-de-sao-joao-batista\/#breadcrumb"},"inLanguage":"pt-BR","potentialAction":[{"@type":"ReadAction","target":["https:\/\/marcelolopes.jor.br\/site\/2019\/06\/13\/comunidade-da-ponte-alta-realiza-a-festa-de-sao-joao-batista\/"]}]},{"@type":"ImageObject","inLanguage":"pt-BR","@id":"https:\/\/marcelolopes.jor.br\/site\/2019\/06\/13\/comunidade-da-ponte-alta-realiza-a-festa-de-sao-joao-batista\/#primaryimage","url":"https:\/\/marcelolopes.jor.br\/site\/wp-content\/uploads\/2019\/06\/IMG_4185.jpg","contentUrl":"https:\/\/marcelolopes.jor.br\/site\/wp-content\/uploads\/2019\/06\/IMG_4185.jpg","width":640,"height":480,"caption":"Igreja de S\u00e3o Jo\u00e3o Batista, na Ponte Alta vai estar em festa a partir deste domingo"},{"@type":"BreadcrumbList","@id":"https:\/\/marcelolopes.jor.br\/site\/2019\/06\/13\/comunidade-da-ponte-alta-realiza-a-festa-de-sao-joao-batista\/#breadcrumb","itemListElement":[{"@type":"ListItem","position":1,"name":"Home","item":"https:\/\/marcelolopes.jor.br\/site\/"},{"@type":"ListItem","position":2,"name":"Comunidade da Ponte Alta realiza a Festa de S\u00e3o Jo\u00e3o Batista"}]},{"@type":"WebSite","@id":"https:\/\/marcelolopes.jor.br\/site\/#website","url":"https:\/\/marcelolopes.jor.br\/site\/","name":"Marcelo Lopes","description":"Not\u00edcias de Cataguases e Regi\u00e3o","publisher":{"@id":"https:\/\/marcelolopes.jor.br\/site\/#organization"},"potentialAction":[{"@type":"SearchAction","target":{"@type":"EntryPoint","urlTemplate":"https:\/\/marcelolopes.jor.br\/site\/?s={search_term_string}"},"query-input":{"@type":"PropertyValueSpecification","valueRequired":true,"valueName":"search_term_string"}}],"inLanguage":"pt-BR"},{"@type":"Organization","@id":"https:\/\/marcelolopes.jor.br\/site\/#organization","name":"Site do Marcelo Lopes","url":"https:\/\/marcelolopes.jor.br\/site\/","logo":{"@type":"ImageObject","inLanguage":"pt-BR","@id":"https:\/\/marcelolopes.jor.br\/site\/#\/schema\/logo\/image\/","url":"https:\/\/marcelolopes.jor.br\/site\/wp-content\/uploads\/2024\/11\/logo-1.png","contentUrl":"https:\/\/marcelolopes.jor.br\/site\/wp-content\/uploads\/2024\/11\/logo-1.png","width":475,"height":80,"caption":"Site do Marcelo Lopes"},"image":{"@id":"https:\/\/marcelolopes.jor.br\/site\/#\/schema\/logo\/image\/"},"sameAs":["https:\/\/www.facebook.com\/sitedomarcelolopes","https:\/\/www.instagram.com\/sitedomarcelolopes\/","https:\/\/www.linkedin.com\/company\/site-do-marcelo-lopes\/","https:\/\/www.youtube.com\/user\/marcelolopes957"]},{"@type":"Person","@id":"https:\/\/marcelolopes.jor.br\/site\/#\/schema\/person\/3e7216a35c34d8fdf952b31da3d1f89f","name":"Marcelo Lopes","sameAs":["http:\/\/www.marcelolopes.jor.br"],"url":"https:\/\/marcelolopes.jor.br\/site\/author\/marcelo\/"}]}},"wps_subtitle":"Evento vai arrecadar recursos para reforma do piso da Matriz de Nossa Senhora do Ros\u00e1rio.","_links":{"self":[{"href":"https:\/\/marcelolopes.jor.br\/site\/wp-json\/wp\/v2\/posts\/2255","targetHints":{"allow":["GET"]}}],"collection":[{"href":"https:\/\/marcelolopes.jor.br\/site\/wp-json\/wp\/v2\/posts"}],"about":[{"href":"https:\/\/marcelolopes.jor.br\/site\/wp-json\/wp\/v2\/types\/post"}],"author":[{"embeddable":true,"href":"https:\/\/marcelolopes.jor.br\/site\/wp-json\/wp\/v2\/users\/2"}],"replies":[{"embeddable":true,"href":"https:\/\/marcelolopes.jor.br\/site\/wp-json\/wp\/v2\/comments?post=2255"}],"version-history":[{"count":0,"href":"https:\/\/marcelolopes.jor.br\/site\/wp-json\/wp\/v2\/posts\/2255\/revisions"}],"wp:featuredmedia":[{"embeddable":true,"href":"https:\/\/marcelolopes.jor.br\/site\/wp-json\/wp\/v2\/media\/2257"}],"wp:attachment":[{"href":"https:\/\/marcelolopes.jor.br\/site\/wp-json\/wp\/v2\/media?parent=2255"}],"wp:term":[{"taxonomy":"category","embeddable":true,"href":"https:\/\/marcelolopes.jor.br\/site\/wp-json\/wp\/v2\/categories?post=2255"},{"taxonomy":"post_tag","embeddable":true,"href":"https:\/\/marcelolopes.jor.br\/site\/wp-json\/wp\/v2\/tags?post=2255"}],"curies":[{"name":"wp","href":"https:\/\/api.w.org\/{rel}","templated":true}]}}