{"id":22271,"date":"2021-03-16T16:06:56","date_gmt":"2021-03-16T19:06:56","guid":{"rendered":"https:\/\/marcelolopes.jor.br\/?p=22271"},"modified":"2021-03-16T16:06:56","modified_gmt":"2021-03-16T19:06:56","slug":"cataguases-segue-determinacao-do-estado-e-entra-na-onda-roxa","status":"publish","type":"post","link":"https:\/\/marcelolopes.jor.br\/site\/2021\/03\/16\/cataguases-segue-determinacao-do-estado-e-entra-na-onda-roxa\/","title":{"rendered":"Cataguases segue determina\u00e7\u00e3o do Estado e entra na Onda Roxa"},"content":{"rendered":"<p style=\"text-align: justify;\">Por determina\u00e7\u00e3o do Governo do Estado de Minas Gerais, Cataguases adota a Onda Roxa do Programa Minas Consciente. Assim est\u00e3o suspensos todos os servi\u00e7os, com\u00e9rcios, atividades ou empreendimentos, p\u00fablicos ou privados, que n\u00e3o sejam essenciais elencados no decreto assinado pelo prefeito Jos\u00e9 Henriques. A nova regra come\u00e7a a vigorar imediatamente. A prefeitura est\u00e1 autorizada a criar leitos adicionais para atendimento Covid-19 e a utilizar profissionais da \u00e1rea de sa\u00fade para o funcionamento destes novos leitos criados. Tamb\u00e9m poder\u00e1 contratar servi\u00e7os de monitoramento a\u00e9reo e seguran\u00e7a para suporte da fiscaliza\u00e7\u00e3o municipal.<!--more--><\/p>\n<p style=\"text-align: justify;\">De acordo com o novo decreto podem funcionar as atividades de operacionaliza\u00e7\u00e3o interna dos estabelecimentos comerciais,\u00a0desde que respeitados os protocolos sanit\u00e1rios dispostos no Plano Minas Consciente; atividades comerciais realizadas por meio de aplicativos, internet, telefone ou outros instrumentos similares, e de entrega de mercadorias em domic\u00edlio ou de retirada em balc\u00e3o, e atividades internas necess\u00e1rias \u00e0 transmiss\u00e3o de quaisquer eventos sem p\u00fablico. O texto elenca as atividades que poder\u00e3o funcionar enquanto a Onda Roxa estiver em vigor. S\u00e3o elas:<\/p>\n<p style=\"text-align: justify;\">I &#8211; Setor de sa\u00fade, incluindo unidades hospitalares e de atendimento em consult\u00f3rios;<br \/>\nII &#8211; Ind\u00fastria, log\u00edstica de montagem e de distribui\u00e7\u00e3o, e com\u00e9rcio de f\u00e1rmacos, farm\u00e1cias, drogarias, \u00f3ticas, materiais cl\u00ednicos e hospitalares;<br \/>\nIII &#8211; Hipermercados, supermercados, mercados, a\u00e7ougues, peixarias, hortifrutigranjeiros, padarias, quitandas, centros de abastecimento de alimentos, lojas de conveni\u00eancia, lanchonetes, de \u00e1gua mineral e de alimentos para animais;<br \/>\nIV &#8211; Produ\u00e7\u00e3o, distribui\u00e7\u00e3o e comercializa\u00e7\u00e3o de combust\u00edveis e derivados;<br \/>\nV &#8211; Distribuidoras de g\u00e1s;<br \/>\nVI &#8211; Oficinas mec\u00e2nicas, borracharias, autope\u00e7as, concession\u00e1rias e revendedoras de ve\u00edculos automotores de qualquer natureza, inclusive as de m\u00e1quinas agr\u00edcolas e afins;<br \/>\nVII &#8211; Restaurantes em pontos ou postos de paradas nas rodovias; VIII &#8211; Ag\u00eancias banc\u00e1rias e similares;<br \/>\nIX &#8211; Cadeia industrial de alimentos;<br \/>\nX \u2013 Cadeias produtivas e agroindustriais;<br \/>\nXI &#8211; Telecomunica\u00e7\u00e3o, internet, imprensa, tecnologia da informa\u00e7\u00e3o e processamento de dados, tais como gest\u00e3o, desenvolvimento, suporte e manuten\u00e7\u00e3o de hardware, software, hospedagem e conectividade;<br \/>\nXII &#8211; Constru\u00e7\u00e3o civil;<br \/>\nXIII &#8211; Setores industriais, desde que relacionados \u00e0 cadeia produtiva de servi\u00e7os e produtos essenciais;<br \/>\nXIV &#8211; Lavanderias;<br \/>\nXV &#8211; Assist\u00eancia veterin\u00e1ria e pet shops;<br \/>\nXVI &#8211; Transporte e entrega de cargas em geral;<br \/>\nXVII &#8211; Call center;<br \/>\nXVIII &#8211; Loca\u00e7\u00e3o de ve\u00edculos de qualquer natureza, inclusive a de m\u00e1quinas agr\u00edcolas e afins;<br \/>\nXIX &#8211; Assist\u00eancia t\u00e9cnica em m\u00e1quinas, equipamentos, instala\u00e7\u00f5es, edifica\u00e7\u00f5es e atividades correlatas, tais como a de eletricista e bombeiro hidr\u00e1ulico;<br \/>\nXX &#8211; Controle de pragas e de desinfec\u00e7\u00e3o de ambientes;<br \/>\nXXI &#8211; Atendimento e atua\u00e7\u00e3o em emerg\u00eancias ambientais;<br \/>\nXXII &#8211; Com\u00e9rcio atacadista e varejista de insumos para confec\u00e7\u00e3o de equipamentos de prote\u00e7\u00e3o individual \u2013 EPI e cl\u00ednico-hospitalares, tais como tecidos, artefatos de tecidos e aviamento;<br \/>\nXXIII &#8211; De representa\u00e7\u00e3o judicial e extrajudicial, assessoria e consultoria jur\u00eddicas;<br \/>\nXXIV &#8211; Relacionados \u00e0 contabilidade;<br \/>\nXXV &#8211; Servi\u00e7os dom\u00e9sticos e de cuidadores e terapeutas;<br \/>\nXXVI &#8211; Hotelaria, hospedagem, pousadas, mot\u00e9is e cong\u00eaneres para uso de trabalhadores de servi\u00e7os essenciais, como resid\u00eancia ou local para isolamento em caso de suspeita ou confirma\u00e7\u00e3o de Covid-19;<br \/>\nXXVII &#8211; Atividades de ensino presencial referentes ao \u00faltimo per\u00edodo ou semestre dos cursos da \u00e1rea de sa\u00fade;<br \/>\nXXVIII &#8211; Transporte privado individual de passageiros, solicitado por aplicativos ou outras plataformas de comunica\u00e7\u00e3o em rede.<\/p>\n<p style=\"text-align: justify;\">Est\u00e1 proibido o funcionamento de atividades socioecon\u00f4micas entre 22h e 5h, bem como a circula\u00e7\u00e3o de pessoas, que tamb\u00e9m n\u00e3o poder\u00e3o circular caso n\u00e3o estejam usando m\u00e1scaras ou, ainda, estejam com sintomas gripais. O decreto pro\u00edbe visitas sociais, eventos, encontros e reuni\u00f5es e qualquer tipo de aglomera\u00e7\u00e3o, excurs\u00f5es, cursos presenciais e loca\u00e7\u00e3o ou empr\u00e9stimo de s\u00edtios, ch\u00e1caras e similares. J\u00e1 os servi\u00e7os de delivery poder\u00e3o funcionar at\u00e9 a meia noite. As cerim\u00f4nias religiosas s\u00f3 poder\u00e3o ocorrer em forma de &#8220;lives&#8221; ou v\u00eddeos com, no m\u00e1ximo cinco pessoas para operacionaliza\u00e7\u00e3o dos equipamentos de transmiss\u00e3o. As academias de gin\u00e1stica somente poder\u00e3o funcionar para atender pacientes em readapta\u00e7\u00e3o, reabilita\u00e7\u00e3o e tratamento de sa\u00fade, cuja indica\u00e7\u00e3o m\u00e9dica dever\u00e1 ser demonstrada atrav\u00e9s de laudo.<\/p>\n<p style=\"text-align: justify;\">Os hor\u00e1rios e itiner\u00e1rios dos \u00f4nibus urbanos continuam sem altera\u00e7\u00e3o, conforme determinado pelo Munic\u00edpio, atendendo a popula\u00e7\u00e3o nos dias de semana, fins de semana e feriados. Estes ve\u00edculos dever\u00e3o circular com 50% da capacidade. As empresas concession\u00e1rias devem manter a higiene dos ve\u00edculos conforme o protocolo sanit\u00e1rio de combate \u00e0 Covid-19. Os passageiros de \u00f4nibus provenientes de outros munic\u00edpios dever\u00e3o, obrigatoriamente, embarcar e desembarcar no Terminal Rodovi\u00e1rio, onde ser\u00e1 realizada avalia\u00e7\u00e3o atrav\u00e9s de aferi\u00e7\u00e3o de temperatura.<\/p>\n<p style=\"text-align: justify;\">O servi\u00e7o de vel\u00f3rio segue limitado \u00e0 dura\u00e7\u00e3o m\u00e1xima de duas horas e, com a presen\u00e7a m\u00e1xima de dez pessoas nas salas da capela mortu\u00e1ria e no ato do sepultamento. A fiscaliza\u00e7\u00e3o municipal, quanto ao cumprimento das medidas sanit\u00e1rias determinadas no Decreto, ser\u00e1 auxiliada pela Comiss\u00e3o de Apoio \u00e0 Fiscaliza\u00e7\u00e3o Municipal &#8211; CAFM, com a colabora\u00e7\u00e3o irrestrita dos \u00f3rg\u00e3os de seguran\u00e7a p\u00fablica local, especialmente da Pol\u00edcia Militar, Pol\u00edcia Civil do Estado de Minas Gerais, Corpo de Bombeiros Militar, Defesa Civil, CATRANS e Minist\u00e9rio P\u00fablico do Estado de Minas Gerais. A prefeitura disponibiliza ainda os seguintes canais para den\u00fancias de irregularidades: <strong>Whatsapp \u2013 (32) 99939-8776<\/strong> Internet \u2013 <a href=\"https:\/\/linktr.ee\/covidcataguases\"><strong><span style=\"color: #800080;\">https:\/\/linktr.ee\/covidcataguases<\/span><\/strong><\/a>.<\/p>\n<p>Clique abaixo para ler o decreto na \u00edntegra.<\/p>\n<p><a href=\"https:\/\/marcelolopes.jor.br\/site\/wp-content\/uploads\/2021\/03\/DECRETO-n.-5.348-G_2021.pdf\">DECRETO n. 5.348-G_2021<\/a><\/p>\n<div class=\"imxnw69f748056079d\" ><br><\/div><style type=\"text\/css\">\r\n@media screen and (min-width: 1201px) {\r\n.imxnw69f748056079d {\r\ndisplay: block;\r\n}\r\n}\r\n@media screen and (min-width: 993px) and (max-width: 1200px) {\r\n.imxnw69f748056079d {\r\ndisplay: block;\r\n}\r\n}\r\n@media screen and (min-width: 769px) and (max-width: 992px) {\r\n.imxnw69f748056079d {\r\ndisplay: block;\r\n}\r\n}\r\n@media screen and (min-width: 768px) and (max-width: 768px) {\r\n.imxnw69f748056079d {\r\ndisplay: block;\r\n}\r\n}\r\n@media screen and (max-width: 767px) {\r\n.imxnw69f748056079d {\r\ndisplay: block;\r\n}\r\n}\r\n<\/style>\r\n<div class=\"yvdbq69f7480566ebd\" ><div id=\"div_destino\"><\/div>\r\n<script src=\"https:\/\/cdn.snsrsv.com\/sdk.js\"><\/script>\r\n<script >\r\n      new sdk(\"464030C30061EA8BE065000000000001\") \r\n          .appendTo(\"div_destino\")\r\n          .disableStyle(true) \r\n          .setCacheBusterMacro(\"%%CACHEBUSTER%%\")\r\n          .setSize(\"800\",\"214\")\r\n          .setClickMacro(\"%%CLICK_URL_ESC%%\") \r\n          .setReferrerUrlMacro(\"%%REFERRER_URL_ESC%%\") \r\n          .start(); \r\n<\/script><\/div><style type=\"text\/css\">\r\n@media screen and (min-width: 1201px) {\r\n.yvdbq69f7480566ebd {\r\ndisplay: block;\r\n}\r\n}\r\n@media screen and (min-width: 993px) and (max-width: 1200px) {\r\n.yvdbq69f7480566ebd {\r\ndisplay: block;\r\n}\r\n}\r\n@media screen and (min-width: 769px) and (max-width: 992px) {\r\n.yvdbq69f7480566ebd {\r\ndisplay: block;\r\n}\r\n}\r\n@media screen and (min-width: 768px) and (max-width: 768px) {\r\n.yvdbq69f7480566ebd {\r\ndisplay: block;\r\n}\r\n}\r\n@media screen and (max-width: 767px) {\r\n.yvdbq69f7480566ebd {\r\ndisplay: block;\r\n}\r\n}\r\n<\/style>\r\n","protected":false},"excerpt":{"rendered":"<p>Por determina\u00e7\u00e3o do Governo do Estado de Minas Gerais, Cataguases adota a Onda Roxa do Programa Minas Consciente. Assim est\u00e3o suspensos todos os servi\u00e7os, com\u00e9rcios, atividades ou empreendimentos, p\u00fablicos ou privados, que n\u00e3o sejam essenciais elencados no decreto assinado pelo<\/p>\n<p class=\"link-more\"><a class=\"more-link\" href=\"https:\/\/marcelolopes.jor.br\/site\/2021\/03\/16\/cataguases-segue-determinacao-do-estado-e-entra-na-onda-roxa\/\">Leia mais <span class=\"screen-reader-text\">Cataguases segue determina\u00e7\u00e3o do Estado e entra na Onda Roxa<\/span><\/a><\/p>\n","protected":false},"author":2,"featured_media":9701,"comment_status":"open","ping_status":"open","sticky":false,"template":"","format":"standard","meta":{"footnotes":""},"categories":[1],"tags":[],"class_list":["post-22271","post","type-post","status-publish","format-standard","has-post-thumbnail","hentry","category-noticias","thumb-below-title"],"yoast_head":"<!-- This site is optimized with the Yoast SEO plugin v27.4 - https:\/\/yoast.com\/product\/yoast-seo-wordpress\/ -->\n<title>Cataguases segue determina\u00e7\u00e3o do Estado e entra na Onda Roxa | Marcelo Lopes<\/title>\n<meta name=\"robots\" content=\"index, follow, max-snippet:-1, max-image-preview:large, max-video-preview:-1\" \/>\n<link rel=\"canonical\" href=\"https:\/\/marcelolopes.jor.br\/site\/2021\/03\/16\/cataguases-segue-determinacao-do-estado-e-entra-na-onda-roxa\/\" \/>\n<meta property=\"og:locale\" content=\"pt_BR\" \/>\n<meta property=\"og:type\" content=\"article\" \/>\n<meta property=\"og:title\" content=\"Cataguases segue determina\u00e7\u00e3o do Estado e entra na Onda Roxa | Marcelo Lopes\" \/>\n<meta property=\"og:description\" content=\"Por determina\u00e7\u00e3o do Governo do Estado de Minas Gerais, Cataguases adota a Onda Roxa do Programa Minas Consciente. Assim est\u00e3o suspensos todos os servi\u00e7os, com\u00e9rcios, atividades ou empreendimentos, p\u00fablicos ou privados, que n\u00e3o sejam essenciais elencados no decreto assinado peloLeia mais Cataguases segue determina\u00e7\u00e3o do Estado e entra na Onda Roxa\" \/>\n<meta property=\"og:url\" content=\"https:\/\/marcelolopes.jor.br\/site\/2021\/03\/16\/cataguases-segue-determinacao-do-estado-e-entra-na-onda-roxa\/\" \/>\n<meta property=\"og:site_name\" content=\"Marcelo Lopes\" \/>\n<meta property=\"article:publisher\" content=\"https:\/\/www.facebook.com\/sitedomarcelolopes\" \/>\n<meta property=\"article:published_time\" content=\"2021-03-16T19:06:56+00:00\" \/>\n<meta property=\"og:image\" content=\"https:\/\/marcelolopes.jor.br\/site\/wp-content\/uploads\/2019\/12\/Cataguases2.jpeg\" \/>\n\t<meta property=\"og:image:width\" content=\"882\" \/>\n\t<meta property=\"og:image:height\" content=\"600\" \/>\n\t<meta property=\"og:image:type\" content=\"image\/jpeg\" \/>\n<meta name=\"author\" content=\"Marcelo Lopes\" \/>\n<meta name=\"twitter:card\" content=\"summary_large_image\" \/>\n<meta name=\"twitter:label1\" content=\"Escrito por\" \/>\n\t<meta name=\"twitter:data1\" content=\"Marcelo Lopes\" \/>\n\t<meta name=\"twitter:label2\" content=\"Est. tempo de leitura\" \/>\n\t<meta name=\"twitter:data2\" content=\"5 minutos\" \/>\n<script type=\"application\/ld+json\" class=\"yoast-schema-graph\">{\"@context\":\"https:\\\/\\\/schema.org\",\"@graph\":[{\"@type\":\"NewsArticle\",\"@id\":\"https:\\\/\\\/marcelolopes.jor.br\\\/site\\\/2021\\\/03\\\/16\\\/cataguases-segue-determinacao-do-estado-e-entra-na-onda-roxa\\\/#article\",\"isPartOf\":{\"@id\":\"https:\\\/\\\/marcelolopes.jor.br\\\/site\\\/2021\\\/03\\\/16\\\/cataguases-segue-determinacao-do-estado-e-entra-na-onda-roxa\\\/\"},\"author\":{\"name\":\"Marcelo Lopes\",\"@id\":\"https:\\\/\\\/marcelolopes.jor.br\\\/site\\\/#\\\/schema\\\/person\\\/3e7216a35c34d8fdf952b31da3d1f89f\"},\"headline\":\"Cataguases segue determina\u00e7\u00e3o do Estado e entra na Onda Roxa\",\"datePublished\":\"2021-03-16T19:06:56+00:00\",\"mainEntityOfPage\":{\"@id\":\"https:\\\/\\\/marcelolopes.jor.br\\\/site\\\/2021\\\/03\\\/16\\\/cataguases-segue-determinacao-do-estado-e-entra-na-onda-roxa\\\/\"},\"wordCount\":997,\"commentCount\":0,\"publisher\":{\"@id\":\"https:\\\/\\\/marcelolopes.jor.br\\\/site\\\/#organization\"},\"image\":{\"@id\":\"https:\\\/\\\/marcelolopes.jor.br\\\/site\\\/2021\\\/03\\\/16\\\/cataguases-segue-determinacao-do-estado-e-entra-na-onda-roxa\\\/#primaryimage\"},\"thumbnailUrl\":\"https:\\\/\\\/marcelolopes.jor.br\\\/site\\\/wp-content\\\/uploads\\\/2019\\\/12\\\/Cataguases2.jpeg\",\"articleSection\":[\"Not\u00edcias\"],\"inLanguage\":\"pt-BR\",\"potentialAction\":[{\"@type\":\"CommentAction\",\"name\":\"Comment\",\"target\":[\"https:\\\/\\\/marcelolopes.jor.br\\\/site\\\/2021\\\/03\\\/16\\\/cataguases-segue-determinacao-do-estado-e-entra-na-onda-roxa\\\/#respond\"]}]},{\"@type\":\"WebPage\",\"@id\":\"https:\\\/\\\/marcelolopes.jor.br\\\/site\\\/2021\\\/03\\\/16\\\/cataguases-segue-determinacao-do-estado-e-entra-na-onda-roxa\\\/\",\"url\":\"https:\\\/\\\/marcelolopes.jor.br\\\/site\\\/2021\\\/03\\\/16\\\/cataguases-segue-determinacao-do-estado-e-entra-na-onda-roxa\\\/\",\"name\":\"Cataguases segue determina\u00e7\u00e3o do Estado e entra na Onda Roxa | Marcelo Lopes\",\"isPartOf\":{\"@id\":\"https:\\\/\\\/marcelolopes.jor.br\\\/site\\\/#website\"},\"primaryImageOfPage\":{\"@id\":\"https:\\\/\\\/marcelolopes.jor.br\\\/site\\\/2021\\\/03\\\/16\\\/cataguases-segue-determinacao-do-estado-e-entra-na-onda-roxa\\\/#primaryimage\"},\"image\":{\"@id\":\"https:\\\/\\\/marcelolopes.jor.br\\\/site\\\/2021\\\/03\\\/16\\\/cataguases-segue-determinacao-do-estado-e-entra-na-onda-roxa\\\/#primaryimage\"},\"thumbnailUrl\":\"https:\\\/\\\/marcelolopes.jor.br\\\/site\\\/wp-content\\\/uploads\\\/2019\\\/12\\\/Cataguases2.jpeg\",\"datePublished\":\"2021-03-16T19:06:56+00:00\",\"breadcrumb\":{\"@id\":\"https:\\\/\\\/marcelolopes.jor.br\\\/site\\\/2021\\\/03\\\/16\\\/cataguases-segue-determinacao-do-estado-e-entra-na-onda-roxa\\\/#breadcrumb\"},\"inLanguage\":\"pt-BR\",\"potentialAction\":[{\"@type\":\"ReadAction\",\"target\":[\"https:\\\/\\\/marcelolopes.jor.br\\\/site\\\/2021\\\/03\\\/16\\\/cataguases-segue-determinacao-do-estado-e-entra-na-onda-roxa\\\/\"]}]},{\"@type\":\"ImageObject\",\"inLanguage\":\"pt-BR\",\"@id\":\"https:\\\/\\\/marcelolopes.jor.br\\\/site\\\/2021\\\/03\\\/16\\\/cataguases-segue-determinacao-do-estado-e-entra-na-onda-roxa\\\/#primaryimage\",\"url\":\"https:\\\/\\\/marcelolopes.jor.br\\\/site\\\/wp-content\\\/uploads\\\/2019\\\/12\\\/Cataguases2.jpeg\",\"contentUrl\":\"https:\\\/\\\/marcelolopes.jor.br\\\/site\\\/wp-content\\\/uploads\\\/2019\\\/12\\\/Cataguases2.jpeg\",\"width\":882,\"height\":600},{\"@type\":\"BreadcrumbList\",\"@id\":\"https:\\\/\\\/marcelolopes.jor.br\\\/site\\\/2021\\\/03\\\/16\\\/cataguases-segue-determinacao-do-estado-e-entra-na-onda-roxa\\\/#breadcrumb\",\"itemListElement\":[{\"@type\":\"ListItem\",\"position\":1,\"name\":\"Home\",\"item\":\"https:\\\/\\\/marcelolopes.jor.br\\\/site\\\/\"},{\"@type\":\"ListItem\",\"position\":2,\"name\":\"Cataguases segue determina\u00e7\u00e3o do Estado e entra na Onda Roxa\"}]},{\"@type\":\"WebSite\",\"@id\":\"https:\\\/\\\/marcelolopes.jor.br\\\/site\\\/#website\",\"url\":\"https:\\\/\\\/marcelolopes.jor.br\\\/site\\\/\",\"name\":\"Marcelo Lopes\",\"description\":\"Not\u00edcias de Cataguases e Regi\u00e3o\",\"publisher\":{\"@id\":\"https:\\\/\\\/marcelolopes.jor.br\\\/site\\\/#organization\"},\"potentialAction\":[{\"@type\":\"SearchAction\",\"target\":{\"@type\":\"EntryPoint\",\"urlTemplate\":\"https:\\\/\\\/marcelolopes.jor.br\\\/site\\\/?s={search_term_string}\"},\"query-input\":{\"@type\":\"PropertyValueSpecification\",\"valueRequired\":true,\"valueName\":\"search_term_string\"}}],\"inLanguage\":\"pt-BR\"},{\"@type\":\"Organization\",\"@id\":\"https:\\\/\\\/marcelolopes.jor.br\\\/site\\\/#organization\",\"name\":\"Site do Marcelo Lopes\",\"url\":\"https:\\\/\\\/marcelolopes.jor.br\\\/site\\\/\",\"logo\":{\"@type\":\"ImageObject\",\"inLanguage\":\"pt-BR\",\"@id\":\"https:\\\/\\\/marcelolopes.jor.br\\\/site\\\/#\\\/schema\\\/logo\\\/image\\\/\",\"url\":\"https:\\\/\\\/marcelolopes.jor.br\\\/site\\\/wp-content\\\/uploads\\\/2024\\\/11\\\/logo-1.png\",\"contentUrl\":\"https:\\\/\\\/marcelolopes.jor.br\\\/site\\\/wp-content\\\/uploads\\\/2024\\\/11\\\/logo-1.png\",\"width\":475,\"height\":80,\"caption\":\"Site do Marcelo Lopes\"},\"image\":{\"@id\":\"https:\\\/\\\/marcelolopes.jor.br\\\/site\\\/#\\\/schema\\\/logo\\\/image\\\/\"},\"sameAs\":[\"https:\\\/\\\/www.facebook.com\\\/sitedomarcelolopes\",\"https:\\\/\\\/www.instagram.com\\\/sitedomarcelolopes\\\/\",\"https:\\\/\\\/www.linkedin.com\\\/company\\\/site-do-marcelo-lopes\\\/\",\"https:\\\/\\\/www.youtube.com\\\/user\\\/marcelolopes957\"]},{\"@type\":\"Person\",\"@id\":\"https:\\\/\\\/marcelolopes.jor.br\\\/site\\\/#\\\/schema\\\/person\\\/3e7216a35c34d8fdf952b31da3d1f89f\",\"name\":\"Marcelo Lopes\",\"sameAs\":[\"http:\\\/\\\/www.marcelolopes.jor.br\"],\"url\":\"https:\\\/\\\/marcelolopes.jor.br\\\/site\\\/author\\\/marcelo\\\/\"}]}<\/script>\n<!-- \/ Yoast SEO plugin. -->","yoast_head_json":{"title":"Cataguases segue determina\u00e7\u00e3o do Estado e entra na Onda Roxa | Marcelo Lopes","robots":{"index":"index","follow":"follow","max-snippet":"max-snippet:-1","max-image-preview":"max-image-preview:large","max-video-preview":"max-video-preview:-1"},"canonical":"https:\/\/marcelolopes.jor.br\/site\/2021\/03\/16\/cataguases-segue-determinacao-do-estado-e-entra-na-onda-roxa\/","og_locale":"pt_BR","og_type":"article","og_title":"Cataguases segue determina\u00e7\u00e3o do Estado e entra na Onda Roxa | Marcelo Lopes","og_description":"Por determina\u00e7\u00e3o do Governo do Estado de Minas Gerais, Cataguases adota a Onda Roxa do Programa Minas Consciente. Assim est\u00e3o suspensos todos os servi\u00e7os, com\u00e9rcios, atividades ou empreendimentos, p\u00fablicos ou privados, que n\u00e3o sejam essenciais elencados no decreto assinado peloLeia mais Cataguases segue determina\u00e7\u00e3o do Estado e entra na Onda Roxa","og_url":"https:\/\/marcelolopes.jor.br\/site\/2021\/03\/16\/cataguases-segue-determinacao-do-estado-e-entra-na-onda-roxa\/","og_site_name":"Marcelo Lopes","article_publisher":"https:\/\/www.facebook.com\/sitedomarcelolopes","article_published_time":"2021-03-16T19:06:56+00:00","og_image":[{"width":882,"height":600,"url":"https:\/\/marcelolopes.jor.br\/site\/wp-content\/uploads\/2019\/12\/Cataguases2.jpeg","type":"image\/jpeg"}],"author":"Marcelo Lopes","twitter_card":"summary_large_image","twitter_misc":{"Escrito por":"Marcelo Lopes","Est. tempo de leitura":"5 minutos"},"schema":{"@context":"https:\/\/schema.org","@graph":[{"@type":"NewsArticle","@id":"https:\/\/marcelolopes.jor.br\/site\/2021\/03\/16\/cataguases-segue-determinacao-do-estado-e-entra-na-onda-roxa\/#article","isPartOf":{"@id":"https:\/\/marcelolopes.jor.br\/site\/2021\/03\/16\/cataguases-segue-determinacao-do-estado-e-entra-na-onda-roxa\/"},"author":{"name":"Marcelo Lopes","@id":"https:\/\/marcelolopes.jor.br\/site\/#\/schema\/person\/3e7216a35c34d8fdf952b31da3d1f89f"},"headline":"Cataguases segue determina\u00e7\u00e3o do Estado e entra na Onda Roxa","datePublished":"2021-03-16T19:06:56+00:00","mainEntityOfPage":{"@id":"https:\/\/marcelolopes.jor.br\/site\/2021\/03\/16\/cataguases-segue-determinacao-do-estado-e-entra-na-onda-roxa\/"},"wordCount":997,"commentCount":0,"publisher":{"@id":"https:\/\/marcelolopes.jor.br\/site\/#organization"},"image":{"@id":"https:\/\/marcelolopes.jor.br\/site\/2021\/03\/16\/cataguases-segue-determinacao-do-estado-e-entra-na-onda-roxa\/#primaryimage"},"thumbnailUrl":"https:\/\/marcelolopes.jor.br\/site\/wp-content\/uploads\/2019\/12\/Cataguases2.jpeg","articleSection":["Not\u00edcias"],"inLanguage":"pt-BR","potentialAction":[{"@type":"CommentAction","name":"Comment","target":["https:\/\/marcelolopes.jor.br\/site\/2021\/03\/16\/cataguases-segue-determinacao-do-estado-e-entra-na-onda-roxa\/#respond"]}]},{"@type":"WebPage","@id":"https:\/\/marcelolopes.jor.br\/site\/2021\/03\/16\/cataguases-segue-determinacao-do-estado-e-entra-na-onda-roxa\/","url":"https:\/\/marcelolopes.jor.br\/site\/2021\/03\/16\/cataguases-segue-determinacao-do-estado-e-entra-na-onda-roxa\/","name":"Cataguases segue determina\u00e7\u00e3o do Estado e entra na Onda Roxa | Marcelo Lopes","isPartOf":{"@id":"https:\/\/marcelolopes.jor.br\/site\/#website"},"primaryImageOfPage":{"@id":"https:\/\/marcelolopes.jor.br\/site\/2021\/03\/16\/cataguases-segue-determinacao-do-estado-e-entra-na-onda-roxa\/#primaryimage"},"image":{"@id":"https:\/\/marcelolopes.jor.br\/site\/2021\/03\/16\/cataguases-segue-determinacao-do-estado-e-entra-na-onda-roxa\/#primaryimage"},"thumbnailUrl":"https:\/\/marcelolopes.jor.br\/site\/wp-content\/uploads\/2019\/12\/Cataguases2.jpeg","datePublished":"2021-03-16T19:06:56+00:00","breadcrumb":{"@id":"https:\/\/marcelolopes.jor.br\/site\/2021\/03\/16\/cataguases-segue-determinacao-do-estado-e-entra-na-onda-roxa\/#breadcrumb"},"inLanguage":"pt-BR","potentialAction":[{"@type":"ReadAction","target":["https:\/\/marcelolopes.jor.br\/site\/2021\/03\/16\/cataguases-segue-determinacao-do-estado-e-entra-na-onda-roxa\/"]}]},{"@type":"ImageObject","inLanguage":"pt-BR","@id":"https:\/\/marcelolopes.jor.br\/site\/2021\/03\/16\/cataguases-segue-determinacao-do-estado-e-entra-na-onda-roxa\/#primaryimage","url":"https:\/\/marcelolopes.jor.br\/site\/wp-content\/uploads\/2019\/12\/Cataguases2.jpeg","contentUrl":"https:\/\/marcelolopes.jor.br\/site\/wp-content\/uploads\/2019\/12\/Cataguases2.jpeg","width":882,"height":600},{"@type":"BreadcrumbList","@id":"https:\/\/marcelolopes.jor.br\/site\/2021\/03\/16\/cataguases-segue-determinacao-do-estado-e-entra-na-onda-roxa\/#breadcrumb","itemListElement":[{"@type":"ListItem","position":1,"name":"Home","item":"https:\/\/marcelolopes.jor.br\/site\/"},{"@type":"ListItem","position":2,"name":"Cataguases segue determina\u00e7\u00e3o do Estado e entra na Onda Roxa"}]},{"@type":"WebSite","@id":"https:\/\/marcelolopes.jor.br\/site\/#website","url":"https:\/\/marcelolopes.jor.br\/site\/","name":"Marcelo Lopes","description":"Not\u00edcias de Cataguases e Regi\u00e3o","publisher":{"@id":"https:\/\/marcelolopes.jor.br\/site\/#organization"},"potentialAction":[{"@type":"SearchAction","target":{"@type":"EntryPoint","urlTemplate":"https:\/\/marcelolopes.jor.br\/site\/?s={search_term_string}"},"query-input":{"@type":"PropertyValueSpecification","valueRequired":true,"valueName":"search_term_string"}}],"inLanguage":"pt-BR"},{"@type":"Organization","@id":"https:\/\/marcelolopes.jor.br\/site\/#organization","name":"Site do Marcelo Lopes","url":"https:\/\/marcelolopes.jor.br\/site\/","logo":{"@type":"ImageObject","inLanguage":"pt-BR","@id":"https:\/\/marcelolopes.jor.br\/site\/#\/schema\/logo\/image\/","url":"https:\/\/marcelolopes.jor.br\/site\/wp-content\/uploads\/2024\/11\/logo-1.png","contentUrl":"https:\/\/marcelolopes.jor.br\/site\/wp-content\/uploads\/2024\/11\/logo-1.png","width":475,"height":80,"caption":"Site do Marcelo Lopes"},"image":{"@id":"https:\/\/marcelolopes.jor.br\/site\/#\/schema\/logo\/image\/"},"sameAs":["https:\/\/www.facebook.com\/sitedomarcelolopes","https:\/\/www.instagram.com\/sitedomarcelolopes\/","https:\/\/www.linkedin.com\/company\/site-do-marcelo-lopes\/","https:\/\/www.youtube.com\/user\/marcelolopes957"]},{"@type":"Person","@id":"https:\/\/marcelolopes.jor.br\/site\/#\/schema\/person\/3e7216a35c34d8fdf952b31da3d1f89f","name":"Marcelo Lopes","sameAs":["http:\/\/www.marcelolopes.jor.br"],"url":"https:\/\/marcelolopes.jor.br\/site\/author\/marcelo\/"}]}},"wps_subtitle":"Decreto foi publicado na tarde desta ter\u00e7a-feira, com as novas orienta\u00e7\u00f5es.","_links":{"self":[{"href":"https:\/\/marcelolopes.jor.br\/site\/wp-json\/wp\/v2\/posts\/22271","targetHints":{"allow":["GET"]}}],"collection":[{"href":"https:\/\/marcelolopes.jor.br\/site\/wp-json\/wp\/v2\/posts"}],"about":[{"href":"https:\/\/marcelolopes.jor.br\/site\/wp-json\/wp\/v2\/types\/post"}],"author":[{"embeddable":true,"href":"https:\/\/marcelolopes.jor.br\/site\/wp-json\/wp\/v2\/users\/2"}],"replies":[{"embeddable":true,"href":"https:\/\/marcelolopes.jor.br\/site\/wp-json\/wp\/v2\/comments?post=22271"}],"version-history":[{"count":0,"href":"https:\/\/marcelolopes.jor.br\/site\/wp-json\/wp\/v2\/posts\/22271\/revisions"}],"wp:featuredmedia":[{"embeddable":true,"href":"https:\/\/marcelolopes.jor.br\/site\/wp-json\/wp\/v2\/media\/9701"}],"wp:attachment":[{"href":"https:\/\/marcelolopes.jor.br\/site\/wp-json\/wp\/v2\/media?parent=22271"}],"wp:term":[{"taxonomy":"category","embeddable":true,"href":"https:\/\/marcelolopes.jor.br\/site\/wp-json\/wp\/v2\/categories?post=22271"},{"taxonomy":"post_tag","embeddable":true,"href":"https:\/\/marcelolopes.jor.br\/site\/wp-json\/wp\/v2\/tags?post=22271"}],"curies":[{"name":"wp","href":"https:\/\/api.w.org\/{rel}","templated":true}]}}