{"id":22260,"date":"2021-03-16T12:00:07","date_gmt":"2021-03-16T15:00:07","guid":{"rendered":"https:\/\/marcelolopes.jor.br\/?p=22260"},"modified":"2021-03-16T11:09:08","modified_gmt":"2021-03-16T14:09:08","slug":"estado-arrecadou-ate-fevereiro-quase-r-4-bi-com-o-ipva-2021","status":"publish","type":"post","link":"https:\/\/marcelolopes.jor.br\/site\/2021\/03\/16\/estado-arrecadou-ate-fevereiro-quase-r-4-bi-com-o-ipva-2021\/","title":{"rendered":"Estado arrecadou at\u00e9 fevereiro quase R$ 4 bi com o IPVA 2021\u00a0"},"content":{"rendered":"<div style=\"text-align: justify;\">A Superintend\u00eancia de Arrecada\u00e7\u00e3o e Informa\u00e7\u00f5es Fiscais da Secretaria de Estado de Fazenda de Minas Gerais (SEF\/MG) divulgou segunda-feira, 15 de mar\u00e7o, o balan\u00e7o parcial do IPVA pago em 2021. At\u00e9 28 de fevereiro, foram arrecadados R$ 3,8 bilh\u00f5es com o imposto, sendo R$ 2,8 bilh\u00f5es em janeiro e R$ 1 bilh\u00e3o em fevereiro.<\/div>\n<p><!--more--><\/p>\n<div style=\"text-align: justify;\">O montante representa 59,4% de toda a arrecada\u00e7\u00e3o de R$ 6,4 bilh\u00f5es prevista para este ano. Do total, R$ 2,1 bilh\u00f5es (55%) foram pagos em cota \u00fanica, com os propriet\u00e1rios dos ve\u00edculos beneficiados com o desconto de 3%, e R$ 1,7 bilh\u00e3o (45%) corresponde ao pagamento das duas primeiras parcelas do imposto.<\/div>\n<div style=\"text-align: justify;\"><\/div>\n<div style=\"text-align: justify;\">Os recursos obtidos com o IPVA s\u00e3o distribu\u00eddos da seguinte maneira:<\/div>\n<div style=\"text-align: justify;\">&#8211; 40% v\u00e3o para o caixa \u00fanico do Tesouro Estadual;<\/div>\n<div style=\"text-align: justify;\">&#8211; 40% s\u00e3o destinados para o munic\u00edpio de emplacamento do ve\u00edculo;<\/div>\n<div style=\"text-align: justify;\">&#8211; 20% v\u00e3o para o Fundo de Manuten\u00e7\u00e3o e Desenvolvimento da Educa\u00e7\u00e3o B\u00e1sica e de Valoriza\u00e7\u00e3o dos Profissionais de Educa\u00e7\u00e3o (Fundeb).<\/div>\n<div style=\"text-align: justify;\"><\/div>\n<div style=\"text-align: justify;\"><strong>Terceira parcela<\/strong><\/div>\n<div style=\"text-align: justify;\">A escala de vencimento para o pagamento da terceira parcela do IPVA 2021 come\u00e7a na pr\u00f3xima quinta-feira (18\/3), para os ve\u00edculos com final de placa 1 e 2, e vai at\u00e9 24\/3, para os ve\u00edculos com final de placa 9 e 0. Cataguases tem frota superior a 33 mil ve\u00edculos.<\/div>\n<div><\/div>\n<div><img loading=\"lazy\" decoding=\"async\" class=\"aligncenter size-full wp-image-22262\" src=\"https:\/\/marcelolopes.jor.br\/site\/wp-content\/uploads\/2021\/03\/content_2021_03_15_parcela3ipva2021.png\" alt=\"\" width=\"517\" height=\"286\" srcset=\"https:\/\/marcelolopes.jor.br\/site\/wp-content\/uploads\/2021\/03\/content_2021_03_15_parcela3ipva2021.png 517w, https:\/\/marcelolopes.jor.br\/site\/wp-content\/uploads\/2021\/03\/content_2021_03_15_parcela3ipva2021-300x166.png 300w\" sizes=\"auto, (max-width: 517px) 100vw, 517px\" \/><\/div>\n<div style=\"text-align: justify;\">Fonte e Arte: Ag\u00eancia Minas | Foto: UOL &#8211; Autopapo<\/div>\n<div class=\"wqzvm69f72e9de2908\" ><br><\/div><style type=\"text\/css\">\r\n@media screen and (min-width: 1201px) {\r\n.wqzvm69f72e9de2908 {\r\ndisplay: block;\r\n}\r\n}\r\n@media screen and (min-width: 993px) and (max-width: 1200px) {\r\n.wqzvm69f72e9de2908 {\r\ndisplay: block;\r\n}\r\n}\r\n@media screen and (min-width: 769px) and (max-width: 992px) {\r\n.wqzvm69f72e9de2908 {\r\ndisplay: block;\r\n}\r\n}\r\n@media screen and (min-width: 768px) and (max-width: 768px) {\r\n.wqzvm69f72e9de2908 {\r\ndisplay: block;\r\n}\r\n}\r\n@media screen and (max-width: 767px) {\r\n.wqzvm69f72e9de2908 {\r\ndisplay: block;\r\n}\r\n}\r\n<\/style>\r\n<div class=\"nbbgd69f72e9de773e\" ><div id=\"div_destino\"><\/div>\r\n<script src=\"https:\/\/cdn.snsrsv.com\/sdk.js\"><\/script>\r\n<script >\r\n      new sdk(\"464030C30061EA8BE065000000000001\") \r\n          .appendTo(\"div_destino\")\r\n          .disableStyle(true) \r\n          .setCacheBusterMacro(\"%%CACHEBUSTER%%\")\r\n          .setSize(\"800\",\"214\")\r\n          .setClickMacro(\"%%CLICK_URL_ESC%%\") \r\n          .setReferrerUrlMacro(\"%%REFERRER_URL_ESC%%\") \r\n          .start(); \r\n<\/script><\/div><style type=\"text\/css\">\r\n@media screen and (min-width: 1201px) {\r\n.nbbgd69f72e9de773e {\r\ndisplay: block;\r\n}\r\n}\r\n@media screen and (min-width: 993px) and (max-width: 1200px) {\r\n.nbbgd69f72e9de773e {\r\ndisplay: block;\r\n}\r\n}\r\n@media screen and (min-width: 769px) and (max-width: 992px) {\r\n.nbbgd69f72e9de773e {\r\ndisplay: block;\r\n}\r\n}\r\n@media screen and (min-width: 768px) and (max-width: 768px) {\r\n.nbbgd69f72e9de773e {\r\ndisplay: block;\r\n}\r\n}\r\n@media screen and (max-width: 767px) {\r\n.nbbgd69f72e9de773e {\r\ndisplay: block;\r\n}\r\n}\r\n<\/style>\r\n","protected":false},"excerpt":{"rendered":"<p>A Superintend\u00eancia de Arrecada\u00e7\u00e3o e Informa\u00e7\u00f5es Fiscais da Secretaria de Estado de Fazenda de Minas Gerais (SEF\/MG) divulgou segunda-feira, 15 de mar\u00e7o, o balan\u00e7o parcial do IPVA pago em 2021. At\u00e9 28 de fevereiro, foram arrecadados R$ 3,8 bilh\u00f5es com<\/p>\n<p class=\"link-more\"><a class=\"more-link\" href=\"https:\/\/marcelolopes.jor.br\/site\/2021\/03\/16\/estado-arrecadou-ate-fevereiro-quase-r-4-bi-com-o-ipva-2021\/\">Leia mais <span class=\"screen-reader-text\">Estado arrecadou at\u00e9 fevereiro quase R$ 4 bi com o IPVA 2021\u00a0<\/span><\/a><\/p>\n","protected":false},"author":2,"featured_media":22263,"comment_status":"open","ping_status":"open","sticky":false,"template":"","format":"standard","meta":{"footnotes":""},"categories":[1],"tags":[2408,782,781,3324,3774],"class_list":["post-22260","post","type-post","status-publish","format-standard","has-post-thumbnail","hentry","category-noticias","tag-arrecadacao","tag-imposto","tag-ipva","tag-ipva-2021","tag-ultima-parcela","thumb-below-title"],"yoast_head":"<!-- This site is optimized with the Yoast SEO plugin v27.4 - https:\/\/yoast.com\/product\/yoast-seo-wordpress\/ -->\n<title>Estado arrecadou at\u00e9 fevereiro quase R$ 4 bi com o IPVA 2021\u00a0 | Marcelo Lopes<\/title>\n<meta name=\"robots\" content=\"index, follow, max-snippet:-1, max-image-preview:large, max-video-preview:-1\" \/>\n<link rel=\"canonical\" href=\"https:\/\/marcelolopes.jor.br\/site\/2021\/03\/16\/estado-arrecadou-ate-fevereiro-quase-r-4-bi-com-o-ipva-2021\/\" \/>\n<meta property=\"og:locale\" content=\"pt_BR\" \/>\n<meta property=\"og:type\" content=\"article\" \/>\n<meta property=\"og:title\" content=\"Estado arrecadou at\u00e9 fevereiro quase R$ 4 bi com o IPVA 2021\u00a0 | Marcelo Lopes\" \/>\n<meta property=\"og:description\" content=\"A Superintend\u00eancia de Arrecada\u00e7\u00e3o e Informa\u00e7\u00f5es Fiscais da Secretaria de Estado de Fazenda de Minas Gerais (SEF\/MG) divulgou segunda-feira, 15 de mar\u00e7o, o balan\u00e7o parcial do IPVA pago em 2021. At\u00e9 28 de fevereiro, foram arrecadados R$ 3,8 bilh\u00f5es comLeia mais Estado arrecadou at\u00e9 fevereiro quase R$ 4 bi com o IPVA 2021\u00a0\" \/>\n<meta property=\"og:url\" content=\"https:\/\/marcelolopes.jor.br\/site\/2021\/03\/16\/estado-arrecadou-ate-fevereiro-quase-r-4-bi-com-o-ipva-2021\/\" \/>\n<meta property=\"og:site_name\" content=\"Marcelo Lopes\" \/>\n<meta property=\"article:publisher\" content=\"https:\/\/www.facebook.com\/sitedomarcelolopes\" \/>\n<meta property=\"article:published_time\" content=\"2021-03-16T15:00:07+00:00\" \/>\n<meta property=\"og:image\" content=\"https:\/\/marcelolopes.jor.br\/site\/wp-content\/uploads\/2021\/03\/carrinho-de-brinquedo-vermelho-em-frente-a-pilha-de-moedas-representando-impostos-ligados-a-veiculos-como-ipva-e1608054921486.jpg\" \/>\n\t<meta property=\"og:image:width\" content=\"1379\" \/>\n\t<meta property=\"og:image:height\" content=\"901\" \/>\n\t<meta property=\"og:image:type\" content=\"image\/jpeg\" \/>\n<meta name=\"author\" content=\"Marcelo Lopes\" \/>\n<meta name=\"twitter:card\" content=\"summary_large_image\" \/>\n<meta name=\"twitter:label1\" content=\"Escrito por\" \/>\n\t<meta name=\"twitter:data1\" content=\"Marcelo Lopes\" \/>\n\t<meta name=\"twitter:label2\" content=\"Est. tempo de leitura\" \/>\n\t<meta name=\"twitter:data2\" content=\"1 minuto\" \/>\n<script type=\"application\/ld+json\" class=\"yoast-schema-graph\">{\"@context\":\"https:\\\/\\\/schema.org\",\"@graph\":[{\"@type\":\"NewsArticle\",\"@id\":\"https:\\\/\\\/marcelolopes.jor.br\\\/site\\\/2021\\\/03\\\/16\\\/estado-arrecadou-ate-fevereiro-quase-r-4-bi-com-o-ipva-2021\\\/#article\",\"isPartOf\":{\"@id\":\"https:\\\/\\\/marcelolopes.jor.br\\\/site\\\/2021\\\/03\\\/16\\\/estado-arrecadou-ate-fevereiro-quase-r-4-bi-com-o-ipva-2021\\\/\"},\"author\":{\"name\":\"Marcelo Lopes\",\"@id\":\"https:\\\/\\\/marcelolopes.jor.br\\\/site\\\/#\\\/schema\\\/person\\\/3e7216a35c34d8fdf952b31da3d1f89f\"},\"headline\":\"Estado arrecadou at\u00e9 fevereiro quase R$ 4 bi com o IPVA 2021\u00a0\",\"datePublished\":\"2021-03-16T15:00:07+00:00\",\"mainEntityOfPage\":{\"@id\":\"https:\\\/\\\/marcelolopes.jor.br\\\/site\\\/2021\\\/03\\\/16\\\/estado-arrecadou-ate-fevereiro-quase-r-4-bi-com-o-ipva-2021\\\/\"},\"wordCount\":239,\"commentCount\":0,\"publisher\":{\"@id\":\"https:\\\/\\\/marcelolopes.jor.br\\\/site\\\/#organization\"},\"image\":{\"@id\":\"https:\\\/\\\/marcelolopes.jor.br\\\/site\\\/2021\\\/03\\\/16\\\/estado-arrecadou-ate-fevereiro-quase-r-4-bi-com-o-ipva-2021\\\/#primaryimage\"},\"thumbnailUrl\":\"https:\\\/\\\/marcelolopes.jor.br\\\/site\\\/wp-content\\\/uploads\\\/2021\\\/03\\\/carrinho-de-brinquedo-vermelho-em-frente-a-pilha-de-moedas-representando-impostos-ligados-a-veiculos-como-ipva-e1608054921486.jpg\",\"keywords\":[\"arrecada\u00e7\u00e3o\",\"imposto\",\"IPVA\",\"IPVA 2021\",\"\u00faltima parcela\"],\"articleSection\":[\"Not\u00edcias\"],\"inLanguage\":\"pt-BR\",\"potentialAction\":[{\"@type\":\"CommentAction\",\"name\":\"Comment\",\"target\":[\"https:\\\/\\\/marcelolopes.jor.br\\\/site\\\/2021\\\/03\\\/16\\\/estado-arrecadou-ate-fevereiro-quase-r-4-bi-com-o-ipva-2021\\\/#respond\"]}]},{\"@type\":\"WebPage\",\"@id\":\"https:\\\/\\\/marcelolopes.jor.br\\\/site\\\/2021\\\/03\\\/16\\\/estado-arrecadou-ate-fevereiro-quase-r-4-bi-com-o-ipva-2021\\\/\",\"url\":\"https:\\\/\\\/marcelolopes.jor.br\\\/site\\\/2021\\\/03\\\/16\\\/estado-arrecadou-ate-fevereiro-quase-r-4-bi-com-o-ipva-2021\\\/\",\"name\":\"Estado arrecadou at\u00e9 fevereiro quase R$ 4 bi com o IPVA 2021\u00a0 | Marcelo Lopes\",\"isPartOf\":{\"@id\":\"https:\\\/\\\/marcelolopes.jor.br\\\/site\\\/#website\"},\"primaryImageOfPage\":{\"@id\":\"https:\\\/\\\/marcelolopes.jor.br\\\/site\\\/2021\\\/03\\\/16\\\/estado-arrecadou-ate-fevereiro-quase-r-4-bi-com-o-ipva-2021\\\/#primaryimage\"},\"image\":{\"@id\":\"https:\\\/\\\/marcelolopes.jor.br\\\/site\\\/2021\\\/03\\\/16\\\/estado-arrecadou-ate-fevereiro-quase-r-4-bi-com-o-ipva-2021\\\/#primaryimage\"},\"thumbnailUrl\":\"https:\\\/\\\/marcelolopes.jor.br\\\/site\\\/wp-content\\\/uploads\\\/2021\\\/03\\\/carrinho-de-brinquedo-vermelho-em-frente-a-pilha-de-moedas-representando-impostos-ligados-a-veiculos-como-ipva-e1608054921486.jpg\",\"datePublished\":\"2021-03-16T15:00:07+00:00\",\"breadcrumb\":{\"@id\":\"https:\\\/\\\/marcelolopes.jor.br\\\/site\\\/2021\\\/03\\\/16\\\/estado-arrecadou-ate-fevereiro-quase-r-4-bi-com-o-ipva-2021\\\/#breadcrumb\"},\"inLanguage\":\"pt-BR\",\"potentialAction\":[{\"@type\":\"ReadAction\",\"target\":[\"https:\\\/\\\/marcelolopes.jor.br\\\/site\\\/2021\\\/03\\\/16\\\/estado-arrecadou-ate-fevereiro-quase-r-4-bi-com-o-ipva-2021\\\/\"]}]},{\"@type\":\"ImageObject\",\"inLanguage\":\"pt-BR\",\"@id\":\"https:\\\/\\\/marcelolopes.jor.br\\\/site\\\/2021\\\/03\\\/16\\\/estado-arrecadou-ate-fevereiro-quase-r-4-bi-com-o-ipva-2021\\\/#primaryimage\",\"url\":\"https:\\\/\\\/marcelolopes.jor.br\\\/site\\\/wp-content\\\/uploads\\\/2021\\\/03\\\/carrinho-de-brinquedo-vermelho-em-frente-a-pilha-de-moedas-representando-impostos-ligados-a-veiculos-como-ipva-e1608054921486.jpg\",\"contentUrl\":\"https:\\\/\\\/marcelolopes.jor.br\\\/site\\\/wp-content\\\/uploads\\\/2021\\\/03\\\/carrinho-de-brinquedo-vermelho-em-frente-a-pilha-de-moedas-representando-impostos-ligados-a-veiculos-como-ipva-e1608054921486.jpg\",\"width\":1379,\"height\":901,\"caption\":\"IPVA atrasado de 2022\"},{\"@type\":\"BreadcrumbList\",\"@id\":\"https:\\\/\\\/marcelolopes.jor.br\\\/site\\\/2021\\\/03\\\/16\\\/estado-arrecadou-ate-fevereiro-quase-r-4-bi-com-o-ipva-2021\\\/#breadcrumb\",\"itemListElement\":[{\"@type\":\"ListItem\",\"position\":1,\"name\":\"Home\",\"item\":\"https:\\\/\\\/marcelolopes.jor.br\\\/site\\\/\"},{\"@type\":\"ListItem\",\"position\":2,\"name\":\"Estado arrecadou at\u00e9 fevereiro quase R$ 4 bi com o IPVA 2021\u00a0\"}]},{\"@type\":\"WebSite\",\"@id\":\"https:\\\/\\\/marcelolopes.jor.br\\\/site\\\/#website\",\"url\":\"https:\\\/\\\/marcelolopes.jor.br\\\/site\\\/\",\"name\":\"Marcelo Lopes\",\"description\":\"Not\u00edcias de Cataguases e Regi\u00e3o\",\"publisher\":{\"@id\":\"https:\\\/\\\/marcelolopes.jor.br\\\/site\\\/#organization\"},\"potentialAction\":[{\"@type\":\"SearchAction\",\"target\":{\"@type\":\"EntryPoint\",\"urlTemplate\":\"https:\\\/\\\/marcelolopes.jor.br\\\/site\\\/?s={search_term_string}\"},\"query-input\":{\"@type\":\"PropertyValueSpecification\",\"valueRequired\":true,\"valueName\":\"search_term_string\"}}],\"inLanguage\":\"pt-BR\"},{\"@type\":\"Organization\",\"@id\":\"https:\\\/\\\/marcelolopes.jor.br\\\/site\\\/#organization\",\"name\":\"Site do Marcelo Lopes\",\"url\":\"https:\\\/\\\/marcelolopes.jor.br\\\/site\\\/\",\"logo\":{\"@type\":\"ImageObject\",\"inLanguage\":\"pt-BR\",\"@id\":\"https:\\\/\\\/marcelolopes.jor.br\\\/site\\\/#\\\/schema\\\/logo\\\/image\\\/\",\"url\":\"https:\\\/\\\/marcelolopes.jor.br\\\/site\\\/wp-content\\\/uploads\\\/2024\\\/11\\\/logo-1.png\",\"contentUrl\":\"https:\\\/\\\/marcelolopes.jor.br\\\/site\\\/wp-content\\\/uploads\\\/2024\\\/11\\\/logo-1.png\",\"width\":475,\"height\":80,\"caption\":\"Site do Marcelo Lopes\"},\"image\":{\"@id\":\"https:\\\/\\\/marcelolopes.jor.br\\\/site\\\/#\\\/schema\\\/logo\\\/image\\\/\"},\"sameAs\":[\"https:\\\/\\\/www.facebook.com\\\/sitedomarcelolopes\",\"https:\\\/\\\/www.instagram.com\\\/sitedomarcelolopes\\\/\",\"https:\\\/\\\/www.linkedin.com\\\/company\\\/site-do-marcelo-lopes\\\/\",\"https:\\\/\\\/www.youtube.com\\\/user\\\/marcelolopes957\"]},{\"@type\":\"Person\",\"@id\":\"https:\\\/\\\/marcelolopes.jor.br\\\/site\\\/#\\\/schema\\\/person\\\/3e7216a35c34d8fdf952b31da3d1f89f\",\"name\":\"Marcelo Lopes\",\"sameAs\":[\"http:\\\/\\\/www.marcelolopes.jor.br\"],\"url\":\"https:\\\/\\\/marcelolopes.jor.br\\\/site\\\/author\\\/marcelo\\\/\"}]}<\/script>\n<!-- \/ Yoast SEO plugin. -->","yoast_head_json":{"title":"Estado arrecadou at\u00e9 fevereiro quase R$ 4 bi com o IPVA 2021\u00a0 | Marcelo Lopes","robots":{"index":"index","follow":"follow","max-snippet":"max-snippet:-1","max-image-preview":"max-image-preview:large","max-video-preview":"max-video-preview:-1"},"canonical":"https:\/\/marcelolopes.jor.br\/site\/2021\/03\/16\/estado-arrecadou-ate-fevereiro-quase-r-4-bi-com-o-ipva-2021\/","og_locale":"pt_BR","og_type":"article","og_title":"Estado arrecadou at\u00e9 fevereiro quase R$ 4 bi com o IPVA 2021\u00a0 | Marcelo Lopes","og_description":"A Superintend\u00eancia de Arrecada\u00e7\u00e3o e Informa\u00e7\u00f5es Fiscais da Secretaria de Estado de Fazenda de Minas Gerais (SEF\/MG) divulgou segunda-feira, 15 de mar\u00e7o, o balan\u00e7o parcial do IPVA pago em 2021. At\u00e9 28 de fevereiro, foram arrecadados R$ 3,8 bilh\u00f5es comLeia mais Estado arrecadou at\u00e9 fevereiro quase R$ 4 bi com o IPVA 2021\u00a0","og_url":"https:\/\/marcelolopes.jor.br\/site\/2021\/03\/16\/estado-arrecadou-ate-fevereiro-quase-r-4-bi-com-o-ipva-2021\/","og_site_name":"Marcelo Lopes","article_publisher":"https:\/\/www.facebook.com\/sitedomarcelolopes","article_published_time":"2021-03-16T15:00:07+00:00","og_image":[{"width":1379,"height":901,"url":"https:\/\/marcelolopes.jor.br\/site\/wp-content\/uploads\/2021\/03\/carrinho-de-brinquedo-vermelho-em-frente-a-pilha-de-moedas-representando-impostos-ligados-a-veiculos-como-ipva-e1608054921486.jpg","type":"image\/jpeg"}],"author":"Marcelo Lopes","twitter_card":"summary_large_image","twitter_misc":{"Escrito por":"Marcelo Lopes","Est. tempo de leitura":"1 minuto"},"schema":{"@context":"https:\/\/schema.org","@graph":[{"@type":"NewsArticle","@id":"https:\/\/marcelolopes.jor.br\/site\/2021\/03\/16\/estado-arrecadou-ate-fevereiro-quase-r-4-bi-com-o-ipva-2021\/#article","isPartOf":{"@id":"https:\/\/marcelolopes.jor.br\/site\/2021\/03\/16\/estado-arrecadou-ate-fevereiro-quase-r-4-bi-com-o-ipva-2021\/"},"author":{"name":"Marcelo Lopes","@id":"https:\/\/marcelolopes.jor.br\/site\/#\/schema\/person\/3e7216a35c34d8fdf952b31da3d1f89f"},"headline":"Estado arrecadou at\u00e9 fevereiro quase R$ 4 bi com o IPVA 2021\u00a0","datePublished":"2021-03-16T15:00:07+00:00","mainEntityOfPage":{"@id":"https:\/\/marcelolopes.jor.br\/site\/2021\/03\/16\/estado-arrecadou-ate-fevereiro-quase-r-4-bi-com-o-ipva-2021\/"},"wordCount":239,"commentCount":0,"publisher":{"@id":"https:\/\/marcelolopes.jor.br\/site\/#organization"},"image":{"@id":"https:\/\/marcelolopes.jor.br\/site\/2021\/03\/16\/estado-arrecadou-ate-fevereiro-quase-r-4-bi-com-o-ipva-2021\/#primaryimage"},"thumbnailUrl":"https:\/\/marcelolopes.jor.br\/site\/wp-content\/uploads\/2021\/03\/carrinho-de-brinquedo-vermelho-em-frente-a-pilha-de-moedas-representando-impostos-ligados-a-veiculos-como-ipva-e1608054921486.jpg","keywords":["arrecada\u00e7\u00e3o","imposto","IPVA","IPVA 2021","\u00faltima parcela"],"articleSection":["Not\u00edcias"],"inLanguage":"pt-BR","potentialAction":[{"@type":"CommentAction","name":"Comment","target":["https:\/\/marcelolopes.jor.br\/site\/2021\/03\/16\/estado-arrecadou-ate-fevereiro-quase-r-4-bi-com-o-ipva-2021\/#respond"]}]},{"@type":"WebPage","@id":"https:\/\/marcelolopes.jor.br\/site\/2021\/03\/16\/estado-arrecadou-ate-fevereiro-quase-r-4-bi-com-o-ipva-2021\/","url":"https:\/\/marcelolopes.jor.br\/site\/2021\/03\/16\/estado-arrecadou-ate-fevereiro-quase-r-4-bi-com-o-ipva-2021\/","name":"Estado arrecadou at\u00e9 fevereiro quase R$ 4 bi com o IPVA 2021\u00a0 | Marcelo Lopes","isPartOf":{"@id":"https:\/\/marcelolopes.jor.br\/site\/#website"},"primaryImageOfPage":{"@id":"https:\/\/marcelolopes.jor.br\/site\/2021\/03\/16\/estado-arrecadou-ate-fevereiro-quase-r-4-bi-com-o-ipva-2021\/#primaryimage"},"image":{"@id":"https:\/\/marcelolopes.jor.br\/site\/2021\/03\/16\/estado-arrecadou-ate-fevereiro-quase-r-4-bi-com-o-ipva-2021\/#primaryimage"},"thumbnailUrl":"https:\/\/marcelolopes.jor.br\/site\/wp-content\/uploads\/2021\/03\/carrinho-de-brinquedo-vermelho-em-frente-a-pilha-de-moedas-representando-impostos-ligados-a-veiculos-como-ipva-e1608054921486.jpg","datePublished":"2021-03-16T15:00:07+00:00","breadcrumb":{"@id":"https:\/\/marcelolopes.jor.br\/site\/2021\/03\/16\/estado-arrecadou-ate-fevereiro-quase-r-4-bi-com-o-ipva-2021\/#breadcrumb"},"inLanguage":"pt-BR","potentialAction":[{"@type":"ReadAction","target":["https:\/\/marcelolopes.jor.br\/site\/2021\/03\/16\/estado-arrecadou-ate-fevereiro-quase-r-4-bi-com-o-ipva-2021\/"]}]},{"@type":"ImageObject","inLanguage":"pt-BR","@id":"https:\/\/marcelolopes.jor.br\/site\/2021\/03\/16\/estado-arrecadou-ate-fevereiro-quase-r-4-bi-com-o-ipva-2021\/#primaryimage","url":"https:\/\/marcelolopes.jor.br\/site\/wp-content\/uploads\/2021\/03\/carrinho-de-brinquedo-vermelho-em-frente-a-pilha-de-moedas-representando-impostos-ligados-a-veiculos-como-ipva-e1608054921486.jpg","contentUrl":"https:\/\/marcelolopes.jor.br\/site\/wp-content\/uploads\/2021\/03\/carrinho-de-brinquedo-vermelho-em-frente-a-pilha-de-moedas-representando-impostos-ligados-a-veiculos-como-ipva-e1608054921486.jpg","width":1379,"height":901,"caption":"IPVA atrasado de 2022"},{"@type":"BreadcrumbList","@id":"https:\/\/marcelolopes.jor.br\/site\/2021\/03\/16\/estado-arrecadou-ate-fevereiro-quase-r-4-bi-com-o-ipva-2021\/#breadcrumb","itemListElement":[{"@type":"ListItem","position":1,"name":"Home","item":"https:\/\/marcelolopes.jor.br\/site\/"},{"@type":"ListItem","position":2,"name":"Estado arrecadou at\u00e9 fevereiro quase R$ 4 bi com o IPVA 2021\u00a0"}]},{"@type":"WebSite","@id":"https:\/\/marcelolopes.jor.br\/site\/#website","url":"https:\/\/marcelolopes.jor.br\/site\/","name":"Marcelo Lopes","description":"Not\u00edcias de Cataguases e Regi\u00e3o","publisher":{"@id":"https:\/\/marcelolopes.jor.br\/site\/#organization"},"potentialAction":[{"@type":"SearchAction","target":{"@type":"EntryPoint","urlTemplate":"https:\/\/marcelolopes.jor.br\/site\/?s={search_term_string}"},"query-input":{"@type":"PropertyValueSpecification","valueRequired":true,"valueName":"search_term_string"}}],"inLanguage":"pt-BR"},{"@type":"Organization","@id":"https:\/\/marcelolopes.jor.br\/site\/#organization","name":"Site do Marcelo Lopes","url":"https:\/\/marcelolopes.jor.br\/site\/","logo":{"@type":"ImageObject","inLanguage":"pt-BR","@id":"https:\/\/marcelolopes.jor.br\/site\/#\/schema\/logo\/image\/","url":"https:\/\/marcelolopes.jor.br\/site\/wp-content\/uploads\/2024\/11\/logo-1.png","contentUrl":"https:\/\/marcelolopes.jor.br\/site\/wp-content\/uploads\/2024\/11\/logo-1.png","width":475,"height":80,"caption":"Site do Marcelo Lopes"},"image":{"@id":"https:\/\/marcelolopes.jor.br\/site\/#\/schema\/logo\/image\/"},"sameAs":["https:\/\/www.facebook.com\/sitedomarcelolopes","https:\/\/www.instagram.com\/sitedomarcelolopes\/","https:\/\/www.linkedin.com\/company\/site-do-marcelo-lopes\/","https:\/\/www.youtube.com\/user\/marcelolopes957"]},{"@type":"Person","@id":"https:\/\/marcelolopes.jor.br\/site\/#\/schema\/person\/3e7216a35c34d8fdf952b31da3d1f89f","name":"Marcelo Lopes","sameAs":["http:\/\/www.marcelolopes.jor.br"],"url":"https:\/\/marcelolopes.jor.br\/site\/author\/marcelo\/"}]}},"wps_subtitle":"O montante representa 59,4% do total de R$ 6,4 bi previstos para este ano.","_links":{"self":[{"href":"https:\/\/marcelolopes.jor.br\/site\/wp-json\/wp\/v2\/posts\/22260","targetHints":{"allow":["GET"]}}],"collection":[{"href":"https:\/\/marcelolopes.jor.br\/site\/wp-json\/wp\/v2\/posts"}],"about":[{"href":"https:\/\/marcelolopes.jor.br\/site\/wp-json\/wp\/v2\/types\/post"}],"author":[{"embeddable":true,"href":"https:\/\/marcelolopes.jor.br\/site\/wp-json\/wp\/v2\/users\/2"}],"replies":[{"embeddable":true,"href":"https:\/\/marcelolopes.jor.br\/site\/wp-json\/wp\/v2\/comments?post=22260"}],"version-history":[{"count":0,"href":"https:\/\/marcelolopes.jor.br\/site\/wp-json\/wp\/v2\/posts\/22260\/revisions"}],"wp:featuredmedia":[{"embeddable":true,"href":"https:\/\/marcelolopes.jor.br\/site\/wp-json\/wp\/v2\/media\/22263"}],"wp:attachment":[{"href":"https:\/\/marcelolopes.jor.br\/site\/wp-json\/wp\/v2\/media?parent=22260"}],"wp:term":[{"taxonomy":"category","embeddable":true,"href":"https:\/\/marcelolopes.jor.br\/site\/wp-json\/wp\/v2\/categories?post=22260"},{"taxonomy":"post_tag","embeddable":true,"href":"https:\/\/marcelolopes.jor.br\/site\/wp-json\/wp\/v2\/tags?post=22260"}],"curies":[{"name":"wp","href":"https:\/\/api.w.org\/{rel}","templated":true}]}}