{"id":22239,"date":"2021-03-15T12:00:05","date_gmt":"2021-03-15T15:00:05","guid":{"rendered":"https:\/\/marcelolopes.jor.br\/?p=22239"},"modified":"2021-03-15T11:34:29","modified_gmt":"2021-03-15T14:34:29","slug":"secretaria-de-saude-de-cataguases-esclarece-sobre-faixa-etaria-de-vacinacao","status":"publish","type":"post","link":"https:\/\/marcelolopes.jor.br\/site\/2021\/03\/15\/secretaria-de-saude-de-cataguases-esclarece-sobre-faixa-etaria-de-vacinacao\/","title":{"rendered":"Secretaria de Sa\u00fade de Cataguases esclarece sobre faixa et\u00e1ria de vacina\u00e7\u00e3o"},"content":{"rendered":"<p style=\"text-align: justify;\">Nesta segunda-feira, 15 de mar\u00e7o, Cataguases receber\u00e1 mais uma remessa de vacinas contra a Covid-19, conforme este Site j\u00e1 divulgou. Ser\u00e3o 1.340 doses destinadas \u00e0s duas etapas de vacina\u00e7\u00e3o e v\u00e3o atender a 670 pessoas. A Secretaria Municipal de Sa\u00fade esclareceu, por\u00e9m, que a faixa et\u00e1ria a ser atendida por estas doses ser\u00e1 a de idosos com 79, 80 e 81 anos de idade, j\u00e1 a partir de amanh\u00e3, 16, das 8h ao meio dia. Os que est\u00e3o acima desta faixa et\u00e1ria tamb\u00e9m podem se vacinar; basta ir at\u00e9 um local de vacina\u00e7\u00e3o.<!--more--><\/p>\n<p style=\"text-align: justify;\"><a href=\"https:\/\/www.instagram.com\/p\/CMUqyv5L5pb\/?igshid=uul1ejrc3gq\"><img loading=\"lazy\" decoding=\"async\" class=\"aligncenter wp-image-22182 size-full\" src=\"https:\/\/marcelolopes.jor.br\/site\/wp-content\/uploads\/2021\/03\/Contrata\u00e7\u00e3o.jpeg\" alt=\"\" width=\"800\" height=\"214\" srcset=\"https:\/\/marcelolopes.jor.br\/site\/wp-content\/uploads\/2021\/03\/Contrata\u00e7\u00e3o.jpeg 800w, https:\/\/marcelolopes.jor.br\/site\/wp-content\/uploads\/2021\/03\/Contrata\u00e7\u00e3o-300x80.jpeg 300w, https:\/\/marcelolopes.jor.br\/site\/wp-content\/uploads\/2021\/03\/Contrata\u00e7\u00e3o-768x205.jpeg 768w\" sizes=\"auto, (max-width: 800px) 100vw, 800px\" \/><\/a>O que aconteceu foi que a Secretaria de Estado da Sa\u00fade divulgou a informa\u00e7\u00e3o \u201crecomendando&#8221; os munic\u00edpios a come\u00e7arem a imunizar pessoas com idade entre 75 a 79 anos com a nova remessa de vacina. Esta orienta\u00e7\u00e3o, por\u00e9m, \u00e9 para aqueles que j\u00e1 vacinaram o p\u00fablico mais velho, visto que cada cidade tem um ritmo pr\u00f3prio de imuniza\u00e7\u00e3o at\u00e9 mesmo em fun\u00e7\u00e3o do n\u00famero de idosos de cada faixa et\u00e1ria, explica aquela Pasta.<span class=\"Apple-converted-space\">\u00a0<\/span><\/p>\n<p style=\"text-align: justify;\">&#8211; Por isso, conta o secret\u00e1rio municipal de Sa\u00fade, Ricardo Mattos, \u201cn\u00f3s vamos come\u00e7ar a vacinar esta semana os idosos com 81, 80 e at\u00e9 79 anos de idade, lembrando que a gente gostaria de estar mais avan\u00e7ado neste processo, mas nosso trabalho \u00e9 limitado \u00e0s poucas doses do imunizante que recebemos\u201d, frisa Ricardo. Ele, finaliza contando que a campanha de vacina\u00e7\u00e3o em Cataguases segue dentro do ritmo previsto, \u201ce atendendo, rigorosamente, o p\u00fablico priorit\u00e1rio de cada faixa et\u00e1ria.&#8221;<\/p>\n<p>Foto ilustrativa<\/p>\n<div class=\"otbfj69f756bcaeba0\" ><br><\/div><style type=\"text\/css\">\r\n@media screen and (min-width: 1201px) {\r\n.otbfj69f756bcaeba0 {\r\ndisplay: block;\r\n}\r\n}\r\n@media screen and (min-width: 993px) and (max-width: 1200px) {\r\n.otbfj69f756bcaeba0 {\r\ndisplay: block;\r\n}\r\n}\r\n@media screen and (min-width: 769px) and (max-width: 992px) {\r\n.otbfj69f756bcaeba0 {\r\ndisplay: block;\r\n}\r\n}\r\n@media screen and (min-width: 768px) and (max-width: 768px) {\r\n.otbfj69f756bcaeba0 {\r\ndisplay: block;\r\n}\r\n}\r\n@media screen and (max-width: 767px) {\r\n.otbfj69f756bcaeba0 {\r\ndisplay: block;\r\n}\r\n}\r\n<\/style>\r\n<div class=\"cowhw69f756bcb3a76\" ><div id=\"div_destino\"><\/div>\r\n<script src=\"https:\/\/cdn.snsrsv.com\/sdk.js\"><\/script>\r\n<script >\r\n      new sdk(\"464030C30061EA8BE065000000000001\") \r\n          .appendTo(\"div_destino\")\r\n          .disableStyle(true) \r\n          .setCacheBusterMacro(\"%%CACHEBUSTER%%\")\r\n          .setSize(\"800\",\"214\")\r\n          .setClickMacro(\"%%CLICK_URL_ESC%%\") \r\n          .setReferrerUrlMacro(\"%%REFERRER_URL_ESC%%\") \r\n          .start(); \r\n<\/script><\/div><style type=\"text\/css\">\r\n@media screen and (min-width: 1201px) {\r\n.cowhw69f756bcb3a76 {\r\ndisplay: block;\r\n}\r\n}\r\n@media screen and (min-width: 993px) and (max-width: 1200px) {\r\n.cowhw69f756bcb3a76 {\r\ndisplay: block;\r\n}\r\n}\r\n@media screen and (min-width: 769px) and (max-width: 992px) {\r\n.cowhw69f756bcb3a76 {\r\ndisplay: block;\r\n}\r\n}\r\n@media screen and (min-width: 768px) and (max-width: 768px) {\r\n.cowhw69f756bcb3a76 {\r\ndisplay: block;\r\n}\r\n}\r\n@media screen and (max-width: 767px) {\r\n.cowhw69f756bcb3a76 {\r\ndisplay: block;\r\n}\r\n}\r\n<\/style>\r\n","protected":false},"excerpt":{"rendered":"<p>Nesta segunda-feira, 15 de mar\u00e7o, Cataguases receber\u00e1 mais uma remessa de vacinas contra a Covid-19, conforme este Site j\u00e1 divulgou. Ser\u00e3o 1.340 doses destinadas \u00e0s duas etapas de vacina\u00e7\u00e3o e v\u00e3o atender a 670 pessoas. A Secretaria Municipal de Sa\u00fade<\/p>\n<p class=\"link-more\"><a class=\"more-link\" href=\"https:\/\/marcelolopes.jor.br\/site\/2021\/03\/15\/secretaria-de-saude-de-cataguases-esclarece-sobre-faixa-etaria-de-vacinacao\/\">Leia mais <span class=\"screen-reader-text\">Secretaria de Sa\u00fade de Cataguases esclarece sobre faixa et\u00e1ria de vacina\u00e7\u00e3o<\/span><\/a><\/p>\n","protected":false},"author":2,"featured_media":22241,"comment_status":"open","ping_status":"open","sticky":false,"template":"","format":"standard","meta":{"footnotes":""},"categories":[1],"tags":[1332,3610,2097,3640],"class_list":["post-22239","post","type-post","status-publish","format-standard","has-post-thumbnail","hentry","category-noticias","tag-campanha-de-vacinacao","tag-doses-de-vacina","tag-publico-alvo","tag-vacinacao-de-idosos","thumb-below-title"],"yoast_head":"<!-- This site is optimized with the Yoast SEO plugin v27.4 - https:\/\/yoast.com\/product\/yoast-seo-wordpress\/ -->\n<title>Secretaria de Sa\u00fade de Cataguases esclarece sobre faixa et\u00e1ria de vacina\u00e7\u00e3o | Marcelo Lopes<\/title>\n<meta name=\"robots\" content=\"index, follow, max-snippet:-1, max-image-preview:large, max-video-preview:-1\" \/>\n<link rel=\"canonical\" href=\"https:\/\/marcelolopes.jor.br\/site\/2021\/03\/15\/secretaria-de-saude-de-cataguases-esclarece-sobre-faixa-etaria-de-vacinacao\/\" \/>\n<meta property=\"og:locale\" content=\"pt_BR\" \/>\n<meta property=\"og:type\" content=\"article\" \/>\n<meta property=\"og:title\" content=\"Secretaria de Sa\u00fade de Cataguases esclarece sobre faixa et\u00e1ria de vacina\u00e7\u00e3o | Marcelo Lopes\" \/>\n<meta property=\"og:description\" content=\"Nesta segunda-feira, 15 de mar\u00e7o, Cataguases receber\u00e1 mais uma remessa de vacinas contra a Covid-19, conforme este Site j\u00e1 divulgou. Ser\u00e3o 1.340 doses destinadas \u00e0s duas etapas de vacina\u00e7\u00e3o e v\u00e3o atender a 670 pessoas. A Secretaria Municipal de Sa\u00fadeLeia mais Secretaria de Sa\u00fade de Cataguases esclarece sobre faixa et\u00e1ria de vacina\u00e7\u00e3o\" \/>\n<meta property=\"og:url\" content=\"https:\/\/marcelolopes.jor.br\/site\/2021\/03\/15\/secretaria-de-saude-de-cataguases-esclarece-sobre-faixa-etaria-de-vacinacao\/\" \/>\n<meta property=\"og:site_name\" content=\"Marcelo Lopes\" \/>\n<meta property=\"article:publisher\" content=\"https:\/\/www.facebook.com\/sitedomarcelolopes\" \/>\n<meta property=\"article:published_time\" content=\"2021-03-15T15:00:05+00:00\" \/>\n<meta property=\"og:image\" content=\"https:\/\/marcelolopes.jor.br\/site\/wp-content\/uploads\/2021\/03\/vacina-para-idosos.jpg\" \/>\n\t<meta property=\"og:image:width\" content=\"731\" \/>\n\t<meta property=\"og:image:height\" content=\"450\" \/>\n\t<meta property=\"og:image:type\" content=\"image\/jpeg\" \/>\n<meta name=\"author\" content=\"Marcelo Lopes\" \/>\n<meta name=\"twitter:card\" content=\"summary_large_image\" \/>\n<meta name=\"twitter:label1\" content=\"Escrito por\" \/>\n\t<meta name=\"twitter:data1\" content=\"Marcelo Lopes\" \/>\n\t<meta name=\"twitter:label2\" content=\"Est. tempo de leitura\" \/>\n\t<meta name=\"twitter:data2\" content=\"1 minuto\" \/>\n<script type=\"application\/ld+json\" class=\"yoast-schema-graph\">{\"@context\":\"https:\\\/\\\/schema.org\",\"@graph\":[{\"@type\":\"NewsArticle\",\"@id\":\"https:\\\/\\\/marcelolopes.jor.br\\\/site\\\/2021\\\/03\\\/15\\\/secretaria-de-saude-de-cataguases-esclarece-sobre-faixa-etaria-de-vacinacao\\\/#article\",\"isPartOf\":{\"@id\":\"https:\\\/\\\/marcelolopes.jor.br\\\/site\\\/2021\\\/03\\\/15\\\/secretaria-de-saude-de-cataguases-esclarece-sobre-faixa-etaria-de-vacinacao\\\/\"},\"author\":{\"name\":\"Marcelo Lopes\",\"@id\":\"https:\\\/\\\/marcelolopes.jor.br\\\/site\\\/#\\\/schema\\\/person\\\/3e7216a35c34d8fdf952b31da3d1f89f\"},\"headline\":\"Secretaria de Sa\u00fade de Cataguases esclarece sobre faixa et\u00e1ria de vacina\u00e7\u00e3o\",\"datePublished\":\"2021-03-15T15:00:05+00:00\",\"mainEntityOfPage\":{\"@id\":\"https:\\\/\\\/marcelolopes.jor.br\\\/site\\\/2021\\\/03\\\/15\\\/secretaria-de-saude-de-cataguases-esclarece-sobre-faixa-etaria-de-vacinacao\\\/\"},\"wordCount\":279,\"commentCount\":0,\"publisher\":{\"@id\":\"https:\\\/\\\/marcelolopes.jor.br\\\/site\\\/#organization\"},\"image\":{\"@id\":\"https:\\\/\\\/marcelolopes.jor.br\\\/site\\\/2021\\\/03\\\/15\\\/secretaria-de-saude-de-cataguases-esclarece-sobre-faixa-etaria-de-vacinacao\\\/#primaryimage\"},\"thumbnailUrl\":\"https:\\\/\\\/marcelolopes.jor.br\\\/site\\\/wp-content\\\/uploads\\\/2021\\\/03\\\/vacina-para-idosos.jpg\",\"keywords\":[\"campanha de vacina\u00e7\u00e3o\",\"doses de vacina\",\"p\u00fablico alvo\",\"vacina\u00e7\u00e3o de idosos\"],\"articleSection\":[\"Not\u00edcias\"],\"inLanguage\":\"pt-BR\",\"potentialAction\":[{\"@type\":\"CommentAction\",\"name\":\"Comment\",\"target\":[\"https:\\\/\\\/marcelolopes.jor.br\\\/site\\\/2021\\\/03\\\/15\\\/secretaria-de-saude-de-cataguases-esclarece-sobre-faixa-etaria-de-vacinacao\\\/#respond\"]}]},{\"@type\":\"WebPage\",\"@id\":\"https:\\\/\\\/marcelolopes.jor.br\\\/site\\\/2021\\\/03\\\/15\\\/secretaria-de-saude-de-cataguases-esclarece-sobre-faixa-etaria-de-vacinacao\\\/\",\"url\":\"https:\\\/\\\/marcelolopes.jor.br\\\/site\\\/2021\\\/03\\\/15\\\/secretaria-de-saude-de-cataguases-esclarece-sobre-faixa-etaria-de-vacinacao\\\/\",\"name\":\"Secretaria de Sa\u00fade de Cataguases esclarece sobre faixa et\u00e1ria de vacina\u00e7\u00e3o | Marcelo Lopes\",\"isPartOf\":{\"@id\":\"https:\\\/\\\/marcelolopes.jor.br\\\/site\\\/#website\"},\"primaryImageOfPage\":{\"@id\":\"https:\\\/\\\/marcelolopes.jor.br\\\/site\\\/2021\\\/03\\\/15\\\/secretaria-de-saude-de-cataguases-esclarece-sobre-faixa-etaria-de-vacinacao\\\/#primaryimage\"},\"image\":{\"@id\":\"https:\\\/\\\/marcelolopes.jor.br\\\/site\\\/2021\\\/03\\\/15\\\/secretaria-de-saude-de-cataguases-esclarece-sobre-faixa-etaria-de-vacinacao\\\/#primaryimage\"},\"thumbnailUrl\":\"https:\\\/\\\/marcelolopes.jor.br\\\/site\\\/wp-content\\\/uploads\\\/2021\\\/03\\\/vacina-para-idosos.jpg\",\"datePublished\":\"2021-03-15T15:00:05+00:00\",\"breadcrumb\":{\"@id\":\"https:\\\/\\\/marcelolopes.jor.br\\\/site\\\/2021\\\/03\\\/15\\\/secretaria-de-saude-de-cataguases-esclarece-sobre-faixa-etaria-de-vacinacao\\\/#breadcrumb\"},\"inLanguage\":\"pt-BR\",\"potentialAction\":[{\"@type\":\"ReadAction\",\"target\":[\"https:\\\/\\\/marcelolopes.jor.br\\\/site\\\/2021\\\/03\\\/15\\\/secretaria-de-saude-de-cataguases-esclarece-sobre-faixa-etaria-de-vacinacao\\\/\"]}]},{\"@type\":\"ImageObject\",\"inLanguage\":\"pt-BR\",\"@id\":\"https:\\\/\\\/marcelolopes.jor.br\\\/site\\\/2021\\\/03\\\/15\\\/secretaria-de-saude-de-cataguases-esclarece-sobre-faixa-etaria-de-vacinacao\\\/#primaryimage\",\"url\":\"https:\\\/\\\/marcelolopes.jor.br\\\/site\\\/wp-content\\\/uploads\\\/2021\\\/03\\\/vacina-para-idosos.jpg\",\"contentUrl\":\"https:\\\/\\\/marcelolopes.jor.br\\\/site\\\/wp-content\\\/uploads\\\/2021\\\/03\\\/vacina-para-idosos.jpg\",\"width\":731,\"height\":450},{\"@type\":\"BreadcrumbList\",\"@id\":\"https:\\\/\\\/marcelolopes.jor.br\\\/site\\\/2021\\\/03\\\/15\\\/secretaria-de-saude-de-cataguases-esclarece-sobre-faixa-etaria-de-vacinacao\\\/#breadcrumb\",\"itemListElement\":[{\"@type\":\"ListItem\",\"position\":1,\"name\":\"Home\",\"item\":\"https:\\\/\\\/marcelolopes.jor.br\\\/site\\\/\"},{\"@type\":\"ListItem\",\"position\":2,\"name\":\"Secretaria de Sa\u00fade de Cataguases esclarece sobre faixa et\u00e1ria de vacina\u00e7\u00e3o\"}]},{\"@type\":\"WebSite\",\"@id\":\"https:\\\/\\\/marcelolopes.jor.br\\\/site\\\/#website\",\"url\":\"https:\\\/\\\/marcelolopes.jor.br\\\/site\\\/\",\"name\":\"Marcelo Lopes\",\"description\":\"Not\u00edcias de Cataguases e Regi\u00e3o\",\"publisher\":{\"@id\":\"https:\\\/\\\/marcelolopes.jor.br\\\/site\\\/#organization\"},\"potentialAction\":[{\"@type\":\"SearchAction\",\"target\":{\"@type\":\"EntryPoint\",\"urlTemplate\":\"https:\\\/\\\/marcelolopes.jor.br\\\/site\\\/?s={search_term_string}\"},\"query-input\":{\"@type\":\"PropertyValueSpecification\",\"valueRequired\":true,\"valueName\":\"search_term_string\"}}],\"inLanguage\":\"pt-BR\"},{\"@type\":\"Organization\",\"@id\":\"https:\\\/\\\/marcelolopes.jor.br\\\/site\\\/#organization\",\"name\":\"Site do Marcelo Lopes\",\"url\":\"https:\\\/\\\/marcelolopes.jor.br\\\/site\\\/\",\"logo\":{\"@type\":\"ImageObject\",\"inLanguage\":\"pt-BR\",\"@id\":\"https:\\\/\\\/marcelolopes.jor.br\\\/site\\\/#\\\/schema\\\/logo\\\/image\\\/\",\"url\":\"https:\\\/\\\/marcelolopes.jor.br\\\/site\\\/wp-content\\\/uploads\\\/2024\\\/11\\\/logo-1.png\",\"contentUrl\":\"https:\\\/\\\/marcelolopes.jor.br\\\/site\\\/wp-content\\\/uploads\\\/2024\\\/11\\\/logo-1.png\",\"width\":475,\"height\":80,\"caption\":\"Site do Marcelo Lopes\"},\"image\":{\"@id\":\"https:\\\/\\\/marcelolopes.jor.br\\\/site\\\/#\\\/schema\\\/logo\\\/image\\\/\"},\"sameAs\":[\"https:\\\/\\\/www.facebook.com\\\/sitedomarcelolopes\",\"https:\\\/\\\/www.instagram.com\\\/sitedomarcelolopes\\\/\",\"https:\\\/\\\/www.linkedin.com\\\/company\\\/site-do-marcelo-lopes\\\/\",\"https:\\\/\\\/www.youtube.com\\\/user\\\/marcelolopes957\"]},{\"@type\":\"Person\",\"@id\":\"https:\\\/\\\/marcelolopes.jor.br\\\/site\\\/#\\\/schema\\\/person\\\/3e7216a35c34d8fdf952b31da3d1f89f\",\"name\":\"Marcelo Lopes\",\"sameAs\":[\"http:\\\/\\\/www.marcelolopes.jor.br\"],\"url\":\"https:\\\/\\\/marcelolopes.jor.br\\\/site\\\/author\\\/marcelo\\\/\"}]}<\/script>\n<!-- \/ Yoast SEO plugin. -->","yoast_head_json":{"title":"Secretaria de Sa\u00fade de Cataguases esclarece sobre faixa et\u00e1ria de vacina\u00e7\u00e3o | Marcelo Lopes","robots":{"index":"index","follow":"follow","max-snippet":"max-snippet:-1","max-image-preview":"max-image-preview:large","max-video-preview":"max-video-preview:-1"},"canonical":"https:\/\/marcelolopes.jor.br\/site\/2021\/03\/15\/secretaria-de-saude-de-cataguases-esclarece-sobre-faixa-etaria-de-vacinacao\/","og_locale":"pt_BR","og_type":"article","og_title":"Secretaria de Sa\u00fade de Cataguases esclarece sobre faixa et\u00e1ria de vacina\u00e7\u00e3o | Marcelo Lopes","og_description":"Nesta segunda-feira, 15 de mar\u00e7o, Cataguases receber\u00e1 mais uma remessa de vacinas contra a Covid-19, conforme este Site j\u00e1 divulgou. Ser\u00e3o 1.340 doses destinadas \u00e0s duas etapas de vacina\u00e7\u00e3o e v\u00e3o atender a 670 pessoas. A Secretaria Municipal de Sa\u00fadeLeia mais Secretaria de Sa\u00fade de Cataguases esclarece sobre faixa et\u00e1ria de vacina\u00e7\u00e3o","og_url":"https:\/\/marcelolopes.jor.br\/site\/2021\/03\/15\/secretaria-de-saude-de-cataguases-esclarece-sobre-faixa-etaria-de-vacinacao\/","og_site_name":"Marcelo Lopes","article_publisher":"https:\/\/www.facebook.com\/sitedomarcelolopes","article_published_time":"2021-03-15T15:00:05+00:00","og_image":[{"width":731,"height":450,"url":"https:\/\/marcelolopes.jor.br\/site\/wp-content\/uploads\/2021\/03\/vacina-para-idosos.jpg","type":"image\/jpeg"}],"author":"Marcelo Lopes","twitter_card":"summary_large_image","twitter_misc":{"Escrito por":"Marcelo Lopes","Est. tempo de leitura":"1 minuto"},"schema":{"@context":"https:\/\/schema.org","@graph":[{"@type":"NewsArticle","@id":"https:\/\/marcelolopes.jor.br\/site\/2021\/03\/15\/secretaria-de-saude-de-cataguases-esclarece-sobre-faixa-etaria-de-vacinacao\/#article","isPartOf":{"@id":"https:\/\/marcelolopes.jor.br\/site\/2021\/03\/15\/secretaria-de-saude-de-cataguases-esclarece-sobre-faixa-etaria-de-vacinacao\/"},"author":{"name":"Marcelo Lopes","@id":"https:\/\/marcelolopes.jor.br\/site\/#\/schema\/person\/3e7216a35c34d8fdf952b31da3d1f89f"},"headline":"Secretaria de Sa\u00fade de Cataguases esclarece sobre faixa et\u00e1ria de vacina\u00e7\u00e3o","datePublished":"2021-03-15T15:00:05+00:00","mainEntityOfPage":{"@id":"https:\/\/marcelolopes.jor.br\/site\/2021\/03\/15\/secretaria-de-saude-de-cataguases-esclarece-sobre-faixa-etaria-de-vacinacao\/"},"wordCount":279,"commentCount":0,"publisher":{"@id":"https:\/\/marcelolopes.jor.br\/site\/#organization"},"image":{"@id":"https:\/\/marcelolopes.jor.br\/site\/2021\/03\/15\/secretaria-de-saude-de-cataguases-esclarece-sobre-faixa-etaria-de-vacinacao\/#primaryimage"},"thumbnailUrl":"https:\/\/marcelolopes.jor.br\/site\/wp-content\/uploads\/2021\/03\/vacina-para-idosos.jpg","keywords":["campanha de vacina\u00e7\u00e3o","doses de vacina","p\u00fablico alvo","vacina\u00e7\u00e3o de idosos"],"articleSection":["Not\u00edcias"],"inLanguage":"pt-BR","potentialAction":[{"@type":"CommentAction","name":"Comment","target":["https:\/\/marcelolopes.jor.br\/site\/2021\/03\/15\/secretaria-de-saude-de-cataguases-esclarece-sobre-faixa-etaria-de-vacinacao\/#respond"]}]},{"@type":"WebPage","@id":"https:\/\/marcelolopes.jor.br\/site\/2021\/03\/15\/secretaria-de-saude-de-cataguases-esclarece-sobre-faixa-etaria-de-vacinacao\/","url":"https:\/\/marcelolopes.jor.br\/site\/2021\/03\/15\/secretaria-de-saude-de-cataguases-esclarece-sobre-faixa-etaria-de-vacinacao\/","name":"Secretaria de Sa\u00fade de Cataguases esclarece sobre faixa et\u00e1ria de vacina\u00e7\u00e3o | Marcelo Lopes","isPartOf":{"@id":"https:\/\/marcelolopes.jor.br\/site\/#website"},"primaryImageOfPage":{"@id":"https:\/\/marcelolopes.jor.br\/site\/2021\/03\/15\/secretaria-de-saude-de-cataguases-esclarece-sobre-faixa-etaria-de-vacinacao\/#primaryimage"},"image":{"@id":"https:\/\/marcelolopes.jor.br\/site\/2021\/03\/15\/secretaria-de-saude-de-cataguases-esclarece-sobre-faixa-etaria-de-vacinacao\/#primaryimage"},"thumbnailUrl":"https:\/\/marcelolopes.jor.br\/site\/wp-content\/uploads\/2021\/03\/vacina-para-idosos.jpg","datePublished":"2021-03-15T15:00:05+00:00","breadcrumb":{"@id":"https:\/\/marcelolopes.jor.br\/site\/2021\/03\/15\/secretaria-de-saude-de-cataguases-esclarece-sobre-faixa-etaria-de-vacinacao\/#breadcrumb"},"inLanguage":"pt-BR","potentialAction":[{"@type":"ReadAction","target":["https:\/\/marcelolopes.jor.br\/site\/2021\/03\/15\/secretaria-de-saude-de-cataguases-esclarece-sobre-faixa-etaria-de-vacinacao\/"]}]},{"@type":"ImageObject","inLanguage":"pt-BR","@id":"https:\/\/marcelolopes.jor.br\/site\/2021\/03\/15\/secretaria-de-saude-de-cataguases-esclarece-sobre-faixa-etaria-de-vacinacao\/#primaryimage","url":"https:\/\/marcelolopes.jor.br\/site\/wp-content\/uploads\/2021\/03\/vacina-para-idosos.jpg","contentUrl":"https:\/\/marcelolopes.jor.br\/site\/wp-content\/uploads\/2021\/03\/vacina-para-idosos.jpg","width":731,"height":450},{"@type":"BreadcrumbList","@id":"https:\/\/marcelolopes.jor.br\/site\/2021\/03\/15\/secretaria-de-saude-de-cataguases-esclarece-sobre-faixa-etaria-de-vacinacao\/#breadcrumb","itemListElement":[{"@type":"ListItem","position":1,"name":"Home","item":"https:\/\/marcelolopes.jor.br\/site\/"},{"@type":"ListItem","position":2,"name":"Secretaria de Sa\u00fade de Cataguases esclarece sobre faixa et\u00e1ria de vacina\u00e7\u00e3o"}]},{"@type":"WebSite","@id":"https:\/\/marcelolopes.jor.br\/site\/#website","url":"https:\/\/marcelolopes.jor.br\/site\/","name":"Marcelo Lopes","description":"Not\u00edcias de Cataguases e Regi\u00e3o","publisher":{"@id":"https:\/\/marcelolopes.jor.br\/site\/#organization"},"potentialAction":[{"@type":"SearchAction","target":{"@type":"EntryPoint","urlTemplate":"https:\/\/marcelolopes.jor.br\/site\/?s={search_term_string}"},"query-input":{"@type":"PropertyValueSpecification","valueRequired":true,"valueName":"search_term_string"}}],"inLanguage":"pt-BR"},{"@type":"Organization","@id":"https:\/\/marcelolopes.jor.br\/site\/#organization","name":"Site do Marcelo Lopes","url":"https:\/\/marcelolopes.jor.br\/site\/","logo":{"@type":"ImageObject","inLanguage":"pt-BR","@id":"https:\/\/marcelolopes.jor.br\/site\/#\/schema\/logo\/image\/","url":"https:\/\/marcelolopes.jor.br\/site\/wp-content\/uploads\/2024\/11\/logo-1.png","contentUrl":"https:\/\/marcelolopes.jor.br\/site\/wp-content\/uploads\/2024\/11\/logo-1.png","width":475,"height":80,"caption":"Site do Marcelo Lopes"},"image":{"@id":"https:\/\/marcelolopes.jor.br\/site\/#\/schema\/logo\/image\/"},"sameAs":["https:\/\/www.facebook.com\/sitedomarcelolopes","https:\/\/www.instagram.com\/sitedomarcelolopes\/","https:\/\/www.linkedin.com\/company\/site-do-marcelo-lopes\/","https:\/\/www.youtube.com\/user\/marcelolopes957"]},{"@type":"Person","@id":"https:\/\/marcelolopes.jor.br\/site\/#\/schema\/person\/3e7216a35c34d8fdf952b31da3d1f89f","name":"Marcelo Lopes","sameAs":["http:\/\/www.marcelolopes.jor.br"],"url":"https:\/\/marcelolopes.jor.br\/site\/author\/marcelo\/"}]}},"wps_subtitle":"Esta semana ser\u00e3o vacinados idosos com 79, 80 e 81 anos, explica Secret\u00e1rio.","_links":{"self":[{"href":"https:\/\/marcelolopes.jor.br\/site\/wp-json\/wp\/v2\/posts\/22239","targetHints":{"allow":["GET"]}}],"collection":[{"href":"https:\/\/marcelolopes.jor.br\/site\/wp-json\/wp\/v2\/posts"}],"about":[{"href":"https:\/\/marcelolopes.jor.br\/site\/wp-json\/wp\/v2\/types\/post"}],"author":[{"embeddable":true,"href":"https:\/\/marcelolopes.jor.br\/site\/wp-json\/wp\/v2\/users\/2"}],"replies":[{"embeddable":true,"href":"https:\/\/marcelolopes.jor.br\/site\/wp-json\/wp\/v2\/comments?post=22239"}],"version-history":[{"count":0,"href":"https:\/\/marcelolopes.jor.br\/site\/wp-json\/wp\/v2\/posts\/22239\/revisions"}],"wp:featuredmedia":[{"embeddable":true,"href":"https:\/\/marcelolopes.jor.br\/site\/wp-json\/wp\/v2\/media\/22241"}],"wp:attachment":[{"href":"https:\/\/marcelolopes.jor.br\/site\/wp-json\/wp\/v2\/media?parent=22239"}],"wp:term":[{"taxonomy":"category","embeddable":true,"href":"https:\/\/marcelolopes.jor.br\/site\/wp-json\/wp\/v2\/categories?post=22239"},{"taxonomy":"post_tag","embeddable":true,"href":"https:\/\/marcelolopes.jor.br\/site\/wp-json\/wp\/v2\/tags?post=22239"}],"curies":[{"name":"wp","href":"https:\/\/api.w.org\/{rel}","templated":true}]}}