{"id":22177,"date":"2021-03-12T16:00:56","date_gmt":"2021-03-12T19:00:56","guid":{"rendered":"https:\/\/marcelolopes.jor.br\/?p=22177"},"modified":"2021-03-12T12:12:58","modified_gmt":"2021-03-12T15:12:58","slug":"sicoob-coopemata-realiza-assembleia-geral-ordinaria-em-formato-digital","status":"publish","type":"post","link":"https:\/\/marcelolopes.jor.br\/site\/2021\/03\/12\/sicoob-coopemata-realiza-assembleia-geral-ordinaria-em-formato-digital\/","title":{"rendered":"Sicoob Coopemata realiza Assembleia Geral Ordin\u00e1ria em formato digital"},"content":{"rendered":"<p style=\"text-align: justify;\">O Sicoob Coopemata realizou sua Assembleia Geral Ordin\u00e1ria (AGO) ter\u00e7a-feira, dia 02, de forma completamente virtual. O destaque do evento foi a aprova\u00e7\u00e3o dos resultados da cooperativa, com a conquista do 1\u00b0 bilh\u00e3o de ativos, mostrando o crescimento nos \u00faltimos anos, que saiu em dezembro de 2019 com R$ 539 milh\u00f5es para encerrar dezembro de 2020 com R$ 1 bilh\u00e3o em ativos totais. Na ocasi\u00e3o, foi definido o valor de R$ 10 milh\u00f5es para Distribui\u00e7\u00e3o de Sobras, parte devolvida aos cooperados de acordo com suas movimenta\u00e7\u00f5es financeiras na cooperativa.<!--more--><\/p>\n<p><a href=\"https:\/\/www.instagram.com\/p\/CMUqyv5L5pb\/?igshid=uul1ejrc3gq\"><img loading=\"lazy\" decoding=\"async\" class=\"aligncenter wp-image-22182 size-full\" src=\"https:\/\/marcelolopes.jor.br\/site\/wp-content\/uploads\/2021\/03\/Contrata\u00e7\u00e3o.jpeg\" alt=\"\" width=\"800\" height=\"214\" srcset=\"https:\/\/marcelolopes.jor.br\/site\/wp-content\/uploads\/2021\/03\/Contrata\u00e7\u00e3o.jpeg 800w, https:\/\/marcelolopes.jor.br\/site\/wp-content\/uploads\/2021\/03\/Contrata\u00e7\u00e3o-300x80.jpeg 300w, https:\/\/marcelolopes.jor.br\/site\/wp-content\/uploads\/2021\/03\/Contrata\u00e7\u00e3o-768x205.jpeg 768w\" sizes=\"auto, (max-width: 800px) 100vw, 800px\" \/><\/a><\/p>\n<p style=\"text-align: justify;\"><img loading=\"lazy\" decoding=\"async\" class=\"alignright wp-image-8045\" src=\"https:\/\/marcelolopes.jor.br\/site\/wp-content\/uploads\/2019\/11\/Cesar.jpg\" alt=\"\" width=\"200\" height=\"236\" srcset=\"https:\/\/marcelolopes.jor.br\/site\/wp-content\/uploads\/2019\/11\/Cesar.jpg 458w, https:\/\/marcelolopes.jor.br\/site\/wp-content\/uploads\/2019\/11\/Cesar-254x300.jpg 254w\" sizes=\"auto, (max-width: 200px) 100vw, 200px\" \/>O presidente do Conselho de Administra\u00e7\u00e3o do Sicoob Coopemata, C\u00e9sar Mattos (foto ao lado), aproveitou a oportunidade para agradecer a todos os cooperados pela confian\u00e7a e aos colaboradores pelo empenho do \u00faltimo ano. \u201cS\u00f3 conseguimos atingir o 1\u00ba bi de ativos gra\u00e7as ao foco dos nossos colaboradores e, principalmente, com o apoio incondicional que tivemos de todos os nossos cooperados. Os ativos s\u00e3o dos cooperados e n\u00e3o ter\u00edamos um crescimento t\u00e3o expressivo se eles n\u00e3o colocassem seus recursos na cooperativa. Isso foi uma demonstra\u00e7\u00e3o de confian\u00e7a, apoio e certeza de que a cooperativa \u00e9 uma institui\u00e7\u00e3o dele e que ele realmente prestigia aquilo que \u00e9 dele, que \u00e9 o Sicoob Coopemata. Aqui os cooperados s\u00e3o de fato parceiros e n\u00e3o clientes como nos bancos. Somos uma empresa cooperativa, fazemos quest\u00e3o e temos orgulho desse modelo de neg\u00f3cio. Somos a 5\u00ba cooperativa de cr\u00e9dito dentro do Sistema Sicoob a atingir o 1\u00ba bi de ativos em Minas\u201d.<\/p>\n<p>Tamb\u00e9m participaram da Assembleia Geral Ordin\u00e1ria a supervisora de Desenvolvimento Cooperativista, Lorena Miranda, o diretor administrativo, Vin\u00edcius do Vale, que apresentou os resultados da cooperativa do exerc\u00edcio do ano anterior, levado a vota\u00e7\u00e3o para aprova\u00e7\u00e3o dos cooperados, e a conselheira Maria Denise Faria, que fez a leitura do parecer favor\u00e1vel do Conselho Fiscal sobre as contas do exerc\u00edcio de 2020 e do parecer da auditoria da Confedera\u00e7\u00e3o Nacional de Auditoria Cooperativa (CNAC), tamb\u00e9m favor\u00e1vel.<\/p>\n<p style=\"text-align: justify;\">Todas as vota\u00e7\u00f5es aconteceram dentro do aplicativo Sicoob MOOB, com um tempo para cada uma delas acontecer e todos poderem votar. Ao todo foram 5 vota\u00e7\u00f5es, sendo elas, Presta\u00e7\u00e3o de Contas do Exerc\u00edcio Encerrado em 31 de dezembro de 2020, Destina\u00e7\u00e3o do Resultado do Exerc\u00edcio de 2020, Uso e Aplica\u00e7\u00e3o do FATES, Fixa\u00e7\u00e3o de Honor\u00e1rios e C\u00e9dula de Presen\u00e7a e Capta\u00e7\u00e3o de Recursos de Munic\u00edpios de seus \u00f3rg\u00e3os ou de suas entidades por eles controlados. Tamb\u00e9m foram tratados assuntos de interesse geral sem car\u00e1ter deliberativo.<\/p>\n<p style=\"text-align: justify;\">Todos os itens apresentados foram aprovados pelos cooperados presentes por meio da vota\u00e7\u00e3o. Estiveram presentes 228 pessoas, sendo 67 cooperados votantes, com m\u00e9dia de 61 participa\u00e7\u00f5es por vota\u00e7\u00e3o. Foi apresentado, ainda, o Planejamento Estrat\u00e9gico da cooperativa. Para encerrar, a Comiss\u00e3o de \u00c9tica do Sicoob Coopemata deixou um recado aos cooperados, apresentando mais uma fun\u00e7\u00e3o do aplicativo Sicoob MOOB, que disponibiliza cursos gratuitos do universo cooperativista.<\/p>\n<p style=\"text-align: justify;\">Fonte: Comunica\u00e7\u00e3o Sicoob Coopemata | Fotos: Arquivo<\/p>\n<div class=\"wgpem69f73dfbbf681\" ><br><\/div><style type=\"text\/css\">\r\n@media screen and (min-width: 1201px) {\r\n.wgpem69f73dfbbf681 {\r\ndisplay: block;\r\n}\r\n}\r\n@media screen and (min-width: 993px) and (max-width: 1200px) {\r\n.wgpem69f73dfbbf681 {\r\ndisplay: block;\r\n}\r\n}\r\n@media screen and (min-width: 769px) and (max-width: 992px) {\r\n.wgpem69f73dfbbf681 {\r\ndisplay: block;\r\n}\r\n}\r\n@media screen and (min-width: 768px) and (max-width: 768px) {\r\n.wgpem69f73dfbbf681 {\r\ndisplay: block;\r\n}\r\n}\r\n@media screen and (max-width: 767px) {\r\n.wgpem69f73dfbbf681 {\r\ndisplay: block;\r\n}\r\n}\r\n<\/style>\r\n<div class=\"wmusi69f73dfbc5058\" ><div id=\"div_destino\"><\/div>\r\n<script src=\"https:\/\/cdn.snsrsv.com\/sdk.js\"><\/script>\r\n<script >\r\n      new sdk(\"464030C30061EA8BE065000000000001\") \r\n          .appendTo(\"div_destino\")\r\n          .disableStyle(true) \r\n          .setCacheBusterMacro(\"%%CACHEBUSTER%%\")\r\n          .setSize(\"800\",\"214\")\r\n          .setClickMacro(\"%%CLICK_URL_ESC%%\") \r\n          .setReferrerUrlMacro(\"%%REFERRER_URL_ESC%%\") \r\n          .start(); \r\n<\/script><\/div><style type=\"text\/css\">\r\n@media screen and (min-width: 1201px) {\r\n.wmusi69f73dfbc5058 {\r\ndisplay: block;\r\n}\r\n}\r\n@media screen and (min-width: 993px) and (max-width: 1200px) {\r\n.wmusi69f73dfbc5058 {\r\ndisplay: block;\r\n}\r\n}\r\n@media screen and (min-width: 769px) and (max-width: 992px) {\r\n.wmusi69f73dfbc5058 {\r\ndisplay: block;\r\n}\r\n}\r\n@media screen and (min-width: 768px) and (max-width: 768px) {\r\n.wmusi69f73dfbc5058 {\r\ndisplay: block;\r\n}\r\n}\r\n@media screen and (max-width: 767px) {\r\n.wmusi69f73dfbc5058 {\r\ndisplay: block;\r\n}\r\n}\r\n<\/style>\r\n","protected":false},"excerpt":{"rendered":"<p>O Sicoob Coopemata realizou sua Assembleia Geral Ordin\u00e1ria (AGO) ter\u00e7a-feira, dia 02, de forma completamente virtual. O destaque do evento foi a aprova\u00e7\u00e3o dos resultados da cooperativa, com a conquista do 1\u00b0 bilh\u00e3o de ativos, mostrando o crescimento nos \u00faltimos<\/p>\n<p class=\"link-more\"><a class=\"more-link\" href=\"https:\/\/marcelolopes.jor.br\/site\/2021\/03\/12\/sicoob-coopemata-realiza-assembleia-geral-ordinaria-em-formato-digital\/\">Leia mais <span class=\"screen-reader-text\">Sicoob Coopemata realiza Assembleia Geral Ordin\u00e1ria em formato digital<\/span><\/a><\/p>\n","protected":false},"author":2,"featured_media":22179,"comment_status":"open","ping_status":"open","sticky":false,"template":"","format":"standard","meta":{"footnotes":""},"categories":[1],"tags":[3762,950,370,1630],"class_list":["post-22177","post","type-post","status-publish","format-standard","has-post-thumbnail","hentry","category-noticias","tag-assembleia-geral","tag-cooperativa","tag-sicoob-coopemata","tag-sobras","thumb-below-title"],"yoast_head":"<!-- This site is optimized with the Yoast SEO plugin v27.4 - https:\/\/yoast.com\/product\/yoast-seo-wordpress\/ -->\n<title>Sicoob Coopemata realiza Assembleia Geral Ordin\u00e1ria em formato digital | Marcelo Lopes<\/title>\n<meta name=\"robots\" content=\"index, follow, max-snippet:-1, max-image-preview:large, max-video-preview:-1\" \/>\n<link rel=\"canonical\" href=\"https:\/\/marcelolopes.jor.br\/site\/2021\/03\/12\/sicoob-coopemata-realiza-assembleia-geral-ordinaria-em-formato-digital\/\" \/>\n<meta property=\"og:locale\" content=\"pt_BR\" \/>\n<meta property=\"og:type\" content=\"article\" \/>\n<meta property=\"og:title\" content=\"Sicoob Coopemata realiza Assembleia Geral Ordin\u00e1ria em formato digital | Marcelo Lopes\" \/>\n<meta property=\"og:description\" content=\"O Sicoob Coopemata realizou sua Assembleia Geral Ordin\u00e1ria (AGO) ter\u00e7a-feira, dia 02, de forma completamente virtual. O destaque do evento foi a aprova\u00e7\u00e3o dos resultados da cooperativa, com a conquista do 1\u00b0 bilh\u00e3o de ativos, mostrando o crescimento nos \u00faltimosLeia mais Sicoob Coopemata realiza Assembleia Geral Ordin\u00e1ria em formato digital\" \/>\n<meta property=\"og:url\" content=\"https:\/\/marcelolopes.jor.br\/site\/2021\/03\/12\/sicoob-coopemata-realiza-assembleia-geral-ordinaria-em-formato-digital\/\" \/>\n<meta property=\"og:site_name\" content=\"Marcelo Lopes\" \/>\n<meta property=\"article:publisher\" content=\"https:\/\/www.facebook.com\/sitedomarcelolopes\" \/>\n<meta property=\"article:published_time\" content=\"2021-03-12T19:00:56+00:00\" \/>\n<meta property=\"og:image\" content=\"https:\/\/marcelolopes.jor.br\/site\/wp-content\/uploads\/2021\/03\/Fachada-Centro-Admin..jpeg\" \/>\n\t<meta property=\"og:image:width\" content=\"1280\" \/>\n\t<meta property=\"og:image:height\" content=\"853\" \/>\n\t<meta property=\"og:image:type\" content=\"image\/jpeg\" \/>\n<meta name=\"author\" content=\"Marcelo Lopes\" \/>\n<meta name=\"twitter:card\" content=\"summary_large_image\" \/>\n<meta name=\"twitter:label1\" content=\"Escrito por\" \/>\n\t<meta name=\"twitter:data1\" content=\"Marcelo Lopes\" \/>\n\t<meta name=\"twitter:label2\" content=\"Est. tempo de leitura\" \/>\n\t<meta name=\"twitter:data2\" content=\"3 minutos\" \/>\n<script type=\"application\/ld+json\" class=\"yoast-schema-graph\">{\"@context\":\"https:\\\/\\\/schema.org\",\"@graph\":[{\"@type\":\"NewsArticle\",\"@id\":\"https:\\\/\\\/marcelolopes.jor.br\\\/site\\\/2021\\\/03\\\/12\\\/sicoob-coopemata-realiza-assembleia-geral-ordinaria-em-formato-digital\\\/#article\",\"isPartOf\":{\"@id\":\"https:\\\/\\\/marcelolopes.jor.br\\\/site\\\/2021\\\/03\\\/12\\\/sicoob-coopemata-realiza-assembleia-geral-ordinaria-em-formato-digital\\\/\"},\"author\":{\"name\":\"Marcelo Lopes\",\"@id\":\"https:\\\/\\\/marcelolopes.jor.br\\\/site\\\/#\\\/schema\\\/person\\\/3e7216a35c34d8fdf952b31da3d1f89f\"},\"headline\":\"Sicoob Coopemata realiza Assembleia Geral Ordin\u00e1ria em formato digital\",\"datePublished\":\"2021-03-12T19:00:56+00:00\",\"mainEntityOfPage\":{\"@id\":\"https:\\\/\\\/marcelolopes.jor.br\\\/site\\\/2021\\\/03\\\/12\\\/sicoob-coopemata-realiza-assembleia-geral-ordinaria-em-formato-digital\\\/\"},\"wordCount\":526,\"commentCount\":0,\"publisher\":{\"@id\":\"https:\\\/\\\/marcelolopes.jor.br\\\/site\\\/#organization\"},\"image\":{\"@id\":\"https:\\\/\\\/marcelolopes.jor.br\\\/site\\\/2021\\\/03\\\/12\\\/sicoob-coopemata-realiza-assembleia-geral-ordinaria-em-formato-digital\\\/#primaryimage\"},\"thumbnailUrl\":\"https:\\\/\\\/marcelolopes.jor.br\\\/site\\\/wp-content\\\/uploads\\\/2021\\\/03\\\/Fachada-Centro-Admin..jpeg\",\"keywords\":[\"Assembleia Geral\",\"cooperativa\",\"Sicoob Coopemata\",\"sobras\"],\"articleSection\":[\"Not\u00edcias\"],\"inLanguage\":\"pt-BR\",\"potentialAction\":[{\"@type\":\"CommentAction\",\"name\":\"Comment\",\"target\":[\"https:\\\/\\\/marcelolopes.jor.br\\\/site\\\/2021\\\/03\\\/12\\\/sicoob-coopemata-realiza-assembleia-geral-ordinaria-em-formato-digital\\\/#respond\"]}]},{\"@type\":\"WebPage\",\"@id\":\"https:\\\/\\\/marcelolopes.jor.br\\\/site\\\/2021\\\/03\\\/12\\\/sicoob-coopemata-realiza-assembleia-geral-ordinaria-em-formato-digital\\\/\",\"url\":\"https:\\\/\\\/marcelolopes.jor.br\\\/site\\\/2021\\\/03\\\/12\\\/sicoob-coopemata-realiza-assembleia-geral-ordinaria-em-formato-digital\\\/\",\"name\":\"Sicoob Coopemata realiza Assembleia Geral Ordin\u00e1ria em formato digital | Marcelo Lopes\",\"isPartOf\":{\"@id\":\"https:\\\/\\\/marcelolopes.jor.br\\\/site\\\/#website\"},\"primaryImageOfPage\":{\"@id\":\"https:\\\/\\\/marcelolopes.jor.br\\\/site\\\/2021\\\/03\\\/12\\\/sicoob-coopemata-realiza-assembleia-geral-ordinaria-em-formato-digital\\\/#primaryimage\"},\"image\":{\"@id\":\"https:\\\/\\\/marcelolopes.jor.br\\\/site\\\/2021\\\/03\\\/12\\\/sicoob-coopemata-realiza-assembleia-geral-ordinaria-em-formato-digital\\\/#primaryimage\"},\"thumbnailUrl\":\"https:\\\/\\\/marcelolopes.jor.br\\\/site\\\/wp-content\\\/uploads\\\/2021\\\/03\\\/Fachada-Centro-Admin..jpeg\",\"datePublished\":\"2021-03-12T19:00:56+00:00\",\"breadcrumb\":{\"@id\":\"https:\\\/\\\/marcelolopes.jor.br\\\/site\\\/2021\\\/03\\\/12\\\/sicoob-coopemata-realiza-assembleia-geral-ordinaria-em-formato-digital\\\/#breadcrumb\"},\"inLanguage\":\"pt-BR\",\"potentialAction\":[{\"@type\":\"ReadAction\",\"target\":[\"https:\\\/\\\/marcelolopes.jor.br\\\/site\\\/2021\\\/03\\\/12\\\/sicoob-coopemata-realiza-assembleia-geral-ordinaria-em-formato-digital\\\/\"]}]},{\"@type\":\"ImageObject\",\"inLanguage\":\"pt-BR\",\"@id\":\"https:\\\/\\\/marcelolopes.jor.br\\\/site\\\/2021\\\/03\\\/12\\\/sicoob-coopemata-realiza-assembleia-geral-ordinaria-em-formato-digital\\\/#primaryimage\",\"url\":\"https:\\\/\\\/marcelolopes.jor.br\\\/site\\\/wp-content\\\/uploads\\\/2021\\\/03\\\/Fachada-Centro-Admin..jpeg\",\"contentUrl\":\"https:\\\/\\\/marcelolopes.jor.br\\\/site\\\/wp-content\\\/uploads\\\/2021\\\/03\\\/Fachada-Centro-Admin..jpeg\",\"width\":1280,\"height\":853},{\"@type\":\"BreadcrumbList\",\"@id\":\"https:\\\/\\\/marcelolopes.jor.br\\\/site\\\/2021\\\/03\\\/12\\\/sicoob-coopemata-realiza-assembleia-geral-ordinaria-em-formato-digital\\\/#breadcrumb\",\"itemListElement\":[{\"@type\":\"ListItem\",\"position\":1,\"name\":\"Home\",\"item\":\"https:\\\/\\\/marcelolopes.jor.br\\\/site\\\/\"},{\"@type\":\"ListItem\",\"position\":2,\"name\":\"Sicoob Coopemata realiza Assembleia Geral Ordin\u00e1ria em formato digital\"}]},{\"@type\":\"WebSite\",\"@id\":\"https:\\\/\\\/marcelolopes.jor.br\\\/site\\\/#website\",\"url\":\"https:\\\/\\\/marcelolopes.jor.br\\\/site\\\/\",\"name\":\"Marcelo Lopes\",\"description\":\"Not\u00edcias de Cataguases e Regi\u00e3o\",\"publisher\":{\"@id\":\"https:\\\/\\\/marcelolopes.jor.br\\\/site\\\/#organization\"},\"potentialAction\":[{\"@type\":\"SearchAction\",\"target\":{\"@type\":\"EntryPoint\",\"urlTemplate\":\"https:\\\/\\\/marcelolopes.jor.br\\\/site\\\/?s={search_term_string}\"},\"query-input\":{\"@type\":\"PropertyValueSpecification\",\"valueRequired\":true,\"valueName\":\"search_term_string\"}}],\"inLanguage\":\"pt-BR\"},{\"@type\":\"Organization\",\"@id\":\"https:\\\/\\\/marcelolopes.jor.br\\\/site\\\/#organization\",\"name\":\"Site do Marcelo Lopes\",\"url\":\"https:\\\/\\\/marcelolopes.jor.br\\\/site\\\/\",\"logo\":{\"@type\":\"ImageObject\",\"inLanguage\":\"pt-BR\",\"@id\":\"https:\\\/\\\/marcelolopes.jor.br\\\/site\\\/#\\\/schema\\\/logo\\\/image\\\/\",\"url\":\"https:\\\/\\\/marcelolopes.jor.br\\\/site\\\/wp-content\\\/uploads\\\/2024\\\/11\\\/logo-1.png\",\"contentUrl\":\"https:\\\/\\\/marcelolopes.jor.br\\\/site\\\/wp-content\\\/uploads\\\/2024\\\/11\\\/logo-1.png\",\"width\":475,\"height\":80,\"caption\":\"Site do Marcelo Lopes\"},\"image\":{\"@id\":\"https:\\\/\\\/marcelolopes.jor.br\\\/site\\\/#\\\/schema\\\/logo\\\/image\\\/\"},\"sameAs\":[\"https:\\\/\\\/www.facebook.com\\\/sitedomarcelolopes\",\"https:\\\/\\\/www.instagram.com\\\/sitedomarcelolopes\\\/\",\"https:\\\/\\\/www.linkedin.com\\\/company\\\/site-do-marcelo-lopes\\\/\",\"https:\\\/\\\/www.youtube.com\\\/user\\\/marcelolopes957\"]},{\"@type\":\"Person\",\"@id\":\"https:\\\/\\\/marcelolopes.jor.br\\\/site\\\/#\\\/schema\\\/person\\\/3e7216a35c34d8fdf952b31da3d1f89f\",\"name\":\"Marcelo Lopes\",\"sameAs\":[\"http:\\\/\\\/www.marcelolopes.jor.br\"],\"url\":\"https:\\\/\\\/marcelolopes.jor.br\\\/site\\\/author\\\/marcelo\\\/\"}]}<\/script>\n<!-- \/ Yoast SEO plugin. -->","yoast_head_json":{"title":"Sicoob Coopemata realiza Assembleia Geral Ordin\u00e1ria em formato digital | Marcelo Lopes","robots":{"index":"index","follow":"follow","max-snippet":"max-snippet:-1","max-image-preview":"max-image-preview:large","max-video-preview":"max-video-preview:-1"},"canonical":"https:\/\/marcelolopes.jor.br\/site\/2021\/03\/12\/sicoob-coopemata-realiza-assembleia-geral-ordinaria-em-formato-digital\/","og_locale":"pt_BR","og_type":"article","og_title":"Sicoob Coopemata realiza Assembleia Geral Ordin\u00e1ria em formato digital | Marcelo Lopes","og_description":"O Sicoob Coopemata realizou sua Assembleia Geral Ordin\u00e1ria (AGO) ter\u00e7a-feira, dia 02, de forma completamente virtual. O destaque do evento foi a aprova\u00e7\u00e3o dos resultados da cooperativa, com a conquista do 1\u00b0 bilh\u00e3o de ativos, mostrando o crescimento nos \u00faltimosLeia mais Sicoob Coopemata realiza Assembleia Geral Ordin\u00e1ria em formato digital","og_url":"https:\/\/marcelolopes.jor.br\/site\/2021\/03\/12\/sicoob-coopemata-realiza-assembleia-geral-ordinaria-em-formato-digital\/","og_site_name":"Marcelo Lopes","article_publisher":"https:\/\/www.facebook.com\/sitedomarcelolopes","article_published_time":"2021-03-12T19:00:56+00:00","og_image":[{"width":1280,"height":853,"url":"https:\/\/marcelolopes.jor.br\/site\/wp-content\/uploads\/2021\/03\/Fachada-Centro-Admin..jpeg","type":"image\/jpeg"}],"author":"Marcelo Lopes","twitter_card":"summary_large_image","twitter_misc":{"Escrito por":"Marcelo Lopes","Est. tempo de leitura":"3 minutos"},"schema":{"@context":"https:\/\/schema.org","@graph":[{"@type":"NewsArticle","@id":"https:\/\/marcelolopes.jor.br\/site\/2021\/03\/12\/sicoob-coopemata-realiza-assembleia-geral-ordinaria-em-formato-digital\/#article","isPartOf":{"@id":"https:\/\/marcelolopes.jor.br\/site\/2021\/03\/12\/sicoob-coopemata-realiza-assembleia-geral-ordinaria-em-formato-digital\/"},"author":{"name":"Marcelo Lopes","@id":"https:\/\/marcelolopes.jor.br\/site\/#\/schema\/person\/3e7216a35c34d8fdf952b31da3d1f89f"},"headline":"Sicoob Coopemata realiza Assembleia Geral Ordin\u00e1ria em formato digital","datePublished":"2021-03-12T19:00:56+00:00","mainEntityOfPage":{"@id":"https:\/\/marcelolopes.jor.br\/site\/2021\/03\/12\/sicoob-coopemata-realiza-assembleia-geral-ordinaria-em-formato-digital\/"},"wordCount":526,"commentCount":0,"publisher":{"@id":"https:\/\/marcelolopes.jor.br\/site\/#organization"},"image":{"@id":"https:\/\/marcelolopes.jor.br\/site\/2021\/03\/12\/sicoob-coopemata-realiza-assembleia-geral-ordinaria-em-formato-digital\/#primaryimage"},"thumbnailUrl":"https:\/\/marcelolopes.jor.br\/site\/wp-content\/uploads\/2021\/03\/Fachada-Centro-Admin..jpeg","keywords":["Assembleia Geral","cooperativa","Sicoob Coopemata","sobras"],"articleSection":["Not\u00edcias"],"inLanguage":"pt-BR","potentialAction":[{"@type":"CommentAction","name":"Comment","target":["https:\/\/marcelolopes.jor.br\/site\/2021\/03\/12\/sicoob-coopemata-realiza-assembleia-geral-ordinaria-em-formato-digital\/#respond"]}]},{"@type":"WebPage","@id":"https:\/\/marcelolopes.jor.br\/site\/2021\/03\/12\/sicoob-coopemata-realiza-assembleia-geral-ordinaria-em-formato-digital\/","url":"https:\/\/marcelolopes.jor.br\/site\/2021\/03\/12\/sicoob-coopemata-realiza-assembleia-geral-ordinaria-em-formato-digital\/","name":"Sicoob Coopemata realiza Assembleia Geral Ordin\u00e1ria em formato digital | Marcelo Lopes","isPartOf":{"@id":"https:\/\/marcelolopes.jor.br\/site\/#website"},"primaryImageOfPage":{"@id":"https:\/\/marcelolopes.jor.br\/site\/2021\/03\/12\/sicoob-coopemata-realiza-assembleia-geral-ordinaria-em-formato-digital\/#primaryimage"},"image":{"@id":"https:\/\/marcelolopes.jor.br\/site\/2021\/03\/12\/sicoob-coopemata-realiza-assembleia-geral-ordinaria-em-formato-digital\/#primaryimage"},"thumbnailUrl":"https:\/\/marcelolopes.jor.br\/site\/wp-content\/uploads\/2021\/03\/Fachada-Centro-Admin..jpeg","datePublished":"2021-03-12T19:00:56+00:00","breadcrumb":{"@id":"https:\/\/marcelolopes.jor.br\/site\/2021\/03\/12\/sicoob-coopemata-realiza-assembleia-geral-ordinaria-em-formato-digital\/#breadcrumb"},"inLanguage":"pt-BR","potentialAction":[{"@type":"ReadAction","target":["https:\/\/marcelolopes.jor.br\/site\/2021\/03\/12\/sicoob-coopemata-realiza-assembleia-geral-ordinaria-em-formato-digital\/"]}]},{"@type":"ImageObject","inLanguage":"pt-BR","@id":"https:\/\/marcelolopes.jor.br\/site\/2021\/03\/12\/sicoob-coopemata-realiza-assembleia-geral-ordinaria-em-formato-digital\/#primaryimage","url":"https:\/\/marcelolopes.jor.br\/site\/wp-content\/uploads\/2021\/03\/Fachada-Centro-Admin..jpeg","contentUrl":"https:\/\/marcelolopes.jor.br\/site\/wp-content\/uploads\/2021\/03\/Fachada-Centro-Admin..jpeg","width":1280,"height":853},{"@type":"BreadcrumbList","@id":"https:\/\/marcelolopes.jor.br\/site\/2021\/03\/12\/sicoob-coopemata-realiza-assembleia-geral-ordinaria-em-formato-digital\/#breadcrumb","itemListElement":[{"@type":"ListItem","position":1,"name":"Home","item":"https:\/\/marcelolopes.jor.br\/site\/"},{"@type":"ListItem","position":2,"name":"Sicoob Coopemata realiza Assembleia Geral Ordin\u00e1ria em formato digital"}]},{"@type":"WebSite","@id":"https:\/\/marcelolopes.jor.br\/site\/#website","url":"https:\/\/marcelolopes.jor.br\/site\/","name":"Marcelo Lopes","description":"Not\u00edcias de Cataguases e Regi\u00e3o","publisher":{"@id":"https:\/\/marcelolopes.jor.br\/site\/#organization"},"potentialAction":[{"@type":"SearchAction","target":{"@type":"EntryPoint","urlTemplate":"https:\/\/marcelolopes.jor.br\/site\/?s={search_term_string}"},"query-input":{"@type":"PropertyValueSpecification","valueRequired":true,"valueName":"search_term_string"}}],"inLanguage":"pt-BR"},{"@type":"Organization","@id":"https:\/\/marcelolopes.jor.br\/site\/#organization","name":"Site do Marcelo Lopes","url":"https:\/\/marcelolopes.jor.br\/site\/","logo":{"@type":"ImageObject","inLanguage":"pt-BR","@id":"https:\/\/marcelolopes.jor.br\/site\/#\/schema\/logo\/image\/","url":"https:\/\/marcelolopes.jor.br\/site\/wp-content\/uploads\/2024\/11\/logo-1.png","contentUrl":"https:\/\/marcelolopes.jor.br\/site\/wp-content\/uploads\/2024\/11\/logo-1.png","width":475,"height":80,"caption":"Site do Marcelo Lopes"},"image":{"@id":"https:\/\/marcelolopes.jor.br\/site\/#\/schema\/logo\/image\/"},"sameAs":["https:\/\/www.facebook.com\/sitedomarcelolopes","https:\/\/www.instagram.com\/sitedomarcelolopes\/","https:\/\/www.linkedin.com\/company\/site-do-marcelo-lopes\/","https:\/\/www.youtube.com\/user\/marcelolopes957"]},{"@type":"Person","@id":"https:\/\/marcelolopes.jor.br\/site\/#\/schema\/person\/3e7216a35c34d8fdf952b31da3d1f89f","name":"Marcelo Lopes","sameAs":["http:\/\/www.marcelolopes.jor.br"],"url":"https:\/\/marcelolopes.jor.br\/site\/author\/marcelo\/"}]}},"wps_subtitle":"Cooperativa vai distribuir R$ 10 milh\u00f5es em sobras aos cooperados.","_links":{"self":[{"href":"https:\/\/marcelolopes.jor.br\/site\/wp-json\/wp\/v2\/posts\/22177","targetHints":{"allow":["GET"]}}],"collection":[{"href":"https:\/\/marcelolopes.jor.br\/site\/wp-json\/wp\/v2\/posts"}],"about":[{"href":"https:\/\/marcelolopes.jor.br\/site\/wp-json\/wp\/v2\/types\/post"}],"author":[{"embeddable":true,"href":"https:\/\/marcelolopes.jor.br\/site\/wp-json\/wp\/v2\/users\/2"}],"replies":[{"embeddable":true,"href":"https:\/\/marcelolopes.jor.br\/site\/wp-json\/wp\/v2\/comments?post=22177"}],"version-history":[{"count":0,"href":"https:\/\/marcelolopes.jor.br\/site\/wp-json\/wp\/v2\/posts\/22177\/revisions"}],"wp:featuredmedia":[{"embeddable":true,"href":"https:\/\/marcelolopes.jor.br\/site\/wp-json\/wp\/v2\/media\/22179"}],"wp:attachment":[{"href":"https:\/\/marcelolopes.jor.br\/site\/wp-json\/wp\/v2\/media?parent=22177"}],"wp:term":[{"taxonomy":"category","embeddable":true,"href":"https:\/\/marcelolopes.jor.br\/site\/wp-json\/wp\/v2\/categories?post=22177"},{"taxonomy":"post_tag","embeddable":true,"href":"https:\/\/marcelolopes.jor.br\/site\/wp-json\/wp\/v2\/tags?post=22177"}],"curies":[{"name":"wp","href":"https:\/\/api.w.org\/{rel}","templated":true}]}}