{"id":22170,"date":"2021-03-12T12:00:58","date_gmt":"2021-03-12T15:00:58","guid":{"rendered":"https:\/\/marcelolopes.jor.br\/?p=22170"},"modified":"2021-03-12T11:38:24","modified_gmt":"2021-03-12T14:38:24","slug":"policia-militar-prende-foragido-e-apreende-veiculos-em-astolfo-dutra","status":"publish","type":"post","link":"https:\/\/marcelolopes.jor.br\/site\/2021\/03\/12\/policia-militar-prende-foragido-e-apreende-veiculos-em-astolfo-dutra\/","title":{"rendered":"Pol\u00edcia Militar prende foragido e\u00a0apreende ve\u00edculos em Astolfo Dutra\u00a0"},"content":{"rendered":"<p style=\"text-align: justify;\">A Pol\u00edcia Militar realizou em Astolfo Dutra, nesta quinta-feira, 11 de mar\u00e7o, a Opera\u00e7\u00e3o Regi\u00e3o Segura visando reduzir a criminalidade naquele munic\u00edpio. Na mesma ocasi\u00e3o tamb\u00e9m foi feito uma fiscaliza\u00e7\u00e3o no tr\u00e2nsito da cidade. Como resultado da duas a\u00e7\u00f5es, um homem foi preso e um ve\u00edculo apreendido.<!--more--><\/p>\n<p style=\"text-align: justify;\"><a href=\"https:\/\/wa.me\/553234211213\"><img loading=\"lazy\" decoding=\"async\" class=\"aligncenter wp-image-21558 size-full\" src=\"https:\/\/marcelolopes.jor.br\/site\/wp-content\/uploads\/2021\/02\/Impulsione.jpeg\" alt=\"\" width=\"800\" height=\"214\" srcset=\"https:\/\/marcelolopes.jor.br\/site\/wp-content\/uploads\/2021\/02\/Impulsione.jpeg 800w, https:\/\/marcelolopes.jor.br\/site\/wp-content\/uploads\/2021\/02\/Impulsione-300x80.jpeg 300w, https:\/\/marcelolopes.jor.br\/site\/wp-content\/uploads\/2021\/02\/Impulsione-768x205.jpeg 768w\" sizes=\"auto, (max-width: 800px) 100vw, 800px\" \/><\/a>Durante a opera\u00e7\u00e3o visando reduzir a criminalidade no munic\u00edpio, os militares abordaram um homem de 26 anos de idade que estava foragido da justi\u00e7a e havia um mandado de pris\u00e3o contra ele por crimes de roubo, porte ilegal de arma de fogo e homic\u00eddio em Rodeiro. Ele foi preso e conduzido \u00e0 Delegacia de Pol\u00edcia Civil de Cataguases.<\/p>\n<p style=\"text-align: justify;\">Na outra a\u00e7\u00e3o policial de fiscaliza\u00e7\u00e3o do tr\u00e2nsito, a equipe policial abordou diversos ve\u00edculos e resultou na apreens\u00e3o de um ve\u00edculo e na emiss\u00e3o de sete multas de tr\u00e2nsito. Segundo a PM tr\u00eas pessoas n\u00e3o tinham Carteira de Habilita\u00e7\u00e3o, duas foram autuadas por dire\u00e7\u00e3o perigosa e outros dois motoristas por infra\u00e7\u00f5es n\u00e3o especificadas. Al\u00e9m disso um autom\u00f3vel foi removido ao p\u00e1tio do Detran-MG.<\/p>\n<p style=\"text-align: justify;\">Participaram das opera\u00e7\u00f5es os policiais, tenente Felipe, cabo Rodney, e soldados Felipe e Jo\u00e3o Victor.<\/p>\n<div class=\"qszuz69f76f2187538\" ><br><\/div><style type=\"text\/css\">\r\n@media screen and (min-width: 1201px) {\r\n.qszuz69f76f2187538 {\r\ndisplay: block;\r\n}\r\n}\r\n@media screen and (min-width: 993px) and (max-width: 1200px) {\r\n.qszuz69f76f2187538 {\r\ndisplay: block;\r\n}\r\n}\r\n@media screen and (min-width: 769px) and (max-width: 992px) {\r\n.qszuz69f76f2187538 {\r\ndisplay: block;\r\n}\r\n}\r\n@media screen and (min-width: 768px) and (max-width: 768px) {\r\n.qszuz69f76f2187538 {\r\ndisplay: block;\r\n}\r\n}\r\n@media screen and (max-width: 767px) {\r\n.qszuz69f76f2187538 {\r\ndisplay: block;\r\n}\r\n}\r\n<\/style>\r\n<div class=\"wyjtq69f76f218e6e5\" ><div id=\"div_destino\"><\/div>\r\n<script src=\"https:\/\/cdn.snsrsv.com\/sdk.js\"><\/script>\r\n<script >\r\n      new sdk(\"464030C30061EA8BE065000000000001\") \r\n          .appendTo(\"div_destino\")\r\n          .disableStyle(true) \r\n          .setCacheBusterMacro(\"%%CACHEBUSTER%%\")\r\n          .setSize(\"800\",\"214\")\r\n          .setClickMacro(\"%%CLICK_URL_ESC%%\") \r\n          .setReferrerUrlMacro(\"%%REFERRER_URL_ESC%%\") \r\n          .start(); \r\n<\/script><\/div><style type=\"text\/css\">\r\n@media screen and (min-width: 1201px) {\r\n.wyjtq69f76f218e6e5 {\r\ndisplay: block;\r\n}\r\n}\r\n@media screen and (min-width: 993px) and (max-width: 1200px) {\r\n.wyjtq69f76f218e6e5 {\r\ndisplay: block;\r\n}\r\n}\r\n@media screen and (min-width: 769px) and (max-width: 992px) {\r\n.wyjtq69f76f218e6e5 {\r\ndisplay: block;\r\n}\r\n}\r\n@media screen and (min-width: 768px) and (max-width: 768px) {\r\n.wyjtq69f76f218e6e5 {\r\ndisplay: block;\r\n}\r\n}\r\n@media screen and (max-width: 767px) {\r\n.wyjtq69f76f218e6e5 {\r\ndisplay: block;\r\n}\r\n}\r\n<\/style>\r\n","protected":false},"excerpt":{"rendered":"<p>A Pol\u00edcia Militar realizou em Astolfo Dutra, nesta quinta-feira, 11 de mar\u00e7o, a Opera\u00e7\u00e3o Regi\u00e3o Segura visando reduzir a criminalidade naquele munic\u00edpio. Na mesma ocasi\u00e3o tamb\u00e9m foi feito uma fiscaliza\u00e7\u00e3o no tr\u00e2nsito da cidade. Como resultado da duas a\u00e7\u00f5es, um<\/p>\n<p class=\"link-more\"><a class=\"more-link\" href=\"https:\/\/marcelolopes.jor.br\/site\/2021\/03\/12\/policia-militar-prende-foragido-e-apreende-veiculos-em-astolfo-dutra\/\">Leia mais <span class=\"screen-reader-text\">Pol\u00edcia Militar prende foragido e\u00a0apreende ve\u00edculos em Astolfo Dutra\u00a0<\/span><\/a><\/p>\n","protected":false},"author":2,"featured_media":22176,"comment_status":"open","ping_status":"open","sticky":false,"template":"","format":"standard","meta":{"footnotes":""},"categories":[1],"tags":[3759,2852,942,3760],"class_list":["post-22170","post","type-post","status-publish","format-standard","has-post-thumbnail","hentry","category-noticias","tag-blitz-de-transito","tag-blitz-policial","tag-operacao-policial","tag-prisao-de-foragido","thumb-below-title"],"yoast_head":"<!-- This site is optimized with the Yoast SEO plugin v27.4 - https:\/\/yoast.com\/product\/yoast-seo-wordpress\/ -->\n<title>Pol\u00edcia Militar prende foragido e\u00a0apreende ve\u00edculos em Astolfo Dutra\u00a0 | Marcelo Lopes<\/title>\n<meta name=\"robots\" content=\"index, follow, max-snippet:-1, max-image-preview:large, max-video-preview:-1\" \/>\n<link rel=\"canonical\" href=\"https:\/\/marcelolopes.jor.br\/site\/2021\/03\/12\/policia-militar-prende-foragido-e-apreende-veiculos-em-astolfo-dutra\/\" \/>\n<meta property=\"og:locale\" content=\"pt_BR\" \/>\n<meta property=\"og:type\" content=\"article\" \/>\n<meta property=\"og:title\" content=\"Pol\u00edcia Militar prende foragido e\u00a0apreende ve\u00edculos em Astolfo Dutra\u00a0 | Marcelo Lopes\" \/>\n<meta property=\"og:description\" content=\"A Pol\u00edcia Militar realizou em Astolfo Dutra, nesta quinta-feira, 11 de mar\u00e7o, a Opera\u00e7\u00e3o Regi\u00e3o Segura visando reduzir a criminalidade naquele munic\u00edpio. Na mesma ocasi\u00e3o tamb\u00e9m foi feito uma fiscaliza\u00e7\u00e3o no tr\u00e2nsito da cidade. Como resultado da duas a\u00e7\u00f5es, umLeia mais Pol\u00edcia Militar prende foragido e\u00a0apreende ve\u00edculos em Astolfo Dutra\u00a0\" \/>\n<meta property=\"og:url\" content=\"https:\/\/marcelolopes.jor.br\/site\/2021\/03\/12\/policia-militar-prende-foragido-e-apreende-veiculos-em-astolfo-dutra\/\" \/>\n<meta property=\"og:site_name\" content=\"Marcelo Lopes\" \/>\n<meta property=\"article:publisher\" content=\"https:\/\/www.facebook.com\/sitedomarcelolopes\" \/>\n<meta property=\"article:published_time\" content=\"2021-03-12T15:00:58+00:00\" \/>\n<meta property=\"og:image\" content=\"https:\/\/marcelolopes.jor.br\/site\/wp-content\/uploads\/2021\/03\/WhatsApp-Image-2021-03-12-at-11.28.18.jpeg\" \/>\n\t<meta property=\"og:image:width\" content=\"750\" \/>\n\t<meta property=\"og:image:height\" content=\"530\" \/>\n\t<meta property=\"og:image:type\" content=\"image\/jpeg\" \/>\n<meta name=\"author\" content=\"Marcelo Lopes\" \/>\n<meta name=\"twitter:card\" content=\"summary_large_image\" \/>\n<meta name=\"twitter:label1\" content=\"Escrito por\" \/>\n\t<meta name=\"twitter:data1\" content=\"Marcelo Lopes\" \/>\n\t<meta name=\"twitter:label2\" content=\"Est. tempo de leitura\" \/>\n\t<meta name=\"twitter:data2\" content=\"1 minuto\" \/>\n<script type=\"application\/ld+json\" class=\"yoast-schema-graph\">{\"@context\":\"https:\\\/\\\/schema.org\",\"@graph\":[{\"@type\":\"NewsArticle\",\"@id\":\"https:\\\/\\\/marcelolopes.jor.br\\\/site\\\/2021\\\/03\\\/12\\\/policia-militar-prende-foragido-e-apreende-veiculos-em-astolfo-dutra\\\/#article\",\"isPartOf\":{\"@id\":\"https:\\\/\\\/marcelolopes.jor.br\\\/site\\\/2021\\\/03\\\/12\\\/policia-militar-prende-foragido-e-apreende-veiculos-em-astolfo-dutra\\\/\"},\"author\":{\"name\":\"Marcelo Lopes\",\"@id\":\"https:\\\/\\\/marcelolopes.jor.br\\\/site\\\/#\\\/schema\\\/person\\\/3e7216a35c34d8fdf952b31da3d1f89f\"},\"headline\":\"Pol\u00edcia Militar prende foragido e\u00a0apreende ve\u00edculos em Astolfo Dutra\u00a0\",\"datePublished\":\"2021-03-12T15:00:58+00:00\",\"mainEntityOfPage\":{\"@id\":\"https:\\\/\\\/marcelolopes.jor.br\\\/site\\\/2021\\\/03\\\/12\\\/policia-militar-prende-foragido-e-apreende-veiculos-em-astolfo-dutra\\\/\"},\"wordCount\":228,\"commentCount\":0,\"publisher\":{\"@id\":\"https:\\\/\\\/marcelolopes.jor.br\\\/site\\\/#organization\"},\"image\":{\"@id\":\"https:\\\/\\\/marcelolopes.jor.br\\\/site\\\/2021\\\/03\\\/12\\\/policia-militar-prende-foragido-e-apreende-veiculos-em-astolfo-dutra\\\/#primaryimage\"},\"thumbnailUrl\":\"https:\\\/\\\/marcelolopes.jor.br\\\/site\\\/wp-content\\\/uploads\\\/2021\\\/03\\\/WhatsApp-Image-2021-03-12-at-11.28.18.jpeg\",\"keywords\":[\"blitz de tr\u00e2nsito\",\"blitz policial\",\"opera\u00e7\u00e3o policial\",\"pris\u00e3o de foragido\"],\"articleSection\":[\"Not\u00edcias\"],\"inLanguage\":\"pt-BR\",\"potentialAction\":[{\"@type\":\"CommentAction\",\"name\":\"Comment\",\"target\":[\"https:\\\/\\\/marcelolopes.jor.br\\\/site\\\/2021\\\/03\\\/12\\\/policia-militar-prende-foragido-e-apreende-veiculos-em-astolfo-dutra\\\/#respond\"]}]},{\"@type\":\"WebPage\",\"@id\":\"https:\\\/\\\/marcelolopes.jor.br\\\/site\\\/2021\\\/03\\\/12\\\/policia-militar-prende-foragido-e-apreende-veiculos-em-astolfo-dutra\\\/\",\"url\":\"https:\\\/\\\/marcelolopes.jor.br\\\/site\\\/2021\\\/03\\\/12\\\/policia-militar-prende-foragido-e-apreende-veiculos-em-astolfo-dutra\\\/\",\"name\":\"Pol\u00edcia Militar prende foragido e\u00a0apreende ve\u00edculos em Astolfo Dutra\u00a0 | Marcelo Lopes\",\"isPartOf\":{\"@id\":\"https:\\\/\\\/marcelolopes.jor.br\\\/site\\\/#website\"},\"primaryImageOfPage\":{\"@id\":\"https:\\\/\\\/marcelolopes.jor.br\\\/site\\\/2021\\\/03\\\/12\\\/policia-militar-prende-foragido-e-apreende-veiculos-em-astolfo-dutra\\\/#primaryimage\"},\"image\":{\"@id\":\"https:\\\/\\\/marcelolopes.jor.br\\\/site\\\/2021\\\/03\\\/12\\\/policia-militar-prende-foragido-e-apreende-veiculos-em-astolfo-dutra\\\/#primaryimage\"},\"thumbnailUrl\":\"https:\\\/\\\/marcelolopes.jor.br\\\/site\\\/wp-content\\\/uploads\\\/2021\\\/03\\\/WhatsApp-Image-2021-03-12-at-11.28.18.jpeg\",\"datePublished\":\"2021-03-12T15:00:58+00:00\",\"breadcrumb\":{\"@id\":\"https:\\\/\\\/marcelolopes.jor.br\\\/site\\\/2021\\\/03\\\/12\\\/policia-militar-prende-foragido-e-apreende-veiculos-em-astolfo-dutra\\\/#breadcrumb\"},\"inLanguage\":\"pt-BR\",\"potentialAction\":[{\"@type\":\"ReadAction\",\"target\":[\"https:\\\/\\\/marcelolopes.jor.br\\\/site\\\/2021\\\/03\\\/12\\\/policia-militar-prende-foragido-e-apreende-veiculos-em-astolfo-dutra\\\/\"]}]},{\"@type\":\"ImageObject\",\"inLanguage\":\"pt-BR\",\"@id\":\"https:\\\/\\\/marcelolopes.jor.br\\\/site\\\/2021\\\/03\\\/12\\\/policia-militar-prende-foragido-e-apreende-veiculos-em-astolfo-dutra\\\/#primaryimage\",\"url\":\"https:\\\/\\\/marcelolopes.jor.br\\\/site\\\/wp-content\\\/uploads\\\/2021\\\/03\\\/WhatsApp-Image-2021-03-12-at-11.28.18.jpeg\",\"contentUrl\":\"https:\\\/\\\/marcelolopes.jor.br\\\/site\\\/wp-content\\\/uploads\\\/2021\\\/03\\\/WhatsApp-Image-2021-03-12-at-11.28.18.jpeg\",\"width\":750,\"height\":530},{\"@type\":\"BreadcrumbList\",\"@id\":\"https:\\\/\\\/marcelolopes.jor.br\\\/site\\\/2021\\\/03\\\/12\\\/policia-militar-prende-foragido-e-apreende-veiculos-em-astolfo-dutra\\\/#breadcrumb\",\"itemListElement\":[{\"@type\":\"ListItem\",\"position\":1,\"name\":\"Home\",\"item\":\"https:\\\/\\\/marcelolopes.jor.br\\\/site\\\/\"},{\"@type\":\"ListItem\",\"position\":2,\"name\":\"Pol\u00edcia Militar prende foragido e\u00a0apreende ve\u00edculos em Astolfo Dutra\u00a0\"}]},{\"@type\":\"WebSite\",\"@id\":\"https:\\\/\\\/marcelolopes.jor.br\\\/site\\\/#website\",\"url\":\"https:\\\/\\\/marcelolopes.jor.br\\\/site\\\/\",\"name\":\"Marcelo Lopes\",\"description\":\"Not\u00edcias de Cataguases e Regi\u00e3o\",\"publisher\":{\"@id\":\"https:\\\/\\\/marcelolopes.jor.br\\\/site\\\/#organization\"},\"potentialAction\":[{\"@type\":\"SearchAction\",\"target\":{\"@type\":\"EntryPoint\",\"urlTemplate\":\"https:\\\/\\\/marcelolopes.jor.br\\\/site\\\/?s={search_term_string}\"},\"query-input\":{\"@type\":\"PropertyValueSpecification\",\"valueRequired\":true,\"valueName\":\"search_term_string\"}}],\"inLanguage\":\"pt-BR\"},{\"@type\":\"Organization\",\"@id\":\"https:\\\/\\\/marcelolopes.jor.br\\\/site\\\/#organization\",\"name\":\"Site do Marcelo Lopes\",\"url\":\"https:\\\/\\\/marcelolopes.jor.br\\\/site\\\/\",\"logo\":{\"@type\":\"ImageObject\",\"inLanguage\":\"pt-BR\",\"@id\":\"https:\\\/\\\/marcelolopes.jor.br\\\/site\\\/#\\\/schema\\\/logo\\\/image\\\/\",\"url\":\"https:\\\/\\\/marcelolopes.jor.br\\\/site\\\/wp-content\\\/uploads\\\/2024\\\/11\\\/logo-1.png\",\"contentUrl\":\"https:\\\/\\\/marcelolopes.jor.br\\\/site\\\/wp-content\\\/uploads\\\/2024\\\/11\\\/logo-1.png\",\"width\":475,\"height\":80,\"caption\":\"Site do Marcelo Lopes\"},\"image\":{\"@id\":\"https:\\\/\\\/marcelolopes.jor.br\\\/site\\\/#\\\/schema\\\/logo\\\/image\\\/\"},\"sameAs\":[\"https:\\\/\\\/www.facebook.com\\\/sitedomarcelolopes\",\"https:\\\/\\\/www.instagram.com\\\/sitedomarcelolopes\\\/\",\"https:\\\/\\\/www.linkedin.com\\\/company\\\/site-do-marcelo-lopes\\\/\",\"https:\\\/\\\/www.youtube.com\\\/user\\\/marcelolopes957\"]},{\"@type\":\"Person\",\"@id\":\"https:\\\/\\\/marcelolopes.jor.br\\\/site\\\/#\\\/schema\\\/person\\\/3e7216a35c34d8fdf952b31da3d1f89f\",\"name\":\"Marcelo Lopes\",\"sameAs\":[\"http:\\\/\\\/www.marcelolopes.jor.br\"],\"url\":\"https:\\\/\\\/marcelolopes.jor.br\\\/site\\\/author\\\/marcelo\\\/\"}]}<\/script>\n<!-- \/ Yoast SEO plugin. -->","yoast_head_json":{"title":"Pol\u00edcia Militar prende foragido e\u00a0apreende ve\u00edculos em Astolfo Dutra\u00a0 | Marcelo Lopes","robots":{"index":"index","follow":"follow","max-snippet":"max-snippet:-1","max-image-preview":"max-image-preview:large","max-video-preview":"max-video-preview:-1"},"canonical":"https:\/\/marcelolopes.jor.br\/site\/2021\/03\/12\/policia-militar-prende-foragido-e-apreende-veiculos-em-astolfo-dutra\/","og_locale":"pt_BR","og_type":"article","og_title":"Pol\u00edcia Militar prende foragido e\u00a0apreende ve\u00edculos em Astolfo Dutra\u00a0 | Marcelo Lopes","og_description":"A Pol\u00edcia Militar realizou em Astolfo Dutra, nesta quinta-feira, 11 de mar\u00e7o, a Opera\u00e7\u00e3o Regi\u00e3o Segura visando reduzir a criminalidade naquele munic\u00edpio. Na mesma ocasi\u00e3o tamb\u00e9m foi feito uma fiscaliza\u00e7\u00e3o no tr\u00e2nsito da cidade. Como resultado da duas a\u00e7\u00f5es, umLeia mais Pol\u00edcia Militar prende foragido e\u00a0apreende ve\u00edculos em Astolfo Dutra\u00a0","og_url":"https:\/\/marcelolopes.jor.br\/site\/2021\/03\/12\/policia-militar-prende-foragido-e-apreende-veiculos-em-astolfo-dutra\/","og_site_name":"Marcelo Lopes","article_publisher":"https:\/\/www.facebook.com\/sitedomarcelolopes","article_published_time":"2021-03-12T15:00:58+00:00","og_image":[{"width":750,"height":530,"url":"https:\/\/marcelolopes.jor.br\/site\/wp-content\/uploads\/2021\/03\/WhatsApp-Image-2021-03-12-at-11.28.18.jpeg","type":"image\/jpeg"}],"author":"Marcelo Lopes","twitter_card":"summary_large_image","twitter_misc":{"Escrito por":"Marcelo Lopes","Est. tempo de leitura":"1 minuto"},"schema":{"@context":"https:\/\/schema.org","@graph":[{"@type":"NewsArticle","@id":"https:\/\/marcelolopes.jor.br\/site\/2021\/03\/12\/policia-militar-prende-foragido-e-apreende-veiculos-em-astolfo-dutra\/#article","isPartOf":{"@id":"https:\/\/marcelolopes.jor.br\/site\/2021\/03\/12\/policia-militar-prende-foragido-e-apreende-veiculos-em-astolfo-dutra\/"},"author":{"name":"Marcelo Lopes","@id":"https:\/\/marcelolopes.jor.br\/site\/#\/schema\/person\/3e7216a35c34d8fdf952b31da3d1f89f"},"headline":"Pol\u00edcia Militar prende foragido e\u00a0apreende ve\u00edculos em Astolfo Dutra\u00a0","datePublished":"2021-03-12T15:00:58+00:00","mainEntityOfPage":{"@id":"https:\/\/marcelolopes.jor.br\/site\/2021\/03\/12\/policia-militar-prende-foragido-e-apreende-veiculos-em-astolfo-dutra\/"},"wordCount":228,"commentCount":0,"publisher":{"@id":"https:\/\/marcelolopes.jor.br\/site\/#organization"},"image":{"@id":"https:\/\/marcelolopes.jor.br\/site\/2021\/03\/12\/policia-militar-prende-foragido-e-apreende-veiculos-em-astolfo-dutra\/#primaryimage"},"thumbnailUrl":"https:\/\/marcelolopes.jor.br\/site\/wp-content\/uploads\/2021\/03\/WhatsApp-Image-2021-03-12-at-11.28.18.jpeg","keywords":["blitz de tr\u00e2nsito","blitz policial","opera\u00e7\u00e3o policial","pris\u00e3o de foragido"],"articleSection":["Not\u00edcias"],"inLanguage":"pt-BR","potentialAction":[{"@type":"CommentAction","name":"Comment","target":["https:\/\/marcelolopes.jor.br\/site\/2021\/03\/12\/policia-militar-prende-foragido-e-apreende-veiculos-em-astolfo-dutra\/#respond"]}]},{"@type":"WebPage","@id":"https:\/\/marcelolopes.jor.br\/site\/2021\/03\/12\/policia-militar-prende-foragido-e-apreende-veiculos-em-astolfo-dutra\/","url":"https:\/\/marcelolopes.jor.br\/site\/2021\/03\/12\/policia-militar-prende-foragido-e-apreende-veiculos-em-astolfo-dutra\/","name":"Pol\u00edcia Militar prende foragido e\u00a0apreende ve\u00edculos em Astolfo Dutra\u00a0 | Marcelo Lopes","isPartOf":{"@id":"https:\/\/marcelolopes.jor.br\/site\/#website"},"primaryImageOfPage":{"@id":"https:\/\/marcelolopes.jor.br\/site\/2021\/03\/12\/policia-militar-prende-foragido-e-apreende-veiculos-em-astolfo-dutra\/#primaryimage"},"image":{"@id":"https:\/\/marcelolopes.jor.br\/site\/2021\/03\/12\/policia-militar-prende-foragido-e-apreende-veiculos-em-astolfo-dutra\/#primaryimage"},"thumbnailUrl":"https:\/\/marcelolopes.jor.br\/site\/wp-content\/uploads\/2021\/03\/WhatsApp-Image-2021-03-12-at-11.28.18.jpeg","datePublished":"2021-03-12T15:00:58+00:00","breadcrumb":{"@id":"https:\/\/marcelolopes.jor.br\/site\/2021\/03\/12\/policia-militar-prende-foragido-e-apreende-veiculos-em-astolfo-dutra\/#breadcrumb"},"inLanguage":"pt-BR","potentialAction":[{"@type":"ReadAction","target":["https:\/\/marcelolopes.jor.br\/site\/2021\/03\/12\/policia-militar-prende-foragido-e-apreende-veiculos-em-astolfo-dutra\/"]}]},{"@type":"ImageObject","inLanguage":"pt-BR","@id":"https:\/\/marcelolopes.jor.br\/site\/2021\/03\/12\/policia-militar-prende-foragido-e-apreende-veiculos-em-astolfo-dutra\/#primaryimage","url":"https:\/\/marcelolopes.jor.br\/site\/wp-content\/uploads\/2021\/03\/WhatsApp-Image-2021-03-12-at-11.28.18.jpeg","contentUrl":"https:\/\/marcelolopes.jor.br\/site\/wp-content\/uploads\/2021\/03\/WhatsApp-Image-2021-03-12-at-11.28.18.jpeg","width":750,"height":530},{"@type":"BreadcrumbList","@id":"https:\/\/marcelolopes.jor.br\/site\/2021\/03\/12\/policia-militar-prende-foragido-e-apreende-veiculos-em-astolfo-dutra\/#breadcrumb","itemListElement":[{"@type":"ListItem","position":1,"name":"Home","item":"https:\/\/marcelolopes.jor.br\/site\/"},{"@type":"ListItem","position":2,"name":"Pol\u00edcia Militar prende foragido e\u00a0apreende ve\u00edculos em Astolfo Dutra\u00a0"}]},{"@type":"WebSite","@id":"https:\/\/marcelolopes.jor.br\/site\/#website","url":"https:\/\/marcelolopes.jor.br\/site\/","name":"Marcelo Lopes","description":"Not\u00edcias de Cataguases e Regi\u00e3o","publisher":{"@id":"https:\/\/marcelolopes.jor.br\/site\/#organization"},"potentialAction":[{"@type":"SearchAction","target":{"@type":"EntryPoint","urlTemplate":"https:\/\/marcelolopes.jor.br\/site\/?s={search_term_string}"},"query-input":{"@type":"PropertyValueSpecification","valueRequired":true,"valueName":"search_term_string"}}],"inLanguage":"pt-BR"},{"@type":"Organization","@id":"https:\/\/marcelolopes.jor.br\/site\/#organization","name":"Site do Marcelo Lopes","url":"https:\/\/marcelolopes.jor.br\/site\/","logo":{"@type":"ImageObject","inLanguage":"pt-BR","@id":"https:\/\/marcelolopes.jor.br\/site\/#\/schema\/logo\/image\/","url":"https:\/\/marcelolopes.jor.br\/site\/wp-content\/uploads\/2024\/11\/logo-1.png","contentUrl":"https:\/\/marcelolopes.jor.br\/site\/wp-content\/uploads\/2024\/11\/logo-1.png","width":475,"height":80,"caption":"Site do Marcelo Lopes"},"image":{"@id":"https:\/\/marcelolopes.jor.br\/site\/#\/schema\/logo\/image\/"},"sameAs":["https:\/\/www.facebook.com\/sitedomarcelolopes","https:\/\/www.instagram.com\/sitedomarcelolopes\/","https:\/\/www.linkedin.com\/company\/site-do-marcelo-lopes\/","https:\/\/www.youtube.com\/user\/marcelolopes957"]},{"@type":"Person","@id":"https:\/\/marcelolopes.jor.br\/site\/#\/schema\/person\/3e7216a35c34d8fdf952b31da3d1f89f","name":"Marcelo Lopes","sameAs":["http:\/\/www.marcelolopes.jor.br"],"url":"https:\/\/marcelolopes.jor.br\/site\/author\/marcelo\/"}]}},"wps_subtitle":"Opera\u00e7\u00e3o Regi\u00e3o Segura tamb\u00e9m fiscalizou diversos ve\u00edculos.","_links":{"self":[{"href":"https:\/\/marcelolopes.jor.br\/site\/wp-json\/wp\/v2\/posts\/22170","targetHints":{"allow":["GET"]}}],"collection":[{"href":"https:\/\/marcelolopes.jor.br\/site\/wp-json\/wp\/v2\/posts"}],"about":[{"href":"https:\/\/marcelolopes.jor.br\/site\/wp-json\/wp\/v2\/types\/post"}],"author":[{"embeddable":true,"href":"https:\/\/marcelolopes.jor.br\/site\/wp-json\/wp\/v2\/users\/2"}],"replies":[{"embeddable":true,"href":"https:\/\/marcelolopes.jor.br\/site\/wp-json\/wp\/v2\/comments?post=22170"}],"version-history":[{"count":0,"href":"https:\/\/marcelolopes.jor.br\/site\/wp-json\/wp\/v2\/posts\/22170\/revisions"}],"wp:featuredmedia":[{"embeddable":true,"href":"https:\/\/marcelolopes.jor.br\/site\/wp-json\/wp\/v2\/media\/22176"}],"wp:attachment":[{"href":"https:\/\/marcelolopes.jor.br\/site\/wp-json\/wp\/v2\/media?parent=22170"}],"wp:term":[{"taxonomy":"category","embeddable":true,"href":"https:\/\/marcelolopes.jor.br\/site\/wp-json\/wp\/v2\/categories?post=22170"},{"taxonomy":"post_tag","embeddable":true,"href":"https:\/\/marcelolopes.jor.br\/site\/wp-json\/wp\/v2\/tags?post=22170"}],"curies":[{"name":"wp","href":"https:\/\/api.w.org\/{rel}","templated":true}]}}