{"id":22151,"date":"2021-03-11T12:00:47","date_gmt":"2021-03-11T15:00:47","guid":{"rendered":"https:\/\/marcelolopes.jor.br\/?p=22151"},"modified":"2021-03-11T10:32:56","modified_gmt":"2021-03-11T13:32:56","slug":"vereadora-diz-que-8-de-marco-e-dia-de-luta-e-pede-vacina-ja","status":"publish","type":"post","link":"https:\/\/marcelolopes.jor.br\/site\/2021\/03\/11\/vereadora-diz-que-8-de-marco-e-dia-de-luta-e-pede-vacina-ja\/","title":{"rendered":"Vereadora diz que 8 de mar\u00e7o \u00e9 \u201cdia de luta\u201d e pede vacina j\u00e1"},"content":{"rendered":"<p style=\"text-align: justify;\">O Dia Internacional da Mulher foi comemorado pela C\u00e2mara Municipal de Cataguases na ter\u00e7a-feira, 09 de mar\u00e7o, de forma diferente este ano, por causa da pandemia do novo coronav\u00edrus. Ao inv\u00e9s das tradicionais homenagens presenciais que levavam dezenas de pessoas at\u00e9 \u00e0 sede do Legislativo, desta vez tudo foi feito de forma virtual por meio de depoimentos e reconhecimentos verbais. Por\u00e9m, n\u00e3o menos importante, afinal, preservar a sa\u00fade de todos \u00e9 hoje a maior tarefa da sociedade. O presidente da Casa, vereador Felipe Ramos, tamb\u00e9m prestou sua homenagem por meio de um poema.<!--more--><\/p>\n<p style=\"text-align: justify;\"><a href=\"https:\/\/wa.me\/553234211213\"><img loading=\"lazy\" decoding=\"async\" class=\"aligncenter wp-image-21558 size-full\" src=\"https:\/\/marcelolopes.jor.br\/site\/wp-content\/uploads\/2021\/02\/Impulsione.jpeg\" alt=\"\" width=\"800\" height=\"214\" srcset=\"https:\/\/marcelolopes.jor.br\/site\/wp-content\/uploads\/2021\/02\/Impulsione.jpeg 800w, https:\/\/marcelolopes.jor.br\/site\/wp-content\/uploads\/2021\/02\/Impulsione-300x80.jpeg 300w, https:\/\/marcelolopes.jor.br\/site\/wp-content\/uploads\/2021\/02\/Impulsione-768x205.jpeg 768w\" sizes=\"auto, (max-width: 800px) 100vw, 800px\" \/><\/a>\u00danica mulher no Legislativo cataguasense, a vereadora St\u00e9fany Carli, do PT, que representa o Coletivo L\u00e9lias, fez a sua homenagem mostrando a hist\u00f3ria de luta da mulher ao longo do tempo. Ela exibiu um v\u00eddeo do movimento 8M de mulheres brasileiras que, este ano, se mobilizou em torno de vacina para todos. Al\u00e9m disso, ressaltou a relev\u00e2ncia do papel pol\u00edtico da mulher na sociedade, lembrando o contexto hist\u00f3rico no qual surgiu a data de 8 de mar\u00e7o como o Dia Internacional da Mulher, \u201cque foi num contexto de luta pol\u00edtica das mulheres por direitos para toda a classe trabalhadora\u201d, frisou.<\/p>\n<p style=\"text-align: justify;\">Ela tamb\u00e9m relembrou o assassinato da vereadora carioca Marielle Franco por meio de um v\u00eddeo que foi produzido pela arte educadora cataguasense Cacati Sousa, narrando um poema da professora, escritora e compositora Rita da Consola\u00e7\u00e3o de Barros. Para St\u00e9fany, o 8 de mar\u00e7o \u00e9 uma data mais pol\u00edtica do que comemorativa; &#8220;\u00e9 uma data de luta\u201d. N\u00e3o quero parab\u00e9ns, quero vacina\u201d, reivindicou.<\/p>\n<p style=\"text-align: justify;\">Ainda na mesma sess\u00e3o foi tratada a situa\u00e7\u00e3o dos recursos para a manuten\u00e7\u00e3o de leitos para tratamento dos pacientes com Covid-19 em Cataguases. Participaram representantes da OAB, Hospital de Cataguases, da Prefeitura e do Comit\u00ea Covid. Na ocasi\u00e3o, St\u00e9fany aproveitou para anunciar a destina\u00e7\u00e3o pelo deputado Rog\u00e9rio Corr\u00eaa (PT), de R$ 100 mil em emenda parlamentar para a sa\u00fade municipal e outra, no valor de R$ 150 mil, para o Hospital de Cataguases, destinada pelo deputado federal Reginaldo Lopes, tamb\u00e9m do PT. St\u00e9fany informou ainda que a deputada estadual do PT, Beatriz Cerqueira, fez Requerimento ao Governador Romeu Zema solicitando socorro ao munic\u00edpio de Cataguases para manuten\u00e7\u00e3o dos leitos destinados ao tratamento de Covid-19 ao munic\u00edpio.<\/p>\n<div class=\"kejax69f74d409aa91\" ><br><\/div><style type=\"text\/css\">\r\n@media screen and (min-width: 1201px) {\r\n.kejax69f74d409aa91 {\r\ndisplay: block;\r\n}\r\n}\r\n@media screen and (min-width: 993px) and (max-width: 1200px) {\r\n.kejax69f74d409aa91 {\r\ndisplay: block;\r\n}\r\n}\r\n@media screen and (min-width: 769px) and (max-width: 992px) {\r\n.kejax69f74d409aa91 {\r\ndisplay: block;\r\n}\r\n}\r\n@media screen and (min-width: 768px) and (max-width: 768px) {\r\n.kejax69f74d409aa91 {\r\ndisplay: block;\r\n}\r\n}\r\n@media screen and (max-width: 767px) {\r\n.kejax69f74d409aa91 {\r\ndisplay: block;\r\n}\r\n}\r\n<\/style>\r\n<div class=\"wzqoi69f74d40a0bc0\" ><div id=\"div_destino\"><\/div>\r\n<script src=\"https:\/\/cdn.snsrsv.com\/sdk.js\"><\/script>\r\n<script >\r\n      new sdk(\"464030C30061EA8BE065000000000001\") \r\n          .appendTo(\"div_destino\")\r\n          .disableStyle(true) \r\n          .setCacheBusterMacro(\"%%CACHEBUSTER%%\")\r\n          .setSize(\"800\",\"214\")\r\n          .setClickMacro(\"%%CLICK_URL_ESC%%\") \r\n          .setReferrerUrlMacro(\"%%REFERRER_URL_ESC%%\") \r\n          .start(); \r\n<\/script><\/div><style type=\"text\/css\">\r\n@media screen and (min-width: 1201px) {\r\n.wzqoi69f74d40a0bc0 {\r\ndisplay: block;\r\n}\r\n}\r\n@media screen and (min-width: 993px) and (max-width: 1200px) {\r\n.wzqoi69f74d40a0bc0 {\r\ndisplay: block;\r\n}\r\n}\r\n@media screen and (min-width: 769px) and (max-width: 992px) {\r\n.wzqoi69f74d40a0bc0 {\r\ndisplay: block;\r\n}\r\n}\r\n@media screen and (min-width: 768px) and (max-width: 768px) {\r\n.wzqoi69f74d40a0bc0 {\r\ndisplay: block;\r\n}\r\n}\r\n@media screen and (max-width: 767px) {\r\n.wzqoi69f74d40a0bc0 {\r\ndisplay: block;\r\n}\r\n}\r\n<\/style>\r\n","protected":false},"excerpt":{"rendered":"<p>O Dia Internacional da Mulher foi comemorado pela C\u00e2mara Municipal de Cataguases na ter\u00e7a-feira, 09 de mar\u00e7o, de forma diferente este ano, por causa da pandemia do novo coronav\u00edrus. Ao inv\u00e9s das tradicionais homenagens presenciais que levavam dezenas de pessoas<\/p>\n<p class=\"link-more\"><a class=\"more-link\" href=\"https:\/\/marcelolopes.jor.br\/site\/2021\/03\/11\/vereadora-diz-que-8-de-marco-e-dia-de-luta-e-pede-vacina-ja\/\">Leia mais <span class=\"screen-reader-text\">Vereadora diz que 8 de mar\u00e7o \u00e9 \u201cdia de luta\u201d e pede vacina j\u00e1<\/span><\/a><\/p>\n","protected":false},"author":2,"featured_media":22153,"comment_status":"open","ping_status":"open","sticky":false,"template":"","format":"standard","meta":{"footnotes":""},"categories":[1],"tags":[345,3737,2414,3263],"class_list":["post-22151","post","type-post","status-publish","format-standard","has-post-thumbnail","hentry","category-noticias","tag-camara-municipal","tag-dia-internacional-da-mulher","tag-emenda-parlamentar","tag-stefany-carli","thumb-below-title"],"yoast_head":"<!-- This site is optimized with the Yoast SEO plugin v27.4 - https:\/\/yoast.com\/product\/yoast-seo-wordpress\/ -->\n<title>Vereadora diz que 8 de mar\u00e7o \u00e9 \u201cdia de luta\u201d e pede vacina j\u00e1 | Marcelo Lopes<\/title>\n<meta name=\"robots\" content=\"index, follow, max-snippet:-1, max-image-preview:large, max-video-preview:-1\" \/>\n<link rel=\"canonical\" href=\"https:\/\/marcelolopes.jor.br\/site\/2021\/03\/11\/vereadora-diz-que-8-de-marco-e-dia-de-luta-e-pede-vacina-ja\/\" \/>\n<meta property=\"og:locale\" content=\"pt_BR\" \/>\n<meta property=\"og:type\" content=\"article\" \/>\n<meta property=\"og:title\" content=\"Vereadora diz que 8 de mar\u00e7o \u00e9 \u201cdia de luta\u201d e pede vacina j\u00e1 | Marcelo Lopes\" \/>\n<meta property=\"og:description\" content=\"O Dia Internacional da Mulher foi comemorado pela C\u00e2mara Municipal de Cataguases na ter\u00e7a-feira, 09 de mar\u00e7o, de forma diferente este ano, por causa da pandemia do novo coronav\u00edrus. Ao inv\u00e9s das tradicionais homenagens presenciais que levavam dezenas de pessoasLeia mais Vereadora diz que 8 de mar\u00e7o \u00e9 \u201cdia de luta\u201d e pede vacina j\u00e1\" \/>\n<meta property=\"og:url\" content=\"https:\/\/marcelolopes.jor.br\/site\/2021\/03\/11\/vereadora-diz-que-8-de-marco-e-dia-de-luta-e-pede-vacina-ja\/\" \/>\n<meta property=\"og:site_name\" content=\"Marcelo Lopes\" \/>\n<meta property=\"article:publisher\" content=\"https:\/\/www.facebook.com\/sitedomarcelolopes\" \/>\n<meta property=\"article:published_time\" content=\"2021-03-11T15:00:47+00:00\" \/>\n<meta property=\"og:image\" content=\"https:\/\/marcelolopes.jor.br\/site\/wp-content\/uploads\/2021\/03\/Stefany.jpg\" \/>\n\t<meta property=\"og:image:width\" content=\"800\" \/>\n\t<meta property=\"og:image:height\" content=\"543\" \/>\n\t<meta property=\"og:image:type\" content=\"image\/jpeg\" \/>\n<meta name=\"author\" content=\"Marcelo Lopes\" \/>\n<meta name=\"twitter:card\" content=\"summary_large_image\" \/>\n<meta name=\"twitter:label1\" content=\"Escrito por\" \/>\n\t<meta name=\"twitter:data1\" content=\"Marcelo Lopes\" \/>\n\t<meta name=\"twitter:label2\" content=\"Est. tempo de leitura\" \/>\n\t<meta name=\"twitter:data2\" content=\"2 minutos\" \/>\n<script type=\"application\/ld+json\" class=\"yoast-schema-graph\">{\"@context\":\"https:\\\/\\\/schema.org\",\"@graph\":[{\"@type\":\"NewsArticle\",\"@id\":\"https:\\\/\\\/marcelolopes.jor.br\\\/site\\\/2021\\\/03\\\/11\\\/vereadora-diz-que-8-de-marco-e-dia-de-luta-e-pede-vacina-ja\\\/#article\",\"isPartOf\":{\"@id\":\"https:\\\/\\\/marcelolopes.jor.br\\\/site\\\/2021\\\/03\\\/11\\\/vereadora-diz-que-8-de-marco-e-dia-de-luta-e-pede-vacina-ja\\\/\"},\"author\":{\"name\":\"Marcelo Lopes\",\"@id\":\"https:\\\/\\\/marcelolopes.jor.br\\\/site\\\/#\\\/schema\\\/person\\\/3e7216a35c34d8fdf952b31da3d1f89f\"},\"headline\":\"Vereadora diz que 8 de mar\u00e7o \u00e9 \u201cdia de luta\u201d e pede vacina j\u00e1\",\"datePublished\":\"2021-03-11T15:00:47+00:00\",\"mainEntityOfPage\":{\"@id\":\"https:\\\/\\\/marcelolopes.jor.br\\\/site\\\/2021\\\/03\\\/11\\\/vereadora-diz-que-8-de-marco-e-dia-de-luta-e-pede-vacina-ja\\\/\"},\"wordCount\":416,\"commentCount\":0,\"publisher\":{\"@id\":\"https:\\\/\\\/marcelolopes.jor.br\\\/site\\\/#organization\"},\"image\":{\"@id\":\"https:\\\/\\\/marcelolopes.jor.br\\\/site\\\/2021\\\/03\\\/11\\\/vereadora-diz-que-8-de-marco-e-dia-de-luta-e-pede-vacina-ja\\\/#primaryimage\"},\"thumbnailUrl\":\"https:\\\/\\\/marcelolopes.jor.br\\\/site\\\/wp-content\\\/uploads\\\/2021\\\/03\\\/Stefany.jpg\",\"keywords\":[\"C\u00e2mara Municipal\",\"Dia Internacional da Mulher\",\"emenda parlamentar\",\"St\u00e9fany Carli\"],\"articleSection\":[\"Not\u00edcias\"],\"inLanguage\":\"pt-BR\",\"potentialAction\":[{\"@type\":\"CommentAction\",\"name\":\"Comment\",\"target\":[\"https:\\\/\\\/marcelolopes.jor.br\\\/site\\\/2021\\\/03\\\/11\\\/vereadora-diz-que-8-de-marco-e-dia-de-luta-e-pede-vacina-ja\\\/#respond\"]}]},{\"@type\":\"WebPage\",\"@id\":\"https:\\\/\\\/marcelolopes.jor.br\\\/site\\\/2021\\\/03\\\/11\\\/vereadora-diz-que-8-de-marco-e-dia-de-luta-e-pede-vacina-ja\\\/\",\"url\":\"https:\\\/\\\/marcelolopes.jor.br\\\/site\\\/2021\\\/03\\\/11\\\/vereadora-diz-que-8-de-marco-e-dia-de-luta-e-pede-vacina-ja\\\/\",\"name\":\"Vereadora diz que 8 de mar\u00e7o \u00e9 \u201cdia de luta\u201d e pede vacina j\u00e1 | Marcelo Lopes\",\"isPartOf\":{\"@id\":\"https:\\\/\\\/marcelolopes.jor.br\\\/site\\\/#website\"},\"primaryImageOfPage\":{\"@id\":\"https:\\\/\\\/marcelolopes.jor.br\\\/site\\\/2021\\\/03\\\/11\\\/vereadora-diz-que-8-de-marco-e-dia-de-luta-e-pede-vacina-ja\\\/#primaryimage\"},\"image\":{\"@id\":\"https:\\\/\\\/marcelolopes.jor.br\\\/site\\\/2021\\\/03\\\/11\\\/vereadora-diz-que-8-de-marco-e-dia-de-luta-e-pede-vacina-ja\\\/#primaryimage\"},\"thumbnailUrl\":\"https:\\\/\\\/marcelolopes.jor.br\\\/site\\\/wp-content\\\/uploads\\\/2021\\\/03\\\/Stefany.jpg\",\"datePublished\":\"2021-03-11T15:00:47+00:00\",\"breadcrumb\":{\"@id\":\"https:\\\/\\\/marcelolopes.jor.br\\\/site\\\/2021\\\/03\\\/11\\\/vereadora-diz-que-8-de-marco-e-dia-de-luta-e-pede-vacina-ja\\\/#breadcrumb\"},\"inLanguage\":\"pt-BR\",\"potentialAction\":[{\"@type\":\"ReadAction\",\"target\":[\"https:\\\/\\\/marcelolopes.jor.br\\\/site\\\/2021\\\/03\\\/11\\\/vereadora-diz-que-8-de-marco-e-dia-de-luta-e-pede-vacina-ja\\\/\"]}]},{\"@type\":\"ImageObject\",\"inLanguage\":\"pt-BR\",\"@id\":\"https:\\\/\\\/marcelolopes.jor.br\\\/site\\\/2021\\\/03\\\/11\\\/vereadora-diz-que-8-de-marco-e-dia-de-luta-e-pede-vacina-ja\\\/#primaryimage\",\"url\":\"https:\\\/\\\/marcelolopes.jor.br\\\/site\\\/wp-content\\\/uploads\\\/2021\\\/03\\\/Stefany.jpg\",\"contentUrl\":\"https:\\\/\\\/marcelolopes.jor.br\\\/site\\\/wp-content\\\/uploads\\\/2021\\\/03\\\/Stefany.jpg\",\"width\":800,\"height\":543},{\"@type\":\"BreadcrumbList\",\"@id\":\"https:\\\/\\\/marcelolopes.jor.br\\\/site\\\/2021\\\/03\\\/11\\\/vereadora-diz-que-8-de-marco-e-dia-de-luta-e-pede-vacina-ja\\\/#breadcrumb\",\"itemListElement\":[{\"@type\":\"ListItem\",\"position\":1,\"name\":\"Home\",\"item\":\"https:\\\/\\\/marcelolopes.jor.br\\\/site\\\/\"},{\"@type\":\"ListItem\",\"position\":2,\"name\":\"Vereadora diz que 8 de mar\u00e7o \u00e9 \u201cdia de luta\u201d e pede vacina j\u00e1\"}]},{\"@type\":\"WebSite\",\"@id\":\"https:\\\/\\\/marcelolopes.jor.br\\\/site\\\/#website\",\"url\":\"https:\\\/\\\/marcelolopes.jor.br\\\/site\\\/\",\"name\":\"Marcelo Lopes\",\"description\":\"Not\u00edcias de Cataguases e Regi\u00e3o\",\"publisher\":{\"@id\":\"https:\\\/\\\/marcelolopes.jor.br\\\/site\\\/#organization\"},\"potentialAction\":[{\"@type\":\"SearchAction\",\"target\":{\"@type\":\"EntryPoint\",\"urlTemplate\":\"https:\\\/\\\/marcelolopes.jor.br\\\/site\\\/?s={search_term_string}\"},\"query-input\":{\"@type\":\"PropertyValueSpecification\",\"valueRequired\":true,\"valueName\":\"search_term_string\"}}],\"inLanguage\":\"pt-BR\"},{\"@type\":\"Organization\",\"@id\":\"https:\\\/\\\/marcelolopes.jor.br\\\/site\\\/#organization\",\"name\":\"Site do Marcelo Lopes\",\"url\":\"https:\\\/\\\/marcelolopes.jor.br\\\/site\\\/\",\"logo\":{\"@type\":\"ImageObject\",\"inLanguage\":\"pt-BR\",\"@id\":\"https:\\\/\\\/marcelolopes.jor.br\\\/site\\\/#\\\/schema\\\/logo\\\/image\\\/\",\"url\":\"https:\\\/\\\/marcelolopes.jor.br\\\/site\\\/wp-content\\\/uploads\\\/2024\\\/11\\\/logo-1.png\",\"contentUrl\":\"https:\\\/\\\/marcelolopes.jor.br\\\/site\\\/wp-content\\\/uploads\\\/2024\\\/11\\\/logo-1.png\",\"width\":475,\"height\":80,\"caption\":\"Site do Marcelo Lopes\"},\"image\":{\"@id\":\"https:\\\/\\\/marcelolopes.jor.br\\\/site\\\/#\\\/schema\\\/logo\\\/image\\\/\"},\"sameAs\":[\"https:\\\/\\\/www.facebook.com\\\/sitedomarcelolopes\",\"https:\\\/\\\/www.instagram.com\\\/sitedomarcelolopes\\\/\",\"https:\\\/\\\/www.linkedin.com\\\/company\\\/site-do-marcelo-lopes\\\/\",\"https:\\\/\\\/www.youtube.com\\\/user\\\/marcelolopes957\"]},{\"@type\":\"Person\",\"@id\":\"https:\\\/\\\/marcelolopes.jor.br\\\/site\\\/#\\\/schema\\\/person\\\/3e7216a35c34d8fdf952b31da3d1f89f\",\"name\":\"Marcelo Lopes\",\"sameAs\":[\"http:\\\/\\\/www.marcelolopes.jor.br\"],\"url\":\"https:\\\/\\\/marcelolopes.jor.br\\\/site\\\/author\\\/marcelo\\\/\"}]}<\/script>\n<!-- \/ Yoast SEO plugin. -->","yoast_head_json":{"title":"Vereadora diz que 8 de mar\u00e7o \u00e9 \u201cdia de luta\u201d e pede vacina j\u00e1 | Marcelo Lopes","robots":{"index":"index","follow":"follow","max-snippet":"max-snippet:-1","max-image-preview":"max-image-preview:large","max-video-preview":"max-video-preview:-1"},"canonical":"https:\/\/marcelolopes.jor.br\/site\/2021\/03\/11\/vereadora-diz-que-8-de-marco-e-dia-de-luta-e-pede-vacina-ja\/","og_locale":"pt_BR","og_type":"article","og_title":"Vereadora diz que 8 de mar\u00e7o \u00e9 \u201cdia de luta\u201d e pede vacina j\u00e1 | Marcelo Lopes","og_description":"O Dia Internacional da Mulher foi comemorado pela C\u00e2mara Municipal de Cataguases na ter\u00e7a-feira, 09 de mar\u00e7o, de forma diferente este ano, por causa da pandemia do novo coronav\u00edrus. Ao inv\u00e9s das tradicionais homenagens presenciais que levavam dezenas de pessoasLeia mais Vereadora diz que 8 de mar\u00e7o \u00e9 \u201cdia de luta\u201d e pede vacina j\u00e1","og_url":"https:\/\/marcelolopes.jor.br\/site\/2021\/03\/11\/vereadora-diz-que-8-de-marco-e-dia-de-luta-e-pede-vacina-ja\/","og_site_name":"Marcelo Lopes","article_publisher":"https:\/\/www.facebook.com\/sitedomarcelolopes","article_published_time":"2021-03-11T15:00:47+00:00","og_image":[{"width":800,"height":543,"url":"https:\/\/marcelolopes.jor.br\/site\/wp-content\/uploads\/2021\/03\/Stefany.jpg","type":"image\/jpeg"}],"author":"Marcelo Lopes","twitter_card":"summary_large_image","twitter_misc":{"Escrito por":"Marcelo Lopes","Est. tempo de leitura":"2 minutos"},"schema":{"@context":"https:\/\/schema.org","@graph":[{"@type":"NewsArticle","@id":"https:\/\/marcelolopes.jor.br\/site\/2021\/03\/11\/vereadora-diz-que-8-de-marco-e-dia-de-luta-e-pede-vacina-ja\/#article","isPartOf":{"@id":"https:\/\/marcelolopes.jor.br\/site\/2021\/03\/11\/vereadora-diz-que-8-de-marco-e-dia-de-luta-e-pede-vacina-ja\/"},"author":{"name":"Marcelo Lopes","@id":"https:\/\/marcelolopes.jor.br\/site\/#\/schema\/person\/3e7216a35c34d8fdf952b31da3d1f89f"},"headline":"Vereadora diz que 8 de mar\u00e7o \u00e9 \u201cdia de luta\u201d e pede vacina j\u00e1","datePublished":"2021-03-11T15:00:47+00:00","mainEntityOfPage":{"@id":"https:\/\/marcelolopes.jor.br\/site\/2021\/03\/11\/vereadora-diz-que-8-de-marco-e-dia-de-luta-e-pede-vacina-ja\/"},"wordCount":416,"commentCount":0,"publisher":{"@id":"https:\/\/marcelolopes.jor.br\/site\/#organization"},"image":{"@id":"https:\/\/marcelolopes.jor.br\/site\/2021\/03\/11\/vereadora-diz-que-8-de-marco-e-dia-de-luta-e-pede-vacina-ja\/#primaryimage"},"thumbnailUrl":"https:\/\/marcelolopes.jor.br\/site\/wp-content\/uploads\/2021\/03\/Stefany.jpg","keywords":["C\u00e2mara Municipal","Dia Internacional da Mulher","emenda parlamentar","St\u00e9fany Carli"],"articleSection":["Not\u00edcias"],"inLanguage":"pt-BR","potentialAction":[{"@type":"CommentAction","name":"Comment","target":["https:\/\/marcelolopes.jor.br\/site\/2021\/03\/11\/vereadora-diz-que-8-de-marco-e-dia-de-luta-e-pede-vacina-ja\/#respond"]}]},{"@type":"WebPage","@id":"https:\/\/marcelolopes.jor.br\/site\/2021\/03\/11\/vereadora-diz-que-8-de-marco-e-dia-de-luta-e-pede-vacina-ja\/","url":"https:\/\/marcelolopes.jor.br\/site\/2021\/03\/11\/vereadora-diz-que-8-de-marco-e-dia-de-luta-e-pede-vacina-ja\/","name":"Vereadora diz que 8 de mar\u00e7o \u00e9 \u201cdia de luta\u201d e pede vacina j\u00e1 | Marcelo Lopes","isPartOf":{"@id":"https:\/\/marcelolopes.jor.br\/site\/#website"},"primaryImageOfPage":{"@id":"https:\/\/marcelolopes.jor.br\/site\/2021\/03\/11\/vereadora-diz-que-8-de-marco-e-dia-de-luta-e-pede-vacina-ja\/#primaryimage"},"image":{"@id":"https:\/\/marcelolopes.jor.br\/site\/2021\/03\/11\/vereadora-diz-que-8-de-marco-e-dia-de-luta-e-pede-vacina-ja\/#primaryimage"},"thumbnailUrl":"https:\/\/marcelolopes.jor.br\/site\/wp-content\/uploads\/2021\/03\/Stefany.jpg","datePublished":"2021-03-11T15:00:47+00:00","breadcrumb":{"@id":"https:\/\/marcelolopes.jor.br\/site\/2021\/03\/11\/vereadora-diz-que-8-de-marco-e-dia-de-luta-e-pede-vacina-ja\/#breadcrumb"},"inLanguage":"pt-BR","potentialAction":[{"@type":"ReadAction","target":["https:\/\/marcelolopes.jor.br\/site\/2021\/03\/11\/vereadora-diz-que-8-de-marco-e-dia-de-luta-e-pede-vacina-ja\/"]}]},{"@type":"ImageObject","inLanguage":"pt-BR","@id":"https:\/\/marcelolopes.jor.br\/site\/2021\/03\/11\/vereadora-diz-que-8-de-marco-e-dia-de-luta-e-pede-vacina-ja\/#primaryimage","url":"https:\/\/marcelolopes.jor.br\/site\/wp-content\/uploads\/2021\/03\/Stefany.jpg","contentUrl":"https:\/\/marcelolopes.jor.br\/site\/wp-content\/uploads\/2021\/03\/Stefany.jpg","width":800,"height":543},{"@type":"BreadcrumbList","@id":"https:\/\/marcelolopes.jor.br\/site\/2021\/03\/11\/vereadora-diz-que-8-de-marco-e-dia-de-luta-e-pede-vacina-ja\/#breadcrumb","itemListElement":[{"@type":"ListItem","position":1,"name":"Home","item":"https:\/\/marcelolopes.jor.br\/site\/"},{"@type":"ListItem","position":2,"name":"Vereadora diz que 8 de mar\u00e7o \u00e9 \u201cdia de luta\u201d e pede vacina j\u00e1"}]},{"@type":"WebSite","@id":"https:\/\/marcelolopes.jor.br\/site\/#website","url":"https:\/\/marcelolopes.jor.br\/site\/","name":"Marcelo Lopes","description":"Not\u00edcias de Cataguases e Regi\u00e3o","publisher":{"@id":"https:\/\/marcelolopes.jor.br\/site\/#organization"},"potentialAction":[{"@type":"SearchAction","target":{"@type":"EntryPoint","urlTemplate":"https:\/\/marcelolopes.jor.br\/site\/?s={search_term_string}"},"query-input":{"@type":"PropertyValueSpecification","valueRequired":true,"valueName":"search_term_string"}}],"inLanguage":"pt-BR"},{"@type":"Organization","@id":"https:\/\/marcelolopes.jor.br\/site\/#organization","name":"Site do Marcelo Lopes","url":"https:\/\/marcelolopes.jor.br\/site\/","logo":{"@type":"ImageObject","inLanguage":"pt-BR","@id":"https:\/\/marcelolopes.jor.br\/site\/#\/schema\/logo\/image\/","url":"https:\/\/marcelolopes.jor.br\/site\/wp-content\/uploads\/2024\/11\/logo-1.png","contentUrl":"https:\/\/marcelolopes.jor.br\/site\/wp-content\/uploads\/2024\/11\/logo-1.png","width":475,"height":80,"caption":"Site do Marcelo Lopes"},"image":{"@id":"https:\/\/marcelolopes.jor.br\/site\/#\/schema\/logo\/image\/"},"sameAs":["https:\/\/www.facebook.com\/sitedomarcelolopes","https:\/\/www.instagram.com\/sitedomarcelolopes\/","https:\/\/www.linkedin.com\/company\/site-do-marcelo-lopes\/","https:\/\/www.youtube.com\/user\/marcelolopes957"]},{"@type":"Person","@id":"https:\/\/marcelolopes.jor.br\/site\/#\/schema\/person\/3e7216a35c34d8fdf952b31da3d1f89f","name":"Marcelo Lopes","sameAs":["http:\/\/www.marcelolopes.jor.br"],"url":"https:\/\/marcelolopes.jor.br\/site\/author\/marcelo\/"}]}},"wps_subtitle":"St\u00e9fany Carli anunciou tamb\u00e9m emendas de deputados para Cataguases.","_links":{"self":[{"href":"https:\/\/marcelolopes.jor.br\/site\/wp-json\/wp\/v2\/posts\/22151","targetHints":{"allow":["GET"]}}],"collection":[{"href":"https:\/\/marcelolopes.jor.br\/site\/wp-json\/wp\/v2\/posts"}],"about":[{"href":"https:\/\/marcelolopes.jor.br\/site\/wp-json\/wp\/v2\/types\/post"}],"author":[{"embeddable":true,"href":"https:\/\/marcelolopes.jor.br\/site\/wp-json\/wp\/v2\/users\/2"}],"replies":[{"embeddable":true,"href":"https:\/\/marcelolopes.jor.br\/site\/wp-json\/wp\/v2\/comments?post=22151"}],"version-history":[{"count":0,"href":"https:\/\/marcelolopes.jor.br\/site\/wp-json\/wp\/v2\/posts\/22151\/revisions"}],"wp:featuredmedia":[{"embeddable":true,"href":"https:\/\/marcelolopes.jor.br\/site\/wp-json\/wp\/v2\/media\/22153"}],"wp:attachment":[{"href":"https:\/\/marcelolopes.jor.br\/site\/wp-json\/wp\/v2\/media?parent=22151"}],"wp:term":[{"taxonomy":"category","embeddable":true,"href":"https:\/\/marcelolopes.jor.br\/site\/wp-json\/wp\/v2\/categories?post=22151"},{"taxonomy":"post_tag","embeddable":true,"href":"https:\/\/marcelolopes.jor.br\/site\/wp-json\/wp\/v2\/tags?post=22151"}],"curies":[{"name":"wp","href":"https:\/\/api.w.org\/{rel}","templated":true}]}}