{"id":21529,"date":"2021-02-14T12:00:27","date_gmt":"2021-02-14T15:00:27","guid":{"rendered":"https:\/\/marcelolopes.jor.br\/?p=21529"},"modified":"2021-02-14T11:37:41","modified_gmt":"2021-02-14T14:37:41","slug":"taxistas-vao-levar-gratuitamente-idosos-com-mais-de-90-anos-para-vacinar","status":"publish","type":"post","link":"https:\/\/marcelolopes.jor.br\/site\/2021\/02\/14\/taxistas-vao-levar-gratuitamente-idosos-com-mais-de-90-anos-para-vacinar\/","title":{"rendered":"Taxistas v\u00e3o levar, gratuitamente, idosos com mais de 90 anos para vacinar"},"content":{"rendered":"<p style=\"text-align: justify;\">Idosos com mais de 90 anos de idade come\u00e7ar\u00e3o a ser vacinados nesta segunda-feira, 15 de fevereiro. Para contribuir neste processo, os vereadores Ricardo Dias e Rafael Moreira, juntamente com alguns motoristas que participam do aplicativo T\u00e1xi Kt\u00e1, v\u00e3o levar aqueles que n\u00e3o tem transporte pr\u00f3prio at\u00e9 os locais de vacina\u00e7\u00e3o, gratuitamente, trazendo-os de volta em casa logo ap\u00f3s serem imunizados.<!--more--><\/p>\n<p style=\"text-align: justify;\"><a href=\"https:\/\/wa.me\/553234211213\"><img loading=\"lazy\" decoding=\"async\" class=\"aligncenter wp-image-21069 size-full\" src=\"https:\/\/marcelolopes.jor.br\/site\/wp-content\/uploads\/2021\/01\/WhatsApp-Image-2021-01-27-at-14.58.03.jpeg\" alt=\"\" width=\"800\" height=\"214\" srcset=\"https:\/\/marcelolopes.jor.br\/site\/wp-content\/uploads\/2021\/01\/WhatsApp-Image-2021-01-27-at-14.58.03.jpeg 800w, https:\/\/marcelolopes.jor.br\/site\/wp-content\/uploads\/2021\/01\/WhatsApp-Image-2021-01-27-at-14.58.03-300x80.jpeg 300w, https:\/\/marcelolopes.jor.br\/site\/wp-content\/uploads\/2021\/01\/WhatsApp-Image-2021-01-27-at-14.58.03-768x205.jpeg 768w\" sizes=\"auto, (max-width: 800px) 100vw, 800px\" \/><\/a>Para isso os interessados devem se cadastrar por meio do aplicativo de mensagens WhatsApp em um destes n\u00fameros: <strong>(32) 99810-3047<\/strong>, Walace Joel de Oliveira ou <strong>(32) 99947-3576<\/strong>, com Leandro Queir\u00f3z. A partir da\u00ed ser\u00e1 feito o agendamento e informado ao idoso que poder\u00e1 ser acompanhado no ve\u00edculo por apenas uma pessoa, sendo que ambos dever\u00e3o estar usando m\u00e1scaras e \u00e1lcool em gel.<\/p>\n<p style=\"text-align: justify;\">De acordo com Rafael vinte e cinco motoristas do aplicativo T\u00e1xi Kt\u00e1 v\u00e3o participar desta iniciativa. Ele pede para que as pessoas usem o bom senso e somente utilizem o benef\u00edcio quem n\u00e3o tem como chegar ao posto de sa\u00fade por meio de transporte pr\u00f3prio. A vacina\u00e7\u00e3o ser\u00e1 realizada de segunda a quarta-feira, das 9h \u00e0s 14 horas per\u00edodo que o servi\u00e7o gratuito vai funcionar. Aquele vereador completa reiterando a import\u00e2ncia de todos serem vacinados.<\/p>\n<p>Foto gentilmente cedida pelo vereador Rafael Moreira<\/p>\n<div class=\"fueog69f72648ddda4\" ><br><\/div><style type=\"text\/css\">\r\n@media screen and (min-width: 1201px) {\r\n.fueog69f72648ddda4 {\r\ndisplay: block;\r\n}\r\n}\r\n@media screen and (min-width: 993px) and (max-width: 1200px) {\r\n.fueog69f72648ddda4 {\r\ndisplay: block;\r\n}\r\n}\r\n@media screen and (min-width: 769px) and (max-width: 992px) {\r\n.fueog69f72648ddda4 {\r\ndisplay: block;\r\n}\r\n}\r\n@media screen and (min-width: 768px) and (max-width: 768px) {\r\n.fueog69f72648ddda4 {\r\ndisplay: block;\r\n}\r\n}\r\n@media screen and (max-width: 767px) {\r\n.fueog69f72648ddda4 {\r\ndisplay: block;\r\n}\r\n}\r\n<\/style>\r\n<div class=\"lqmdw69f72648e2c59\" ><div id=\"div_destino\"><\/div>\r\n<script src=\"https:\/\/cdn.snsrsv.com\/sdk.js\"><\/script>\r\n<script >\r\n      new sdk(\"464030C30061EA8BE065000000000001\") \r\n          .appendTo(\"div_destino\")\r\n          .disableStyle(true) \r\n          .setCacheBusterMacro(\"%%CACHEBUSTER%%\")\r\n          .setSize(\"800\",\"214\")\r\n          .setClickMacro(\"%%CLICK_URL_ESC%%\") \r\n          .setReferrerUrlMacro(\"%%REFERRER_URL_ESC%%\") \r\n          .start(); \r\n<\/script><\/div><style type=\"text\/css\">\r\n@media screen and (min-width: 1201px) {\r\n.lqmdw69f72648e2c59 {\r\ndisplay: block;\r\n}\r\n}\r\n@media screen and (min-width: 993px) and (max-width: 1200px) {\r\n.lqmdw69f72648e2c59 {\r\ndisplay: block;\r\n}\r\n}\r\n@media screen and (min-width: 769px) and (max-width: 992px) {\r\n.lqmdw69f72648e2c59 {\r\ndisplay: block;\r\n}\r\n}\r\n@media screen and (min-width: 768px) and (max-width: 768px) {\r\n.lqmdw69f72648e2c59 {\r\ndisplay: block;\r\n}\r\n}\r\n@media screen and (max-width: 767px) {\r\n.lqmdw69f72648e2c59 {\r\ndisplay: block;\r\n}\r\n}\r\n<\/style>\r\n","protected":false},"excerpt":{"rendered":"<p>Idosos com mais de 90 anos de idade come\u00e7ar\u00e3o a ser vacinados nesta segunda-feira, 15 de fevereiro. Para contribuir neste processo, os vereadores Ricardo Dias e Rafael Moreira, juntamente com alguns motoristas que participam do aplicativo T\u00e1xi Kt\u00e1, v\u00e3o levar<\/p>\n<p class=\"link-more\"><a class=\"more-link\" href=\"https:\/\/marcelolopes.jor.br\/site\/2021\/02\/14\/taxistas-vao-levar-gratuitamente-idosos-com-mais-de-90-anos-para-vacinar\/\">Leia mais <span class=\"screen-reader-text\">Taxistas v\u00e3o levar, gratuitamente, idosos com mais de 90 anos para vacinar<\/span><\/a><\/p>\n","protected":false},"author":2,"featured_media":21531,"comment_status":"open","ping_status":"open","sticky":false,"template":"","format":"standard","meta":{"footnotes":""},"categories":[1],"tags":[3641,3005,3640,220],"class_list":["post-21529","post","type-post","status-publish","format-standard","has-post-thumbnail","hentry","category-noticias","tag-taxi-de-graca","tag-taxi-kta","tag-vacinacao-de-idosos","tag-vereadores","thumb-below-title"],"yoast_head":"<!-- This site is optimized with the Yoast SEO plugin v27.4 - https:\/\/yoast.com\/product\/yoast-seo-wordpress\/ -->\n<title>Taxistas v\u00e3o levar, gratuitamente, idosos com mais de 90 anos para vacinar | Marcelo Lopes<\/title>\n<meta name=\"robots\" content=\"index, follow, max-snippet:-1, max-image-preview:large, max-video-preview:-1\" \/>\n<link rel=\"canonical\" href=\"https:\/\/marcelolopes.jor.br\/site\/2021\/02\/14\/taxistas-vao-levar-gratuitamente-idosos-com-mais-de-90-anos-para-vacinar\/\" \/>\n<meta property=\"og:locale\" content=\"pt_BR\" \/>\n<meta property=\"og:type\" content=\"article\" \/>\n<meta property=\"og:title\" content=\"Taxistas v\u00e3o levar, gratuitamente, idosos com mais de 90 anos para vacinar | Marcelo Lopes\" \/>\n<meta property=\"og:description\" content=\"Idosos com mais de 90 anos de idade come\u00e7ar\u00e3o a ser vacinados nesta segunda-feira, 15 de fevereiro. Para contribuir neste processo, os vereadores Ricardo Dias e Rafael Moreira, juntamente com alguns motoristas que participam do aplicativo T\u00e1xi Kt\u00e1, v\u00e3o levarLeia mais Taxistas v\u00e3o levar, gratuitamente, idosos com mais de 90 anos para vacinar\" \/>\n<meta property=\"og:url\" content=\"https:\/\/marcelolopes.jor.br\/site\/2021\/02\/14\/taxistas-vao-levar-gratuitamente-idosos-com-mais-de-90-anos-para-vacinar\/\" \/>\n<meta property=\"og:site_name\" content=\"Marcelo Lopes\" \/>\n<meta property=\"article:publisher\" content=\"https:\/\/www.facebook.com\/sitedomarcelolopes\" \/>\n<meta property=\"article:published_time\" content=\"2021-02-14T15:00:27+00:00\" \/>\n<meta property=\"og:image\" content=\"https:\/\/marcelolopes.jor.br\/site\/wp-content\/uploads\/2021\/02\/WhatsApp-Image-2021-02-14-at-10.42.55.jpeg\" \/>\n\t<meta property=\"og:image:width\" content=\"800\" \/>\n\t<meta property=\"og:image:height\" content=\"423\" \/>\n\t<meta property=\"og:image:type\" content=\"image\/jpeg\" \/>\n<meta name=\"author\" content=\"Marcelo Lopes\" \/>\n<meta name=\"twitter:card\" content=\"summary_large_image\" \/>\n<meta name=\"twitter:label1\" content=\"Escrito por\" \/>\n\t<meta name=\"twitter:data1\" content=\"Marcelo Lopes\" \/>\n\t<meta name=\"twitter:label2\" content=\"Est. tempo de leitura\" \/>\n\t<meta name=\"twitter:data2\" content=\"1 minuto\" \/>\n<script type=\"application\/ld+json\" class=\"yoast-schema-graph\">{\"@context\":\"https:\\\/\\\/schema.org\",\"@graph\":[{\"@type\":\"NewsArticle\",\"@id\":\"https:\\\/\\\/marcelolopes.jor.br\\\/site\\\/2021\\\/02\\\/14\\\/taxistas-vao-levar-gratuitamente-idosos-com-mais-de-90-anos-para-vacinar\\\/#article\",\"isPartOf\":{\"@id\":\"https:\\\/\\\/marcelolopes.jor.br\\\/site\\\/2021\\\/02\\\/14\\\/taxistas-vao-levar-gratuitamente-idosos-com-mais-de-90-anos-para-vacinar\\\/\"},\"author\":{\"name\":\"Marcelo Lopes\",\"@id\":\"https:\\\/\\\/marcelolopes.jor.br\\\/site\\\/#\\\/schema\\\/person\\\/3e7216a35c34d8fdf952b31da3d1f89f\"},\"headline\":\"Taxistas v\u00e3o levar, gratuitamente, idosos com mais de 90 anos para vacinar\",\"datePublished\":\"2021-02-14T15:00:27+00:00\",\"mainEntityOfPage\":{\"@id\":\"https:\\\/\\\/marcelolopes.jor.br\\\/site\\\/2021\\\/02\\\/14\\\/taxistas-vao-levar-gratuitamente-idosos-com-mais-de-90-anos-para-vacinar\\\/\"},\"wordCount\":235,\"commentCount\":0,\"publisher\":{\"@id\":\"https:\\\/\\\/marcelolopes.jor.br\\\/site\\\/#organization\"},\"image\":{\"@id\":\"https:\\\/\\\/marcelolopes.jor.br\\\/site\\\/2021\\\/02\\\/14\\\/taxistas-vao-levar-gratuitamente-idosos-com-mais-de-90-anos-para-vacinar\\\/#primaryimage\"},\"thumbnailUrl\":\"https:\\\/\\\/marcelolopes.jor.br\\\/site\\\/wp-content\\\/uploads\\\/2021\\\/02\\\/WhatsApp-Image-2021-02-14-at-10.42.55.jpeg\",\"keywords\":[\"t\u00e1xi de gra\u00e7a\",\"T\u00e1xi Kt\u00e1\",\"vacina\u00e7\u00e3o de idosos\",\"vereadores\"],\"articleSection\":[\"Not\u00edcias\"],\"inLanguage\":\"pt-BR\",\"potentialAction\":[{\"@type\":\"CommentAction\",\"name\":\"Comment\",\"target\":[\"https:\\\/\\\/marcelolopes.jor.br\\\/site\\\/2021\\\/02\\\/14\\\/taxistas-vao-levar-gratuitamente-idosos-com-mais-de-90-anos-para-vacinar\\\/#respond\"]}]},{\"@type\":\"WebPage\",\"@id\":\"https:\\\/\\\/marcelolopes.jor.br\\\/site\\\/2021\\\/02\\\/14\\\/taxistas-vao-levar-gratuitamente-idosos-com-mais-de-90-anos-para-vacinar\\\/\",\"url\":\"https:\\\/\\\/marcelolopes.jor.br\\\/site\\\/2021\\\/02\\\/14\\\/taxistas-vao-levar-gratuitamente-idosos-com-mais-de-90-anos-para-vacinar\\\/\",\"name\":\"Taxistas v\u00e3o levar, gratuitamente, idosos com mais de 90 anos para vacinar | Marcelo Lopes\",\"isPartOf\":{\"@id\":\"https:\\\/\\\/marcelolopes.jor.br\\\/site\\\/#website\"},\"primaryImageOfPage\":{\"@id\":\"https:\\\/\\\/marcelolopes.jor.br\\\/site\\\/2021\\\/02\\\/14\\\/taxistas-vao-levar-gratuitamente-idosos-com-mais-de-90-anos-para-vacinar\\\/#primaryimage\"},\"image\":{\"@id\":\"https:\\\/\\\/marcelolopes.jor.br\\\/site\\\/2021\\\/02\\\/14\\\/taxistas-vao-levar-gratuitamente-idosos-com-mais-de-90-anos-para-vacinar\\\/#primaryimage\"},\"thumbnailUrl\":\"https:\\\/\\\/marcelolopes.jor.br\\\/site\\\/wp-content\\\/uploads\\\/2021\\\/02\\\/WhatsApp-Image-2021-02-14-at-10.42.55.jpeg\",\"datePublished\":\"2021-02-14T15:00:27+00:00\",\"breadcrumb\":{\"@id\":\"https:\\\/\\\/marcelolopes.jor.br\\\/site\\\/2021\\\/02\\\/14\\\/taxistas-vao-levar-gratuitamente-idosos-com-mais-de-90-anos-para-vacinar\\\/#breadcrumb\"},\"inLanguage\":\"pt-BR\",\"potentialAction\":[{\"@type\":\"ReadAction\",\"target\":[\"https:\\\/\\\/marcelolopes.jor.br\\\/site\\\/2021\\\/02\\\/14\\\/taxistas-vao-levar-gratuitamente-idosos-com-mais-de-90-anos-para-vacinar\\\/\"]}]},{\"@type\":\"ImageObject\",\"inLanguage\":\"pt-BR\",\"@id\":\"https:\\\/\\\/marcelolopes.jor.br\\\/site\\\/2021\\\/02\\\/14\\\/taxistas-vao-levar-gratuitamente-idosos-com-mais-de-90-anos-para-vacinar\\\/#primaryimage\",\"url\":\"https:\\\/\\\/marcelolopes.jor.br\\\/site\\\/wp-content\\\/uploads\\\/2021\\\/02\\\/WhatsApp-Image-2021-02-14-at-10.42.55.jpeg\",\"contentUrl\":\"https:\\\/\\\/marcelolopes.jor.br\\\/site\\\/wp-content\\\/uploads\\\/2021\\\/02\\\/WhatsApp-Image-2021-02-14-at-10.42.55.jpeg\",\"width\":800,\"height\":423},{\"@type\":\"BreadcrumbList\",\"@id\":\"https:\\\/\\\/marcelolopes.jor.br\\\/site\\\/2021\\\/02\\\/14\\\/taxistas-vao-levar-gratuitamente-idosos-com-mais-de-90-anos-para-vacinar\\\/#breadcrumb\",\"itemListElement\":[{\"@type\":\"ListItem\",\"position\":1,\"name\":\"Home\",\"item\":\"https:\\\/\\\/marcelolopes.jor.br\\\/site\\\/\"},{\"@type\":\"ListItem\",\"position\":2,\"name\":\"Taxistas v\u00e3o levar, gratuitamente, idosos com mais de 90 anos para vacinar\"}]},{\"@type\":\"WebSite\",\"@id\":\"https:\\\/\\\/marcelolopes.jor.br\\\/site\\\/#website\",\"url\":\"https:\\\/\\\/marcelolopes.jor.br\\\/site\\\/\",\"name\":\"Marcelo Lopes\",\"description\":\"Not\u00edcias de Cataguases e Regi\u00e3o\",\"publisher\":{\"@id\":\"https:\\\/\\\/marcelolopes.jor.br\\\/site\\\/#organization\"},\"potentialAction\":[{\"@type\":\"SearchAction\",\"target\":{\"@type\":\"EntryPoint\",\"urlTemplate\":\"https:\\\/\\\/marcelolopes.jor.br\\\/site\\\/?s={search_term_string}\"},\"query-input\":{\"@type\":\"PropertyValueSpecification\",\"valueRequired\":true,\"valueName\":\"search_term_string\"}}],\"inLanguage\":\"pt-BR\"},{\"@type\":\"Organization\",\"@id\":\"https:\\\/\\\/marcelolopes.jor.br\\\/site\\\/#organization\",\"name\":\"Site do Marcelo Lopes\",\"url\":\"https:\\\/\\\/marcelolopes.jor.br\\\/site\\\/\",\"logo\":{\"@type\":\"ImageObject\",\"inLanguage\":\"pt-BR\",\"@id\":\"https:\\\/\\\/marcelolopes.jor.br\\\/site\\\/#\\\/schema\\\/logo\\\/image\\\/\",\"url\":\"https:\\\/\\\/marcelolopes.jor.br\\\/site\\\/wp-content\\\/uploads\\\/2024\\\/11\\\/logo-1.png\",\"contentUrl\":\"https:\\\/\\\/marcelolopes.jor.br\\\/site\\\/wp-content\\\/uploads\\\/2024\\\/11\\\/logo-1.png\",\"width\":475,\"height\":80,\"caption\":\"Site do Marcelo Lopes\"},\"image\":{\"@id\":\"https:\\\/\\\/marcelolopes.jor.br\\\/site\\\/#\\\/schema\\\/logo\\\/image\\\/\"},\"sameAs\":[\"https:\\\/\\\/www.facebook.com\\\/sitedomarcelolopes\",\"https:\\\/\\\/www.instagram.com\\\/sitedomarcelolopes\\\/\",\"https:\\\/\\\/www.linkedin.com\\\/company\\\/site-do-marcelo-lopes\\\/\",\"https:\\\/\\\/www.youtube.com\\\/user\\\/marcelolopes957\"]},{\"@type\":\"Person\",\"@id\":\"https:\\\/\\\/marcelolopes.jor.br\\\/site\\\/#\\\/schema\\\/person\\\/3e7216a35c34d8fdf952b31da3d1f89f\",\"name\":\"Marcelo Lopes\",\"sameAs\":[\"http:\\\/\\\/www.marcelolopes.jor.br\"],\"url\":\"https:\\\/\\\/marcelolopes.jor.br\\\/site\\\/author\\\/marcelo\\\/\"}]}<\/script>\n<!-- \/ Yoast SEO plugin. -->","yoast_head_json":{"title":"Taxistas v\u00e3o levar, gratuitamente, idosos com mais de 90 anos para vacinar | Marcelo Lopes","robots":{"index":"index","follow":"follow","max-snippet":"max-snippet:-1","max-image-preview":"max-image-preview:large","max-video-preview":"max-video-preview:-1"},"canonical":"https:\/\/marcelolopes.jor.br\/site\/2021\/02\/14\/taxistas-vao-levar-gratuitamente-idosos-com-mais-de-90-anos-para-vacinar\/","og_locale":"pt_BR","og_type":"article","og_title":"Taxistas v\u00e3o levar, gratuitamente, idosos com mais de 90 anos para vacinar | Marcelo Lopes","og_description":"Idosos com mais de 90 anos de idade come\u00e7ar\u00e3o a ser vacinados nesta segunda-feira, 15 de fevereiro. Para contribuir neste processo, os vereadores Ricardo Dias e Rafael Moreira, juntamente com alguns motoristas que participam do aplicativo T\u00e1xi Kt\u00e1, v\u00e3o levarLeia mais Taxistas v\u00e3o levar, gratuitamente, idosos com mais de 90 anos para vacinar","og_url":"https:\/\/marcelolopes.jor.br\/site\/2021\/02\/14\/taxistas-vao-levar-gratuitamente-idosos-com-mais-de-90-anos-para-vacinar\/","og_site_name":"Marcelo Lopes","article_publisher":"https:\/\/www.facebook.com\/sitedomarcelolopes","article_published_time":"2021-02-14T15:00:27+00:00","og_image":[{"width":800,"height":423,"url":"https:\/\/marcelolopes.jor.br\/site\/wp-content\/uploads\/2021\/02\/WhatsApp-Image-2021-02-14-at-10.42.55.jpeg","type":"image\/jpeg"}],"author":"Marcelo Lopes","twitter_card":"summary_large_image","twitter_misc":{"Escrito por":"Marcelo Lopes","Est. tempo de leitura":"1 minuto"},"schema":{"@context":"https:\/\/schema.org","@graph":[{"@type":"NewsArticle","@id":"https:\/\/marcelolopes.jor.br\/site\/2021\/02\/14\/taxistas-vao-levar-gratuitamente-idosos-com-mais-de-90-anos-para-vacinar\/#article","isPartOf":{"@id":"https:\/\/marcelolopes.jor.br\/site\/2021\/02\/14\/taxistas-vao-levar-gratuitamente-idosos-com-mais-de-90-anos-para-vacinar\/"},"author":{"name":"Marcelo Lopes","@id":"https:\/\/marcelolopes.jor.br\/site\/#\/schema\/person\/3e7216a35c34d8fdf952b31da3d1f89f"},"headline":"Taxistas v\u00e3o levar, gratuitamente, idosos com mais de 90 anos para vacinar","datePublished":"2021-02-14T15:00:27+00:00","mainEntityOfPage":{"@id":"https:\/\/marcelolopes.jor.br\/site\/2021\/02\/14\/taxistas-vao-levar-gratuitamente-idosos-com-mais-de-90-anos-para-vacinar\/"},"wordCount":235,"commentCount":0,"publisher":{"@id":"https:\/\/marcelolopes.jor.br\/site\/#organization"},"image":{"@id":"https:\/\/marcelolopes.jor.br\/site\/2021\/02\/14\/taxistas-vao-levar-gratuitamente-idosos-com-mais-de-90-anos-para-vacinar\/#primaryimage"},"thumbnailUrl":"https:\/\/marcelolopes.jor.br\/site\/wp-content\/uploads\/2021\/02\/WhatsApp-Image-2021-02-14-at-10.42.55.jpeg","keywords":["t\u00e1xi de gra\u00e7a","T\u00e1xi Kt\u00e1","vacina\u00e7\u00e3o de idosos","vereadores"],"articleSection":["Not\u00edcias"],"inLanguage":"pt-BR","potentialAction":[{"@type":"CommentAction","name":"Comment","target":["https:\/\/marcelolopes.jor.br\/site\/2021\/02\/14\/taxistas-vao-levar-gratuitamente-idosos-com-mais-de-90-anos-para-vacinar\/#respond"]}]},{"@type":"WebPage","@id":"https:\/\/marcelolopes.jor.br\/site\/2021\/02\/14\/taxistas-vao-levar-gratuitamente-idosos-com-mais-de-90-anos-para-vacinar\/","url":"https:\/\/marcelolopes.jor.br\/site\/2021\/02\/14\/taxistas-vao-levar-gratuitamente-idosos-com-mais-de-90-anos-para-vacinar\/","name":"Taxistas v\u00e3o levar, gratuitamente, idosos com mais de 90 anos para vacinar | Marcelo Lopes","isPartOf":{"@id":"https:\/\/marcelolopes.jor.br\/site\/#website"},"primaryImageOfPage":{"@id":"https:\/\/marcelolopes.jor.br\/site\/2021\/02\/14\/taxistas-vao-levar-gratuitamente-idosos-com-mais-de-90-anos-para-vacinar\/#primaryimage"},"image":{"@id":"https:\/\/marcelolopes.jor.br\/site\/2021\/02\/14\/taxistas-vao-levar-gratuitamente-idosos-com-mais-de-90-anos-para-vacinar\/#primaryimage"},"thumbnailUrl":"https:\/\/marcelolopes.jor.br\/site\/wp-content\/uploads\/2021\/02\/WhatsApp-Image-2021-02-14-at-10.42.55.jpeg","datePublished":"2021-02-14T15:00:27+00:00","breadcrumb":{"@id":"https:\/\/marcelolopes.jor.br\/site\/2021\/02\/14\/taxistas-vao-levar-gratuitamente-idosos-com-mais-de-90-anos-para-vacinar\/#breadcrumb"},"inLanguage":"pt-BR","potentialAction":[{"@type":"ReadAction","target":["https:\/\/marcelolopes.jor.br\/site\/2021\/02\/14\/taxistas-vao-levar-gratuitamente-idosos-com-mais-de-90-anos-para-vacinar\/"]}]},{"@type":"ImageObject","inLanguage":"pt-BR","@id":"https:\/\/marcelolopes.jor.br\/site\/2021\/02\/14\/taxistas-vao-levar-gratuitamente-idosos-com-mais-de-90-anos-para-vacinar\/#primaryimage","url":"https:\/\/marcelolopes.jor.br\/site\/wp-content\/uploads\/2021\/02\/WhatsApp-Image-2021-02-14-at-10.42.55.jpeg","contentUrl":"https:\/\/marcelolopes.jor.br\/site\/wp-content\/uploads\/2021\/02\/WhatsApp-Image-2021-02-14-at-10.42.55.jpeg","width":800,"height":423},{"@type":"BreadcrumbList","@id":"https:\/\/marcelolopes.jor.br\/site\/2021\/02\/14\/taxistas-vao-levar-gratuitamente-idosos-com-mais-de-90-anos-para-vacinar\/#breadcrumb","itemListElement":[{"@type":"ListItem","position":1,"name":"Home","item":"https:\/\/marcelolopes.jor.br\/site\/"},{"@type":"ListItem","position":2,"name":"Taxistas v\u00e3o levar, gratuitamente, idosos com mais de 90 anos para vacinar"}]},{"@type":"WebSite","@id":"https:\/\/marcelolopes.jor.br\/site\/#website","url":"https:\/\/marcelolopes.jor.br\/site\/","name":"Marcelo Lopes","description":"Not\u00edcias de Cataguases e Regi\u00e3o","publisher":{"@id":"https:\/\/marcelolopes.jor.br\/site\/#organization"},"potentialAction":[{"@type":"SearchAction","target":{"@type":"EntryPoint","urlTemplate":"https:\/\/marcelolopes.jor.br\/site\/?s={search_term_string}"},"query-input":{"@type":"PropertyValueSpecification","valueRequired":true,"valueName":"search_term_string"}}],"inLanguage":"pt-BR"},{"@type":"Organization","@id":"https:\/\/marcelolopes.jor.br\/site\/#organization","name":"Site do Marcelo Lopes","url":"https:\/\/marcelolopes.jor.br\/site\/","logo":{"@type":"ImageObject","inLanguage":"pt-BR","@id":"https:\/\/marcelolopes.jor.br\/site\/#\/schema\/logo\/image\/","url":"https:\/\/marcelolopes.jor.br\/site\/wp-content\/uploads\/2024\/11\/logo-1.png","contentUrl":"https:\/\/marcelolopes.jor.br\/site\/wp-content\/uploads\/2024\/11\/logo-1.png","width":475,"height":80,"caption":"Site do Marcelo Lopes"},"image":{"@id":"https:\/\/marcelolopes.jor.br\/site\/#\/schema\/logo\/image\/"},"sameAs":["https:\/\/www.facebook.com\/sitedomarcelolopes","https:\/\/www.instagram.com\/sitedomarcelolopes\/","https:\/\/www.linkedin.com\/company\/site-do-marcelo-lopes\/","https:\/\/www.youtube.com\/user\/marcelolopes957"]},{"@type":"Person","@id":"https:\/\/marcelolopes.jor.br\/site\/#\/schema\/person\/3e7216a35c34d8fdf952b31da3d1f89f","name":"Marcelo Lopes","sameAs":["http:\/\/www.marcelolopes.jor.br"],"url":"https:\/\/marcelolopes.jor.br\/site\/author\/marcelo\/"}]}},"wps_subtitle":"Iniciativa \u00e9 uma parceria com os vereadores Rafael Moreira e Ricardo Dias.","_links":{"self":[{"href":"https:\/\/marcelolopes.jor.br\/site\/wp-json\/wp\/v2\/posts\/21529","targetHints":{"allow":["GET"]}}],"collection":[{"href":"https:\/\/marcelolopes.jor.br\/site\/wp-json\/wp\/v2\/posts"}],"about":[{"href":"https:\/\/marcelolopes.jor.br\/site\/wp-json\/wp\/v2\/types\/post"}],"author":[{"embeddable":true,"href":"https:\/\/marcelolopes.jor.br\/site\/wp-json\/wp\/v2\/users\/2"}],"replies":[{"embeddable":true,"href":"https:\/\/marcelolopes.jor.br\/site\/wp-json\/wp\/v2\/comments?post=21529"}],"version-history":[{"count":0,"href":"https:\/\/marcelolopes.jor.br\/site\/wp-json\/wp\/v2\/posts\/21529\/revisions"}],"wp:featuredmedia":[{"embeddable":true,"href":"https:\/\/marcelolopes.jor.br\/site\/wp-json\/wp\/v2\/media\/21531"}],"wp:attachment":[{"href":"https:\/\/marcelolopes.jor.br\/site\/wp-json\/wp\/v2\/media?parent=21529"}],"wp:term":[{"taxonomy":"category","embeddable":true,"href":"https:\/\/marcelolopes.jor.br\/site\/wp-json\/wp\/v2\/categories?post=21529"},{"taxonomy":"post_tag","embeddable":true,"href":"https:\/\/marcelolopes.jor.br\/site\/wp-json\/wp\/v2\/tags?post=21529"}],"curies":[{"name":"wp","href":"https:\/\/api.w.org\/{rel}","templated":true}]}}