{"id":21491,"date":"2021-02-12T20:00:36","date_gmt":"2021-02-12T23:00:36","guid":{"rendered":"https:\/\/marcelolopes.jor.br\/?p=21491"},"modified":"2021-02-12T16:53:28","modified_gmt":"2021-02-12T19:53:28","slug":"deputado-fernando-pacheco-faz-balanco-de-dois-anos-de-mandato","status":"publish","type":"post","link":"https:\/\/marcelolopes.jor.br\/site\/2021\/02\/12\/deputado-fernando-pacheco-faz-balanco-de-dois-anos-de-mandato\/","title":{"rendered":"Deputado Fernando Pacheco faz balan\u00e7o de dois anos de mandato"},"content":{"rendered":"<p style=\"text-align: justify;\">O deputado estadual pelo Partido Verde, Fernando Pacheco, que representa Cataguases e regi\u00e3o na Assembleia Legislativa de Minas Gerais, est\u00e1 completando dois anos de atua\u00e7\u00e3o parlamentar. Com uma consider\u00e1vel produ\u00e7\u00e3o em benef\u00edcio das cidades em que atua, atrav\u00e9s de emendas, Projetos de Lei (PL) e atua\u00e7\u00e3o pol\u00edtica. Fernando abra\u00e7ou temas inovadores como, por exemplo, a autoria autor de audi\u00eancia p\u00fablica na ALMG, realizada em agosto de 2019, que buscou informar e promover a produ\u00e7\u00e3o de energia renov\u00e1vel para avia\u00e7\u00e3o civil por meio do cultivo da maca\u00faba.<!--more--><\/p>\n<p style=\"text-align: justify;\"><a href=\"https:\/\/wa.me\/553234211213\"><img loading=\"lazy\" decoding=\"async\" class=\"aligncenter wp-image-21069 size-full\" src=\"https:\/\/marcelolopes.jor.br\/site\/wp-content\/uploads\/2021\/01\/WhatsApp-Image-2021-01-27-at-14.58.03.jpeg\" alt=\"\" width=\"800\" height=\"214\" srcset=\"https:\/\/marcelolopes.jor.br\/site\/wp-content\/uploads\/2021\/01\/WhatsApp-Image-2021-01-27-at-14.58.03.jpeg 800w, https:\/\/marcelolopes.jor.br\/site\/wp-content\/uploads\/2021\/01\/WhatsApp-Image-2021-01-27-at-14.58.03-300x80.jpeg 300w, https:\/\/marcelolopes.jor.br\/site\/wp-content\/uploads\/2021\/01\/WhatsApp-Image-2021-01-27-at-14.58.03-768x205.jpeg 768w\" sizes=\"auto, (max-width: 800px) 100vw, 800px\" \/><\/a>Em outra frente, a sua primeira a\u00e7\u00e3o efetiva como deputado estadual foi cobrar provid\u00eancias em reuni\u00f5es, of\u00edcios e requerimentos a Secretaria de Infraestrutura e ao Governador para a conclus\u00e3o da estrada da Empa, hoje, finalmente em obras. Logo depois, ainda nos primeiros meses de mandato, esteve em Cataguases em visita ao Hospital para anunciar recursos de mais de R$ 1 milh\u00e3o de suas emendas \u00e0quela Santa Casa que vivia momentos dif\u00edceis de caixa. Em outra atua\u00e7\u00e3o semelhante e quase paralela, destinou emendas a hospitais da Zona da Mata (Al\u00e9m Para\u00edba e Leopoldina). No final de 2020, destinou mais emendas, como uma Van para transporte de pacientes de Cataguases e mais de R$ 2 milh\u00f5es em custeio para aten\u00e7\u00e3o b\u00e1sica de todos os munic\u00edpios onde est\u00e1 atuando.<\/p>\n<p><img loading=\"lazy\" decoding=\"async\" class=\"alignright wp-image-21502\" src=\"https:\/\/marcelolopes.jor.br\/site\/wp-content\/uploads\/2021\/02\/Fernando.jpeg\" alt=\"\" width=\"180\" height=\"290\" srcset=\"https:\/\/marcelolopes.jor.br\/site\/wp-content\/uploads\/2021\/02\/Fernando.jpeg 480w, https:\/\/marcelolopes.jor.br\/site\/wp-content\/uploads\/2021\/02\/Fernando-186x300.jpeg 186w\" sizes=\"auto, (max-width: 180px) 100vw, 180px\" \/><\/p>\n<p style=\"text-align: justify;\">Sua atua\u00e7\u00e3o em plen\u00e1rio tem sempre o ideal de valorizar suas origens e manter a coer\u00eancia buscando o bem da popula\u00e7\u00e3o. Foi assim que ele contrariou a base governista e votou contra a reforma da Previd\u00eancia dos servidores do Estado. E avisou ao governo que assim agiria, \u201cem respeito \u00e0 categoria a qual perten\u00e7o\u201d, justificou. E mesmo sendo deputado estreante na Casa, conseguiu aprovar o primeiro PL de sua autoria, que depois se tornou Lei. Ela recebeu o n\u00famero 23.652 e foi sancionada no dia 04 de junho de 2020 e trata da utiliza\u00e7\u00e3o dos recursos do Fundo para a Inf\u00e2ncia e a Adolesc\u00eancia \u2013 FIA \u2013 \u201cpreferencialmente para garantir a prote\u00e7\u00e3o de crian\u00e7as e adolescentes contra os efeitos da pandemia\u201d.<\/p>\n<p style=\"text-align: justify;\">Seu trabalho parlamentar est\u00e1 presente tamb\u00e9m na participa\u00e7\u00e3o nas Comiss\u00f5es Permanentes, como membro efetivo, de Fiscaliza\u00e7\u00e3o Financeira e Or\u00e7ament\u00e1ria (FFO) e Assuntos Municipais e Regionaliza\u00e7\u00e3o, e na participa\u00e7\u00e3o direta pela aprova\u00e7\u00e3o de projetos de lei relevantes para o povo da regi\u00e3o. Foi assim na vota\u00e7\u00e3o do PL 516\/19, que ampliou o Polo Moveleiro de Ub\u00e1 incluindo Cataguases e outras cidades neste importante segmento da ind\u00fastria brasileira.<\/p>\n<p style=\"text-align: justify;\">Al\u00e9m disso, Fernando tamb\u00e9m apresentou projetos muito importantes para o Estado, como o PL 2262\/20 utiliza\u00e7\u00e3o de recursos advindo da extra\u00e7\u00e3o do ni\u00f3bio para o desenvolvimento da ci\u00eancia e tecnologia, e foi relator (implementando melhorias na proposta) do projeto 3578\/20 que busca incentivar as startups em Minas. Ele tamb\u00e9m j\u00e1 apresentou \u00e0quela Casa, projetos como o PL 955\/19 que confere a Cataguases o t\u00edtulo de Capital Estadual da Produ\u00e7\u00e3o Audiovisual e o PL 1027\/19, que visa instituir o Polo Audiovisual de Cataguases e Regi\u00e3o. Estes \u00faltimos visam facilitar a crescente produ\u00e7\u00e3o cinematogr\u00e1fica em Cataguases e regi\u00e3o, permitindo assim a gera\u00e7\u00e3o de empregos e a consolida\u00e7\u00e3o desse polo.<\/p>\n<p style=\"text-align: justify;\"><img loading=\"lazy\" decoding=\"async\" class=\"alignleft wp-image-21503\" src=\"https:\/\/marcelolopes.jor.br\/site\/wp-content\/uploads\/2021\/02\/9985F0E2-7232-4D58-ACFF-5CCB67AE144E.jpeg\" alt=\"\" width=\"180\" height=\"256\" srcset=\"https:\/\/marcelolopes.jor.br\/site\/wp-content\/uploads\/2021\/02\/9985F0E2-7232-4D58-ACFF-5CCB67AE144E.jpeg 640w, https:\/\/marcelolopes.jor.br\/site\/wp-content\/uploads\/2021\/02\/9985F0E2-7232-4D58-ACFF-5CCB67AE144E-211x300.jpeg 211w\" sizes=\"auto, (max-width: 180px) 100vw, 180px\" \/>Atento \u00e0 realidade em que vive, Fernando Pacheco destinou recursos para catorze escolas, sendo nove delas em Cataguases. S\u00f3 para este setor, o deputado cataguasense destinou R$ 2,5 milh\u00f5es em emendas, beneficiando todas as escolas estaduais e outras duas municipais. Sempre com seu olhar voltado para a Sa\u00fade, destinou dois micro\u00f4nibus ao Cisum para o transporte de pacientes, provenientes de indica\u00e7\u00f5es feitas por ele junto ao executivo mineiro.<\/p>\n<p style=\"text-align: justify;\">\u00c9 dele, ainda, a destina\u00e7\u00e3o de R$ 1.164,000,00 em emendas para a aquisi\u00e7\u00e3o de equipamentos agr\u00edcolas que v\u00e3o atender aos distritos de Aracati, Cataguarino, Gl\u00f3ria, Vista Alegre, e Sereno cuja Rua Alcides Jos\u00e9 Machado, recebeu emenda de 260 mil do deputado para cal\u00e7amento. Conforme revelou, seu objetivo com esta iniciativa \u00e9 \u201cfomentar o desenvolvimento agropecu\u00e1rio\u201d.<\/p>\n<p style=\"text-align: justify;\">Com estas a\u00e7\u00f5es o deputado estadual Fernando Pacheco refor\u00e7a o seu compromisso com a regi\u00e3o e sua disposi\u00e7\u00e3o de continuar trabalhando para o seu crescimento. \u201cH\u00e1 muita coisa pra gente fazer. Estamos vivendo um per\u00edodo delicado no mundo por causa da pandemia, mas vamos conseguindo conciliar esta nova realidade com as necessidades antigas e urgentes de nossa Cataguases e regi\u00e3o. Sigo confiante que vamos conseguir fazer muito mais com o objetivo de proporcionar a todos n\u00f3s um futuro melhor\u201d, conclui.<\/p>\n<p>Fotos: Assembleia Legislativa de Minas Gerais<\/p>\n<div class=\"cfack69f727fe03b83\" ><br><\/div><style type=\"text\/css\">\r\n@media screen and (min-width: 1201px) {\r\n.cfack69f727fe03b83 {\r\ndisplay: block;\r\n}\r\n}\r\n@media screen and (min-width: 993px) and (max-width: 1200px) {\r\n.cfack69f727fe03b83 {\r\ndisplay: block;\r\n}\r\n}\r\n@media screen and (min-width: 769px) and (max-width: 992px) {\r\n.cfack69f727fe03b83 {\r\ndisplay: block;\r\n}\r\n}\r\n@media screen and (min-width: 768px) and (max-width: 768px) {\r\n.cfack69f727fe03b83 {\r\ndisplay: block;\r\n}\r\n}\r\n@media screen and (max-width: 767px) {\r\n.cfack69f727fe03b83 {\r\ndisplay: block;\r\n}\r\n}\r\n<\/style>\r\n<div class=\"pigfz69f727fe0878f\" ><div id=\"div_destino\"><\/div>\r\n<script src=\"https:\/\/cdn.snsrsv.com\/sdk.js\"><\/script>\r\n<script >\r\n      new sdk(\"464030C30061EA8BE065000000000001\") \r\n          .appendTo(\"div_destino\")\r\n          .disableStyle(true) \r\n          .setCacheBusterMacro(\"%%CACHEBUSTER%%\")\r\n          .setSize(\"800\",\"214\")\r\n          .setClickMacro(\"%%CLICK_URL_ESC%%\") \r\n          .setReferrerUrlMacro(\"%%REFERRER_URL_ESC%%\") \r\n          .start(); \r\n<\/script><\/div><style type=\"text\/css\">\r\n@media screen and (min-width: 1201px) {\r\n.pigfz69f727fe0878f {\r\ndisplay: block;\r\n}\r\n}\r\n@media screen and (min-width: 993px) and (max-width: 1200px) {\r\n.pigfz69f727fe0878f {\r\ndisplay: block;\r\n}\r\n}\r\n@media screen and (min-width: 769px) and (max-width: 992px) {\r\n.pigfz69f727fe0878f {\r\ndisplay: block;\r\n}\r\n}\r\n@media screen and (min-width: 768px) and (max-width: 768px) {\r\n.pigfz69f727fe0878f {\r\ndisplay: block;\r\n}\r\n}\r\n@media screen and (max-width: 767px) {\r\n.pigfz69f727fe0878f {\r\ndisplay: block;\r\n}\r\n}\r\n<\/style>\r\n","protected":false},"excerpt":{"rendered":"<p>O deputado estadual pelo Partido Verde, Fernando Pacheco, que representa Cataguases e regi\u00e3o na Assembleia Legislativa de Minas Gerais, est\u00e1 completando dois anos de atua\u00e7\u00e3o parlamentar. Com uma consider\u00e1vel produ\u00e7\u00e3o em benef\u00edcio das cidades em que atua, atrav\u00e9s de emendas,<\/p>\n<p class=\"link-more\"><a class=\"more-link\" href=\"https:\/\/marcelolopes.jor.br\/site\/2021\/02\/12\/deputado-fernando-pacheco-faz-balanco-de-dois-anos-de-mandato\/\">Leia mais <span class=\"screen-reader-text\">Deputado Fernando Pacheco faz balan\u00e7o de dois anos de mandato<\/span><\/a><\/p>\n","protected":false},"author":2,"featured_media":21499,"comment_status":"open","ping_status":"open","sticky":false,"template":"","format":"standard","meta":{"footnotes":""},"categories":[1],"tags":[173,3635,172,2677],"class_list":["post-21491","post","type-post","status-publish","format-standard","has-post-thumbnail","hentry","category-noticias","tag-deputado-estadual","tag-dois-anos-de-mandato","tag-fernando-pacheco","tag-prestacao-de-contas","thumb-below-title"],"yoast_head":"<!-- This site is optimized with the Yoast SEO plugin v27.4 - https:\/\/yoast.com\/product\/yoast-seo-wordpress\/ -->\n<title>Deputado Fernando Pacheco faz balan\u00e7o de dois anos de mandato | Marcelo Lopes<\/title>\n<meta name=\"robots\" content=\"index, follow, max-snippet:-1, max-image-preview:large, max-video-preview:-1\" \/>\n<link rel=\"canonical\" href=\"https:\/\/marcelolopes.jor.br\/site\/2021\/02\/12\/deputado-fernando-pacheco-faz-balanco-de-dois-anos-de-mandato\/\" \/>\n<meta property=\"og:locale\" content=\"pt_BR\" \/>\n<meta property=\"og:type\" content=\"article\" \/>\n<meta property=\"og:title\" content=\"Deputado Fernando Pacheco faz balan\u00e7o de dois anos de mandato | Marcelo Lopes\" \/>\n<meta property=\"og:description\" content=\"O deputado estadual pelo Partido Verde, Fernando Pacheco, que representa Cataguases e regi\u00e3o na Assembleia Legislativa de Minas Gerais, est\u00e1 completando dois anos de atua\u00e7\u00e3o parlamentar. Com uma consider\u00e1vel produ\u00e7\u00e3o em benef\u00edcio das cidades em que atua, atrav\u00e9s de emendas,Leia mais Deputado Fernando Pacheco faz balan\u00e7o de dois anos de mandato\" \/>\n<meta property=\"og:url\" content=\"https:\/\/marcelolopes.jor.br\/site\/2021\/02\/12\/deputado-fernando-pacheco-faz-balanco-de-dois-anos-de-mandato\/\" \/>\n<meta property=\"og:site_name\" content=\"Marcelo Lopes\" \/>\n<meta property=\"article:publisher\" content=\"https:\/\/www.facebook.com\/sitedomarcelolopes\" \/>\n<meta property=\"article:published_time\" content=\"2021-02-12T23:00:36+00:00\" \/>\n<meta property=\"og:image\" content=\"https:\/\/marcelolopes.jor.br\/site\/wp-content\/uploads\/2021\/02\/CBB5917A-A38B-4B1F-A934-CD4D718C725E.jpeg\" \/>\n\t<meta property=\"og:image:width\" content=\"1498\" \/>\n\t<meta property=\"og:image:height\" content=\"1000\" \/>\n\t<meta property=\"og:image:type\" content=\"image\/jpeg\" \/>\n<meta name=\"author\" content=\"Marcelo Lopes\" \/>\n<meta name=\"twitter:card\" content=\"summary_large_image\" \/>\n<meta name=\"twitter:label1\" content=\"Escrito por\" \/>\n\t<meta name=\"twitter:data1\" content=\"Marcelo Lopes\" \/>\n\t<meta name=\"twitter:label2\" content=\"Est. tempo de leitura\" \/>\n\t<meta name=\"twitter:data2\" content=\"4 minutos\" \/>\n<script type=\"application\/ld+json\" class=\"yoast-schema-graph\">{\"@context\":\"https:\\\/\\\/schema.org\",\"@graph\":[{\"@type\":\"NewsArticle\",\"@id\":\"https:\\\/\\\/marcelolopes.jor.br\\\/site\\\/2021\\\/02\\\/12\\\/deputado-fernando-pacheco-faz-balanco-de-dois-anos-de-mandato\\\/#article\",\"isPartOf\":{\"@id\":\"https:\\\/\\\/marcelolopes.jor.br\\\/site\\\/2021\\\/02\\\/12\\\/deputado-fernando-pacheco-faz-balanco-de-dois-anos-de-mandato\\\/\"},\"author\":{\"name\":\"Marcelo Lopes\",\"@id\":\"https:\\\/\\\/marcelolopes.jor.br\\\/site\\\/#\\\/schema\\\/person\\\/3e7216a35c34d8fdf952b31da3d1f89f\"},\"headline\":\"Deputado Fernando Pacheco faz balan\u00e7o de dois anos de mandato\",\"datePublished\":\"2021-02-12T23:00:36+00:00\",\"mainEntityOfPage\":{\"@id\":\"https:\\\/\\\/marcelolopes.jor.br\\\/site\\\/2021\\\/02\\\/12\\\/deputado-fernando-pacheco-faz-balanco-de-dois-anos-de-mandato\\\/\"},\"wordCount\":791,\"commentCount\":0,\"publisher\":{\"@id\":\"https:\\\/\\\/marcelolopes.jor.br\\\/site\\\/#organization\"},\"image\":{\"@id\":\"https:\\\/\\\/marcelolopes.jor.br\\\/site\\\/2021\\\/02\\\/12\\\/deputado-fernando-pacheco-faz-balanco-de-dois-anos-de-mandato\\\/#primaryimage\"},\"thumbnailUrl\":\"https:\\\/\\\/marcelolopes.jor.br\\\/site\\\/wp-content\\\/uploads\\\/2021\\\/02\\\/CBB5917A-A38B-4B1F-A934-CD4D718C725E.jpeg\",\"keywords\":[\"Deputado estadual\",\"dois anos de mandato\",\"Fernando Pacheco\",\"presta\u00e7\u00e3o de contas\"],\"articleSection\":[\"Not\u00edcias\"],\"inLanguage\":\"pt-BR\",\"potentialAction\":[{\"@type\":\"CommentAction\",\"name\":\"Comment\",\"target\":[\"https:\\\/\\\/marcelolopes.jor.br\\\/site\\\/2021\\\/02\\\/12\\\/deputado-fernando-pacheco-faz-balanco-de-dois-anos-de-mandato\\\/#respond\"]}]},{\"@type\":\"WebPage\",\"@id\":\"https:\\\/\\\/marcelolopes.jor.br\\\/site\\\/2021\\\/02\\\/12\\\/deputado-fernando-pacheco-faz-balanco-de-dois-anos-de-mandato\\\/\",\"url\":\"https:\\\/\\\/marcelolopes.jor.br\\\/site\\\/2021\\\/02\\\/12\\\/deputado-fernando-pacheco-faz-balanco-de-dois-anos-de-mandato\\\/\",\"name\":\"Deputado Fernando Pacheco faz balan\u00e7o de dois anos de mandato | Marcelo Lopes\",\"isPartOf\":{\"@id\":\"https:\\\/\\\/marcelolopes.jor.br\\\/site\\\/#website\"},\"primaryImageOfPage\":{\"@id\":\"https:\\\/\\\/marcelolopes.jor.br\\\/site\\\/2021\\\/02\\\/12\\\/deputado-fernando-pacheco-faz-balanco-de-dois-anos-de-mandato\\\/#primaryimage\"},\"image\":{\"@id\":\"https:\\\/\\\/marcelolopes.jor.br\\\/site\\\/2021\\\/02\\\/12\\\/deputado-fernando-pacheco-faz-balanco-de-dois-anos-de-mandato\\\/#primaryimage\"},\"thumbnailUrl\":\"https:\\\/\\\/marcelolopes.jor.br\\\/site\\\/wp-content\\\/uploads\\\/2021\\\/02\\\/CBB5917A-A38B-4B1F-A934-CD4D718C725E.jpeg\",\"datePublished\":\"2021-02-12T23:00:36+00:00\",\"breadcrumb\":{\"@id\":\"https:\\\/\\\/marcelolopes.jor.br\\\/site\\\/2021\\\/02\\\/12\\\/deputado-fernando-pacheco-faz-balanco-de-dois-anos-de-mandato\\\/#breadcrumb\"},\"inLanguage\":\"pt-BR\",\"potentialAction\":[{\"@type\":\"ReadAction\",\"target\":[\"https:\\\/\\\/marcelolopes.jor.br\\\/site\\\/2021\\\/02\\\/12\\\/deputado-fernando-pacheco-faz-balanco-de-dois-anos-de-mandato\\\/\"]}]},{\"@type\":\"ImageObject\",\"inLanguage\":\"pt-BR\",\"@id\":\"https:\\\/\\\/marcelolopes.jor.br\\\/site\\\/2021\\\/02\\\/12\\\/deputado-fernando-pacheco-faz-balanco-de-dois-anos-de-mandato\\\/#primaryimage\",\"url\":\"https:\\\/\\\/marcelolopes.jor.br\\\/site\\\/wp-content\\\/uploads\\\/2021\\\/02\\\/CBB5917A-A38B-4B1F-A934-CD4D718C725E.jpeg\",\"contentUrl\":\"https:\\\/\\\/marcelolopes.jor.br\\\/site\\\/wp-content\\\/uploads\\\/2021\\\/02\\\/CBB5917A-A38B-4B1F-A934-CD4D718C725E.jpeg\",\"width\":1498,\"height\":1000,\"caption\":\"Fernando Pacheco (deputado estadual PHS\\\/MG)\"},{\"@type\":\"BreadcrumbList\",\"@id\":\"https:\\\/\\\/marcelolopes.jor.br\\\/site\\\/2021\\\/02\\\/12\\\/deputado-fernando-pacheco-faz-balanco-de-dois-anos-de-mandato\\\/#breadcrumb\",\"itemListElement\":[{\"@type\":\"ListItem\",\"position\":1,\"name\":\"Home\",\"item\":\"https:\\\/\\\/marcelolopes.jor.br\\\/site\\\/\"},{\"@type\":\"ListItem\",\"position\":2,\"name\":\"Deputado Fernando Pacheco faz balan\u00e7o de dois anos de mandato\"}]},{\"@type\":\"WebSite\",\"@id\":\"https:\\\/\\\/marcelolopes.jor.br\\\/site\\\/#website\",\"url\":\"https:\\\/\\\/marcelolopes.jor.br\\\/site\\\/\",\"name\":\"Marcelo Lopes\",\"description\":\"Not\u00edcias de Cataguases e Regi\u00e3o\",\"publisher\":{\"@id\":\"https:\\\/\\\/marcelolopes.jor.br\\\/site\\\/#organization\"},\"potentialAction\":[{\"@type\":\"SearchAction\",\"target\":{\"@type\":\"EntryPoint\",\"urlTemplate\":\"https:\\\/\\\/marcelolopes.jor.br\\\/site\\\/?s={search_term_string}\"},\"query-input\":{\"@type\":\"PropertyValueSpecification\",\"valueRequired\":true,\"valueName\":\"search_term_string\"}}],\"inLanguage\":\"pt-BR\"},{\"@type\":\"Organization\",\"@id\":\"https:\\\/\\\/marcelolopes.jor.br\\\/site\\\/#organization\",\"name\":\"Site do Marcelo Lopes\",\"url\":\"https:\\\/\\\/marcelolopes.jor.br\\\/site\\\/\",\"logo\":{\"@type\":\"ImageObject\",\"inLanguage\":\"pt-BR\",\"@id\":\"https:\\\/\\\/marcelolopes.jor.br\\\/site\\\/#\\\/schema\\\/logo\\\/image\\\/\",\"url\":\"https:\\\/\\\/marcelolopes.jor.br\\\/site\\\/wp-content\\\/uploads\\\/2024\\\/11\\\/logo-1.png\",\"contentUrl\":\"https:\\\/\\\/marcelolopes.jor.br\\\/site\\\/wp-content\\\/uploads\\\/2024\\\/11\\\/logo-1.png\",\"width\":475,\"height\":80,\"caption\":\"Site do Marcelo Lopes\"},\"image\":{\"@id\":\"https:\\\/\\\/marcelolopes.jor.br\\\/site\\\/#\\\/schema\\\/logo\\\/image\\\/\"},\"sameAs\":[\"https:\\\/\\\/www.facebook.com\\\/sitedomarcelolopes\",\"https:\\\/\\\/www.instagram.com\\\/sitedomarcelolopes\\\/\",\"https:\\\/\\\/www.linkedin.com\\\/company\\\/site-do-marcelo-lopes\\\/\",\"https:\\\/\\\/www.youtube.com\\\/user\\\/marcelolopes957\"]},{\"@type\":\"Person\",\"@id\":\"https:\\\/\\\/marcelolopes.jor.br\\\/site\\\/#\\\/schema\\\/person\\\/3e7216a35c34d8fdf952b31da3d1f89f\",\"name\":\"Marcelo Lopes\",\"sameAs\":[\"http:\\\/\\\/www.marcelolopes.jor.br\"],\"url\":\"https:\\\/\\\/marcelolopes.jor.br\\\/site\\\/author\\\/marcelo\\\/\"}]}<\/script>\n<!-- \/ Yoast SEO plugin. -->","yoast_head_json":{"title":"Deputado Fernando Pacheco faz balan\u00e7o de dois anos de mandato | Marcelo Lopes","robots":{"index":"index","follow":"follow","max-snippet":"max-snippet:-1","max-image-preview":"max-image-preview:large","max-video-preview":"max-video-preview:-1"},"canonical":"https:\/\/marcelolopes.jor.br\/site\/2021\/02\/12\/deputado-fernando-pacheco-faz-balanco-de-dois-anos-de-mandato\/","og_locale":"pt_BR","og_type":"article","og_title":"Deputado Fernando Pacheco faz balan\u00e7o de dois anos de mandato | Marcelo Lopes","og_description":"O deputado estadual pelo Partido Verde, Fernando Pacheco, que representa Cataguases e regi\u00e3o na Assembleia Legislativa de Minas Gerais, est\u00e1 completando dois anos de atua\u00e7\u00e3o parlamentar. Com uma consider\u00e1vel produ\u00e7\u00e3o em benef\u00edcio das cidades em que atua, atrav\u00e9s de emendas,Leia mais Deputado Fernando Pacheco faz balan\u00e7o de dois anos de mandato","og_url":"https:\/\/marcelolopes.jor.br\/site\/2021\/02\/12\/deputado-fernando-pacheco-faz-balanco-de-dois-anos-de-mandato\/","og_site_name":"Marcelo Lopes","article_publisher":"https:\/\/www.facebook.com\/sitedomarcelolopes","article_published_time":"2021-02-12T23:00:36+00:00","og_image":[{"width":1498,"height":1000,"url":"https:\/\/marcelolopes.jor.br\/site\/wp-content\/uploads\/2021\/02\/CBB5917A-A38B-4B1F-A934-CD4D718C725E.jpeg","type":"image\/jpeg"}],"author":"Marcelo Lopes","twitter_card":"summary_large_image","twitter_misc":{"Escrito por":"Marcelo Lopes","Est. tempo de leitura":"4 minutos"},"schema":{"@context":"https:\/\/schema.org","@graph":[{"@type":"NewsArticle","@id":"https:\/\/marcelolopes.jor.br\/site\/2021\/02\/12\/deputado-fernando-pacheco-faz-balanco-de-dois-anos-de-mandato\/#article","isPartOf":{"@id":"https:\/\/marcelolopes.jor.br\/site\/2021\/02\/12\/deputado-fernando-pacheco-faz-balanco-de-dois-anos-de-mandato\/"},"author":{"name":"Marcelo Lopes","@id":"https:\/\/marcelolopes.jor.br\/site\/#\/schema\/person\/3e7216a35c34d8fdf952b31da3d1f89f"},"headline":"Deputado Fernando Pacheco faz balan\u00e7o de dois anos de mandato","datePublished":"2021-02-12T23:00:36+00:00","mainEntityOfPage":{"@id":"https:\/\/marcelolopes.jor.br\/site\/2021\/02\/12\/deputado-fernando-pacheco-faz-balanco-de-dois-anos-de-mandato\/"},"wordCount":791,"commentCount":0,"publisher":{"@id":"https:\/\/marcelolopes.jor.br\/site\/#organization"},"image":{"@id":"https:\/\/marcelolopes.jor.br\/site\/2021\/02\/12\/deputado-fernando-pacheco-faz-balanco-de-dois-anos-de-mandato\/#primaryimage"},"thumbnailUrl":"https:\/\/marcelolopes.jor.br\/site\/wp-content\/uploads\/2021\/02\/CBB5917A-A38B-4B1F-A934-CD4D718C725E.jpeg","keywords":["Deputado estadual","dois anos de mandato","Fernando Pacheco","presta\u00e7\u00e3o de contas"],"articleSection":["Not\u00edcias"],"inLanguage":"pt-BR","potentialAction":[{"@type":"CommentAction","name":"Comment","target":["https:\/\/marcelolopes.jor.br\/site\/2021\/02\/12\/deputado-fernando-pacheco-faz-balanco-de-dois-anos-de-mandato\/#respond"]}]},{"@type":"WebPage","@id":"https:\/\/marcelolopes.jor.br\/site\/2021\/02\/12\/deputado-fernando-pacheco-faz-balanco-de-dois-anos-de-mandato\/","url":"https:\/\/marcelolopes.jor.br\/site\/2021\/02\/12\/deputado-fernando-pacheco-faz-balanco-de-dois-anos-de-mandato\/","name":"Deputado Fernando Pacheco faz balan\u00e7o de dois anos de mandato | Marcelo Lopes","isPartOf":{"@id":"https:\/\/marcelolopes.jor.br\/site\/#website"},"primaryImageOfPage":{"@id":"https:\/\/marcelolopes.jor.br\/site\/2021\/02\/12\/deputado-fernando-pacheco-faz-balanco-de-dois-anos-de-mandato\/#primaryimage"},"image":{"@id":"https:\/\/marcelolopes.jor.br\/site\/2021\/02\/12\/deputado-fernando-pacheco-faz-balanco-de-dois-anos-de-mandato\/#primaryimage"},"thumbnailUrl":"https:\/\/marcelolopes.jor.br\/site\/wp-content\/uploads\/2021\/02\/CBB5917A-A38B-4B1F-A934-CD4D718C725E.jpeg","datePublished":"2021-02-12T23:00:36+00:00","breadcrumb":{"@id":"https:\/\/marcelolopes.jor.br\/site\/2021\/02\/12\/deputado-fernando-pacheco-faz-balanco-de-dois-anos-de-mandato\/#breadcrumb"},"inLanguage":"pt-BR","potentialAction":[{"@type":"ReadAction","target":["https:\/\/marcelolopes.jor.br\/site\/2021\/02\/12\/deputado-fernando-pacheco-faz-balanco-de-dois-anos-de-mandato\/"]}]},{"@type":"ImageObject","inLanguage":"pt-BR","@id":"https:\/\/marcelolopes.jor.br\/site\/2021\/02\/12\/deputado-fernando-pacheco-faz-balanco-de-dois-anos-de-mandato\/#primaryimage","url":"https:\/\/marcelolopes.jor.br\/site\/wp-content\/uploads\/2021\/02\/CBB5917A-A38B-4B1F-A934-CD4D718C725E.jpeg","contentUrl":"https:\/\/marcelolopes.jor.br\/site\/wp-content\/uploads\/2021\/02\/CBB5917A-A38B-4B1F-A934-CD4D718C725E.jpeg","width":1498,"height":1000,"caption":"Fernando Pacheco (deputado estadual PHS\/MG)"},{"@type":"BreadcrumbList","@id":"https:\/\/marcelolopes.jor.br\/site\/2021\/02\/12\/deputado-fernando-pacheco-faz-balanco-de-dois-anos-de-mandato\/#breadcrumb","itemListElement":[{"@type":"ListItem","position":1,"name":"Home","item":"https:\/\/marcelolopes.jor.br\/site\/"},{"@type":"ListItem","position":2,"name":"Deputado Fernando Pacheco faz balan\u00e7o de dois anos de mandato"}]},{"@type":"WebSite","@id":"https:\/\/marcelolopes.jor.br\/site\/#website","url":"https:\/\/marcelolopes.jor.br\/site\/","name":"Marcelo Lopes","description":"Not\u00edcias de Cataguases e Regi\u00e3o","publisher":{"@id":"https:\/\/marcelolopes.jor.br\/site\/#organization"},"potentialAction":[{"@type":"SearchAction","target":{"@type":"EntryPoint","urlTemplate":"https:\/\/marcelolopes.jor.br\/site\/?s={search_term_string}"},"query-input":{"@type":"PropertyValueSpecification","valueRequired":true,"valueName":"search_term_string"}}],"inLanguage":"pt-BR"},{"@type":"Organization","@id":"https:\/\/marcelolopes.jor.br\/site\/#organization","name":"Site do Marcelo Lopes","url":"https:\/\/marcelolopes.jor.br\/site\/","logo":{"@type":"ImageObject","inLanguage":"pt-BR","@id":"https:\/\/marcelolopes.jor.br\/site\/#\/schema\/logo\/image\/","url":"https:\/\/marcelolopes.jor.br\/site\/wp-content\/uploads\/2024\/11\/logo-1.png","contentUrl":"https:\/\/marcelolopes.jor.br\/site\/wp-content\/uploads\/2024\/11\/logo-1.png","width":475,"height":80,"caption":"Site do Marcelo Lopes"},"image":{"@id":"https:\/\/marcelolopes.jor.br\/site\/#\/schema\/logo\/image\/"},"sameAs":["https:\/\/www.facebook.com\/sitedomarcelolopes","https:\/\/www.instagram.com\/sitedomarcelolopes\/","https:\/\/www.linkedin.com\/company\/site-do-marcelo-lopes\/","https:\/\/www.youtube.com\/user\/marcelolopes957"]},{"@type":"Person","@id":"https:\/\/marcelolopes.jor.br\/site\/#\/schema\/person\/3e7216a35c34d8fdf952b31da3d1f89f","name":"Marcelo Lopes","sameAs":["http:\/\/www.marcelolopes.jor.br"],"url":"https:\/\/marcelolopes.jor.br\/site\/author\/marcelo\/"}]}},"wps_subtitle":"Ele atuou em diversas frentes, todas voltadas para o desenvolvimento da regi\u00e3o.","_links":{"self":[{"href":"https:\/\/marcelolopes.jor.br\/site\/wp-json\/wp\/v2\/posts\/21491","targetHints":{"allow":["GET"]}}],"collection":[{"href":"https:\/\/marcelolopes.jor.br\/site\/wp-json\/wp\/v2\/posts"}],"about":[{"href":"https:\/\/marcelolopes.jor.br\/site\/wp-json\/wp\/v2\/types\/post"}],"author":[{"embeddable":true,"href":"https:\/\/marcelolopes.jor.br\/site\/wp-json\/wp\/v2\/users\/2"}],"replies":[{"embeddable":true,"href":"https:\/\/marcelolopes.jor.br\/site\/wp-json\/wp\/v2\/comments?post=21491"}],"version-history":[{"count":0,"href":"https:\/\/marcelolopes.jor.br\/site\/wp-json\/wp\/v2\/posts\/21491\/revisions"}],"wp:featuredmedia":[{"embeddable":true,"href":"https:\/\/marcelolopes.jor.br\/site\/wp-json\/wp\/v2\/media\/21499"}],"wp:attachment":[{"href":"https:\/\/marcelolopes.jor.br\/site\/wp-json\/wp\/v2\/media?parent=21491"}],"wp:term":[{"taxonomy":"category","embeddable":true,"href":"https:\/\/marcelolopes.jor.br\/site\/wp-json\/wp\/v2\/categories?post=21491"},{"taxonomy":"post_tag","embeddable":true,"href":"https:\/\/marcelolopes.jor.br\/site\/wp-json\/wp\/v2\/tags?post=21491"}],"curies":[{"name":"wp","href":"https:\/\/api.w.org\/{rel}","templated":true}]}}