{"id":21467,"date":"2021-02-12T07:00:25","date_gmt":"2021-02-12T10:00:25","guid":{"rendered":"https:\/\/marcelolopes.jor.br\/?p=21467"},"modified":"2021-02-11T18:54:55","modified_gmt":"2021-02-11T21:54:55","slug":"presidio-de-cataguases-volta-a-receber-visitas-a-partir-de-sabado","status":"publish","type":"post","link":"https:\/\/marcelolopes.jor.br\/site\/2021\/02\/12\/presidio-de-cataguases-volta-a-receber-visitas-a-partir-de-sabado\/","title":{"rendered":"Pres\u00eddio de Cataguases volta a receber visitas a partir de s\u00e1bado"},"content":{"rendered":"<p style=\"text-align: justify;\">Est\u00e3o permitidas as visitas presenciais nas unidades prisionais de Minas Gerais. Elas foram interrompidas no final do ano passado em fun\u00e7\u00e3o do agravamento da pandemia. A visita\u00e7\u00e3o, agora, foi retomada em fun\u00e7\u00e3o do estado ter avan\u00e7ado para a Onda Amarela do Programa Minas Consciente. O procedimento, por\u00e9m, obedece aos protocolos para a prote\u00e7\u00e3o de familiares e detentos contra a covid-19. A informa\u00e7\u00e3o foi confirmada pelo pres\u00eddio de Cataguases que, a partir deste fim de semana, come\u00e7a a receber novamente os visitantes.<!--more--><\/p>\n<p style=\"text-align: justify;\"><a href=\"https:\/\/wa.me\/553234211213\"><img loading=\"lazy\" decoding=\"async\" class=\"aligncenter wp-image-21069 size-full\" src=\"https:\/\/marcelolopes.jor.br\/site\/wp-content\/uploads\/2021\/01\/WhatsApp-Image-2021-01-27-at-14.58.03.jpeg\" alt=\"\" width=\"800\" height=\"214\" srcset=\"https:\/\/marcelolopes.jor.br\/site\/wp-content\/uploads\/2021\/01\/WhatsApp-Image-2021-01-27-at-14.58.03.jpeg 800w, https:\/\/marcelolopes.jor.br\/site\/wp-content\/uploads\/2021\/01\/WhatsApp-Image-2021-01-27-at-14.58.03-300x80.jpeg 300w, https:\/\/marcelolopes.jor.br\/site\/wp-content\/uploads\/2021\/01\/WhatsApp-Image-2021-01-27-at-14.58.03-768x205.jpeg 768w\" sizes=\"auto, (max-width: 800px) 100vw, 800px\" \/><\/a>As regras para a visita\u00e7\u00e3o s\u00e3o rigorosas e permitem apenas um visitante por preso a cada trinta dias. As visitas v\u00e3o ocorrer em cabines do parlat\u00f3rio e n\u00e3o \u00e9 permitido o contato pessoal entre o visitante e o detento. Cada visita ter\u00e1 dura\u00e7\u00e3o m\u00e1xima de vinte minutos, sempre com o uso obrigat\u00f3rio de m\u00e1scara. Ainda de acordo com as normas vigentes, o visitante somente vai poder entrar no recinto penal se estiver utilizando m\u00e1scara e assim dever\u00e1 permanecer enquanto estiver na unidade prisional. Caso o visitante apresente sintomas gripais n\u00e3o poder\u00e1 entrar no pres\u00eddio. Tamb\u00e9m est\u00e3o proibidas visitas de idosos, gestantes e pessoas que perten\u00e7am ao grupo de risco. A visita\u00e7\u00e3o acontecer\u00e1 por ordem de chegada. Estas regras podem mudar a cada semana, em fun\u00e7\u00e3o da pandemia.<\/p>\n<p style=\"text-align: justify;\">De acordo com o pres\u00eddio de Cataguases, haver\u00e1 visita\u00e7\u00e3o aos s\u00e1bados e domingos de fevereiro, a partir deste s\u00e1bado, dia 13, e domingo, 14. No s\u00e1bado, est\u00e3o liberadas as visitas para os detentos das celas 5(manh\u00e3) e 7(tarde), e no domingo para os reeducandos das celas 6 (manh\u00e3) e 8 (tarde). No dia 20 (s\u00e1bado) recebem visita os das celas 9 (manh\u00e3) e 11 (tarde) e domingo, 21, das celas 10(manh\u00e3) e 12 (tarde). No final de semana seguinte a ordem de visita\u00e7\u00e3o \u00e9: s\u00e1bado, 27, celas 13 (manh\u00e3) e 15 (tarde), e domingo, 28, celas 14 (manh\u00e3) e no per\u00edodo da tarde os presos da cela 16 e trabalhadores externos.<\/p>\n<div class=\"nogmj69f732c8d9107\" ><br><\/div><style type=\"text\/css\">\r\n@media screen and (min-width: 1201px) {\r\n.nogmj69f732c8d9107 {\r\ndisplay: block;\r\n}\r\n}\r\n@media screen and (min-width: 993px) and (max-width: 1200px) {\r\n.nogmj69f732c8d9107 {\r\ndisplay: block;\r\n}\r\n}\r\n@media screen and (min-width: 769px) and (max-width: 992px) {\r\n.nogmj69f732c8d9107 {\r\ndisplay: block;\r\n}\r\n}\r\n@media screen and (min-width: 768px) and (max-width: 768px) {\r\n.nogmj69f732c8d9107 {\r\ndisplay: block;\r\n}\r\n}\r\n@media screen and (max-width: 767px) {\r\n.nogmj69f732c8d9107 {\r\ndisplay: block;\r\n}\r\n}\r\n<\/style>\r\n<div class=\"werpf69f732c8df2ed\" ><div id=\"div_destino\"><\/div>\r\n<script src=\"https:\/\/cdn.snsrsv.com\/sdk.js\"><\/script>\r\n<script >\r\n      new sdk(\"464030C30061EA8BE065000000000001\") \r\n          .appendTo(\"div_destino\")\r\n          .disableStyle(true) \r\n          .setCacheBusterMacro(\"%%CACHEBUSTER%%\")\r\n          .setSize(\"800\",\"214\")\r\n          .setClickMacro(\"%%CLICK_URL_ESC%%\") \r\n          .setReferrerUrlMacro(\"%%REFERRER_URL_ESC%%\") \r\n          .start(); \r\n<\/script><\/div><style type=\"text\/css\">\r\n@media screen and (min-width: 1201px) {\r\n.werpf69f732c8df2ed {\r\ndisplay: block;\r\n}\r\n}\r\n@media screen and (min-width: 993px) and (max-width: 1200px) {\r\n.werpf69f732c8df2ed {\r\ndisplay: block;\r\n}\r\n}\r\n@media screen and (min-width: 769px) and (max-width: 992px) {\r\n.werpf69f732c8df2ed {\r\ndisplay: block;\r\n}\r\n}\r\n@media screen and (min-width: 768px) and (max-width: 768px) {\r\n.werpf69f732c8df2ed {\r\ndisplay: block;\r\n}\r\n}\r\n@media screen and (max-width: 767px) {\r\n.werpf69f732c8df2ed {\r\ndisplay: block;\r\n}\r\n}\r\n<\/style>\r\n","protected":false},"excerpt":{"rendered":"<p>Est\u00e3o permitidas as visitas presenciais nas unidades prisionais de Minas Gerais. Elas foram interrompidas no final do ano passado em fun\u00e7\u00e3o do agravamento da pandemia. A visita\u00e7\u00e3o, agora, foi retomada em fun\u00e7\u00e3o do estado ter avan\u00e7ado para a Onda Amarela<\/p>\n<p class=\"link-more\"><a class=\"more-link\" href=\"https:\/\/marcelolopes.jor.br\/site\/2021\/02\/12\/presidio-de-cataguases-volta-a-receber-visitas-a-partir-de-sabado\/\">Leia mais <span class=\"screen-reader-text\">Pres\u00eddio de Cataguases volta a receber visitas a partir de s\u00e1bado<\/span><\/a><\/p>\n","protected":false},"author":2,"featured_media":17632,"comment_status":"open","ping_status":"open","sticky":false,"template":"","format":"standard","meta":{"footnotes":""},"categories":[1],"tags":[895,896,3631,3029],"class_list":["post-21467","post","type-post","status-publish","format-standard","has-post-thumbnail","hentry","category-noticias","tag-presidio","tag-presidio-de-cataguases","tag-visita-aos-presos","tag-visitacao","thumb-below-title"],"yoast_head":"<!-- This site is optimized with the Yoast SEO plugin v27.4 - https:\/\/yoast.com\/product\/yoast-seo-wordpress\/ -->\n<title>Pres\u00eddio de Cataguases volta a receber visitas a partir de s\u00e1bado | Marcelo Lopes<\/title>\n<meta name=\"robots\" content=\"index, follow, max-snippet:-1, max-image-preview:large, max-video-preview:-1\" \/>\n<link rel=\"canonical\" href=\"https:\/\/marcelolopes.jor.br\/site\/2021\/02\/12\/presidio-de-cataguases-volta-a-receber-visitas-a-partir-de-sabado\/\" \/>\n<meta property=\"og:locale\" content=\"pt_BR\" \/>\n<meta property=\"og:type\" content=\"article\" \/>\n<meta property=\"og:title\" content=\"Pres\u00eddio de Cataguases volta a receber visitas a partir de s\u00e1bado | Marcelo Lopes\" \/>\n<meta property=\"og:description\" content=\"Est\u00e3o permitidas as visitas presenciais nas unidades prisionais de Minas Gerais. Elas foram interrompidas no final do ano passado em fun\u00e7\u00e3o do agravamento da pandemia. A visita\u00e7\u00e3o, agora, foi retomada em fun\u00e7\u00e3o do estado ter avan\u00e7ado para a Onda AmarelaLeia mais Pres\u00eddio de Cataguases volta a receber visitas a partir de s\u00e1bado\" \/>\n<meta property=\"og:url\" content=\"https:\/\/marcelolopes.jor.br\/site\/2021\/02\/12\/presidio-de-cataguases-volta-a-receber-visitas-a-partir-de-sabado\/\" \/>\n<meta property=\"og:site_name\" content=\"Marcelo Lopes\" \/>\n<meta property=\"article:publisher\" content=\"https:\/\/www.facebook.com\/sitedomarcelolopes\" \/>\n<meta property=\"article:published_time\" content=\"2021-02-12T10:00:25+00:00\" \/>\n<meta property=\"og:image\" content=\"https:\/\/marcelolopes.jor.br\/site\/wp-content\/uploads\/2020\/09\/Pres\u00eddio1.jpg\" \/>\n\t<meta property=\"og:image:width\" content=\"800\" \/>\n\t<meta property=\"og:image:height\" content=\"576\" \/>\n\t<meta property=\"og:image:type\" content=\"image\/jpeg\" \/>\n<meta name=\"author\" content=\"Marcelo Lopes\" \/>\n<meta name=\"twitter:card\" content=\"summary_large_image\" \/>\n<meta name=\"twitter:label1\" content=\"Escrito por\" \/>\n\t<meta name=\"twitter:data1\" content=\"Marcelo Lopes\" \/>\n\t<meta name=\"twitter:label2\" content=\"Est. tempo de leitura\" \/>\n\t<meta name=\"twitter:data2\" content=\"2 minutos\" \/>\n<script type=\"application\/ld+json\" class=\"yoast-schema-graph\">{\"@context\":\"https:\\\/\\\/schema.org\",\"@graph\":[{\"@type\":\"NewsArticle\",\"@id\":\"https:\\\/\\\/marcelolopes.jor.br\\\/site\\\/2021\\\/02\\\/12\\\/presidio-de-cataguases-volta-a-receber-visitas-a-partir-de-sabado\\\/#article\",\"isPartOf\":{\"@id\":\"https:\\\/\\\/marcelolopes.jor.br\\\/site\\\/2021\\\/02\\\/12\\\/presidio-de-cataguases-volta-a-receber-visitas-a-partir-de-sabado\\\/\"},\"author\":{\"name\":\"Marcelo Lopes\",\"@id\":\"https:\\\/\\\/marcelolopes.jor.br\\\/site\\\/#\\\/schema\\\/person\\\/3e7216a35c34d8fdf952b31da3d1f89f\"},\"headline\":\"Pres\u00eddio de Cataguases volta a receber visitas a partir de s\u00e1bado\",\"datePublished\":\"2021-02-12T10:00:25+00:00\",\"mainEntityOfPage\":{\"@id\":\"https:\\\/\\\/marcelolopes.jor.br\\\/site\\\/2021\\\/02\\\/12\\\/presidio-de-cataguases-volta-a-receber-visitas-a-partir-de-sabado\\\/\"},\"wordCount\":352,\"commentCount\":0,\"publisher\":{\"@id\":\"https:\\\/\\\/marcelolopes.jor.br\\\/site\\\/#organization\"},\"image\":{\"@id\":\"https:\\\/\\\/marcelolopes.jor.br\\\/site\\\/2021\\\/02\\\/12\\\/presidio-de-cataguases-volta-a-receber-visitas-a-partir-de-sabado\\\/#primaryimage\"},\"thumbnailUrl\":\"https:\\\/\\\/marcelolopes.jor.br\\\/site\\\/wp-content\\\/uploads\\\/2020\\\/09\\\/Pres\u00eddio1.jpg\",\"keywords\":[\"pres\u00eddio\",\"pres\u00eddio de Cataguases\",\"visita aos presos\",\"visita\u00e7\u00e3o\"],\"articleSection\":[\"Not\u00edcias\"],\"inLanguage\":\"pt-BR\",\"potentialAction\":[{\"@type\":\"CommentAction\",\"name\":\"Comment\",\"target\":[\"https:\\\/\\\/marcelolopes.jor.br\\\/site\\\/2021\\\/02\\\/12\\\/presidio-de-cataguases-volta-a-receber-visitas-a-partir-de-sabado\\\/#respond\"]}]},{\"@type\":\"WebPage\",\"@id\":\"https:\\\/\\\/marcelolopes.jor.br\\\/site\\\/2021\\\/02\\\/12\\\/presidio-de-cataguases-volta-a-receber-visitas-a-partir-de-sabado\\\/\",\"url\":\"https:\\\/\\\/marcelolopes.jor.br\\\/site\\\/2021\\\/02\\\/12\\\/presidio-de-cataguases-volta-a-receber-visitas-a-partir-de-sabado\\\/\",\"name\":\"Pres\u00eddio de Cataguases volta a receber visitas a partir de s\u00e1bado | Marcelo Lopes\",\"isPartOf\":{\"@id\":\"https:\\\/\\\/marcelolopes.jor.br\\\/site\\\/#website\"},\"primaryImageOfPage\":{\"@id\":\"https:\\\/\\\/marcelolopes.jor.br\\\/site\\\/2021\\\/02\\\/12\\\/presidio-de-cataguases-volta-a-receber-visitas-a-partir-de-sabado\\\/#primaryimage\"},\"image\":{\"@id\":\"https:\\\/\\\/marcelolopes.jor.br\\\/site\\\/2021\\\/02\\\/12\\\/presidio-de-cataguases-volta-a-receber-visitas-a-partir-de-sabado\\\/#primaryimage\"},\"thumbnailUrl\":\"https:\\\/\\\/marcelolopes.jor.br\\\/site\\\/wp-content\\\/uploads\\\/2020\\\/09\\\/Pres\u00eddio1.jpg\",\"datePublished\":\"2021-02-12T10:00:25+00:00\",\"breadcrumb\":{\"@id\":\"https:\\\/\\\/marcelolopes.jor.br\\\/site\\\/2021\\\/02\\\/12\\\/presidio-de-cataguases-volta-a-receber-visitas-a-partir-de-sabado\\\/#breadcrumb\"},\"inLanguage\":\"pt-BR\",\"potentialAction\":[{\"@type\":\"ReadAction\",\"target\":[\"https:\\\/\\\/marcelolopes.jor.br\\\/site\\\/2021\\\/02\\\/12\\\/presidio-de-cataguases-volta-a-receber-visitas-a-partir-de-sabado\\\/\"]}]},{\"@type\":\"ImageObject\",\"inLanguage\":\"pt-BR\",\"@id\":\"https:\\\/\\\/marcelolopes.jor.br\\\/site\\\/2021\\\/02\\\/12\\\/presidio-de-cataguases-volta-a-receber-visitas-a-partir-de-sabado\\\/#primaryimage\",\"url\":\"https:\\\/\\\/marcelolopes.jor.br\\\/site\\\/wp-content\\\/uploads\\\/2020\\\/09\\\/Pres\u00eddio1.jpg\",\"contentUrl\":\"https:\\\/\\\/marcelolopes.jor.br\\\/site\\\/wp-content\\\/uploads\\\/2020\\\/09\\\/Pres\u00eddio1.jpg\",\"width\":800,\"height\":576},{\"@type\":\"BreadcrumbList\",\"@id\":\"https:\\\/\\\/marcelolopes.jor.br\\\/site\\\/2021\\\/02\\\/12\\\/presidio-de-cataguases-volta-a-receber-visitas-a-partir-de-sabado\\\/#breadcrumb\",\"itemListElement\":[{\"@type\":\"ListItem\",\"position\":1,\"name\":\"Home\",\"item\":\"https:\\\/\\\/marcelolopes.jor.br\\\/site\\\/\"},{\"@type\":\"ListItem\",\"position\":2,\"name\":\"Pres\u00eddio de Cataguases volta a receber visitas a partir de s\u00e1bado\"}]},{\"@type\":\"WebSite\",\"@id\":\"https:\\\/\\\/marcelolopes.jor.br\\\/site\\\/#website\",\"url\":\"https:\\\/\\\/marcelolopes.jor.br\\\/site\\\/\",\"name\":\"Marcelo Lopes\",\"description\":\"Not\u00edcias de Cataguases e Regi\u00e3o\",\"publisher\":{\"@id\":\"https:\\\/\\\/marcelolopes.jor.br\\\/site\\\/#organization\"},\"potentialAction\":[{\"@type\":\"SearchAction\",\"target\":{\"@type\":\"EntryPoint\",\"urlTemplate\":\"https:\\\/\\\/marcelolopes.jor.br\\\/site\\\/?s={search_term_string}\"},\"query-input\":{\"@type\":\"PropertyValueSpecification\",\"valueRequired\":true,\"valueName\":\"search_term_string\"}}],\"inLanguage\":\"pt-BR\"},{\"@type\":\"Organization\",\"@id\":\"https:\\\/\\\/marcelolopes.jor.br\\\/site\\\/#organization\",\"name\":\"Site do Marcelo Lopes\",\"url\":\"https:\\\/\\\/marcelolopes.jor.br\\\/site\\\/\",\"logo\":{\"@type\":\"ImageObject\",\"inLanguage\":\"pt-BR\",\"@id\":\"https:\\\/\\\/marcelolopes.jor.br\\\/site\\\/#\\\/schema\\\/logo\\\/image\\\/\",\"url\":\"https:\\\/\\\/marcelolopes.jor.br\\\/site\\\/wp-content\\\/uploads\\\/2024\\\/11\\\/logo-1.png\",\"contentUrl\":\"https:\\\/\\\/marcelolopes.jor.br\\\/site\\\/wp-content\\\/uploads\\\/2024\\\/11\\\/logo-1.png\",\"width\":475,\"height\":80,\"caption\":\"Site do Marcelo Lopes\"},\"image\":{\"@id\":\"https:\\\/\\\/marcelolopes.jor.br\\\/site\\\/#\\\/schema\\\/logo\\\/image\\\/\"},\"sameAs\":[\"https:\\\/\\\/www.facebook.com\\\/sitedomarcelolopes\",\"https:\\\/\\\/www.instagram.com\\\/sitedomarcelolopes\\\/\",\"https:\\\/\\\/www.linkedin.com\\\/company\\\/site-do-marcelo-lopes\\\/\",\"https:\\\/\\\/www.youtube.com\\\/user\\\/marcelolopes957\"]},{\"@type\":\"Person\",\"@id\":\"https:\\\/\\\/marcelolopes.jor.br\\\/site\\\/#\\\/schema\\\/person\\\/3e7216a35c34d8fdf952b31da3d1f89f\",\"name\":\"Marcelo Lopes\",\"sameAs\":[\"http:\\\/\\\/www.marcelolopes.jor.br\"],\"url\":\"https:\\\/\\\/marcelolopes.jor.br\\\/site\\\/author\\\/marcelo\\\/\"}]}<\/script>\n<!-- \/ Yoast SEO plugin. -->","yoast_head_json":{"title":"Pres\u00eddio de Cataguases volta a receber visitas a partir de s\u00e1bado | Marcelo Lopes","robots":{"index":"index","follow":"follow","max-snippet":"max-snippet:-1","max-image-preview":"max-image-preview:large","max-video-preview":"max-video-preview:-1"},"canonical":"https:\/\/marcelolopes.jor.br\/site\/2021\/02\/12\/presidio-de-cataguases-volta-a-receber-visitas-a-partir-de-sabado\/","og_locale":"pt_BR","og_type":"article","og_title":"Pres\u00eddio de Cataguases volta a receber visitas a partir de s\u00e1bado | Marcelo Lopes","og_description":"Est\u00e3o permitidas as visitas presenciais nas unidades prisionais de Minas Gerais. Elas foram interrompidas no final do ano passado em fun\u00e7\u00e3o do agravamento da pandemia. A visita\u00e7\u00e3o, agora, foi retomada em fun\u00e7\u00e3o do estado ter avan\u00e7ado para a Onda AmarelaLeia mais Pres\u00eddio de Cataguases volta a receber visitas a partir de s\u00e1bado","og_url":"https:\/\/marcelolopes.jor.br\/site\/2021\/02\/12\/presidio-de-cataguases-volta-a-receber-visitas-a-partir-de-sabado\/","og_site_name":"Marcelo Lopes","article_publisher":"https:\/\/www.facebook.com\/sitedomarcelolopes","article_published_time":"2021-02-12T10:00:25+00:00","og_image":[{"width":800,"height":576,"url":"https:\/\/marcelolopes.jor.br\/site\/wp-content\/uploads\/2020\/09\/Pres\u00eddio1.jpg","type":"image\/jpeg"}],"author":"Marcelo Lopes","twitter_card":"summary_large_image","twitter_misc":{"Escrito por":"Marcelo Lopes","Est. tempo de leitura":"2 minutos"},"schema":{"@context":"https:\/\/schema.org","@graph":[{"@type":"NewsArticle","@id":"https:\/\/marcelolopes.jor.br\/site\/2021\/02\/12\/presidio-de-cataguases-volta-a-receber-visitas-a-partir-de-sabado\/#article","isPartOf":{"@id":"https:\/\/marcelolopes.jor.br\/site\/2021\/02\/12\/presidio-de-cataguases-volta-a-receber-visitas-a-partir-de-sabado\/"},"author":{"name":"Marcelo Lopes","@id":"https:\/\/marcelolopes.jor.br\/site\/#\/schema\/person\/3e7216a35c34d8fdf952b31da3d1f89f"},"headline":"Pres\u00eddio de Cataguases volta a receber visitas a partir de s\u00e1bado","datePublished":"2021-02-12T10:00:25+00:00","mainEntityOfPage":{"@id":"https:\/\/marcelolopes.jor.br\/site\/2021\/02\/12\/presidio-de-cataguases-volta-a-receber-visitas-a-partir-de-sabado\/"},"wordCount":352,"commentCount":0,"publisher":{"@id":"https:\/\/marcelolopes.jor.br\/site\/#organization"},"image":{"@id":"https:\/\/marcelolopes.jor.br\/site\/2021\/02\/12\/presidio-de-cataguases-volta-a-receber-visitas-a-partir-de-sabado\/#primaryimage"},"thumbnailUrl":"https:\/\/marcelolopes.jor.br\/site\/wp-content\/uploads\/2020\/09\/Pres\u00eddio1.jpg","keywords":["pres\u00eddio","pres\u00eddio de Cataguases","visita aos presos","visita\u00e7\u00e3o"],"articleSection":["Not\u00edcias"],"inLanguage":"pt-BR","potentialAction":[{"@type":"CommentAction","name":"Comment","target":["https:\/\/marcelolopes.jor.br\/site\/2021\/02\/12\/presidio-de-cataguases-volta-a-receber-visitas-a-partir-de-sabado\/#respond"]}]},{"@type":"WebPage","@id":"https:\/\/marcelolopes.jor.br\/site\/2021\/02\/12\/presidio-de-cataguases-volta-a-receber-visitas-a-partir-de-sabado\/","url":"https:\/\/marcelolopes.jor.br\/site\/2021\/02\/12\/presidio-de-cataguases-volta-a-receber-visitas-a-partir-de-sabado\/","name":"Pres\u00eddio de Cataguases volta a receber visitas a partir de s\u00e1bado | Marcelo Lopes","isPartOf":{"@id":"https:\/\/marcelolopes.jor.br\/site\/#website"},"primaryImageOfPage":{"@id":"https:\/\/marcelolopes.jor.br\/site\/2021\/02\/12\/presidio-de-cataguases-volta-a-receber-visitas-a-partir-de-sabado\/#primaryimage"},"image":{"@id":"https:\/\/marcelolopes.jor.br\/site\/2021\/02\/12\/presidio-de-cataguases-volta-a-receber-visitas-a-partir-de-sabado\/#primaryimage"},"thumbnailUrl":"https:\/\/marcelolopes.jor.br\/site\/wp-content\/uploads\/2020\/09\/Pres\u00eddio1.jpg","datePublished":"2021-02-12T10:00:25+00:00","breadcrumb":{"@id":"https:\/\/marcelolopes.jor.br\/site\/2021\/02\/12\/presidio-de-cataguases-volta-a-receber-visitas-a-partir-de-sabado\/#breadcrumb"},"inLanguage":"pt-BR","potentialAction":[{"@type":"ReadAction","target":["https:\/\/marcelolopes.jor.br\/site\/2021\/02\/12\/presidio-de-cataguases-volta-a-receber-visitas-a-partir-de-sabado\/"]}]},{"@type":"ImageObject","inLanguage":"pt-BR","@id":"https:\/\/marcelolopes.jor.br\/site\/2021\/02\/12\/presidio-de-cataguases-volta-a-receber-visitas-a-partir-de-sabado\/#primaryimage","url":"https:\/\/marcelolopes.jor.br\/site\/wp-content\/uploads\/2020\/09\/Pres\u00eddio1.jpg","contentUrl":"https:\/\/marcelolopes.jor.br\/site\/wp-content\/uploads\/2020\/09\/Pres\u00eddio1.jpg","width":800,"height":576},{"@type":"BreadcrumbList","@id":"https:\/\/marcelolopes.jor.br\/site\/2021\/02\/12\/presidio-de-cataguases-volta-a-receber-visitas-a-partir-de-sabado\/#breadcrumb","itemListElement":[{"@type":"ListItem","position":1,"name":"Home","item":"https:\/\/marcelolopes.jor.br\/site\/"},{"@type":"ListItem","position":2,"name":"Pres\u00eddio de Cataguases volta a receber visitas a partir de s\u00e1bado"}]},{"@type":"WebSite","@id":"https:\/\/marcelolopes.jor.br\/site\/#website","url":"https:\/\/marcelolopes.jor.br\/site\/","name":"Marcelo Lopes","description":"Not\u00edcias de Cataguases e Regi\u00e3o","publisher":{"@id":"https:\/\/marcelolopes.jor.br\/site\/#organization"},"potentialAction":[{"@type":"SearchAction","target":{"@type":"EntryPoint","urlTemplate":"https:\/\/marcelolopes.jor.br\/site\/?s={search_term_string}"},"query-input":{"@type":"PropertyValueSpecification","valueRequired":true,"valueName":"search_term_string"}}],"inLanguage":"pt-BR"},{"@type":"Organization","@id":"https:\/\/marcelolopes.jor.br\/site\/#organization","name":"Site do Marcelo Lopes","url":"https:\/\/marcelolopes.jor.br\/site\/","logo":{"@type":"ImageObject","inLanguage":"pt-BR","@id":"https:\/\/marcelolopes.jor.br\/site\/#\/schema\/logo\/image\/","url":"https:\/\/marcelolopes.jor.br\/site\/wp-content\/uploads\/2024\/11\/logo-1.png","contentUrl":"https:\/\/marcelolopes.jor.br\/site\/wp-content\/uploads\/2024\/11\/logo-1.png","width":475,"height":80,"caption":"Site do Marcelo Lopes"},"image":{"@id":"https:\/\/marcelolopes.jor.br\/site\/#\/schema\/logo\/image\/"},"sameAs":["https:\/\/www.facebook.com\/sitedomarcelolopes","https:\/\/www.instagram.com\/sitedomarcelolopes\/","https:\/\/www.linkedin.com\/company\/site-do-marcelo-lopes\/","https:\/\/www.youtube.com\/user\/marcelolopes957"]},{"@type":"Person","@id":"https:\/\/marcelolopes.jor.br\/site\/#\/schema\/person\/3e7216a35c34d8fdf952b31da3d1f89f","name":"Marcelo Lopes","sameAs":["http:\/\/www.marcelolopes.jor.br"],"url":"https:\/\/marcelolopes.jor.br\/site\/author\/marcelo\/"}]}},"wps_subtitle":"Libera\u00e7\u00e3o acontece porque Minas Gerais est\u00e1 na Onda Amarela do Minas Consciente.","_links":{"self":[{"href":"https:\/\/marcelolopes.jor.br\/site\/wp-json\/wp\/v2\/posts\/21467","targetHints":{"allow":["GET"]}}],"collection":[{"href":"https:\/\/marcelolopes.jor.br\/site\/wp-json\/wp\/v2\/posts"}],"about":[{"href":"https:\/\/marcelolopes.jor.br\/site\/wp-json\/wp\/v2\/types\/post"}],"author":[{"embeddable":true,"href":"https:\/\/marcelolopes.jor.br\/site\/wp-json\/wp\/v2\/users\/2"}],"replies":[{"embeddable":true,"href":"https:\/\/marcelolopes.jor.br\/site\/wp-json\/wp\/v2\/comments?post=21467"}],"version-history":[{"count":0,"href":"https:\/\/marcelolopes.jor.br\/site\/wp-json\/wp\/v2\/posts\/21467\/revisions"}],"wp:featuredmedia":[{"embeddable":true,"href":"https:\/\/marcelolopes.jor.br\/site\/wp-json\/wp\/v2\/media\/17632"}],"wp:attachment":[{"href":"https:\/\/marcelolopes.jor.br\/site\/wp-json\/wp\/v2\/media?parent=21467"}],"wp:term":[{"taxonomy":"category","embeddable":true,"href":"https:\/\/marcelolopes.jor.br\/site\/wp-json\/wp\/v2\/categories?post=21467"},{"taxonomy":"post_tag","embeddable":true,"href":"https:\/\/marcelolopes.jor.br\/site\/wp-json\/wp\/v2\/tags?post=21467"}],"curies":[{"name":"wp","href":"https:\/\/api.w.org\/{rel}","templated":true}]}}