{"id":21409,"date":"2021-02-09T20:00:16","date_gmt":"2021-02-09T23:00:16","guid":{"rendered":"https:\/\/marcelolopes.jor.br\/?p=21409"},"modified":"2021-02-09T17:51:55","modified_gmt":"2021-02-09T20:51:55","slug":"grs-leopoldina-vai-receber-4-400-doses-de-vacina-nesta-quarta-feira-10","status":"publish","type":"post","link":"https:\/\/marcelolopes.jor.br\/site\/2021\/02\/09\/grs-leopoldina-vai-receber-4-400-doses-de-vacina-nesta-quarta-feira-10\/","title":{"rendered":"GRS Leopoldina vai receber 4.400 doses de vacina nesta quarta-feira, 10"},"content":{"rendered":"<p style=\"text-align: justify;\">Mais 4.400 doses da vacina Coronavac chegam na tarde desta quarta-feira, 11 de fevereiro, \u00e0 Ger\u00eancia Regional de Sa\u00fade (GRS) de Leopoldina. Esse montante ser\u00e1 dividido entre os munic\u00edpios de Al\u00e9m Para\u00edba, Argirita, Astolfo Dutra, Cataguases, Dona Eus\u00e9bia, Estrela Dalva, Itamarati de Minas, Laranjal, Leopoldina, Palma, Pirapetinga, Recreio, Santana de Cataguases, Santo Ant\u00f4nio do Aventureiro e Volta Grande, que pertencem \u00e0quela GRS.<!--more--><\/p>\n<p style=\"text-align: justify;\"><a href=\"https:\/\/wa.me\/553234211213\"><img loading=\"lazy\" decoding=\"async\" class=\"aligncenter wp-image-21069 size-full\" src=\"https:\/\/marcelolopes.jor.br\/site\/wp-content\/uploads\/2021\/01\/WhatsApp-Image-2021-01-27-at-14.58.03.jpeg\" alt=\"\" width=\"800\" height=\"214\" srcset=\"https:\/\/marcelolopes.jor.br\/site\/wp-content\/uploads\/2021\/01\/WhatsApp-Image-2021-01-27-at-14.58.03.jpeg 800w, https:\/\/marcelolopes.jor.br\/site\/wp-content\/uploads\/2021\/01\/WhatsApp-Image-2021-01-27-at-14.58.03-300x80.jpeg 300w, https:\/\/marcelolopes.jor.br\/site\/wp-content\/uploads\/2021\/01\/WhatsApp-Image-2021-01-27-at-14.58.03-768x205.jpeg 768w\" sizes=\"auto, (max-width: 800px) 100vw, 800px\" \/><\/a>Cataguases dever\u00e1 receber sua cota nesta remessa entre quinta e sexta-feira, conforme previs\u00e3o de Ricardo Mattos, secret\u00e1rio municipal de Sa\u00fade. Desta vez foram destinadas a Cataguases 1.260 doses de vacina que ser\u00e3o entregues em duas etapas ao munic\u00edpio, conforme o andamento da campanha. Portanto, o munic\u00edpio vai receber inicialmente, 630 doses deste total, permanecendo o restante acondicionado em local adequado na pr\u00f3pria GRS-Leopoldina, sendo enviado assim que o lote atual for utilizado. Esta tem sido a metodologia adotada por aquela Regional de Sa\u00fade.<\/p>\n<p style=\"text-align: justify;\"><img loading=\"lazy\" decoding=\"async\" class=\"aligncenter wp-image-21411\" src=\"https:\/\/marcelolopes.jor.br\/site\/wp-content\/uploads\/2021\/02\/148700123_117722636939484_6370759490372158434_o.jpg\" alt=\"\" width=\"700\" height=\"700\" srcset=\"https:\/\/marcelolopes.jor.br\/site\/wp-content\/uploads\/2021\/02\/148700123_117722636939484_6370759490372158434_o.jpg 1000w, https:\/\/marcelolopes.jor.br\/site\/wp-content\/uploads\/2021\/02\/148700123_117722636939484_6370759490372158434_o-150x150.jpg 150w, https:\/\/marcelolopes.jor.br\/site\/wp-content\/uploads\/2021\/02\/148700123_117722636939484_6370759490372158434_o-300x300.jpg 300w, https:\/\/marcelolopes.jor.br\/site\/wp-content\/uploads\/2021\/02\/148700123_117722636939484_6370759490372158434_o-768x768.jpg 768w\" sizes=\"auto, (max-width: 700px) 100vw, 700px\" \/>Tamb\u00e9m nesta ter\u00e7a-feira, a Secretaria de Sa\u00fade divulgou o &#8220;vacin\u00f4metro&#8221; (foto acima) com os n\u00fameros atualizados da campanha de vacina\u00e7\u00e3o no munic\u00edpio. At\u00e9 o momento Cataguases vacinou 957 pessoas e recebeu 1.357 doses da vacina. O lento andamento da campanha, conforme explicou Ricardo Mattos, &#8220;deve-se \u00e0 chegada a &#8216;conta gotas\u2019 da vacina ao munic\u00edpio que nos impede de colocar em a\u00e7\u00e3o uma estrutura mais abrangente de vacina\u00e7\u00e3o da popula\u00e7\u00e3o.\u201d Este montante foi aplicado exclusivamente nos 101 moradores do Lar S\u00e3o Vicente de Paulo, que j\u00e1 receberam as duas doses da vacina, e em parte dos profissionais de sa\u00fade (856).<\/p>\n<p style=\"text-align: justify;\">A Secretaria de Sa\u00fade tamb\u00e9m divulgou um link para idosos e profissionais de sa\u00fade se cadastrarem a fim de serem vacinados (para acessar <a href=\"https:\/\/linktr.ee\/cataguasesvacina\"><span style=\"color: #800080;\"><strong>clique aqui<\/strong><\/span><\/a>). O objetivo \u00e9 facilitar o acesso \u00e0 vacina destes p\u00fablicos alvo. Veja, abaixo, o status da imuniza\u00e7\u00e3o contra covid-19 da Secretaria de Sa\u00fade de Cataguases.<\/p>\n<p><img loading=\"lazy\" decoding=\"async\" class=\"aligncenter wp-image-21412 size-large\" src=\"https:\/\/marcelolopes.jor.br\/site\/wp-content\/uploads\/2021\/02\/148225279_117722670272814_8893559346783358252_o-724x1024.jpg\" alt=\"\" width=\"724\" height=\"1024\" srcset=\"https:\/\/marcelolopes.jor.br\/site\/wp-content\/uploads\/2021\/02\/148225279_117722670272814_8893559346783358252_o-724x1024.jpg 724w, https:\/\/marcelolopes.jor.br\/site\/wp-content\/uploads\/2021\/02\/148225279_117722670272814_8893559346783358252_o-212x300.jpg 212w, https:\/\/marcelolopes.jor.br\/site\/wp-content\/uploads\/2021\/02\/148225279_117722670272814_8893559346783358252_o-768x1086.jpg 768w, https:\/\/marcelolopes.jor.br\/site\/wp-content\/uploads\/2021\/02\/148225279_117722670272814_8893559346783358252_o-848x1200.jpg 848w, https:\/\/marcelolopes.jor.br\/site\/wp-content\/uploads\/2021\/02\/148225279_117722670272814_8893559346783358252_o.jpg 1240w\" sizes=\"auto, (max-width: 724px) 100vw, 724px\" \/><\/p>\n<p>Arte: Secretaria Municipal de Sa\u00fade | Foto: Jovem Pan<\/p>\n<div class=\"qyprp69f73955d998b\" ><br><\/div><style type=\"text\/css\">\r\n@media screen and (min-width: 1201px) {\r\n.qyprp69f73955d998b {\r\ndisplay: block;\r\n}\r\n}\r\n@media screen and (min-width: 993px) and (max-width: 1200px) {\r\n.qyprp69f73955d998b {\r\ndisplay: block;\r\n}\r\n}\r\n@media screen and (min-width: 769px) and (max-width: 992px) {\r\n.qyprp69f73955d998b {\r\ndisplay: block;\r\n}\r\n}\r\n@media screen and (min-width: 768px) and (max-width: 768px) {\r\n.qyprp69f73955d998b {\r\ndisplay: block;\r\n}\r\n}\r\n@media screen and (max-width: 767px) {\r\n.qyprp69f73955d998b {\r\ndisplay: block;\r\n}\r\n}\r\n<\/style>\r\n<div class=\"idvfz69f73955df2dc\" ><div id=\"div_destino\"><\/div>\r\n<script src=\"https:\/\/cdn.snsrsv.com\/sdk.js\"><\/script>\r\n<script >\r\n      new sdk(\"464030C30061EA8BE065000000000001\") \r\n          .appendTo(\"div_destino\")\r\n          .disableStyle(true) \r\n          .setCacheBusterMacro(\"%%CACHEBUSTER%%\")\r\n          .setSize(\"800\",\"214\")\r\n          .setClickMacro(\"%%CLICK_URL_ESC%%\") \r\n          .setReferrerUrlMacro(\"%%REFERRER_URL_ESC%%\") \r\n          .start(); \r\n<\/script><\/div><style type=\"text\/css\">\r\n@media screen and (min-width: 1201px) {\r\n.idvfz69f73955df2dc {\r\ndisplay: block;\r\n}\r\n}\r\n@media screen and (min-width: 993px) and (max-width: 1200px) {\r\n.idvfz69f73955df2dc {\r\ndisplay: block;\r\n}\r\n}\r\n@media screen and (min-width: 769px) and (max-width: 992px) {\r\n.idvfz69f73955df2dc {\r\ndisplay: block;\r\n}\r\n}\r\n@media screen and (min-width: 768px) and (max-width: 768px) {\r\n.idvfz69f73955df2dc {\r\ndisplay: block;\r\n}\r\n}\r\n@media screen and (max-width: 767px) {\r\n.idvfz69f73955df2dc {\r\ndisplay: block;\r\n}\r\n}\r\n<\/style>\r\n","protected":false},"excerpt":{"rendered":"<p>Mais 4.400 doses da vacina Coronavac chegam na tarde desta quarta-feira, 11 de fevereiro, \u00e0 Ger\u00eancia Regional de Sa\u00fade (GRS) de Leopoldina. Esse montante ser\u00e1 dividido entre os munic\u00edpios de Al\u00e9m Para\u00edba, Argirita, Astolfo Dutra, Cataguases, Dona Eus\u00e9bia, Estrela Dalva,<\/p>\n<p class=\"link-more\"><a class=\"more-link\" href=\"https:\/\/marcelolopes.jor.br\/site\/2021\/02\/09\/grs-leopoldina-vai-receber-4-400-doses-de-vacina-nesta-quarta-feira-10\/\">Leia mais <span class=\"screen-reader-text\">GRS Leopoldina vai receber 4.400 doses de vacina nesta quarta-feira, 10<\/span><\/a><\/p>\n","protected":false},"author":2,"featured_media":21413,"comment_status":"open","ping_status":"open","sticky":false,"template":"","format":"standard","meta":{"footnotes":""},"categories":[1],"tags":[1332,3622,3512,3621],"class_list":["post-21409","post","type-post","status-publish","format-standard","has-post-thumbnail","hentry","category-noticias","tag-campanha-de-vacinacao","tag-novas-doses","tag-vacina-contra-covid","tag-vacinometro","thumb-below-title"],"yoast_head":"<!-- This site is optimized with the Yoast SEO plugin v27.4 - https:\/\/yoast.com\/product\/yoast-seo-wordpress\/ -->\n<title>GRS Leopoldina vai receber 4.400 doses de vacina nesta quarta-feira, 10 | Marcelo Lopes<\/title>\n<meta name=\"robots\" content=\"index, follow, max-snippet:-1, max-image-preview:large, max-video-preview:-1\" \/>\n<link rel=\"canonical\" href=\"https:\/\/marcelolopes.jor.br\/site\/2021\/02\/09\/grs-leopoldina-vai-receber-4-400-doses-de-vacina-nesta-quarta-feira-10\/\" \/>\n<meta property=\"og:locale\" content=\"pt_BR\" \/>\n<meta property=\"og:type\" content=\"article\" \/>\n<meta property=\"og:title\" content=\"GRS Leopoldina vai receber 4.400 doses de vacina nesta quarta-feira, 10 | Marcelo Lopes\" \/>\n<meta property=\"og:description\" content=\"Mais 4.400 doses da vacina Coronavac chegam na tarde desta quarta-feira, 11 de fevereiro, \u00e0 Ger\u00eancia Regional de Sa\u00fade (GRS) de Leopoldina. Esse montante ser\u00e1 dividido entre os munic\u00edpios de Al\u00e9m Para\u00edba, Argirita, Astolfo Dutra, Cataguases, Dona Eus\u00e9bia, Estrela Dalva,Leia mais GRS Leopoldina vai receber 4.400 doses de vacina nesta quarta-feira, 10\" \/>\n<meta property=\"og:url\" content=\"https:\/\/marcelolopes.jor.br\/site\/2021\/02\/09\/grs-leopoldina-vai-receber-4-400-doses-de-vacina-nesta-quarta-feira-10\/\" \/>\n<meta property=\"og:site_name\" content=\"Marcelo Lopes\" \/>\n<meta property=\"article:publisher\" content=\"https:\/\/www.facebook.com\/sitedomarcelolopes\" \/>\n<meta property=\"article:published_time\" content=\"2021-02-09T23:00:16+00:00\" \/>\n<meta property=\"og:image\" content=\"https:\/\/marcelolopes.jor.br\/site\/wp-content\/uploads\/2021\/02\/asp20201210017-1024x682.jpg\" \/>\n\t<meta property=\"og:image:width\" content=\"1024\" \/>\n\t<meta property=\"og:image:height\" content=\"682\" \/>\n\t<meta property=\"og:image:type\" content=\"image\/jpeg\" \/>\n<meta name=\"author\" content=\"Marcelo Lopes\" \/>\n<meta name=\"twitter:card\" content=\"summary_large_image\" \/>\n<meta name=\"twitter:label1\" content=\"Escrito por\" \/>\n\t<meta name=\"twitter:data1\" content=\"Marcelo Lopes\" \/>\n\t<meta name=\"twitter:label2\" content=\"Est. tempo de leitura\" \/>\n\t<meta name=\"twitter:data2\" content=\"2 minutos\" \/>\n<script type=\"application\/ld+json\" class=\"yoast-schema-graph\">{\"@context\":\"https:\\\/\\\/schema.org\",\"@graph\":[{\"@type\":\"NewsArticle\",\"@id\":\"https:\\\/\\\/marcelolopes.jor.br\\\/site\\\/2021\\\/02\\\/09\\\/grs-leopoldina-vai-receber-4-400-doses-de-vacina-nesta-quarta-feira-10\\\/#article\",\"isPartOf\":{\"@id\":\"https:\\\/\\\/marcelolopes.jor.br\\\/site\\\/2021\\\/02\\\/09\\\/grs-leopoldina-vai-receber-4-400-doses-de-vacina-nesta-quarta-feira-10\\\/\"},\"author\":{\"name\":\"Marcelo Lopes\",\"@id\":\"https:\\\/\\\/marcelolopes.jor.br\\\/site\\\/#\\\/schema\\\/person\\\/3e7216a35c34d8fdf952b31da3d1f89f\"},\"headline\":\"GRS Leopoldina vai receber 4.400 doses de vacina nesta quarta-feira, 10\",\"datePublished\":\"2021-02-09T23:00:16+00:00\",\"mainEntityOfPage\":{\"@id\":\"https:\\\/\\\/marcelolopes.jor.br\\\/site\\\/2021\\\/02\\\/09\\\/grs-leopoldina-vai-receber-4-400-doses-de-vacina-nesta-quarta-feira-10\\\/\"},\"wordCount\":334,\"commentCount\":0,\"publisher\":{\"@id\":\"https:\\\/\\\/marcelolopes.jor.br\\\/site\\\/#organization\"},\"image\":{\"@id\":\"https:\\\/\\\/marcelolopes.jor.br\\\/site\\\/2021\\\/02\\\/09\\\/grs-leopoldina-vai-receber-4-400-doses-de-vacina-nesta-quarta-feira-10\\\/#primaryimage\"},\"thumbnailUrl\":\"https:\\\/\\\/marcelolopes.jor.br\\\/site\\\/wp-content\\\/uploads\\\/2021\\\/02\\\/asp20201210017-1024x682.jpg\",\"keywords\":[\"campanha de vacina\u00e7\u00e3o\",\"novas doses\",\"vacina contra covid\",\"vacin\u00f4metro\"],\"articleSection\":[\"Not\u00edcias\"],\"inLanguage\":\"pt-BR\",\"potentialAction\":[{\"@type\":\"CommentAction\",\"name\":\"Comment\",\"target\":[\"https:\\\/\\\/marcelolopes.jor.br\\\/site\\\/2021\\\/02\\\/09\\\/grs-leopoldina-vai-receber-4-400-doses-de-vacina-nesta-quarta-feira-10\\\/#respond\"]}]},{\"@type\":\"WebPage\",\"@id\":\"https:\\\/\\\/marcelolopes.jor.br\\\/site\\\/2021\\\/02\\\/09\\\/grs-leopoldina-vai-receber-4-400-doses-de-vacina-nesta-quarta-feira-10\\\/\",\"url\":\"https:\\\/\\\/marcelolopes.jor.br\\\/site\\\/2021\\\/02\\\/09\\\/grs-leopoldina-vai-receber-4-400-doses-de-vacina-nesta-quarta-feira-10\\\/\",\"name\":\"GRS Leopoldina vai receber 4.400 doses de vacina nesta quarta-feira, 10 | Marcelo Lopes\",\"isPartOf\":{\"@id\":\"https:\\\/\\\/marcelolopes.jor.br\\\/site\\\/#website\"},\"primaryImageOfPage\":{\"@id\":\"https:\\\/\\\/marcelolopes.jor.br\\\/site\\\/2021\\\/02\\\/09\\\/grs-leopoldina-vai-receber-4-400-doses-de-vacina-nesta-quarta-feira-10\\\/#primaryimage\"},\"image\":{\"@id\":\"https:\\\/\\\/marcelolopes.jor.br\\\/site\\\/2021\\\/02\\\/09\\\/grs-leopoldina-vai-receber-4-400-doses-de-vacina-nesta-quarta-feira-10\\\/#primaryimage\"},\"thumbnailUrl\":\"https:\\\/\\\/marcelolopes.jor.br\\\/site\\\/wp-content\\\/uploads\\\/2021\\\/02\\\/asp20201210017-1024x682.jpg\",\"datePublished\":\"2021-02-09T23:00:16+00:00\",\"breadcrumb\":{\"@id\":\"https:\\\/\\\/marcelolopes.jor.br\\\/site\\\/2021\\\/02\\\/09\\\/grs-leopoldina-vai-receber-4-400-doses-de-vacina-nesta-quarta-feira-10\\\/#breadcrumb\"},\"inLanguage\":\"pt-BR\",\"potentialAction\":[{\"@type\":\"ReadAction\",\"target\":[\"https:\\\/\\\/marcelolopes.jor.br\\\/site\\\/2021\\\/02\\\/09\\\/grs-leopoldina-vai-receber-4-400-doses-de-vacina-nesta-quarta-feira-10\\\/\"]}]},{\"@type\":\"ImageObject\",\"inLanguage\":\"pt-BR\",\"@id\":\"https:\\\/\\\/marcelolopes.jor.br\\\/site\\\/2021\\\/02\\\/09\\\/grs-leopoldina-vai-receber-4-400-doses-de-vacina-nesta-quarta-feira-10\\\/#primaryimage\",\"url\":\"https:\\\/\\\/marcelolopes.jor.br\\\/site\\\/wp-content\\\/uploads\\\/2021\\\/02\\\/asp20201210017-1024x682.jpg\",\"contentUrl\":\"https:\\\/\\\/marcelolopes.jor.br\\\/site\\\/wp-content\\\/uploads\\\/2021\\\/02\\\/asp20201210017-1024x682.jpg\",\"width\":1024,\"height\":682},{\"@type\":\"BreadcrumbList\",\"@id\":\"https:\\\/\\\/marcelolopes.jor.br\\\/site\\\/2021\\\/02\\\/09\\\/grs-leopoldina-vai-receber-4-400-doses-de-vacina-nesta-quarta-feira-10\\\/#breadcrumb\",\"itemListElement\":[{\"@type\":\"ListItem\",\"position\":1,\"name\":\"Home\",\"item\":\"https:\\\/\\\/marcelolopes.jor.br\\\/site\\\/\"},{\"@type\":\"ListItem\",\"position\":2,\"name\":\"GRS Leopoldina vai receber 4.400 doses de vacina nesta quarta-feira, 10\"}]},{\"@type\":\"WebSite\",\"@id\":\"https:\\\/\\\/marcelolopes.jor.br\\\/site\\\/#website\",\"url\":\"https:\\\/\\\/marcelolopes.jor.br\\\/site\\\/\",\"name\":\"Marcelo Lopes\",\"description\":\"Not\u00edcias de Cataguases e Regi\u00e3o\",\"publisher\":{\"@id\":\"https:\\\/\\\/marcelolopes.jor.br\\\/site\\\/#organization\"},\"potentialAction\":[{\"@type\":\"SearchAction\",\"target\":{\"@type\":\"EntryPoint\",\"urlTemplate\":\"https:\\\/\\\/marcelolopes.jor.br\\\/site\\\/?s={search_term_string}\"},\"query-input\":{\"@type\":\"PropertyValueSpecification\",\"valueRequired\":true,\"valueName\":\"search_term_string\"}}],\"inLanguage\":\"pt-BR\"},{\"@type\":\"Organization\",\"@id\":\"https:\\\/\\\/marcelolopes.jor.br\\\/site\\\/#organization\",\"name\":\"Site do Marcelo Lopes\",\"url\":\"https:\\\/\\\/marcelolopes.jor.br\\\/site\\\/\",\"logo\":{\"@type\":\"ImageObject\",\"inLanguage\":\"pt-BR\",\"@id\":\"https:\\\/\\\/marcelolopes.jor.br\\\/site\\\/#\\\/schema\\\/logo\\\/image\\\/\",\"url\":\"https:\\\/\\\/marcelolopes.jor.br\\\/site\\\/wp-content\\\/uploads\\\/2024\\\/11\\\/logo-1.png\",\"contentUrl\":\"https:\\\/\\\/marcelolopes.jor.br\\\/site\\\/wp-content\\\/uploads\\\/2024\\\/11\\\/logo-1.png\",\"width\":475,\"height\":80,\"caption\":\"Site do Marcelo Lopes\"},\"image\":{\"@id\":\"https:\\\/\\\/marcelolopes.jor.br\\\/site\\\/#\\\/schema\\\/logo\\\/image\\\/\"},\"sameAs\":[\"https:\\\/\\\/www.facebook.com\\\/sitedomarcelolopes\",\"https:\\\/\\\/www.instagram.com\\\/sitedomarcelolopes\\\/\",\"https:\\\/\\\/www.linkedin.com\\\/company\\\/site-do-marcelo-lopes\\\/\",\"https:\\\/\\\/www.youtube.com\\\/user\\\/marcelolopes957\"]},{\"@type\":\"Person\",\"@id\":\"https:\\\/\\\/marcelolopes.jor.br\\\/site\\\/#\\\/schema\\\/person\\\/3e7216a35c34d8fdf952b31da3d1f89f\",\"name\":\"Marcelo Lopes\",\"sameAs\":[\"http:\\\/\\\/www.marcelolopes.jor.br\"],\"url\":\"https:\\\/\\\/marcelolopes.jor.br\\\/site\\\/author\\\/marcelo\\\/\"}]}<\/script>\n<!-- \/ Yoast SEO plugin. -->","yoast_head_json":{"title":"GRS Leopoldina vai receber 4.400 doses de vacina nesta quarta-feira, 10 | Marcelo Lopes","robots":{"index":"index","follow":"follow","max-snippet":"max-snippet:-1","max-image-preview":"max-image-preview:large","max-video-preview":"max-video-preview:-1"},"canonical":"https:\/\/marcelolopes.jor.br\/site\/2021\/02\/09\/grs-leopoldina-vai-receber-4-400-doses-de-vacina-nesta-quarta-feira-10\/","og_locale":"pt_BR","og_type":"article","og_title":"GRS Leopoldina vai receber 4.400 doses de vacina nesta quarta-feira, 10 | Marcelo Lopes","og_description":"Mais 4.400 doses da vacina Coronavac chegam na tarde desta quarta-feira, 11 de fevereiro, \u00e0 Ger\u00eancia Regional de Sa\u00fade (GRS) de Leopoldina. Esse montante ser\u00e1 dividido entre os munic\u00edpios de Al\u00e9m Para\u00edba, Argirita, Astolfo Dutra, Cataguases, Dona Eus\u00e9bia, Estrela Dalva,Leia mais GRS Leopoldina vai receber 4.400 doses de vacina nesta quarta-feira, 10","og_url":"https:\/\/marcelolopes.jor.br\/site\/2021\/02\/09\/grs-leopoldina-vai-receber-4-400-doses-de-vacina-nesta-quarta-feira-10\/","og_site_name":"Marcelo Lopes","article_publisher":"https:\/\/www.facebook.com\/sitedomarcelolopes","article_published_time":"2021-02-09T23:00:16+00:00","og_image":[{"width":1024,"height":682,"url":"https:\/\/marcelolopes.jor.br\/site\/wp-content\/uploads\/2021\/02\/asp20201210017-1024x682.jpg","type":"image\/jpeg"}],"author":"Marcelo Lopes","twitter_card":"summary_large_image","twitter_misc":{"Escrito por":"Marcelo Lopes","Est. tempo de leitura":"2 minutos"},"schema":{"@context":"https:\/\/schema.org","@graph":[{"@type":"NewsArticle","@id":"https:\/\/marcelolopes.jor.br\/site\/2021\/02\/09\/grs-leopoldina-vai-receber-4-400-doses-de-vacina-nesta-quarta-feira-10\/#article","isPartOf":{"@id":"https:\/\/marcelolopes.jor.br\/site\/2021\/02\/09\/grs-leopoldina-vai-receber-4-400-doses-de-vacina-nesta-quarta-feira-10\/"},"author":{"name":"Marcelo Lopes","@id":"https:\/\/marcelolopes.jor.br\/site\/#\/schema\/person\/3e7216a35c34d8fdf952b31da3d1f89f"},"headline":"GRS Leopoldina vai receber 4.400 doses de vacina nesta quarta-feira, 10","datePublished":"2021-02-09T23:00:16+00:00","mainEntityOfPage":{"@id":"https:\/\/marcelolopes.jor.br\/site\/2021\/02\/09\/grs-leopoldina-vai-receber-4-400-doses-de-vacina-nesta-quarta-feira-10\/"},"wordCount":334,"commentCount":0,"publisher":{"@id":"https:\/\/marcelolopes.jor.br\/site\/#organization"},"image":{"@id":"https:\/\/marcelolopes.jor.br\/site\/2021\/02\/09\/grs-leopoldina-vai-receber-4-400-doses-de-vacina-nesta-quarta-feira-10\/#primaryimage"},"thumbnailUrl":"https:\/\/marcelolopes.jor.br\/site\/wp-content\/uploads\/2021\/02\/asp20201210017-1024x682.jpg","keywords":["campanha de vacina\u00e7\u00e3o","novas doses","vacina contra covid","vacin\u00f4metro"],"articleSection":["Not\u00edcias"],"inLanguage":"pt-BR","potentialAction":[{"@type":"CommentAction","name":"Comment","target":["https:\/\/marcelolopes.jor.br\/site\/2021\/02\/09\/grs-leopoldina-vai-receber-4-400-doses-de-vacina-nesta-quarta-feira-10\/#respond"]}]},{"@type":"WebPage","@id":"https:\/\/marcelolopes.jor.br\/site\/2021\/02\/09\/grs-leopoldina-vai-receber-4-400-doses-de-vacina-nesta-quarta-feira-10\/","url":"https:\/\/marcelolopes.jor.br\/site\/2021\/02\/09\/grs-leopoldina-vai-receber-4-400-doses-de-vacina-nesta-quarta-feira-10\/","name":"GRS Leopoldina vai receber 4.400 doses de vacina nesta quarta-feira, 10 | Marcelo Lopes","isPartOf":{"@id":"https:\/\/marcelolopes.jor.br\/site\/#website"},"primaryImageOfPage":{"@id":"https:\/\/marcelolopes.jor.br\/site\/2021\/02\/09\/grs-leopoldina-vai-receber-4-400-doses-de-vacina-nesta-quarta-feira-10\/#primaryimage"},"image":{"@id":"https:\/\/marcelolopes.jor.br\/site\/2021\/02\/09\/grs-leopoldina-vai-receber-4-400-doses-de-vacina-nesta-quarta-feira-10\/#primaryimage"},"thumbnailUrl":"https:\/\/marcelolopes.jor.br\/site\/wp-content\/uploads\/2021\/02\/asp20201210017-1024x682.jpg","datePublished":"2021-02-09T23:00:16+00:00","breadcrumb":{"@id":"https:\/\/marcelolopes.jor.br\/site\/2021\/02\/09\/grs-leopoldina-vai-receber-4-400-doses-de-vacina-nesta-quarta-feira-10\/#breadcrumb"},"inLanguage":"pt-BR","potentialAction":[{"@type":"ReadAction","target":["https:\/\/marcelolopes.jor.br\/site\/2021\/02\/09\/grs-leopoldina-vai-receber-4-400-doses-de-vacina-nesta-quarta-feira-10\/"]}]},{"@type":"ImageObject","inLanguage":"pt-BR","@id":"https:\/\/marcelolopes.jor.br\/site\/2021\/02\/09\/grs-leopoldina-vai-receber-4-400-doses-de-vacina-nesta-quarta-feira-10\/#primaryimage","url":"https:\/\/marcelolopes.jor.br\/site\/wp-content\/uploads\/2021\/02\/asp20201210017-1024x682.jpg","contentUrl":"https:\/\/marcelolopes.jor.br\/site\/wp-content\/uploads\/2021\/02\/asp20201210017-1024x682.jpg","width":1024,"height":682},{"@type":"BreadcrumbList","@id":"https:\/\/marcelolopes.jor.br\/site\/2021\/02\/09\/grs-leopoldina-vai-receber-4-400-doses-de-vacina-nesta-quarta-feira-10\/#breadcrumb","itemListElement":[{"@type":"ListItem","position":1,"name":"Home","item":"https:\/\/marcelolopes.jor.br\/site\/"},{"@type":"ListItem","position":2,"name":"GRS Leopoldina vai receber 4.400 doses de vacina nesta quarta-feira, 10"}]},{"@type":"WebSite","@id":"https:\/\/marcelolopes.jor.br\/site\/#website","url":"https:\/\/marcelolopes.jor.br\/site\/","name":"Marcelo Lopes","description":"Not\u00edcias de Cataguases e Regi\u00e3o","publisher":{"@id":"https:\/\/marcelolopes.jor.br\/site\/#organization"},"potentialAction":[{"@type":"SearchAction","target":{"@type":"EntryPoint","urlTemplate":"https:\/\/marcelolopes.jor.br\/site\/?s={search_term_string}"},"query-input":{"@type":"PropertyValueSpecification","valueRequired":true,"valueName":"search_term_string"}}],"inLanguage":"pt-BR"},{"@type":"Organization","@id":"https:\/\/marcelolopes.jor.br\/site\/#organization","name":"Site do Marcelo Lopes","url":"https:\/\/marcelolopes.jor.br\/site\/","logo":{"@type":"ImageObject","inLanguage":"pt-BR","@id":"https:\/\/marcelolopes.jor.br\/site\/#\/schema\/logo\/image\/","url":"https:\/\/marcelolopes.jor.br\/site\/wp-content\/uploads\/2024\/11\/logo-1.png","contentUrl":"https:\/\/marcelolopes.jor.br\/site\/wp-content\/uploads\/2024\/11\/logo-1.png","width":475,"height":80,"caption":"Site do Marcelo Lopes"},"image":{"@id":"https:\/\/marcelolopes.jor.br\/site\/#\/schema\/logo\/image\/"},"sameAs":["https:\/\/www.facebook.com\/sitedomarcelolopes","https:\/\/www.instagram.com\/sitedomarcelolopes\/","https:\/\/www.linkedin.com\/company\/site-do-marcelo-lopes\/","https:\/\/www.youtube.com\/user\/marcelolopes957"]},{"@type":"Person","@id":"https:\/\/marcelolopes.jor.br\/site\/#\/schema\/person\/3e7216a35c34d8fdf952b31da3d1f89f","name":"Marcelo Lopes","sameAs":["http:\/\/www.marcelolopes.jor.br"],"url":"https:\/\/marcelolopes.jor.br\/site\/author\/marcelo\/"}]}},"wps_subtitle":"A nova remessa est\u00e1 prevista para chegar por volta das 14 horas.","_links":{"self":[{"href":"https:\/\/marcelolopes.jor.br\/site\/wp-json\/wp\/v2\/posts\/21409","targetHints":{"allow":["GET"]}}],"collection":[{"href":"https:\/\/marcelolopes.jor.br\/site\/wp-json\/wp\/v2\/posts"}],"about":[{"href":"https:\/\/marcelolopes.jor.br\/site\/wp-json\/wp\/v2\/types\/post"}],"author":[{"embeddable":true,"href":"https:\/\/marcelolopes.jor.br\/site\/wp-json\/wp\/v2\/users\/2"}],"replies":[{"embeddable":true,"href":"https:\/\/marcelolopes.jor.br\/site\/wp-json\/wp\/v2\/comments?post=21409"}],"version-history":[{"count":0,"href":"https:\/\/marcelolopes.jor.br\/site\/wp-json\/wp\/v2\/posts\/21409\/revisions"}],"wp:featuredmedia":[{"embeddable":true,"href":"https:\/\/marcelolopes.jor.br\/site\/wp-json\/wp\/v2\/media\/21413"}],"wp:attachment":[{"href":"https:\/\/marcelolopes.jor.br\/site\/wp-json\/wp\/v2\/media?parent=21409"}],"wp:term":[{"taxonomy":"category","embeddable":true,"href":"https:\/\/marcelolopes.jor.br\/site\/wp-json\/wp\/v2\/categories?post=21409"},{"taxonomy":"post_tag","embeddable":true,"href":"https:\/\/marcelolopes.jor.br\/site\/wp-json\/wp\/v2\/tags?post=21409"}],"curies":[{"name":"wp","href":"https:\/\/api.w.org\/{rel}","templated":true}]}}