{"id":2130,"date":"2019-06-07T18:00:40","date_gmt":"2019-06-07T21:00:40","guid":{"rendered":"https:\/\/marcelolopes.jor.br\/?p=2130"},"modified":"2019-06-07T18:02:30","modified_gmt":"2019-06-07T21:02:30","slug":"energisa-divulga-no-forum-festic-seus-dois-projetos-mais-novos","status":"publish","type":"post","link":"https:\/\/marcelolopes.jor.br\/site\/2019\/06\/07\/energisa-divulga-no-forum-festic-seus-dois-projetos-mais-novos\/","title":{"rendered":"Energisa divulga no Forum Festic seus dois projetos mais novos"},"content":{"rendered":"<p style=\"text-align: justify;\">Com o audit\u00f3rio do Centro Cultural Humberto Mauro completamente tomado pelo p\u00fablico, foi realizado na noite desta quinta-feira, 06 de junho, em Cataguases, a terceira edi\u00e7\u00e3o do Forum Festic. O tema deste ano foi a discuss\u00e3o de uma agenda \u00fanica de desenvolvimento para Cataguases e Regi\u00e3o. Na plateia estava o prefeito Willian Lobo de Almeida, o seu vice, Tita Lima, empres\u00e1rios, professores e estudantes.<!--more--><\/p>\n<p style=\"text-align: justify;\"><img loading=\"lazy\" decoding=\"async\" class=\"size-medium wp-image-2134 alignleft\" src=\"https:\/\/marcelolopes.jor.br\/site\/wp-content\/uploads\/2019\/06\/IMG_4144-300x225.jpg\" alt=\"\" width=\"300\" height=\"225\" srcset=\"https:\/\/marcelolopes.jor.br\/site\/wp-content\/uploads\/2019\/06\/IMG_4144-300x225.jpg 300w, https:\/\/marcelolopes.jor.br\/site\/wp-content\/uploads\/2019\/06\/IMG_4144.jpg 640w\" sizes=\"auto, (max-width: 300px) 100vw, 300px\" \/>O Forum foi aberto com a apresenta\u00e7\u00e3o Coral do Centro Cultural Sicoob Coopemata e, em seguida, a palestra proferida pelo presidente da Energisa Minas Gerais, Eduardo Mantovani, em que explicou os dois novos projetos daquela empresa para Cataguases: O Smart City e o Rio Pomba Valley. O primeiro \u00e9 o resultado de um estudo feito pela Consultoria Bright que mapeou 88 iniciativas em diversas \u00e1reas.<\/p>\n<p style=\"text-align: justify;\">Destas, explicou o executivo, dezoito foram escolhidas como priorit\u00e1rias e dever\u00e3o ser implementadas em at\u00e9 quatro anos a partir de 2019. Tudo sem custo para a popula\u00e7\u00e3o que vai ganhar em qualidade de vida e em modernidade, garantiu. Entre os projetos est\u00e3o a implanta\u00e7\u00e3o de \u00f4nibus urbanos movidos a energia el\u00e9trica, bem como pontos de recarga para ve\u00edculos a eletricidade em geral; aluguel de bicicletas, substitui\u00e7\u00e3o das l\u00e2mpadas de ilumina\u00e7\u00e3o p\u00fablica por LED, entre outras<\/p>\n<p style=\"text-align: justify;\"><img loading=\"lazy\" decoding=\"async\" class=\"alignnone size-medium wp-image-2133\" src=\"https:\/\/marcelolopes.jor.br\/site\/wp-content\/uploads\/2019\/06\/IMG_4116-300x225.jpg\" alt=\"\" width=\"300\" height=\"225\" srcset=\"https:\/\/marcelolopes.jor.br\/site\/wp-content\/uploads\/2019\/06\/IMG_4116-300x225.jpg 300w, https:\/\/marcelolopes.jor.br\/site\/wp-content\/uploads\/2019\/06\/IMG_4116.jpg 640w\" sizes=\"auto, (max-width: 300px) 100vw, 300px\" \/>O Projeto Rio Pomba Valley, nome inspirado no Vale do Sil\u00edcio americano e uma homenagem ao rio Pomba de nossa regi\u00e3o, \u00e9 uma proposta inovadora que alia o desenvolvimento de solu\u00e7\u00f5es tecnol\u00f3gicas com a produ\u00e7\u00e3o de conte\u00fado audiovisual de forma in\u00e9dita e promissora em Minas Gerais. Conforme explicou Mantovani, &#8220;\u00e9 uma a\u00e7\u00e3o estruturadora de uma &#8216;nova economia&#8217; que pretende potencializar as iniciativas j\u00e1 em curso na regi\u00e3o tendo como \u00e2ncoras a F\u00e1brica de Softwares da Energisa e o Polo Audiovisual da Zona da Mata&#8221;, disse.<\/p>\n<p style=\"text-align: justify;\">Ainda de acordo com ele, estas medidas trar\u00e3o v\u00e1rios benef\u00edcios para o munic\u00edpio como &#8220;criar, atrair e reter novas empresas e profissionais em Cataguases; ampliar a forma\u00e7\u00e3o e a qualifica\u00e7\u00e3o profissional, articulando potentes e novos empreendimentos e gerar empregos, renda e impactos relevantes na economia e no desenvolvimento local&#8221; completou Eduardo Mantovani.<\/p>\n<p style=\"text-align: justify;\">Na sequ\u00eancia foi realizada a mesa de debates tendo como mediador o superintendente do Grupo Unis, Guaraci Silva. Ele recebeu os convidados Marcos Pascoalino, prefeito de Rio Pomba; o jovem empres\u00e1rio Eduardo Yep, a empres\u00e1ria do setor de varejo, Lu\u00edza Perez Lanna; o Analista do Sebrae-MG, Paulo C\u00e9sar Barroso e o presidente da Energisa Minas Gerais, Eduardo Mantovani. Cada um falou sobre propostas para o desenvolvimento da regi\u00e3o e ainda responderam perguntas da plateia.<\/p>\n<p>Veja fotos do evento na galeria abaixo.<\/p>\n<div id='gallery-1' class='gallery galleryid-2130 gallery-columns-4 gallery-size-thumbnail'><figure class='gallery-item'>\n\t\t\t<div class='gallery-icon landscape'>\n\t\t\t\t<a href='https:\/\/marcelolopes.jor.br\/site\/2019\/06\/07\/energisa-divulga-no-forum-festic-seus-dois-projetos-mais-novos\/img_4106\/'><img loading=\"lazy\" decoding=\"async\" width=\"150\" height=\"150\" src=\"https:\/\/marcelolopes.jor.br\/site\/wp-content\/uploads\/2019\/06\/IMG_4106-150x150.jpg\" class=\"attachment-thumbnail size-thumbnail\" alt=\"\" \/><\/a>\n\t\t\t<\/div><\/figure><figure class='gallery-item'>\n\t\t\t<div class='gallery-icon landscape'>\n\t\t\t\t<a href='https:\/\/marcelolopes.jor.br\/site\/2019\/06\/07\/energisa-divulga-no-forum-festic-seus-dois-projetos-mais-novos\/img_4108\/'><img loading=\"lazy\" decoding=\"async\" width=\"150\" height=\"150\" src=\"https:\/\/marcelolopes.jor.br\/site\/wp-content\/uploads\/2019\/06\/IMG_4108-150x150.jpg\" class=\"attachment-thumbnail size-thumbnail\" alt=\"\" \/><\/a>\n\t\t\t<\/div><\/figure><figure class='gallery-item'>\n\t\t\t<div class='gallery-icon landscape'>\n\t\t\t\t<a href='https:\/\/marcelolopes.jor.br\/site\/2019\/06\/07\/energisa-divulga-no-forum-festic-seus-dois-projetos-mais-novos\/img_4109\/'><img loading=\"lazy\" decoding=\"async\" width=\"150\" height=\"150\" src=\"https:\/\/marcelolopes.jor.br\/site\/wp-content\/uploads\/2019\/06\/IMG_4109-150x150.jpg\" class=\"attachment-thumbnail size-thumbnail\" alt=\"\" \/><\/a>\n\t\t\t<\/div><\/figure><figure class='gallery-item'>\n\t\t\t<div class='gallery-icon landscape'>\n\t\t\t\t<a href='https:\/\/marcelolopes.jor.br\/site\/2019\/06\/07\/energisa-divulga-no-forum-festic-seus-dois-projetos-mais-novos\/img_4130\/'><img loading=\"lazy\" decoding=\"async\" width=\"150\" height=\"150\" src=\"https:\/\/marcelolopes.jor.br\/site\/wp-content\/uploads\/2019\/06\/IMG_4130-150x150.jpg\" class=\"attachment-thumbnail size-thumbnail\" alt=\"\" \/><\/a>\n\t\t\t<\/div><\/figure><figure class='gallery-item'>\n\t\t\t<div class='gallery-icon landscape'>\n\t\t\t\t<a href='https:\/\/marcelolopes.jor.br\/site\/2019\/06\/07\/energisa-divulga-no-forum-festic-seus-dois-projetos-mais-novos\/img_4151\/'><img loading=\"lazy\" decoding=\"async\" width=\"150\" height=\"150\" src=\"https:\/\/marcelolopes.jor.br\/site\/wp-content\/uploads\/2019\/06\/IMG_4151-150x150.jpg\" class=\"attachment-thumbnail size-thumbnail\" alt=\"\" \/><\/a>\n\t\t\t<\/div><\/figure><figure class='gallery-item'>\n\t\t\t<div class='gallery-icon landscape'>\n\t\t\t\t<a href='https:\/\/marcelolopes.jor.br\/site\/2019\/06\/07\/energisa-divulga-no-forum-festic-seus-dois-projetos-mais-novos\/img_4156\/'><img loading=\"lazy\" decoding=\"async\" width=\"150\" height=\"150\" src=\"https:\/\/marcelolopes.jor.br\/site\/wp-content\/uploads\/2019\/06\/IMG_4156-150x150.jpg\" class=\"attachment-thumbnail size-thumbnail\" alt=\"\" \/><\/a>\n\t\t\t<\/div><\/figure><figure class='gallery-item'>\n\t\t\t<div class='gallery-icon landscape'>\n\t\t\t\t<a href='https:\/\/marcelolopes.jor.br\/site\/2019\/06\/07\/energisa-divulga-no-forum-festic-seus-dois-projetos-mais-novos\/img_4157\/'><img loading=\"lazy\" decoding=\"async\" width=\"150\" height=\"150\" src=\"https:\/\/marcelolopes.jor.br\/site\/wp-content\/uploads\/2019\/06\/IMG_4157-150x150.jpg\" class=\"attachment-thumbnail size-thumbnail\" alt=\"\" \/><\/a>\n\t\t\t<\/div><\/figure><figure class='gallery-item'>\n\t\t\t<div class='gallery-icon landscape'>\n\t\t\t\t<a href='https:\/\/marcelolopes.jor.br\/site\/2019\/06\/07\/energisa-divulga-no-forum-festic-seus-dois-projetos-mais-novos\/img_4159\/'><img loading=\"lazy\" decoding=\"async\" width=\"150\" height=\"150\" src=\"https:\/\/marcelolopes.jor.br\/site\/wp-content\/uploads\/2019\/06\/IMG_4159-150x150.jpg\" class=\"attachment-thumbnail size-thumbnail\" alt=\"\" \/><\/a>\n\t\t\t<\/div><\/figure><figure class='gallery-item'>\n\t\t\t<div class='gallery-icon landscape'>\n\t\t\t\t<a href='https:\/\/marcelolopes.jor.br\/site\/2019\/06\/07\/energisa-divulga-no-forum-festic-seus-dois-projetos-mais-novos\/img_4160\/'><img loading=\"lazy\" decoding=\"async\" width=\"150\" height=\"150\" src=\"https:\/\/marcelolopes.jor.br\/site\/wp-content\/uploads\/2019\/06\/IMG_4160-150x150.jpg\" class=\"attachment-thumbnail size-thumbnail\" alt=\"\" \/><\/a>\n\t\t\t<\/div><\/figure><figure class='gallery-item'>\n\t\t\t<div class='gallery-icon landscape'>\n\t\t\t\t<a href='https:\/\/marcelolopes.jor.br\/site\/2019\/06\/07\/energisa-divulga-no-forum-festic-seus-dois-projetos-mais-novos\/img_4161\/'><img loading=\"lazy\" decoding=\"async\" width=\"150\" height=\"150\" src=\"https:\/\/marcelolopes.jor.br\/site\/wp-content\/uploads\/2019\/06\/IMG_4161-150x150.jpg\" class=\"attachment-thumbnail size-thumbnail\" alt=\"\" \/><\/a>\n\t\t\t<\/div><\/figure><figure class='gallery-item'>\n\t\t\t<div class='gallery-icon landscape'>\n\t\t\t\t<a href='https:\/\/marcelolopes.jor.br\/site\/2019\/06\/07\/energisa-divulga-no-forum-festic-seus-dois-projetos-mais-novos\/img_4162\/'><img loading=\"lazy\" decoding=\"async\" width=\"150\" height=\"150\" src=\"https:\/\/marcelolopes.jor.br\/site\/wp-content\/uploads\/2019\/06\/IMG_4162-150x150.jpg\" class=\"attachment-thumbnail size-thumbnail\" alt=\"\" \/><\/a>\n\t\t\t<\/div><\/figure><figure class='gallery-item'>\n\t\t\t<div class='gallery-icon landscape'>\n\t\t\t\t<a href='https:\/\/marcelolopes.jor.br\/site\/2019\/06\/07\/energisa-divulga-no-forum-festic-seus-dois-projetos-mais-novos\/img_4164\/'><img loading=\"lazy\" decoding=\"async\" width=\"150\" height=\"150\" src=\"https:\/\/marcelolopes.jor.br\/site\/wp-content\/uploads\/2019\/06\/IMG_4164-150x150.jpg\" class=\"attachment-thumbnail size-thumbnail\" alt=\"\" \/><\/a>\n\t\t\t<\/div><\/figure><figure class='gallery-item'>\n\t\t\t<div class='gallery-icon landscape'>\n\t\t\t\t<a href='https:\/\/marcelolopes.jor.br\/site\/2019\/06\/07\/energisa-divulga-no-forum-festic-seus-dois-projetos-mais-novos\/img_4150\/'><img loading=\"lazy\" decoding=\"async\" width=\"150\" height=\"150\" src=\"https:\/\/marcelolopes.jor.br\/site\/wp-content\/uploads\/2019\/06\/IMG_4150-150x150.jpg\" class=\"attachment-thumbnail size-thumbnail\" alt=\"\" \/><\/a>\n\t\t\t<\/div><\/figure><figure class='gallery-item'>\n\t\t\t<div class='gallery-icon landscape'>\n\t\t\t\t<a href='https:\/\/marcelolopes.jor.br\/site\/2019\/06\/07\/energisa-divulga-no-forum-festic-seus-dois-projetos-mais-novos\/img_4149\/'><img loading=\"lazy\" decoding=\"async\" width=\"150\" height=\"150\" src=\"https:\/\/marcelolopes.jor.br\/site\/wp-content\/uploads\/2019\/06\/IMG_4149-150x150.jpg\" class=\"attachment-thumbnail size-thumbnail\" alt=\"\" \/><\/a>\n\t\t\t<\/div><\/figure>\n\t\t<\/div>\n\n<div class=\"jwzuv69f5f9e353b96\" ><br><\/div><style type=\"text\/css\">\r\n@media screen and (min-width: 1201px) {\r\n.jwzuv69f5f9e353b96 {\r\ndisplay: block;\r\n}\r\n}\r\n@media screen and (min-width: 993px) and (max-width: 1200px) {\r\n.jwzuv69f5f9e353b96 {\r\ndisplay: block;\r\n}\r\n}\r\n@media screen and (min-width: 769px) and (max-width: 992px) {\r\n.jwzuv69f5f9e353b96 {\r\ndisplay: block;\r\n}\r\n}\r\n@media screen and (min-width: 768px) and (max-width: 768px) {\r\n.jwzuv69f5f9e353b96 {\r\ndisplay: block;\r\n}\r\n}\r\n@media screen and (max-width: 767px) {\r\n.jwzuv69f5f9e353b96 {\r\ndisplay: block;\r\n}\r\n}\r\n<\/style>\r\n<div class=\"oqlsa69f5f9e35a5d4\" ><div id=\"div_destino\"><\/div>\r\n<script src=\"https:\/\/cdn.snsrsv.com\/sdk.js\"><\/script>\r\n<script >\r\n      new sdk(\"464030C30061EA8BE065000000000001\") \r\n          .appendTo(\"div_destino\")\r\n          .disableStyle(true) \r\n          .setCacheBusterMacro(\"%%CACHEBUSTER%%\")\r\n          .setSize(\"800\",\"214\")\r\n          .setClickMacro(\"%%CLICK_URL_ESC%%\") \r\n          .setReferrerUrlMacro(\"%%REFERRER_URL_ESC%%\") \r\n          .start(); \r\n<\/script><\/div><style type=\"text\/css\">\r\n@media screen and (min-width: 1201px) {\r\n.oqlsa69f5f9e35a5d4 {\r\ndisplay: block;\r\n}\r\n}\r\n@media screen and (min-width: 993px) and (max-width: 1200px) {\r\n.oqlsa69f5f9e35a5d4 {\r\ndisplay: block;\r\n}\r\n}\r\n@media screen and (min-width: 769px) and (max-width: 992px) {\r\n.oqlsa69f5f9e35a5d4 {\r\ndisplay: block;\r\n}\r\n}\r\n@media screen and (min-width: 768px) and (max-width: 768px) {\r\n.oqlsa69f5f9e35a5d4 {\r\ndisplay: block;\r\n}\r\n}\r\n@media screen and (max-width: 767px) {\r\n.oqlsa69f5f9e35a5d4 {\r\ndisplay: block;\r\n}\r\n}\r\n<\/style>\r\n","protected":false},"excerpt":{"rendered":"<p>Com o audit\u00f3rio do Centro Cultural Humberto Mauro completamente tomado pelo p\u00fablico, foi realizado na noite desta quinta-feira, 06 de junho, em Cataguases, a terceira edi\u00e7\u00e3o do Forum Festic. O tema deste ano foi a discuss\u00e3o de uma agenda \u00fanica<\/p>\n<p class=\"link-more\"><a class=\"more-link\" href=\"https:\/\/marcelolopes.jor.br\/site\/2019\/06\/07\/energisa-divulga-no-forum-festic-seus-dois-projetos-mais-novos\/\">Leia mais <span class=\"screen-reader-text\">Energisa divulga no Forum Festic seus dois projetos mais novos<\/span><\/a><\/p>\n","protected":false},"author":2,"featured_media":2132,"comment_status":"open","ping_status":"open","sticky":false,"template":"","format":"standard","meta":{"footnotes":""},"categories":[1],"tags":[438,436,437,181],"class_list":["post-2130","post","type-post","status-publish","format-standard","has-post-thumbnail","hentry","category-noticias","tag-debate","tag-festic","tag-forum","tag-palestra","thumb-below-title"],"yoast_head":"<!-- This site is optimized with the Yoast SEO plugin v27.4 - https:\/\/yoast.com\/product\/yoast-seo-wordpress\/ -->\n<title>Energisa divulga no Forum Festic seus dois projetos mais novos | Marcelo Lopes<\/title>\n<meta name=\"robots\" content=\"index, follow, max-snippet:-1, max-image-preview:large, max-video-preview:-1\" \/>\n<link rel=\"canonical\" href=\"https:\/\/marcelolopes.jor.br\/site\/2019\/06\/07\/energisa-divulga-no-forum-festic-seus-dois-projetos-mais-novos\/\" \/>\n<meta property=\"og:locale\" content=\"pt_BR\" \/>\n<meta property=\"og:type\" content=\"article\" \/>\n<meta property=\"og:title\" content=\"Energisa divulga no Forum Festic seus dois projetos mais novos | Marcelo Lopes\" \/>\n<meta property=\"og:description\" content=\"Com o audit\u00f3rio do Centro Cultural Humberto Mauro completamente tomado pelo p\u00fablico, foi realizado na noite desta quinta-feira, 06 de junho, em Cataguases, a terceira edi\u00e7\u00e3o do Forum Festic. O tema deste ano foi a discuss\u00e3o de uma agenda \u00fanicaLeia mais Energisa divulga no Forum Festic seus dois projetos mais novos\" \/>\n<meta property=\"og:url\" content=\"https:\/\/marcelolopes.jor.br\/site\/2019\/06\/07\/energisa-divulga-no-forum-festic-seus-dois-projetos-mais-novos\/\" \/>\n<meta property=\"og:site_name\" content=\"Marcelo Lopes\" \/>\n<meta property=\"article:publisher\" content=\"https:\/\/www.facebook.com\/sitedomarcelolopes\" \/>\n<meta property=\"article:published_time\" content=\"2019-06-07T21:00:40+00:00\" \/>\n<meta property=\"article:modified_time\" content=\"2019-06-07T21:02:30+00:00\" \/>\n<meta property=\"og:image\" content=\"https:\/\/marcelolopes.jor.br\/site\/wp-content\/uploads\/2019\/06\/IMG_4135.jpg\" \/>\n\t<meta property=\"og:image:width\" content=\"640\" \/>\n\t<meta property=\"og:image:height\" content=\"480\" \/>\n\t<meta property=\"og:image:type\" content=\"image\/jpeg\" \/>\n<meta name=\"author\" content=\"Marcelo Lopes\" \/>\n<meta name=\"twitter:card\" content=\"summary_large_image\" \/>\n<meta name=\"twitter:label1\" content=\"Escrito por\" \/>\n\t<meta name=\"twitter:data1\" content=\"Marcelo Lopes\" \/>\n\t<meta name=\"twitter:label2\" content=\"Est. tempo de leitura\" \/>\n\t<meta name=\"twitter:data2\" content=\"2 minutos\" \/>\n<script type=\"application\/ld+json\" class=\"yoast-schema-graph\">{\"@context\":\"https:\\\/\\\/schema.org\",\"@graph\":[{\"@type\":\"NewsArticle\",\"@id\":\"https:\\\/\\\/marcelolopes.jor.br\\\/site\\\/2019\\\/06\\\/07\\\/energisa-divulga-no-forum-festic-seus-dois-projetos-mais-novos\\\/#article\",\"isPartOf\":{\"@id\":\"https:\\\/\\\/marcelolopes.jor.br\\\/site\\\/2019\\\/06\\\/07\\\/energisa-divulga-no-forum-festic-seus-dois-projetos-mais-novos\\\/\"},\"author\":{\"name\":\"Marcelo Lopes\",\"@id\":\"https:\\\/\\\/marcelolopes.jor.br\\\/site\\\/#\\\/schema\\\/person\\\/3e7216a35c34d8fdf952b31da3d1f89f\"},\"headline\":\"Energisa divulga no Forum Festic seus dois projetos mais novos\",\"datePublished\":\"2019-06-07T21:00:40+00:00\",\"dateModified\":\"2019-06-07T21:02:30+00:00\",\"mainEntityOfPage\":{\"@id\":\"https:\\\/\\\/marcelolopes.jor.br\\\/site\\\/2019\\\/06\\\/07\\\/energisa-divulga-no-forum-festic-seus-dois-projetos-mais-novos\\\/\"},\"wordCount\":469,\"commentCount\":0,\"publisher\":{\"@id\":\"https:\\\/\\\/marcelolopes.jor.br\\\/site\\\/#organization\"},\"image\":{\"@id\":\"https:\\\/\\\/marcelolopes.jor.br\\\/site\\\/2019\\\/06\\\/07\\\/energisa-divulga-no-forum-festic-seus-dois-projetos-mais-novos\\\/#primaryimage\"},\"thumbnailUrl\":\"https:\\\/\\\/marcelolopes.jor.br\\\/site\\\/wp-content\\\/uploads\\\/2019\\\/06\\\/IMG_4135.jpg\",\"keywords\":[\"debate\",\"Festic\",\"forum\",\"palestra\"],\"articleSection\":[\"Not\u00edcias\"],\"inLanguage\":\"pt-BR\",\"potentialAction\":[{\"@type\":\"CommentAction\",\"name\":\"Comment\",\"target\":[\"https:\\\/\\\/marcelolopes.jor.br\\\/site\\\/2019\\\/06\\\/07\\\/energisa-divulga-no-forum-festic-seus-dois-projetos-mais-novos\\\/#respond\"]}]},{\"@type\":\"WebPage\",\"@id\":\"https:\\\/\\\/marcelolopes.jor.br\\\/site\\\/2019\\\/06\\\/07\\\/energisa-divulga-no-forum-festic-seus-dois-projetos-mais-novos\\\/\",\"url\":\"https:\\\/\\\/marcelolopes.jor.br\\\/site\\\/2019\\\/06\\\/07\\\/energisa-divulga-no-forum-festic-seus-dois-projetos-mais-novos\\\/\",\"name\":\"Energisa divulga no Forum Festic seus dois projetos mais novos | Marcelo Lopes\",\"isPartOf\":{\"@id\":\"https:\\\/\\\/marcelolopes.jor.br\\\/site\\\/#website\"},\"primaryImageOfPage\":{\"@id\":\"https:\\\/\\\/marcelolopes.jor.br\\\/site\\\/2019\\\/06\\\/07\\\/energisa-divulga-no-forum-festic-seus-dois-projetos-mais-novos\\\/#primaryimage\"},\"image\":{\"@id\":\"https:\\\/\\\/marcelolopes.jor.br\\\/site\\\/2019\\\/06\\\/07\\\/energisa-divulga-no-forum-festic-seus-dois-projetos-mais-novos\\\/#primaryimage\"},\"thumbnailUrl\":\"https:\\\/\\\/marcelolopes.jor.br\\\/site\\\/wp-content\\\/uploads\\\/2019\\\/06\\\/IMG_4135.jpg\",\"datePublished\":\"2019-06-07T21:00:40+00:00\",\"dateModified\":\"2019-06-07T21:02:30+00:00\",\"breadcrumb\":{\"@id\":\"https:\\\/\\\/marcelolopes.jor.br\\\/site\\\/2019\\\/06\\\/07\\\/energisa-divulga-no-forum-festic-seus-dois-projetos-mais-novos\\\/#breadcrumb\"},\"inLanguage\":\"pt-BR\",\"potentialAction\":[{\"@type\":\"ReadAction\",\"target\":[\"https:\\\/\\\/marcelolopes.jor.br\\\/site\\\/2019\\\/06\\\/07\\\/energisa-divulga-no-forum-festic-seus-dois-projetos-mais-novos\\\/\"]}]},{\"@type\":\"ImageObject\",\"inLanguage\":\"pt-BR\",\"@id\":\"https:\\\/\\\/marcelolopes.jor.br\\\/site\\\/2019\\\/06\\\/07\\\/energisa-divulga-no-forum-festic-seus-dois-projetos-mais-novos\\\/#primaryimage\",\"url\":\"https:\\\/\\\/marcelolopes.jor.br\\\/site\\\/wp-content\\\/uploads\\\/2019\\\/06\\\/IMG_4135.jpg\",\"contentUrl\":\"https:\\\/\\\/marcelolopes.jor.br\\\/site\\\/wp-content\\\/uploads\\\/2019\\\/06\\\/IMG_4135.jpg\",\"width\":640,\"height\":480,\"caption\":\"Eduardo Mantovani explica detalhes do projeto Rio Pomba Valley\"},{\"@type\":\"BreadcrumbList\",\"@id\":\"https:\\\/\\\/marcelolopes.jor.br\\\/site\\\/2019\\\/06\\\/07\\\/energisa-divulga-no-forum-festic-seus-dois-projetos-mais-novos\\\/#breadcrumb\",\"itemListElement\":[{\"@type\":\"ListItem\",\"position\":1,\"name\":\"Home\",\"item\":\"https:\\\/\\\/marcelolopes.jor.br\\\/site\\\/\"},{\"@type\":\"ListItem\",\"position\":2,\"name\":\"Energisa divulga no Forum Festic seus dois projetos mais novos\"}]},{\"@type\":\"WebSite\",\"@id\":\"https:\\\/\\\/marcelolopes.jor.br\\\/site\\\/#website\",\"url\":\"https:\\\/\\\/marcelolopes.jor.br\\\/site\\\/\",\"name\":\"Marcelo Lopes\",\"description\":\"Not\u00edcias de Cataguases e Regi\u00e3o\",\"publisher\":{\"@id\":\"https:\\\/\\\/marcelolopes.jor.br\\\/site\\\/#organization\"},\"potentialAction\":[{\"@type\":\"SearchAction\",\"target\":{\"@type\":\"EntryPoint\",\"urlTemplate\":\"https:\\\/\\\/marcelolopes.jor.br\\\/site\\\/?s={search_term_string}\"},\"query-input\":{\"@type\":\"PropertyValueSpecification\",\"valueRequired\":true,\"valueName\":\"search_term_string\"}}],\"inLanguage\":\"pt-BR\"},{\"@type\":\"Organization\",\"@id\":\"https:\\\/\\\/marcelolopes.jor.br\\\/site\\\/#organization\",\"name\":\"Site do Marcelo Lopes\",\"url\":\"https:\\\/\\\/marcelolopes.jor.br\\\/site\\\/\",\"logo\":{\"@type\":\"ImageObject\",\"inLanguage\":\"pt-BR\",\"@id\":\"https:\\\/\\\/marcelolopes.jor.br\\\/site\\\/#\\\/schema\\\/logo\\\/image\\\/\",\"url\":\"https:\\\/\\\/marcelolopes.jor.br\\\/site\\\/wp-content\\\/uploads\\\/2024\\\/11\\\/logo-1.png\",\"contentUrl\":\"https:\\\/\\\/marcelolopes.jor.br\\\/site\\\/wp-content\\\/uploads\\\/2024\\\/11\\\/logo-1.png\",\"width\":475,\"height\":80,\"caption\":\"Site do Marcelo Lopes\"},\"image\":{\"@id\":\"https:\\\/\\\/marcelolopes.jor.br\\\/site\\\/#\\\/schema\\\/logo\\\/image\\\/\"},\"sameAs\":[\"https:\\\/\\\/www.facebook.com\\\/sitedomarcelolopes\",\"https:\\\/\\\/www.instagram.com\\\/sitedomarcelolopes\\\/\",\"https:\\\/\\\/www.linkedin.com\\\/company\\\/site-do-marcelo-lopes\\\/\",\"https:\\\/\\\/www.youtube.com\\\/user\\\/marcelolopes957\"]},{\"@type\":\"Person\",\"@id\":\"https:\\\/\\\/marcelolopes.jor.br\\\/site\\\/#\\\/schema\\\/person\\\/3e7216a35c34d8fdf952b31da3d1f89f\",\"name\":\"Marcelo Lopes\",\"sameAs\":[\"http:\\\/\\\/www.marcelolopes.jor.br\"],\"url\":\"https:\\\/\\\/marcelolopes.jor.br\\\/site\\\/author\\\/marcelo\\\/\"}]}<\/script>\n<!-- \/ Yoast SEO plugin. -->","yoast_head_json":{"title":"Energisa divulga no Forum Festic seus dois projetos mais novos | Marcelo Lopes","robots":{"index":"index","follow":"follow","max-snippet":"max-snippet:-1","max-image-preview":"max-image-preview:large","max-video-preview":"max-video-preview:-1"},"canonical":"https:\/\/marcelolopes.jor.br\/site\/2019\/06\/07\/energisa-divulga-no-forum-festic-seus-dois-projetos-mais-novos\/","og_locale":"pt_BR","og_type":"article","og_title":"Energisa divulga no Forum Festic seus dois projetos mais novos | Marcelo Lopes","og_description":"Com o audit\u00f3rio do Centro Cultural Humberto Mauro completamente tomado pelo p\u00fablico, foi realizado na noite desta quinta-feira, 06 de junho, em Cataguases, a terceira edi\u00e7\u00e3o do Forum Festic. O tema deste ano foi a discuss\u00e3o de uma agenda \u00fanicaLeia mais Energisa divulga no Forum Festic seus dois projetos mais novos","og_url":"https:\/\/marcelolopes.jor.br\/site\/2019\/06\/07\/energisa-divulga-no-forum-festic-seus-dois-projetos-mais-novos\/","og_site_name":"Marcelo Lopes","article_publisher":"https:\/\/www.facebook.com\/sitedomarcelolopes","article_published_time":"2019-06-07T21:00:40+00:00","article_modified_time":"2019-06-07T21:02:30+00:00","og_image":[{"width":640,"height":480,"url":"https:\/\/marcelolopes.jor.br\/site\/wp-content\/uploads\/2019\/06\/IMG_4135.jpg","type":"image\/jpeg"}],"author":"Marcelo Lopes","twitter_card":"summary_large_image","twitter_misc":{"Escrito por":"Marcelo Lopes","Est. tempo de leitura":"2 minutos"},"schema":{"@context":"https:\/\/schema.org","@graph":[{"@type":"NewsArticle","@id":"https:\/\/marcelolopes.jor.br\/site\/2019\/06\/07\/energisa-divulga-no-forum-festic-seus-dois-projetos-mais-novos\/#article","isPartOf":{"@id":"https:\/\/marcelolopes.jor.br\/site\/2019\/06\/07\/energisa-divulga-no-forum-festic-seus-dois-projetos-mais-novos\/"},"author":{"name":"Marcelo Lopes","@id":"https:\/\/marcelolopes.jor.br\/site\/#\/schema\/person\/3e7216a35c34d8fdf952b31da3d1f89f"},"headline":"Energisa divulga no Forum Festic seus dois projetos mais novos","datePublished":"2019-06-07T21:00:40+00:00","dateModified":"2019-06-07T21:02:30+00:00","mainEntityOfPage":{"@id":"https:\/\/marcelolopes.jor.br\/site\/2019\/06\/07\/energisa-divulga-no-forum-festic-seus-dois-projetos-mais-novos\/"},"wordCount":469,"commentCount":0,"publisher":{"@id":"https:\/\/marcelolopes.jor.br\/site\/#organization"},"image":{"@id":"https:\/\/marcelolopes.jor.br\/site\/2019\/06\/07\/energisa-divulga-no-forum-festic-seus-dois-projetos-mais-novos\/#primaryimage"},"thumbnailUrl":"https:\/\/marcelolopes.jor.br\/site\/wp-content\/uploads\/2019\/06\/IMG_4135.jpg","keywords":["debate","Festic","forum","palestra"],"articleSection":["Not\u00edcias"],"inLanguage":"pt-BR","potentialAction":[{"@type":"CommentAction","name":"Comment","target":["https:\/\/marcelolopes.jor.br\/site\/2019\/06\/07\/energisa-divulga-no-forum-festic-seus-dois-projetos-mais-novos\/#respond"]}]},{"@type":"WebPage","@id":"https:\/\/marcelolopes.jor.br\/site\/2019\/06\/07\/energisa-divulga-no-forum-festic-seus-dois-projetos-mais-novos\/","url":"https:\/\/marcelolopes.jor.br\/site\/2019\/06\/07\/energisa-divulga-no-forum-festic-seus-dois-projetos-mais-novos\/","name":"Energisa divulga no Forum Festic seus dois projetos mais novos | Marcelo Lopes","isPartOf":{"@id":"https:\/\/marcelolopes.jor.br\/site\/#website"},"primaryImageOfPage":{"@id":"https:\/\/marcelolopes.jor.br\/site\/2019\/06\/07\/energisa-divulga-no-forum-festic-seus-dois-projetos-mais-novos\/#primaryimage"},"image":{"@id":"https:\/\/marcelolopes.jor.br\/site\/2019\/06\/07\/energisa-divulga-no-forum-festic-seus-dois-projetos-mais-novos\/#primaryimage"},"thumbnailUrl":"https:\/\/marcelolopes.jor.br\/site\/wp-content\/uploads\/2019\/06\/IMG_4135.jpg","datePublished":"2019-06-07T21:00:40+00:00","dateModified":"2019-06-07T21:02:30+00:00","breadcrumb":{"@id":"https:\/\/marcelolopes.jor.br\/site\/2019\/06\/07\/energisa-divulga-no-forum-festic-seus-dois-projetos-mais-novos\/#breadcrumb"},"inLanguage":"pt-BR","potentialAction":[{"@type":"ReadAction","target":["https:\/\/marcelolopes.jor.br\/site\/2019\/06\/07\/energisa-divulga-no-forum-festic-seus-dois-projetos-mais-novos\/"]}]},{"@type":"ImageObject","inLanguage":"pt-BR","@id":"https:\/\/marcelolopes.jor.br\/site\/2019\/06\/07\/energisa-divulga-no-forum-festic-seus-dois-projetos-mais-novos\/#primaryimage","url":"https:\/\/marcelolopes.jor.br\/site\/wp-content\/uploads\/2019\/06\/IMG_4135.jpg","contentUrl":"https:\/\/marcelolopes.jor.br\/site\/wp-content\/uploads\/2019\/06\/IMG_4135.jpg","width":640,"height":480,"caption":"Eduardo Mantovani explica detalhes do projeto Rio Pomba Valley"},{"@type":"BreadcrumbList","@id":"https:\/\/marcelolopes.jor.br\/site\/2019\/06\/07\/energisa-divulga-no-forum-festic-seus-dois-projetos-mais-novos\/#breadcrumb","itemListElement":[{"@type":"ListItem","position":1,"name":"Home","item":"https:\/\/marcelolopes.jor.br\/site\/"},{"@type":"ListItem","position":2,"name":"Energisa divulga no Forum Festic seus dois projetos mais novos"}]},{"@type":"WebSite","@id":"https:\/\/marcelolopes.jor.br\/site\/#website","url":"https:\/\/marcelolopes.jor.br\/site\/","name":"Marcelo Lopes","description":"Not\u00edcias de Cataguases e Regi\u00e3o","publisher":{"@id":"https:\/\/marcelolopes.jor.br\/site\/#organization"},"potentialAction":[{"@type":"SearchAction","target":{"@type":"EntryPoint","urlTemplate":"https:\/\/marcelolopes.jor.br\/site\/?s={search_term_string}"},"query-input":{"@type":"PropertyValueSpecification","valueRequired":true,"valueName":"search_term_string"}}],"inLanguage":"pt-BR"},{"@type":"Organization","@id":"https:\/\/marcelolopes.jor.br\/site\/#organization","name":"Site do Marcelo Lopes","url":"https:\/\/marcelolopes.jor.br\/site\/","logo":{"@type":"ImageObject","inLanguage":"pt-BR","@id":"https:\/\/marcelolopes.jor.br\/site\/#\/schema\/logo\/image\/","url":"https:\/\/marcelolopes.jor.br\/site\/wp-content\/uploads\/2024\/11\/logo-1.png","contentUrl":"https:\/\/marcelolopes.jor.br\/site\/wp-content\/uploads\/2024\/11\/logo-1.png","width":475,"height":80,"caption":"Site do Marcelo Lopes"},"image":{"@id":"https:\/\/marcelolopes.jor.br\/site\/#\/schema\/logo\/image\/"},"sameAs":["https:\/\/www.facebook.com\/sitedomarcelolopes","https:\/\/www.instagram.com\/sitedomarcelolopes\/","https:\/\/www.linkedin.com\/company\/site-do-marcelo-lopes\/","https:\/\/www.youtube.com\/user\/marcelolopes957"]},{"@type":"Person","@id":"https:\/\/marcelolopes.jor.br\/site\/#\/schema\/person\/3e7216a35c34d8fdf952b31da3d1f89f","name":"Marcelo Lopes","sameAs":["http:\/\/www.marcelolopes.jor.br"],"url":"https:\/\/marcelolopes.jor.br\/site\/author\/marcelo\/"}]}},"wps_subtitle":"Iniciativas devem mudar o perfil de desenvolvimento de Cataguases e impulsionar a \"nova economia\"","_links":{"self":[{"href":"https:\/\/marcelolopes.jor.br\/site\/wp-json\/wp\/v2\/posts\/2130","targetHints":{"allow":["GET"]}}],"collection":[{"href":"https:\/\/marcelolopes.jor.br\/site\/wp-json\/wp\/v2\/posts"}],"about":[{"href":"https:\/\/marcelolopes.jor.br\/site\/wp-json\/wp\/v2\/types\/post"}],"author":[{"embeddable":true,"href":"https:\/\/marcelolopes.jor.br\/site\/wp-json\/wp\/v2\/users\/2"}],"replies":[{"embeddable":true,"href":"https:\/\/marcelolopes.jor.br\/site\/wp-json\/wp\/v2\/comments?post=2130"}],"version-history":[{"count":0,"href":"https:\/\/marcelolopes.jor.br\/site\/wp-json\/wp\/v2\/posts\/2130\/revisions"}],"wp:featuredmedia":[{"embeddable":true,"href":"https:\/\/marcelolopes.jor.br\/site\/wp-json\/wp\/v2\/media\/2132"}],"wp:attachment":[{"href":"https:\/\/marcelolopes.jor.br\/site\/wp-json\/wp\/v2\/media?parent=2130"}],"wp:term":[{"taxonomy":"category","embeddable":true,"href":"https:\/\/marcelolopes.jor.br\/site\/wp-json\/wp\/v2\/categories?post=2130"},{"taxonomy":"post_tag","embeddable":true,"href":"https:\/\/marcelolopes.jor.br\/site\/wp-json\/wp\/v2\/tags?post=2130"}],"curies":[{"name":"wp","href":"https:\/\/api.w.org\/{rel}","templated":true}]}}