{"id":21188,"date":"2021-02-01T16:00:59","date_gmt":"2021-02-01T19:00:59","guid":{"rendered":"https:\/\/marcelolopes.jor.br\/?p=21188"},"modified":"2023-03-09T11:09:52","modified_gmt":"2023-03-09T14:09:52","slug":"ladroes-invadem-casa-paroquial-em-muriae-e-fazem-padre-refem","status":"publish","type":"post","link":"https:\/\/marcelolopes.jor.br\/site\/2021\/02\/01\/ladroes-invadem-casa-paroquial-em-muriae-e-fazem-padre-refem\/","title":{"rendered":"Ladr\u00f5es invadem Casa Paroquial em Muria\u00e9 e fazem Padre ref\u00e9m"},"content":{"rendered":"<p style=\"text-align: justify;\">Um homem de 29 anos foi preso pela Pol\u00edcia Militar, na tarde de domingo, 31 de janeiro, em Muria\u00e9, ap\u00f3s tentar assaltar a casa paroquial, ao lado da Igreja Nossa Senhora Aparecida, localizada no bairro Porto naquela cidade.<!--more--><\/p>\n<p style=\"text-align: justify;\"><a href=\"https:\/\/wa.me\/553234211213\"><img loading=\"lazy\" decoding=\"async\" class=\"aligncenter wp-image-21069 size-full\" src=\"https:\/\/marcelolopes.jor.br\/site\/wp-content\/uploads\/2021\/01\/WhatsApp-Image-2021-01-27-at-14.58.03.jpeg\" alt=\"\" width=\"800\" height=\"214\" srcset=\"https:\/\/marcelolopes.jor.br\/site\/wp-content\/uploads\/2021\/01\/WhatsApp-Image-2021-01-27-at-14.58.03.jpeg 800w, https:\/\/marcelolopes.jor.br\/site\/wp-content\/uploads\/2021\/01\/WhatsApp-Image-2021-01-27-at-14.58.03-300x80.jpeg 300w, https:\/\/marcelolopes.jor.br\/site\/wp-content\/uploads\/2021\/01\/WhatsApp-Image-2021-01-27-at-14.58.03-768x205.jpeg 768w\" sizes=\"auto, (max-width: 800px) 100vw, 800px\" \/><\/a>De acordo com a v\u00edtima, o Padre Carlos Henrique Mariosa, de 61 anos, dois homens chegaram at\u00e9 \u00e0 porta de sua casa, dizendo que havia uma encomenda para entrega-lo a pedido de uma fiel da par\u00f3quia. Ele abriu a porta para atend\u00ea-lo, mas foi surpreendido pela dupla com socos, chutes, enforcamento e amea\u00e7as exigindo que ele entregasse dinheiro.<\/p>\n<p style=\"text-align: justify;\">A PM relatou que o padre chegou a ficar amarrado, mas ao pedir para sair que iria pegar o dinheiro, conseguiu escapar e correr para seu quarto, onde se trancou e gritou, pedindo ajuda aos vizinhos. Os bandidos conseguiram quebrar a porta de vidro e ao perceber que a pol\u00edcia estava a caminho, fugiram. Foram cerca de 30 minutos de muita tens\u00e3o e desespero, afirmou.<\/p>\n<p style=\"text-align: justify;\">Os militares iniciaram persegui\u00e7\u00e3o e um deles foi preso depois de pular um muro com aproximadamente 5 metros de altura e quebrar os dois tornozelos. O segundo envolvido correu em dire\u00e7\u00e3o \u00e0 Rua Coronel Pereira Sobrinho e at\u00e9 o fechamento desta mat\u00e9ria, n\u00e3o havia sido localizado.<\/p>\n<p><img loading=\"lazy\" decoding=\"async\" class=\"aligncenter wp-image-21190 size-full\" src=\"https:\/\/marcelolopes.jor.br\/site\/wp-content\/uploads\/2021\/02\/f6803aaeb6cb38c3c9e1028d37db0272.306.jpg\" alt=\"Ladr\u00f5es invadem Casa Paroquial\" width=\"700\" height=\"525\" srcset=\"https:\/\/marcelolopes.jor.br\/site\/wp-content\/uploads\/2021\/02\/f6803aaeb6cb38c3c9e1028d37db0272.306.jpg 700w, https:\/\/marcelolopes.jor.br\/site\/wp-content\/uploads\/2021\/02\/f6803aaeb6cb38c3c9e1028d37db0272.306-300x225.jpg 300w\" sizes=\"auto, (max-width: 700px) 100vw, 700px\" \/><\/p>\n<p style=\"text-align: justify;\">O padre precisou ser atendido pelo Corpo de Bombeiros ainda em sua casa. Ele teve um ferimento em um dos bra\u00e7os, mas passa bem. J\u00e1 o bandido precisou de atendimento m\u00e9dico antes de ser conduzido para a Delegacia.<\/p>\n<p style=\"text-align: justify;\">Em entrevista \u00e0 <a href=\"http:\/\/www.radiomuriae.com\"><strong><span style=\"color: #800000;\">R\u00e1dio Muria\u00e9<\/span><\/strong><\/a>, Padre Mariosa relatou os momentos de tens\u00e3o que ele viveu. \u201cAqui dentro eles me bateram muito, me amea\u00e7aram e queriam dinheiro. Eu pedi a Nossa Senhora Aparecida que protegesse e ela me guardou\u201d, afirmou o religioso.<\/p>\n<p style=\"text-align: justify;\">Durante as dilig\u00eancias, os policiais receberam a informa\u00e7\u00e3o que o segundo envolvido estaria escondido \u00e0s margens do Rio Muria\u00e9. Foram feitas buscas no local, mas ningu\u00e9m foi localizado. A Pol\u00edcia civil informou que a dupla \u00e9 de Juiz de Fora. O envolvido, preso pela PM poder\u00e1 responder por roubo, agress\u00e3o e c\u00e1rcere privado.<\/p>\n<p><img loading=\"lazy\" decoding=\"async\" class=\"aligncenter wp-image-21193 size-full\" src=\"https:\/\/marcelolopes.jor.br\/site\/wp-content\/uploads\/2021\/02\/adaa2c501558ff57e705304fb9a9f5fd.104.jpg\" alt=\"Ladr\u00f5es invadem Casa Paroquial\" width=\"700\" height=\"525\" srcset=\"https:\/\/marcelolopes.jor.br\/site\/wp-content\/uploads\/2021\/02\/adaa2c501558ff57e705304fb9a9f5fd.104.jpg 700w, https:\/\/marcelolopes.jor.br\/site\/wp-content\/uploads\/2021\/02\/adaa2c501558ff57e705304fb9a9f5fd.104-300x225.jpg 300w\" sizes=\"auto, (max-width: 700px) 100vw, 700px\" \/> <img loading=\"lazy\" decoding=\"async\" class=\"aligncenter wp-image-21192 size-full\" src=\"https:\/\/marcelolopes.jor.br\/site\/wp-content\/uploads\/2021\/02\/4d32d3db20a578f8a09dd37831fb3a93.205.jpg\" alt=\"Ladr\u00f5es invadem Casa Paroquial\" width=\"700\" height=\"525\" srcset=\"https:\/\/marcelolopes.jor.br\/site\/wp-content\/uploads\/2021\/02\/4d32d3db20a578f8a09dd37831fb3a93.205.jpg 700w, https:\/\/marcelolopes.jor.br\/site\/wp-content\/uploads\/2021\/02\/4d32d3db20a578f8a09dd37831fb3a93.205-300x225.jpg 300w\" sizes=\"auto, (max-width: 700px) 100vw, 700px\" \/> <img loading=\"lazy\" decoding=\"async\" class=\"aligncenter size-full wp-image-21191\" src=\"https:\/\/marcelolopes.jor.br\/site\/wp-content\/uploads\/2021\/02\/61f7fd0d441ee657aadeebb1610a0536.1014.jpg\" alt=\"\" width=\"700\" height=\"525\" srcset=\"https:\/\/marcelolopes.jor.br\/site\/wp-content\/uploads\/2021\/02\/61f7fd0d441ee657aadeebb1610a0536.1014.jpg 700w, https:\/\/marcelolopes.jor.br\/site\/wp-content\/uploads\/2021\/02\/61f7fd0d441ee657aadeebb1610a0536.1014-300x225.jpg 300w\" sizes=\"auto, (max-width: 700px) 100vw, 700px\" \/><\/p>\n<p style=\"text-align: justify;\">Fonte e fotos: R\u00e1dio Muria\u00e9<\/p>\n<div class=\"evqwa69f75c3fa775e\" ><br><\/div><style type=\"text\/css\">\r\n@media screen and (min-width: 1201px) {\r\n.evqwa69f75c3fa775e {\r\ndisplay: block;\r\n}\r\n}\r\n@media screen and (min-width: 993px) and (max-width: 1200px) {\r\n.evqwa69f75c3fa775e {\r\ndisplay: block;\r\n}\r\n}\r\n@media screen and (min-width: 769px) and (max-width: 992px) {\r\n.evqwa69f75c3fa775e {\r\ndisplay: block;\r\n}\r\n}\r\n@media screen and (min-width: 768px) and (max-width: 768px) {\r\n.evqwa69f75c3fa775e {\r\ndisplay: block;\r\n}\r\n}\r\n@media screen and (max-width: 767px) {\r\n.evqwa69f75c3fa775e {\r\ndisplay: block;\r\n}\r\n}\r\n<\/style>\r\n<div class=\"nzlrs69f75c3fadf49\" ><div id=\"div_destino\"><\/div>\r\n<script src=\"https:\/\/cdn.snsrsv.com\/sdk.js\"><\/script>\r\n<script >\r\n      new sdk(\"464030C30061EA8BE065000000000001\") \r\n          .appendTo(\"div_destino\")\r\n          .disableStyle(true) \r\n          .setCacheBusterMacro(\"%%CACHEBUSTER%%\")\r\n          .setSize(\"800\",\"214\")\r\n          .setClickMacro(\"%%CLICK_URL_ESC%%\") \r\n          .setReferrerUrlMacro(\"%%REFERRER_URL_ESC%%\") \r\n          .start(); \r\n<\/script><\/div><style type=\"text\/css\">\r\n@media screen and (min-width: 1201px) {\r\n.nzlrs69f75c3fadf49 {\r\ndisplay: block;\r\n}\r\n}\r\n@media screen and (min-width: 993px) and (max-width: 1200px) {\r\n.nzlrs69f75c3fadf49 {\r\ndisplay: block;\r\n}\r\n}\r\n@media screen and (min-width: 769px) and (max-width: 992px) {\r\n.nzlrs69f75c3fadf49 {\r\ndisplay: block;\r\n}\r\n}\r\n@media screen and (min-width: 768px) and (max-width: 768px) {\r\n.nzlrs69f75c3fadf49 {\r\ndisplay: block;\r\n}\r\n}\r\n@media screen and (max-width: 767px) {\r\n.nzlrs69f75c3fadf49 {\r\ndisplay: block;\r\n}\r\n}\r\n<\/style>\r\n","protected":false},"excerpt":{"rendered":"<p>Um homem de 29 anos foi preso pela Pol\u00edcia Militar, na tarde de domingo, 31 de janeiro, em Muria\u00e9, ap\u00f3s tentar assaltar a casa paroquial, ao lado da Igreja Nossa Senhora Aparecida, localizada no bairro Porto naquela cidade.<\/p>\n","protected":false},"author":2,"featured_media":21194,"comment_status":"open","ping_status":"open","sticky":false,"template":"","format":"standard","meta":{"footnotes":""},"categories":[1],"tags":[2829,1107,2830,3333],"class_list":["post-21188","post","type-post","status-publish","format-standard","has-post-thumbnail","hentry","category-noticias","tag-casa-paroquial","tag-ladroes","tag-padres","tag-refem","thumb-below-title"],"yoast_head":"<!-- This site is optimized with the Yoast SEO plugin v27.4 - https:\/\/yoast.com\/product\/yoast-seo-wordpress\/ -->\n<title>Ladr\u00f5es invadem Casa Paroquial em Muria\u00e9 e fazem padre ref\u00e9m<\/title>\n<meta name=\"description\" content=\"Ladr\u00f5es invadem Casa Paroquial em Muria\u00e9 e fazem padre ref\u00e9m. O religioso teve ferimento em um dos bra\u00e7os e passa bem.\" \/>\n<meta name=\"robots\" content=\"index, follow, max-snippet:-1, max-image-preview:large, max-video-preview:-1\" \/>\n<link rel=\"canonical\" href=\"https:\/\/marcelolopes.jor.br\/site\/2021\/02\/01\/ladroes-invadem-casa-paroquial-em-muriae-e-fazem-padre-refem\/\" \/>\n<meta property=\"og:locale\" content=\"pt_BR\" \/>\n<meta property=\"og:type\" content=\"article\" \/>\n<meta property=\"og:title\" content=\"Ladr\u00f5es invadem Casa Paroquial em Muria\u00e9 e fazem padre ref\u00e9m\" \/>\n<meta property=\"og:description\" content=\"Ladr\u00f5es invadem Casa Paroquial em Muria\u00e9 e fazem padre ref\u00e9m. O religioso teve ferimento em um dos bra\u00e7os e passa bem.\" \/>\n<meta property=\"og:url\" content=\"https:\/\/marcelolopes.jor.br\/site\/2021\/02\/01\/ladroes-invadem-casa-paroquial-em-muriae-e-fazem-padre-refem\/\" \/>\n<meta property=\"og:site_name\" content=\"Marcelo Lopes\" \/>\n<meta property=\"article:publisher\" content=\"https:\/\/www.facebook.com\/sitedomarcelolopes\" \/>\n<meta property=\"article:published_time\" content=\"2021-02-01T19:00:59+00:00\" \/>\n<meta property=\"article:modified_time\" content=\"2023-03-09T14:09:52+00:00\" \/>\n<meta property=\"og:image\" content=\"https:\/\/marcelolopes.jor.br\/site\/wp-content\/uploads\/2021\/02\/89c6c841e97280389735a3dba7737520.09.jpg\" \/>\n\t<meta property=\"og:image:width\" content=\"700\" \/>\n\t<meta property=\"og:image:height\" content=\"525\" \/>\n\t<meta property=\"og:image:type\" content=\"image\/jpeg\" \/>\n<meta name=\"author\" content=\"Marcelo Lopes\" \/>\n<meta name=\"twitter:card\" content=\"summary_large_image\" \/>\n<meta name=\"twitter:label1\" content=\"Escrito por\" \/>\n\t<meta name=\"twitter:data1\" content=\"Marcelo Lopes\" \/>\n\t<meta name=\"twitter:label2\" content=\"Est. tempo de leitura\" \/>\n\t<meta name=\"twitter:data2\" content=\"2 minutos\" \/>\n<script type=\"application\/ld+json\" class=\"yoast-schema-graph\">{\"@context\":\"https:\\\/\\\/schema.org\",\"@graph\":[{\"@type\":\"NewsArticle\",\"@id\":\"https:\\\/\\\/marcelolopes.jor.br\\\/site\\\/2021\\\/02\\\/01\\\/ladroes-invadem-casa-paroquial-em-muriae-e-fazem-padre-refem\\\/#article\",\"isPartOf\":{\"@id\":\"https:\\\/\\\/marcelolopes.jor.br\\\/site\\\/2021\\\/02\\\/01\\\/ladroes-invadem-casa-paroquial-em-muriae-e-fazem-padre-refem\\\/\"},\"author\":{\"name\":\"Marcelo Lopes\",\"@id\":\"https:\\\/\\\/marcelolopes.jor.br\\\/site\\\/#\\\/schema\\\/person\\\/3e7216a35c34d8fdf952b31da3d1f89f\"},\"headline\":\"Ladr\u00f5es invadem Casa Paroquial em Muria\u00e9 e fazem Padre ref\u00e9m\",\"datePublished\":\"2021-02-01T19:00:59+00:00\",\"dateModified\":\"2023-03-09T14:09:52+00:00\",\"mainEntityOfPage\":{\"@id\":\"https:\\\/\\\/marcelolopes.jor.br\\\/site\\\/2021\\\/02\\\/01\\\/ladroes-invadem-casa-paroquial-em-muriae-e-fazem-padre-refem\\\/\"},\"wordCount\":371,\"commentCount\":0,\"publisher\":{\"@id\":\"https:\\\/\\\/marcelolopes.jor.br\\\/site\\\/#organization\"},\"image\":{\"@id\":\"https:\\\/\\\/marcelolopes.jor.br\\\/site\\\/2021\\\/02\\\/01\\\/ladroes-invadem-casa-paroquial-em-muriae-e-fazem-padre-refem\\\/#primaryimage\"},\"thumbnailUrl\":\"https:\\\/\\\/marcelolopes.jor.br\\\/site\\\/wp-content\\\/uploads\\\/2021\\\/02\\\/89c6c841e97280389735a3dba7737520.09.jpg\",\"keywords\":[\"Casa Paroquial\",\"ladr\u00f5es\",\"padres\",\"ref\u00e9m\"],\"articleSection\":[\"Not\u00edcias\"],\"inLanguage\":\"pt-BR\",\"potentialAction\":[{\"@type\":\"CommentAction\",\"name\":\"Comment\",\"target\":[\"https:\\\/\\\/marcelolopes.jor.br\\\/site\\\/2021\\\/02\\\/01\\\/ladroes-invadem-casa-paroquial-em-muriae-e-fazem-padre-refem\\\/#respond\"]}]},{\"@type\":\"WebPage\",\"@id\":\"https:\\\/\\\/marcelolopes.jor.br\\\/site\\\/2021\\\/02\\\/01\\\/ladroes-invadem-casa-paroquial-em-muriae-e-fazem-padre-refem\\\/\",\"url\":\"https:\\\/\\\/marcelolopes.jor.br\\\/site\\\/2021\\\/02\\\/01\\\/ladroes-invadem-casa-paroquial-em-muriae-e-fazem-padre-refem\\\/\",\"name\":\"Ladr\u00f5es invadem Casa Paroquial em Muria\u00e9 e fazem padre ref\u00e9m\",\"isPartOf\":{\"@id\":\"https:\\\/\\\/marcelolopes.jor.br\\\/site\\\/#website\"},\"primaryImageOfPage\":{\"@id\":\"https:\\\/\\\/marcelolopes.jor.br\\\/site\\\/2021\\\/02\\\/01\\\/ladroes-invadem-casa-paroquial-em-muriae-e-fazem-padre-refem\\\/#primaryimage\"},\"image\":{\"@id\":\"https:\\\/\\\/marcelolopes.jor.br\\\/site\\\/2021\\\/02\\\/01\\\/ladroes-invadem-casa-paroquial-em-muriae-e-fazem-padre-refem\\\/#primaryimage\"},\"thumbnailUrl\":\"https:\\\/\\\/marcelolopes.jor.br\\\/site\\\/wp-content\\\/uploads\\\/2021\\\/02\\\/89c6c841e97280389735a3dba7737520.09.jpg\",\"datePublished\":\"2021-02-01T19:00:59+00:00\",\"dateModified\":\"2023-03-09T14:09:52+00:00\",\"description\":\"Ladr\u00f5es invadem Casa Paroquial em Muria\u00e9 e fazem padre ref\u00e9m. O religioso teve ferimento em um dos bra\u00e7os e passa bem.\",\"breadcrumb\":{\"@id\":\"https:\\\/\\\/marcelolopes.jor.br\\\/site\\\/2021\\\/02\\\/01\\\/ladroes-invadem-casa-paroquial-em-muriae-e-fazem-padre-refem\\\/#breadcrumb\"},\"inLanguage\":\"pt-BR\",\"potentialAction\":[{\"@type\":\"ReadAction\",\"target\":[\"https:\\\/\\\/marcelolopes.jor.br\\\/site\\\/2021\\\/02\\\/01\\\/ladroes-invadem-casa-paroquial-em-muriae-e-fazem-padre-refem\\\/\"]}]},{\"@type\":\"ImageObject\",\"inLanguage\":\"pt-BR\",\"@id\":\"https:\\\/\\\/marcelolopes.jor.br\\\/site\\\/2021\\\/02\\\/01\\\/ladroes-invadem-casa-paroquial-em-muriae-e-fazem-padre-refem\\\/#primaryimage\",\"url\":\"https:\\\/\\\/marcelolopes.jor.br\\\/site\\\/wp-content\\\/uploads\\\/2021\\\/02\\\/89c6c841e97280389735a3dba7737520.09.jpg\",\"contentUrl\":\"https:\\\/\\\/marcelolopes.jor.br\\\/site\\\/wp-content\\\/uploads\\\/2021\\\/02\\\/89c6c841e97280389735a3dba7737520.09.jpg\",\"width\":700,\"height\":525,\"caption\":\"Ladr\u00f5es invadem Casa Paroquial\"},{\"@type\":\"BreadcrumbList\",\"@id\":\"https:\\\/\\\/marcelolopes.jor.br\\\/site\\\/2021\\\/02\\\/01\\\/ladroes-invadem-casa-paroquial-em-muriae-e-fazem-padre-refem\\\/#breadcrumb\",\"itemListElement\":[{\"@type\":\"ListItem\",\"position\":1,\"name\":\"Home\",\"item\":\"https:\\\/\\\/marcelolopes.jor.br\\\/site\\\/\"},{\"@type\":\"ListItem\",\"position\":2,\"name\":\"Ladr\u00f5es invadem Casa Paroquial em Muria\u00e9 e fazem Padre ref\u00e9m\"}]},{\"@type\":\"WebSite\",\"@id\":\"https:\\\/\\\/marcelolopes.jor.br\\\/site\\\/#website\",\"url\":\"https:\\\/\\\/marcelolopes.jor.br\\\/site\\\/\",\"name\":\"Marcelo Lopes\",\"description\":\"Not\u00edcias de Cataguases e Regi\u00e3o\",\"publisher\":{\"@id\":\"https:\\\/\\\/marcelolopes.jor.br\\\/site\\\/#organization\"},\"potentialAction\":[{\"@type\":\"SearchAction\",\"target\":{\"@type\":\"EntryPoint\",\"urlTemplate\":\"https:\\\/\\\/marcelolopes.jor.br\\\/site\\\/?s={search_term_string}\"},\"query-input\":{\"@type\":\"PropertyValueSpecification\",\"valueRequired\":true,\"valueName\":\"search_term_string\"}}],\"inLanguage\":\"pt-BR\"},{\"@type\":\"Organization\",\"@id\":\"https:\\\/\\\/marcelolopes.jor.br\\\/site\\\/#organization\",\"name\":\"Site do Marcelo Lopes\",\"url\":\"https:\\\/\\\/marcelolopes.jor.br\\\/site\\\/\",\"logo\":{\"@type\":\"ImageObject\",\"inLanguage\":\"pt-BR\",\"@id\":\"https:\\\/\\\/marcelolopes.jor.br\\\/site\\\/#\\\/schema\\\/logo\\\/image\\\/\",\"url\":\"https:\\\/\\\/marcelolopes.jor.br\\\/site\\\/wp-content\\\/uploads\\\/2024\\\/11\\\/logo-1.png\",\"contentUrl\":\"https:\\\/\\\/marcelolopes.jor.br\\\/site\\\/wp-content\\\/uploads\\\/2024\\\/11\\\/logo-1.png\",\"width\":475,\"height\":80,\"caption\":\"Site do Marcelo Lopes\"},\"image\":{\"@id\":\"https:\\\/\\\/marcelolopes.jor.br\\\/site\\\/#\\\/schema\\\/logo\\\/image\\\/\"},\"sameAs\":[\"https:\\\/\\\/www.facebook.com\\\/sitedomarcelolopes\",\"https:\\\/\\\/www.instagram.com\\\/sitedomarcelolopes\\\/\",\"https:\\\/\\\/www.linkedin.com\\\/company\\\/site-do-marcelo-lopes\\\/\",\"https:\\\/\\\/www.youtube.com\\\/user\\\/marcelolopes957\"]},{\"@type\":\"Person\",\"@id\":\"https:\\\/\\\/marcelolopes.jor.br\\\/site\\\/#\\\/schema\\\/person\\\/3e7216a35c34d8fdf952b31da3d1f89f\",\"name\":\"Marcelo Lopes\",\"sameAs\":[\"http:\\\/\\\/www.marcelolopes.jor.br\"],\"url\":\"https:\\\/\\\/marcelolopes.jor.br\\\/site\\\/author\\\/marcelo\\\/\"}]}<\/script>\n<!-- \/ Yoast SEO plugin. -->","yoast_head_json":{"title":"Ladr\u00f5es invadem Casa Paroquial em Muria\u00e9 e fazem padre ref\u00e9m","description":"Ladr\u00f5es invadem Casa Paroquial em Muria\u00e9 e fazem padre ref\u00e9m. O religioso teve ferimento em um dos bra\u00e7os e passa bem.","robots":{"index":"index","follow":"follow","max-snippet":"max-snippet:-1","max-image-preview":"max-image-preview:large","max-video-preview":"max-video-preview:-1"},"canonical":"https:\/\/marcelolopes.jor.br\/site\/2021\/02\/01\/ladroes-invadem-casa-paroquial-em-muriae-e-fazem-padre-refem\/","og_locale":"pt_BR","og_type":"article","og_title":"Ladr\u00f5es invadem Casa Paroquial em Muria\u00e9 e fazem padre ref\u00e9m","og_description":"Ladr\u00f5es invadem Casa Paroquial em Muria\u00e9 e fazem padre ref\u00e9m. O religioso teve ferimento em um dos bra\u00e7os e passa bem.","og_url":"https:\/\/marcelolopes.jor.br\/site\/2021\/02\/01\/ladroes-invadem-casa-paroquial-em-muriae-e-fazem-padre-refem\/","og_site_name":"Marcelo Lopes","article_publisher":"https:\/\/www.facebook.com\/sitedomarcelolopes","article_published_time":"2021-02-01T19:00:59+00:00","article_modified_time":"2023-03-09T14:09:52+00:00","og_image":[{"width":700,"height":525,"url":"https:\/\/marcelolopes.jor.br\/site\/wp-content\/uploads\/2021\/02\/89c6c841e97280389735a3dba7737520.09.jpg","type":"image\/jpeg"}],"author":"Marcelo Lopes","twitter_card":"summary_large_image","twitter_misc":{"Escrito por":"Marcelo Lopes","Est. tempo de leitura":"2 minutos"},"schema":{"@context":"https:\/\/schema.org","@graph":[{"@type":"NewsArticle","@id":"https:\/\/marcelolopes.jor.br\/site\/2021\/02\/01\/ladroes-invadem-casa-paroquial-em-muriae-e-fazem-padre-refem\/#article","isPartOf":{"@id":"https:\/\/marcelolopes.jor.br\/site\/2021\/02\/01\/ladroes-invadem-casa-paroquial-em-muriae-e-fazem-padre-refem\/"},"author":{"name":"Marcelo Lopes","@id":"https:\/\/marcelolopes.jor.br\/site\/#\/schema\/person\/3e7216a35c34d8fdf952b31da3d1f89f"},"headline":"Ladr\u00f5es invadem Casa Paroquial em Muria\u00e9 e fazem Padre ref\u00e9m","datePublished":"2021-02-01T19:00:59+00:00","dateModified":"2023-03-09T14:09:52+00:00","mainEntityOfPage":{"@id":"https:\/\/marcelolopes.jor.br\/site\/2021\/02\/01\/ladroes-invadem-casa-paroquial-em-muriae-e-fazem-padre-refem\/"},"wordCount":371,"commentCount":0,"publisher":{"@id":"https:\/\/marcelolopes.jor.br\/site\/#organization"},"image":{"@id":"https:\/\/marcelolopes.jor.br\/site\/2021\/02\/01\/ladroes-invadem-casa-paroquial-em-muriae-e-fazem-padre-refem\/#primaryimage"},"thumbnailUrl":"https:\/\/marcelolopes.jor.br\/site\/wp-content\/uploads\/2021\/02\/89c6c841e97280389735a3dba7737520.09.jpg","keywords":["Casa Paroquial","ladr\u00f5es","padres","ref\u00e9m"],"articleSection":["Not\u00edcias"],"inLanguage":"pt-BR","potentialAction":[{"@type":"CommentAction","name":"Comment","target":["https:\/\/marcelolopes.jor.br\/site\/2021\/02\/01\/ladroes-invadem-casa-paroquial-em-muriae-e-fazem-padre-refem\/#respond"]}]},{"@type":"WebPage","@id":"https:\/\/marcelolopes.jor.br\/site\/2021\/02\/01\/ladroes-invadem-casa-paroquial-em-muriae-e-fazem-padre-refem\/","url":"https:\/\/marcelolopes.jor.br\/site\/2021\/02\/01\/ladroes-invadem-casa-paroquial-em-muriae-e-fazem-padre-refem\/","name":"Ladr\u00f5es invadem Casa Paroquial em Muria\u00e9 e fazem padre ref\u00e9m","isPartOf":{"@id":"https:\/\/marcelolopes.jor.br\/site\/#website"},"primaryImageOfPage":{"@id":"https:\/\/marcelolopes.jor.br\/site\/2021\/02\/01\/ladroes-invadem-casa-paroquial-em-muriae-e-fazem-padre-refem\/#primaryimage"},"image":{"@id":"https:\/\/marcelolopes.jor.br\/site\/2021\/02\/01\/ladroes-invadem-casa-paroquial-em-muriae-e-fazem-padre-refem\/#primaryimage"},"thumbnailUrl":"https:\/\/marcelolopes.jor.br\/site\/wp-content\/uploads\/2021\/02\/89c6c841e97280389735a3dba7737520.09.jpg","datePublished":"2021-02-01T19:00:59+00:00","dateModified":"2023-03-09T14:09:52+00:00","description":"Ladr\u00f5es invadem Casa Paroquial em Muria\u00e9 e fazem padre ref\u00e9m. O religioso teve ferimento em um dos bra\u00e7os e passa bem.","breadcrumb":{"@id":"https:\/\/marcelolopes.jor.br\/site\/2021\/02\/01\/ladroes-invadem-casa-paroquial-em-muriae-e-fazem-padre-refem\/#breadcrumb"},"inLanguage":"pt-BR","potentialAction":[{"@type":"ReadAction","target":["https:\/\/marcelolopes.jor.br\/site\/2021\/02\/01\/ladroes-invadem-casa-paroquial-em-muriae-e-fazem-padre-refem\/"]}]},{"@type":"ImageObject","inLanguage":"pt-BR","@id":"https:\/\/marcelolopes.jor.br\/site\/2021\/02\/01\/ladroes-invadem-casa-paroquial-em-muriae-e-fazem-padre-refem\/#primaryimage","url":"https:\/\/marcelolopes.jor.br\/site\/wp-content\/uploads\/2021\/02\/89c6c841e97280389735a3dba7737520.09.jpg","contentUrl":"https:\/\/marcelolopes.jor.br\/site\/wp-content\/uploads\/2021\/02\/89c6c841e97280389735a3dba7737520.09.jpg","width":700,"height":525,"caption":"Ladr\u00f5es invadem Casa Paroquial"},{"@type":"BreadcrumbList","@id":"https:\/\/marcelolopes.jor.br\/site\/2021\/02\/01\/ladroes-invadem-casa-paroquial-em-muriae-e-fazem-padre-refem\/#breadcrumb","itemListElement":[{"@type":"ListItem","position":1,"name":"Home","item":"https:\/\/marcelolopes.jor.br\/site\/"},{"@type":"ListItem","position":2,"name":"Ladr\u00f5es invadem Casa Paroquial em Muria\u00e9 e fazem Padre ref\u00e9m"}]},{"@type":"WebSite","@id":"https:\/\/marcelolopes.jor.br\/site\/#website","url":"https:\/\/marcelolopes.jor.br\/site\/","name":"Marcelo Lopes","description":"Not\u00edcias de Cataguases e Regi\u00e3o","publisher":{"@id":"https:\/\/marcelolopes.jor.br\/site\/#organization"},"potentialAction":[{"@type":"SearchAction","target":{"@type":"EntryPoint","urlTemplate":"https:\/\/marcelolopes.jor.br\/site\/?s={search_term_string}"},"query-input":{"@type":"PropertyValueSpecification","valueRequired":true,"valueName":"search_term_string"}}],"inLanguage":"pt-BR"},{"@type":"Organization","@id":"https:\/\/marcelolopes.jor.br\/site\/#organization","name":"Site do Marcelo Lopes","url":"https:\/\/marcelolopes.jor.br\/site\/","logo":{"@type":"ImageObject","inLanguage":"pt-BR","@id":"https:\/\/marcelolopes.jor.br\/site\/#\/schema\/logo\/image\/","url":"https:\/\/marcelolopes.jor.br\/site\/wp-content\/uploads\/2024\/11\/logo-1.png","contentUrl":"https:\/\/marcelolopes.jor.br\/site\/wp-content\/uploads\/2024\/11\/logo-1.png","width":475,"height":80,"caption":"Site do Marcelo Lopes"},"image":{"@id":"https:\/\/marcelolopes.jor.br\/site\/#\/schema\/logo\/image\/"},"sameAs":["https:\/\/www.facebook.com\/sitedomarcelolopes","https:\/\/www.instagram.com\/sitedomarcelolopes\/","https:\/\/www.linkedin.com\/company\/site-do-marcelo-lopes\/","https:\/\/www.youtube.com\/user\/marcelolopes957"]},{"@type":"Person","@id":"https:\/\/marcelolopes.jor.br\/site\/#\/schema\/person\/3e7216a35c34d8fdf952b31da3d1f89f","name":"Marcelo Lopes","sameAs":["http:\/\/www.marcelolopes.jor.br"],"url":"https:\/\/marcelolopes.jor.br\/site\/author\/marcelo\/"}]}},"wps_subtitle":"O religioso teve ferimento em um dos bra\u00e7os e passa bem.","_links":{"self":[{"href":"https:\/\/marcelolopes.jor.br\/site\/wp-json\/wp\/v2\/posts\/21188","targetHints":{"allow":["GET"]}}],"collection":[{"href":"https:\/\/marcelolopes.jor.br\/site\/wp-json\/wp\/v2\/posts"}],"about":[{"href":"https:\/\/marcelolopes.jor.br\/site\/wp-json\/wp\/v2\/types\/post"}],"author":[{"embeddable":true,"href":"https:\/\/marcelolopes.jor.br\/site\/wp-json\/wp\/v2\/users\/2"}],"replies":[{"embeddable":true,"href":"https:\/\/marcelolopes.jor.br\/site\/wp-json\/wp\/v2\/comments?post=21188"}],"version-history":[{"count":0,"href":"https:\/\/marcelolopes.jor.br\/site\/wp-json\/wp\/v2\/posts\/21188\/revisions"}],"wp:featuredmedia":[{"embeddable":true,"href":"https:\/\/marcelolopes.jor.br\/site\/wp-json\/wp\/v2\/media\/21194"}],"wp:attachment":[{"href":"https:\/\/marcelolopes.jor.br\/site\/wp-json\/wp\/v2\/media?parent=21188"}],"wp:term":[{"taxonomy":"category","embeddable":true,"href":"https:\/\/marcelolopes.jor.br\/site\/wp-json\/wp\/v2\/categories?post=21188"},{"taxonomy":"post_tag","embeddable":true,"href":"https:\/\/marcelolopes.jor.br\/site\/wp-json\/wp\/v2\/tags?post=21188"}],"curies":[{"name":"wp","href":"https:\/\/api.w.org\/{rel}","templated":true}]}}