{"id":21000,"date":"2021-01-25T07:00:54","date_gmt":"2021-01-25T10:00:54","guid":{"rendered":"https:\/\/marcelolopes.jor.br\/?p=21000"},"modified":"2021-01-24T20:45:34","modified_gmt":"2021-01-24T23:45:34","slug":"clinica-meu-medico-amplia-sua-atuacao-com-novas-especialidades","status":"publish","type":"post","link":"https:\/\/marcelolopes.jor.br\/site\/2021\/01\/25\/clinica-meu-medico-amplia-sua-atuacao-com-novas-especialidades\/","title":{"rendered":"Cl\u00ednica Meu M\u00e9dico amplia sua atua\u00e7\u00e3o com novas especialidades"},"content":{"rendered":"<p style=\"text-align: justify;\">Inaugurada no dia 11 de maio de 2019, a Cl\u00ednica Meu M\u00e9dico, n\u00e3o para de crescer. Gra\u00e7as a um atendimento de qualidade e com hora marcada, aliado a profissionais reconhecidos em suas \u00e1reas de atua\u00e7\u00e3o, a Meu M\u00e9dico acaba de inserir em seu quadro de profissionais tr\u00eas novas especialidades: Otorrinolaringologia, Dermatologia e Fonoaudiologia, al\u00e9m de um m\u00e9dico Cl\u00ednico Geral que vai atender todos os dias da semana.<!--more--><\/p>\n<p style=\"text-align: justify;\"><a href=\"https:\/\/instagram.com\/agenciaramdigital?igshid=148gc1hfd2zwg\"><img loading=\"lazy\" decoding=\"async\" class=\"aligncenter wp-image-20497 size-full\" src=\"https:\/\/marcelolopes.jor.br\/site\/wp-content\/uploads\/2021\/01\/WhatsApp-Image-2021-01-04-at-20.40.15.jpeg\" alt=\"\" width=\"800\" height=\"214\" srcset=\"https:\/\/marcelolopes.jor.br\/site\/wp-content\/uploads\/2021\/01\/WhatsApp-Image-2021-01-04-at-20.40.15.jpeg 800w, https:\/\/marcelolopes.jor.br\/site\/wp-content\/uploads\/2021\/01\/WhatsApp-Image-2021-01-04-at-20.40.15-300x80.jpeg 300w, https:\/\/marcelolopes.jor.br\/site\/wp-content\/uploads\/2021\/01\/WhatsApp-Image-2021-01-04-at-20.40.15-768x205.jpeg 768w\" sizes=\"auto, (max-width: 800px) 100vw, 800px\" \/><\/a>Localizada no Centro de Cataguases, a Cl\u00ednica Meu M\u00e9dio funciona no Espa\u00e7o Comercial Rio Branco, na Rua Nogueira Neves, 100 \u2013 Sala 17. L\u00e1 tamb\u00e9m j\u00e1 s\u00e3o oferecidos atendimento nas \u00e1reas de Cardiologia, Ginecologia, Ortopedia, Pediatria, Oftalmologia, Cirurgia Geral, Psiquiatria, Gastroenterologia, Endocrinologia, Cirurgia Vascular, Psic\u00f3loga e Nutricionista. Todas as consultas s\u00e3o agendadas previamente, basta ligar para (32) 3421-5477 ou 99818-5477 (WhatsApp).<\/p>\n<p style=\"text-align: justify;\">Visando suprir uma procura crescente por atendimento nessas especialidades, a Cl\u00ednica Meu M\u00e9dico mant\u00e9m sua miss\u00e3o de oferecer um atendimento de qualidade a um pre\u00e7o acess\u00edvel para a popula\u00e7\u00e3o que n\u00e3o possui plano de sa\u00fade. E o grande diferencial \u00e9 que n\u00e3o \u00e9 necess\u00e1rio pagar nenhuma mensalidade, conforme revelam os m\u00e9dicos Dr. Roberto Marinho J\u00fanior (Diretor t\u00e9cnico m\u00e9dico &#8211; CRM 30694) e Dr. In\u00e1cio Ribeiro Martins (Cirurgi\u00e3o Vascular), seus idealizadores.<\/p>\n<p style=\"text-align: justify;\">Agora, com a nova especialidade Dermatologia, al\u00e9m da consulta m\u00e9dica, a m\u00e9dica especialista tamb\u00e9m realiza diversos tratamentos est\u00e9ticos como Botox, Peeling, preenchimento facial, terapia capilar e outros. J\u00e1 a Cl\u00ednica Meu M\u00e9dico, tamb\u00e9m disponibiliza a seus usu\u00e1rios a realiza\u00e7\u00e3o de diversos exames como Eletrocardiograma, Ecocardiograma, Exames laboratoriais, Radiografia, Preventivo Ginecol\u00f3gico. Em breve vai inaugurar o servi\u00e7o de ultrassonografia.<\/p>\n<p style=\"text-align: justify;\">Abaixo as novas m\u00e9dicas e fonoaudi\u00f3loga que come\u00e7am a atender na Cl\u00ednica Meu M\u00e9dico:<\/p>\n<p style=\"text-align: center;\"><strong><img loading=\"lazy\" decoding=\"async\" class=\"aligncenter wp-image-21002\" src=\"https:\/\/marcelolopes.jor.br\/site\/wp-content\/uploads\/2021\/01\/Marcela-Machado-Parma.jpeg\" alt=\"\" width=\"230\" height=\"255\" srcset=\"https:\/\/marcelolopes.jor.br\/site\/wp-content\/uploads\/2021\/01\/Marcela-Machado-Parma.jpeg 1153w, https:\/\/marcelolopes.jor.br\/site\/wp-content\/uploads\/2021\/01\/Marcela-Machado-Parma-270x300.jpeg 270w, https:\/\/marcelolopes.jor.br\/site\/wp-content\/uploads\/2021\/01\/Marcela-Machado-Parma-768x853.jpeg 768w, https:\/\/marcelolopes.jor.br\/site\/wp-content\/uploads\/2021\/01\/Marcela-Machado-Parma-922x1024.jpeg 922w, https:\/\/marcelolopes.jor.br\/site\/wp-content\/uploads\/2021\/01\/Marcela-Machado-Parma-1081x1200.jpeg 1081w\" sizes=\"auto, (max-width: 230px) 100vw, 230px\" \/>Dra. Marcela Machado Parma<br \/>\n<em>Otorrinolaringologista<\/em> <\/strong><br \/>\nCRM:78799<br \/>\nRQE: 44941<\/p>\n<p style=\"text-align: center;\"><strong><img loading=\"lazy\" decoding=\"async\" class=\"aligncenter wp-image-21003\" src=\"https:\/\/marcelolopes.jor.br\/site\/wp-content\/uploads\/2021\/01\/Juliana-Amarante.jpeg\" alt=\"\" width=\"200\" height=\"300\" srcset=\"https:\/\/marcelolopes.jor.br\/site\/wp-content\/uploads\/2021\/01\/Juliana-Amarante.jpeg 852w, https:\/\/marcelolopes.jor.br\/site\/wp-content\/uploads\/2021\/01\/Juliana-Amarante-200x300.jpeg 200w, https:\/\/marcelolopes.jor.br\/site\/wp-content\/uploads\/2021\/01\/Juliana-Amarante-768x1154.jpeg 768w, https:\/\/marcelolopes.jor.br\/site\/wp-content\/uploads\/2021\/01\/Juliana-Amarante-682x1024.jpeg 682w, https:\/\/marcelolopes.jor.br\/site\/wp-content\/uploads\/2021\/01\/Juliana-Amarante-799x1200.jpeg 799w\" sizes=\"auto, (max-width: 200px) 100vw, 200px\" \/>Dra. Juliana Amarante<\/strong><br \/>\n<em><strong>Dermatologista<\/strong><\/em><br \/>\nCRM 52861<\/p>\n<p style=\"text-align: center;\"><strong><img loading=\"lazy\" decoding=\"async\" class=\"aligncenter wp-image-21004\" src=\"https:\/\/marcelolopes.jor.br\/site\/wp-content\/uploads\/2021\/01\/Beatriz-Damasceno.jpeg\" alt=\"\" width=\"200\" height=\"231\" srcset=\"https:\/\/marcelolopes.jor.br\/site\/wp-content\/uploads\/2021\/01\/Beatriz-Damasceno.jpeg 750w, https:\/\/marcelolopes.jor.br\/site\/wp-content\/uploads\/2021\/01\/Beatriz-Damasceno-260x300.jpeg 260w\" sizes=\"auto, (max-width: 200px) 100vw, 200px\" \/>Beatriz Damasceno Avaria<\/strong><br \/>\n<em><strong>Fonoaudi\u00f3loga<\/strong><\/em><br \/>\nCRFa: 11013-3<\/p>\n<p style=\"text-align: center;\"><strong><img loading=\"lazy\" decoding=\"async\" class=\"aligncenter wp-image-21005\" src=\"https:\/\/marcelolopes.jor.br\/site\/wp-content\/uploads\/2021\/01\/Karolina-Crepaldi.jpeg\" alt=\"\" width=\"200\" height=\"239\" srcset=\"https:\/\/marcelolopes.jor.br\/site\/wp-content\/uploads\/2021\/01\/Karolina-Crepaldi.jpeg 387w, https:\/\/marcelolopes.jor.br\/site\/wp-content\/uploads\/2021\/01\/Karolina-Crepaldi-251x300.jpeg 251w\" sizes=\"auto, (max-width: 200px) 100vw, 200px\" \/>Dra. Karolina Crepaldi Alves Duarte Pereira<\/strong><br \/>\n<em><strong>Cl\u00ednica Geral<\/strong> <\/em><br \/>\nCRM:70441<\/p>\n<div class=\"pktbo69f73941d8dfb\" ><br><\/div><style type=\"text\/css\">\r\n@media screen and (min-width: 1201px) {\r\n.pktbo69f73941d8dfb {\r\ndisplay: block;\r\n}\r\n}\r\n@media screen and (min-width: 993px) and (max-width: 1200px) {\r\n.pktbo69f73941d8dfb {\r\ndisplay: block;\r\n}\r\n}\r\n@media screen and (min-width: 769px) and (max-width: 992px) {\r\n.pktbo69f73941d8dfb {\r\ndisplay: block;\r\n}\r\n}\r\n@media screen and (min-width: 768px) and (max-width: 768px) {\r\n.pktbo69f73941d8dfb {\r\ndisplay: block;\r\n}\r\n}\r\n@media screen and (max-width: 767px) {\r\n.pktbo69f73941d8dfb {\r\ndisplay: block;\r\n}\r\n}\r\n<\/style>\r\n<div class=\"rgljs69f73941de48f\" ><div id=\"div_destino\"><\/div>\r\n<script src=\"https:\/\/cdn.snsrsv.com\/sdk.js\"><\/script>\r\n<script >\r\n      new sdk(\"464030C30061EA8BE065000000000001\") \r\n          .appendTo(\"div_destino\")\r\n          .disableStyle(true) \r\n          .setCacheBusterMacro(\"%%CACHEBUSTER%%\")\r\n          .setSize(\"800\",\"214\")\r\n          .setClickMacro(\"%%CLICK_URL_ESC%%\") \r\n          .setReferrerUrlMacro(\"%%REFERRER_URL_ESC%%\") \r\n          .start(); \r\n<\/script><\/div><style type=\"text\/css\">\r\n@media screen and (min-width: 1201px) {\r\n.rgljs69f73941de48f {\r\ndisplay: block;\r\n}\r\n}\r\n@media screen and (min-width: 993px) and (max-width: 1200px) {\r\n.rgljs69f73941de48f {\r\ndisplay: block;\r\n}\r\n}\r\n@media screen and (min-width: 769px) and (max-width: 992px) {\r\n.rgljs69f73941de48f {\r\ndisplay: block;\r\n}\r\n}\r\n@media screen and (min-width: 768px) and (max-width: 768px) {\r\n.rgljs69f73941de48f {\r\ndisplay: block;\r\n}\r\n}\r\n@media screen and (max-width: 767px) {\r\n.rgljs69f73941de48f {\r\ndisplay: block;\r\n}\r\n}\r\n<\/style>\r\n","protected":false},"excerpt":{"rendered":"<p>Inaugurada no dia 11 de maio de 2019, a Cl\u00ednica Meu M\u00e9dico, n\u00e3o para de crescer. Gra\u00e7as a um atendimento de qualidade e com hora marcada, aliado a profissionais reconhecidos em suas \u00e1reas de atua\u00e7\u00e3o, a Meu M\u00e9dico acaba de<\/p>\n<p class=\"link-more\"><a class=\"more-link\" href=\"https:\/\/marcelolopes.jor.br\/site\/2021\/01\/25\/clinica-meu-medico-amplia-sua-atuacao-com-novas-especialidades\/\">Leia mais <span class=\"screen-reader-text\">Cl\u00ednica Meu M\u00e9dico amplia sua atua\u00e7\u00e3o com novas especialidades<\/span><\/a><\/p>\n","protected":false},"author":2,"featured_media":21006,"comment_status":"open","ping_status":"open","sticky":false,"template":"","format":"standard","meta":{"footnotes":""},"categories":[1],"tags":[215,3559,3560,1134],"class_list":["post-21000","post","type-post","status-publish","format-standard","has-post-thumbnail","hentry","category-noticias","tag-clinica","tag-clinica-meu-medico","tag-clinica-popular","tag-especialidades","thumb-below-title"],"yoast_head":"<!-- This site is optimized with the Yoast SEO plugin v27.4 - https:\/\/yoast.com\/product\/yoast-seo-wordpress\/ -->\n<title>Cl\u00ednica Meu M\u00e9dico amplia sua atua\u00e7\u00e3o com novas especialidades | Marcelo Lopes<\/title>\n<meta name=\"robots\" content=\"index, follow, max-snippet:-1, max-image-preview:large, max-video-preview:-1\" \/>\n<link rel=\"canonical\" href=\"https:\/\/marcelolopes.jor.br\/site\/2021\/01\/25\/clinica-meu-medico-amplia-sua-atuacao-com-novas-especialidades\/\" \/>\n<meta property=\"og:locale\" content=\"pt_BR\" \/>\n<meta property=\"og:type\" content=\"article\" \/>\n<meta property=\"og:title\" content=\"Cl\u00ednica Meu M\u00e9dico amplia sua atua\u00e7\u00e3o com novas especialidades | Marcelo Lopes\" \/>\n<meta property=\"og:description\" content=\"Inaugurada no dia 11 de maio de 2019, a Cl\u00ednica Meu M\u00e9dico, n\u00e3o para de crescer. Gra\u00e7as a um atendimento de qualidade e com hora marcada, aliado a profissionais reconhecidos em suas \u00e1reas de atua\u00e7\u00e3o, a Meu M\u00e9dico acaba deLeia mais Cl\u00ednica Meu M\u00e9dico amplia sua atua\u00e7\u00e3o com novas especialidades\" \/>\n<meta property=\"og:url\" content=\"https:\/\/marcelolopes.jor.br\/site\/2021\/01\/25\/clinica-meu-medico-amplia-sua-atuacao-com-novas-especialidades\/\" \/>\n<meta property=\"og:site_name\" content=\"Marcelo Lopes\" \/>\n<meta property=\"article:publisher\" content=\"https:\/\/www.facebook.com\/sitedomarcelolopes\" \/>\n<meta property=\"article:published_time\" content=\"2021-01-25T10:00:54+00:00\" \/>\n<meta property=\"og:image\" content=\"https:\/\/marcelolopes.jor.br\/site\/wp-content\/uploads\/2021\/01\/WhatsApp-Image-2021-01-24-at-19.16.38.jpeg\" \/>\n\t<meta property=\"og:image:width\" content=\"1024\" \/>\n\t<meta property=\"og:image:height\" content=\"768\" \/>\n\t<meta property=\"og:image:type\" content=\"image\/jpeg\" \/>\n<meta name=\"author\" content=\"Marcelo Lopes\" \/>\n<meta name=\"twitter:card\" content=\"summary_large_image\" \/>\n<meta name=\"twitter:label1\" content=\"Escrito por\" \/>\n\t<meta name=\"twitter:data1\" content=\"Marcelo Lopes\" \/>\n\t<meta name=\"twitter:label2\" content=\"Est. tempo de leitura\" \/>\n\t<meta name=\"twitter:data2\" content=\"2 minutos\" \/>\n<script type=\"application\/ld+json\" class=\"yoast-schema-graph\">{\"@context\":\"https:\\\/\\\/schema.org\",\"@graph\":[{\"@type\":\"NewsArticle\",\"@id\":\"https:\\\/\\\/marcelolopes.jor.br\\\/site\\\/2021\\\/01\\\/25\\\/clinica-meu-medico-amplia-sua-atuacao-com-novas-especialidades\\\/#article\",\"isPartOf\":{\"@id\":\"https:\\\/\\\/marcelolopes.jor.br\\\/site\\\/2021\\\/01\\\/25\\\/clinica-meu-medico-amplia-sua-atuacao-com-novas-especialidades\\\/\"},\"author\":{\"name\":\"Marcelo Lopes\",\"@id\":\"https:\\\/\\\/marcelolopes.jor.br\\\/site\\\/#\\\/schema\\\/person\\\/3e7216a35c34d8fdf952b31da3d1f89f\"},\"headline\":\"Cl\u00ednica Meu M\u00e9dico amplia sua atua\u00e7\u00e3o com novas especialidades\",\"datePublished\":\"2021-01-25T10:00:54+00:00\",\"mainEntityOfPage\":{\"@id\":\"https:\\\/\\\/marcelolopes.jor.br\\\/site\\\/2021\\\/01\\\/25\\\/clinica-meu-medico-amplia-sua-atuacao-com-novas-especialidades\\\/\"},\"wordCount\":353,\"commentCount\":0,\"publisher\":{\"@id\":\"https:\\\/\\\/marcelolopes.jor.br\\\/site\\\/#organization\"},\"image\":{\"@id\":\"https:\\\/\\\/marcelolopes.jor.br\\\/site\\\/2021\\\/01\\\/25\\\/clinica-meu-medico-amplia-sua-atuacao-com-novas-especialidades\\\/#primaryimage\"},\"thumbnailUrl\":\"https:\\\/\\\/marcelolopes.jor.br\\\/site\\\/wp-content\\\/uploads\\\/2021\\\/01\\\/WhatsApp-Image-2021-01-24-at-19.16.38.jpeg\",\"keywords\":[\"cl\u00ednica\",\"cl\u00ednica Meu M\u00e9dico\",\"cl\u00ednica popular\",\"especialidades\"],\"articleSection\":[\"Not\u00edcias\"],\"inLanguage\":\"pt-BR\",\"potentialAction\":[{\"@type\":\"CommentAction\",\"name\":\"Comment\",\"target\":[\"https:\\\/\\\/marcelolopes.jor.br\\\/site\\\/2021\\\/01\\\/25\\\/clinica-meu-medico-amplia-sua-atuacao-com-novas-especialidades\\\/#respond\"]}]},{\"@type\":\"WebPage\",\"@id\":\"https:\\\/\\\/marcelolopes.jor.br\\\/site\\\/2021\\\/01\\\/25\\\/clinica-meu-medico-amplia-sua-atuacao-com-novas-especialidades\\\/\",\"url\":\"https:\\\/\\\/marcelolopes.jor.br\\\/site\\\/2021\\\/01\\\/25\\\/clinica-meu-medico-amplia-sua-atuacao-com-novas-especialidades\\\/\",\"name\":\"Cl\u00ednica Meu M\u00e9dico amplia sua atua\u00e7\u00e3o com novas especialidades | Marcelo Lopes\",\"isPartOf\":{\"@id\":\"https:\\\/\\\/marcelolopes.jor.br\\\/site\\\/#website\"},\"primaryImageOfPage\":{\"@id\":\"https:\\\/\\\/marcelolopes.jor.br\\\/site\\\/2021\\\/01\\\/25\\\/clinica-meu-medico-amplia-sua-atuacao-com-novas-especialidades\\\/#primaryimage\"},\"image\":{\"@id\":\"https:\\\/\\\/marcelolopes.jor.br\\\/site\\\/2021\\\/01\\\/25\\\/clinica-meu-medico-amplia-sua-atuacao-com-novas-especialidades\\\/#primaryimage\"},\"thumbnailUrl\":\"https:\\\/\\\/marcelolopes.jor.br\\\/site\\\/wp-content\\\/uploads\\\/2021\\\/01\\\/WhatsApp-Image-2021-01-24-at-19.16.38.jpeg\",\"datePublished\":\"2021-01-25T10:00:54+00:00\",\"breadcrumb\":{\"@id\":\"https:\\\/\\\/marcelolopes.jor.br\\\/site\\\/2021\\\/01\\\/25\\\/clinica-meu-medico-amplia-sua-atuacao-com-novas-especialidades\\\/#breadcrumb\"},\"inLanguage\":\"pt-BR\",\"potentialAction\":[{\"@type\":\"ReadAction\",\"target\":[\"https:\\\/\\\/marcelolopes.jor.br\\\/site\\\/2021\\\/01\\\/25\\\/clinica-meu-medico-amplia-sua-atuacao-com-novas-especialidades\\\/\"]}]},{\"@type\":\"ImageObject\",\"inLanguage\":\"pt-BR\",\"@id\":\"https:\\\/\\\/marcelolopes.jor.br\\\/site\\\/2021\\\/01\\\/25\\\/clinica-meu-medico-amplia-sua-atuacao-com-novas-especialidades\\\/#primaryimage\",\"url\":\"https:\\\/\\\/marcelolopes.jor.br\\\/site\\\/wp-content\\\/uploads\\\/2021\\\/01\\\/WhatsApp-Image-2021-01-24-at-19.16.38.jpeg\",\"contentUrl\":\"https:\\\/\\\/marcelolopes.jor.br\\\/site\\\/wp-content\\\/uploads\\\/2021\\\/01\\\/WhatsApp-Image-2021-01-24-at-19.16.38.jpeg\",\"width\":1024,\"height\":768},{\"@type\":\"BreadcrumbList\",\"@id\":\"https:\\\/\\\/marcelolopes.jor.br\\\/site\\\/2021\\\/01\\\/25\\\/clinica-meu-medico-amplia-sua-atuacao-com-novas-especialidades\\\/#breadcrumb\",\"itemListElement\":[{\"@type\":\"ListItem\",\"position\":1,\"name\":\"Home\",\"item\":\"https:\\\/\\\/marcelolopes.jor.br\\\/site\\\/\"},{\"@type\":\"ListItem\",\"position\":2,\"name\":\"Cl\u00ednica Meu M\u00e9dico amplia sua atua\u00e7\u00e3o com novas especialidades\"}]},{\"@type\":\"WebSite\",\"@id\":\"https:\\\/\\\/marcelolopes.jor.br\\\/site\\\/#website\",\"url\":\"https:\\\/\\\/marcelolopes.jor.br\\\/site\\\/\",\"name\":\"Marcelo Lopes\",\"description\":\"Not\u00edcias de Cataguases e Regi\u00e3o\",\"publisher\":{\"@id\":\"https:\\\/\\\/marcelolopes.jor.br\\\/site\\\/#organization\"},\"potentialAction\":[{\"@type\":\"SearchAction\",\"target\":{\"@type\":\"EntryPoint\",\"urlTemplate\":\"https:\\\/\\\/marcelolopes.jor.br\\\/site\\\/?s={search_term_string}\"},\"query-input\":{\"@type\":\"PropertyValueSpecification\",\"valueRequired\":true,\"valueName\":\"search_term_string\"}}],\"inLanguage\":\"pt-BR\"},{\"@type\":\"Organization\",\"@id\":\"https:\\\/\\\/marcelolopes.jor.br\\\/site\\\/#organization\",\"name\":\"Site do Marcelo Lopes\",\"url\":\"https:\\\/\\\/marcelolopes.jor.br\\\/site\\\/\",\"logo\":{\"@type\":\"ImageObject\",\"inLanguage\":\"pt-BR\",\"@id\":\"https:\\\/\\\/marcelolopes.jor.br\\\/site\\\/#\\\/schema\\\/logo\\\/image\\\/\",\"url\":\"https:\\\/\\\/marcelolopes.jor.br\\\/site\\\/wp-content\\\/uploads\\\/2024\\\/11\\\/logo-1.png\",\"contentUrl\":\"https:\\\/\\\/marcelolopes.jor.br\\\/site\\\/wp-content\\\/uploads\\\/2024\\\/11\\\/logo-1.png\",\"width\":475,\"height\":80,\"caption\":\"Site do Marcelo Lopes\"},\"image\":{\"@id\":\"https:\\\/\\\/marcelolopes.jor.br\\\/site\\\/#\\\/schema\\\/logo\\\/image\\\/\"},\"sameAs\":[\"https:\\\/\\\/www.facebook.com\\\/sitedomarcelolopes\",\"https:\\\/\\\/www.instagram.com\\\/sitedomarcelolopes\\\/\",\"https:\\\/\\\/www.linkedin.com\\\/company\\\/site-do-marcelo-lopes\\\/\",\"https:\\\/\\\/www.youtube.com\\\/user\\\/marcelolopes957\"]},{\"@type\":\"Person\",\"@id\":\"https:\\\/\\\/marcelolopes.jor.br\\\/site\\\/#\\\/schema\\\/person\\\/3e7216a35c34d8fdf952b31da3d1f89f\",\"name\":\"Marcelo Lopes\",\"sameAs\":[\"http:\\\/\\\/www.marcelolopes.jor.br\"],\"url\":\"https:\\\/\\\/marcelolopes.jor.br\\\/site\\\/author\\\/marcelo\\\/\"}]}<\/script>\n<!-- \/ Yoast SEO plugin. -->","yoast_head_json":{"title":"Cl\u00ednica Meu M\u00e9dico amplia sua atua\u00e7\u00e3o com novas especialidades | Marcelo Lopes","robots":{"index":"index","follow":"follow","max-snippet":"max-snippet:-1","max-image-preview":"max-image-preview:large","max-video-preview":"max-video-preview:-1"},"canonical":"https:\/\/marcelolopes.jor.br\/site\/2021\/01\/25\/clinica-meu-medico-amplia-sua-atuacao-com-novas-especialidades\/","og_locale":"pt_BR","og_type":"article","og_title":"Cl\u00ednica Meu M\u00e9dico amplia sua atua\u00e7\u00e3o com novas especialidades | Marcelo Lopes","og_description":"Inaugurada no dia 11 de maio de 2019, a Cl\u00ednica Meu M\u00e9dico, n\u00e3o para de crescer. Gra\u00e7as a um atendimento de qualidade e com hora marcada, aliado a profissionais reconhecidos em suas \u00e1reas de atua\u00e7\u00e3o, a Meu M\u00e9dico acaba deLeia mais Cl\u00ednica Meu M\u00e9dico amplia sua atua\u00e7\u00e3o com novas especialidades","og_url":"https:\/\/marcelolopes.jor.br\/site\/2021\/01\/25\/clinica-meu-medico-amplia-sua-atuacao-com-novas-especialidades\/","og_site_name":"Marcelo Lopes","article_publisher":"https:\/\/www.facebook.com\/sitedomarcelolopes","article_published_time":"2021-01-25T10:00:54+00:00","og_image":[{"width":1024,"height":768,"url":"https:\/\/marcelolopes.jor.br\/site\/wp-content\/uploads\/2021\/01\/WhatsApp-Image-2021-01-24-at-19.16.38.jpeg","type":"image\/jpeg"}],"author":"Marcelo Lopes","twitter_card":"summary_large_image","twitter_misc":{"Escrito por":"Marcelo Lopes","Est. tempo de leitura":"2 minutos"},"schema":{"@context":"https:\/\/schema.org","@graph":[{"@type":"NewsArticle","@id":"https:\/\/marcelolopes.jor.br\/site\/2021\/01\/25\/clinica-meu-medico-amplia-sua-atuacao-com-novas-especialidades\/#article","isPartOf":{"@id":"https:\/\/marcelolopes.jor.br\/site\/2021\/01\/25\/clinica-meu-medico-amplia-sua-atuacao-com-novas-especialidades\/"},"author":{"name":"Marcelo Lopes","@id":"https:\/\/marcelolopes.jor.br\/site\/#\/schema\/person\/3e7216a35c34d8fdf952b31da3d1f89f"},"headline":"Cl\u00ednica Meu M\u00e9dico amplia sua atua\u00e7\u00e3o com novas especialidades","datePublished":"2021-01-25T10:00:54+00:00","mainEntityOfPage":{"@id":"https:\/\/marcelolopes.jor.br\/site\/2021\/01\/25\/clinica-meu-medico-amplia-sua-atuacao-com-novas-especialidades\/"},"wordCount":353,"commentCount":0,"publisher":{"@id":"https:\/\/marcelolopes.jor.br\/site\/#organization"},"image":{"@id":"https:\/\/marcelolopes.jor.br\/site\/2021\/01\/25\/clinica-meu-medico-amplia-sua-atuacao-com-novas-especialidades\/#primaryimage"},"thumbnailUrl":"https:\/\/marcelolopes.jor.br\/site\/wp-content\/uploads\/2021\/01\/WhatsApp-Image-2021-01-24-at-19.16.38.jpeg","keywords":["cl\u00ednica","cl\u00ednica Meu M\u00e9dico","cl\u00ednica popular","especialidades"],"articleSection":["Not\u00edcias"],"inLanguage":"pt-BR","potentialAction":[{"@type":"CommentAction","name":"Comment","target":["https:\/\/marcelolopes.jor.br\/site\/2021\/01\/25\/clinica-meu-medico-amplia-sua-atuacao-com-novas-especialidades\/#respond"]}]},{"@type":"WebPage","@id":"https:\/\/marcelolopes.jor.br\/site\/2021\/01\/25\/clinica-meu-medico-amplia-sua-atuacao-com-novas-especialidades\/","url":"https:\/\/marcelolopes.jor.br\/site\/2021\/01\/25\/clinica-meu-medico-amplia-sua-atuacao-com-novas-especialidades\/","name":"Cl\u00ednica Meu M\u00e9dico amplia sua atua\u00e7\u00e3o com novas especialidades | Marcelo Lopes","isPartOf":{"@id":"https:\/\/marcelolopes.jor.br\/site\/#website"},"primaryImageOfPage":{"@id":"https:\/\/marcelolopes.jor.br\/site\/2021\/01\/25\/clinica-meu-medico-amplia-sua-atuacao-com-novas-especialidades\/#primaryimage"},"image":{"@id":"https:\/\/marcelolopes.jor.br\/site\/2021\/01\/25\/clinica-meu-medico-amplia-sua-atuacao-com-novas-especialidades\/#primaryimage"},"thumbnailUrl":"https:\/\/marcelolopes.jor.br\/site\/wp-content\/uploads\/2021\/01\/WhatsApp-Image-2021-01-24-at-19.16.38.jpeg","datePublished":"2021-01-25T10:00:54+00:00","breadcrumb":{"@id":"https:\/\/marcelolopes.jor.br\/site\/2021\/01\/25\/clinica-meu-medico-amplia-sua-atuacao-com-novas-especialidades\/#breadcrumb"},"inLanguage":"pt-BR","potentialAction":[{"@type":"ReadAction","target":["https:\/\/marcelolopes.jor.br\/site\/2021\/01\/25\/clinica-meu-medico-amplia-sua-atuacao-com-novas-especialidades\/"]}]},{"@type":"ImageObject","inLanguage":"pt-BR","@id":"https:\/\/marcelolopes.jor.br\/site\/2021\/01\/25\/clinica-meu-medico-amplia-sua-atuacao-com-novas-especialidades\/#primaryimage","url":"https:\/\/marcelolopes.jor.br\/site\/wp-content\/uploads\/2021\/01\/WhatsApp-Image-2021-01-24-at-19.16.38.jpeg","contentUrl":"https:\/\/marcelolopes.jor.br\/site\/wp-content\/uploads\/2021\/01\/WhatsApp-Image-2021-01-24-at-19.16.38.jpeg","width":1024,"height":768},{"@type":"BreadcrumbList","@id":"https:\/\/marcelolopes.jor.br\/site\/2021\/01\/25\/clinica-meu-medico-amplia-sua-atuacao-com-novas-especialidades\/#breadcrumb","itemListElement":[{"@type":"ListItem","position":1,"name":"Home","item":"https:\/\/marcelolopes.jor.br\/site\/"},{"@type":"ListItem","position":2,"name":"Cl\u00ednica Meu M\u00e9dico amplia sua atua\u00e7\u00e3o com novas especialidades"}]},{"@type":"WebSite","@id":"https:\/\/marcelolopes.jor.br\/site\/#website","url":"https:\/\/marcelolopes.jor.br\/site\/","name":"Marcelo Lopes","description":"Not\u00edcias de Cataguases e Regi\u00e3o","publisher":{"@id":"https:\/\/marcelolopes.jor.br\/site\/#organization"},"potentialAction":[{"@type":"SearchAction","target":{"@type":"EntryPoint","urlTemplate":"https:\/\/marcelolopes.jor.br\/site\/?s={search_term_string}"},"query-input":{"@type":"PropertyValueSpecification","valueRequired":true,"valueName":"search_term_string"}}],"inLanguage":"pt-BR"},{"@type":"Organization","@id":"https:\/\/marcelolopes.jor.br\/site\/#organization","name":"Site do Marcelo Lopes","url":"https:\/\/marcelolopes.jor.br\/site\/","logo":{"@type":"ImageObject","inLanguage":"pt-BR","@id":"https:\/\/marcelolopes.jor.br\/site\/#\/schema\/logo\/image\/","url":"https:\/\/marcelolopes.jor.br\/site\/wp-content\/uploads\/2024\/11\/logo-1.png","contentUrl":"https:\/\/marcelolopes.jor.br\/site\/wp-content\/uploads\/2024\/11\/logo-1.png","width":475,"height":80,"caption":"Site do Marcelo Lopes"},"image":{"@id":"https:\/\/marcelolopes.jor.br\/site\/#\/schema\/logo\/image\/"},"sameAs":["https:\/\/www.facebook.com\/sitedomarcelolopes","https:\/\/www.instagram.com\/sitedomarcelolopes\/","https:\/\/www.linkedin.com\/company\/site-do-marcelo-lopes\/","https:\/\/www.youtube.com\/user\/marcelolopes957"]},{"@type":"Person","@id":"https:\/\/marcelolopes.jor.br\/site\/#\/schema\/person\/3e7216a35c34d8fdf952b31da3d1f89f","name":"Marcelo Lopes","sameAs":["http:\/\/www.marcelolopes.jor.br"],"url":"https:\/\/marcelolopes.jor.br\/site\/author\/marcelo\/"}]}},"wps_subtitle":"S\u00e3o elas: Otorrinolaringologia, Dermatologia, Fonoaudiologia e Cl\u00ednico Geral.","_links":{"self":[{"href":"https:\/\/marcelolopes.jor.br\/site\/wp-json\/wp\/v2\/posts\/21000","targetHints":{"allow":["GET"]}}],"collection":[{"href":"https:\/\/marcelolopes.jor.br\/site\/wp-json\/wp\/v2\/posts"}],"about":[{"href":"https:\/\/marcelolopes.jor.br\/site\/wp-json\/wp\/v2\/types\/post"}],"author":[{"embeddable":true,"href":"https:\/\/marcelolopes.jor.br\/site\/wp-json\/wp\/v2\/users\/2"}],"replies":[{"embeddable":true,"href":"https:\/\/marcelolopes.jor.br\/site\/wp-json\/wp\/v2\/comments?post=21000"}],"version-history":[{"count":0,"href":"https:\/\/marcelolopes.jor.br\/site\/wp-json\/wp\/v2\/posts\/21000\/revisions"}],"wp:featuredmedia":[{"embeddable":true,"href":"https:\/\/marcelolopes.jor.br\/site\/wp-json\/wp\/v2\/media\/21006"}],"wp:attachment":[{"href":"https:\/\/marcelolopes.jor.br\/site\/wp-json\/wp\/v2\/media?parent=21000"}],"wp:term":[{"taxonomy":"category","embeddable":true,"href":"https:\/\/marcelolopes.jor.br\/site\/wp-json\/wp\/v2\/categories?post=21000"},{"taxonomy":"post_tag","embeddable":true,"href":"https:\/\/marcelolopes.jor.br\/site\/wp-json\/wp\/v2\/tags?post=21000"}],"curies":[{"name":"wp","href":"https:\/\/api.w.org\/{rel}","templated":true}]}}