{"id":20950,"date":"2021-01-23T10:08:13","date_gmt":"2021-01-23T13:08:13","guid":{"rendered":"https:\/\/marcelolopes.jor.br\/?p=20950"},"modified":"2021-01-23T10:08:36","modified_gmt":"2021-01-23T13:08:36","slug":"prefeito-anuncia-que-alem-paraiba-vai-entrar-em-lockdown-por-quinze-dias","status":"publish","type":"post","link":"https:\/\/marcelolopes.jor.br\/site\/2021\/01\/23\/prefeito-anuncia-que-alem-paraiba-vai-entrar-em-lockdown-por-quinze-dias\/","title":{"rendered":"Prefeito anuncia que Al\u00e9m Para\u00edba vai entrar em \u201clockdown\u201d por quinze dias"},"content":{"rendered":"<p style=\"text-align: justify;\">A Prefeitura de Al\u00e9m Para\u00edba divulgou uma nota oficial na sexta-feira, 22 de janeiro, anunciando que a partir do pr\u00f3ximo dia 25, segunda-feira, aquele munic\u00edpio estar\u00e1 em estado de &#8220;lockdown&#8221; pelos pr\u00f3ximos quinze dias. Entretanto, decreto neste sentido ainda n\u00e3o havia sido baixado pelo prefeito, Miguel Belmiro de Souza J\u00fanior, o Miguelzinho, at\u00e9 o fechamento desta mat\u00e9ria, conforme apurou a reportagem do site. O pr\u00f3prio texto reconhece a medida como \u201cradical\u201d, por\u00e9m, \u201cnecess\u00e1ria e inadi\u00e1vel.&#8221;<!--more--><\/p>\n<p style=\"text-align: justify;\"><a href=\"https:\/\/instagram.com\/agenciaramdigital?igshid=148gc1hfd2zwg\"><img loading=\"lazy\" decoding=\"async\" class=\"aligncenter wp-image-20497 size-full\" src=\"https:\/\/marcelolopes.jor.br\/site\/wp-content\/uploads\/2021\/01\/WhatsApp-Image-2021-01-04-at-20.40.15.jpeg\" alt=\"\" width=\"800\" height=\"214\" srcset=\"https:\/\/marcelolopes.jor.br\/site\/wp-content\/uploads\/2021\/01\/WhatsApp-Image-2021-01-04-at-20.40.15.jpeg 800w, https:\/\/marcelolopes.jor.br\/site\/wp-content\/uploads\/2021\/01\/WhatsApp-Image-2021-01-04-at-20.40.15-300x80.jpeg 300w, https:\/\/marcelolopes.jor.br\/site\/wp-content\/uploads\/2021\/01\/WhatsApp-Image-2021-01-04-at-20.40.15-768x205.jpeg 768w\" sizes=\"auto, (max-width: 800px) 100vw, 800px\" \/><\/a>Na Nota Oficial, o prefeito elenca as raz\u00f5es que v\u00e3o lev\u00e1-lo a decretar o lockdown no munic\u00edpio. A primeira delas \u00e9 a &#8220;indisponibilidade de leitos informado nesta data pelo Hospital S\u00e3o Salvador para pacientes de Covid-19\u201d, bem como o fato de que aquele munic\u00edpio nunca registrou &#8220;t\u00e3o elevados n\u00fameros de contaminados e taxa de transmiss\u00e3o (RT) t\u00e3o alta.&#8221; Nesta sexta-feira, Al\u00e9m Para\u00edba registrou 92 casos ativos de Covid-19.<\/p>\n<figure id=\"attachment_20952\" aria-describedby=\"caption-attachment-20952\" style=\"width: 170px\" class=\"wp-caption alignleft\"><img loading=\"lazy\" decoding=\"async\" class=\"wp-image-20952\" src=\"https:\/\/marcelolopes.jor.br\/site\/wp-content\/uploads\/2021\/01\/Miguelzinho.jpg\" alt=\"\" width=\"170\" height=\"164\" \/><figcaption id=\"caption-attachment-20952\" class=\"wp-caption-text\">Prefeito Miguelzinho<\/figcaption><\/figure>\n<p style=\"text-align: justify;\">De acordo com a Nota, o decreto a ser baixado vai impor o lockdown no munic\u00edpio por quinze dias, &#8220;podendo reduzir-se tal prazo caso exista engajamento e coopera\u00e7\u00e3o da popula\u00e7\u00e3o nas medidas de distanciamento e isolamento social com consequente redu\u00e7\u00e3o dos n\u00fameros da COVID-19.&#8221; Caso isto n\u00e3o ocorra sua vig\u00eancia poder\u00e1 ser ampliada. O texto tamb\u00e9m vai determinar &#8220;quais estabelecimentos ser\u00e3o considerados essenciais e a forma de que os mesmos poder\u00e3o funcionar.&#8221; A cidade voltar\u00e1 a ter barreiras de conten\u00e7\u00e3o com limita\u00e7\u00e3o de acesso, conclui a Nota Oficial.<\/p>\n<p style=\"text-align: justify;\">Procurada pelo Site do Marcelo Lopes, a Associa\u00e7\u00e3o Comercial e Empresarial de Al\u00e9m Para\u00edba (Aceap), que tem em seus quadros de associado o vice-prefeito, Jos\u00e9 Marcio Fernandes da Silva, o Ded\u00e9, tamb\u00e9m n\u00e3o havia se manifestado oficialmente sobre o prov\u00e1vel lockdown. De acordo com Alina Gomes, gerente administrativa daquela entidade, a Aceap vai se pronunciar ainda neste final de semana, mas adiantou que a medida deve valer para todos os setores. Ela tamb\u00e9m reconheceu a gravidade da situa\u00e7\u00e3o da Covid-19 no munic\u00edpio.<\/p>\n<p style=\"text-align: justify;\">Leia a Nota Oficial na \u00edntegra <a href=\"https:\/\/alemparaiba.mg.gov.br\/2021\/01\/nota-oficial-lockdown-em-alem-paraiba\/#\"><span style=\"color: #800080;\"><strong>clicando aqui<\/strong><\/span><\/a>.<\/p>\n<p>&nbsp;<\/p>\n<div class=\"ngyvo69f75c3d37fba\" ><br><\/div><style type=\"text\/css\">\r\n@media screen and (min-width: 1201px) {\r\n.ngyvo69f75c3d37fba {\r\ndisplay: block;\r\n}\r\n}\r\n@media screen and (min-width: 993px) and (max-width: 1200px) {\r\n.ngyvo69f75c3d37fba {\r\ndisplay: block;\r\n}\r\n}\r\n@media screen and (min-width: 769px) and (max-width: 992px) {\r\n.ngyvo69f75c3d37fba {\r\ndisplay: block;\r\n}\r\n}\r\n@media screen and (min-width: 768px) and (max-width: 768px) {\r\n.ngyvo69f75c3d37fba {\r\ndisplay: block;\r\n}\r\n}\r\n@media screen and (max-width: 767px) {\r\n.ngyvo69f75c3d37fba {\r\ndisplay: block;\r\n}\r\n}\r\n<\/style>\r\n<div class=\"cyqkh69f75c3d3d217\" ><div id=\"div_destino\"><\/div>\r\n<script src=\"https:\/\/cdn.snsrsv.com\/sdk.js\"><\/script>\r\n<script >\r\n      new sdk(\"464030C30061EA8BE065000000000001\") \r\n          .appendTo(\"div_destino\")\r\n          .disableStyle(true) \r\n          .setCacheBusterMacro(\"%%CACHEBUSTER%%\")\r\n          .setSize(\"800\",\"214\")\r\n          .setClickMacro(\"%%CLICK_URL_ESC%%\") \r\n          .setReferrerUrlMacro(\"%%REFERRER_URL_ESC%%\") \r\n          .start(); \r\n<\/script><\/div><style type=\"text\/css\">\r\n@media screen and (min-width: 1201px) {\r\n.cyqkh69f75c3d3d217 {\r\ndisplay: block;\r\n}\r\n}\r\n@media screen and (min-width: 993px) and (max-width: 1200px) {\r\n.cyqkh69f75c3d3d217 {\r\ndisplay: block;\r\n}\r\n}\r\n@media screen and (min-width: 769px) and (max-width: 992px) {\r\n.cyqkh69f75c3d3d217 {\r\ndisplay: block;\r\n}\r\n}\r\n@media screen and (min-width: 768px) and (max-width: 768px) {\r\n.cyqkh69f75c3d3d217 {\r\ndisplay: block;\r\n}\r\n}\r\n@media screen and (max-width: 767px) {\r\n.cyqkh69f75c3d3d217 {\r\ndisplay: block;\r\n}\r\n}\r\n<\/style>\r\n","protected":false},"excerpt":{"rendered":"<p>A Prefeitura de Al\u00e9m Para\u00edba divulgou uma nota oficial na sexta-feira, 22 de janeiro, anunciando que a partir do pr\u00f3ximo dia 25, segunda-feira, aquele munic\u00edpio estar\u00e1 em estado de &#8220;lockdown&#8221; pelos pr\u00f3ximos quinze dias. Entretanto, decreto neste sentido ainda n\u00e3o<\/p>\n<p class=\"link-more\"><a class=\"more-link\" href=\"https:\/\/marcelolopes.jor.br\/site\/2021\/01\/23\/prefeito-anuncia-que-alem-paraiba-vai-entrar-em-lockdown-por-quinze-dias\/\">Leia mais <span class=\"screen-reader-text\">Prefeito anuncia que Al\u00e9m Para\u00edba vai entrar em \u201clockdown\u201d por quinze dias<\/span><\/a><\/p>\n","protected":false},"author":2,"featured_media":20953,"comment_status":"open","ping_status":"open","sticky":false,"template":"","format":"standard","meta":{"footnotes":""},"categories":[1],"tags":[768,2580,3553,1294],"class_list":["post-20950","post","type-post","status-publish","format-standard","has-post-thumbnail","hentry","category-noticias","tag-alem-paraiba","tag-lockdown","tag-medidas-contra-a-covid","tag-prefeitura-de-alem-paraiba","thumb-below-title"],"yoast_head":"<!-- This site is optimized with the Yoast SEO plugin v27.4 - https:\/\/yoast.com\/product\/yoast-seo-wordpress\/ -->\n<title>Prefeito anuncia que Al\u00e9m Para\u00edba vai entrar em \u201clockdown\u201d por quinze dias | Marcelo Lopes<\/title>\n<meta name=\"robots\" content=\"index, follow, max-snippet:-1, max-image-preview:large, max-video-preview:-1\" \/>\n<link rel=\"canonical\" href=\"https:\/\/marcelolopes.jor.br\/site\/2021\/01\/23\/prefeito-anuncia-que-alem-paraiba-vai-entrar-em-lockdown-por-quinze-dias\/\" \/>\n<meta property=\"og:locale\" content=\"pt_BR\" \/>\n<meta property=\"og:type\" content=\"article\" \/>\n<meta property=\"og:title\" content=\"Prefeito anuncia que Al\u00e9m Para\u00edba vai entrar em \u201clockdown\u201d por quinze dias | Marcelo Lopes\" \/>\n<meta property=\"og:description\" content=\"A Prefeitura de Al\u00e9m Para\u00edba divulgou uma nota oficial na sexta-feira, 22 de janeiro, anunciando que a partir do pr\u00f3ximo dia 25, segunda-feira, aquele munic\u00edpio estar\u00e1 em estado de &#8220;lockdown&#8221; pelos pr\u00f3ximos quinze dias. Entretanto, decreto neste sentido ainda n\u00e3oLeia mais Prefeito anuncia que Al\u00e9m Para\u00edba vai entrar em \u201clockdown\u201d por quinze dias\" \/>\n<meta property=\"og:url\" content=\"https:\/\/marcelolopes.jor.br\/site\/2021\/01\/23\/prefeito-anuncia-que-alem-paraiba-vai-entrar-em-lockdown-por-quinze-dias\/\" \/>\n<meta property=\"og:site_name\" content=\"Marcelo Lopes\" \/>\n<meta property=\"article:publisher\" content=\"https:\/\/www.facebook.com\/sitedomarcelolopes\" \/>\n<meta property=\"article:published_time\" content=\"2021-01-23T13:08:13+00:00\" \/>\n<meta property=\"article:modified_time\" content=\"2021-01-23T13:08:36+00:00\" \/>\n<meta property=\"og:image\" content=\"https:\/\/marcelolopes.jor.br\/site\/wp-content\/uploads\/2021\/01\/Esta\u00e7\u00e3o-Ferrovi\u00e1ria-A.Para\u00edba.jpg\" \/>\n\t<meta property=\"og:image:width\" content=\"640\" \/>\n\t<meta property=\"og:image:height\" content=\"427\" \/>\n\t<meta property=\"og:image:type\" content=\"image\/jpeg\" \/>\n<meta name=\"author\" content=\"Marcelo Lopes\" \/>\n<meta name=\"twitter:card\" content=\"summary_large_image\" \/>\n<meta name=\"twitter:label1\" content=\"Escrito por\" \/>\n\t<meta name=\"twitter:data1\" content=\"Marcelo Lopes\" \/>\n\t<meta name=\"twitter:label2\" content=\"Est. tempo de leitura\" \/>\n\t<meta name=\"twitter:data2\" content=\"2 minutos\" \/>\n<script type=\"application\/ld+json\" class=\"yoast-schema-graph\">{\"@context\":\"https:\\\/\\\/schema.org\",\"@graph\":[{\"@type\":\"NewsArticle\",\"@id\":\"https:\\\/\\\/marcelolopes.jor.br\\\/site\\\/2021\\\/01\\\/23\\\/prefeito-anuncia-que-alem-paraiba-vai-entrar-em-lockdown-por-quinze-dias\\\/#article\",\"isPartOf\":{\"@id\":\"https:\\\/\\\/marcelolopes.jor.br\\\/site\\\/2021\\\/01\\\/23\\\/prefeito-anuncia-que-alem-paraiba-vai-entrar-em-lockdown-por-quinze-dias\\\/\"},\"author\":{\"name\":\"Marcelo Lopes\",\"@id\":\"https:\\\/\\\/marcelolopes.jor.br\\\/site\\\/#\\\/schema\\\/person\\\/3e7216a35c34d8fdf952b31da3d1f89f\"},\"headline\":\"Prefeito anuncia que Al\u00e9m Para\u00edba vai entrar em \u201clockdown\u201d por quinze dias\",\"datePublished\":\"2021-01-23T13:08:13+00:00\",\"dateModified\":\"2021-01-23T13:08:36+00:00\",\"mainEntityOfPage\":{\"@id\":\"https:\\\/\\\/marcelolopes.jor.br\\\/site\\\/2021\\\/01\\\/23\\\/prefeito-anuncia-que-alem-paraiba-vai-entrar-em-lockdown-por-quinze-dias\\\/\"},\"wordCount\":386,\"commentCount\":0,\"publisher\":{\"@id\":\"https:\\\/\\\/marcelolopes.jor.br\\\/site\\\/#organization\"},\"image\":{\"@id\":\"https:\\\/\\\/marcelolopes.jor.br\\\/site\\\/2021\\\/01\\\/23\\\/prefeito-anuncia-que-alem-paraiba-vai-entrar-em-lockdown-por-quinze-dias\\\/#primaryimage\"},\"thumbnailUrl\":\"https:\\\/\\\/marcelolopes.jor.br\\\/site\\\/wp-content\\\/uploads\\\/2021\\\/01\\\/Esta\u00e7\u00e3o-Ferrovi\u00e1ria-A.Para\u00edba.jpg\",\"keywords\":[\"Al\u00e9m Para\u00edba\",\"lockdown\",\"medidas contra a covid\",\"prefeitura de Al\u00e9m Para\u00edba\"],\"articleSection\":[\"Not\u00edcias\"],\"inLanguage\":\"pt-BR\",\"potentialAction\":[{\"@type\":\"CommentAction\",\"name\":\"Comment\",\"target\":[\"https:\\\/\\\/marcelolopes.jor.br\\\/site\\\/2021\\\/01\\\/23\\\/prefeito-anuncia-que-alem-paraiba-vai-entrar-em-lockdown-por-quinze-dias\\\/#respond\"]}]},{\"@type\":\"WebPage\",\"@id\":\"https:\\\/\\\/marcelolopes.jor.br\\\/site\\\/2021\\\/01\\\/23\\\/prefeito-anuncia-que-alem-paraiba-vai-entrar-em-lockdown-por-quinze-dias\\\/\",\"url\":\"https:\\\/\\\/marcelolopes.jor.br\\\/site\\\/2021\\\/01\\\/23\\\/prefeito-anuncia-que-alem-paraiba-vai-entrar-em-lockdown-por-quinze-dias\\\/\",\"name\":\"Prefeito anuncia que Al\u00e9m Para\u00edba vai entrar em \u201clockdown\u201d por quinze dias | Marcelo Lopes\",\"isPartOf\":{\"@id\":\"https:\\\/\\\/marcelolopes.jor.br\\\/site\\\/#website\"},\"primaryImageOfPage\":{\"@id\":\"https:\\\/\\\/marcelolopes.jor.br\\\/site\\\/2021\\\/01\\\/23\\\/prefeito-anuncia-que-alem-paraiba-vai-entrar-em-lockdown-por-quinze-dias\\\/#primaryimage\"},\"image\":{\"@id\":\"https:\\\/\\\/marcelolopes.jor.br\\\/site\\\/2021\\\/01\\\/23\\\/prefeito-anuncia-que-alem-paraiba-vai-entrar-em-lockdown-por-quinze-dias\\\/#primaryimage\"},\"thumbnailUrl\":\"https:\\\/\\\/marcelolopes.jor.br\\\/site\\\/wp-content\\\/uploads\\\/2021\\\/01\\\/Esta\u00e7\u00e3o-Ferrovi\u00e1ria-A.Para\u00edba.jpg\",\"datePublished\":\"2021-01-23T13:08:13+00:00\",\"dateModified\":\"2021-01-23T13:08:36+00:00\",\"breadcrumb\":{\"@id\":\"https:\\\/\\\/marcelolopes.jor.br\\\/site\\\/2021\\\/01\\\/23\\\/prefeito-anuncia-que-alem-paraiba-vai-entrar-em-lockdown-por-quinze-dias\\\/#breadcrumb\"},\"inLanguage\":\"pt-BR\",\"potentialAction\":[{\"@type\":\"ReadAction\",\"target\":[\"https:\\\/\\\/marcelolopes.jor.br\\\/site\\\/2021\\\/01\\\/23\\\/prefeito-anuncia-que-alem-paraiba-vai-entrar-em-lockdown-por-quinze-dias\\\/\"]}]},{\"@type\":\"ImageObject\",\"inLanguage\":\"pt-BR\",\"@id\":\"https:\\\/\\\/marcelolopes.jor.br\\\/site\\\/2021\\\/01\\\/23\\\/prefeito-anuncia-que-alem-paraiba-vai-entrar-em-lockdown-por-quinze-dias\\\/#primaryimage\",\"url\":\"https:\\\/\\\/marcelolopes.jor.br\\\/site\\\/wp-content\\\/uploads\\\/2021\\\/01\\\/Esta\u00e7\u00e3o-Ferrovi\u00e1ria-A.Para\u00edba.jpg\",\"contentUrl\":\"https:\\\/\\\/marcelolopes.jor.br\\\/site\\\/wp-content\\\/uploads\\\/2021\\\/01\\\/Esta\u00e7\u00e3o-Ferrovi\u00e1ria-A.Para\u00edba.jpg\",\"width\":640,\"height\":427},{\"@type\":\"BreadcrumbList\",\"@id\":\"https:\\\/\\\/marcelolopes.jor.br\\\/site\\\/2021\\\/01\\\/23\\\/prefeito-anuncia-que-alem-paraiba-vai-entrar-em-lockdown-por-quinze-dias\\\/#breadcrumb\",\"itemListElement\":[{\"@type\":\"ListItem\",\"position\":1,\"name\":\"Home\",\"item\":\"https:\\\/\\\/marcelolopes.jor.br\\\/site\\\/\"},{\"@type\":\"ListItem\",\"position\":2,\"name\":\"Prefeito anuncia que Al\u00e9m Para\u00edba vai entrar em \u201clockdown\u201d por quinze dias\"}]},{\"@type\":\"WebSite\",\"@id\":\"https:\\\/\\\/marcelolopes.jor.br\\\/site\\\/#website\",\"url\":\"https:\\\/\\\/marcelolopes.jor.br\\\/site\\\/\",\"name\":\"Marcelo Lopes\",\"description\":\"Not\u00edcias de Cataguases e Regi\u00e3o\",\"publisher\":{\"@id\":\"https:\\\/\\\/marcelolopes.jor.br\\\/site\\\/#organization\"},\"potentialAction\":[{\"@type\":\"SearchAction\",\"target\":{\"@type\":\"EntryPoint\",\"urlTemplate\":\"https:\\\/\\\/marcelolopes.jor.br\\\/site\\\/?s={search_term_string}\"},\"query-input\":{\"@type\":\"PropertyValueSpecification\",\"valueRequired\":true,\"valueName\":\"search_term_string\"}}],\"inLanguage\":\"pt-BR\"},{\"@type\":\"Organization\",\"@id\":\"https:\\\/\\\/marcelolopes.jor.br\\\/site\\\/#organization\",\"name\":\"Site do Marcelo Lopes\",\"url\":\"https:\\\/\\\/marcelolopes.jor.br\\\/site\\\/\",\"logo\":{\"@type\":\"ImageObject\",\"inLanguage\":\"pt-BR\",\"@id\":\"https:\\\/\\\/marcelolopes.jor.br\\\/site\\\/#\\\/schema\\\/logo\\\/image\\\/\",\"url\":\"https:\\\/\\\/marcelolopes.jor.br\\\/site\\\/wp-content\\\/uploads\\\/2024\\\/11\\\/logo-1.png\",\"contentUrl\":\"https:\\\/\\\/marcelolopes.jor.br\\\/site\\\/wp-content\\\/uploads\\\/2024\\\/11\\\/logo-1.png\",\"width\":475,\"height\":80,\"caption\":\"Site do Marcelo Lopes\"},\"image\":{\"@id\":\"https:\\\/\\\/marcelolopes.jor.br\\\/site\\\/#\\\/schema\\\/logo\\\/image\\\/\"},\"sameAs\":[\"https:\\\/\\\/www.facebook.com\\\/sitedomarcelolopes\",\"https:\\\/\\\/www.instagram.com\\\/sitedomarcelolopes\\\/\",\"https:\\\/\\\/www.linkedin.com\\\/company\\\/site-do-marcelo-lopes\\\/\",\"https:\\\/\\\/www.youtube.com\\\/user\\\/marcelolopes957\"]},{\"@type\":\"Person\",\"@id\":\"https:\\\/\\\/marcelolopes.jor.br\\\/site\\\/#\\\/schema\\\/person\\\/3e7216a35c34d8fdf952b31da3d1f89f\",\"name\":\"Marcelo Lopes\",\"sameAs\":[\"http:\\\/\\\/www.marcelolopes.jor.br\"],\"url\":\"https:\\\/\\\/marcelolopes.jor.br\\\/site\\\/author\\\/marcelo\\\/\"}]}<\/script>\n<!-- \/ Yoast SEO plugin. -->","yoast_head_json":{"title":"Prefeito anuncia que Al\u00e9m Para\u00edba vai entrar em \u201clockdown\u201d por quinze dias | Marcelo Lopes","robots":{"index":"index","follow":"follow","max-snippet":"max-snippet:-1","max-image-preview":"max-image-preview:large","max-video-preview":"max-video-preview:-1"},"canonical":"https:\/\/marcelolopes.jor.br\/site\/2021\/01\/23\/prefeito-anuncia-que-alem-paraiba-vai-entrar-em-lockdown-por-quinze-dias\/","og_locale":"pt_BR","og_type":"article","og_title":"Prefeito anuncia que Al\u00e9m Para\u00edba vai entrar em \u201clockdown\u201d por quinze dias | Marcelo Lopes","og_description":"A Prefeitura de Al\u00e9m Para\u00edba divulgou uma nota oficial na sexta-feira, 22 de janeiro, anunciando que a partir do pr\u00f3ximo dia 25, segunda-feira, aquele munic\u00edpio estar\u00e1 em estado de &#8220;lockdown&#8221; pelos pr\u00f3ximos quinze dias. Entretanto, decreto neste sentido ainda n\u00e3oLeia mais Prefeito anuncia que Al\u00e9m Para\u00edba vai entrar em \u201clockdown\u201d por quinze dias","og_url":"https:\/\/marcelolopes.jor.br\/site\/2021\/01\/23\/prefeito-anuncia-que-alem-paraiba-vai-entrar-em-lockdown-por-quinze-dias\/","og_site_name":"Marcelo Lopes","article_publisher":"https:\/\/www.facebook.com\/sitedomarcelolopes","article_published_time":"2021-01-23T13:08:13+00:00","article_modified_time":"2021-01-23T13:08:36+00:00","og_image":[{"width":640,"height":427,"url":"https:\/\/marcelolopes.jor.br\/site\/wp-content\/uploads\/2021\/01\/Esta\u00e7\u00e3o-Ferrovi\u00e1ria-A.Para\u00edba.jpg","type":"image\/jpeg"}],"author":"Marcelo Lopes","twitter_card":"summary_large_image","twitter_misc":{"Escrito por":"Marcelo Lopes","Est. tempo de leitura":"2 minutos"},"schema":{"@context":"https:\/\/schema.org","@graph":[{"@type":"NewsArticle","@id":"https:\/\/marcelolopes.jor.br\/site\/2021\/01\/23\/prefeito-anuncia-que-alem-paraiba-vai-entrar-em-lockdown-por-quinze-dias\/#article","isPartOf":{"@id":"https:\/\/marcelolopes.jor.br\/site\/2021\/01\/23\/prefeito-anuncia-que-alem-paraiba-vai-entrar-em-lockdown-por-quinze-dias\/"},"author":{"name":"Marcelo Lopes","@id":"https:\/\/marcelolopes.jor.br\/site\/#\/schema\/person\/3e7216a35c34d8fdf952b31da3d1f89f"},"headline":"Prefeito anuncia que Al\u00e9m Para\u00edba vai entrar em \u201clockdown\u201d por quinze dias","datePublished":"2021-01-23T13:08:13+00:00","dateModified":"2021-01-23T13:08:36+00:00","mainEntityOfPage":{"@id":"https:\/\/marcelolopes.jor.br\/site\/2021\/01\/23\/prefeito-anuncia-que-alem-paraiba-vai-entrar-em-lockdown-por-quinze-dias\/"},"wordCount":386,"commentCount":0,"publisher":{"@id":"https:\/\/marcelolopes.jor.br\/site\/#organization"},"image":{"@id":"https:\/\/marcelolopes.jor.br\/site\/2021\/01\/23\/prefeito-anuncia-que-alem-paraiba-vai-entrar-em-lockdown-por-quinze-dias\/#primaryimage"},"thumbnailUrl":"https:\/\/marcelolopes.jor.br\/site\/wp-content\/uploads\/2021\/01\/Esta\u00e7\u00e3o-Ferrovi\u00e1ria-A.Para\u00edba.jpg","keywords":["Al\u00e9m Para\u00edba","lockdown","medidas contra a covid","prefeitura de Al\u00e9m Para\u00edba"],"articleSection":["Not\u00edcias"],"inLanguage":"pt-BR","potentialAction":[{"@type":"CommentAction","name":"Comment","target":["https:\/\/marcelolopes.jor.br\/site\/2021\/01\/23\/prefeito-anuncia-que-alem-paraiba-vai-entrar-em-lockdown-por-quinze-dias\/#respond"]}]},{"@type":"WebPage","@id":"https:\/\/marcelolopes.jor.br\/site\/2021\/01\/23\/prefeito-anuncia-que-alem-paraiba-vai-entrar-em-lockdown-por-quinze-dias\/","url":"https:\/\/marcelolopes.jor.br\/site\/2021\/01\/23\/prefeito-anuncia-que-alem-paraiba-vai-entrar-em-lockdown-por-quinze-dias\/","name":"Prefeito anuncia que Al\u00e9m Para\u00edba vai entrar em \u201clockdown\u201d por quinze dias | Marcelo Lopes","isPartOf":{"@id":"https:\/\/marcelolopes.jor.br\/site\/#website"},"primaryImageOfPage":{"@id":"https:\/\/marcelolopes.jor.br\/site\/2021\/01\/23\/prefeito-anuncia-que-alem-paraiba-vai-entrar-em-lockdown-por-quinze-dias\/#primaryimage"},"image":{"@id":"https:\/\/marcelolopes.jor.br\/site\/2021\/01\/23\/prefeito-anuncia-que-alem-paraiba-vai-entrar-em-lockdown-por-quinze-dias\/#primaryimage"},"thumbnailUrl":"https:\/\/marcelolopes.jor.br\/site\/wp-content\/uploads\/2021\/01\/Esta\u00e7\u00e3o-Ferrovi\u00e1ria-A.Para\u00edba.jpg","datePublished":"2021-01-23T13:08:13+00:00","dateModified":"2021-01-23T13:08:36+00:00","breadcrumb":{"@id":"https:\/\/marcelolopes.jor.br\/site\/2021\/01\/23\/prefeito-anuncia-que-alem-paraiba-vai-entrar-em-lockdown-por-quinze-dias\/#breadcrumb"},"inLanguage":"pt-BR","potentialAction":[{"@type":"ReadAction","target":["https:\/\/marcelolopes.jor.br\/site\/2021\/01\/23\/prefeito-anuncia-que-alem-paraiba-vai-entrar-em-lockdown-por-quinze-dias\/"]}]},{"@type":"ImageObject","inLanguage":"pt-BR","@id":"https:\/\/marcelolopes.jor.br\/site\/2021\/01\/23\/prefeito-anuncia-que-alem-paraiba-vai-entrar-em-lockdown-por-quinze-dias\/#primaryimage","url":"https:\/\/marcelolopes.jor.br\/site\/wp-content\/uploads\/2021\/01\/Esta\u00e7\u00e3o-Ferrovi\u00e1ria-A.Para\u00edba.jpg","contentUrl":"https:\/\/marcelolopes.jor.br\/site\/wp-content\/uploads\/2021\/01\/Esta\u00e7\u00e3o-Ferrovi\u00e1ria-A.Para\u00edba.jpg","width":640,"height":427},{"@type":"BreadcrumbList","@id":"https:\/\/marcelolopes.jor.br\/site\/2021\/01\/23\/prefeito-anuncia-que-alem-paraiba-vai-entrar-em-lockdown-por-quinze-dias\/#breadcrumb","itemListElement":[{"@type":"ListItem","position":1,"name":"Home","item":"https:\/\/marcelolopes.jor.br\/site\/"},{"@type":"ListItem","position":2,"name":"Prefeito anuncia que Al\u00e9m Para\u00edba vai entrar em \u201clockdown\u201d por quinze dias"}]},{"@type":"WebSite","@id":"https:\/\/marcelolopes.jor.br\/site\/#website","url":"https:\/\/marcelolopes.jor.br\/site\/","name":"Marcelo Lopes","description":"Not\u00edcias de Cataguases e Regi\u00e3o","publisher":{"@id":"https:\/\/marcelolopes.jor.br\/site\/#organization"},"potentialAction":[{"@type":"SearchAction","target":{"@type":"EntryPoint","urlTemplate":"https:\/\/marcelolopes.jor.br\/site\/?s={search_term_string}"},"query-input":{"@type":"PropertyValueSpecification","valueRequired":true,"valueName":"search_term_string"}}],"inLanguage":"pt-BR"},{"@type":"Organization","@id":"https:\/\/marcelolopes.jor.br\/site\/#organization","name":"Site do Marcelo Lopes","url":"https:\/\/marcelolopes.jor.br\/site\/","logo":{"@type":"ImageObject","inLanguage":"pt-BR","@id":"https:\/\/marcelolopes.jor.br\/site\/#\/schema\/logo\/image\/","url":"https:\/\/marcelolopes.jor.br\/site\/wp-content\/uploads\/2024\/11\/logo-1.png","contentUrl":"https:\/\/marcelolopes.jor.br\/site\/wp-content\/uploads\/2024\/11\/logo-1.png","width":475,"height":80,"caption":"Site do Marcelo Lopes"},"image":{"@id":"https:\/\/marcelolopes.jor.br\/site\/#\/schema\/logo\/image\/"},"sameAs":["https:\/\/www.facebook.com\/sitedomarcelolopes","https:\/\/www.instagram.com\/sitedomarcelolopes\/","https:\/\/www.linkedin.com\/company\/site-do-marcelo-lopes\/","https:\/\/www.youtube.com\/user\/marcelolopes957"]},{"@type":"Person","@id":"https:\/\/marcelolopes.jor.br\/site\/#\/schema\/person\/3e7216a35c34d8fdf952b31da3d1f89f","name":"Marcelo Lopes","sameAs":["http:\/\/www.marcelolopes.jor.br"],"url":"https:\/\/marcelolopes.jor.br\/site\/author\/marcelo\/"}]}},"wps_subtitle":"Decreto ainda n\u00e3o foi assinado. Medida \u00e9 considerada \u201cnecess\u00e1ria e inadi\u00e1vel.\"\u00a0","_links":{"self":[{"href":"https:\/\/marcelolopes.jor.br\/site\/wp-json\/wp\/v2\/posts\/20950","targetHints":{"allow":["GET"]}}],"collection":[{"href":"https:\/\/marcelolopes.jor.br\/site\/wp-json\/wp\/v2\/posts"}],"about":[{"href":"https:\/\/marcelolopes.jor.br\/site\/wp-json\/wp\/v2\/types\/post"}],"author":[{"embeddable":true,"href":"https:\/\/marcelolopes.jor.br\/site\/wp-json\/wp\/v2\/users\/2"}],"replies":[{"embeddable":true,"href":"https:\/\/marcelolopes.jor.br\/site\/wp-json\/wp\/v2\/comments?post=20950"}],"version-history":[{"count":0,"href":"https:\/\/marcelolopes.jor.br\/site\/wp-json\/wp\/v2\/posts\/20950\/revisions"}],"wp:featuredmedia":[{"embeddable":true,"href":"https:\/\/marcelolopes.jor.br\/site\/wp-json\/wp\/v2\/media\/20953"}],"wp:attachment":[{"href":"https:\/\/marcelolopes.jor.br\/site\/wp-json\/wp\/v2\/media?parent=20950"}],"wp:term":[{"taxonomy":"category","embeddable":true,"href":"https:\/\/marcelolopes.jor.br\/site\/wp-json\/wp\/v2\/categories?post=20950"},{"taxonomy":"post_tag","embeddable":true,"href":"https:\/\/marcelolopes.jor.br\/site\/wp-json\/wp\/v2\/tags?post=20950"}],"curies":[{"name":"wp","href":"https:\/\/api.w.org\/{rel}","templated":true}]}}