{"id":20697,"date":"2021-01-13T16:00:13","date_gmt":"2021-01-13T19:00:13","guid":{"rendered":"https:\/\/marcelolopes.jor.br\/?p=20697"},"modified":"2022-10-11T19:13:45","modified_gmt":"2022-10-11T22:13:45","slug":"policia-civil-conclui-implantacao-de-novos-documentos-digitais-de-veiculos","status":"publish","type":"post","link":"https:\/\/marcelolopes.jor.br\/site\/2021\/01\/13\/policia-civil-conclui-implantacao-de-novos-documentos-digitais-de-veiculos\/","title":{"rendered":"Pol\u00edcia Civil conclui implanta\u00e7\u00e3o de novos documentos digitais de ve\u00edculos"},"content":{"rendered":"<p style=\"text-align: justify;\">A Pol\u00edcia Civil de Minas Gerais (PCMG) concluiu a implanta\u00e7\u00e3o das vers\u00f5es digitais do Certificado de Registro de Ve\u00edculo (CRV) e da Autoriza\u00e7\u00e3o para Transfer\u00eancia de Propriedade do Ve\u00edculo (ATPV). Os novos documentos eletr\u00f4nicos foram institu\u00eddos pela Resolu\u00e7\u00e3o n\u00ba 809\/2020, do Conselho Nacional de Tr\u00e2nsito (Contran).<!--more--><\/p>\n<p style=\"text-align: justify;\"><a href=\"https:\/\/instagram.com\/agenciaramdigital?igshid=148gc1hfd2zwg\"><img loading=\"lazy\" decoding=\"async\" class=\"aligncenter wp-image-20497 size-full\" src=\"https:\/\/marcelolopes.jor.br\/site\/wp-content\/uploads\/2021\/01\/WhatsApp-Image-2021-01-04-at-20.40.15.jpeg\" alt=\"\" width=\"800\" height=\"214\" srcset=\"https:\/\/marcelolopes.jor.br\/site\/wp-content\/uploads\/2021\/01\/WhatsApp-Image-2021-01-04-at-20.40.15.jpeg 800w, https:\/\/marcelolopes.jor.br\/site\/wp-content\/uploads\/2021\/01\/WhatsApp-Image-2021-01-04-at-20.40.15-300x80.jpeg 300w, https:\/\/marcelolopes.jor.br\/site\/wp-content\/uploads\/2021\/01\/WhatsApp-Image-2021-01-04-at-20.40.15-768x205.jpeg 768w\" sizes=\"auto, (max-width: 800px) 100vw, 800px\" \/><\/a>Os antigos CRVs, emitidos em papel moeda at\u00e9 31 de dezembro de 2020, continuar\u00e3o v\u00e1lidos por tempo indeterminado. J\u00e1 os procedimentos de transfer\u00eancia de propriedade permanecem os mesmos. Portanto, quem possuir a antiga vers\u00e3o do documento n\u00e3o precisar\u00e1 realizar a solicita\u00e7\u00e3o de um novo Certificado de Registro de Ve\u00edculo Eletr\u00f4nico (CRV-e).<\/p>\n<p style=\"text-align: justify;\">A nova vers\u00e3o CRV eletr\u00f4nico, que come\u00e7ou a valer no dia 4 de janeiro de 2021, foi integrada ao Certificado de Registro e Licenciamento de Ve\u00edculo digital (CRLV-e), que est\u00e1 dispon\u00edvel desde o ano passado para acesso no aplicativo Carteira Digital de Tr\u00e2nsito (CDT), no site do Departamento de Tr\u00e2nsito de Minas Gerais (Detran-MG) ou no Portal de Servi\u00e7os do Denatran.<\/p>\n<h4 style=\"text-align: justify;\">ATPV<\/h4>\n<p style=\"text-align: justify;\">A ATPV se desvinculou do CRV (antigo DUT) e se transformou na Autoriza\u00e7\u00e3o para Transfer\u00eancia de Propriedade do Ve\u00edculo Eletr\u00f4nica (ATPV-e), documento o qual o comprador e o vendedor declaram estar de acordo com a transfer\u00eancia do ve\u00edculo. O documento ser\u00e1 emitido apenas em casos de venda do ve\u00edculo.<\/p>\n<p style=\"text-align: justify;\">Para isso, o propriet\u00e1rio (vendedor) dever\u00e1 solicitar ao Detran-MG, de forma gratuita, a emiss\u00e3o da ATPV-e. O documento poder\u00e1 ser impresso em papel branco comum, A4, no site do \u00f3rg\u00e3o de tr\u00e2nsito estadual.<\/p>\n<p style=\"text-align: justify;\">Com a ATPV-e em m\u00e3os, os procedimentos para a transfer\u00eancia de propriedade continuam os mesmos: comprador e vendedor assinam o documento, reconhecem firma em cart\u00f3rio e, por fim, o novo propriet\u00e1rio deve efetivar a transfer\u00eancia no Detran-MG.<\/p>\n<p style=\"text-align: justify;\">De acordo com o Contran, posteriormente, a ATPV-e poder\u00e1 ser utilizada totalmente na vers\u00e3o eletr\u00f4nica. Quando a funcionalidade estiver dispon\u00edvel, e vendedor e comprador possu\u00edrem os requisitos necess\u00e1rios para assinatura eletr\u00f4nica da ATPV-e, o preenchimento e a assinatura poder\u00e3o ocorrer nos sistemas do Departamento Nacional de Tr\u00e2nsito (Denatran), \u00f3rg\u00e3o da Uni\u00e3o, ou dos Detrans, nos estados.<\/p>\n<p>Assista ao v\u00eddeo explicativo produzido pelo Portal Olhar Digital abaixo:<\/p>\n<p><iframe loading=\"lazy\" title=\"Saiba como emitir o CRLV-e pelo celular ou PC\" frameborder=\"0\" width=\"880\" height=\"494\" src=\"https:\/\/www.dailymotion.com\/embed\/video\/x7yjop0?pubtool=oembed\" allowfullscreen allow=\"autoplay\"><\/iframe><\/p>\n<p>Fonte: Pol\u00edcia Civil de Minas Gerais &#8211; Detran-MG | Foto: Terra &#8211; Carros &amp; Motos<\/p>\n<div class=\"wbqya69f710e563974\" ><br><\/div><style type=\"text\/css\">\r\n@media screen and (min-width: 1201px) {\r\n.wbqya69f710e563974 {\r\ndisplay: block;\r\n}\r\n}\r\n@media screen and (min-width: 993px) and (max-width: 1200px) {\r\n.wbqya69f710e563974 {\r\ndisplay: block;\r\n}\r\n}\r\n@media screen and (min-width: 769px) and (max-width: 992px) {\r\n.wbqya69f710e563974 {\r\ndisplay: block;\r\n}\r\n}\r\n@media screen and (min-width: 768px) and (max-width: 768px) {\r\n.wbqya69f710e563974 {\r\ndisplay: block;\r\n}\r\n}\r\n@media screen and (max-width: 767px) {\r\n.wbqya69f710e563974 {\r\ndisplay: block;\r\n}\r\n}\r\n<\/style>\r\n<div class=\"geamt69f710e568326\" ><div id=\"div_destino\"><\/div>\r\n<script src=\"https:\/\/cdn.snsrsv.com\/sdk.js\"><\/script>\r\n<script >\r\n      new sdk(\"464030C30061EA8BE065000000000001\") \r\n          .appendTo(\"div_destino\")\r\n          .disableStyle(true) \r\n          .setCacheBusterMacro(\"%%CACHEBUSTER%%\")\r\n          .setSize(\"800\",\"214\")\r\n          .setClickMacro(\"%%CLICK_URL_ESC%%\") \r\n          .setReferrerUrlMacro(\"%%REFERRER_URL_ESC%%\") \r\n          .start(); \r\n<\/script><\/div><style type=\"text\/css\">\r\n@media screen and (min-width: 1201px) {\r\n.geamt69f710e568326 {\r\ndisplay: block;\r\n}\r\n}\r\n@media screen and (min-width: 993px) and (max-width: 1200px) {\r\n.geamt69f710e568326 {\r\ndisplay: block;\r\n}\r\n}\r\n@media screen and (min-width: 769px) and (max-width: 992px) {\r\n.geamt69f710e568326 {\r\ndisplay: block;\r\n}\r\n}\r\n@media screen and (min-width: 768px) and (max-width: 768px) {\r\n.geamt69f710e568326 {\r\ndisplay: block;\r\n}\r\n}\r\n@media screen and (max-width: 767px) {\r\n.geamt69f710e568326 {\r\ndisplay: block;\r\n}\r\n}\r\n<\/style>\r\n","protected":false},"excerpt":{"rendered":"<p>A Pol\u00edcia Civil de Minas Gerais (PCMG) concluiu a implanta\u00e7\u00e3o das vers\u00f5es digitais do Certificado de Registro de Ve\u00edculo (CRV) e da Autoriza\u00e7\u00e3o para Transfer\u00eancia de Propriedade do Ve\u00edculo (ATPV). Os novos documentos eletr\u00f4nicos foram institu\u00eddos pela Resolu\u00e7\u00e3o n\u00ba 809\/2020,<\/p>\n<p class=\"link-more\"><a class=\"more-link\" href=\"https:\/\/marcelolopes.jor.br\/site\/2021\/01\/13\/policia-civil-conclui-implantacao-de-novos-documentos-digitais-de-veiculos\/\">Leia mais <span class=\"screen-reader-text\">Pol\u00edcia Civil conclui implanta\u00e7\u00e3o de novos documentos digitais de ve\u00edculos<\/span><\/a><\/p>\n","protected":false},"author":2,"featured_media":20699,"comment_status":"open","ping_status":"open","sticky":false,"template":"","format":"standard","meta":{"footnotes":""},"categories":[1],"tags":[2378,1969,1358,3527],"class_list":["post-20697","post","type-post","status-publish","format-standard","has-post-thumbnail","hentry","category-noticias","tag-crlv","tag-detran-mg","tag-documento-digital","tag-documento-do-carro","thumb-below-title"],"yoast_head":"<!-- This site is optimized with the Yoast SEO plugin v27.4 - https:\/\/yoast.com\/product\/yoast-seo-wordpress\/ -->\n<title>Pol\u00edcia Civil conclui implanta\u00e7\u00e3o de novos documentos digitais de v<\/title>\n<meta name=\"description\" content=\"Pol\u00edcia Civil conclui implanta\u00e7\u00e3o de novos documentos digitais de ve\u00edculos. CRV e ATPV passam agora a serem utilizados na modalidade digital.\" \/>\n<meta name=\"robots\" content=\"index, follow, max-snippet:-1, max-image-preview:large, max-video-preview:-1\" \/>\n<link rel=\"canonical\" href=\"https:\/\/marcelolopes.jor.br\/site\/2021\/01\/13\/policia-civil-conclui-implantacao-de-novos-documentos-digitais-de-veiculos\/\" \/>\n<meta property=\"og:locale\" content=\"pt_BR\" \/>\n<meta property=\"og:type\" content=\"article\" \/>\n<meta property=\"og:title\" content=\"Pol\u00edcia Civil conclui implanta\u00e7\u00e3o de novos documentos digitais de v\" \/>\n<meta property=\"og:description\" content=\"Pol\u00edcia Civil conclui implanta\u00e7\u00e3o de novos documentos digitais de ve\u00edculos. CRV e ATPV passam agora a serem utilizados na modalidade digital.\" \/>\n<meta property=\"og:url\" content=\"https:\/\/marcelolopes.jor.br\/site\/2021\/01\/13\/policia-civil-conclui-implantacao-de-novos-documentos-digitais-de-veiculos\/\" \/>\n<meta property=\"og:site_name\" content=\"Marcelo Lopes\" \/>\n<meta property=\"article:publisher\" content=\"https:\/\/www.facebook.com\/sitedomarcelolopes\" \/>\n<meta property=\"article:published_time\" content=\"2021-01-13T19:00:13+00:00\" \/>\n<meta property=\"article:modified_time\" content=\"2022-10-11T22:13:45+00:00\" \/>\n<meta property=\"og:image\" content=\"https:\/\/marcelolopes.jor.br\/site\/wp-content\/uploads\/2021\/01\/CRLV-e-digital-1.png\" \/>\n\t<meta property=\"og:image:width\" content=\"1280\" \/>\n\t<meta property=\"og:image:height\" content=\"768\" \/>\n\t<meta property=\"og:image:type\" content=\"image\/png\" \/>\n<meta name=\"author\" content=\"Marcelo Lopes\" \/>\n<meta name=\"twitter:card\" content=\"summary_large_image\" \/>\n<meta name=\"twitter:label1\" content=\"Escrito por\" \/>\n\t<meta name=\"twitter:data1\" content=\"Marcelo Lopes\" \/>\n\t<meta name=\"twitter:label2\" content=\"Est. tempo de leitura\" \/>\n\t<meta name=\"twitter:data2\" content=\"2 minutos\" \/>\n<script type=\"application\/ld+json\" class=\"yoast-schema-graph\">{\"@context\":\"https:\\\/\\\/schema.org\",\"@graph\":[{\"@type\":\"NewsArticle\",\"@id\":\"https:\\\/\\\/marcelolopes.jor.br\\\/site\\\/2021\\\/01\\\/13\\\/policia-civil-conclui-implantacao-de-novos-documentos-digitais-de-veiculos\\\/#article\",\"isPartOf\":{\"@id\":\"https:\\\/\\\/marcelolopes.jor.br\\\/site\\\/2021\\\/01\\\/13\\\/policia-civil-conclui-implantacao-de-novos-documentos-digitais-de-veiculos\\\/\"},\"author\":{\"name\":\"Marcelo Lopes\",\"@id\":\"https:\\\/\\\/marcelolopes.jor.br\\\/site\\\/#\\\/schema\\\/person\\\/3e7216a35c34d8fdf952b31da3d1f89f\"},\"headline\":\"Pol\u00edcia Civil conclui implanta\u00e7\u00e3o de novos documentos digitais de ve\u00edculos\",\"datePublished\":\"2021-01-13T19:00:13+00:00\",\"dateModified\":\"2022-10-11T22:13:45+00:00\",\"mainEntityOfPage\":{\"@id\":\"https:\\\/\\\/marcelolopes.jor.br\\\/site\\\/2021\\\/01\\\/13\\\/policia-civil-conclui-implantacao-de-novos-documentos-digitais-de-veiculos\\\/\"},\"wordCount\":426,\"commentCount\":0,\"publisher\":{\"@id\":\"https:\\\/\\\/marcelolopes.jor.br\\\/site\\\/#organization\"},\"image\":{\"@id\":\"https:\\\/\\\/marcelolopes.jor.br\\\/site\\\/2021\\\/01\\\/13\\\/policia-civil-conclui-implantacao-de-novos-documentos-digitais-de-veiculos\\\/#primaryimage\"},\"thumbnailUrl\":\"https:\\\/\\\/marcelolopes.jor.br\\\/site\\\/wp-content\\\/uploads\\\/2021\\\/01\\\/CRLV-e-digital-1.png\",\"keywords\":[\"CRLV\",\"detran-mg\",\"documento digital\",\"documento do carro\"],\"articleSection\":[\"Not\u00edcias\"],\"inLanguage\":\"pt-BR\",\"potentialAction\":[{\"@type\":\"CommentAction\",\"name\":\"Comment\",\"target\":[\"https:\\\/\\\/marcelolopes.jor.br\\\/site\\\/2021\\\/01\\\/13\\\/policia-civil-conclui-implantacao-de-novos-documentos-digitais-de-veiculos\\\/#respond\"]}]},{\"@type\":\"WebPage\",\"@id\":\"https:\\\/\\\/marcelolopes.jor.br\\\/site\\\/2021\\\/01\\\/13\\\/policia-civil-conclui-implantacao-de-novos-documentos-digitais-de-veiculos\\\/\",\"url\":\"https:\\\/\\\/marcelolopes.jor.br\\\/site\\\/2021\\\/01\\\/13\\\/policia-civil-conclui-implantacao-de-novos-documentos-digitais-de-veiculos\\\/\",\"name\":\"Pol\u00edcia Civil conclui implanta\u00e7\u00e3o de novos documentos digitais de v\",\"isPartOf\":{\"@id\":\"https:\\\/\\\/marcelolopes.jor.br\\\/site\\\/#website\"},\"primaryImageOfPage\":{\"@id\":\"https:\\\/\\\/marcelolopes.jor.br\\\/site\\\/2021\\\/01\\\/13\\\/policia-civil-conclui-implantacao-de-novos-documentos-digitais-de-veiculos\\\/#primaryimage\"},\"image\":{\"@id\":\"https:\\\/\\\/marcelolopes.jor.br\\\/site\\\/2021\\\/01\\\/13\\\/policia-civil-conclui-implantacao-de-novos-documentos-digitais-de-veiculos\\\/#primaryimage\"},\"thumbnailUrl\":\"https:\\\/\\\/marcelolopes.jor.br\\\/site\\\/wp-content\\\/uploads\\\/2021\\\/01\\\/CRLV-e-digital-1.png\",\"datePublished\":\"2021-01-13T19:00:13+00:00\",\"dateModified\":\"2022-10-11T22:13:45+00:00\",\"description\":\"Pol\u00edcia Civil conclui implanta\u00e7\u00e3o de novos documentos digitais de ve\u00edculos. CRV e ATPV passam agora a serem utilizados na modalidade digital.\",\"breadcrumb\":{\"@id\":\"https:\\\/\\\/marcelolopes.jor.br\\\/site\\\/2021\\\/01\\\/13\\\/policia-civil-conclui-implantacao-de-novos-documentos-digitais-de-veiculos\\\/#breadcrumb\"},\"inLanguage\":\"pt-BR\",\"potentialAction\":[{\"@type\":\"ReadAction\",\"target\":[\"https:\\\/\\\/marcelolopes.jor.br\\\/site\\\/2021\\\/01\\\/13\\\/policia-civil-conclui-implantacao-de-novos-documentos-digitais-de-veiculos\\\/\"]}]},{\"@type\":\"ImageObject\",\"inLanguage\":\"pt-BR\",\"@id\":\"https:\\\/\\\/marcelolopes.jor.br\\\/site\\\/2021\\\/01\\\/13\\\/policia-civil-conclui-implantacao-de-novos-documentos-digitais-de-veiculos\\\/#primaryimage\",\"url\":\"https:\\\/\\\/marcelolopes.jor.br\\\/site\\\/wp-content\\\/uploads\\\/2021\\\/01\\\/CRLV-e-digital-1.png\",\"contentUrl\":\"https:\\\/\\\/marcelolopes.jor.br\\\/site\\\/wp-content\\\/uploads\\\/2021\\\/01\\\/CRLV-e-digital-1.png\",\"width\":1280,\"height\":768,\"caption\":\"Pol\u00edcia Civil conclui implanta\u00e7\u00e3o\"},{\"@type\":\"BreadcrumbList\",\"@id\":\"https:\\\/\\\/marcelolopes.jor.br\\\/site\\\/2021\\\/01\\\/13\\\/policia-civil-conclui-implantacao-de-novos-documentos-digitais-de-veiculos\\\/#breadcrumb\",\"itemListElement\":[{\"@type\":\"ListItem\",\"position\":1,\"name\":\"Home\",\"item\":\"https:\\\/\\\/marcelolopes.jor.br\\\/site\\\/\"},{\"@type\":\"ListItem\",\"position\":2,\"name\":\"Pol\u00edcia Civil conclui implanta\u00e7\u00e3o de novos documentos digitais de ve\u00edculos\"}]},{\"@type\":\"WebSite\",\"@id\":\"https:\\\/\\\/marcelolopes.jor.br\\\/site\\\/#website\",\"url\":\"https:\\\/\\\/marcelolopes.jor.br\\\/site\\\/\",\"name\":\"Marcelo Lopes\",\"description\":\"Not\u00edcias de Cataguases e Regi\u00e3o\",\"publisher\":{\"@id\":\"https:\\\/\\\/marcelolopes.jor.br\\\/site\\\/#organization\"},\"potentialAction\":[{\"@type\":\"SearchAction\",\"target\":{\"@type\":\"EntryPoint\",\"urlTemplate\":\"https:\\\/\\\/marcelolopes.jor.br\\\/site\\\/?s={search_term_string}\"},\"query-input\":{\"@type\":\"PropertyValueSpecification\",\"valueRequired\":true,\"valueName\":\"search_term_string\"}}],\"inLanguage\":\"pt-BR\"},{\"@type\":\"Organization\",\"@id\":\"https:\\\/\\\/marcelolopes.jor.br\\\/site\\\/#organization\",\"name\":\"Site do Marcelo Lopes\",\"url\":\"https:\\\/\\\/marcelolopes.jor.br\\\/site\\\/\",\"logo\":{\"@type\":\"ImageObject\",\"inLanguage\":\"pt-BR\",\"@id\":\"https:\\\/\\\/marcelolopes.jor.br\\\/site\\\/#\\\/schema\\\/logo\\\/image\\\/\",\"url\":\"https:\\\/\\\/marcelolopes.jor.br\\\/site\\\/wp-content\\\/uploads\\\/2024\\\/11\\\/logo-1.png\",\"contentUrl\":\"https:\\\/\\\/marcelolopes.jor.br\\\/site\\\/wp-content\\\/uploads\\\/2024\\\/11\\\/logo-1.png\",\"width\":475,\"height\":80,\"caption\":\"Site do Marcelo Lopes\"},\"image\":{\"@id\":\"https:\\\/\\\/marcelolopes.jor.br\\\/site\\\/#\\\/schema\\\/logo\\\/image\\\/\"},\"sameAs\":[\"https:\\\/\\\/www.facebook.com\\\/sitedomarcelolopes\",\"https:\\\/\\\/www.instagram.com\\\/sitedomarcelolopes\\\/\",\"https:\\\/\\\/www.linkedin.com\\\/company\\\/site-do-marcelo-lopes\\\/\",\"https:\\\/\\\/www.youtube.com\\\/user\\\/marcelolopes957\"]},{\"@type\":\"Person\",\"@id\":\"https:\\\/\\\/marcelolopes.jor.br\\\/site\\\/#\\\/schema\\\/person\\\/3e7216a35c34d8fdf952b31da3d1f89f\",\"name\":\"Marcelo Lopes\",\"sameAs\":[\"http:\\\/\\\/www.marcelolopes.jor.br\"],\"url\":\"https:\\\/\\\/marcelolopes.jor.br\\\/site\\\/author\\\/marcelo\\\/\"}]}<\/script>\n<!-- \/ Yoast SEO plugin. -->","yoast_head_json":{"title":"Pol\u00edcia Civil conclui implanta\u00e7\u00e3o de novos documentos digitais de v","description":"Pol\u00edcia Civil conclui implanta\u00e7\u00e3o de novos documentos digitais de ve\u00edculos. CRV e ATPV passam agora a serem utilizados na modalidade digital.","robots":{"index":"index","follow":"follow","max-snippet":"max-snippet:-1","max-image-preview":"max-image-preview:large","max-video-preview":"max-video-preview:-1"},"canonical":"https:\/\/marcelolopes.jor.br\/site\/2021\/01\/13\/policia-civil-conclui-implantacao-de-novos-documentos-digitais-de-veiculos\/","og_locale":"pt_BR","og_type":"article","og_title":"Pol\u00edcia Civil conclui implanta\u00e7\u00e3o de novos documentos digitais de v","og_description":"Pol\u00edcia Civil conclui implanta\u00e7\u00e3o de novos documentos digitais de ve\u00edculos. CRV e ATPV passam agora a serem utilizados na modalidade digital.","og_url":"https:\/\/marcelolopes.jor.br\/site\/2021\/01\/13\/policia-civil-conclui-implantacao-de-novos-documentos-digitais-de-veiculos\/","og_site_name":"Marcelo Lopes","article_publisher":"https:\/\/www.facebook.com\/sitedomarcelolopes","article_published_time":"2021-01-13T19:00:13+00:00","article_modified_time":"2022-10-11T22:13:45+00:00","og_image":[{"width":1280,"height":768,"url":"https:\/\/marcelolopes.jor.br\/site\/wp-content\/uploads\/2021\/01\/CRLV-e-digital-1.png","type":"image\/png"}],"author":"Marcelo Lopes","twitter_card":"summary_large_image","twitter_misc":{"Escrito por":"Marcelo Lopes","Est. tempo de leitura":"2 minutos"},"schema":{"@context":"https:\/\/schema.org","@graph":[{"@type":"NewsArticle","@id":"https:\/\/marcelolopes.jor.br\/site\/2021\/01\/13\/policia-civil-conclui-implantacao-de-novos-documentos-digitais-de-veiculos\/#article","isPartOf":{"@id":"https:\/\/marcelolopes.jor.br\/site\/2021\/01\/13\/policia-civil-conclui-implantacao-de-novos-documentos-digitais-de-veiculos\/"},"author":{"name":"Marcelo Lopes","@id":"https:\/\/marcelolopes.jor.br\/site\/#\/schema\/person\/3e7216a35c34d8fdf952b31da3d1f89f"},"headline":"Pol\u00edcia Civil conclui implanta\u00e7\u00e3o de novos documentos digitais de ve\u00edculos","datePublished":"2021-01-13T19:00:13+00:00","dateModified":"2022-10-11T22:13:45+00:00","mainEntityOfPage":{"@id":"https:\/\/marcelolopes.jor.br\/site\/2021\/01\/13\/policia-civil-conclui-implantacao-de-novos-documentos-digitais-de-veiculos\/"},"wordCount":426,"commentCount":0,"publisher":{"@id":"https:\/\/marcelolopes.jor.br\/site\/#organization"},"image":{"@id":"https:\/\/marcelolopes.jor.br\/site\/2021\/01\/13\/policia-civil-conclui-implantacao-de-novos-documentos-digitais-de-veiculos\/#primaryimage"},"thumbnailUrl":"https:\/\/marcelolopes.jor.br\/site\/wp-content\/uploads\/2021\/01\/CRLV-e-digital-1.png","keywords":["CRLV","detran-mg","documento digital","documento do carro"],"articleSection":["Not\u00edcias"],"inLanguage":"pt-BR","potentialAction":[{"@type":"CommentAction","name":"Comment","target":["https:\/\/marcelolopes.jor.br\/site\/2021\/01\/13\/policia-civil-conclui-implantacao-de-novos-documentos-digitais-de-veiculos\/#respond"]}]},{"@type":"WebPage","@id":"https:\/\/marcelolopes.jor.br\/site\/2021\/01\/13\/policia-civil-conclui-implantacao-de-novos-documentos-digitais-de-veiculos\/","url":"https:\/\/marcelolopes.jor.br\/site\/2021\/01\/13\/policia-civil-conclui-implantacao-de-novos-documentos-digitais-de-veiculos\/","name":"Pol\u00edcia Civil conclui implanta\u00e7\u00e3o de novos documentos digitais de v","isPartOf":{"@id":"https:\/\/marcelolopes.jor.br\/site\/#website"},"primaryImageOfPage":{"@id":"https:\/\/marcelolopes.jor.br\/site\/2021\/01\/13\/policia-civil-conclui-implantacao-de-novos-documentos-digitais-de-veiculos\/#primaryimage"},"image":{"@id":"https:\/\/marcelolopes.jor.br\/site\/2021\/01\/13\/policia-civil-conclui-implantacao-de-novos-documentos-digitais-de-veiculos\/#primaryimage"},"thumbnailUrl":"https:\/\/marcelolopes.jor.br\/site\/wp-content\/uploads\/2021\/01\/CRLV-e-digital-1.png","datePublished":"2021-01-13T19:00:13+00:00","dateModified":"2022-10-11T22:13:45+00:00","description":"Pol\u00edcia Civil conclui implanta\u00e7\u00e3o de novos documentos digitais de ve\u00edculos. CRV e ATPV passam agora a serem utilizados na modalidade digital.","breadcrumb":{"@id":"https:\/\/marcelolopes.jor.br\/site\/2021\/01\/13\/policia-civil-conclui-implantacao-de-novos-documentos-digitais-de-veiculos\/#breadcrumb"},"inLanguage":"pt-BR","potentialAction":[{"@type":"ReadAction","target":["https:\/\/marcelolopes.jor.br\/site\/2021\/01\/13\/policia-civil-conclui-implantacao-de-novos-documentos-digitais-de-veiculos\/"]}]},{"@type":"ImageObject","inLanguage":"pt-BR","@id":"https:\/\/marcelolopes.jor.br\/site\/2021\/01\/13\/policia-civil-conclui-implantacao-de-novos-documentos-digitais-de-veiculos\/#primaryimage","url":"https:\/\/marcelolopes.jor.br\/site\/wp-content\/uploads\/2021\/01\/CRLV-e-digital-1.png","contentUrl":"https:\/\/marcelolopes.jor.br\/site\/wp-content\/uploads\/2021\/01\/CRLV-e-digital-1.png","width":1280,"height":768,"caption":"Pol\u00edcia Civil conclui implanta\u00e7\u00e3o"},{"@type":"BreadcrumbList","@id":"https:\/\/marcelolopes.jor.br\/site\/2021\/01\/13\/policia-civil-conclui-implantacao-de-novos-documentos-digitais-de-veiculos\/#breadcrumb","itemListElement":[{"@type":"ListItem","position":1,"name":"Home","item":"https:\/\/marcelolopes.jor.br\/site\/"},{"@type":"ListItem","position":2,"name":"Pol\u00edcia Civil conclui implanta\u00e7\u00e3o de novos documentos digitais de ve\u00edculos"}]},{"@type":"WebSite","@id":"https:\/\/marcelolopes.jor.br\/site\/#website","url":"https:\/\/marcelolopes.jor.br\/site\/","name":"Marcelo Lopes","description":"Not\u00edcias de Cataguases e Regi\u00e3o","publisher":{"@id":"https:\/\/marcelolopes.jor.br\/site\/#organization"},"potentialAction":[{"@type":"SearchAction","target":{"@type":"EntryPoint","urlTemplate":"https:\/\/marcelolopes.jor.br\/site\/?s={search_term_string}"},"query-input":{"@type":"PropertyValueSpecification","valueRequired":true,"valueName":"search_term_string"}}],"inLanguage":"pt-BR"},{"@type":"Organization","@id":"https:\/\/marcelolopes.jor.br\/site\/#organization","name":"Site do Marcelo Lopes","url":"https:\/\/marcelolopes.jor.br\/site\/","logo":{"@type":"ImageObject","inLanguage":"pt-BR","@id":"https:\/\/marcelolopes.jor.br\/site\/#\/schema\/logo\/image\/","url":"https:\/\/marcelolopes.jor.br\/site\/wp-content\/uploads\/2024\/11\/logo-1.png","contentUrl":"https:\/\/marcelolopes.jor.br\/site\/wp-content\/uploads\/2024\/11\/logo-1.png","width":475,"height":80,"caption":"Site do Marcelo Lopes"},"image":{"@id":"https:\/\/marcelolopes.jor.br\/site\/#\/schema\/logo\/image\/"},"sameAs":["https:\/\/www.facebook.com\/sitedomarcelolopes","https:\/\/www.instagram.com\/sitedomarcelolopes\/","https:\/\/www.linkedin.com\/company\/site-do-marcelo-lopes\/","https:\/\/www.youtube.com\/user\/marcelolopes957"]},{"@type":"Person","@id":"https:\/\/marcelolopes.jor.br\/site\/#\/schema\/person\/3e7216a35c34d8fdf952b31da3d1f89f","name":"Marcelo Lopes","sameAs":["http:\/\/www.marcelolopes.jor.br"],"url":"https:\/\/marcelolopes.jor.br\/site\/author\/marcelo\/"}]}},"wps_subtitle":"CRV e ATPV passam agora a serem utilizados na modalidade digital em Minas.","_links":{"self":[{"href":"https:\/\/marcelolopes.jor.br\/site\/wp-json\/wp\/v2\/posts\/20697","targetHints":{"allow":["GET"]}}],"collection":[{"href":"https:\/\/marcelolopes.jor.br\/site\/wp-json\/wp\/v2\/posts"}],"about":[{"href":"https:\/\/marcelolopes.jor.br\/site\/wp-json\/wp\/v2\/types\/post"}],"author":[{"embeddable":true,"href":"https:\/\/marcelolopes.jor.br\/site\/wp-json\/wp\/v2\/users\/2"}],"replies":[{"embeddable":true,"href":"https:\/\/marcelolopes.jor.br\/site\/wp-json\/wp\/v2\/comments?post=20697"}],"version-history":[{"count":0,"href":"https:\/\/marcelolopes.jor.br\/site\/wp-json\/wp\/v2\/posts\/20697\/revisions"}],"wp:featuredmedia":[{"embeddable":true,"href":"https:\/\/marcelolopes.jor.br\/site\/wp-json\/wp\/v2\/media\/20699"}],"wp:attachment":[{"href":"https:\/\/marcelolopes.jor.br\/site\/wp-json\/wp\/v2\/media?parent=20697"}],"wp:term":[{"taxonomy":"category","embeddable":true,"href":"https:\/\/marcelolopes.jor.br\/site\/wp-json\/wp\/v2\/categories?post=20697"},{"taxonomy":"post_tag","embeddable":true,"href":"https:\/\/marcelolopes.jor.br\/site\/wp-json\/wp\/v2\/tags?post=20697"}],"curies":[{"name":"wp","href":"https:\/\/api.w.org\/{rel}","templated":true}]}}