{"id":20659,"date":"2021-01-12T12:00:09","date_gmt":"2021-01-12T15:00:09","guid":{"rendered":"https:\/\/marcelolopes.jor.br\/?p=20659"},"modified":"2021-01-12T12:37:36","modified_gmt":"2021-01-12T15:37:36","slug":"conheca-as-medidas-de-biosseguranca-para-realizacao-do-enem-2020","status":"publish","type":"post","link":"https:\/\/marcelolopes.jor.br\/site\/2021\/01\/12\/conheca-as-medidas-de-biosseguranca-para-realizacao-do-enem-2020\/","title":{"rendered":"Conhe\u00e7a as medidas de biosseguran\u00e7a para realiza\u00e7\u00e3o do Enem 2020"},"content":{"rendered":"<p style=\"text-align: justify;\">No pr\u00f3ximo domingo, 17 de janeiro, e no seguinte, 24, ser\u00e1 realizada a vers\u00e3o impressa do Enem 2020. Entre outras medidas de seguran\u00e7a em fun\u00e7\u00e3o da pandemia do novo coronav\u00edrus, o hor\u00e1rio de abertura dos port\u00f5es foi adiantado em meia hora. Portanto, ser\u00e3o abertos com uma hora e meia de anteced\u00eancia, para evitar aglomera\u00e7\u00f5es. Estas e outras medidas foram anunciadas pelo Instituto Nacional de Estudos e Pesquisas Educacionais An\u00edsio Teixeira (Inep), respons\u00e1vel pelo exame, que adotou um conjunto de medidas preventivas para garantir uma aplica\u00e7\u00e3o segura para os 5.783.357 inscritos no Exame Nacional do Ensino M\u00e9dio (Enem) 2020. A vers\u00e3o digital do Enem 2020 ser\u00e1 nos dias 31 de janeiro e 7 de fevereiro.<!--more--><\/p>\n<p style=\"text-align: justify;\">As principais medidas adotadas s\u00e3o:<\/p>\n<h4>M\u00e1scaras<\/h4>\n<p style=\"text-align: justify;\">Ser\u00e1 proibida a entrada e a perman\u00eancia nos locais de aplica\u00e7\u00e3o sem m\u00e1scara de prote\u00e7\u00e3o contra a COVID-19. Portanto, o uso durante a prova ser\u00e1 obrigat\u00f3rio. O participante que n\u00e3o utilizar a m\u00e1scara cobrindo totalmente o nariz e a boca, desde sua entrada at\u00e9 sua sa\u00edda do local de provas, ou recusar-se, injustificadamente, a respeitar os protocolos de prote\u00e7\u00e3o contra a COVID-19, a qualquer momento, ser\u00e1 eliminado do exame, exceto para os casos previstos na Lei n.\u00ba 14.019, de 2020. O participante poder\u00e1 levar mais de uma m\u00e1scara para troca ao longo do dia. As m\u00e1scaras ser\u00e3o verificadas pelos fiscais para evitar poss\u00edveis infra\u00e7\u00f5es, respeitando a dist\u00e2ncia recomendada. Durante a identifica\u00e7\u00e3o, ser\u00e1 necess\u00e1ria a higieniza\u00e7\u00e3o das m\u00e3os com \u00e1lcool em gel pr\u00f3prio ou fornecido pelo aplicador, antes de entrar na sala de provas. O uso de m\u00e1scara ser\u00e1 obrigat\u00f3rio tamb\u00e9m para os aplicadores e acompanhantes de m\u00e3es que estiverem amamentando. O descarte da m\u00e1scara de prote\u00e7\u00e3o contra a COVID-19, durante a aplica\u00e7\u00e3o do exame, deve ser feito pelo participante de forma segura, nas lixeiras do local de provas.<\/p>\n<p><a href=\"https:\/\/instagram.com\/agenciaramdigital?igshid=148gc1hfd2zwg\"><img loading=\"lazy\" decoding=\"async\" class=\"aligncenter wp-image-20497 size-full\" src=\"https:\/\/marcelolopes.jor.br\/site\/wp-content\/uploads\/2021\/01\/WhatsApp-Image-2021-01-04-at-20.40.15.jpeg\" alt=\"\" width=\"800\" height=\"214\" srcset=\"https:\/\/marcelolopes.jor.br\/site\/wp-content\/uploads\/2021\/01\/WhatsApp-Image-2021-01-04-at-20.40.15.jpeg 800w, https:\/\/marcelolopes.jor.br\/site\/wp-content\/uploads\/2021\/01\/WhatsApp-Image-2021-01-04-at-20.40.15-300x80.jpeg 300w, https:\/\/marcelolopes.jor.br\/site\/wp-content\/uploads\/2021\/01\/WhatsApp-Image-2021-01-04-at-20.40.15-768x205.jpeg 768w\" sizes=\"auto, (max-width: 800px) 100vw, 800px\" \/><\/a><\/p>\n<h4>Higieniza\u00e7\u00e3o<\/h4>\n<p style=\"text-align: justify;\">Durante a identifica\u00e7\u00e3o do participante, ser\u00e1 necess\u00e1ria a higieniza\u00e7\u00e3o das m\u00e3os com \u00e1lcool em gel antes de entrar na sala de provas. Nos locais de prova, ser\u00e3o disponibilizados recipientes pr\u00f3prios com \u00e1lcool em gel e, no banheiro, os participantes ser\u00e3o orientados a lavar as m\u00e3os com \u00e1gua e sab\u00e3o, antes e ap\u00f3s o uso. A ida ao banheiro ser\u00e1 permitida desde que o participante seja acompanhado pelo fiscal, respeitando a dist\u00e2ncia prevista nos protocolos de prote\u00e7\u00e3o. As m\u00e3os dever\u00e3o ser higienizadas ao entrar e sair do banheiro, durante toda a aplica\u00e7\u00e3o do exame.<\/p>\n<h4>Lanches<\/h4>\n<p style=\"text-align: justify;\">A vistoria de lanches e a revista eletr\u00f4nica nos locais de provas, por meio do uso de detector de metais, tamb\u00e9m dever\u00e3o respeitar os protocolos de preven\u00e7\u00e3o contra a COVID-19. S\u00f3 ser\u00e1 permitida a retirada da m\u00e1scara para alimenta\u00e7\u00e3o ou ingest\u00e3o de l\u00edquidos.<\/p>\n<h4>Salas de prova<\/h4>\n<p style=\"text-align: justify;\">As escolas ser\u00e3o higienizadas antes da aplica\u00e7\u00e3o do exame e organizadas tamb\u00e9m para garantir um distanciamento social adequado. Os espa\u00e7os passar\u00e3o por higieniza\u00e7\u00e3o antes de cada dia de aplica\u00e7\u00e3o e a identifica\u00e7\u00e3o dos participantes ser\u00e1 realizada ao lado de fora das salas. Entre as medidas implementadas para o Enem 2020, em virtude do contexto de pandemia, est\u00e1 a disponibiliza\u00e7\u00e3o de \u00e1lcool em gel nas salas. Assim como outras medidas de preven\u00e7\u00e3o, consta, nos materiais instrutivos abordados na capacita\u00e7\u00e3o dos colaboradores, a determina\u00e7\u00e3o de possibilitar o m\u00e1ximo de ventila\u00e7\u00e3o natural e aera\u00e7\u00e3o dos ambientes.<\/p>\n<p><a href=\"https:\/\/marcelolopes.jor.br\/2021\/01\/05\/seis-escolas-de-cataguases-serao-locais-de-prova-do-enem-2020\/\"><strong><span style=\"color: #800080;\">Veja aqui os locais de prova em Cataguases<\/span><\/strong><\/a><\/p>\n<h4>Distanciamento<\/h4>\n<p style=\"text-align: justify;\">O distanciamento entre participantes e aplicadores e os protocolos de prote\u00e7\u00e3o contra a COVID-19 dever\u00e3o ser respeitados em procedimentos como ida ao banheiro e vistoria de materiais e lanches.<\/p>\n<h4>Grupos de risco<\/h4>\n<p style=\"text-align: justify;\">As pessoas consideradas de grupos de risco (idosos, gestantes e pessoas com doen\u00e7as respirat\u00f3rias ou que afetam a imunidade) receber\u00e3o tratamento diferenciado no ensalamento. A ocupa\u00e7\u00e3o nessas salas ser\u00e1 de at\u00e9 25% da capacidade m\u00e1xima. Esses participantes foram previamente identificados na base de inscritos e, assim, alocados nas salas especiais. Al\u00e9m da redu\u00e7\u00e3o do n\u00famero de pessoas por ambiente de aplica\u00e7\u00e3o, uma sala especial, com ocupa\u00e7\u00e3o de at\u00e9 12 pessoas, ser\u00e1 destinada aos participantes que, segundo o Minist\u00e9rio da Sa\u00fade e a Funda\u00e7\u00e3o Oswaldo Cruz (Fiocruz), s\u00e3o mais vulner\u00e1veis \u00e0 COVID-19. Fazem parte desse grupo: gestantes, lactantes, idosos e pessoas com condi\u00e7\u00f5es m\u00e9dicas preexistentes, como cardiopatias, doen\u00e7as pulmonares cr\u00f4nicas, diabetes, obesidade m\u00f3rbida, hipertens\u00e3o, doen\u00e7as imunossupressoras e oncol\u00f3gicas.\u00a0N\u00e3o h\u00e1 necessidade de realizar uma nova solicita\u00e7\u00e3o ao Inep, j\u00e1 que todas as provid\u00eancias necess\u00e1rias foram adotadas.<\/p>\n<h4>Participantes com doen\u00e7as infectocontagiosas<\/h4>\n<p style=\"text-align: justify;\">Pessoas acometidas ou com sintomas de COVID-19 e outras doen\u00e7as infectocontagiosas, nos dias de realiza\u00e7\u00e3o das provas, n\u00e3o devem comparecer aos locais de aplica\u00e7\u00e3o. Nesses casos, a condi\u00e7\u00e3o dever\u00e1 ser comunicada, por meio da P\u00e1gina do Participante, antes da aplica\u00e7\u00e3o do exame. Os participantes que apresentarem sintomas na v\u00e9spera ou no dia da prova dever\u00e3o procurar o servi\u00e7o de sa\u00fade para diagn\u00f3stico e informar sua condi\u00e7\u00e3o por meio da P\u00e1gina do Participante e pela Central de Atendimento (0800 616161), primando pela seguran\u00e7a da sa\u00fade coletiva. A aprova\u00e7\u00e3o ou a reprova\u00e7\u00e3o da solicita\u00e7\u00e3o de reaplica\u00e7\u00e3o dever\u00e1 ser consultada na P\u00e1gina do Participante.<\/p>\n<h4>Investimentos em biosseguran\u00e7a<\/h4>\n<p style=\"text-align: justify;\">O Inep adequou os locais de prova sob crit\u00e9rios de biosseguran\u00e7a, incluindo disponibiliza\u00e7\u00e3o de produtos de higieniza\u00e7\u00e3o; realiza\u00e7\u00e3o de procedimentos controlados e orientados para acesso ao local de prova; identifica\u00e7\u00e3o de participantes e distanciamento entre as carteiras. O Inep disponibilizar\u00e1 \u00e1lcool em gel e materiais para higieniza\u00e7\u00e3o dos espa\u00e7os. Tamb\u00e9m ser\u00e1 reduzido o n\u00famero de participantes por sala. Est\u00e1 prevista a ocupa\u00e7\u00e3o de aproximadamente 50% da capacidade m\u00e1xima de cada sala.<\/p>\n<h4>Capacita\u00e7\u00e3o dos aplicadores<\/h4>\n<p style=\"text-align: justify;\">Os aplicadores foram capacitados n\u00e3o apenas nos procedimentos de aplica\u00e7\u00e3o do exame, mas sobretudo na preven\u00e7\u00e3o contra a COVID-19, que envolve desde o distanciamento social nos contatos com os participantes at\u00e9 a forma de fiscalizar os lanches. Os colaboradores tamb\u00e9m foram orientados a realizar tr\u00eas vezes a troca de suas pr\u00f3prias m\u00e1scaras durante a aplica\u00e7\u00e3o. A aplica\u00e7\u00e3o das provas \u00e9 fundamental para garantir o acesso dos estudantes ao ensino superior em 2021.<\/p>\n<h4>Hor\u00e1rios<\/h4>\n<p style=\"text-align: justify;\">Os port\u00f5es dos locais de aplica\u00e7\u00e3o ser\u00e3o abertos mais cedo, \u00e0s 11h30 (hor\u00e1rio de Bras\u00edlia). Assim, o participante ter\u00e1 at\u00e9 1 hora e 30 minutos para acessar o local de prova.<\/p>\n<p>Fonte: Inep | Foto: Arquivo<\/p>\n<div class=\"pesbn69f75bf55de23\" ><br><\/div><style type=\"text\/css\">\r\n@media screen and (min-width: 1201px) {\r\n.pesbn69f75bf55de23 {\r\ndisplay: block;\r\n}\r\n}\r\n@media screen and (min-width: 993px) and (max-width: 1200px) {\r\n.pesbn69f75bf55de23 {\r\ndisplay: block;\r\n}\r\n}\r\n@media screen and (min-width: 769px) and (max-width: 992px) {\r\n.pesbn69f75bf55de23 {\r\ndisplay: block;\r\n}\r\n}\r\n@media screen and (min-width: 768px) and (max-width: 768px) {\r\n.pesbn69f75bf55de23 {\r\ndisplay: block;\r\n}\r\n}\r\n@media screen and (max-width: 767px) {\r\n.pesbn69f75bf55de23 {\r\ndisplay: block;\r\n}\r\n}\r\n<\/style>\r\n<div class=\"wulqv69f75bf56532b\" ><div id=\"div_destino\"><\/div>\r\n<script src=\"https:\/\/cdn.snsrsv.com\/sdk.js\"><\/script>\r\n<script >\r\n      new sdk(\"464030C30061EA8BE065000000000001\") \r\n          .appendTo(\"div_destino\")\r\n          .disableStyle(true) \r\n          .setCacheBusterMacro(\"%%CACHEBUSTER%%\")\r\n          .setSize(\"800\",\"214\")\r\n          .setClickMacro(\"%%CLICK_URL_ESC%%\") \r\n          .setReferrerUrlMacro(\"%%REFERRER_URL_ESC%%\") \r\n          .start(); \r\n<\/script><\/div><style type=\"text\/css\">\r\n@media screen and (min-width: 1201px) {\r\n.wulqv69f75bf56532b {\r\ndisplay: block;\r\n}\r\n}\r\n@media screen and (min-width: 993px) and (max-width: 1200px) {\r\n.wulqv69f75bf56532b {\r\ndisplay: block;\r\n}\r\n}\r\n@media screen and (min-width: 769px) and (max-width: 992px) {\r\n.wulqv69f75bf56532b {\r\ndisplay: block;\r\n}\r\n}\r\n@media screen and (min-width: 768px) and (max-width: 768px) {\r\n.wulqv69f75bf56532b {\r\ndisplay: block;\r\n}\r\n}\r\n@media screen and (max-width: 767px) {\r\n.wulqv69f75bf56532b {\r\ndisplay: block;\r\n}\r\n}\r\n<\/style>\r\n","protected":false},"excerpt":{"rendered":"<p>No pr\u00f3ximo domingo, 17 de janeiro, e no seguinte, 24, ser\u00e1 realizada a vers\u00e3o impressa do Enem 2020. Entre outras medidas de seguran\u00e7a em fun\u00e7\u00e3o da pandemia do novo coronav\u00edrus, o hor\u00e1rio de abertura dos port\u00f5es foi adiantado em meia<\/p>\n<p class=\"link-more\"><a class=\"more-link\" href=\"https:\/\/marcelolopes.jor.br\/site\/2021\/01\/12\/conheca-as-medidas-de-biosseguranca-para-realizacao-do-enem-2020\/\">Leia mais <span class=\"screen-reader-text\">Conhe\u00e7a as medidas de biosseguran\u00e7a para realiza\u00e7\u00e3o do Enem 2020<\/span><\/a><\/p>\n","protected":false},"author":2,"featured_media":20661,"comment_status":"open","ping_status":"open","sticky":false,"template":"","format":"standard","meta":{"footnotes":""},"categories":[1],"tags":[2400,2399,1568,3521],"class_list":["post-20659","post","type-post","status-publish","format-standard","has-post-thumbnail","hentry","category-noticias","tag-enem-2020","tag-inep","tag-prova-do-enem","tag-regras-do-enem","thumb-below-title"],"yoast_head":"<!-- This site is optimized with the Yoast SEO plugin v27.4 - https:\/\/yoast.com\/product\/yoast-seo-wordpress\/ -->\n<title>Conhe\u00e7a as medidas de biosseguran\u00e7a para realiza\u00e7\u00e3o do Enem 2020 | Marcelo Lopes<\/title>\n<meta name=\"robots\" content=\"index, follow, max-snippet:-1, max-image-preview:large, max-video-preview:-1\" \/>\n<link rel=\"canonical\" href=\"https:\/\/marcelolopes.jor.br\/site\/2021\/01\/12\/conheca-as-medidas-de-biosseguranca-para-realizacao-do-enem-2020\/\" \/>\n<meta property=\"og:locale\" content=\"pt_BR\" \/>\n<meta property=\"og:type\" content=\"article\" \/>\n<meta property=\"og:title\" content=\"Conhe\u00e7a as medidas de biosseguran\u00e7a para realiza\u00e7\u00e3o do Enem 2020 | Marcelo Lopes\" \/>\n<meta property=\"og:description\" content=\"No pr\u00f3ximo domingo, 17 de janeiro, e no seguinte, 24, ser\u00e1 realizada a vers\u00e3o impressa do Enem 2020. Entre outras medidas de seguran\u00e7a em fun\u00e7\u00e3o da pandemia do novo coronav\u00edrus, o hor\u00e1rio de abertura dos port\u00f5es foi adiantado em meiaLeia mais Conhe\u00e7a as medidas de biosseguran\u00e7a para realiza\u00e7\u00e3o do Enem 2020\" \/>\n<meta property=\"og:url\" content=\"https:\/\/marcelolopes.jor.br\/site\/2021\/01\/12\/conheca-as-medidas-de-biosseguranca-para-realizacao-do-enem-2020\/\" \/>\n<meta property=\"og:site_name\" content=\"Marcelo Lopes\" \/>\n<meta property=\"article:publisher\" content=\"https:\/\/www.facebook.com\/sitedomarcelolopes\" \/>\n<meta property=\"article:published_time\" content=\"2021-01-12T15:00:09+00:00\" \/>\n<meta property=\"article:modified_time\" content=\"2021-01-12T15:37:36+00:00\" \/>\n<meta property=\"og:image\" content=\"https:\/\/marcelolopes.jor.br\/site\/wp-content\/uploads\/2021\/01\/prova-enem-noticia.jpg\" \/>\n\t<meta property=\"og:image:width\" content=\"600\" \/>\n\t<meta property=\"og:image:height\" content=\"400\" \/>\n\t<meta property=\"og:image:type\" content=\"image\/jpeg\" \/>\n<meta name=\"author\" content=\"Marcelo Lopes\" \/>\n<meta name=\"twitter:card\" content=\"summary_large_image\" \/>\n<meta name=\"twitter:label1\" content=\"Escrito por\" \/>\n\t<meta name=\"twitter:data1\" content=\"Marcelo Lopes\" \/>\n\t<meta name=\"twitter:label2\" content=\"Est. tempo de leitura\" \/>\n\t<meta name=\"twitter:data2\" content=\"6 minutos\" \/>\n<script type=\"application\/ld+json\" class=\"yoast-schema-graph\">{\"@context\":\"https:\\\/\\\/schema.org\",\"@graph\":[{\"@type\":\"NewsArticle\",\"@id\":\"https:\\\/\\\/marcelolopes.jor.br\\\/site\\\/2021\\\/01\\\/12\\\/conheca-as-medidas-de-biosseguranca-para-realizacao-do-enem-2020\\\/#article\",\"isPartOf\":{\"@id\":\"https:\\\/\\\/marcelolopes.jor.br\\\/site\\\/2021\\\/01\\\/12\\\/conheca-as-medidas-de-biosseguranca-para-realizacao-do-enem-2020\\\/\"},\"author\":{\"name\":\"Marcelo Lopes\",\"@id\":\"https:\\\/\\\/marcelolopes.jor.br\\\/site\\\/#\\\/schema\\\/person\\\/3e7216a35c34d8fdf952b31da3d1f89f\"},\"headline\":\"Conhe\u00e7a as medidas de biosseguran\u00e7a para realiza\u00e7\u00e3o do Enem 2020\",\"datePublished\":\"2021-01-12T15:00:09+00:00\",\"dateModified\":\"2021-01-12T15:37:36+00:00\",\"mainEntityOfPage\":{\"@id\":\"https:\\\/\\\/marcelolopes.jor.br\\\/site\\\/2021\\\/01\\\/12\\\/conheca-as-medidas-de-biosseguranca-para-realizacao-do-enem-2020\\\/\"},\"wordCount\":1152,\"commentCount\":0,\"publisher\":{\"@id\":\"https:\\\/\\\/marcelolopes.jor.br\\\/site\\\/#organization\"},\"image\":{\"@id\":\"https:\\\/\\\/marcelolopes.jor.br\\\/site\\\/2021\\\/01\\\/12\\\/conheca-as-medidas-de-biosseguranca-para-realizacao-do-enem-2020\\\/#primaryimage\"},\"thumbnailUrl\":\"https:\\\/\\\/marcelolopes.jor.br\\\/site\\\/wp-content\\\/uploads\\\/2021\\\/01\\\/prova-enem-noticia.jpg\",\"keywords\":[\"Enem 2020\",\"Inep\",\"prova do Enem\",\"regras do Enem\"],\"articleSection\":[\"Not\u00edcias\"],\"inLanguage\":\"pt-BR\",\"potentialAction\":[{\"@type\":\"CommentAction\",\"name\":\"Comment\",\"target\":[\"https:\\\/\\\/marcelolopes.jor.br\\\/site\\\/2021\\\/01\\\/12\\\/conheca-as-medidas-de-biosseguranca-para-realizacao-do-enem-2020\\\/#respond\"]}]},{\"@type\":\"WebPage\",\"@id\":\"https:\\\/\\\/marcelolopes.jor.br\\\/site\\\/2021\\\/01\\\/12\\\/conheca-as-medidas-de-biosseguranca-para-realizacao-do-enem-2020\\\/\",\"url\":\"https:\\\/\\\/marcelolopes.jor.br\\\/site\\\/2021\\\/01\\\/12\\\/conheca-as-medidas-de-biosseguranca-para-realizacao-do-enem-2020\\\/\",\"name\":\"Conhe\u00e7a as medidas de biosseguran\u00e7a para realiza\u00e7\u00e3o do Enem 2020 | Marcelo Lopes\",\"isPartOf\":{\"@id\":\"https:\\\/\\\/marcelolopes.jor.br\\\/site\\\/#website\"},\"primaryImageOfPage\":{\"@id\":\"https:\\\/\\\/marcelolopes.jor.br\\\/site\\\/2021\\\/01\\\/12\\\/conheca-as-medidas-de-biosseguranca-para-realizacao-do-enem-2020\\\/#primaryimage\"},\"image\":{\"@id\":\"https:\\\/\\\/marcelolopes.jor.br\\\/site\\\/2021\\\/01\\\/12\\\/conheca-as-medidas-de-biosseguranca-para-realizacao-do-enem-2020\\\/#primaryimage\"},\"thumbnailUrl\":\"https:\\\/\\\/marcelolopes.jor.br\\\/site\\\/wp-content\\\/uploads\\\/2021\\\/01\\\/prova-enem-noticia.jpg\",\"datePublished\":\"2021-01-12T15:00:09+00:00\",\"dateModified\":\"2021-01-12T15:37:36+00:00\",\"breadcrumb\":{\"@id\":\"https:\\\/\\\/marcelolopes.jor.br\\\/site\\\/2021\\\/01\\\/12\\\/conheca-as-medidas-de-biosseguranca-para-realizacao-do-enem-2020\\\/#breadcrumb\"},\"inLanguage\":\"pt-BR\",\"potentialAction\":[{\"@type\":\"ReadAction\",\"target\":[\"https:\\\/\\\/marcelolopes.jor.br\\\/site\\\/2021\\\/01\\\/12\\\/conheca-as-medidas-de-biosseguranca-para-realizacao-do-enem-2020\\\/\"]}]},{\"@type\":\"ImageObject\",\"inLanguage\":\"pt-BR\",\"@id\":\"https:\\\/\\\/marcelolopes.jor.br\\\/site\\\/2021\\\/01\\\/12\\\/conheca-as-medidas-de-biosseguranca-para-realizacao-do-enem-2020\\\/#primaryimage\",\"url\":\"https:\\\/\\\/marcelolopes.jor.br\\\/site\\\/wp-content\\\/uploads\\\/2021\\\/01\\\/prova-enem-noticia.jpg\",\"contentUrl\":\"https:\\\/\\\/marcelolopes.jor.br\\\/site\\\/wp-content\\\/uploads\\\/2021\\\/01\\\/prova-enem-noticia.jpg\",\"width\":600,\"height\":400},{\"@type\":\"BreadcrumbList\",\"@id\":\"https:\\\/\\\/marcelolopes.jor.br\\\/site\\\/2021\\\/01\\\/12\\\/conheca-as-medidas-de-biosseguranca-para-realizacao-do-enem-2020\\\/#breadcrumb\",\"itemListElement\":[{\"@type\":\"ListItem\",\"position\":1,\"name\":\"Home\",\"item\":\"https:\\\/\\\/marcelolopes.jor.br\\\/site\\\/\"},{\"@type\":\"ListItem\",\"position\":2,\"name\":\"Conhe\u00e7a as medidas de biosseguran\u00e7a para realiza\u00e7\u00e3o do Enem 2020\"}]},{\"@type\":\"WebSite\",\"@id\":\"https:\\\/\\\/marcelolopes.jor.br\\\/site\\\/#website\",\"url\":\"https:\\\/\\\/marcelolopes.jor.br\\\/site\\\/\",\"name\":\"Marcelo Lopes\",\"description\":\"Not\u00edcias de Cataguases e Regi\u00e3o\",\"publisher\":{\"@id\":\"https:\\\/\\\/marcelolopes.jor.br\\\/site\\\/#organization\"},\"potentialAction\":[{\"@type\":\"SearchAction\",\"target\":{\"@type\":\"EntryPoint\",\"urlTemplate\":\"https:\\\/\\\/marcelolopes.jor.br\\\/site\\\/?s={search_term_string}\"},\"query-input\":{\"@type\":\"PropertyValueSpecification\",\"valueRequired\":true,\"valueName\":\"search_term_string\"}}],\"inLanguage\":\"pt-BR\"},{\"@type\":\"Organization\",\"@id\":\"https:\\\/\\\/marcelolopes.jor.br\\\/site\\\/#organization\",\"name\":\"Site do Marcelo Lopes\",\"url\":\"https:\\\/\\\/marcelolopes.jor.br\\\/site\\\/\",\"logo\":{\"@type\":\"ImageObject\",\"inLanguage\":\"pt-BR\",\"@id\":\"https:\\\/\\\/marcelolopes.jor.br\\\/site\\\/#\\\/schema\\\/logo\\\/image\\\/\",\"url\":\"https:\\\/\\\/marcelolopes.jor.br\\\/site\\\/wp-content\\\/uploads\\\/2024\\\/11\\\/logo-1.png\",\"contentUrl\":\"https:\\\/\\\/marcelolopes.jor.br\\\/site\\\/wp-content\\\/uploads\\\/2024\\\/11\\\/logo-1.png\",\"width\":475,\"height\":80,\"caption\":\"Site do Marcelo Lopes\"},\"image\":{\"@id\":\"https:\\\/\\\/marcelolopes.jor.br\\\/site\\\/#\\\/schema\\\/logo\\\/image\\\/\"},\"sameAs\":[\"https:\\\/\\\/www.facebook.com\\\/sitedomarcelolopes\",\"https:\\\/\\\/www.instagram.com\\\/sitedomarcelolopes\\\/\",\"https:\\\/\\\/www.linkedin.com\\\/company\\\/site-do-marcelo-lopes\\\/\",\"https:\\\/\\\/www.youtube.com\\\/user\\\/marcelolopes957\"]},{\"@type\":\"Person\",\"@id\":\"https:\\\/\\\/marcelolopes.jor.br\\\/site\\\/#\\\/schema\\\/person\\\/3e7216a35c34d8fdf952b31da3d1f89f\",\"name\":\"Marcelo Lopes\",\"sameAs\":[\"http:\\\/\\\/www.marcelolopes.jor.br\"],\"url\":\"https:\\\/\\\/marcelolopes.jor.br\\\/site\\\/author\\\/marcelo\\\/\"}]}<\/script>\n<!-- \/ Yoast SEO plugin. -->","yoast_head_json":{"title":"Conhe\u00e7a as medidas de biosseguran\u00e7a para realiza\u00e7\u00e3o do Enem 2020 | Marcelo Lopes","robots":{"index":"index","follow":"follow","max-snippet":"max-snippet:-1","max-image-preview":"max-image-preview:large","max-video-preview":"max-video-preview:-1"},"canonical":"https:\/\/marcelolopes.jor.br\/site\/2021\/01\/12\/conheca-as-medidas-de-biosseguranca-para-realizacao-do-enem-2020\/","og_locale":"pt_BR","og_type":"article","og_title":"Conhe\u00e7a as medidas de biosseguran\u00e7a para realiza\u00e7\u00e3o do Enem 2020 | Marcelo Lopes","og_description":"No pr\u00f3ximo domingo, 17 de janeiro, e no seguinte, 24, ser\u00e1 realizada a vers\u00e3o impressa do Enem 2020. Entre outras medidas de seguran\u00e7a em fun\u00e7\u00e3o da pandemia do novo coronav\u00edrus, o hor\u00e1rio de abertura dos port\u00f5es foi adiantado em meiaLeia mais Conhe\u00e7a as medidas de biosseguran\u00e7a para realiza\u00e7\u00e3o do Enem 2020","og_url":"https:\/\/marcelolopes.jor.br\/site\/2021\/01\/12\/conheca-as-medidas-de-biosseguranca-para-realizacao-do-enem-2020\/","og_site_name":"Marcelo Lopes","article_publisher":"https:\/\/www.facebook.com\/sitedomarcelolopes","article_published_time":"2021-01-12T15:00:09+00:00","article_modified_time":"2021-01-12T15:37:36+00:00","og_image":[{"width":600,"height":400,"url":"https:\/\/marcelolopes.jor.br\/site\/wp-content\/uploads\/2021\/01\/prova-enem-noticia.jpg","type":"image\/jpeg"}],"author":"Marcelo Lopes","twitter_card":"summary_large_image","twitter_misc":{"Escrito por":"Marcelo Lopes","Est. tempo de leitura":"6 minutos"},"schema":{"@context":"https:\/\/schema.org","@graph":[{"@type":"NewsArticle","@id":"https:\/\/marcelolopes.jor.br\/site\/2021\/01\/12\/conheca-as-medidas-de-biosseguranca-para-realizacao-do-enem-2020\/#article","isPartOf":{"@id":"https:\/\/marcelolopes.jor.br\/site\/2021\/01\/12\/conheca-as-medidas-de-biosseguranca-para-realizacao-do-enem-2020\/"},"author":{"name":"Marcelo Lopes","@id":"https:\/\/marcelolopes.jor.br\/site\/#\/schema\/person\/3e7216a35c34d8fdf952b31da3d1f89f"},"headline":"Conhe\u00e7a as medidas de biosseguran\u00e7a para realiza\u00e7\u00e3o do Enem 2020","datePublished":"2021-01-12T15:00:09+00:00","dateModified":"2021-01-12T15:37:36+00:00","mainEntityOfPage":{"@id":"https:\/\/marcelolopes.jor.br\/site\/2021\/01\/12\/conheca-as-medidas-de-biosseguranca-para-realizacao-do-enem-2020\/"},"wordCount":1152,"commentCount":0,"publisher":{"@id":"https:\/\/marcelolopes.jor.br\/site\/#organization"},"image":{"@id":"https:\/\/marcelolopes.jor.br\/site\/2021\/01\/12\/conheca-as-medidas-de-biosseguranca-para-realizacao-do-enem-2020\/#primaryimage"},"thumbnailUrl":"https:\/\/marcelolopes.jor.br\/site\/wp-content\/uploads\/2021\/01\/prova-enem-noticia.jpg","keywords":["Enem 2020","Inep","prova do Enem","regras do Enem"],"articleSection":["Not\u00edcias"],"inLanguage":"pt-BR","potentialAction":[{"@type":"CommentAction","name":"Comment","target":["https:\/\/marcelolopes.jor.br\/site\/2021\/01\/12\/conheca-as-medidas-de-biosseguranca-para-realizacao-do-enem-2020\/#respond"]}]},{"@type":"WebPage","@id":"https:\/\/marcelolopes.jor.br\/site\/2021\/01\/12\/conheca-as-medidas-de-biosseguranca-para-realizacao-do-enem-2020\/","url":"https:\/\/marcelolopes.jor.br\/site\/2021\/01\/12\/conheca-as-medidas-de-biosseguranca-para-realizacao-do-enem-2020\/","name":"Conhe\u00e7a as medidas de biosseguran\u00e7a para realiza\u00e7\u00e3o do Enem 2020 | Marcelo Lopes","isPartOf":{"@id":"https:\/\/marcelolopes.jor.br\/site\/#website"},"primaryImageOfPage":{"@id":"https:\/\/marcelolopes.jor.br\/site\/2021\/01\/12\/conheca-as-medidas-de-biosseguranca-para-realizacao-do-enem-2020\/#primaryimage"},"image":{"@id":"https:\/\/marcelolopes.jor.br\/site\/2021\/01\/12\/conheca-as-medidas-de-biosseguranca-para-realizacao-do-enem-2020\/#primaryimage"},"thumbnailUrl":"https:\/\/marcelolopes.jor.br\/site\/wp-content\/uploads\/2021\/01\/prova-enem-noticia.jpg","datePublished":"2021-01-12T15:00:09+00:00","dateModified":"2021-01-12T15:37:36+00:00","breadcrumb":{"@id":"https:\/\/marcelolopes.jor.br\/site\/2021\/01\/12\/conheca-as-medidas-de-biosseguranca-para-realizacao-do-enem-2020\/#breadcrumb"},"inLanguage":"pt-BR","potentialAction":[{"@type":"ReadAction","target":["https:\/\/marcelolopes.jor.br\/site\/2021\/01\/12\/conheca-as-medidas-de-biosseguranca-para-realizacao-do-enem-2020\/"]}]},{"@type":"ImageObject","inLanguage":"pt-BR","@id":"https:\/\/marcelolopes.jor.br\/site\/2021\/01\/12\/conheca-as-medidas-de-biosseguranca-para-realizacao-do-enem-2020\/#primaryimage","url":"https:\/\/marcelolopes.jor.br\/site\/wp-content\/uploads\/2021\/01\/prova-enem-noticia.jpg","contentUrl":"https:\/\/marcelolopes.jor.br\/site\/wp-content\/uploads\/2021\/01\/prova-enem-noticia.jpg","width":600,"height":400},{"@type":"BreadcrumbList","@id":"https:\/\/marcelolopes.jor.br\/site\/2021\/01\/12\/conheca-as-medidas-de-biosseguranca-para-realizacao-do-enem-2020\/#breadcrumb","itemListElement":[{"@type":"ListItem","position":1,"name":"Home","item":"https:\/\/marcelolopes.jor.br\/site\/"},{"@type":"ListItem","position":2,"name":"Conhe\u00e7a as medidas de biosseguran\u00e7a para realiza\u00e7\u00e3o do Enem 2020"}]},{"@type":"WebSite","@id":"https:\/\/marcelolopes.jor.br\/site\/#website","url":"https:\/\/marcelolopes.jor.br\/site\/","name":"Marcelo Lopes","description":"Not\u00edcias de Cataguases e Regi\u00e3o","publisher":{"@id":"https:\/\/marcelolopes.jor.br\/site\/#organization"},"potentialAction":[{"@type":"SearchAction","target":{"@type":"EntryPoint","urlTemplate":"https:\/\/marcelolopes.jor.br\/site\/?s={search_term_string}"},"query-input":{"@type":"PropertyValueSpecification","valueRequired":true,"valueName":"search_term_string"}}],"inLanguage":"pt-BR"},{"@type":"Organization","@id":"https:\/\/marcelolopes.jor.br\/site\/#organization","name":"Site do Marcelo Lopes","url":"https:\/\/marcelolopes.jor.br\/site\/","logo":{"@type":"ImageObject","inLanguage":"pt-BR","@id":"https:\/\/marcelolopes.jor.br\/site\/#\/schema\/logo\/image\/","url":"https:\/\/marcelolopes.jor.br\/site\/wp-content\/uploads\/2024\/11\/logo-1.png","contentUrl":"https:\/\/marcelolopes.jor.br\/site\/wp-content\/uploads\/2024\/11\/logo-1.png","width":475,"height":80,"caption":"Site do Marcelo Lopes"},"image":{"@id":"https:\/\/marcelolopes.jor.br\/site\/#\/schema\/logo\/image\/"},"sameAs":["https:\/\/www.facebook.com\/sitedomarcelolopes","https:\/\/www.instagram.com\/sitedomarcelolopes\/","https:\/\/www.linkedin.com\/company\/site-do-marcelo-lopes\/","https:\/\/www.youtube.com\/user\/marcelolopes957"]},{"@type":"Person","@id":"https:\/\/marcelolopes.jor.br\/site\/#\/schema\/person\/3e7216a35c34d8fdf952b31da3d1f89f","name":"Marcelo Lopes","sameAs":["http:\/\/www.marcelolopes.jor.br"],"url":"https:\/\/marcelolopes.jor.br\/site\/author\/marcelo\/"}]}},"wps_subtitle":"Port\u00f5es dos locais de prova ser\u00e3o abertos com uma hora e meia de anteced\u00eancia.","_links":{"self":[{"href":"https:\/\/marcelolopes.jor.br\/site\/wp-json\/wp\/v2\/posts\/20659","targetHints":{"allow":["GET"]}}],"collection":[{"href":"https:\/\/marcelolopes.jor.br\/site\/wp-json\/wp\/v2\/posts"}],"about":[{"href":"https:\/\/marcelolopes.jor.br\/site\/wp-json\/wp\/v2\/types\/post"}],"author":[{"embeddable":true,"href":"https:\/\/marcelolopes.jor.br\/site\/wp-json\/wp\/v2\/users\/2"}],"replies":[{"embeddable":true,"href":"https:\/\/marcelolopes.jor.br\/site\/wp-json\/wp\/v2\/comments?post=20659"}],"version-history":[{"count":0,"href":"https:\/\/marcelolopes.jor.br\/site\/wp-json\/wp\/v2\/posts\/20659\/revisions"}],"wp:featuredmedia":[{"embeddable":true,"href":"https:\/\/marcelolopes.jor.br\/site\/wp-json\/wp\/v2\/media\/20661"}],"wp:attachment":[{"href":"https:\/\/marcelolopes.jor.br\/site\/wp-json\/wp\/v2\/media?parent=20659"}],"wp:term":[{"taxonomy":"category","embeddable":true,"href":"https:\/\/marcelolopes.jor.br\/site\/wp-json\/wp\/v2\/categories?post=20659"},{"taxonomy":"post_tag","embeddable":true,"href":"https:\/\/marcelolopes.jor.br\/site\/wp-json\/wp\/v2\/tags?post=20659"}],"curies":[{"name":"wp","href":"https:\/\/api.w.org\/{rel}","templated":true}]}}