{"id":20598,"date":"2021-01-08T20:00:55","date_gmt":"2021-01-08T23:00:55","guid":{"rendered":"https:\/\/marcelolopes.jor.br\/?p=20598"},"modified":"2021-01-08T19:43:01","modified_gmt":"2021-01-08T22:43:01","slug":"hospital-segue-com-utis-e-enfermaria-lotadas-por-causa-da-covid-19","status":"publish","type":"post","link":"https:\/\/marcelolopes.jor.br\/site\/2021\/01\/08\/hospital-segue-com-utis-e-enfermaria-lotadas-por-causa-da-covid-19\/","title":{"rendered":"Hospital segue com UTIs e Enfermaria lotadas por causa da Covid-19"},"content":{"rendered":"<p style=\"text-align: justify;\">Com elevada taxa de ocupa\u00e7\u00e3o de seus leitos, o Hospital de Cataguases segue trabalhando no limite de sua capacidade para atender aos casos de Covid-19 que chegam diariamente. A situa\u00e7\u00e3o fica ainda mais grave quando n\u00e3o se encontra novos profissionais de sa\u00fade para serem contratados. Este \u00e9 hoje o principal problema enfrentado pelos hospitais e prefeituras, que n\u00e3o conseguem, dessa forma, montar novos leitos e ampliar o atendimento. &#8220;A situa\u00e7\u00e3o ainda est\u00e1 longe de melhorar&#8221;, conforme constatou nesta sexta-feira, 08 de janeiro, o Secret\u00e1rio Municipal de Sa\u00fade de Cataguases, Ricardo Mattos.<!--more--><\/p>\n<p style=\"text-align: justify;\"><a href=\"https:\/\/instagram.com\/agenciaramdigital?igshid=148gc1hfd2zwg\"><img loading=\"lazy\" decoding=\"async\" class=\"aligncenter wp-image-20497 size-full\" src=\"https:\/\/marcelolopes.jor.br\/site\/wp-content\/uploads\/2021\/01\/WhatsApp-Image-2021-01-04-at-20.40.15.jpeg\" alt=\"\" width=\"800\" height=\"214\" srcset=\"https:\/\/marcelolopes.jor.br\/site\/wp-content\/uploads\/2021\/01\/WhatsApp-Image-2021-01-04-at-20.40.15.jpeg 800w, https:\/\/marcelolopes.jor.br\/site\/wp-content\/uploads\/2021\/01\/WhatsApp-Image-2021-01-04-at-20.40.15-300x80.jpeg 300w, https:\/\/marcelolopes.jor.br\/site\/wp-content\/uploads\/2021\/01\/WhatsApp-Image-2021-01-04-at-20.40.15-768x205.jpeg 768w\" sizes=\"auto, (max-width: 800px) 100vw, 800px\" \/><\/a>No Hospital de Cataguases, a taxa de ocupa\u00e7\u00e3o dos leitos \u00e9 de 80% na UTI Covid, 85% na Enfermaria Covid e 100% na UTI Geral. Este est\u00e1gio de pr\u00e9-colapso do sistema \u00e9 que vem deixando as autoridades em sa\u00fade do munic\u00edpio apreensivas. Isto porque com uma taxa de ocupa\u00e7\u00e3o t\u00e3o alta, a possibilidade de atendimento de novos pacientes fica bastante reduzida, visto que se chegarem tr\u00eas de uma s\u00f3 vez, \u00e9 muito prov\u00e1vel que pelo menos um deles n\u00e3o seja atendido por falta de vaga. &#8220;Por isso, refor\u00e7a Ricardo Mattos, a gente n\u00e3o cansa de repetir para as pessoas ficarem em casa, s\u00f3 sairem quando necess\u00e1rio e usarem m\u00e1scara\u201d, destacou.<\/p>\n<p style=\"text-align: justify;\">Nesta sexta-feira, foram registrados 44 casos novos de Covid-19 em Cataguases. Dados divulgados pela Vigil\u00e2ncia Epidemiol\u00f3gica indicam 25 mulheres, sendo 21 sintom\u00e1ticas e 4 assintom\u00e1ticas, e 19 homens, com 13 sintom\u00e1ticos e 6 assintom\u00e1ticos. 2.263 pessoas se infectaram com o v\u00edrus desde o in\u00edcio da pandemia em 19 de mar\u00e7o de 2020. Desse total, 2.072 se recuperaram e 61 n\u00e3o sobreviveram. H\u00e1, ainda, 20 casos suspeitos e 197 monitorados em isolamento. 6.575 pessoas foram diagnosticadas com S\u00edndrome Gripal Inespec\u00edfica.<\/p>\n<div class=\"nbqsm69f72643e114e\" ><br><\/div><style type=\"text\/css\">\r\n@media screen and (min-width: 1201px) {\r\n.nbqsm69f72643e114e {\r\ndisplay: block;\r\n}\r\n}\r\n@media screen and (min-width: 993px) and (max-width: 1200px) {\r\n.nbqsm69f72643e114e {\r\ndisplay: block;\r\n}\r\n}\r\n@media screen and (min-width: 769px) and (max-width: 992px) {\r\n.nbqsm69f72643e114e {\r\ndisplay: block;\r\n}\r\n}\r\n@media screen and (min-width: 768px) and (max-width: 768px) {\r\n.nbqsm69f72643e114e {\r\ndisplay: block;\r\n}\r\n}\r\n@media screen and (max-width: 767px) {\r\n.nbqsm69f72643e114e {\r\ndisplay: block;\r\n}\r\n}\r\n<\/style>\r\n<div class=\"qwzvy69f72643e5c2c\" ><div id=\"div_destino\"><\/div>\r\n<script src=\"https:\/\/cdn.snsrsv.com\/sdk.js\"><\/script>\r\n<script >\r\n      new sdk(\"464030C30061EA8BE065000000000001\") \r\n          .appendTo(\"div_destino\")\r\n          .disableStyle(true) \r\n          .setCacheBusterMacro(\"%%CACHEBUSTER%%\")\r\n          .setSize(\"800\",\"214\")\r\n          .setClickMacro(\"%%CLICK_URL_ESC%%\") \r\n          .setReferrerUrlMacro(\"%%REFERRER_URL_ESC%%\") \r\n          .start(); \r\n<\/script><\/div><style type=\"text\/css\">\r\n@media screen and (min-width: 1201px) {\r\n.qwzvy69f72643e5c2c {\r\ndisplay: block;\r\n}\r\n}\r\n@media screen and (min-width: 993px) and (max-width: 1200px) {\r\n.qwzvy69f72643e5c2c {\r\ndisplay: block;\r\n}\r\n}\r\n@media screen and (min-width: 769px) and (max-width: 992px) {\r\n.qwzvy69f72643e5c2c {\r\ndisplay: block;\r\n}\r\n}\r\n@media screen and (min-width: 768px) and (max-width: 768px) {\r\n.qwzvy69f72643e5c2c {\r\ndisplay: block;\r\n}\r\n}\r\n@media screen and (max-width: 767px) {\r\n.qwzvy69f72643e5c2c {\r\ndisplay: block;\r\n}\r\n}\r\n<\/style>\r\n","protected":false},"excerpt":{"rendered":"<p>Com elevada taxa de ocupa\u00e7\u00e3o de seus leitos, o Hospital de Cataguases segue trabalhando no limite de sua capacidade para atender aos casos de Covid-19 que chegam diariamente. A situa\u00e7\u00e3o fica ainda mais grave quando n\u00e3o se encontra novos profissionais<\/p>\n<p class=\"link-more\"><a class=\"more-link\" href=\"https:\/\/marcelolopes.jor.br\/site\/2021\/01\/08\/hospital-segue-com-utis-e-enfermaria-lotadas-por-causa-da-covid-19\/\">Leia mais <span class=\"screen-reader-text\">Hospital segue com UTIs e Enfermaria lotadas por causa da Covid-19<\/span><\/a><\/p>\n","protected":false},"author":2,"featured_media":20151,"comment_status":"open","ping_status":"open","sticky":false,"template":"","format":"standard","meta":{"footnotes":""},"categories":[1],"tags":[2555,341,2529,2370],"class_list":["post-20598","post","type-post","status-publish","format-standard","has-post-thumbnail","hentry","category-noticias","tag-casos-de-covid-19","tag-hospital-de-cataguases","tag-internacoes","tag-novos-casos","thumb-below-title"],"yoast_head":"<!-- This site is optimized with the Yoast SEO plugin v27.4 - https:\/\/yoast.com\/product\/yoast-seo-wordpress\/ -->\n<title>Hospital segue com UTIs e Enfermaria lotadas por causa da Covid-19 | Marcelo Lopes<\/title>\n<meta name=\"robots\" content=\"index, follow, max-snippet:-1, max-image-preview:large, max-video-preview:-1\" \/>\n<link rel=\"canonical\" href=\"https:\/\/marcelolopes.jor.br\/site\/2021\/01\/08\/hospital-segue-com-utis-e-enfermaria-lotadas-por-causa-da-covid-19\/\" \/>\n<meta property=\"og:locale\" content=\"pt_BR\" \/>\n<meta property=\"og:type\" content=\"article\" \/>\n<meta property=\"og:title\" content=\"Hospital segue com UTIs e Enfermaria lotadas por causa da Covid-19 | Marcelo Lopes\" \/>\n<meta property=\"og:description\" content=\"Com elevada taxa de ocupa\u00e7\u00e3o de seus leitos, o Hospital de Cataguases segue trabalhando no limite de sua capacidade para atender aos casos de Covid-19 que chegam diariamente. A situa\u00e7\u00e3o fica ainda mais grave quando n\u00e3o se encontra novos profissionaisLeia mais Hospital segue com UTIs e Enfermaria lotadas por causa da Covid-19\" \/>\n<meta property=\"og:url\" content=\"https:\/\/marcelolopes.jor.br\/site\/2021\/01\/08\/hospital-segue-com-utis-e-enfermaria-lotadas-por-causa-da-covid-19\/\" \/>\n<meta property=\"og:site_name\" content=\"Marcelo Lopes\" \/>\n<meta property=\"article:publisher\" content=\"https:\/\/www.facebook.com\/sitedomarcelolopes\" \/>\n<meta property=\"article:published_time\" content=\"2021-01-08T23:00:55+00:00\" \/>\n<meta property=\"og:image\" content=\"https:\/\/marcelolopes.jor.br\/site\/wp-content\/uploads\/2020\/12\/hospital-840135-1920.jpg\" \/>\n\t<meta property=\"og:image:width\" content=\"1920\" \/>\n\t<meta property=\"og:image:height\" content=\"1280\" \/>\n\t<meta property=\"og:image:type\" content=\"image\/jpeg\" \/>\n<meta name=\"author\" content=\"Marcelo Lopes\" \/>\n<meta name=\"twitter:card\" content=\"summary_large_image\" \/>\n<meta name=\"twitter:label1\" content=\"Escrito por\" \/>\n\t<meta name=\"twitter:data1\" content=\"Marcelo Lopes\" \/>\n\t<meta name=\"twitter:label2\" content=\"Est. tempo de leitura\" \/>\n\t<meta name=\"twitter:data2\" content=\"1 minuto\" \/>\n<script type=\"application\/ld+json\" class=\"yoast-schema-graph\">{\"@context\":\"https:\\\/\\\/schema.org\",\"@graph\":[{\"@type\":\"NewsArticle\",\"@id\":\"https:\\\/\\\/marcelolopes.jor.br\\\/site\\\/2021\\\/01\\\/08\\\/hospital-segue-com-utis-e-enfermaria-lotadas-por-causa-da-covid-19\\\/#article\",\"isPartOf\":{\"@id\":\"https:\\\/\\\/marcelolopes.jor.br\\\/site\\\/2021\\\/01\\\/08\\\/hospital-segue-com-utis-e-enfermaria-lotadas-por-causa-da-covid-19\\\/\"},\"author\":{\"name\":\"Marcelo Lopes\",\"@id\":\"https:\\\/\\\/marcelolopes.jor.br\\\/site\\\/#\\\/schema\\\/person\\\/3e7216a35c34d8fdf952b31da3d1f89f\"},\"headline\":\"Hospital segue com UTIs e Enfermaria lotadas por causa da Covid-19\",\"datePublished\":\"2021-01-08T23:00:55+00:00\",\"mainEntityOfPage\":{\"@id\":\"https:\\\/\\\/marcelolopes.jor.br\\\/site\\\/2021\\\/01\\\/08\\\/hospital-segue-com-utis-e-enfermaria-lotadas-por-causa-da-covid-19\\\/\"},\"wordCount\":302,\"commentCount\":0,\"publisher\":{\"@id\":\"https:\\\/\\\/marcelolopes.jor.br\\\/site\\\/#organization\"},\"image\":{\"@id\":\"https:\\\/\\\/marcelolopes.jor.br\\\/site\\\/2021\\\/01\\\/08\\\/hospital-segue-com-utis-e-enfermaria-lotadas-por-causa-da-covid-19\\\/#primaryimage\"},\"thumbnailUrl\":\"https:\\\/\\\/marcelolopes.jor.br\\\/site\\\/wp-content\\\/uploads\\\/2020\\\/12\\\/hospital-840135-1920.jpg\",\"keywords\":[\"casos de covid-19\",\"Hospital de Cataguases\",\"interna\u00e7\u00f5es\",\"novos casos\"],\"articleSection\":[\"Not\u00edcias\"],\"inLanguage\":\"pt-BR\",\"potentialAction\":[{\"@type\":\"CommentAction\",\"name\":\"Comment\",\"target\":[\"https:\\\/\\\/marcelolopes.jor.br\\\/site\\\/2021\\\/01\\\/08\\\/hospital-segue-com-utis-e-enfermaria-lotadas-por-causa-da-covid-19\\\/#respond\"]}]},{\"@type\":\"WebPage\",\"@id\":\"https:\\\/\\\/marcelolopes.jor.br\\\/site\\\/2021\\\/01\\\/08\\\/hospital-segue-com-utis-e-enfermaria-lotadas-por-causa-da-covid-19\\\/\",\"url\":\"https:\\\/\\\/marcelolopes.jor.br\\\/site\\\/2021\\\/01\\\/08\\\/hospital-segue-com-utis-e-enfermaria-lotadas-por-causa-da-covid-19\\\/\",\"name\":\"Hospital segue com UTIs e Enfermaria lotadas por causa da Covid-19 | Marcelo Lopes\",\"isPartOf\":{\"@id\":\"https:\\\/\\\/marcelolopes.jor.br\\\/site\\\/#website\"},\"primaryImageOfPage\":{\"@id\":\"https:\\\/\\\/marcelolopes.jor.br\\\/site\\\/2021\\\/01\\\/08\\\/hospital-segue-com-utis-e-enfermaria-lotadas-por-causa-da-covid-19\\\/#primaryimage\"},\"image\":{\"@id\":\"https:\\\/\\\/marcelolopes.jor.br\\\/site\\\/2021\\\/01\\\/08\\\/hospital-segue-com-utis-e-enfermaria-lotadas-por-causa-da-covid-19\\\/#primaryimage\"},\"thumbnailUrl\":\"https:\\\/\\\/marcelolopes.jor.br\\\/site\\\/wp-content\\\/uploads\\\/2020\\\/12\\\/hospital-840135-1920.jpg\",\"datePublished\":\"2021-01-08T23:00:55+00:00\",\"breadcrumb\":{\"@id\":\"https:\\\/\\\/marcelolopes.jor.br\\\/site\\\/2021\\\/01\\\/08\\\/hospital-segue-com-utis-e-enfermaria-lotadas-por-causa-da-covid-19\\\/#breadcrumb\"},\"inLanguage\":\"pt-BR\",\"potentialAction\":[{\"@type\":\"ReadAction\",\"target\":[\"https:\\\/\\\/marcelolopes.jor.br\\\/site\\\/2021\\\/01\\\/08\\\/hospital-segue-com-utis-e-enfermaria-lotadas-por-causa-da-covid-19\\\/\"]}]},{\"@type\":\"ImageObject\",\"inLanguage\":\"pt-BR\",\"@id\":\"https:\\\/\\\/marcelolopes.jor.br\\\/site\\\/2021\\\/01\\\/08\\\/hospital-segue-com-utis-e-enfermaria-lotadas-por-causa-da-covid-19\\\/#primaryimage\",\"url\":\"https:\\\/\\\/marcelolopes.jor.br\\\/site\\\/wp-content\\\/uploads\\\/2020\\\/12\\\/hospital-840135-1920.jpg\",\"contentUrl\":\"https:\\\/\\\/marcelolopes.jor.br\\\/site\\\/wp-content\\\/uploads\\\/2020\\\/12\\\/hospital-840135-1920.jpg\",\"width\":1920,\"height\":1280},{\"@type\":\"BreadcrumbList\",\"@id\":\"https:\\\/\\\/marcelolopes.jor.br\\\/site\\\/2021\\\/01\\\/08\\\/hospital-segue-com-utis-e-enfermaria-lotadas-por-causa-da-covid-19\\\/#breadcrumb\",\"itemListElement\":[{\"@type\":\"ListItem\",\"position\":1,\"name\":\"Home\",\"item\":\"https:\\\/\\\/marcelolopes.jor.br\\\/site\\\/\"},{\"@type\":\"ListItem\",\"position\":2,\"name\":\"Hospital segue com UTIs e Enfermaria lotadas por causa da Covid-19\"}]},{\"@type\":\"WebSite\",\"@id\":\"https:\\\/\\\/marcelolopes.jor.br\\\/site\\\/#website\",\"url\":\"https:\\\/\\\/marcelolopes.jor.br\\\/site\\\/\",\"name\":\"Marcelo Lopes\",\"description\":\"Not\u00edcias de Cataguases e Regi\u00e3o\",\"publisher\":{\"@id\":\"https:\\\/\\\/marcelolopes.jor.br\\\/site\\\/#organization\"},\"potentialAction\":[{\"@type\":\"SearchAction\",\"target\":{\"@type\":\"EntryPoint\",\"urlTemplate\":\"https:\\\/\\\/marcelolopes.jor.br\\\/site\\\/?s={search_term_string}\"},\"query-input\":{\"@type\":\"PropertyValueSpecification\",\"valueRequired\":true,\"valueName\":\"search_term_string\"}}],\"inLanguage\":\"pt-BR\"},{\"@type\":\"Organization\",\"@id\":\"https:\\\/\\\/marcelolopes.jor.br\\\/site\\\/#organization\",\"name\":\"Site do Marcelo Lopes\",\"url\":\"https:\\\/\\\/marcelolopes.jor.br\\\/site\\\/\",\"logo\":{\"@type\":\"ImageObject\",\"inLanguage\":\"pt-BR\",\"@id\":\"https:\\\/\\\/marcelolopes.jor.br\\\/site\\\/#\\\/schema\\\/logo\\\/image\\\/\",\"url\":\"https:\\\/\\\/marcelolopes.jor.br\\\/site\\\/wp-content\\\/uploads\\\/2024\\\/11\\\/logo-1.png\",\"contentUrl\":\"https:\\\/\\\/marcelolopes.jor.br\\\/site\\\/wp-content\\\/uploads\\\/2024\\\/11\\\/logo-1.png\",\"width\":475,\"height\":80,\"caption\":\"Site do Marcelo Lopes\"},\"image\":{\"@id\":\"https:\\\/\\\/marcelolopes.jor.br\\\/site\\\/#\\\/schema\\\/logo\\\/image\\\/\"},\"sameAs\":[\"https:\\\/\\\/www.facebook.com\\\/sitedomarcelolopes\",\"https:\\\/\\\/www.instagram.com\\\/sitedomarcelolopes\\\/\",\"https:\\\/\\\/www.linkedin.com\\\/company\\\/site-do-marcelo-lopes\\\/\",\"https:\\\/\\\/www.youtube.com\\\/user\\\/marcelolopes957\"]},{\"@type\":\"Person\",\"@id\":\"https:\\\/\\\/marcelolopes.jor.br\\\/site\\\/#\\\/schema\\\/person\\\/3e7216a35c34d8fdf952b31da3d1f89f\",\"name\":\"Marcelo Lopes\",\"sameAs\":[\"http:\\\/\\\/www.marcelolopes.jor.br\"],\"url\":\"https:\\\/\\\/marcelolopes.jor.br\\\/site\\\/author\\\/marcelo\\\/\"}]}<\/script>\n<!-- \/ Yoast SEO plugin. -->","yoast_head_json":{"title":"Hospital segue com UTIs e Enfermaria lotadas por causa da Covid-19 | Marcelo Lopes","robots":{"index":"index","follow":"follow","max-snippet":"max-snippet:-1","max-image-preview":"max-image-preview:large","max-video-preview":"max-video-preview:-1"},"canonical":"https:\/\/marcelolopes.jor.br\/site\/2021\/01\/08\/hospital-segue-com-utis-e-enfermaria-lotadas-por-causa-da-covid-19\/","og_locale":"pt_BR","og_type":"article","og_title":"Hospital segue com UTIs e Enfermaria lotadas por causa da Covid-19 | Marcelo Lopes","og_description":"Com elevada taxa de ocupa\u00e7\u00e3o de seus leitos, o Hospital de Cataguases segue trabalhando no limite de sua capacidade para atender aos casos de Covid-19 que chegam diariamente. A situa\u00e7\u00e3o fica ainda mais grave quando n\u00e3o se encontra novos profissionaisLeia mais Hospital segue com UTIs e Enfermaria lotadas por causa da Covid-19","og_url":"https:\/\/marcelolopes.jor.br\/site\/2021\/01\/08\/hospital-segue-com-utis-e-enfermaria-lotadas-por-causa-da-covid-19\/","og_site_name":"Marcelo Lopes","article_publisher":"https:\/\/www.facebook.com\/sitedomarcelolopes","article_published_time":"2021-01-08T23:00:55+00:00","og_image":[{"width":1920,"height":1280,"url":"https:\/\/marcelolopes.jor.br\/site\/wp-content\/uploads\/2020\/12\/hospital-840135-1920.jpg","type":"image\/jpeg"}],"author":"Marcelo Lopes","twitter_card":"summary_large_image","twitter_misc":{"Escrito por":"Marcelo Lopes","Est. tempo de leitura":"1 minuto"},"schema":{"@context":"https:\/\/schema.org","@graph":[{"@type":"NewsArticle","@id":"https:\/\/marcelolopes.jor.br\/site\/2021\/01\/08\/hospital-segue-com-utis-e-enfermaria-lotadas-por-causa-da-covid-19\/#article","isPartOf":{"@id":"https:\/\/marcelolopes.jor.br\/site\/2021\/01\/08\/hospital-segue-com-utis-e-enfermaria-lotadas-por-causa-da-covid-19\/"},"author":{"name":"Marcelo Lopes","@id":"https:\/\/marcelolopes.jor.br\/site\/#\/schema\/person\/3e7216a35c34d8fdf952b31da3d1f89f"},"headline":"Hospital segue com UTIs e Enfermaria lotadas por causa da Covid-19","datePublished":"2021-01-08T23:00:55+00:00","mainEntityOfPage":{"@id":"https:\/\/marcelolopes.jor.br\/site\/2021\/01\/08\/hospital-segue-com-utis-e-enfermaria-lotadas-por-causa-da-covid-19\/"},"wordCount":302,"commentCount":0,"publisher":{"@id":"https:\/\/marcelolopes.jor.br\/site\/#organization"},"image":{"@id":"https:\/\/marcelolopes.jor.br\/site\/2021\/01\/08\/hospital-segue-com-utis-e-enfermaria-lotadas-por-causa-da-covid-19\/#primaryimage"},"thumbnailUrl":"https:\/\/marcelolopes.jor.br\/site\/wp-content\/uploads\/2020\/12\/hospital-840135-1920.jpg","keywords":["casos de covid-19","Hospital de Cataguases","interna\u00e7\u00f5es","novos casos"],"articleSection":["Not\u00edcias"],"inLanguage":"pt-BR","potentialAction":[{"@type":"CommentAction","name":"Comment","target":["https:\/\/marcelolopes.jor.br\/site\/2021\/01\/08\/hospital-segue-com-utis-e-enfermaria-lotadas-por-causa-da-covid-19\/#respond"]}]},{"@type":"WebPage","@id":"https:\/\/marcelolopes.jor.br\/site\/2021\/01\/08\/hospital-segue-com-utis-e-enfermaria-lotadas-por-causa-da-covid-19\/","url":"https:\/\/marcelolopes.jor.br\/site\/2021\/01\/08\/hospital-segue-com-utis-e-enfermaria-lotadas-por-causa-da-covid-19\/","name":"Hospital segue com UTIs e Enfermaria lotadas por causa da Covid-19 | Marcelo Lopes","isPartOf":{"@id":"https:\/\/marcelolopes.jor.br\/site\/#website"},"primaryImageOfPage":{"@id":"https:\/\/marcelolopes.jor.br\/site\/2021\/01\/08\/hospital-segue-com-utis-e-enfermaria-lotadas-por-causa-da-covid-19\/#primaryimage"},"image":{"@id":"https:\/\/marcelolopes.jor.br\/site\/2021\/01\/08\/hospital-segue-com-utis-e-enfermaria-lotadas-por-causa-da-covid-19\/#primaryimage"},"thumbnailUrl":"https:\/\/marcelolopes.jor.br\/site\/wp-content\/uploads\/2020\/12\/hospital-840135-1920.jpg","datePublished":"2021-01-08T23:00:55+00:00","breadcrumb":{"@id":"https:\/\/marcelolopes.jor.br\/site\/2021\/01\/08\/hospital-segue-com-utis-e-enfermaria-lotadas-por-causa-da-covid-19\/#breadcrumb"},"inLanguage":"pt-BR","potentialAction":[{"@type":"ReadAction","target":["https:\/\/marcelolopes.jor.br\/site\/2021\/01\/08\/hospital-segue-com-utis-e-enfermaria-lotadas-por-causa-da-covid-19\/"]}]},{"@type":"ImageObject","inLanguage":"pt-BR","@id":"https:\/\/marcelolopes.jor.br\/site\/2021\/01\/08\/hospital-segue-com-utis-e-enfermaria-lotadas-por-causa-da-covid-19\/#primaryimage","url":"https:\/\/marcelolopes.jor.br\/site\/wp-content\/uploads\/2020\/12\/hospital-840135-1920.jpg","contentUrl":"https:\/\/marcelolopes.jor.br\/site\/wp-content\/uploads\/2020\/12\/hospital-840135-1920.jpg","width":1920,"height":1280},{"@type":"BreadcrumbList","@id":"https:\/\/marcelolopes.jor.br\/site\/2021\/01\/08\/hospital-segue-com-utis-e-enfermaria-lotadas-por-causa-da-covid-19\/#breadcrumb","itemListElement":[{"@type":"ListItem","position":1,"name":"Home","item":"https:\/\/marcelolopes.jor.br\/site\/"},{"@type":"ListItem","position":2,"name":"Hospital segue com UTIs e Enfermaria lotadas por causa da Covid-19"}]},{"@type":"WebSite","@id":"https:\/\/marcelolopes.jor.br\/site\/#website","url":"https:\/\/marcelolopes.jor.br\/site\/","name":"Marcelo Lopes","description":"Not\u00edcias de Cataguases e Regi\u00e3o","publisher":{"@id":"https:\/\/marcelolopes.jor.br\/site\/#organization"},"potentialAction":[{"@type":"SearchAction","target":{"@type":"EntryPoint","urlTemplate":"https:\/\/marcelolopes.jor.br\/site\/?s={search_term_string}"},"query-input":{"@type":"PropertyValueSpecification","valueRequired":true,"valueName":"search_term_string"}}],"inLanguage":"pt-BR"},{"@type":"Organization","@id":"https:\/\/marcelolopes.jor.br\/site\/#organization","name":"Site do Marcelo Lopes","url":"https:\/\/marcelolopes.jor.br\/site\/","logo":{"@type":"ImageObject","inLanguage":"pt-BR","@id":"https:\/\/marcelolopes.jor.br\/site\/#\/schema\/logo\/image\/","url":"https:\/\/marcelolopes.jor.br\/site\/wp-content\/uploads\/2024\/11\/logo-1.png","contentUrl":"https:\/\/marcelolopes.jor.br\/site\/wp-content\/uploads\/2024\/11\/logo-1.png","width":475,"height":80,"caption":"Site do Marcelo Lopes"},"image":{"@id":"https:\/\/marcelolopes.jor.br\/site\/#\/schema\/logo\/image\/"},"sameAs":["https:\/\/www.facebook.com\/sitedomarcelolopes","https:\/\/www.instagram.com\/sitedomarcelolopes\/","https:\/\/www.linkedin.com\/company\/site-do-marcelo-lopes\/","https:\/\/www.youtube.com\/user\/marcelolopes957"]},{"@type":"Person","@id":"https:\/\/marcelolopes.jor.br\/site\/#\/schema\/person\/3e7216a35c34d8fdf952b31da3d1f89f","name":"Marcelo Lopes","sameAs":["http:\/\/www.marcelolopes.jor.br"],"url":"https:\/\/marcelolopes.jor.br\/site\/author\/marcelo\/"}]}},"wps_subtitle":"Taxa de ocupa\u00e7\u00e3o nesta sexta-feira, 08, permanece acima de 80%.","_links":{"self":[{"href":"https:\/\/marcelolopes.jor.br\/site\/wp-json\/wp\/v2\/posts\/20598","targetHints":{"allow":["GET"]}}],"collection":[{"href":"https:\/\/marcelolopes.jor.br\/site\/wp-json\/wp\/v2\/posts"}],"about":[{"href":"https:\/\/marcelolopes.jor.br\/site\/wp-json\/wp\/v2\/types\/post"}],"author":[{"embeddable":true,"href":"https:\/\/marcelolopes.jor.br\/site\/wp-json\/wp\/v2\/users\/2"}],"replies":[{"embeddable":true,"href":"https:\/\/marcelolopes.jor.br\/site\/wp-json\/wp\/v2\/comments?post=20598"}],"version-history":[{"count":0,"href":"https:\/\/marcelolopes.jor.br\/site\/wp-json\/wp\/v2\/posts\/20598\/revisions"}],"wp:featuredmedia":[{"embeddable":true,"href":"https:\/\/marcelolopes.jor.br\/site\/wp-json\/wp\/v2\/media\/20151"}],"wp:attachment":[{"href":"https:\/\/marcelolopes.jor.br\/site\/wp-json\/wp\/v2\/media?parent=20598"}],"wp:term":[{"taxonomy":"category","embeddable":true,"href":"https:\/\/marcelolopes.jor.br\/site\/wp-json\/wp\/v2\/categories?post=20598"},{"taxonomy":"post_tag","embeddable":true,"href":"https:\/\/marcelolopes.jor.br\/site\/wp-json\/wp\/v2\/tags?post=20598"}],"curies":[{"name":"wp","href":"https:\/\/api.w.org\/{rel}","templated":true}]}}