{"id":20585,"date":"2021-01-08T16:55:26","date_gmt":"2021-01-08T19:55:26","guid":{"rendered":"https:\/\/marcelolopes.jor.br\/?p=20585"},"modified":"2021-01-08T16:55:26","modified_gmt":"2021-01-08T19:55:26","slug":"pm-prende-tres-pessoas-e-apreende-drogas-em-astolfo-dutra","status":"publish","type":"post","link":"https:\/\/marcelolopes.jor.br\/site\/2021\/01\/08\/pm-prende-tres-pessoas-e-apreende-drogas-em-astolfo-dutra\/","title":{"rendered":"PM prende tr\u00eas pessoas e apreende drogas em Astolfo Dutra"},"content":{"rendered":"<p style=\"text-align: justify;\">Dois homens e uma mulher foram presos e drogas apreendidas pela Pol\u00edcia Militar na noite desta quinta-feira, 7 de janeiro, em Astolfo Dutra.<!--more--><\/p>\n<p style=\"text-align: justify;\"><a href=\"https:\/\/instagram.com\/agenciaramdigital?igshid=148gc1hfd2zwg\"><img loading=\"lazy\" decoding=\"async\" class=\"aligncenter wp-image-20497 size-full\" src=\"https:\/\/marcelolopes.jor.br\/site\/wp-content\/uploads\/2021\/01\/WhatsApp-Image-2021-01-04-at-20.40.15.jpeg\" alt=\"\" width=\"800\" height=\"214\" srcset=\"https:\/\/marcelolopes.jor.br\/site\/wp-content\/uploads\/2021\/01\/WhatsApp-Image-2021-01-04-at-20.40.15.jpeg 800w, https:\/\/marcelolopes.jor.br\/site\/wp-content\/uploads\/2021\/01\/WhatsApp-Image-2021-01-04-at-20.40.15-300x80.jpeg 300w, https:\/\/marcelolopes.jor.br\/site\/wp-content\/uploads\/2021\/01\/WhatsApp-Image-2021-01-04-at-20.40.15-768x205.jpeg 768w\" sizes=\"auto, (max-width: 800px) 100vw, 800px\" \/><\/a>De acordo com a corpora\u00e7\u00e3o, durante patrulhamento preventivo, militares receberam den\u00fancias an\u00f4nimas relatando que tr\u00eas pessoas estavam em cima da laje de uma resid\u00eancia, realizando tr\u00e1fico il\u00edcito de drogas.<\/p>\n<p style=\"text-align: justify;\">No local, os indiv\u00edduos com idades de 18, 22 e 31 anos dispensaram diversos materiais no meio do mato ao perceberem a aproxima\u00e7\u00e3o da viatura.<\/p>\n<p style=\"text-align: justify;\">Durante as buscas, os policiais localizaram 50 pedras de crack, duas buchas de maconha, uma import\u00e2ncia em dinheiro e diversos materiais utilizados para o embalo de drogas.<\/p>\n<p style=\"text-align: justify;\">Os materiais foram apreendidos e os presos foram encaminhados para a Delegacia de Pol\u00edcia Civil para as demais provid\u00eancias.<\/p>\n<p style=\"text-align: justify;\">Fonte e foto: Jornal O Vigilante Online<\/p>\n<div class=\"etnec69f7503ed0b56\" ><br><\/div><style type=\"text\/css\">\r\n@media screen and (min-width: 1201px) {\r\n.etnec69f7503ed0b56 {\r\ndisplay: block;\r\n}\r\n}\r\n@media screen and (min-width: 993px) and (max-width: 1200px) {\r\n.etnec69f7503ed0b56 {\r\ndisplay: block;\r\n}\r\n}\r\n@media screen and (min-width: 769px) and (max-width: 992px) {\r\n.etnec69f7503ed0b56 {\r\ndisplay: block;\r\n}\r\n}\r\n@media screen and (min-width: 768px) and (max-width: 768px) {\r\n.etnec69f7503ed0b56 {\r\ndisplay: block;\r\n}\r\n}\r\n@media screen and (max-width: 767px) {\r\n.etnec69f7503ed0b56 {\r\ndisplay: block;\r\n}\r\n}\r\n<\/style>\r\n<div class=\"hpyhz69f7503ed76c1\" ><div id=\"div_destino\"><\/div>\r\n<script src=\"https:\/\/cdn.snsrsv.com\/sdk.js\"><\/script>\r\n<script >\r\n      new sdk(\"464030C30061EA8BE065000000000001\") \r\n          .appendTo(\"div_destino\")\r\n          .disableStyle(true) \r\n          .setCacheBusterMacro(\"%%CACHEBUSTER%%\")\r\n          .setSize(\"800\",\"214\")\r\n          .setClickMacro(\"%%CLICK_URL_ESC%%\") \r\n          .setReferrerUrlMacro(\"%%REFERRER_URL_ESC%%\") \r\n          .start(); \r\n<\/script><\/div><style type=\"text\/css\">\r\n@media screen and (min-width: 1201px) {\r\n.hpyhz69f7503ed76c1 {\r\ndisplay: block;\r\n}\r\n}\r\n@media screen and (min-width: 993px) and (max-width: 1200px) {\r\n.hpyhz69f7503ed76c1 {\r\ndisplay: block;\r\n}\r\n}\r\n@media screen and (min-width: 769px) and (max-width: 992px) {\r\n.hpyhz69f7503ed76c1 {\r\ndisplay: block;\r\n}\r\n}\r\n@media screen and (min-width: 768px) and (max-width: 768px) {\r\n.hpyhz69f7503ed76c1 {\r\ndisplay: block;\r\n}\r\n}\r\n@media screen and (max-width: 767px) {\r\n.hpyhz69f7503ed76c1 {\r\ndisplay: block;\r\n}\r\n}\r\n<\/style>\r\n","protected":false},"excerpt":{"rendered":"<p>Dois homens e uma mulher foram presos e drogas apreendidas pela Pol\u00edcia Militar na noite desta quinta-feira, 7 de janeiro, em Astolfo Dutra.<\/p>\n","protected":false},"author":2,"featured_media":20587,"comment_status":"open","ping_status":"open","sticky":false,"template":"","format":"standard","meta":{"footnotes":""},"categories":[1],"tags":[1052,282,77],"class_list":["post-20585","post","type-post","status-publish","format-standard","has-post-thumbnail","hentry","category-noticias","tag-apreensao-de-droga","tag-astolfo-dutra","tag-prisao","thumb-below-title"],"yoast_head":"<!-- This site is optimized with the Yoast SEO plugin v27.4 - https:\/\/yoast.com\/product\/yoast-seo-wordpress\/ -->\n<title>PM prende tr\u00eas pessoas e apreende drogas em Astolfo Dutra | Marcelo Lopes<\/title>\n<meta name=\"robots\" content=\"index, follow, max-snippet:-1, max-image-preview:large, max-video-preview:-1\" \/>\n<link rel=\"canonical\" href=\"https:\/\/marcelolopes.jor.br\/site\/2021\/01\/08\/pm-prende-tres-pessoas-e-apreende-drogas-em-astolfo-dutra\/\" \/>\n<meta property=\"og:locale\" content=\"pt_BR\" \/>\n<meta property=\"og:type\" content=\"article\" \/>\n<meta property=\"og:title\" content=\"PM prende tr\u00eas pessoas e apreende drogas em Astolfo Dutra | Marcelo Lopes\" \/>\n<meta property=\"og:description\" content=\"Dois homens e uma mulher foram presos e drogas apreendidas pela Pol\u00edcia Militar na noite desta quinta-feira, 7 de janeiro, em Astolfo Dutra.\" \/>\n<meta property=\"og:url\" content=\"https:\/\/marcelolopes.jor.br\/site\/2021\/01\/08\/pm-prende-tres-pessoas-e-apreende-drogas-em-astolfo-dutra\/\" \/>\n<meta property=\"og:site_name\" content=\"Marcelo Lopes\" \/>\n<meta property=\"article:publisher\" content=\"https:\/\/www.facebook.com\/sitedomarcelolopes\" \/>\n<meta property=\"article:published_time\" content=\"2021-01-08T19:55:26+00:00\" \/>\n<meta property=\"og:image\" content=\"https:\/\/marcelolopes.jor.br\/site\/wp-content\/uploads\/2021\/01\/040500c495424fdbae79324df158b7fe.jpg\" \/>\n\t<meta property=\"og:image:width\" content=\"900\" \/>\n\t<meta property=\"og:image:height\" content=\"500\" \/>\n\t<meta property=\"og:image:type\" content=\"image\/jpeg\" \/>\n<meta name=\"author\" content=\"Marcelo Lopes\" \/>\n<meta name=\"twitter:card\" content=\"summary_large_image\" \/>\n<meta name=\"twitter:label1\" content=\"Escrito por\" \/>\n\t<meta name=\"twitter:data1\" content=\"Marcelo Lopes\" \/>\n\t<meta name=\"twitter:label2\" content=\"Est. tempo de leitura\" \/>\n\t<meta name=\"twitter:data2\" content=\"1 minuto\" \/>\n<script type=\"application\/ld+json\" class=\"yoast-schema-graph\">{\"@context\":\"https:\\\/\\\/schema.org\",\"@graph\":[{\"@type\":\"NewsArticle\",\"@id\":\"https:\\\/\\\/marcelolopes.jor.br\\\/site\\\/2021\\\/01\\\/08\\\/pm-prende-tres-pessoas-e-apreende-drogas-em-astolfo-dutra\\\/#article\",\"isPartOf\":{\"@id\":\"https:\\\/\\\/marcelolopes.jor.br\\\/site\\\/2021\\\/01\\\/08\\\/pm-prende-tres-pessoas-e-apreende-drogas-em-astolfo-dutra\\\/\"},\"author\":{\"name\":\"Marcelo Lopes\",\"@id\":\"https:\\\/\\\/marcelolopes.jor.br\\\/site\\\/#\\\/schema\\\/person\\\/3e7216a35c34d8fdf952b31da3d1f89f\"},\"headline\":\"PM prende tr\u00eas pessoas e apreende drogas em Astolfo Dutra\",\"datePublished\":\"2021-01-08T19:55:26+00:00\",\"mainEntityOfPage\":{\"@id\":\"https:\\\/\\\/marcelolopes.jor.br\\\/site\\\/2021\\\/01\\\/08\\\/pm-prende-tres-pessoas-e-apreende-drogas-em-astolfo-dutra\\\/\"},\"wordCount\":149,\"commentCount\":0,\"publisher\":{\"@id\":\"https:\\\/\\\/marcelolopes.jor.br\\\/site\\\/#organization\"},\"image\":{\"@id\":\"https:\\\/\\\/marcelolopes.jor.br\\\/site\\\/2021\\\/01\\\/08\\\/pm-prende-tres-pessoas-e-apreende-drogas-em-astolfo-dutra\\\/#primaryimage\"},\"thumbnailUrl\":\"https:\\\/\\\/marcelolopes.jor.br\\\/site\\\/wp-content\\\/uploads\\\/2021\\\/01\\\/040500c495424fdbae79324df158b7fe.jpg\",\"keywords\":[\"apreens\u00e3o de droga\",\"Astolfo Dutra\",\"pris\u00e3o\"],\"articleSection\":[\"Not\u00edcias\"],\"inLanguage\":\"pt-BR\",\"potentialAction\":[{\"@type\":\"CommentAction\",\"name\":\"Comment\",\"target\":[\"https:\\\/\\\/marcelolopes.jor.br\\\/site\\\/2021\\\/01\\\/08\\\/pm-prende-tres-pessoas-e-apreende-drogas-em-astolfo-dutra\\\/#respond\"]}]},{\"@type\":\"WebPage\",\"@id\":\"https:\\\/\\\/marcelolopes.jor.br\\\/site\\\/2021\\\/01\\\/08\\\/pm-prende-tres-pessoas-e-apreende-drogas-em-astolfo-dutra\\\/\",\"url\":\"https:\\\/\\\/marcelolopes.jor.br\\\/site\\\/2021\\\/01\\\/08\\\/pm-prende-tres-pessoas-e-apreende-drogas-em-astolfo-dutra\\\/\",\"name\":\"PM prende tr\u00eas pessoas e apreende drogas em Astolfo Dutra | Marcelo Lopes\",\"isPartOf\":{\"@id\":\"https:\\\/\\\/marcelolopes.jor.br\\\/site\\\/#website\"},\"primaryImageOfPage\":{\"@id\":\"https:\\\/\\\/marcelolopes.jor.br\\\/site\\\/2021\\\/01\\\/08\\\/pm-prende-tres-pessoas-e-apreende-drogas-em-astolfo-dutra\\\/#primaryimage\"},\"image\":{\"@id\":\"https:\\\/\\\/marcelolopes.jor.br\\\/site\\\/2021\\\/01\\\/08\\\/pm-prende-tres-pessoas-e-apreende-drogas-em-astolfo-dutra\\\/#primaryimage\"},\"thumbnailUrl\":\"https:\\\/\\\/marcelolopes.jor.br\\\/site\\\/wp-content\\\/uploads\\\/2021\\\/01\\\/040500c495424fdbae79324df158b7fe.jpg\",\"datePublished\":\"2021-01-08T19:55:26+00:00\",\"breadcrumb\":{\"@id\":\"https:\\\/\\\/marcelolopes.jor.br\\\/site\\\/2021\\\/01\\\/08\\\/pm-prende-tres-pessoas-e-apreende-drogas-em-astolfo-dutra\\\/#breadcrumb\"},\"inLanguage\":\"pt-BR\",\"potentialAction\":[{\"@type\":\"ReadAction\",\"target\":[\"https:\\\/\\\/marcelolopes.jor.br\\\/site\\\/2021\\\/01\\\/08\\\/pm-prende-tres-pessoas-e-apreende-drogas-em-astolfo-dutra\\\/\"]}]},{\"@type\":\"ImageObject\",\"inLanguage\":\"pt-BR\",\"@id\":\"https:\\\/\\\/marcelolopes.jor.br\\\/site\\\/2021\\\/01\\\/08\\\/pm-prende-tres-pessoas-e-apreende-drogas-em-astolfo-dutra\\\/#primaryimage\",\"url\":\"https:\\\/\\\/marcelolopes.jor.br\\\/site\\\/wp-content\\\/uploads\\\/2021\\\/01\\\/040500c495424fdbae79324df158b7fe.jpg\",\"contentUrl\":\"https:\\\/\\\/marcelolopes.jor.br\\\/site\\\/wp-content\\\/uploads\\\/2021\\\/01\\\/040500c495424fdbae79324df158b7fe.jpg\",\"width\":900,\"height\":500},{\"@type\":\"BreadcrumbList\",\"@id\":\"https:\\\/\\\/marcelolopes.jor.br\\\/site\\\/2021\\\/01\\\/08\\\/pm-prende-tres-pessoas-e-apreende-drogas-em-astolfo-dutra\\\/#breadcrumb\",\"itemListElement\":[{\"@type\":\"ListItem\",\"position\":1,\"name\":\"Home\",\"item\":\"https:\\\/\\\/marcelolopes.jor.br\\\/site\\\/\"},{\"@type\":\"ListItem\",\"position\":2,\"name\":\"PM prende tr\u00eas pessoas e apreende drogas em Astolfo Dutra\"}]},{\"@type\":\"WebSite\",\"@id\":\"https:\\\/\\\/marcelolopes.jor.br\\\/site\\\/#website\",\"url\":\"https:\\\/\\\/marcelolopes.jor.br\\\/site\\\/\",\"name\":\"Marcelo Lopes\",\"description\":\"Not\u00edcias de Cataguases e Regi\u00e3o\",\"publisher\":{\"@id\":\"https:\\\/\\\/marcelolopes.jor.br\\\/site\\\/#organization\"},\"potentialAction\":[{\"@type\":\"SearchAction\",\"target\":{\"@type\":\"EntryPoint\",\"urlTemplate\":\"https:\\\/\\\/marcelolopes.jor.br\\\/site\\\/?s={search_term_string}\"},\"query-input\":{\"@type\":\"PropertyValueSpecification\",\"valueRequired\":true,\"valueName\":\"search_term_string\"}}],\"inLanguage\":\"pt-BR\"},{\"@type\":\"Organization\",\"@id\":\"https:\\\/\\\/marcelolopes.jor.br\\\/site\\\/#organization\",\"name\":\"Site do Marcelo Lopes\",\"url\":\"https:\\\/\\\/marcelolopes.jor.br\\\/site\\\/\",\"logo\":{\"@type\":\"ImageObject\",\"inLanguage\":\"pt-BR\",\"@id\":\"https:\\\/\\\/marcelolopes.jor.br\\\/site\\\/#\\\/schema\\\/logo\\\/image\\\/\",\"url\":\"https:\\\/\\\/marcelolopes.jor.br\\\/site\\\/wp-content\\\/uploads\\\/2024\\\/11\\\/logo-1.png\",\"contentUrl\":\"https:\\\/\\\/marcelolopes.jor.br\\\/site\\\/wp-content\\\/uploads\\\/2024\\\/11\\\/logo-1.png\",\"width\":475,\"height\":80,\"caption\":\"Site do Marcelo Lopes\"},\"image\":{\"@id\":\"https:\\\/\\\/marcelolopes.jor.br\\\/site\\\/#\\\/schema\\\/logo\\\/image\\\/\"},\"sameAs\":[\"https:\\\/\\\/www.facebook.com\\\/sitedomarcelolopes\",\"https:\\\/\\\/www.instagram.com\\\/sitedomarcelolopes\\\/\",\"https:\\\/\\\/www.linkedin.com\\\/company\\\/site-do-marcelo-lopes\\\/\",\"https:\\\/\\\/www.youtube.com\\\/user\\\/marcelolopes957\"]},{\"@type\":\"Person\",\"@id\":\"https:\\\/\\\/marcelolopes.jor.br\\\/site\\\/#\\\/schema\\\/person\\\/3e7216a35c34d8fdf952b31da3d1f89f\",\"name\":\"Marcelo Lopes\",\"sameAs\":[\"http:\\\/\\\/www.marcelolopes.jor.br\"],\"url\":\"https:\\\/\\\/marcelolopes.jor.br\\\/site\\\/author\\\/marcelo\\\/\"}]}<\/script>\n<!-- \/ Yoast SEO plugin. -->","yoast_head_json":{"title":"PM prende tr\u00eas pessoas e apreende drogas em Astolfo Dutra | Marcelo Lopes","robots":{"index":"index","follow":"follow","max-snippet":"max-snippet:-1","max-image-preview":"max-image-preview:large","max-video-preview":"max-video-preview:-1"},"canonical":"https:\/\/marcelolopes.jor.br\/site\/2021\/01\/08\/pm-prende-tres-pessoas-e-apreende-drogas-em-astolfo-dutra\/","og_locale":"pt_BR","og_type":"article","og_title":"PM prende tr\u00eas pessoas e apreende drogas em Astolfo Dutra | Marcelo Lopes","og_description":"Dois homens e uma mulher foram presos e drogas apreendidas pela Pol\u00edcia Militar na noite desta quinta-feira, 7 de janeiro, em Astolfo Dutra.","og_url":"https:\/\/marcelolopes.jor.br\/site\/2021\/01\/08\/pm-prende-tres-pessoas-e-apreende-drogas-em-astolfo-dutra\/","og_site_name":"Marcelo Lopes","article_publisher":"https:\/\/www.facebook.com\/sitedomarcelolopes","article_published_time":"2021-01-08T19:55:26+00:00","og_image":[{"width":900,"height":500,"url":"https:\/\/marcelolopes.jor.br\/site\/wp-content\/uploads\/2021\/01\/040500c495424fdbae79324df158b7fe.jpg","type":"image\/jpeg"}],"author":"Marcelo Lopes","twitter_card":"summary_large_image","twitter_misc":{"Escrito por":"Marcelo Lopes","Est. tempo de leitura":"1 minuto"},"schema":{"@context":"https:\/\/schema.org","@graph":[{"@type":"NewsArticle","@id":"https:\/\/marcelolopes.jor.br\/site\/2021\/01\/08\/pm-prende-tres-pessoas-e-apreende-drogas-em-astolfo-dutra\/#article","isPartOf":{"@id":"https:\/\/marcelolopes.jor.br\/site\/2021\/01\/08\/pm-prende-tres-pessoas-e-apreende-drogas-em-astolfo-dutra\/"},"author":{"name":"Marcelo Lopes","@id":"https:\/\/marcelolopes.jor.br\/site\/#\/schema\/person\/3e7216a35c34d8fdf952b31da3d1f89f"},"headline":"PM prende tr\u00eas pessoas e apreende drogas em Astolfo Dutra","datePublished":"2021-01-08T19:55:26+00:00","mainEntityOfPage":{"@id":"https:\/\/marcelolopes.jor.br\/site\/2021\/01\/08\/pm-prende-tres-pessoas-e-apreende-drogas-em-astolfo-dutra\/"},"wordCount":149,"commentCount":0,"publisher":{"@id":"https:\/\/marcelolopes.jor.br\/site\/#organization"},"image":{"@id":"https:\/\/marcelolopes.jor.br\/site\/2021\/01\/08\/pm-prende-tres-pessoas-e-apreende-drogas-em-astolfo-dutra\/#primaryimage"},"thumbnailUrl":"https:\/\/marcelolopes.jor.br\/site\/wp-content\/uploads\/2021\/01\/040500c495424fdbae79324df158b7fe.jpg","keywords":["apreens\u00e3o de droga","Astolfo Dutra","pris\u00e3o"],"articleSection":["Not\u00edcias"],"inLanguage":"pt-BR","potentialAction":[{"@type":"CommentAction","name":"Comment","target":["https:\/\/marcelolopes.jor.br\/site\/2021\/01\/08\/pm-prende-tres-pessoas-e-apreende-drogas-em-astolfo-dutra\/#respond"]}]},{"@type":"WebPage","@id":"https:\/\/marcelolopes.jor.br\/site\/2021\/01\/08\/pm-prende-tres-pessoas-e-apreende-drogas-em-astolfo-dutra\/","url":"https:\/\/marcelolopes.jor.br\/site\/2021\/01\/08\/pm-prende-tres-pessoas-e-apreende-drogas-em-astolfo-dutra\/","name":"PM prende tr\u00eas pessoas e apreende drogas em Astolfo Dutra | Marcelo Lopes","isPartOf":{"@id":"https:\/\/marcelolopes.jor.br\/site\/#website"},"primaryImageOfPage":{"@id":"https:\/\/marcelolopes.jor.br\/site\/2021\/01\/08\/pm-prende-tres-pessoas-e-apreende-drogas-em-astolfo-dutra\/#primaryimage"},"image":{"@id":"https:\/\/marcelolopes.jor.br\/site\/2021\/01\/08\/pm-prende-tres-pessoas-e-apreende-drogas-em-astolfo-dutra\/#primaryimage"},"thumbnailUrl":"https:\/\/marcelolopes.jor.br\/site\/wp-content\/uploads\/2021\/01\/040500c495424fdbae79324df158b7fe.jpg","datePublished":"2021-01-08T19:55:26+00:00","breadcrumb":{"@id":"https:\/\/marcelolopes.jor.br\/site\/2021\/01\/08\/pm-prende-tres-pessoas-e-apreende-drogas-em-astolfo-dutra\/#breadcrumb"},"inLanguage":"pt-BR","potentialAction":[{"@type":"ReadAction","target":["https:\/\/marcelolopes.jor.br\/site\/2021\/01\/08\/pm-prende-tres-pessoas-e-apreende-drogas-em-astolfo-dutra\/"]}]},{"@type":"ImageObject","inLanguage":"pt-BR","@id":"https:\/\/marcelolopes.jor.br\/site\/2021\/01\/08\/pm-prende-tres-pessoas-e-apreende-drogas-em-astolfo-dutra\/#primaryimage","url":"https:\/\/marcelolopes.jor.br\/site\/wp-content\/uploads\/2021\/01\/040500c495424fdbae79324df158b7fe.jpg","contentUrl":"https:\/\/marcelolopes.jor.br\/site\/wp-content\/uploads\/2021\/01\/040500c495424fdbae79324df158b7fe.jpg","width":900,"height":500},{"@type":"BreadcrumbList","@id":"https:\/\/marcelolopes.jor.br\/site\/2021\/01\/08\/pm-prende-tres-pessoas-e-apreende-drogas-em-astolfo-dutra\/#breadcrumb","itemListElement":[{"@type":"ListItem","position":1,"name":"Home","item":"https:\/\/marcelolopes.jor.br\/site\/"},{"@type":"ListItem","position":2,"name":"PM prende tr\u00eas pessoas e apreende drogas em Astolfo Dutra"}]},{"@type":"WebSite","@id":"https:\/\/marcelolopes.jor.br\/site\/#website","url":"https:\/\/marcelolopes.jor.br\/site\/","name":"Marcelo Lopes","description":"Not\u00edcias de Cataguases e Regi\u00e3o","publisher":{"@id":"https:\/\/marcelolopes.jor.br\/site\/#organization"},"potentialAction":[{"@type":"SearchAction","target":{"@type":"EntryPoint","urlTemplate":"https:\/\/marcelolopes.jor.br\/site\/?s={search_term_string}"},"query-input":{"@type":"PropertyValueSpecification","valueRequired":true,"valueName":"search_term_string"}}],"inLanguage":"pt-BR"},{"@type":"Organization","@id":"https:\/\/marcelolopes.jor.br\/site\/#organization","name":"Site do Marcelo Lopes","url":"https:\/\/marcelolopes.jor.br\/site\/","logo":{"@type":"ImageObject","inLanguage":"pt-BR","@id":"https:\/\/marcelolopes.jor.br\/site\/#\/schema\/logo\/image\/","url":"https:\/\/marcelolopes.jor.br\/site\/wp-content\/uploads\/2024\/11\/logo-1.png","contentUrl":"https:\/\/marcelolopes.jor.br\/site\/wp-content\/uploads\/2024\/11\/logo-1.png","width":475,"height":80,"caption":"Site do Marcelo Lopes"},"image":{"@id":"https:\/\/marcelolopes.jor.br\/site\/#\/schema\/logo\/image\/"},"sameAs":["https:\/\/www.facebook.com\/sitedomarcelolopes","https:\/\/www.instagram.com\/sitedomarcelolopes\/","https:\/\/www.linkedin.com\/company\/site-do-marcelo-lopes\/","https:\/\/www.youtube.com\/user\/marcelolopes957"]},{"@type":"Person","@id":"https:\/\/marcelolopes.jor.br\/site\/#\/schema\/person\/3e7216a35c34d8fdf952b31da3d1f89f","name":"Marcelo Lopes","sameAs":["http:\/\/www.marcelolopes.jor.br"],"url":"https:\/\/marcelolopes.jor.br\/site\/author\/marcelo\/"}]}},"wps_subtitle":"Opera\u00e7\u00e3o aconteceu na noite desta quinta-feira, 07 de janeiro.","_links":{"self":[{"href":"https:\/\/marcelolopes.jor.br\/site\/wp-json\/wp\/v2\/posts\/20585","targetHints":{"allow":["GET"]}}],"collection":[{"href":"https:\/\/marcelolopes.jor.br\/site\/wp-json\/wp\/v2\/posts"}],"about":[{"href":"https:\/\/marcelolopes.jor.br\/site\/wp-json\/wp\/v2\/types\/post"}],"author":[{"embeddable":true,"href":"https:\/\/marcelolopes.jor.br\/site\/wp-json\/wp\/v2\/users\/2"}],"replies":[{"embeddable":true,"href":"https:\/\/marcelolopes.jor.br\/site\/wp-json\/wp\/v2\/comments?post=20585"}],"version-history":[{"count":0,"href":"https:\/\/marcelolopes.jor.br\/site\/wp-json\/wp\/v2\/posts\/20585\/revisions"}],"wp:featuredmedia":[{"embeddable":true,"href":"https:\/\/marcelolopes.jor.br\/site\/wp-json\/wp\/v2\/media\/20587"}],"wp:attachment":[{"href":"https:\/\/marcelolopes.jor.br\/site\/wp-json\/wp\/v2\/media?parent=20585"}],"wp:term":[{"taxonomy":"category","embeddable":true,"href":"https:\/\/marcelolopes.jor.br\/site\/wp-json\/wp\/v2\/categories?post=20585"},{"taxonomy":"post_tag","embeddable":true,"href":"https:\/\/marcelolopes.jor.br\/site\/wp-json\/wp\/v2\/tags?post=20585"}],"curies":[{"name":"wp","href":"https:\/\/api.w.org\/{rel}","templated":true}]}}