{"id":20576,"date":"2021-01-07T21:00:53","date_gmt":"2021-01-08T00:00:53","guid":{"rendered":"https:\/\/marcelolopes.jor.br\/?p=20576"},"modified":"2021-01-07T20:27:57","modified_gmt":"2021-01-07T23:27:57","slug":"com-contaminacao-em-alta-cataguases-continua-na-onda-vermelha","status":"publish","type":"post","link":"https:\/\/marcelolopes.jor.br\/site\/2021\/01\/07\/com-contaminacao-em-alta-cataguases-continua-na-onda-vermelha\/","title":{"rendered":"Com contamina\u00e7\u00e3o em alta, Cataguases continua na Onda Vermelha"},"content":{"rendered":"<p style=\"text-align: justify;\">O Comit\u00ea Covid de Cataguases esteve reunido na tarde desta quinta-feira, 07 de janeiro, por quase tr\u00eas horas analisando e discutindo a situa\u00e7\u00e3o atual do munic\u00edpio visando progredir no Programa Minas Consciente. Por\u00e9m, o grupo obteve um consenso de permanecer na Onda Vermelha, a mais restritiva, enquanto aguarda para esta sexta-feira, 08, uma defini\u00e7\u00e3o do prefeito Jos\u00e9 Henriques sobre o assunto.<!--more--><\/p>\n<p style=\"text-align: justify;\"><a href=\"https:\/\/instagram.com\/agenciaramdigital?igshid=148gc1hfd2zwg\"><img loading=\"lazy\" decoding=\"async\" class=\"aligncenter wp-image-20497 size-full\" src=\"https:\/\/marcelolopes.jor.br\/site\/wp-content\/uploads\/2021\/01\/WhatsApp-Image-2021-01-04-at-20.40.15.jpeg\" alt=\"\" width=\"800\" height=\"214\" srcset=\"https:\/\/marcelolopes.jor.br\/site\/wp-content\/uploads\/2021\/01\/WhatsApp-Image-2021-01-04-at-20.40.15.jpeg 800w, https:\/\/marcelolopes.jor.br\/site\/wp-content\/uploads\/2021\/01\/WhatsApp-Image-2021-01-04-at-20.40.15-300x80.jpeg 300w, https:\/\/marcelolopes.jor.br\/site\/wp-content\/uploads\/2021\/01\/WhatsApp-Image-2021-01-04-at-20.40.15-768x205.jpeg 768w\" sizes=\"auto, (max-width: 800px) 100vw, 800px\" \/><\/a>No in\u00edcio da noite, a Secretaria Municipal de Sa\u00fade de Cataguases divulgou mais um boletim epidemiol\u00f3gico com os n\u00fameros atualizado da Covid-19. De acordo com o documento, nas \u00faltimas vinte e quatro horas foram registrados 50 novos casos da doen\u00e7a. Deste total, 29 s\u00e3o mulheres sintom\u00e1ticas, e 19 homens, todos tamb\u00e9m sintom\u00e1ticos. Foi registrado ainda dois \u00f3bitos, sendo o de uma mulher de 74 anos de idade, e de um homem, tamb\u00e9m mesma idade, ambos sintom\u00e1ticos.<\/p>\n<p style=\"text-align: justify;\">Agora, se somados todos os casos registrados desde o in\u00edcio da pandemia, em meados de mar\u00e7o do ano passado, foram registrados 2219 casos. Desses, 2062 se recuperaram e 61 pessoas morreram (Taxa de letalidade de 2,75%). Outras 11 pessoas s\u00e3o suspeitas de estarem infectados e 278 s\u00e3o monitorados pela equipes da Secretaria de Sa\u00fade. 6552 pessoas foram diagnosticadas com S\u00edndrome Gripal Inespec\u00edfica.<\/p>\n<p style=\"text-align: justify;\">Confira a situa\u00e7\u00e3o das interna\u00e7\u00f5es no Hospital de Cataguases:<\/p>\n<p><strong>Enfermaria Covid<\/strong> = 14 pacientes (70% de ocupa\u00e7\u00e3o) das seguintes cidades:<br \/>\n&#8211; 7 positivos e 2 suspeitos de Cataguases;<br \/>\n&#8211; 1 positivo de Laranjal;<br \/>\n&#8211; 1 positivo de S\u00e3o Jo\u00e3o Nepomuceno;<br \/>\n&#8211; 1 positivo de Dona Eus\u00e9bia;<br \/>\n&#8211; 2 positivos de Astolfo Dutra.<\/p>\n<p><strong>UTI Covid<\/strong> = 9 pacientes (90% de ocupa\u00e7\u00e3o) no total, sendo:<br \/>\n&#8211; 8 positivos de Cataguases;<br \/>\n&#8211; 1 suspeito de Astolfo Dutra.<\/p>\n<p><strong>UTI Geral<\/strong> = 9 pacientes (90% de ocupa\u00e7\u00e3o) no total, assim distribu\u00eddos por cidades:<br \/>\n&#8211; 1 positivo e 3 suspeitos de Covid de Cataguases;<br \/>\n&#8211; 1 suspeito Covid de Bias Fortes.<\/p>\n<p style=\"text-align: justify;\"><strong>OBS:<\/strong> Em rela\u00e7\u00e3o a esses pacientes suspeitos de Covid, o Hospital de Cataguases est\u00e1 seguindo todos os protocolos de isolamento e tratamento para prote\u00e7\u00e3o dos demais internados e das equipes de atendimento.<\/p>\n<div class=\"mfocw69f75c1f4b4c9\" ><br><\/div><style type=\"text\/css\">\r\n@media screen and (min-width: 1201px) {\r\n.mfocw69f75c1f4b4c9 {\r\ndisplay: block;\r\n}\r\n}\r\n@media screen and (min-width: 993px) and (max-width: 1200px) {\r\n.mfocw69f75c1f4b4c9 {\r\ndisplay: block;\r\n}\r\n}\r\n@media screen and (min-width: 769px) and (max-width: 992px) {\r\n.mfocw69f75c1f4b4c9 {\r\ndisplay: block;\r\n}\r\n}\r\n@media screen and (min-width: 768px) and (max-width: 768px) {\r\n.mfocw69f75c1f4b4c9 {\r\ndisplay: block;\r\n}\r\n}\r\n@media screen and (max-width: 767px) {\r\n.mfocw69f75c1f4b4c9 {\r\ndisplay: block;\r\n}\r\n}\r\n<\/style>\r\n<div class=\"szget69f75c1f507a4\" ><div id=\"div_destino\"><\/div>\r\n<script src=\"https:\/\/cdn.snsrsv.com\/sdk.js\"><\/script>\r\n<script >\r\n      new sdk(\"464030C30061EA8BE065000000000001\") \r\n          .appendTo(\"div_destino\")\r\n          .disableStyle(true) \r\n          .setCacheBusterMacro(\"%%CACHEBUSTER%%\")\r\n          .setSize(\"800\",\"214\")\r\n          .setClickMacro(\"%%CLICK_URL_ESC%%\") \r\n          .setReferrerUrlMacro(\"%%REFERRER_URL_ESC%%\") \r\n          .start(); \r\n<\/script><\/div><style type=\"text\/css\">\r\n@media screen and (min-width: 1201px) {\r\n.szget69f75c1f507a4 {\r\ndisplay: block;\r\n}\r\n}\r\n@media screen and (min-width: 993px) and (max-width: 1200px) {\r\n.szget69f75c1f507a4 {\r\ndisplay: block;\r\n}\r\n}\r\n@media screen and (min-width: 769px) and (max-width: 992px) {\r\n.szget69f75c1f507a4 {\r\ndisplay: block;\r\n}\r\n}\r\n@media screen and (min-width: 768px) and (max-width: 768px) {\r\n.szget69f75c1f507a4 {\r\ndisplay: block;\r\n}\r\n}\r\n@media screen and (max-width: 767px) {\r\n.szget69f75c1f507a4 {\r\ndisplay: block;\r\n}\r\n}\r\n<\/style>\r\n","protected":false},"excerpt":{"rendered":"<p>O Comit\u00ea Covid de Cataguases esteve reunido na tarde desta quinta-feira, 07 de janeiro, por quase tr\u00eas horas analisando e discutindo a situa\u00e7\u00e3o atual do munic\u00edpio visando progredir no Programa Minas Consciente. Por\u00e9m, o grupo obteve um consenso de permanecer<\/p>\n<p class=\"link-more\"><a class=\"more-link\" href=\"https:\/\/marcelolopes.jor.br\/site\/2021\/01\/07\/com-contaminacao-em-alta-cataguases-continua-na-onda-vermelha\/\">Leia mais <span class=\"screen-reader-text\">Com contamina\u00e7\u00e3o em alta, Cataguases continua na Onda Vermelha<\/span><\/a><\/p>\n","protected":false},"author":2,"featured_media":20028,"comment_status":"open","ping_status":"open","sticky":false,"template":"","format":"standard","meta":{"footnotes":""},"categories":[1],"tags":[2555,3431,2529,2370],"class_list":["post-20576","post","type-post","status-publish","format-standard","has-post-thumbnail","hentry","category-noticias","tag-casos-de-covid-19","tag-comite-covid","tag-internacoes","tag-novos-casos","thumb-below-title"],"yoast_head":"<!-- This site is optimized with the Yoast SEO plugin v27.4 - https:\/\/yoast.com\/product\/yoast-seo-wordpress\/ -->\n<title>Com contamina\u00e7\u00e3o em alta, Cataguases continua na Onda Vermelha | Marcelo Lopes<\/title>\n<meta name=\"robots\" content=\"index, follow, max-snippet:-1, max-image-preview:large, max-video-preview:-1\" \/>\n<link rel=\"canonical\" href=\"https:\/\/marcelolopes.jor.br\/site\/2021\/01\/07\/com-contaminacao-em-alta-cataguases-continua-na-onda-vermelha\/\" \/>\n<meta property=\"og:locale\" content=\"pt_BR\" \/>\n<meta property=\"og:type\" content=\"article\" \/>\n<meta property=\"og:title\" content=\"Com contamina\u00e7\u00e3o em alta, Cataguases continua na Onda Vermelha | Marcelo Lopes\" \/>\n<meta property=\"og:description\" content=\"O Comit\u00ea Covid de Cataguases esteve reunido na tarde desta quinta-feira, 07 de janeiro, por quase tr\u00eas horas analisando e discutindo a situa\u00e7\u00e3o atual do munic\u00edpio visando progredir no Programa Minas Consciente. Por\u00e9m, o grupo obteve um consenso de permanecerLeia mais Com contamina\u00e7\u00e3o em alta, Cataguases continua na Onda Vermelha\" \/>\n<meta property=\"og:url\" content=\"https:\/\/marcelolopes.jor.br\/site\/2021\/01\/07\/com-contaminacao-em-alta-cataguases-continua-na-onda-vermelha\/\" \/>\n<meta property=\"og:site_name\" content=\"Marcelo Lopes\" \/>\n<meta property=\"article:publisher\" content=\"https:\/\/www.facebook.com\/sitedomarcelolopes\" \/>\n<meta property=\"article:published_time\" content=\"2021-01-08T00:00:53+00:00\" \/>\n<meta property=\"og:image\" content=\"https:\/\/marcelolopes.jor.br\/site\/wp-content\/uploads\/2020\/12\/Hospital-aerea8.jpeg\" \/>\n\t<meta property=\"og:image:width\" content=\"1280\" \/>\n\t<meta property=\"og:image:height\" content=\"960\" \/>\n\t<meta property=\"og:image:type\" content=\"image\/jpeg\" \/>\n<meta name=\"author\" content=\"Marcelo Lopes\" \/>\n<meta name=\"twitter:card\" content=\"summary_large_image\" \/>\n<meta name=\"twitter:label1\" content=\"Escrito por\" \/>\n\t<meta name=\"twitter:data1\" content=\"Marcelo Lopes\" \/>\n\t<meta name=\"twitter:label2\" content=\"Est. tempo de leitura\" \/>\n\t<meta name=\"twitter:data2\" content=\"2 minutos\" \/>\n<script type=\"application\/ld+json\" class=\"yoast-schema-graph\">{\"@context\":\"https:\\\/\\\/schema.org\",\"@graph\":[{\"@type\":\"NewsArticle\",\"@id\":\"https:\\\/\\\/marcelolopes.jor.br\\\/site\\\/2021\\\/01\\\/07\\\/com-contaminacao-em-alta-cataguases-continua-na-onda-vermelha\\\/#article\",\"isPartOf\":{\"@id\":\"https:\\\/\\\/marcelolopes.jor.br\\\/site\\\/2021\\\/01\\\/07\\\/com-contaminacao-em-alta-cataguases-continua-na-onda-vermelha\\\/\"},\"author\":{\"name\":\"Marcelo Lopes\",\"@id\":\"https:\\\/\\\/marcelolopes.jor.br\\\/site\\\/#\\\/schema\\\/person\\\/3e7216a35c34d8fdf952b31da3d1f89f\"},\"headline\":\"Com contamina\u00e7\u00e3o em alta, Cataguases continua na Onda Vermelha\",\"datePublished\":\"2021-01-08T00:00:53+00:00\",\"mainEntityOfPage\":{\"@id\":\"https:\\\/\\\/marcelolopes.jor.br\\\/site\\\/2021\\\/01\\\/07\\\/com-contaminacao-em-alta-cataguases-continua-na-onda-vermelha\\\/\"},\"wordCount\":347,\"commentCount\":0,\"publisher\":{\"@id\":\"https:\\\/\\\/marcelolopes.jor.br\\\/site\\\/#organization\"},\"image\":{\"@id\":\"https:\\\/\\\/marcelolopes.jor.br\\\/site\\\/2021\\\/01\\\/07\\\/com-contaminacao-em-alta-cataguases-continua-na-onda-vermelha\\\/#primaryimage\"},\"thumbnailUrl\":\"https:\\\/\\\/marcelolopes.jor.br\\\/site\\\/wp-content\\\/uploads\\\/2020\\\/12\\\/Hospital-aerea8.jpeg\",\"keywords\":[\"casos de covid-19\",\"Comit\u00ea Covid\",\"interna\u00e7\u00f5es\",\"novos casos\"],\"articleSection\":[\"Not\u00edcias\"],\"inLanguage\":\"pt-BR\",\"potentialAction\":[{\"@type\":\"CommentAction\",\"name\":\"Comment\",\"target\":[\"https:\\\/\\\/marcelolopes.jor.br\\\/site\\\/2021\\\/01\\\/07\\\/com-contaminacao-em-alta-cataguases-continua-na-onda-vermelha\\\/#respond\"]}]},{\"@type\":\"WebPage\",\"@id\":\"https:\\\/\\\/marcelolopes.jor.br\\\/site\\\/2021\\\/01\\\/07\\\/com-contaminacao-em-alta-cataguases-continua-na-onda-vermelha\\\/\",\"url\":\"https:\\\/\\\/marcelolopes.jor.br\\\/site\\\/2021\\\/01\\\/07\\\/com-contaminacao-em-alta-cataguases-continua-na-onda-vermelha\\\/\",\"name\":\"Com contamina\u00e7\u00e3o em alta, Cataguases continua na Onda Vermelha | Marcelo Lopes\",\"isPartOf\":{\"@id\":\"https:\\\/\\\/marcelolopes.jor.br\\\/site\\\/#website\"},\"primaryImageOfPage\":{\"@id\":\"https:\\\/\\\/marcelolopes.jor.br\\\/site\\\/2021\\\/01\\\/07\\\/com-contaminacao-em-alta-cataguases-continua-na-onda-vermelha\\\/#primaryimage\"},\"image\":{\"@id\":\"https:\\\/\\\/marcelolopes.jor.br\\\/site\\\/2021\\\/01\\\/07\\\/com-contaminacao-em-alta-cataguases-continua-na-onda-vermelha\\\/#primaryimage\"},\"thumbnailUrl\":\"https:\\\/\\\/marcelolopes.jor.br\\\/site\\\/wp-content\\\/uploads\\\/2020\\\/12\\\/Hospital-aerea8.jpeg\",\"datePublished\":\"2021-01-08T00:00:53+00:00\",\"breadcrumb\":{\"@id\":\"https:\\\/\\\/marcelolopes.jor.br\\\/site\\\/2021\\\/01\\\/07\\\/com-contaminacao-em-alta-cataguases-continua-na-onda-vermelha\\\/#breadcrumb\"},\"inLanguage\":\"pt-BR\",\"potentialAction\":[{\"@type\":\"ReadAction\",\"target\":[\"https:\\\/\\\/marcelolopes.jor.br\\\/site\\\/2021\\\/01\\\/07\\\/com-contaminacao-em-alta-cataguases-continua-na-onda-vermelha\\\/\"]}]},{\"@type\":\"ImageObject\",\"inLanguage\":\"pt-BR\",\"@id\":\"https:\\\/\\\/marcelolopes.jor.br\\\/site\\\/2021\\\/01\\\/07\\\/com-contaminacao-em-alta-cataguases-continua-na-onda-vermelha\\\/#primaryimage\",\"url\":\"https:\\\/\\\/marcelolopes.jor.br\\\/site\\\/wp-content\\\/uploads\\\/2020\\\/12\\\/Hospital-aerea8.jpeg\",\"contentUrl\":\"https:\\\/\\\/marcelolopes.jor.br\\\/site\\\/wp-content\\\/uploads\\\/2020\\\/12\\\/Hospital-aerea8.jpeg\",\"width\":1280,\"height\":960,\"caption\":\"Hospital de Cataguases alerta para\"},{\"@type\":\"BreadcrumbList\",\"@id\":\"https:\\\/\\\/marcelolopes.jor.br\\\/site\\\/2021\\\/01\\\/07\\\/com-contaminacao-em-alta-cataguases-continua-na-onda-vermelha\\\/#breadcrumb\",\"itemListElement\":[{\"@type\":\"ListItem\",\"position\":1,\"name\":\"Home\",\"item\":\"https:\\\/\\\/marcelolopes.jor.br\\\/site\\\/\"},{\"@type\":\"ListItem\",\"position\":2,\"name\":\"Com contamina\u00e7\u00e3o em alta, Cataguases continua na Onda Vermelha\"}]},{\"@type\":\"WebSite\",\"@id\":\"https:\\\/\\\/marcelolopes.jor.br\\\/site\\\/#website\",\"url\":\"https:\\\/\\\/marcelolopes.jor.br\\\/site\\\/\",\"name\":\"Marcelo Lopes\",\"description\":\"Not\u00edcias de Cataguases e Regi\u00e3o\",\"publisher\":{\"@id\":\"https:\\\/\\\/marcelolopes.jor.br\\\/site\\\/#organization\"},\"potentialAction\":[{\"@type\":\"SearchAction\",\"target\":{\"@type\":\"EntryPoint\",\"urlTemplate\":\"https:\\\/\\\/marcelolopes.jor.br\\\/site\\\/?s={search_term_string}\"},\"query-input\":{\"@type\":\"PropertyValueSpecification\",\"valueRequired\":true,\"valueName\":\"search_term_string\"}}],\"inLanguage\":\"pt-BR\"},{\"@type\":\"Organization\",\"@id\":\"https:\\\/\\\/marcelolopes.jor.br\\\/site\\\/#organization\",\"name\":\"Site do Marcelo Lopes\",\"url\":\"https:\\\/\\\/marcelolopes.jor.br\\\/site\\\/\",\"logo\":{\"@type\":\"ImageObject\",\"inLanguage\":\"pt-BR\",\"@id\":\"https:\\\/\\\/marcelolopes.jor.br\\\/site\\\/#\\\/schema\\\/logo\\\/image\\\/\",\"url\":\"https:\\\/\\\/marcelolopes.jor.br\\\/site\\\/wp-content\\\/uploads\\\/2024\\\/11\\\/logo-1.png\",\"contentUrl\":\"https:\\\/\\\/marcelolopes.jor.br\\\/site\\\/wp-content\\\/uploads\\\/2024\\\/11\\\/logo-1.png\",\"width\":475,\"height\":80,\"caption\":\"Site do Marcelo Lopes\"},\"image\":{\"@id\":\"https:\\\/\\\/marcelolopes.jor.br\\\/site\\\/#\\\/schema\\\/logo\\\/image\\\/\"},\"sameAs\":[\"https:\\\/\\\/www.facebook.com\\\/sitedomarcelolopes\",\"https:\\\/\\\/www.instagram.com\\\/sitedomarcelolopes\\\/\",\"https:\\\/\\\/www.linkedin.com\\\/company\\\/site-do-marcelo-lopes\\\/\",\"https:\\\/\\\/www.youtube.com\\\/user\\\/marcelolopes957\"]},{\"@type\":\"Person\",\"@id\":\"https:\\\/\\\/marcelolopes.jor.br\\\/site\\\/#\\\/schema\\\/person\\\/3e7216a35c34d8fdf952b31da3d1f89f\",\"name\":\"Marcelo Lopes\",\"sameAs\":[\"http:\\\/\\\/www.marcelolopes.jor.br\"],\"url\":\"https:\\\/\\\/marcelolopes.jor.br\\\/site\\\/author\\\/marcelo\\\/\"}]}<\/script>\n<!-- \/ Yoast SEO plugin. -->","yoast_head_json":{"title":"Com contamina\u00e7\u00e3o em alta, Cataguases continua na Onda Vermelha | Marcelo Lopes","robots":{"index":"index","follow":"follow","max-snippet":"max-snippet:-1","max-image-preview":"max-image-preview:large","max-video-preview":"max-video-preview:-1"},"canonical":"https:\/\/marcelolopes.jor.br\/site\/2021\/01\/07\/com-contaminacao-em-alta-cataguases-continua-na-onda-vermelha\/","og_locale":"pt_BR","og_type":"article","og_title":"Com contamina\u00e7\u00e3o em alta, Cataguases continua na Onda Vermelha | Marcelo Lopes","og_description":"O Comit\u00ea Covid de Cataguases esteve reunido na tarde desta quinta-feira, 07 de janeiro, por quase tr\u00eas horas analisando e discutindo a situa\u00e7\u00e3o atual do munic\u00edpio visando progredir no Programa Minas Consciente. Por\u00e9m, o grupo obteve um consenso de permanecerLeia mais Com contamina\u00e7\u00e3o em alta, Cataguases continua na Onda Vermelha","og_url":"https:\/\/marcelolopes.jor.br\/site\/2021\/01\/07\/com-contaminacao-em-alta-cataguases-continua-na-onda-vermelha\/","og_site_name":"Marcelo Lopes","article_publisher":"https:\/\/www.facebook.com\/sitedomarcelolopes","article_published_time":"2021-01-08T00:00:53+00:00","og_image":[{"width":1280,"height":960,"url":"https:\/\/marcelolopes.jor.br\/site\/wp-content\/uploads\/2020\/12\/Hospital-aerea8.jpeg","type":"image\/jpeg"}],"author":"Marcelo Lopes","twitter_card":"summary_large_image","twitter_misc":{"Escrito por":"Marcelo Lopes","Est. tempo de leitura":"2 minutos"},"schema":{"@context":"https:\/\/schema.org","@graph":[{"@type":"NewsArticle","@id":"https:\/\/marcelolopes.jor.br\/site\/2021\/01\/07\/com-contaminacao-em-alta-cataguases-continua-na-onda-vermelha\/#article","isPartOf":{"@id":"https:\/\/marcelolopes.jor.br\/site\/2021\/01\/07\/com-contaminacao-em-alta-cataguases-continua-na-onda-vermelha\/"},"author":{"name":"Marcelo Lopes","@id":"https:\/\/marcelolopes.jor.br\/site\/#\/schema\/person\/3e7216a35c34d8fdf952b31da3d1f89f"},"headline":"Com contamina\u00e7\u00e3o em alta, Cataguases continua na Onda Vermelha","datePublished":"2021-01-08T00:00:53+00:00","mainEntityOfPage":{"@id":"https:\/\/marcelolopes.jor.br\/site\/2021\/01\/07\/com-contaminacao-em-alta-cataguases-continua-na-onda-vermelha\/"},"wordCount":347,"commentCount":0,"publisher":{"@id":"https:\/\/marcelolopes.jor.br\/site\/#organization"},"image":{"@id":"https:\/\/marcelolopes.jor.br\/site\/2021\/01\/07\/com-contaminacao-em-alta-cataguases-continua-na-onda-vermelha\/#primaryimage"},"thumbnailUrl":"https:\/\/marcelolopes.jor.br\/site\/wp-content\/uploads\/2020\/12\/Hospital-aerea8.jpeg","keywords":["casos de covid-19","Comit\u00ea Covid","interna\u00e7\u00f5es","novos casos"],"articleSection":["Not\u00edcias"],"inLanguage":"pt-BR","potentialAction":[{"@type":"CommentAction","name":"Comment","target":["https:\/\/marcelolopes.jor.br\/site\/2021\/01\/07\/com-contaminacao-em-alta-cataguases-continua-na-onda-vermelha\/#respond"]}]},{"@type":"WebPage","@id":"https:\/\/marcelolopes.jor.br\/site\/2021\/01\/07\/com-contaminacao-em-alta-cataguases-continua-na-onda-vermelha\/","url":"https:\/\/marcelolopes.jor.br\/site\/2021\/01\/07\/com-contaminacao-em-alta-cataguases-continua-na-onda-vermelha\/","name":"Com contamina\u00e7\u00e3o em alta, Cataguases continua na Onda Vermelha | Marcelo Lopes","isPartOf":{"@id":"https:\/\/marcelolopes.jor.br\/site\/#website"},"primaryImageOfPage":{"@id":"https:\/\/marcelolopes.jor.br\/site\/2021\/01\/07\/com-contaminacao-em-alta-cataguases-continua-na-onda-vermelha\/#primaryimage"},"image":{"@id":"https:\/\/marcelolopes.jor.br\/site\/2021\/01\/07\/com-contaminacao-em-alta-cataguases-continua-na-onda-vermelha\/#primaryimage"},"thumbnailUrl":"https:\/\/marcelolopes.jor.br\/site\/wp-content\/uploads\/2020\/12\/Hospital-aerea8.jpeg","datePublished":"2021-01-08T00:00:53+00:00","breadcrumb":{"@id":"https:\/\/marcelolopes.jor.br\/site\/2021\/01\/07\/com-contaminacao-em-alta-cataguases-continua-na-onda-vermelha\/#breadcrumb"},"inLanguage":"pt-BR","potentialAction":[{"@type":"ReadAction","target":["https:\/\/marcelolopes.jor.br\/site\/2021\/01\/07\/com-contaminacao-em-alta-cataguases-continua-na-onda-vermelha\/"]}]},{"@type":"ImageObject","inLanguage":"pt-BR","@id":"https:\/\/marcelolopes.jor.br\/site\/2021\/01\/07\/com-contaminacao-em-alta-cataguases-continua-na-onda-vermelha\/#primaryimage","url":"https:\/\/marcelolopes.jor.br\/site\/wp-content\/uploads\/2020\/12\/Hospital-aerea8.jpeg","contentUrl":"https:\/\/marcelolopes.jor.br\/site\/wp-content\/uploads\/2020\/12\/Hospital-aerea8.jpeg","width":1280,"height":960,"caption":"Hospital de Cataguases alerta para"},{"@type":"BreadcrumbList","@id":"https:\/\/marcelolopes.jor.br\/site\/2021\/01\/07\/com-contaminacao-em-alta-cataguases-continua-na-onda-vermelha\/#breadcrumb","itemListElement":[{"@type":"ListItem","position":1,"name":"Home","item":"https:\/\/marcelolopes.jor.br\/site\/"},{"@type":"ListItem","position":2,"name":"Com contamina\u00e7\u00e3o em alta, Cataguases continua na Onda Vermelha"}]},{"@type":"WebSite","@id":"https:\/\/marcelolopes.jor.br\/site\/#website","url":"https:\/\/marcelolopes.jor.br\/site\/","name":"Marcelo Lopes","description":"Not\u00edcias de Cataguases e Regi\u00e3o","publisher":{"@id":"https:\/\/marcelolopes.jor.br\/site\/#organization"},"potentialAction":[{"@type":"SearchAction","target":{"@type":"EntryPoint","urlTemplate":"https:\/\/marcelolopes.jor.br\/site\/?s={search_term_string}"},"query-input":{"@type":"PropertyValueSpecification","valueRequired":true,"valueName":"search_term_string"}}],"inLanguage":"pt-BR"},{"@type":"Organization","@id":"https:\/\/marcelolopes.jor.br\/site\/#organization","name":"Site do Marcelo Lopes","url":"https:\/\/marcelolopes.jor.br\/site\/","logo":{"@type":"ImageObject","inLanguage":"pt-BR","@id":"https:\/\/marcelolopes.jor.br\/site\/#\/schema\/logo\/image\/","url":"https:\/\/marcelolopes.jor.br\/site\/wp-content\/uploads\/2024\/11\/logo-1.png","contentUrl":"https:\/\/marcelolopes.jor.br\/site\/wp-content\/uploads\/2024\/11\/logo-1.png","width":475,"height":80,"caption":"Site do Marcelo Lopes"},"image":{"@id":"https:\/\/marcelolopes.jor.br\/site\/#\/schema\/logo\/image\/"},"sameAs":["https:\/\/www.facebook.com\/sitedomarcelolopes","https:\/\/www.instagram.com\/sitedomarcelolopes\/","https:\/\/www.linkedin.com\/company\/site-do-marcelo-lopes\/","https:\/\/www.youtube.com\/user\/marcelolopes957"]},{"@type":"Person","@id":"https:\/\/marcelolopes.jor.br\/site\/#\/schema\/person\/3e7216a35c34d8fdf952b31da3d1f89f","name":"Marcelo Lopes","sameAs":["http:\/\/www.marcelolopes.jor.br"],"url":"https:\/\/marcelolopes.jor.br\/site\/author\/marcelo\/"}]}},"wps_subtitle":"Hospital segue com 90% dos leitos ocupados e Enfermaria Covid com 70%","_links":{"self":[{"href":"https:\/\/marcelolopes.jor.br\/site\/wp-json\/wp\/v2\/posts\/20576","targetHints":{"allow":["GET"]}}],"collection":[{"href":"https:\/\/marcelolopes.jor.br\/site\/wp-json\/wp\/v2\/posts"}],"about":[{"href":"https:\/\/marcelolopes.jor.br\/site\/wp-json\/wp\/v2\/types\/post"}],"author":[{"embeddable":true,"href":"https:\/\/marcelolopes.jor.br\/site\/wp-json\/wp\/v2\/users\/2"}],"replies":[{"embeddable":true,"href":"https:\/\/marcelolopes.jor.br\/site\/wp-json\/wp\/v2\/comments?post=20576"}],"version-history":[{"count":0,"href":"https:\/\/marcelolopes.jor.br\/site\/wp-json\/wp\/v2\/posts\/20576\/revisions"}],"wp:featuredmedia":[{"embeddable":true,"href":"https:\/\/marcelolopes.jor.br\/site\/wp-json\/wp\/v2\/media\/20028"}],"wp:attachment":[{"href":"https:\/\/marcelolopes.jor.br\/site\/wp-json\/wp\/v2\/media?parent=20576"}],"wp:term":[{"taxonomy":"category","embeddable":true,"href":"https:\/\/marcelolopes.jor.br\/site\/wp-json\/wp\/v2\/categories?post=20576"},{"taxonomy":"post_tag","embeddable":true,"href":"https:\/\/marcelolopes.jor.br\/site\/wp-json\/wp\/v2\/tags?post=20576"}],"curies":[{"name":"wp","href":"https:\/\/api.w.org\/{rel}","templated":true}]}}