{"id":2033,"date":"2019-06-04T20:00:37","date_gmt":"2019-06-04T23:00:37","guid":{"rendered":"https:\/\/marcelolopes.jor.br\/?p=2033"},"modified":"2019-06-04T17:55:29","modified_gmt":"2019-06-04T20:55:29","slug":"inscritos-no-cadunico-podem-ter-desconto-de-ate-60-na-conta-de-luz","status":"publish","type":"post","link":"https:\/\/marcelolopes.jor.br\/site\/2019\/06\/04\/inscritos-no-cadunico-podem-ter-desconto-de-ate-60-na-conta-de-luz\/","title":{"rendered":"Inscritos no Cad\u00danico podem ter desconto de at\u00e9 60% na conta de luz"},"content":{"rendered":"<p style=\"text-align: justify;\">Fam\u00edlias de baixa renda inscritas no Cadastro \u00danico (Cad\u00danico) para Programas Sociais do Governo Federal t\u00eam direito \u00e0 Tarifa Social de Energia El\u00e9trica. De acordo com a Secretaria Especial do Desenvolvimento Social do Minist\u00e9rio da Cidadania, esse benef\u00edcio oferece um desconto na conta de luz que varia de 10% a 65% e pode ser requerido por fam\u00edlias com renda de at\u00e9 meio sal\u00e1rio m\u00ednimo por pessoa ou que tenham algum membro que receba o Benef\u00edcio de Presta\u00e7\u00e3o Continuada da Assist\u00eancia Social (BPC).<!--more--><\/p>\n<p style=\"text-align: justify;\">Al\u00e9m disso, podem pedir o desconto fam\u00edlias com renda mensal de at\u00e9 tr\u00eas sal\u00e1rios m\u00ednimos e que possuam membros portadores de doen\u00e7a ou defici\u00eancia cujo tratamento m\u00e9dico demande o uso continuado de aparelhos com elevado consumo de energia el\u00e9trica. J\u00e1 os ind\u00edgenas e quilombolas com renda por pessoa de at\u00e9 meio sal\u00e1rio ter\u00e3o direito ao desconto de 100% na conta de energia el\u00e9trica, at\u00e9 o limite de consumo de 50 KWh\/m\u00eas.<\/p>\n<p style=\"text-align: justify;\">Segundo o diretor do Departamento do Cadastro \u00danico do Minist\u00e9rio da Cidadania, Walter Emura, o programa busca combater a pobreza e auxiliar as pessoas em situa\u00e7\u00e3o de vulnerabilidade.<\/p>\n<p style=\"text-align: justify;\">\u201cO Cadastro \u00danico serve para todos os programas sociais que atendem as fam\u00edlias em situa\u00e7\u00e3o de vulnerabilidade social; ou seja, aquela camada da popula\u00e7\u00e3o que est\u00e1 mais vulner\u00e1vel social e economicamente tamb\u00e9m. Ent\u00e3o, neste sentido, \u00e9 um dos programas que ajuda a combater esta vulnerabilidade. E, neste aspecto, \u00e9 de fundamental import\u00e2ncia como uma das pol\u00edticas de prote\u00e7\u00e3o social\u201d, disse.<\/p>\n<p style=\"text-align: justify;\">Vale ressaltar que, para ter acesso ao benef\u00edcio, \u00e9 preciso estar com os dados do Cadastro \u00danico em dia. Para isso, basta comparecer ao Centro de Refer\u00eancia de Assist\u00eancia Social (CRAS), portando o Cadastro de Pessoa F\u00edsica (CPF) e um comprovante de resid\u00eancia.<\/p>\n<p><em>Fonte: Ag\u00eancia do R\u00e1dio Mais<br \/>\nFoto: Rond\u00f4nia Agora<\/em><\/p>\n<div class=\"mzgiv69f747a76802e\" ><br><\/div><style type=\"text\/css\">\r\n@media screen and (min-width: 1201px) {\r\n.mzgiv69f747a76802e {\r\ndisplay: block;\r\n}\r\n}\r\n@media screen and (min-width: 993px) and (max-width: 1200px) {\r\n.mzgiv69f747a76802e {\r\ndisplay: block;\r\n}\r\n}\r\n@media screen and (min-width: 769px) and (max-width: 992px) {\r\n.mzgiv69f747a76802e {\r\ndisplay: block;\r\n}\r\n}\r\n@media screen and (min-width: 768px) and (max-width: 768px) {\r\n.mzgiv69f747a76802e {\r\ndisplay: block;\r\n}\r\n}\r\n@media screen and (max-width: 767px) {\r\n.mzgiv69f747a76802e {\r\ndisplay: block;\r\n}\r\n}\r\n<\/style>\r\n<div class=\"duwjg69f747a76d6f3\" ><div id=\"div_destino\"><\/div>\r\n<script src=\"https:\/\/cdn.snsrsv.com\/sdk.js\"><\/script>\r\n<script >\r\n      new sdk(\"464030C30061EA8BE065000000000001\") \r\n          .appendTo(\"div_destino\")\r\n          .disableStyle(true) \r\n          .setCacheBusterMacro(\"%%CACHEBUSTER%%\")\r\n          .setSize(\"800\",\"214\")\r\n          .setClickMacro(\"%%CLICK_URL_ESC%%\") \r\n          .setReferrerUrlMacro(\"%%REFERRER_URL_ESC%%\") \r\n          .start(); \r\n<\/script><\/div><style type=\"text\/css\">\r\n@media screen and (min-width: 1201px) {\r\n.duwjg69f747a76d6f3 {\r\ndisplay: block;\r\n}\r\n}\r\n@media screen and (min-width: 993px) and (max-width: 1200px) {\r\n.duwjg69f747a76d6f3 {\r\ndisplay: block;\r\n}\r\n}\r\n@media screen and (min-width: 769px) and (max-width: 992px) {\r\n.duwjg69f747a76d6f3 {\r\ndisplay: block;\r\n}\r\n}\r\n@media screen and (min-width: 768px) and (max-width: 768px) {\r\n.duwjg69f747a76d6f3 {\r\ndisplay: block;\r\n}\r\n}\r\n@media screen and (max-width: 767px) {\r\n.duwjg69f747a76d6f3 {\r\ndisplay: block;\r\n}\r\n}\r\n<\/style>\r\n","protected":false},"excerpt":{"rendered":"<p>Fam\u00edlias de baixa renda inscritas no Cadastro \u00danico (Cad\u00danico) para Programas Sociais do Governo Federal t\u00eam direito \u00e0 Tarifa Social de Energia El\u00e9trica. De acordo com a Secretaria Especial do Desenvolvimento Social do Minist\u00e9rio da Cidadania, esse benef\u00edcio oferece um<\/p>\n<p class=\"link-more\"><a class=\"more-link\" href=\"https:\/\/marcelolopes.jor.br\/site\/2019\/06\/04\/inscritos-no-cadunico-podem-ter-desconto-de-ate-60-na-conta-de-luz\/\">Leia mais <span class=\"screen-reader-text\">Inscritos no Cad\u00danico podem ter desconto de at\u00e9 60% na conta de luz<\/span><\/a><\/p>\n","protected":false},"author":2,"featured_media":2035,"comment_status":"open","ping_status":"open","sticky":false,"template":"","format":"standard","meta":{"footnotes":""},"categories":[1],"tags":[445,444,446,447],"class_list":["post-2033","post","type-post","status-publish","format-standard","has-post-thumbnail","hentry","category-noticias","tag-baixa-renda","tag-cadunico","tag-familia","tag-pobreza","thumb-below-title"],"yoast_head":"<!-- This site is optimized with the Yoast SEO plugin v27.4 - https:\/\/yoast.com\/product\/yoast-seo-wordpress\/ -->\n<title>Inscritos no Cad\u00danico podem ter desconto de at\u00e9 60% na conta de luz | Marcelo Lopes<\/title>\n<meta name=\"robots\" content=\"index, follow, max-snippet:-1, max-image-preview:large, max-video-preview:-1\" \/>\n<link rel=\"canonical\" href=\"https:\/\/marcelolopes.jor.br\/site\/2019\/06\/04\/inscritos-no-cadunico-podem-ter-desconto-de-ate-60-na-conta-de-luz\/\" \/>\n<meta property=\"og:locale\" content=\"pt_BR\" \/>\n<meta property=\"og:type\" content=\"article\" \/>\n<meta property=\"og:title\" content=\"Inscritos no Cad\u00danico podem ter desconto de at\u00e9 60% na conta de luz | Marcelo Lopes\" \/>\n<meta property=\"og:description\" content=\"Fam\u00edlias de baixa renda inscritas no Cadastro \u00danico (Cad\u00danico) para Programas Sociais do Governo Federal t\u00eam direito \u00e0 Tarifa Social de Energia El\u00e9trica. De acordo com a Secretaria Especial do Desenvolvimento Social do Minist\u00e9rio da Cidadania, esse benef\u00edcio oferece umLeia mais Inscritos no Cad\u00danico podem ter desconto de at\u00e9 60% na conta de luz\" \/>\n<meta property=\"og:url\" content=\"https:\/\/marcelolopes.jor.br\/site\/2019\/06\/04\/inscritos-no-cadunico-podem-ter-desconto-de-ate-60-na-conta-de-luz\/\" \/>\n<meta property=\"og:site_name\" content=\"Marcelo Lopes\" \/>\n<meta property=\"article:publisher\" content=\"https:\/\/www.facebook.com\/sitedomarcelolopes\" \/>\n<meta property=\"article:published_time\" content=\"2019-06-04T23:00:37+00:00\" \/>\n<meta property=\"og:image\" content=\"https:\/\/marcelolopes.jor.br\/site\/wp-content\/uploads\/2019\/06\/5c23c4af515f2.jpg\" \/>\n\t<meta property=\"og:image:width\" content=\"640\" \/>\n\t<meta property=\"og:image:height\" content=\"430\" \/>\n\t<meta property=\"og:image:type\" content=\"image\/jpeg\" \/>\n<meta name=\"author\" content=\"Marcelo Lopes\" \/>\n<meta name=\"twitter:card\" content=\"summary_large_image\" \/>\n<meta name=\"twitter:label1\" content=\"Escrito por\" \/>\n\t<meta name=\"twitter:data1\" content=\"Marcelo Lopes\" \/>\n\t<meta name=\"twitter:label2\" content=\"Est. tempo de leitura\" \/>\n\t<meta name=\"twitter:data2\" content=\"2 minutos\" \/>\n<script type=\"application\/ld+json\" class=\"yoast-schema-graph\">{\"@context\":\"https:\\\/\\\/schema.org\",\"@graph\":[{\"@type\":\"NewsArticle\",\"@id\":\"https:\\\/\\\/marcelolopes.jor.br\\\/site\\\/2019\\\/06\\\/04\\\/inscritos-no-cadunico-podem-ter-desconto-de-ate-60-na-conta-de-luz\\\/#article\",\"isPartOf\":{\"@id\":\"https:\\\/\\\/marcelolopes.jor.br\\\/site\\\/2019\\\/06\\\/04\\\/inscritos-no-cadunico-podem-ter-desconto-de-ate-60-na-conta-de-luz\\\/\"},\"author\":{\"name\":\"Marcelo Lopes\",\"@id\":\"https:\\\/\\\/marcelolopes.jor.br\\\/site\\\/#\\\/schema\\\/person\\\/3e7216a35c34d8fdf952b31da3d1f89f\"},\"headline\":\"Inscritos no Cad\u00danico podem ter desconto de at\u00e9 60% na conta de luz\",\"datePublished\":\"2019-06-04T23:00:37+00:00\",\"mainEntityOfPage\":{\"@id\":\"https:\\\/\\\/marcelolopes.jor.br\\\/site\\\/2019\\\/06\\\/04\\\/inscritos-no-cadunico-podem-ter-desconto-de-ate-60-na-conta-de-luz\\\/\"},\"wordCount\":343,\"commentCount\":0,\"publisher\":{\"@id\":\"https:\\\/\\\/marcelolopes.jor.br\\\/site\\\/#organization\"},\"image\":{\"@id\":\"https:\\\/\\\/marcelolopes.jor.br\\\/site\\\/2019\\\/06\\\/04\\\/inscritos-no-cadunico-podem-ter-desconto-de-ate-60-na-conta-de-luz\\\/#primaryimage\"},\"thumbnailUrl\":\"https:\\\/\\\/marcelolopes.jor.br\\\/site\\\/wp-content\\\/uploads\\\/2019\\\/06\\\/5c23c4af515f2.jpg\",\"keywords\":[\"baixa renda\",\"Cad\u00danico\",\"fam\u00edlia\",\"pobreza\"],\"articleSection\":[\"Not\u00edcias\"],\"inLanguage\":\"pt-BR\",\"potentialAction\":[{\"@type\":\"CommentAction\",\"name\":\"Comment\",\"target\":[\"https:\\\/\\\/marcelolopes.jor.br\\\/site\\\/2019\\\/06\\\/04\\\/inscritos-no-cadunico-podem-ter-desconto-de-ate-60-na-conta-de-luz\\\/#respond\"]}]},{\"@type\":\"WebPage\",\"@id\":\"https:\\\/\\\/marcelolopes.jor.br\\\/site\\\/2019\\\/06\\\/04\\\/inscritos-no-cadunico-podem-ter-desconto-de-ate-60-na-conta-de-luz\\\/\",\"url\":\"https:\\\/\\\/marcelolopes.jor.br\\\/site\\\/2019\\\/06\\\/04\\\/inscritos-no-cadunico-podem-ter-desconto-de-ate-60-na-conta-de-luz\\\/\",\"name\":\"Inscritos no Cad\u00danico podem ter desconto de at\u00e9 60% na conta de luz | Marcelo Lopes\",\"isPartOf\":{\"@id\":\"https:\\\/\\\/marcelolopes.jor.br\\\/site\\\/#website\"},\"primaryImageOfPage\":{\"@id\":\"https:\\\/\\\/marcelolopes.jor.br\\\/site\\\/2019\\\/06\\\/04\\\/inscritos-no-cadunico-podem-ter-desconto-de-ate-60-na-conta-de-luz\\\/#primaryimage\"},\"image\":{\"@id\":\"https:\\\/\\\/marcelolopes.jor.br\\\/site\\\/2019\\\/06\\\/04\\\/inscritos-no-cadunico-podem-ter-desconto-de-ate-60-na-conta-de-luz\\\/#primaryimage\"},\"thumbnailUrl\":\"https:\\\/\\\/marcelolopes.jor.br\\\/site\\\/wp-content\\\/uploads\\\/2019\\\/06\\\/5c23c4af515f2.jpg\",\"datePublished\":\"2019-06-04T23:00:37+00:00\",\"breadcrumb\":{\"@id\":\"https:\\\/\\\/marcelolopes.jor.br\\\/site\\\/2019\\\/06\\\/04\\\/inscritos-no-cadunico-podem-ter-desconto-de-ate-60-na-conta-de-luz\\\/#breadcrumb\"},\"inLanguage\":\"pt-BR\",\"potentialAction\":[{\"@type\":\"ReadAction\",\"target\":[\"https:\\\/\\\/marcelolopes.jor.br\\\/site\\\/2019\\\/06\\\/04\\\/inscritos-no-cadunico-podem-ter-desconto-de-ate-60-na-conta-de-luz\\\/\"]}]},{\"@type\":\"ImageObject\",\"inLanguage\":\"pt-BR\",\"@id\":\"https:\\\/\\\/marcelolopes.jor.br\\\/site\\\/2019\\\/06\\\/04\\\/inscritos-no-cadunico-podem-ter-desconto-de-ate-60-na-conta-de-luz\\\/#primaryimage\",\"url\":\"https:\\\/\\\/marcelolopes.jor.br\\\/site\\\/wp-content\\\/uploads\\\/2019\\\/06\\\/5c23c4af515f2.jpg\",\"contentUrl\":\"https:\\\/\\\/marcelolopes.jor.br\\\/site\\\/wp-content\\\/uploads\\\/2019\\\/06\\\/5c23c4af515f2.jpg\",\"width\":640,\"height\":430,\"caption\":\"O Cadastro \u00danico d\u00e1 direito ao benefici\u00e1rio desconto significativos na conta de energia el\u00e9trica\"},{\"@type\":\"BreadcrumbList\",\"@id\":\"https:\\\/\\\/marcelolopes.jor.br\\\/site\\\/2019\\\/06\\\/04\\\/inscritos-no-cadunico-podem-ter-desconto-de-ate-60-na-conta-de-luz\\\/#breadcrumb\",\"itemListElement\":[{\"@type\":\"ListItem\",\"position\":1,\"name\":\"Home\",\"item\":\"https:\\\/\\\/marcelolopes.jor.br\\\/site\\\/\"},{\"@type\":\"ListItem\",\"position\":2,\"name\":\"Inscritos no Cad\u00danico podem ter desconto de at\u00e9 60% na conta de luz\"}]},{\"@type\":\"WebSite\",\"@id\":\"https:\\\/\\\/marcelolopes.jor.br\\\/site\\\/#website\",\"url\":\"https:\\\/\\\/marcelolopes.jor.br\\\/site\\\/\",\"name\":\"Marcelo Lopes\",\"description\":\"Not\u00edcias de Cataguases e Regi\u00e3o\",\"publisher\":{\"@id\":\"https:\\\/\\\/marcelolopes.jor.br\\\/site\\\/#organization\"},\"potentialAction\":[{\"@type\":\"SearchAction\",\"target\":{\"@type\":\"EntryPoint\",\"urlTemplate\":\"https:\\\/\\\/marcelolopes.jor.br\\\/site\\\/?s={search_term_string}\"},\"query-input\":{\"@type\":\"PropertyValueSpecification\",\"valueRequired\":true,\"valueName\":\"search_term_string\"}}],\"inLanguage\":\"pt-BR\"},{\"@type\":\"Organization\",\"@id\":\"https:\\\/\\\/marcelolopes.jor.br\\\/site\\\/#organization\",\"name\":\"Site do Marcelo Lopes\",\"url\":\"https:\\\/\\\/marcelolopes.jor.br\\\/site\\\/\",\"logo\":{\"@type\":\"ImageObject\",\"inLanguage\":\"pt-BR\",\"@id\":\"https:\\\/\\\/marcelolopes.jor.br\\\/site\\\/#\\\/schema\\\/logo\\\/image\\\/\",\"url\":\"https:\\\/\\\/marcelolopes.jor.br\\\/site\\\/wp-content\\\/uploads\\\/2024\\\/11\\\/logo-1.png\",\"contentUrl\":\"https:\\\/\\\/marcelolopes.jor.br\\\/site\\\/wp-content\\\/uploads\\\/2024\\\/11\\\/logo-1.png\",\"width\":475,\"height\":80,\"caption\":\"Site do Marcelo Lopes\"},\"image\":{\"@id\":\"https:\\\/\\\/marcelolopes.jor.br\\\/site\\\/#\\\/schema\\\/logo\\\/image\\\/\"},\"sameAs\":[\"https:\\\/\\\/www.facebook.com\\\/sitedomarcelolopes\",\"https:\\\/\\\/www.instagram.com\\\/sitedomarcelolopes\\\/\",\"https:\\\/\\\/www.linkedin.com\\\/company\\\/site-do-marcelo-lopes\\\/\",\"https:\\\/\\\/www.youtube.com\\\/user\\\/marcelolopes957\"]},{\"@type\":\"Person\",\"@id\":\"https:\\\/\\\/marcelolopes.jor.br\\\/site\\\/#\\\/schema\\\/person\\\/3e7216a35c34d8fdf952b31da3d1f89f\",\"name\":\"Marcelo Lopes\",\"sameAs\":[\"http:\\\/\\\/www.marcelolopes.jor.br\"],\"url\":\"https:\\\/\\\/marcelolopes.jor.br\\\/site\\\/author\\\/marcelo\\\/\"}]}<\/script>\n<!-- \/ Yoast SEO plugin. -->","yoast_head_json":{"title":"Inscritos no Cad\u00danico podem ter desconto de at\u00e9 60% na conta de luz | Marcelo Lopes","robots":{"index":"index","follow":"follow","max-snippet":"max-snippet:-1","max-image-preview":"max-image-preview:large","max-video-preview":"max-video-preview:-1"},"canonical":"https:\/\/marcelolopes.jor.br\/site\/2019\/06\/04\/inscritos-no-cadunico-podem-ter-desconto-de-ate-60-na-conta-de-luz\/","og_locale":"pt_BR","og_type":"article","og_title":"Inscritos no Cad\u00danico podem ter desconto de at\u00e9 60% na conta de luz | Marcelo Lopes","og_description":"Fam\u00edlias de baixa renda inscritas no Cadastro \u00danico (Cad\u00danico) para Programas Sociais do Governo Federal t\u00eam direito \u00e0 Tarifa Social de Energia El\u00e9trica. De acordo com a Secretaria Especial do Desenvolvimento Social do Minist\u00e9rio da Cidadania, esse benef\u00edcio oferece umLeia mais Inscritos no Cad\u00danico podem ter desconto de at\u00e9 60% na conta de luz","og_url":"https:\/\/marcelolopes.jor.br\/site\/2019\/06\/04\/inscritos-no-cadunico-podem-ter-desconto-de-ate-60-na-conta-de-luz\/","og_site_name":"Marcelo Lopes","article_publisher":"https:\/\/www.facebook.com\/sitedomarcelolopes","article_published_time":"2019-06-04T23:00:37+00:00","og_image":[{"width":640,"height":430,"url":"https:\/\/marcelolopes.jor.br\/site\/wp-content\/uploads\/2019\/06\/5c23c4af515f2.jpg","type":"image\/jpeg"}],"author":"Marcelo Lopes","twitter_card":"summary_large_image","twitter_misc":{"Escrito por":"Marcelo Lopes","Est. tempo de leitura":"2 minutos"},"schema":{"@context":"https:\/\/schema.org","@graph":[{"@type":"NewsArticle","@id":"https:\/\/marcelolopes.jor.br\/site\/2019\/06\/04\/inscritos-no-cadunico-podem-ter-desconto-de-ate-60-na-conta-de-luz\/#article","isPartOf":{"@id":"https:\/\/marcelolopes.jor.br\/site\/2019\/06\/04\/inscritos-no-cadunico-podem-ter-desconto-de-ate-60-na-conta-de-luz\/"},"author":{"name":"Marcelo Lopes","@id":"https:\/\/marcelolopes.jor.br\/site\/#\/schema\/person\/3e7216a35c34d8fdf952b31da3d1f89f"},"headline":"Inscritos no Cad\u00danico podem ter desconto de at\u00e9 60% na conta de luz","datePublished":"2019-06-04T23:00:37+00:00","mainEntityOfPage":{"@id":"https:\/\/marcelolopes.jor.br\/site\/2019\/06\/04\/inscritos-no-cadunico-podem-ter-desconto-de-ate-60-na-conta-de-luz\/"},"wordCount":343,"commentCount":0,"publisher":{"@id":"https:\/\/marcelolopes.jor.br\/site\/#organization"},"image":{"@id":"https:\/\/marcelolopes.jor.br\/site\/2019\/06\/04\/inscritos-no-cadunico-podem-ter-desconto-de-ate-60-na-conta-de-luz\/#primaryimage"},"thumbnailUrl":"https:\/\/marcelolopes.jor.br\/site\/wp-content\/uploads\/2019\/06\/5c23c4af515f2.jpg","keywords":["baixa renda","Cad\u00danico","fam\u00edlia","pobreza"],"articleSection":["Not\u00edcias"],"inLanguage":"pt-BR","potentialAction":[{"@type":"CommentAction","name":"Comment","target":["https:\/\/marcelolopes.jor.br\/site\/2019\/06\/04\/inscritos-no-cadunico-podem-ter-desconto-de-ate-60-na-conta-de-luz\/#respond"]}]},{"@type":"WebPage","@id":"https:\/\/marcelolopes.jor.br\/site\/2019\/06\/04\/inscritos-no-cadunico-podem-ter-desconto-de-ate-60-na-conta-de-luz\/","url":"https:\/\/marcelolopes.jor.br\/site\/2019\/06\/04\/inscritos-no-cadunico-podem-ter-desconto-de-ate-60-na-conta-de-luz\/","name":"Inscritos no Cad\u00danico podem ter desconto de at\u00e9 60% na conta de luz | Marcelo Lopes","isPartOf":{"@id":"https:\/\/marcelolopes.jor.br\/site\/#website"},"primaryImageOfPage":{"@id":"https:\/\/marcelolopes.jor.br\/site\/2019\/06\/04\/inscritos-no-cadunico-podem-ter-desconto-de-ate-60-na-conta-de-luz\/#primaryimage"},"image":{"@id":"https:\/\/marcelolopes.jor.br\/site\/2019\/06\/04\/inscritos-no-cadunico-podem-ter-desconto-de-ate-60-na-conta-de-luz\/#primaryimage"},"thumbnailUrl":"https:\/\/marcelolopes.jor.br\/site\/wp-content\/uploads\/2019\/06\/5c23c4af515f2.jpg","datePublished":"2019-06-04T23:00:37+00:00","breadcrumb":{"@id":"https:\/\/marcelolopes.jor.br\/site\/2019\/06\/04\/inscritos-no-cadunico-podem-ter-desconto-de-ate-60-na-conta-de-luz\/#breadcrumb"},"inLanguage":"pt-BR","potentialAction":[{"@type":"ReadAction","target":["https:\/\/marcelolopes.jor.br\/site\/2019\/06\/04\/inscritos-no-cadunico-podem-ter-desconto-de-ate-60-na-conta-de-luz\/"]}]},{"@type":"ImageObject","inLanguage":"pt-BR","@id":"https:\/\/marcelolopes.jor.br\/site\/2019\/06\/04\/inscritos-no-cadunico-podem-ter-desconto-de-ate-60-na-conta-de-luz\/#primaryimage","url":"https:\/\/marcelolopes.jor.br\/site\/wp-content\/uploads\/2019\/06\/5c23c4af515f2.jpg","contentUrl":"https:\/\/marcelolopes.jor.br\/site\/wp-content\/uploads\/2019\/06\/5c23c4af515f2.jpg","width":640,"height":430,"caption":"O Cadastro \u00danico d\u00e1 direito ao benefici\u00e1rio desconto significativos na conta de energia el\u00e9trica"},{"@type":"BreadcrumbList","@id":"https:\/\/marcelolopes.jor.br\/site\/2019\/06\/04\/inscritos-no-cadunico-podem-ter-desconto-de-ate-60-na-conta-de-luz\/#breadcrumb","itemListElement":[{"@type":"ListItem","position":1,"name":"Home","item":"https:\/\/marcelolopes.jor.br\/site\/"},{"@type":"ListItem","position":2,"name":"Inscritos no Cad\u00danico podem ter desconto de at\u00e9 60% na conta de luz"}]},{"@type":"WebSite","@id":"https:\/\/marcelolopes.jor.br\/site\/#website","url":"https:\/\/marcelolopes.jor.br\/site\/","name":"Marcelo Lopes","description":"Not\u00edcias de Cataguases e Regi\u00e3o","publisher":{"@id":"https:\/\/marcelolopes.jor.br\/site\/#organization"},"potentialAction":[{"@type":"SearchAction","target":{"@type":"EntryPoint","urlTemplate":"https:\/\/marcelolopes.jor.br\/site\/?s={search_term_string}"},"query-input":{"@type":"PropertyValueSpecification","valueRequired":true,"valueName":"search_term_string"}}],"inLanguage":"pt-BR"},{"@type":"Organization","@id":"https:\/\/marcelolopes.jor.br\/site\/#organization","name":"Site do Marcelo Lopes","url":"https:\/\/marcelolopes.jor.br\/site\/","logo":{"@type":"ImageObject","inLanguage":"pt-BR","@id":"https:\/\/marcelolopes.jor.br\/site\/#\/schema\/logo\/image\/","url":"https:\/\/marcelolopes.jor.br\/site\/wp-content\/uploads\/2024\/11\/logo-1.png","contentUrl":"https:\/\/marcelolopes.jor.br\/site\/wp-content\/uploads\/2024\/11\/logo-1.png","width":475,"height":80,"caption":"Site do Marcelo Lopes"},"image":{"@id":"https:\/\/marcelolopes.jor.br\/site\/#\/schema\/logo\/image\/"},"sameAs":["https:\/\/www.facebook.com\/sitedomarcelolopes","https:\/\/www.instagram.com\/sitedomarcelolopes\/","https:\/\/www.linkedin.com\/company\/site-do-marcelo-lopes\/","https:\/\/www.youtube.com\/user\/marcelolopes957"]},{"@type":"Person","@id":"https:\/\/marcelolopes.jor.br\/site\/#\/schema\/person\/3e7216a35c34d8fdf952b31da3d1f89f","name":"Marcelo Lopes","sameAs":["http:\/\/www.marcelolopes.jor.br"],"url":"https:\/\/marcelolopes.jor.br\/site\/author\/marcelo\/"}]}},"wps_subtitle":"O programa busca combater a pobreza e auxiliar as pessoas em situa\u00e7\u00e3o de vulnerabilidade.","_links":{"self":[{"href":"https:\/\/marcelolopes.jor.br\/site\/wp-json\/wp\/v2\/posts\/2033","targetHints":{"allow":["GET"]}}],"collection":[{"href":"https:\/\/marcelolopes.jor.br\/site\/wp-json\/wp\/v2\/posts"}],"about":[{"href":"https:\/\/marcelolopes.jor.br\/site\/wp-json\/wp\/v2\/types\/post"}],"author":[{"embeddable":true,"href":"https:\/\/marcelolopes.jor.br\/site\/wp-json\/wp\/v2\/users\/2"}],"replies":[{"embeddable":true,"href":"https:\/\/marcelolopes.jor.br\/site\/wp-json\/wp\/v2\/comments?post=2033"}],"version-history":[{"count":0,"href":"https:\/\/marcelolopes.jor.br\/site\/wp-json\/wp\/v2\/posts\/2033\/revisions"}],"wp:featuredmedia":[{"embeddable":true,"href":"https:\/\/marcelolopes.jor.br\/site\/wp-json\/wp\/v2\/media\/2035"}],"wp:attachment":[{"href":"https:\/\/marcelolopes.jor.br\/site\/wp-json\/wp\/v2\/media?parent=2033"}],"wp:term":[{"taxonomy":"category","embeddable":true,"href":"https:\/\/marcelolopes.jor.br\/site\/wp-json\/wp\/v2\/categories?post=2033"},{"taxonomy":"post_tag","embeddable":true,"href":"https:\/\/marcelolopes.jor.br\/site\/wp-json\/wp\/v2\/tags?post=2033"}],"curies":[{"name":"wp","href":"https:\/\/api.w.org\/{rel}","templated":true}]}}