{"id":20314,"date":"2020-12-31T12:00:42","date_gmt":"2020-12-31T15:00:42","guid":{"rendered":"https:\/\/marcelolopes.jor.br\/?p=20314"},"modified":"2020-12-31T10:11:09","modified_gmt":"2020-12-31T13:11:09","slug":"crianca-morre-em-acidente-entre-bicicleta-e-onibus-na-br-267-em-maripa","status":"publish","type":"post","link":"https:\/\/marcelolopes.jor.br\/site\/2020\/12\/31\/crianca-morre-em-acidente-entre-bicicleta-e-onibus-na-br-267-em-maripa\/","title":{"rendered":"Crian\u00e7a morre em acidente entre bicicleta e \u00f4nibus na BR-267 em Marip\u00e1"},"content":{"rendered":"<p style=\"text-align: justify;\">Uma menina de 11 anos, que estava em uma bicicleta, morreu ap\u00f3s uma colis\u00e3o com um \u00f4nibus que seguia de Juiz de Fora sentido Cataguases no final da tarde desta quarta-feira, 30 de dezembro, na rodovia BR-267, em Marip\u00e1 de Minas.<!--more--><\/p>\n<p style=\"text-align: justify;\"><a href=\"https:\/\/instagram.com\/agenciaramdigital?igshid=148gc1hfd2zwg\"><img loading=\"lazy\" decoding=\"async\" class=\"aligncenter wp-image-20213 size-full\" src=\"https:\/\/marcelolopes.jor.br\/site\/wp-content\/uploads\/2020\/12\/Ag\u00eancia-RAM-1.jpeg\" alt=\"\" width=\"800\" height=\"214\" srcset=\"https:\/\/marcelolopes.jor.br\/site\/wp-content\/uploads\/2020\/12\/Ag\u00eancia-RAM-1.jpeg 800w, https:\/\/marcelolopes.jor.br\/site\/wp-content\/uploads\/2020\/12\/Ag\u00eancia-RAM-1-300x80.jpeg 300w, https:\/\/marcelolopes.jor.br\/site\/wp-content\/uploads\/2020\/12\/Ag\u00eancia-RAM-1-768x205.jpeg 768w\" sizes=\"auto, (max-width: 800px) 100vw, 800px\" \/><\/a>Segundo a Pol\u00edcia Rodovi\u00e1ria Federal, que assumiu a ocorr\u00eancia, a colis\u00e3o transversal ocorreu na altura do Km 47 daquela rodovia, por\u00e9m, a din\u00e2mica dos fatos e as causas do acidente ainda n\u00e3o est\u00e3o esclarecidas e ser\u00e3o investigadas.<\/p>\n<p style=\"text-align: justify;\">A crian\u00e7a foi socorrida por uma ambul\u00e2ncia da Secretaria Municipal de Sa\u00fade de Marip\u00e1 de Minas e por uma equipe do Servi\u00e7o de Atendimento M\u00f3vel de Urg\u00eancia (SAMU) mas n\u00e3o resistiu aos ferimentos e veio a \u00f3bito ainda no local.<\/p>\n<p style=\"text-align: justify;\">A per\u00edcia t\u00e9cnica da Pol\u00edcia Civil foi acionada e realizou os trabalhos de praxe. O corpo foi encaminhado ao Instituto M\u00e9dico Legal (IML).<\/p>\n<p>Fonte e foto: Rep\u00f3rter Kadu Fontana | Texto: J\u00falio Cesar Martins<\/p>\n<div class=\"bcnsk69f756ad3c75e\" ><br><\/div><style type=\"text\/css\">\r\n@media screen and (min-width: 1201px) {\r\n.bcnsk69f756ad3c75e {\r\ndisplay: block;\r\n}\r\n}\r\n@media screen and (min-width: 993px) and (max-width: 1200px) {\r\n.bcnsk69f756ad3c75e {\r\ndisplay: block;\r\n}\r\n}\r\n@media screen and (min-width: 769px) and (max-width: 992px) {\r\n.bcnsk69f756ad3c75e {\r\ndisplay: block;\r\n}\r\n}\r\n@media screen and (min-width: 768px) and (max-width: 768px) {\r\n.bcnsk69f756ad3c75e {\r\ndisplay: block;\r\n}\r\n}\r\n@media screen and (max-width: 767px) {\r\n.bcnsk69f756ad3c75e {\r\ndisplay: block;\r\n}\r\n}\r\n<\/style>\r\n<div class=\"rbkgm69f756ad42138\" ><div id=\"div_destino\"><\/div>\r\n<script src=\"https:\/\/cdn.snsrsv.com\/sdk.js\"><\/script>\r\n<script >\r\n      new sdk(\"464030C30061EA8BE065000000000001\") \r\n          .appendTo(\"div_destino\")\r\n          .disableStyle(true) \r\n          .setCacheBusterMacro(\"%%CACHEBUSTER%%\")\r\n          .setSize(\"800\",\"214\")\r\n          .setClickMacro(\"%%CLICK_URL_ESC%%\") \r\n          .setReferrerUrlMacro(\"%%REFERRER_URL_ESC%%\") \r\n          .start(); \r\n<\/script><\/div><style type=\"text\/css\">\r\n@media screen and (min-width: 1201px) {\r\n.rbkgm69f756ad42138 {\r\ndisplay: block;\r\n}\r\n}\r\n@media screen and (min-width: 993px) and (max-width: 1200px) {\r\n.rbkgm69f756ad42138 {\r\ndisplay: block;\r\n}\r\n}\r\n@media screen and (min-width: 769px) and (max-width: 992px) {\r\n.rbkgm69f756ad42138 {\r\ndisplay: block;\r\n}\r\n}\r\n@media screen and (min-width: 768px) and (max-width: 768px) {\r\n.rbkgm69f756ad42138 {\r\ndisplay: block;\r\n}\r\n}\r\n@media screen and (max-width: 767px) {\r\n.rbkgm69f756ad42138 {\r\ndisplay: block;\r\n}\r\n}\r\n<\/style>\r\n","protected":false},"excerpt":{"rendered":"<p>Uma menina de 11 anos, que estava em uma bicicleta, morreu ap\u00f3s uma colis\u00e3o com um \u00f4nibus que seguia de Juiz de Fora sentido Cataguases no final da tarde desta quarta-feira, 30 de dezembro, na rodovia BR-267, em Marip\u00e1 de<\/p>\n<p class=\"link-more\"><a class=\"more-link\" href=\"https:\/\/marcelolopes.jor.br\/site\/2020\/12\/31\/crianca-morre-em-acidente-entre-bicicleta-e-onibus-na-br-267-em-maripa\/\">Leia mais <span class=\"screen-reader-text\">Crian\u00e7a morre em acidente entre bicicleta e \u00f4nibus na BR-267 em Marip\u00e1<\/span><\/a><\/p>\n","protected":false},"author":2,"featured_media":20316,"comment_status":"open","ping_status":"open","sticky":false,"template":"","format":"standard","meta":{"footnotes":""},"categories":[1],"tags":[124,125,2747,766],"class_list":["post-20314","post","type-post","status-publish","format-standard","has-post-thumbnail","hentry","category-noticias","tag-acidente","tag-estrada","tag-maripa-de-minas","tag-onibus","thumb-below-title"],"yoast_head":"<!-- This site is optimized with the Yoast SEO plugin v27.4 - https:\/\/yoast.com\/product\/yoast-seo-wordpress\/ -->\n<title>Crian\u00e7a morre em acidente entre bicicleta e \u00f4nibus na BR-267 em Marip\u00e1 | Marcelo Lopes<\/title>\n<meta name=\"robots\" content=\"index, follow, max-snippet:-1, max-image-preview:large, max-video-preview:-1\" \/>\n<link rel=\"canonical\" href=\"https:\/\/marcelolopes.jor.br\/site\/2020\/12\/31\/crianca-morre-em-acidente-entre-bicicleta-e-onibus-na-br-267-em-maripa\/\" \/>\n<meta property=\"og:locale\" content=\"pt_BR\" \/>\n<meta property=\"og:type\" content=\"article\" \/>\n<meta property=\"og:title\" content=\"Crian\u00e7a morre em acidente entre bicicleta e \u00f4nibus na BR-267 em Marip\u00e1 | Marcelo Lopes\" \/>\n<meta property=\"og:description\" content=\"Uma menina de 11 anos, que estava em uma bicicleta, morreu ap\u00f3s uma colis\u00e3o com um \u00f4nibus que seguia de Juiz de Fora sentido Cataguases no final da tarde desta quarta-feira, 30 de dezembro, na rodovia BR-267, em Marip\u00e1 deLeia mais Crian\u00e7a morre em acidente entre bicicleta e \u00f4nibus na BR-267 em Marip\u00e1\" \/>\n<meta property=\"og:url\" content=\"https:\/\/marcelolopes.jor.br\/site\/2020\/12\/31\/crianca-morre-em-acidente-entre-bicicleta-e-onibus-na-br-267-em-maripa\/\" \/>\n<meta property=\"og:site_name\" content=\"Marcelo Lopes\" \/>\n<meta property=\"article:publisher\" content=\"https:\/\/www.facebook.com\/sitedomarcelolopes\" \/>\n<meta property=\"article:published_time\" content=\"2020-12-31T15:00:42+00:00\" \/>\n<meta property=\"og:image\" content=\"https:\/\/marcelolopes.jor.br\/site\/wp-content\/uploads\/2020\/12\/samu.jpg\" \/>\n\t<meta property=\"og:image:width\" content=\"700\" \/>\n\t<meta property=\"og:image:height\" content=\"450\" \/>\n\t<meta property=\"og:image:type\" content=\"image\/jpeg\" \/>\n<meta name=\"author\" content=\"Marcelo Lopes\" \/>\n<meta name=\"twitter:card\" content=\"summary_large_image\" \/>\n<meta name=\"twitter:label1\" content=\"Escrito por\" \/>\n\t<meta name=\"twitter:data1\" content=\"Marcelo Lopes\" \/>\n\t<meta name=\"twitter:label2\" content=\"Est. tempo de leitura\" \/>\n\t<meta name=\"twitter:data2\" content=\"1 minuto\" \/>\n<script type=\"application\/ld+json\" class=\"yoast-schema-graph\">{\"@context\":\"https:\\\/\\\/schema.org\",\"@graph\":[{\"@type\":\"NewsArticle\",\"@id\":\"https:\\\/\\\/marcelolopes.jor.br\\\/site\\\/2020\\\/12\\\/31\\\/crianca-morre-em-acidente-entre-bicicleta-e-onibus-na-br-267-em-maripa\\\/#article\",\"isPartOf\":{\"@id\":\"https:\\\/\\\/marcelolopes.jor.br\\\/site\\\/2020\\\/12\\\/31\\\/crianca-morre-em-acidente-entre-bicicleta-e-onibus-na-br-267-em-maripa\\\/\"},\"author\":{\"name\":\"Marcelo Lopes\",\"@id\":\"https:\\\/\\\/marcelolopes.jor.br\\\/site\\\/#\\\/schema\\\/person\\\/3e7216a35c34d8fdf952b31da3d1f89f\"},\"headline\":\"Crian\u00e7a morre em acidente entre bicicleta e \u00f4nibus na BR-267 em Marip\u00e1\",\"datePublished\":\"2020-12-31T15:00:42+00:00\",\"mainEntityOfPage\":{\"@id\":\"https:\\\/\\\/marcelolopes.jor.br\\\/site\\\/2020\\\/12\\\/31\\\/crianca-morre-em-acidente-entre-bicicleta-e-onibus-na-br-267-em-maripa\\\/\"},\"wordCount\":185,\"commentCount\":0,\"publisher\":{\"@id\":\"https:\\\/\\\/marcelolopes.jor.br\\\/site\\\/#organization\"},\"image\":{\"@id\":\"https:\\\/\\\/marcelolopes.jor.br\\\/site\\\/2020\\\/12\\\/31\\\/crianca-morre-em-acidente-entre-bicicleta-e-onibus-na-br-267-em-maripa\\\/#primaryimage\"},\"thumbnailUrl\":\"https:\\\/\\\/marcelolopes.jor.br\\\/site\\\/wp-content\\\/uploads\\\/2020\\\/12\\\/samu.jpg\",\"keywords\":[\"acidente\",\"estrada\",\"Marip\u00e1 de Minas\",\"\u00f4nibus\"],\"articleSection\":[\"Not\u00edcias\"],\"inLanguage\":\"pt-BR\",\"potentialAction\":[{\"@type\":\"CommentAction\",\"name\":\"Comment\",\"target\":[\"https:\\\/\\\/marcelolopes.jor.br\\\/site\\\/2020\\\/12\\\/31\\\/crianca-morre-em-acidente-entre-bicicleta-e-onibus-na-br-267-em-maripa\\\/#respond\"]}]},{\"@type\":\"WebPage\",\"@id\":\"https:\\\/\\\/marcelolopes.jor.br\\\/site\\\/2020\\\/12\\\/31\\\/crianca-morre-em-acidente-entre-bicicleta-e-onibus-na-br-267-em-maripa\\\/\",\"url\":\"https:\\\/\\\/marcelolopes.jor.br\\\/site\\\/2020\\\/12\\\/31\\\/crianca-morre-em-acidente-entre-bicicleta-e-onibus-na-br-267-em-maripa\\\/\",\"name\":\"Crian\u00e7a morre em acidente entre bicicleta e \u00f4nibus na BR-267 em Marip\u00e1 | Marcelo Lopes\",\"isPartOf\":{\"@id\":\"https:\\\/\\\/marcelolopes.jor.br\\\/site\\\/#website\"},\"primaryImageOfPage\":{\"@id\":\"https:\\\/\\\/marcelolopes.jor.br\\\/site\\\/2020\\\/12\\\/31\\\/crianca-morre-em-acidente-entre-bicicleta-e-onibus-na-br-267-em-maripa\\\/#primaryimage\"},\"image\":{\"@id\":\"https:\\\/\\\/marcelolopes.jor.br\\\/site\\\/2020\\\/12\\\/31\\\/crianca-morre-em-acidente-entre-bicicleta-e-onibus-na-br-267-em-maripa\\\/#primaryimage\"},\"thumbnailUrl\":\"https:\\\/\\\/marcelolopes.jor.br\\\/site\\\/wp-content\\\/uploads\\\/2020\\\/12\\\/samu.jpg\",\"datePublished\":\"2020-12-31T15:00:42+00:00\",\"breadcrumb\":{\"@id\":\"https:\\\/\\\/marcelolopes.jor.br\\\/site\\\/2020\\\/12\\\/31\\\/crianca-morre-em-acidente-entre-bicicleta-e-onibus-na-br-267-em-maripa\\\/#breadcrumb\"},\"inLanguage\":\"pt-BR\",\"potentialAction\":[{\"@type\":\"ReadAction\",\"target\":[\"https:\\\/\\\/marcelolopes.jor.br\\\/site\\\/2020\\\/12\\\/31\\\/crianca-morre-em-acidente-entre-bicicleta-e-onibus-na-br-267-em-maripa\\\/\"]}]},{\"@type\":\"ImageObject\",\"inLanguage\":\"pt-BR\",\"@id\":\"https:\\\/\\\/marcelolopes.jor.br\\\/site\\\/2020\\\/12\\\/31\\\/crianca-morre-em-acidente-entre-bicicleta-e-onibus-na-br-267-em-maripa\\\/#primaryimage\",\"url\":\"https:\\\/\\\/marcelolopes.jor.br\\\/site\\\/wp-content\\\/uploads\\\/2020\\\/12\\\/samu.jpg\",\"contentUrl\":\"https:\\\/\\\/marcelolopes.jor.br\\\/site\\\/wp-content\\\/uploads\\\/2020\\\/12\\\/samu.jpg\",\"width\":700,\"height\":450},{\"@type\":\"BreadcrumbList\",\"@id\":\"https:\\\/\\\/marcelolopes.jor.br\\\/site\\\/2020\\\/12\\\/31\\\/crianca-morre-em-acidente-entre-bicicleta-e-onibus-na-br-267-em-maripa\\\/#breadcrumb\",\"itemListElement\":[{\"@type\":\"ListItem\",\"position\":1,\"name\":\"Home\",\"item\":\"https:\\\/\\\/marcelolopes.jor.br\\\/site\\\/\"},{\"@type\":\"ListItem\",\"position\":2,\"name\":\"Crian\u00e7a morre em acidente entre bicicleta e \u00f4nibus na BR-267 em Marip\u00e1\"}]},{\"@type\":\"WebSite\",\"@id\":\"https:\\\/\\\/marcelolopes.jor.br\\\/site\\\/#website\",\"url\":\"https:\\\/\\\/marcelolopes.jor.br\\\/site\\\/\",\"name\":\"Marcelo Lopes\",\"description\":\"Not\u00edcias de Cataguases e Regi\u00e3o\",\"publisher\":{\"@id\":\"https:\\\/\\\/marcelolopes.jor.br\\\/site\\\/#organization\"},\"potentialAction\":[{\"@type\":\"SearchAction\",\"target\":{\"@type\":\"EntryPoint\",\"urlTemplate\":\"https:\\\/\\\/marcelolopes.jor.br\\\/site\\\/?s={search_term_string}\"},\"query-input\":{\"@type\":\"PropertyValueSpecification\",\"valueRequired\":true,\"valueName\":\"search_term_string\"}}],\"inLanguage\":\"pt-BR\"},{\"@type\":\"Organization\",\"@id\":\"https:\\\/\\\/marcelolopes.jor.br\\\/site\\\/#organization\",\"name\":\"Site do Marcelo Lopes\",\"url\":\"https:\\\/\\\/marcelolopes.jor.br\\\/site\\\/\",\"logo\":{\"@type\":\"ImageObject\",\"inLanguage\":\"pt-BR\",\"@id\":\"https:\\\/\\\/marcelolopes.jor.br\\\/site\\\/#\\\/schema\\\/logo\\\/image\\\/\",\"url\":\"https:\\\/\\\/marcelolopes.jor.br\\\/site\\\/wp-content\\\/uploads\\\/2024\\\/11\\\/logo-1.png\",\"contentUrl\":\"https:\\\/\\\/marcelolopes.jor.br\\\/site\\\/wp-content\\\/uploads\\\/2024\\\/11\\\/logo-1.png\",\"width\":475,\"height\":80,\"caption\":\"Site do Marcelo Lopes\"},\"image\":{\"@id\":\"https:\\\/\\\/marcelolopes.jor.br\\\/site\\\/#\\\/schema\\\/logo\\\/image\\\/\"},\"sameAs\":[\"https:\\\/\\\/www.facebook.com\\\/sitedomarcelolopes\",\"https:\\\/\\\/www.instagram.com\\\/sitedomarcelolopes\\\/\",\"https:\\\/\\\/www.linkedin.com\\\/company\\\/site-do-marcelo-lopes\\\/\",\"https:\\\/\\\/www.youtube.com\\\/user\\\/marcelolopes957\"]},{\"@type\":\"Person\",\"@id\":\"https:\\\/\\\/marcelolopes.jor.br\\\/site\\\/#\\\/schema\\\/person\\\/3e7216a35c34d8fdf952b31da3d1f89f\",\"name\":\"Marcelo Lopes\",\"sameAs\":[\"http:\\\/\\\/www.marcelolopes.jor.br\"],\"url\":\"https:\\\/\\\/marcelolopes.jor.br\\\/site\\\/author\\\/marcelo\\\/\"}]}<\/script>\n<!-- \/ Yoast SEO plugin. -->","yoast_head_json":{"title":"Crian\u00e7a morre em acidente entre bicicleta e \u00f4nibus na BR-267 em Marip\u00e1 | Marcelo Lopes","robots":{"index":"index","follow":"follow","max-snippet":"max-snippet:-1","max-image-preview":"max-image-preview:large","max-video-preview":"max-video-preview:-1"},"canonical":"https:\/\/marcelolopes.jor.br\/site\/2020\/12\/31\/crianca-morre-em-acidente-entre-bicicleta-e-onibus-na-br-267-em-maripa\/","og_locale":"pt_BR","og_type":"article","og_title":"Crian\u00e7a morre em acidente entre bicicleta e \u00f4nibus na BR-267 em Marip\u00e1 | Marcelo Lopes","og_description":"Uma menina de 11 anos, que estava em uma bicicleta, morreu ap\u00f3s uma colis\u00e3o com um \u00f4nibus que seguia de Juiz de Fora sentido Cataguases no final da tarde desta quarta-feira, 30 de dezembro, na rodovia BR-267, em Marip\u00e1 deLeia mais Crian\u00e7a morre em acidente entre bicicleta e \u00f4nibus na BR-267 em Marip\u00e1","og_url":"https:\/\/marcelolopes.jor.br\/site\/2020\/12\/31\/crianca-morre-em-acidente-entre-bicicleta-e-onibus-na-br-267-em-maripa\/","og_site_name":"Marcelo Lopes","article_publisher":"https:\/\/www.facebook.com\/sitedomarcelolopes","article_published_time":"2020-12-31T15:00:42+00:00","og_image":[{"width":700,"height":450,"url":"https:\/\/marcelolopes.jor.br\/site\/wp-content\/uploads\/2020\/12\/samu.jpg","type":"image\/jpeg"}],"author":"Marcelo Lopes","twitter_card":"summary_large_image","twitter_misc":{"Escrito por":"Marcelo Lopes","Est. tempo de leitura":"1 minuto"},"schema":{"@context":"https:\/\/schema.org","@graph":[{"@type":"NewsArticle","@id":"https:\/\/marcelolopes.jor.br\/site\/2020\/12\/31\/crianca-morre-em-acidente-entre-bicicleta-e-onibus-na-br-267-em-maripa\/#article","isPartOf":{"@id":"https:\/\/marcelolopes.jor.br\/site\/2020\/12\/31\/crianca-morre-em-acidente-entre-bicicleta-e-onibus-na-br-267-em-maripa\/"},"author":{"name":"Marcelo Lopes","@id":"https:\/\/marcelolopes.jor.br\/site\/#\/schema\/person\/3e7216a35c34d8fdf952b31da3d1f89f"},"headline":"Crian\u00e7a morre em acidente entre bicicleta e \u00f4nibus na BR-267 em Marip\u00e1","datePublished":"2020-12-31T15:00:42+00:00","mainEntityOfPage":{"@id":"https:\/\/marcelolopes.jor.br\/site\/2020\/12\/31\/crianca-morre-em-acidente-entre-bicicleta-e-onibus-na-br-267-em-maripa\/"},"wordCount":185,"commentCount":0,"publisher":{"@id":"https:\/\/marcelolopes.jor.br\/site\/#organization"},"image":{"@id":"https:\/\/marcelolopes.jor.br\/site\/2020\/12\/31\/crianca-morre-em-acidente-entre-bicicleta-e-onibus-na-br-267-em-maripa\/#primaryimage"},"thumbnailUrl":"https:\/\/marcelolopes.jor.br\/site\/wp-content\/uploads\/2020\/12\/samu.jpg","keywords":["acidente","estrada","Marip\u00e1 de Minas","\u00f4nibus"],"articleSection":["Not\u00edcias"],"inLanguage":"pt-BR","potentialAction":[{"@type":"CommentAction","name":"Comment","target":["https:\/\/marcelolopes.jor.br\/site\/2020\/12\/31\/crianca-morre-em-acidente-entre-bicicleta-e-onibus-na-br-267-em-maripa\/#respond"]}]},{"@type":"WebPage","@id":"https:\/\/marcelolopes.jor.br\/site\/2020\/12\/31\/crianca-morre-em-acidente-entre-bicicleta-e-onibus-na-br-267-em-maripa\/","url":"https:\/\/marcelolopes.jor.br\/site\/2020\/12\/31\/crianca-morre-em-acidente-entre-bicicleta-e-onibus-na-br-267-em-maripa\/","name":"Crian\u00e7a morre em acidente entre bicicleta e \u00f4nibus na BR-267 em Marip\u00e1 | Marcelo Lopes","isPartOf":{"@id":"https:\/\/marcelolopes.jor.br\/site\/#website"},"primaryImageOfPage":{"@id":"https:\/\/marcelolopes.jor.br\/site\/2020\/12\/31\/crianca-morre-em-acidente-entre-bicicleta-e-onibus-na-br-267-em-maripa\/#primaryimage"},"image":{"@id":"https:\/\/marcelolopes.jor.br\/site\/2020\/12\/31\/crianca-morre-em-acidente-entre-bicicleta-e-onibus-na-br-267-em-maripa\/#primaryimage"},"thumbnailUrl":"https:\/\/marcelolopes.jor.br\/site\/wp-content\/uploads\/2020\/12\/samu.jpg","datePublished":"2020-12-31T15:00:42+00:00","breadcrumb":{"@id":"https:\/\/marcelolopes.jor.br\/site\/2020\/12\/31\/crianca-morre-em-acidente-entre-bicicleta-e-onibus-na-br-267-em-maripa\/#breadcrumb"},"inLanguage":"pt-BR","potentialAction":[{"@type":"ReadAction","target":["https:\/\/marcelolopes.jor.br\/site\/2020\/12\/31\/crianca-morre-em-acidente-entre-bicicleta-e-onibus-na-br-267-em-maripa\/"]}]},{"@type":"ImageObject","inLanguage":"pt-BR","@id":"https:\/\/marcelolopes.jor.br\/site\/2020\/12\/31\/crianca-morre-em-acidente-entre-bicicleta-e-onibus-na-br-267-em-maripa\/#primaryimage","url":"https:\/\/marcelolopes.jor.br\/site\/wp-content\/uploads\/2020\/12\/samu.jpg","contentUrl":"https:\/\/marcelolopes.jor.br\/site\/wp-content\/uploads\/2020\/12\/samu.jpg","width":700,"height":450},{"@type":"BreadcrumbList","@id":"https:\/\/marcelolopes.jor.br\/site\/2020\/12\/31\/crianca-morre-em-acidente-entre-bicicleta-e-onibus-na-br-267-em-maripa\/#breadcrumb","itemListElement":[{"@type":"ListItem","position":1,"name":"Home","item":"https:\/\/marcelolopes.jor.br\/site\/"},{"@type":"ListItem","position":2,"name":"Crian\u00e7a morre em acidente entre bicicleta e \u00f4nibus na BR-267 em Marip\u00e1"}]},{"@type":"WebSite","@id":"https:\/\/marcelolopes.jor.br\/site\/#website","url":"https:\/\/marcelolopes.jor.br\/site\/","name":"Marcelo Lopes","description":"Not\u00edcias de Cataguases e Regi\u00e3o","publisher":{"@id":"https:\/\/marcelolopes.jor.br\/site\/#organization"},"potentialAction":[{"@type":"SearchAction","target":{"@type":"EntryPoint","urlTemplate":"https:\/\/marcelolopes.jor.br\/site\/?s={search_term_string}"},"query-input":{"@type":"PropertyValueSpecification","valueRequired":true,"valueName":"search_term_string"}}],"inLanguage":"pt-BR"},{"@type":"Organization","@id":"https:\/\/marcelolopes.jor.br\/site\/#organization","name":"Site do Marcelo Lopes","url":"https:\/\/marcelolopes.jor.br\/site\/","logo":{"@type":"ImageObject","inLanguage":"pt-BR","@id":"https:\/\/marcelolopes.jor.br\/site\/#\/schema\/logo\/image\/","url":"https:\/\/marcelolopes.jor.br\/site\/wp-content\/uploads\/2024\/11\/logo-1.png","contentUrl":"https:\/\/marcelolopes.jor.br\/site\/wp-content\/uploads\/2024\/11\/logo-1.png","width":475,"height":80,"caption":"Site do Marcelo Lopes"},"image":{"@id":"https:\/\/marcelolopes.jor.br\/site\/#\/schema\/logo\/image\/"},"sameAs":["https:\/\/www.facebook.com\/sitedomarcelolopes","https:\/\/www.instagram.com\/sitedomarcelolopes\/","https:\/\/www.linkedin.com\/company\/site-do-marcelo-lopes\/","https:\/\/www.youtube.com\/user\/marcelolopes957"]},{"@type":"Person","@id":"https:\/\/marcelolopes.jor.br\/site\/#\/schema\/person\/3e7216a35c34d8fdf952b31da3d1f89f","name":"Marcelo Lopes","sameAs":["http:\/\/www.marcelolopes.jor.br"],"url":"https:\/\/marcelolopes.jor.br\/site\/author\/marcelo\/"}]}},"wps_subtitle":"A menina foi socorrida pelo SAMU mas n\u00e3o resistiu e morreu no local.","_links":{"self":[{"href":"https:\/\/marcelolopes.jor.br\/site\/wp-json\/wp\/v2\/posts\/20314","targetHints":{"allow":["GET"]}}],"collection":[{"href":"https:\/\/marcelolopes.jor.br\/site\/wp-json\/wp\/v2\/posts"}],"about":[{"href":"https:\/\/marcelolopes.jor.br\/site\/wp-json\/wp\/v2\/types\/post"}],"author":[{"embeddable":true,"href":"https:\/\/marcelolopes.jor.br\/site\/wp-json\/wp\/v2\/users\/2"}],"replies":[{"embeddable":true,"href":"https:\/\/marcelolopes.jor.br\/site\/wp-json\/wp\/v2\/comments?post=20314"}],"version-history":[{"count":0,"href":"https:\/\/marcelolopes.jor.br\/site\/wp-json\/wp\/v2\/posts\/20314\/revisions"}],"wp:featuredmedia":[{"embeddable":true,"href":"https:\/\/marcelolopes.jor.br\/site\/wp-json\/wp\/v2\/media\/20316"}],"wp:attachment":[{"href":"https:\/\/marcelolopes.jor.br\/site\/wp-json\/wp\/v2\/media?parent=20314"}],"wp:term":[{"taxonomy":"category","embeddable":true,"href":"https:\/\/marcelolopes.jor.br\/site\/wp-json\/wp\/v2\/categories?post=20314"},{"taxonomy":"post_tag","embeddable":true,"href":"https:\/\/marcelolopes.jor.br\/site\/wp-json\/wp\/v2\/tags?post=20314"}],"curies":[{"name":"wp","href":"https:\/\/api.w.org\/{rel}","templated":true}]}}