{"id":20211,"date":"2020-12-27T12:00:41","date_gmt":"2020-12-27T15:00:41","guid":{"rendered":"https:\/\/marcelolopes.jor.br\/?p=20211"},"modified":"2020-12-27T11:57:41","modified_gmt":"2020-12-27T14:57:41","slug":"ministerio-publico-recomenda-leopoldina-ingressar-na-onda-vermelha-do-minas-consciente","status":"publish","type":"post","link":"https:\/\/marcelolopes.jor.br\/site\/2020\/12\/27\/ministerio-publico-recomenda-leopoldina-ingressar-na-onda-vermelha-do-minas-consciente\/","title":{"rendered":"Minist\u00e9rio P\u00fablico recomenda Leopoldina ingressar na Onda Vermelha do Minas Consciente"},"content":{"rendered":"<p style=\"text-align: justify;\">O Minist\u00e9rio P\u00fablico do Estado de Minas Gerais, atrav\u00e9s da Coordenadoria Regional das Promotorias de Justi\u00e7a de Defesa da Sa\u00fade da Macrorregi\u00e3o Sanit\u00e1ria Sudeste, enviou Recomenda\u00e7\u00e3o Administrativa N\u00ba 01\/2020 ao Prefeito de Leopoldina, Jos\u00e9 Roberto de Oliveira, para aquele munic\u00edpio ingressar na Onda Vermelha do Programa Minas Consciente. O documento foi expedido neste s\u00e1bado, 26 de dezembro e deve ser respondido por aquele munic\u00edpio em at\u00e9 72 horas.<!--more--><\/p>\n<p style=\"text-align: justify;\"><a href=\"https:\/\/instagram.com\/agenciaramdigital?igshid=148gc1hfd2zwg\"><img loading=\"lazy\" decoding=\"async\" class=\"aligncenter wp-image-20213 size-full\" src=\"https:\/\/marcelolopes.jor.br\/site\/wp-content\/uploads\/2020\/12\/Ag\u00eancia-RAM-1.jpeg\" alt=\"\" width=\"800\" height=\"214\" srcset=\"https:\/\/marcelolopes.jor.br\/site\/wp-content\/uploads\/2020\/12\/Ag\u00eancia-RAM-1.jpeg 800w, https:\/\/marcelolopes.jor.br\/site\/wp-content\/uploads\/2020\/12\/Ag\u00eancia-RAM-1-300x80.jpeg 300w, https:\/\/marcelolopes.jor.br\/site\/wp-content\/uploads\/2020\/12\/Ag\u00eancia-RAM-1-768x205.jpeg 768w\" sizes=\"auto, (max-width: 800px) 100vw, 800px\" \/><\/a>Entre os v\u00e1rios argumentos elencados por aquela Coordenadoria Regional, destacam-se que Leopoldina aderiu formalmente ao Plano Minas Consciente, bem como o &#8220;recrudescimento da pandemia causada pelo novo Coronav\u00edrus em Minas Gerais e o consequente aumento da incid\u00eancia de casos, taxa de transmiss\u00e3o (RT), taxa de ocupa\u00e7\u00e3o de leitos cl\u00ednicos e de UTI, e \u00f3bitos causados pela doen\u00e7a\u201d, destaca o MP.<\/p>\n<p style=\"text-align: justify;\">Ainda conforme o Minist\u00e9rio P\u00fablico &#8220;a micro\/macrorregi\u00e3o de sa\u00fade encontra-se em onda vermelha segundo a classifica\u00e7\u00e3o de risco do Plano Minas Consciente, apresentando a Microrregi\u00e3o Cataguases\/Leopoldina taxa de incid\u00eancia de 274 casos\/100.000 habitantes\u201d, al\u00e9m de refor\u00e7ar que &#8220;a pr\u00f3pria Prefeitura de Leopoldina reconhece a gravidade da situa\u00e7\u00e3o vivenciada em \u00e2mbito local, a partir de mat\u00e9ria denominada \u201cAumento dos casos de Covid-19 preocupa Leopoldina\u201d, divulgada atrav\u00e9s do sitio de internet oficial\u201d, completa.<\/p>\n<p style=\"text-align: justify;\">Diante desta realidade o prefeito Jos\u00e9 Roberto de Oliveira recebeu a Recomenda\u00e7\u00e3o para que &#8220;no \u00e2mbito de abrang\u00eancia de suas atribui\u00e7\u00f5es, proceda \u00e0 ado\u00e7\u00e3o das medidas administrativas necess\u00e1rias \u00e0 implementa\u00e7\u00e3o da ONDA VERMELHA do Plano Minas Consciente, em \u00e2mbito local, conforme delibera\u00e7\u00e3o do Comit\u00ea Extraordin\u00e1rio para Covid-19 (relat\u00f3rio anexo), garantindo-se a efetiva\u00e7\u00e3o das medidas preventivas (n\u00e3o farmacol\u00f3gicas) destinadas a reduzir a transmissibilidade do novo coronav\u00edrus.&#8221; O texto recomenda, ainda, &#8220;seja solicitado apoio \u00e0 Pol\u00edcia Militar de Minas Gerais para a garantia da execu\u00e7\u00e3o dos protocolos preventivos e medidas de restri\u00e7\u00e3o previstas para a Onda Vermelha do Programa Minas Consciente.&#8221;<\/p>\n<p>Foto: Rodrigo Rodrigues\/PML<\/p>\n<div class=\"fnyjy69f7159f3b798\" ><br><\/div><style type=\"text\/css\">\r\n@media screen and (min-width: 1201px) {\r\n.fnyjy69f7159f3b798 {\r\ndisplay: block;\r\n}\r\n}\r\n@media screen and (min-width: 993px) and (max-width: 1200px) {\r\n.fnyjy69f7159f3b798 {\r\ndisplay: block;\r\n}\r\n}\r\n@media screen and (min-width: 769px) and (max-width: 992px) {\r\n.fnyjy69f7159f3b798 {\r\ndisplay: block;\r\n}\r\n}\r\n@media screen and (min-width: 768px) and (max-width: 768px) {\r\n.fnyjy69f7159f3b798 {\r\ndisplay: block;\r\n}\r\n}\r\n@media screen and (max-width: 767px) {\r\n.fnyjy69f7159f3b798 {\r\ndisplay: block;\r\n}\r\n}\r\n<\/style>\r\n<div class=\"eigbc69f7159f41045\" ><div id=\"div_destino\"><\/div>\r\n<script src=\"https:\/\/cdn.snsrsv.com\/sdk.js\"><\/script>\r\n<script >\r\n      new sdk(\"464030C30061EA8BE065000000000001\") \r\n          .appendTo(\"div_destino\")\r\n          .disableStyle(true) \r\n          .setCacheBusterMacro(\"%%CACHEBUSTER%%\")\r\n          .setSize(\"800\",\"214\")\r\n          .setClickMacro(\"%%CLICK_URL_ESC%%\") \r\n          .setReferrerUrlMacro(\"%%REFERRER_URL_ESC%%\") \r\n          .start(); \r\n<\/script><\/div><style type=\"text\/css\">\r\n@media screen and (min-width: 1201px) {\r\n.eigbc69f7159f41045 {\r\ndisplay: block;\r\n}\r\n}\r\n@media screen and (min-width: 993px) and (max-width: 1200px) {\r\n.eigbc69f7159f41045 {\r\ndisplay: block;\r\n}\r\n}\r\n@media screen and (min-width: 769px) and (max-width: 992px) {\r\n.eigbc69f7159f41045 {\r\ndisplay: block;\r\n}\r\n}\r\n@media screen and (min-width: 768px) and (max-width: 768px) {\r\n.eigbc69f7159f41045 {\r\ndisplay: block;\r\n}\r\n}\r\n@media screen and (max-width: 767px) {\r\n.eigbc69f7159f41045 {\r\ndisplay: block;\r\n}\r\n}\r\n<\/style>\r\n","protected":false},"excerpt":{"rendered":"<p>O Minist\u00e9rio P\u00fablico do Estado de Minas Gerais, atrav\u00e9s da Coordenadoria Regional das Promotorias de Justi\u00e7a de Defesa da Sa\u00fade da Macrorregi\u00e3o Sanit\u00e1ria Sudeste, enviou Recomenda\u00e7\u00e3o Administrativa N\u00ba 01\/2020 ao Prefeito de Leopoldina, Jos\u00e9 Roberto de Oliveira, para aquele munic\u00edpio<\/p>\n<p class=\"link-more\"><a class=\"more-link\" href=\"https:\/\/marcelolopes.jor.br\/site\/2020\/12\/27\/ministerio-publico-recomenda-leopoldina-ingressar-na-onda-vermelha-do-minas-consciente\/\">Leia mais <span class=\"screen-reader-text\">Minist\u00e9rio P\u00fablico recomenda Leopoldina ingressar na Onda Vermelha do Minas Consciente<\/span><\/a><\/p>\n","protected":false},"author":2,"featured_media":20214,"comment_status":"open","ping_status":"open","sticky":false,"template":"","format":"standard","meta":{"footnotes":""},"categories":[1],"tags":[1076,2468,3376,2281],"class_list":["post-20211","post","type-post","status-publish","format-standard","has-post-thumbnail","hentry","category-noticias","tag-leopoldina","tag-minas-consciente","tag-onda-vermelha","tag-recomendacao","thumb-below-title"],"yoast_head":"<!-- This site is optimized with the Yoast SEO plugin v27.4 - https:\/\/yoast.com\/product\/yoast-seo-wordpress\/ -->\n<title>Minist\u00e9rio P\u00fablico recomenda Leopoldina ingressar na Onda Vermelha do Minas Consciente | Marcelo Lopes<\/title>\n<meta name=\"robots\" content=\"index, follow, max-snippet:-1, max-image-preview:large, max-video-preview:-1\" \/>\n<link rel=\"canonical\" href=\"https:\/\/marcelolopes.jor.br\/site\/2020\/12\/27\/ministerio-publico-recomenda-leopoldina-ingressar-na-onda-vermelha-do-minas-consciente\/\" \/>\n<meta property=\"og:locale\" content=\"pt_BR\" \/>\n<meta property=\"og:type\" content=\"article\" \/>\n<meta property=\"og:title\" content=\"Minist\u00e9rio P\u00fablico recomenda Leopoldina ingressar na Onda Vermelha do Minas Consciente | Marcelo Lopes\" \/>\n<meta property=\"og:description\" content=\"O Minist\u00e9rio P\u00fablico do Estado de Minas Gerais, atrav\u00e9s da Coordenadoria Regional das Promotorias de Justi\u00e7a de Defesa da Sa\u00fade da Macrorregi\u00e3o Sanit\u00e1ria Sudeste, enviou Recomenda\u00e7\u00e3o Administrativa N\u00ba 01\/2020 ao Prefeito de Leopoldina, Jos\u00e9 Roberto de Oliveira, para aquele munic\u00edpioLeia mais Minist\u00e9rio P\u00fablico recomenda Leopoldina ingressar na Onda Vermelha do Minas Consciente\" \/>\n<meta property=\"og:url\" content=\"https:\/\/marcelolopes.jor.br\/site\/2020\/12\/27\/ministerio-publico-recomenda-leopoldina-ingressar-na-onda-vermelha-do-minas-consciente\/\" \/>\n<meta property=\"og:site_name\" content=\"Marcelo Lopes\" \/>\n<meta property=\"article:publisher\" content=\"https:\/\/www.facebook.com\/sitedomarcelolopes\" \/>\n<meta property=\"article:published_time\" content=\"2020-12-27T15:00:41+00:00\" \/>\n<meta property=\"og:image\" content=\"https:\/\/marcelolopes.jor.br\/site\/wp-content\/uploads\/2020\/12\/a90233ab46d749c78e2e89695973e768.jpg\" \/>\n\t<meta property=\"og:image:width\" content=\"900\" \/>\n\t<meta property=\"og:image:height\" content=\"500\" \/>\n\t<meta property=\"og:image:type\" content=\"image\/jpeg\" \/>\n<meta name=\"author\" content=\"Marcelo Lopes\" \/>\n<meta name=\"twitter:card\" content=\"summary_large_image\" \/>\n<meta name=\"twitter:label1\" content=\"Escrito por\" \/>\n\t<meta name=\"twitter:data1\" content=\"Marcelo Lopes\" \/>\n\t<meta name=\"twitter:label2\" content=\"Est. tempo de leitura\" \/>\n\t<meta name=\"twitter:data2\" content=\"2 minutos\" \/>\n<script type=\"application\/ld+json\" class=\"yoast-schema-graph\">{\"@context\":\"https:\\\/\\\/schema.org\",\"@graph\":[{\"@type\":\"NewsArticle\",\"@id\":\"https:\\\/\\\/marcelolopes.jor.br\\\/site\\\/2020\\\/12\\\/27\\\/ministerio-publico-recomenda-leopoldina-ingressar-na-onda-vermelha-do-minas-consciente\\\/#article\",\"isPartOf\":{\"@id\":\"https:\\\/\\\/marcelolopes.jor.br\\\/site\\\/2020\\\/12\\\/27\\\/ministerio-publico-recomenda-leopoldina-ingressar-na-onda-vermelha-do-minas-consciente\\\/\"},\"author\":{\"name\":\"Marcelo Lopes\",\"@id\":\"https:\\\/\\\/marcelolopes.jor.br\\\/site\\\/#\\\/schema\\\/person\\\/3e7216a35c34d8fdf952b31da3d1f89f\"},\"headline\":\"Minist\u00e9rio P\u00fablico recomenda Leopoldina ingressar na Onda Vermelha do Minas Consciente\",\"datePublished\":\"2020-12-27T15:00:41+00:00\",\"mainEntityOfPage\":{\"@id\":\"https:\\\/\\\/marcelolopes.jor.br\\\/site\\\/2020\\\/12\\\/27\\\/ministerio-publico-recomenda-leopoldina-ingressar-na-onda-vermelha-do-minas-consciente\\\/\"},\"wordCount\":357,\"commentCount\":0,\"publisher\":{\"@id\":\"https:\\\/\\\/marcelolopes.jor.br\\\/site\\\/#organization\"},\"image\":{\"@id\":\"https:\\\/\\\/marcelolopes.jor.br\\\/site\\\/2020\\\/12\\\/27\\\/ministerio-publico-recomenda-leopoldina-ingressar-na-onda-vermelha-do-minas-consciente\\\/#primaryimage\"},\"thumbnailUrl\":\"https:\\\/\\\/marcelolopes.jor.br\\\/site\\\/wp-content\\\/uploads\\\/2020\\\/12\\\/a90233ab46d749c78e2e89695973e768.jpg\",\"keywords\":[\"Leopoldina\",\"Minas Consciente\",\"Onda Vermelha\",\"Recomenda\u00e7\u00e3o\"],\"articleSection\":[\"Not\u00edcias\"],\"inLanguage\":\"pt-BR\",\"potentialAction\":[{\"@type\":\"CommentAction\",\"name\":\"Comment\",\"target\":[\"https:\\\/\\\/marcelolopes.jor.br\\\/site\\\/2020\\\/12\\\/27\\\/ministerio-publico-recomenda-leopoldina-ingressar-na-onda-vermelha-do-minas-consciente\\\/#respond\"]}]},{\"@type\":\"WebPage\",\"@id\":\"https:\\\/\\\/marcelolopes.jor.br\\\/site\\\/2020\\\/12\\\/27\\\/ministerio-publico-recomenda-leopoldina-ingressar-na-onda-vermelha-do-minas-consciente\\\/\",\"url\":\"https:\\\/\\\/marcelolopes.jor.br\\\/site\\\/2020\\\/12\\\/27\\\/ministerio-publico-recomenda-leopoldina-ingressar-na-onda-vermelha-do-minas-consciente\\\/\",\"name\":\"Minist\u00e9rio P\u00fablico recomenda Leopoldina ingressar na Onda Vermelha do Minas Consciente | Marcelo Lopes\",\"isPartOf\":{\"@id\":\"https:\\\/\\\/marcelolopes.jor.br\\\/site\\\/#website\"},\"primaryImageOfPage\":{\"@id\":\"https:\\\/\\\/marcelolopes.jor.br\\\/site\\\/2020\\\/12\\\/27\\\/ministerio-publico-recomenda-leopoldina-ingressar-na-onda-vermelha-do-minas-consciente\\\/#primaryimage\"},\"image\":{\"@id\":\"https:\\\/\\\/marcelolopes.jor.br\\\/site\\\/2020\\\/12\\\/27\\\/ministerio-publico-recomenda-leopoldina-ingressar-na-onda-vermelha-do-minas-consciente\\\/#primaryimage\"},\"thumbnailUrl\":\"https:\\\/\\\/marcelolopes.jor.br\\\/site\\\/wp-content\\\/uploads\\\/2020\\\/12\\\/a90233ab46d749c78e2e89695973e768.jpg\",\"datePublished\":\"2020-12-27T15:00:41+00:00\",\"breadcrumb\":{\"@id\":\"https:\\\/\\\/marcelolopes.jor.br\\\/site\\\/2020\\\/12\\\/27\\\/ministerio-publico-recomenda-leopoldina-ingressar-na-onda-vermelha-do-minas-consciente\\\/#breadcrumb\"},\"inLanguage\":\"pt-BR\",\"potentialAction\":[{\"@type\":\"ReadAction\",\"target\":[\"https:\\\/\\\/marcelolopes.jor.br\\\/site\\\/2020\\\/12\\\/27\\\/ministerio-publico-recomenda-leopoldina-ingressar-na-onda-vermelha-do-minas-consciente\\\/\"]}]},{\"@type\":\"ImageObject\",\"inLanguage\":\"pt-BR\",\"@id\":\"https:\\\/\\\/marcelolopes.jor.br\\\/site\\\/2020\\\/12\\\/27\\\/ministerio-publico-recomenda-leopoldina-ingressar-na-onda-vermelha-do-minas-consciente\\\/#primaryimage\",\"url\":\"https:\\\/\\\/marcelolopes.jor.br\\\/site\\\/wp-content\\\/uploads\\\/2020\\\/12\\\/a90233ab46d749c78e2e89695973e768.jpg\",\"contentUrl\":\"https:\\\/\\\/marcelolopes.jor.br\\\/site\\\/wp-content\\\/uploads\\\/2020\\\/12\\\/a90233ab46d749c78e2e89695973e768.jpg\",\"width\":900,\"height\":500},{\"@type\":\"BreadcrumbList\",\"@id\":\"https:\\\/\\\/marcelolopes.jor.br\\\/site\\\/2020\\\/12\\\/27\\\/ministerio-publico-recomenda-leopoldina-ingressar-na-onda-vermelha-do-minas-consciente\\\/#breadcrumb\",\"itemListElement\":[{\"@type\":\"ListItem\",\"position\":1,\"name\":\"Home\",\"item\":\"https:\\\/\\\/marcelolopes.jor.br\\\/site\\\/\"},{\"@type\":\"ListItem\",\"position\":2,\"name\":\"Minist\u00e9rio P\u00fablico recomenda Leopoldina ingressar na Onda Vermelha do Minas Consciente\"}]},{\"@type\":\"WebSite\",\"@id\":\"https:\\\/\\\/marcelolopes.jor.br\\\/site\\\/#website\",\"url\":\"https:\\\/\\\/marcelolopes.jor.br\\\/site\\\/\",\"name\":\"Marcelo Lopes\",\"description\":\"Not\u00edcias de Cataguases e Regi\u00e3o\",\"publisher\":{\"@id\":\"https:\\\/\\\/marcelolopes.jor.br\\\/site\\\/#organization\"},\"potentialAction\":[{\"@type\":\"SearchAction\",\"target\":{\"@type\":\"EntryPoint\",\"urlTemplate\":\"https:\\\/\\\/marcelolopes.jor.br\\\/site\\\/?s={search_term_string}\"},\"query-input\":{\"@type\":\"PropertyValueSpecification\",\"valueRequired\":true,\"valueName\":\"search_term_string\"}}],\"inLanguage\":\"pt-BR\"},{\"@type\":\"Organization\",\"@id\":\"https:\\\/\\\/marcelolopes.jor.br\\\/site\\\/#organization\",\"name\":\"Site do Marcelo Lopes\",\"url\":\"https:\\\/\\\/marcelolopes.jor.br\\\/site\\\/\",\"logo\":{\"@type\":\"ImageObject\",\"inLanguage\":\"pt-BR\",\"@id\":\"https:\\\/\\\/marcelolopes.jor.br\\\/site\\\/#\\\/schema\\\/logo\\\/image\\\/\",\"url\":\"https:\\\/\\\/marcelolopes.jor.br\\\/site\\\/wp-content\\\/uploads\\\/2024\\\/11\\\/logo-1.png\",\"contentUrl\":\"https:\\\/\\\/marcelolopes.jor.br\\\/site\\\/wp-content\\\/uploads\\\/2024\\\/11\\\/logo-1.png\",\"width\":475,\"height\":80,\"caption\":\"Site do Marcelo Lopes\"},\"image\":{\"@id\":\"https:\\\/\\\/marcelolopes.jor.br\\\/site\\\/#\\\/schema\\\/logo\\\/image\\\/\"},\"sameAs\":[\"https:\\\/\\\/www.facebook.com\\\/sitedomarcelolopes\",\"https:\\\/\\\/www.instagram.com\\\/sitedomarcelolopes\\\/\",\"https:\\\/\\\/www.linkedin.com\\\/company\\\/site-do-marcelo-lopes\\\/\",\"https:\\\/\\\/www.youtube.com\\\/user\\\/marcelolopes957\"]},{\"@type\":\"Person\",\"@id\":\"https:\\\/\\\/marcelolopes.jor.br\\\/site\\\/#\\\/schema\\\/person\\\/3e7216a35c34d8fdf952b31da3d1f89f\",\"name\":\"Marcelo Lopes\",\"sameAs\":[\"http:\\\/\\\/www.marcelolopes.jor.br\"],\"url\":\"https:\\\/\\\/marcelolopes.jor.br\\\/site\\\/author\\\/marcelo\\\/\"}]}<\/script>\n<!-- \/ Yoast SEO plugin. -->","yoast_head_json":{"title":"Minist\u00e9rio P\u00fablico recomenda Leopoldina ingressar na Onda Vermelha do Minas Consciente | Marcelo Lopes","robots":{"index":"index","follow":"follow","max-snippet":"max-snippet:-1","max-image-preview":"max-image-preview:large","max-video-preview":"max-video-preview:-1"},"canonical":"https:\/\/marcelolopes.jor.br\/site\/2020\/12\/27\/ministerio-publico-recomenda-leopoldina-ingressar-na-onda-vermelha-do-minas-consciente\/","og_locale":"pt_BR","og_type":"article","og_title":"Minist\u00e9rio P\u00fablico recomenda Leopoldina ingressar na Onda Vermelha do Minas Consciente | Marcelo Lopes","og_description":"O Minist\u00e9rio P\u00fablico do Estado de Minas Gerais, atrav\u00e9s da Coordenadoria Regional das Promotorias de Justi\u00e7a de Defesa da Sa\u00fade da Macrorregi\u00e3o Sanit\u00e1ria Sudeste, enviou Recomenda\u00e7\u00e3o Administrativa N\u00ba 01\/2020 ao Prefeito de Leopoldina, Jos\u00e9 Roberto de Oliveira, para aquele munic\u00edpioLeia mais Minist\u00e9rio P\u00fablico recomenda Leopoldina ingressar na Onda Vermelha do Minas Consciente","og_url":"https:\/\/marcelolopes.jor.br\/site\/2020\/12\/27\/ministerio-publico-recomenda-leopoldina-ingressar-na-onda-vermelha-do-minas-consciente\/","og_site_name":"Marcelo Lopes","article_publisher":"https:\/\/www.facebook.com\/sitedomarcelolopes","article_published_time":"2020-12-27T15:00:41+00:00","og_image":[{"width":900,"height":500,"url":"https:\/\/marcelolopes.jor.br\/site\/wp-content\/uploads\/2020\/12\/a90233ab46d749c78e2e89695973e768.jpg","type":"image\/jpeg"}],"author":"Marcelo Lopes","twitter_card":"summary_large_image","twitter_misc":{"Escrito por":"Marcelo Lopes","Est. tempo de leitura":"2 minutos"},"schema":{"@context":"https:\/\/schema.org","@graph":[{"@type":"NewsArticle","@id":"https:\/\/marcelolopes.jor.br\/site\/2020\/12\/27\/ministerio-publico-recomenda-leopoldina-ingressar-na-onda-vermelha-do-minas-consciente\/#article","isPartOf":{"@id":"https:\/\/marcelolopes.jor.br\/site\/2020\/12\/27\/ministerio-publico-recomenda-leopoldina-ingressar-na-onda-vermelha-do-minas-consciente\/"},"author":{"name":"Marcelo Lopes","@id":"https:\/\/marcelolopes.jor.br\/site\/#\/schema\/person\/3e7216a35c34d8fdf952b31da3d1f89f"},"headline":"Minist\u00e9rio P\u00fablico recomenda Leopoldina ingressar na Onda Vermelha do Minas Consciente","datePublished":"2020-12-27T15:00:41+00:00","mainEntityOfPage":{"@id":"https:\/\/marcelolopes.jor.br\/site\/2020\/12\/27\/ministerio-publico-recomenda-leopoldina-ingressar-na-onda-vermelha-do-minas-consciente\/"},"wordCount":357,"commentCount":0,"publisher":{"@id":"https:\/\/marcelolopes.jor.br\/site\/#organization"},"image":{"@id":"https:\/\/marcelolopes.jor.br\/site\/2020\/12\/27\/ministerio-publico-recomenda-leopoldina-ingressar-na-onda-vermelha-do-minas-consciente\/#primaryimage"},"thumbnailUrl":"https:\/\/marcelolopes.jor.br\/site\/wp-content\/uploads\/2020\/12\/a90233ab46d749c78e2e89695973e768.jpg","keywords":["Leopoldina","Minas Consciente","Onda Vermelha","Recomenda\u00e7\u00e3o"],"articleSection":["Not\u00edcias"],"inLanguage":"pt-BR","potentialAction":[{"@type":"CommentAction","name":"Comment","target":["https:\/\/marcelolopes.jor.br\/site\/2020\/12\/27\/ministerio-publico-recomenda-leopoldina-ingressar-na-onda-vermelha-do-minas-consciente\/#respond"]}]},{"@type":"WebPage","@id":"https:\/\/marcelolopes.jor.br\/site\/2020\/12\/27\/ministerio-publico-recomenda-leopoldina-ingressar-na-onda-vermelha-do-minas-consciente\/","url":"https:\/\/marcelolopes.jor.br\/site\/2020\/12\/27\/ministerio-publico-recomenda-leopoldina-ingressar-na-onda-vermelha-do-minas-consciente\/","name":"Minist\u00e9rio P\u00fablico recomenda Leopoldina ingressar na Onda Vermelha do Minas Consciente | Marcelo Lopes","isPartOf":{"@id":"https:\/\/marcelolopes.jor.br\/site\/#website"},"primaryImageOfPage":{"@id":"https:\/\/marcelolopes.jor.br\/site\/2020\/12\/27\/ministerio-publico-recomenda-leopoldina-ingressar-na-onda-vermelha-do-minas-consciente\/#primaryimage"},"image":{"@id":"https:\/\/marcelolopes.jor.br\/site\/2020\/12\/27\/ministerio-publico-recomenda-leopoldina-ingressar-na-onda-vermelha-do-minas-consciente\/#primaryimage"},"thumbnailUrl":"https:\/\/marcelolopes.jor.br\/site\/wp-content\/uploads\/2020\/12\/a90233ab46d749c78e2e89695973e768.jpg","datePublished":"2020-12-27T15:00:41+00:00","breadcrumb":{"@id":"https:\/\/marcelolopes.jor.br\/site\/2020\/12\/27\/ministerio-publico-recomenda-leopoldina-ingressar-na-onda-vermelha-do-minas-consciente\/#breadcrumb"},"inLanguage":"pt-BR","potentialAction":[{"@type":"ReadAction","target":["https:\/\/marcelolopes.jor.br\/site\/2020\/12\/27\/ministerio-publico-recomenda-leopoldina-ingressar-na-onda-vermelha-do-minas-consciente\/"]}]},{"@type":"ImageObject","inLanguage":"pt-BR","@id":"https:\/\/marcelolopes.jor.br\/site\/2020\/12\/27\/ministerio-publico-recomenda-leopoldina-ingressar-na-onda-vermelha-do-minas-consciente\/#primaryimage","url":"https:\/\/marcelolopes.jor.br\/site\/wp-content\/uploads\/2020\/12\/a90233ab46d749c78e2e89695973e768.jpg","contentUrl":"https:\/\/marcelolopes.jor.br\/site\/wp-content\/uploads\/2020\/12\/a90233ab46d749c78e2e89695973e768.jpg","width":900,"height":500},{"@type":"BreadcrumbList","@id":"https:\/\/marcelolopes.jor.br\/site\/2020\/12\/27\/ministerio-publico-recomenda-leopoldina-ingressar-na-onda-vermelha-do-minas-consciente\/#breadcrumb","itemListElement":[{"@type":"ListItem","position":1,"name":"Home","item":"https:\/\/marcelolopes.jor.br\/site\/"},{"@type":"ListItem","position":2,"name":"Minist\u00e9rio P\u00fablico recomenda Leopoldina ingressar na Onda Vermelha do Minas Consciente"}]},{"@type":"WebSite","@id":"https:\/\/marcelolopes.jor.br\/site\/#website","url":"https:\/\/marcelolopes.jor.br\/site\/","name":"Marcelo Lopes","description":"Not\u00edcias de Cataguases e Regi\u00e3o","publisher":{"@id":"https:\/\/marcelolopes.jor.br\/site\/#organization"},"potentialAction":[{"@type":"SearchAction","target":{"@type":"EntryPoint","urlTemplate":"https:\/\/marcelolopes.jor.br\/site\/?s={search_term_string}"},"query-input":{"@type":"PropertyValueSpecification","valueRequired":true,"valueName":"search_term_string"}}],"inLanguage":"pt-BR"},{"@type":"Organization","@id":"https:\/\/marcelolopes.jor.br\/site\/#organization","name":"Site do Marcelo Lopes","url":"https:\/\/marcelolopes.jor.br\/site\/","logo":{"@type":"ImageObject","inLanguage":"pt-BR","@id":"https:\/\/marcelolopes.jor.br\/site\/#\/schema\/logo\/image\/","url":"https:\/\/marcelolopes.jor.br\/site\/wp-content\/uploads\/2024\/11\/logo-1.png","contentUrl":"https:\/\/marcelolopes.jor.br\/site\/wp-content\/uploads\/2024\/11\/logo-1.png","width":475,"height":80,"caption":"Site do Marcelo Lopes"},"image":{"@id":"https:\/\/marcelolopes.jor.br\/site\/#\/schema\/logo\/image\/"},"sameAs":["https:\/\/www.facebook.com\/sitedomarcelolopes","https:\/\/www.instagram.com\/sitedomarcelolopes\/","https:\/\/www.linkedin.com\/company\/site-do-marcelo-lopes\/","https:\/\/www.youtube.com\/user\/marcelolopes957"]},{"@type":"Person","@id":"https:\/\/marcelolopes.jor.br\/site\/#\/schema\/person\/3e7216a35c34d8fdf952b31da3d1f89f","name":"Marcelo Lopes","sameAs":["http:\/\/www.marcelolopes.jor.br"],"url":"https:\/\/marcelolopes.jor.br\/site\/author\/marcelo\/"}]}},"wps_subtitle":"Caso n\u00e3o aceite em 72 horas, poder\u00e1 ser exclu\u00eddo do programa estadual.","_links":{"self":[{"href":"https:\/\/marcelolopes.jor.br\/site\/wp-json\/wp\/v2\/posts\/20211","targetHints":{"allow":["GET"]}}],"collection":[{"href":"https:\/\/marcelolopes.jor.br\/site\/wp-json\/wp\/v2\/posts"}],"about":[{"href":"https:\/\/marcelolopes.jor.br\/site\/wp-json\/wp\/v2\/types\/post"}],"author":[{"embeddable":true,"href":"https:\/\/marcelolopes.jor.br\/site\/wp-json\/wp\/v2\/users\/2"}],"replies":[{"embeddable":true,"href":"https:\/\/marcelolopes.jor.br\/site\/wp-json\/wp\/v2\/comments?post=20211"}],"version-history":[{"count":0,"href":"https:\/\/marcelolopes.jor.br\/site\/wp-json\/wp\/v2\/posts\/20211\/revisions"}],"wp:featuredmedia":[{"embeddable":true,"href":"https:\/\/marcelolopes.jor.br\/site\/wp-json\/wp\/v2\/media\/20214"}],"wp:attachment":[{"href":"https:\/\/marcelolopes.jor.br\/site\/wp-json\/wp\/v2\/media?parent=20211"}],"wp:term":[{"taxonomy":"category","embeddable":true,"href":"https:\/\/marcelolopes.jor.br\/site\/wp-json\/wp\/v2\/categories?post=20211"},{"taxonomy":"post_tag","embeddable":true,"href":"https:\/\/marcelolopes.jor.br\/site\/wp-json\/wp\/v2\/tags?post=20211"}],"curies":[{"name":"wp","href":"https:\/\/api.w.org\/{rel}","templated":true}]}}