{"id":20203,"date":"2020-12-26T20:28:59","date_gmt":"2020-12-26T23:28:59","guid":{"rendered":"https:\/\/marcelolopes.jor.br\/?p=20203"},"modified":"2020-12-26T17:31:54","modified_gmt":"2020-12-26T20:31:54","slug":"atuacao-da-prf-e-receita-estadual-gera-mais-de-r17-milhao-em-multas","status":"publish","type":"post","link":"https:\/\/marcelolopes.jor.br\/site\/2020\/12\/26\/atuacao-da-prf-e-receita-estadual-gera-mais-de-r17-milhao-em-multas\/","title":{"rendered":"Atua\u00e7\u00e3o da PRF e Receita Estadual gera mais de R$1,7 milh\u00e3o em multas"},"content":{"rendered":"<p style=\"text-align: justify;\">A atua\u00e7\u00e3o conjunta da Pol\u00edcia Rodovi\u00e1ria Federal (PRF) de Leopoldina, Muria\u00e9 e Fervedouro com a Secretaria de Fazenda do Estado de Minas Gerais para combate de crimes tribut\u00e1rios nas rodovias da Zona da Mata gerou mais de R$1,7 milh\u00f5es em multas em 2020.<!--more--><\/p>\n<p style=\"text-align: justify;\"><a href=\"https:\/\/instagram.com\/agenciaramdigital?igshid=148gc1hfd2zwg\"><img loading=\"lazy\" decoding=\"async\" class=\"aligncenter wp-image-19792 size-full\" src=\"https:\/\/marcelolopes.jor.br\/site\/wp-content\/uploads\/2020\/12\/Ag\u00eancia-RAM.jpeg\" alt=\"\" width=\"800\" height=\"214\" srcset=\"https:\/\/marcelolopes.jor.br\/site\/wp-content\/uploads\/2020\/12\/Ag\u00eancia-RAM.jpeg 800w, https:\/\/marcelolopes.jor.br\/site\/wp-content\/uploads\/2020\/12\/Ag\u00eancia-RAM-300x80.jpeg 300w, https:\/\/marcelolopes.jor.br\/site\/wp-content\/uploads\/2020\/12\/Ag\u00eancia-RAM-768x205.jpeg 768w\" sizes=\"auto, (max-width: 800px) 100vw, 800px\" \/><\/a>De acordo com a PRF, foram registradas dezenas de ocorr\u00eancias relativas ao transporte de mercadoria nacional sem documento fiscal ou com a documenta\u00e7\u00e3o emitida de forma irregular. H\u00e1 ainda situa\u00e7\u00f5es onde o transportador utiliza da mesma nota fiscal para realizar mais de uma viagem.<\/p>\n<p style=\"text-align: justify;\">Em raz\u00e3o das fiscaliza\u00e7\u00f5es realizadas pela Pol\u00edcia nas rodovias federais que cortam a regi\u00e3o, foram feitos diversos boletins de ocorr\u00eancia relacionados, principalmente, ao transporte irregular de bebidas alco\u00f3licas e cigarros.<\/p>\n<p style=\"text-align: justify;\">Nestes casos, os ve\u00edculos s\u00e3o retidos e as informa\u00e7\u00f5es encaminhadas para a Receita Estadual. Ap\u00f3s an\u00e1lise dos fiscais s\u00e3o emitidos os autos de infra\u00e7\u00e3o para pagamento das multas e impostos que deixaram de ser recolhidos.<\/p>\n<p style=\"text-align: justify;\">Em raz\u00e3o desse servi\u00e7o conjunto entre as duas institui\u00e7\u00f5es, Receita Estadual aplicou multas que totalizaram o valor de R$ 1.799.574,01.<\/p>\n<p>Fonte: G1 Zona da Mata e R\u00e1dio Muria\u00e9 | Foto: PRF-Leopoldina-Divulga\u00e7\u00e3o<\/p>\n<div class=\"rblcq69f732b258f83\" ><br><\/div><style type=\"text\/css\">\r\n@media screen and (min-width: 1201px) {\r\n.rblcq69f732b258f83 {\r\ndisplay: block;\r\n}\r\n}\r\n@media screen and (min-width: 993px) and (max-width: 1200px) {\r\n.rblcq69f732b258f83 {\r\ndisplay: block;\r\n}\r\n}\r\n@media screen and (min-width: 769px) and (max-width: 992px) {\r\n.rblcq69f732b258f83 {\r\ndisplay: block;\r\n}\r\n}\r\n@media screen and (min-width: 768px) and (max-width: 768px) {\r\n.rblcq69f732b258f83 {\r\ndisplay: block;\r\n}\r\n}\r\n@media screen and (max-width: 767px) {\r\n.rblcq69f732b258f83 {\r\ndisplay: block;\r\n}\r\n}\r\n<\/style>\r\n<div class=\"gzfnu69f732b25eb54\" ><div id=\"div_destino\"><\/div>\r\n<script src=\"https:\/\/cdn.snsrsv.com\/sdk.js\"><\/script>\r\n<script >\r\n      new sdk(\"464030C30061EA8BE065000000000001\") \r\n          .appendTo(\"div_destino\")\r\n          .disableStyle(true) \r\n          .setCacheBusterMacro(\"%%CACHEBUSTER%%\")\r\n          .setSize(\"800\",\"214\")\r\n          .setClickMacro(\"%%CLICK_URL_ESC%%\") \r\n          .setReferrerUrlMacro(\"%%REFERRER_URL_ESC%%\") \r\n          .start(); \r\n<\/script><\/div><style type=\"text\/css\">\r\n@media screen and (min-width: 1201px) {\r\n.gzfnu69f732b25eb54 {\r\ndisplay: block;\r\n}\r\n}\r\n@media screen and (min-width: 993px) and (max-width: 1200px) {\r\n.gzfnu69f732b25eb54 {\r\ndisplay: block;\r\n}\r\n}\r\n@media screen and (min-width: 769px) and (max-width: 992px) {\r\n.gzfnu69f732b25eb54 {\r\ndisplay: block;\r\n}\r\n}\r\n@media screen and (min-width: 768px) and (max-width: 768px) {\r\n.gzfnu69f732b25eb54 {\r\ndisplay: block;\r\n}\r\n}\r\n@media screen and (max-width: 767px) {\r\n.gzfnu69f732b25eb54 {\r\ndisplay: block;\r\n}\r\n}\r\n<\/style>\r\n","protected":false},"excerpt":{"rendered":"<p>A atua\u00e7\u00e3o conjunta da Pol\u00edcia Rodovi\u00e1ria Federal (PRF) de Leopoldina, Muria\u00e9 e Fervedouro com a Secretaria de Fazenda do Estado de Minas Gerais para combate de crimes tribut\u00e1rios nas rodovias da Zona da Mata gerou mais de R$1,7 milh\u00f5es em<\/p>\n<p class=\"link-more\"><a class=\"more-link\" href=\"https:\/\/marcelolopes.jor.br\/site\/2020\/12\/26\/atuacao-da-prf-e-receita-estadual-gera-mais-de-r17-milhao-em-multas\/\">Leia mais <span class=\"screen-reader-text\">Atua\u00e7\u00e3o da PRF e Receita Estadual gera mais de R$1,7 milh\u00e3o em multas<\/span><\/a><\/p>\n","protected":false},"author":2,"featured_media":20205,"comment_status":"open","ping_status":"open","sticky":false,"template":"","format":"standard","meta":{"footnotes":""},"categories":[1],"tags":[3439,1871,171,3438],"class_list":["post-20203","post","type-post","status-publish","format-standard","has-post-thumbnail","hentry","category-noticias","tag-mercadoria-irregular","tag-multas","tag-prf-leopoldina","tag-receita-estadual","thumb-below-title"],"yoast_head":"<!-- This site is optimized with the Yoast SEO plugin v27.4 - https:\/\/yoast.com\/product\/yoast-seo-wordpress\/ -->\n<title>Atua\u00e7\u00e3o da PRF e Receita Estadual gera mais de R$1,7 milh\u00e3o em multas | Marcelo Lopes<\/title>\n<meta name=\"robots\" content=\"index, follow, max-snippet:-1, max-image-preview:large, max-video-preview:-1\" \/>\n<link rel=\"canonical\" href=\"https:\/\/marcelolopes.jor.br\/site\/2020\/12\/26\/atuacao-da-prf-e-receita-estadual-gera-mais-de-r17-milhao-em-multas\/\" \/>\n<meta property=\"og:locale\" content=\"pt_BR\" \/>\n<meta property=\"og:type\" content=\"article\" \/>\n<meta property=\"og:title\" content=\"Atua\u00e7\u00e3o da PRF e Receita Estadual gera mais de R$1,7 milh\u00e3o em multas | Marcelo Lopes\" \/>\n<meta property=\"og:description\" content=\"A atua\u00e7\u00e3o conjunta da Pol\u00edcia Rodovi\u00e1ria Federal (PRF) de Leopoldina, Muria\u00e9 e Fervedouro com a Secretaria de Fazenda do Estado de Minas Gerais para combate de crimes tribut\u00e1rios nas rodovias da Zona da Mata gerou mais de R$1,7 milh\u00f5es emLeia mais Atua\u00e7\u00e3o da PRF e Receita Estadual gera mais de R$1,7 milh\u00e3o em multas\" \/>\n<meta property=\"og:url\" content=\"https:\/\/marcelolopes.jor.br\/site\/2020\/12\/26\/atuacao-da-prf-e-receita-estadual-gera-mais-de-r17-milhao-em-multas\/\" \/>\n<meta property=\"og:site_name\" content=\"Marcelo Lopes\" \/>\n<meta property=\"article:publisher\" content=\"https:\/\/www.facebook.com\/sitedomarcelolopes\" \/>\n<meta property=\"article:published_time\" content=\"2020-12-26T23:28:59+00:00\" \/>\n<meta property=\"og:image\" content=\"https:\/\/marcelolopes.jor.br\/site\/wp-content\/uploads\/2020\/12\/369697338371071e04ebc56fe5bb4454.Foto-1-prf.jpg\" \/>\n\t<meta property=\"og:image:width\" content=\"700\" \/>\n\t<meta property=\"og:image:height\" content=\"525\" \/>\n\t<meta property=\"og:image:type\" content=\"image\/jpeg\" \/>\n<meta name=\"author\" content=\"Marcelo Lopes\" \/>\n<meta name=\"twitter:card\" content=\"summary_large_image\" \/>\n<meta name=\"twitter:label1\" content=\"Escrito por\" \/>\n\t<meta name=\"twitter:data1\" content=\"Marcelo Lopes\" \/>\n\t<meta name=\"twitter:label2\" content=\"Est. tempo de leitura\" \/>\n\t<meta name=\"twitter:data2\" content=\"1 minuto\" \/>\n<script type=\"application\/ld+json\" class=\"yoast-schema-graph\">{\"@context\":\"https:\\\/\\\/schema.org\",\"@graph\":[{\"@type\":\"NewsArticle\",\"@id\":\"https:\\\/\\\/marcelolopes.jor.br\\\/site\\\/2020\\\/12\\\/26\\\/atuacao-da-prf-e-receita-estadual-gera-mais-de-r17-milhao-em-multas\\\/#article\",\"isPartOf\":{\"@id\":\"https:\\\/\\\/marcelolopes.jor.br\\\/site\\\/2020\\\/12\\\/26\\\/atuacao-da-prf-e-receita-estadual-gera-mais-de-r17-milhao-em-multas\\\/\"},\"author\":{\"name\":\"Marcelo Lopes\",\"@id\":\"https:\\\/\\\/marcelolopes.jor.br\\\/site\\\/#\\\/schema\\\/person\\\/3e7216a35c34d8fdf952b31da3d1f89f\"},\"headline\":\"Atua\u00e7\u00e3o da PRF e Receita Estadual gera mais de R$1,7 milh\u00e3o em multas\",\"datePublished\":\"2020-12-26T23:28:59+00:00\",\"mainEntityOfPage\":{\"@id\":\"https:\\\/\\\/marcelolopes.jor.br\\\/site\\\/2020\\\/12\\\/26\\\/atuacao-da-prf-e-receita-estadual-gera-mais-de-r17-milhao-em-multas\\\/\"},\"wordCount\":221,\"commentCount\":0,\"publisher\":{\"@id\":\"https:\\\/\\\/marcelolopes.jor.br\\\/site\\\/#organization\"},\"image\":{\"@id\":\"https:\\\/\\\/marcelolopes.jor.br\\\/site\\\/2020\\\/12\\\/26\\\/atuacao-da-prf-e-receita-estadual-gera-mais-de-r17-milhao-em-multas\\\/#primaryimage\"},\"thumbnailUrl\":\"https:\\\/\\\/marcelolopes.jor.br\\\/site\\\/wp-content\\\/uploads\\\/2020\\\/12\\\/369697338371071e04ebc56fe5bb4454.Foto-1-prf.jpg\",\"keywords\":[\"mercadoria irregular\",\"multas\",\"PRF-Leopoldina\",\"receita estadual\"],\"articleSection\":[\"Not\u00edcias\"],\"inLanguage\":\"pt-BR\",\"potentialAction\":[{\"@type\":\"CommentAction\",\"name\":\"Comment\",\"target\":[\"https:\\\/\\\/marcelolopes.jor.br\\\/site\\\/2020\\\/12\\\/26\\\/atuacao-da-prf-e-receita-estadual-gera-mais-de-r17-milhao-em-multas\\\/#respond\"]}]},{\"@type\":\"WebPage\",\"@id\":\"https:\\\/\\\/marcelolopes.jor.br\\\/site\\\/2020\\\/12\\\/26\\\/atuacao-da-prf-e-receita-estadual-gera-mais-de-r17-milhao-em-multas\\\/\",\"url\":\"https:\\\/\\\/marcelolopes.jor.br\\\/site\\\/2020\\\/12\\\/26\\\/atuacao-da-prf-e-receita-estadual-gera-mais-de-r17-milhao-em-multas\\\/\",\"name\":\"Atua\u00e7\u00e3o da PRF e Receita Estadual gera mais de R$1,7 milh\u00e3o em multas | Marcelo Lopes\",\"isPartOf\":{\"@id\":\"https:\\\/\\\/marcelolopes.jor.br\\\/site\\\/#website\"},\"primaryImageOfPage\":{\"@id\":\"https:\\\/\\\/marcelolopes.jor.br\\\/site\\\/2020\\\/12\\\/26\\\/atuacao-da-prf-e-receita-estadual-gera-mais-de-r17-milhao-em-multas\\\/#primaryimage\"},\"image\":{\"@id\":\"https:\\\/\\\/marcelolopes.jor.br\\\/site\\\/2020\\\/12\\\/26\\\/atuacao-da-prf-e-receita-estadual-gera-mais-de-r17-milhao-em-multas\\\/#primaryimage\"},\"thumbnailUrl\":\"https:\\\/\\\/marcelolopes.jor.br\\\/site\\\/wp-content\\\/uploads\\\/2020\\\/12\\\/369697338371071e04ebc56fe5bb4454.Foto-1-prf.jpg\",\"datePublished\":\"2020-12-26T23:28:59+00:00\",\"breadcrumb\":{\"@id\":\"https:\\\/\\\/marcelolopes.jor.br\\\/site\\\/2020\\\/12\\\/26\\\/atuacao-da-prf-e-receita-estadual-gera-mais-de-r17-milhao-em-multas\\\/#breadcrumb\"},\"inLanguage\":\"pt-BR\",\"potentialAction\":[{\"@type\":\"ReadAction\",\"target\":[\"https:\\\/\\\/marcelolopes.jor.br\\\/site\\\/2020\\\/12\\\/26\\\/atuacao-da-prf-e-receita-estadual-gera-mais-de-r17-milhao-em-multas\\\/\"]}]},{\"@type\":\"ImageObject\",\"inLanguage\":\"pt-BR\",\"@id\":\"https:\\\/\\\/marcelolopes.jor.br\\\/site\\\/2020\\\/12\\\/26\\\/atuacao-da-prf-e-receita-estadual-gera-mais-de-r17-milhao-em-multas\\\/#primaryimage\",\"url\":\"https:\\\/\\\/marcelolopes.jor.br\\\/site\\\/wp-content\\\/uploads\\\/2020\\\/12\\\/369697338371071e04ebc56fe5bb4454.Foto-1-prf.jpg\",\"contentUrl\":\"https:\\\/\\\/marcelolopes.jor.br\\\/site\\\/wp-content\\\/uploads\\\/2020\\\/12\\\/369697338371071e04ebc56fe5bb4454.Foto-1-prf.jpg\",\"width\":700,\"height\":525},{\"@type\":\"BreadcrumbList\",\"@id\":\"https:\\\/\\\/marcelolopes.jor.br\\\/site\\\/2020\\\/12\\\/26\\\/atuacao-da-prf-e-receita-estadual-gera-mais-de-r17-milhao-em-multas\\\/#breadcrumb\",\"itemListElement\":[{\"@type\":\"ListItem\",\"position\":1,\"name\":\"Home\",\"item\":\"https:\\\/\\\/marcelolopes.jor.br\\\/site\\\/\"},{\"@type\":\"ListItem\",\"position\":2,\"name\":\"Atua\u00e7\u00e3o da PRF e Receita Estadual gera mais de R$1,7 milh\u00e3o em multas\"}]},{\"@type\":\"WebSite\",\"@id\":\"https:\\\/\\\/marcelolopes.jor.br\\\/site\\\/#website\",\"url\":\"https:\\\/\\\/marcelolopes.jor.br\\\/site\\\/\",\"name\":\"Marcelo Lopes\",\"description\":\"Not\u00edcias de Cataguases e Regi\u00e3o\",\"publisher\":{\"@id\":\"https:\\\/\\\/marcelolopes.jor.br\\\/site\\\/#organization\"},\"potentialAction\":[{\"@type\":\"SearchAction\",\"target\":{\"@type\":\"EntryPoint\",\"urlTemplate\":\"https:\\\/\\\/marcelolopes.jor.br\\\/site\\\/?s={search_term_string}\"},\"query-input\":{\"@type\":\"PropertyValueSpecification\",\"valueRequired\":true,\"valueName\":\"search_term_string\"}}],\"inLanguage\":\"pt-BR\"},{\"@type\":\"Organization\",\"@id\":\"https:\\\/\\\/marcelolopes.jor.br\\\/site\\\/#organization\",\"name\":\"Site do Marcelo Lopes\",\"url\":\"https:\\\/\\\/marcelolopes.jor.br\\\/site\\\/\",\"logo\":{\"@type\":\"ImageObject\",\"inLanguage\":\"pt-BR\",\"@id\":\"https:\\\/\\\/marcelolopes.jor.br\\\/site\\\/#\\\/schema\\\/logo\\\/image\\\/\",\"url\":\"https:\\\/\\\/marcelolopes.jor.br\\\/site\\\/wp-content\\\/uploads\\\/2024\\\/11\\\/logo-1.png\",\"contentUrl\":\"https:\\\/\\\/marcelolopes.jor.br\\\/site\\\/wp-content\\\/uploads\\\/2024\\\/11\\\/logo-1.png\",\"width\":475,\"height\":80,\"caption\":\"Site do Marcelo Lopes\"},\"image\":{\"@id\":\"https:\\\/\\\/marcelolopes.jor.br\\\/site\\\/#\\\/schema\\\/logo\\\/image\\\/\"},\"sameAs\":[\"https:\\\/\\\/www.facebook.com\\\/sitedomarcelolopes\",\"https:\\\/\\\/www.instagram.com\\\/sitedomarcelolopes\\\/\",\"https:\\\/\\\/www.linkedin.com\\\/company\\\/site-do-marcelo-lopes\\\/\",\"https:\\\/\\\/www.youtube.com\\\/user\\\/marcelolopes957\"]},{\"@type\":\"Person\",\"@id\":\"https:\\\/\\\/marcelolopes.jor.br\\\/site\\\/#\\\/schema\\\/person\\\/3e7216a35c34d8fdf952b31da3d1f89f\",\"name\":\"Marcelo Lopes\",\"sameAs\":[\"http:\\\/\\\/www.marcelolopes.jor.br\"],\"url\":\"https:\\\/\\\/marcelolopes.jor.br\\\/site\\\/author\\\/marcelo\\\/\"}]}<\/script>\n<!-- \/ Yoast SEO plugin. -->","yoast_head_json":{"title":"Atua\u00e7\u00e3o da PRF e Receita Estadual gera mais de R$1,7 milh\u00e3o em multas | Marcelo Lopes","robots":{"index":"index","follow":"follow","max-snippet":"max-snippet:-1","max-image-preview":"max-image-preview:large","max-video-preview":"max-video-preview:-1"},"canonical":"https:\/\/marcelolopes.jor.br\/site\/2020\/12\/26\/atuacao-da-prf-e-receita-estadual-gera-mais-de-r17-milhao-em-multas\/","og_locale":"pt_BR","og_type":"article","og_title":"Atua\u00e7\u00e3o da PRF e Receita Estadual gera mais de R$1,7 milh\u00e3o em multas | Marcelo Lopes","og_description":"A atua\u00e7\u00e3o conjunta da Pol\u00edcia Rodovi\u00e1ria Federal (PRF) de Leopoldina, Muria\u00e9 e Fervedouro com a Secretaria de Fazenda do Estado de Minas Gerais para combate de crimes tribut\u00e1rios nas rodovias da Zona da Mata gerou mais de R$1,7 milh\u00f5es emLeia mais Atua\u00e7\u00e3o da PRF e Receita Estadual gera mais de R$1,7 milh\u00e3o em multas","og_url":"https:\/\/marcelolopes.jor.br\/site\/2020\/12\/26\/atuacao-da-prf-e-receita-estadual-gera-mais-de-r17-milhao-em-multas\/","og_site_name":"Marcelo Lopes","article_publisher":"https:\/\/www.facebook.com\/sitedomarcelolopes","article_published_time":"2020-12-26T23:28:59+00:00","og_image":[{"width":700,"height":525,"url":"https:\/\/marcelolopes.jor.br\/site\/wp-content\/uploads\/2020\/12\/369697338371071e04ebc56fe5bb4454.Foto-1-prf.jpg","type":"image\/jpeg"}],"author":"Marcelo Lopes","twitter_card":"summary_large_image","twitter_misc":{"Escrito por":"Marcelo Lopes","Est. tempo de leitura":"1 minuto"},"schema":{"@context":"https:\/\/schema.org","@graph":[{"@type":"NewsArticle","@id":"https:\/\/marcelolopes.jor.br\/site\/2020\/12\/26\/atuacao-da-prf-e-receita-estadual-gera-mais-de-r17-milhao-em-multas\/#article","isPartOf":{"@id":"https:\/\/marcelolopes.jor.br\/site\/2020\/12\/26\/atuacao-da-prf-e-receita-estadual-gera-mais-de-r17-milhao-em-multas\/"},"author":{"name":"Marcelo Lopes","@id":"https:\/\/marcelolopes.jor.br\/site\/#\/schema\/person\/3e7216a35c34d8fdf952b31da3d1f89f"},"headline":"Atua\u00e7\u00e3o da PRF e Receita Estadual gera mais de R$1,7 milh\u00e3o em multas","datePublished":"2020-12-26T23:28:59+00:00","mainEntityOfPage":{"@id":"https:\/\/marcelolopes.jor.br\/site\/2020\/12\/26\/atuacao-da-prf-e-receita-estadual-gera-mais-de-r17-milhao-em-multas\/"},"wordCount":221,"commentCount":0,"publisher":{"@id":"https:\/\/marcelolopes.jor.br\/site\/#organization"},"image":{"@id":"https:\/\/marcelolopes.jor.br\/site\/2020\/12\/26\/atuacao-da-prf-e-receita-estadual-gera-mais-de-r17-milhao-em-multas\/#primaryimage"},"thumbnailUrl":"https:\/\/marcelolopes.jor.br\/site\/wp-content\/uploads\/2020\/12\/369697338371071e04ebc56fe5bb4454.Foto-1-prf.jpg","keywords":["mercadoria irregular","multas","PRF-Leopoldina","receita estadual"],"articleSection":["Not\u00edcias"],"inLanguage":"pt-BR","potentialAction":[{"@type":"CommentAction","name":"Comment","target":["https:\/\/marcelolopes.jor.br\/site\/2020\/12\/26\/atuacao-da-prf-e-receita-estadual-gera-mais-de-r17-milhao-em-multas\/#respond"]}]},{"@type":"WebPage","@id":"https:\/\/marcelolopes.jor.br\/site\/2020\/12\/26\/atuacao-da-prf-e-receita-estadual-gera-mais-de-r17-milhao-em-multas\/","url":"https:\/\/marcelolopes.jor.br\/site\/2020\/12\/26\/atuacao-da-prf-e-receita-estadual-gera-mais-de-r17-milhao-em-multas\/","name":"Atua\u00e7\u00e3o da PRF e Receita Estadual gera mais de R$1,7 milh\u00e3o em multas | Marcelo Lopes","isPartOf":{"@id":"https:\/\/marcelolopes.jor.br\/site\/#website"},"primaryImageOfPage":{"@id":"https:\/\/marcelolopes.jor.br\/site\/2020\/12\/26\/atuacao-da-prf-e-receita-estadual-gera-mais-de-r17-milhao-em-multas\/#primaryimage"},"image":{"@id":"https:\/\/marcelolopes.jor.br\/site\/2020\/12\/26\/atuacao-da-prf-e-receita-estadual-gera-mais-de-r17-milhao-em-multas\/#primaryimage"},"thumbnailUrl":"https:\/\/marcelolopes.jor.br\/site\/wp-content\/uploads\/2020\/12\/369697338371071e04ebc56fe5bb4454.Foto-1-prf.jpg","datePublished":"2020-12-26T23:28:59+00:00","breadcrumb":{"@id":"https:\/\/marcelolopes.jor.br\/site\/2020\/12\/26\/atuacao-da-prf-e-receita-estadual-gera-mais-de-r17-milhao-em-multas\/#breadcrumb"},"inLanguage":"pt-BR","potentialAction":[{"@type":"ReadAction","target":["https:\/\/marcelolopes.jor.br\/site\/2020\/12\/26\/atuacao-da-prf-e-receita-estadual-gera-mais-de-r17-milhao-em-multas\/"]}]},{"@type":"ImageObject","inLanguage":"pt-BR","@id":"https:\/\/marcelolopes.jor.br\/site\/2020\/12\/26\/atuacao-da-prf-e-receita-estadual-gera-mais-de-r17-milhao-em-multas\/#primaryimage","url":"https:\/\/marcelolopes.jor.br\/site\/wp-content\/uploads\/2020\/12\/369697338371071e04ebc56fe5bb4454.Foto-1-prf.jpg","contentUrl":"https:\/\/marcelolopes.jor.br\/site\/wp-content\/uploads\/2020\/12\/369697338371071e04ebc56fe5bb4454.Foto-1-prf.jpg","width":700,"height":525},{"@type":"BreadcrumbList","@id":"https:\/\/marcelolopes.jor.br\/site\/2020\/12\/26\/atuacao-da-prf-e-receita-estadual-gera-mais-de-r17-milhao-em-multas\/#breadcrumb","itemListElement":[{"@type":"ListItem","position":1,"name":"Home","item":"https:\/\/marcelolopes.jor.br\/site\/"},{"@type":"ListItem","position":2,"name":"Atua\u00e7\u00e3o da PRF e Receita Estadual gera mais de R$1,7 milh\u00e3o em multas"}]},{"@type":"WebSite","@id":"https:\/\/marcelolopes.jor.br\/site\/#website","url":"https:\/\/marcelolopes.jor.br\/site\/","name":"Marcelo Lopes","description":"Not\u00edcias de Cataguases e Regi\u00e3o","publisher":{"@id":"https:\/\/marcelolopes.jor.br\/site\/#organization"},"potentialAction":[{"@type":"SearchAction","target":{"@type":"EntryPoint","urlTemplate":"https:\/\/marcelolopes.jor.br\/site\/?s={search_term_string}"},"query-input":{"@type":"PropertyValueSpecification","valueRequired":true,"valueName":"search_term_string"}}],"inLanguage":"pt-BR"},{"@type":"Organization","@id":"https:\/\/marcelolopes.jor.br\/site\/#organization","name":"Site do Marcelo Lopes","url":"https:\/\/marcelolopes.jor.br\/site\/","logo":{"@type":"ImageObject","inLanguage":"pt-BR","@id":"https:\/\/marcelolopes.jor.br\/site\/#\/schema\/logo\/image\/","url":"https:\/\/marcelolopes.jor.br\/site\/wp-content\/uploads\/2024\/11\/logo-1.png","contentUrl":"https:\/\/marcelolopes.jor.br\/site\/wp-content\/uploads\/2024\/11\/logo-1.png","width":475,"height":80,"caption":"Site do Marcelo Lopes"},"image":{"@id":"https:\/\/marcelolopes.jor.br\/site\/#\/schema\/logo\/image\/"},"sameAs":["https:\/\/www.facebook.com\/sitedomarcelolopes","https:\/\/www.instagram.com\/sitedomarcelolopes\/","https:\/\/www.linkedin.com\/company\/site-do-marcelo-lopes\/","https:\/\/www.youtube.com\/user\/marcelolopes957"]},{"@type":"Person","@id":"https:\/\/marcelolopes.jor.br\/site\/#\/schema\/person\/3e7216a35c34d8fdf952b31da3d1f89f","name":"Marcelo Lopes","sameAs":["http:\/\/www.marcelolopes.jor.br"],"url":"https:\/\/marcelolopes.jor.br\/site\/author\/marcelo\/"}]}},"wps_subtitle":"Transporte irregular de bebidas alc\u00f3olicas e cigarros foram campe\u00f5es.","_links":{"self":[{"href":"https:\/\/marcelolopes.jor.br\/site\/wp-json\/wp\/v2\/posts\/20203","targetHints":{"allow":["GET"]}}],"collection":[{"href":"https:\/\/marcelolopes.jor.br\/site\/wp-json\/wp\/v2\/posts"}],"about":[{"href":"https:\/\/marcelolopes.jor.br\/site\/wp-json\/wp\/v2\/types\/post"}],"author":[{"embeddable":true,"href":"https:\/\/marcelolopes.jor.br\/site\/wp-json\/wp\/v2\/users\/2"}],"replies":[{"embeddable":true,"href":"https:\/\/marcelolopes.jor.br\/site\/wp-json\/wp\/v2\/comments?post=20203"}],"version-history":[{"count":0,"href":"https:\/\/marcelolopes.jor.br\/site\/wp-json\/wp\/v2\/posts\/20203\/revisions"}],"wp:featuredmedia":[{"embeddable":true,"href":"https:\/\/marcelolopes.jor.br\/site\/wp-json\/wp\/v2\/media\/20205"}],"wp:attachment":[{"href":"https:\/\/marcelolopes.jor.br\/site\/wp-json\/wp\/v2\/media?parent=20203"}],"wp:term":[{"taxonomy":"category","embeddable":true,"href":"https:\/\/marcelolopes.jor.br\/site\/wp-json\/wp\/v2\/categories?post=20203"},{"taxonomy":"post_tag","embeddable":true,"href":"https:\/\/marcelolopes.jor.br\/site\/wp-json\/wp\/v2\/tags?post=20203"}],"curies":[{"name":"wp","href":"https:\/\/api.w.org\/{rel}","templated":true}]}}