{"id":19959,"date":"2020-12-18T12:17:13","date_gmt":"2020-12-18T15:17:13","guid":{"rendered":"https:\/\/marcelolopes.jor.br\/?p=19959"},"modified":"2020-12-18T12:17:13","modified_gmt":"2020-12-18T15:17:13","slug":"prefeito-eleito-jose-henriques-destaca-o-interesse-coletivo-em-ato-de-diplomacao","status":"publish","type":"post","link":"https:\/\/marcelolopes.jor.br\/site\/2020\/12\/18\/prefeito-eleito-jose-henriques-destaca-o-interesse-coletivo-em-ato-de-diplomacao\/","title":{"rendered":"Prefeito eleito Jos\u00e9 Henriques destaca o interesse coletivo em ato de diploma\u00e7\u00e3o"},"content":{"rendered":"<p style=\"text-align: justify;\">A 79\u00aa Zona Eleitoral com sede em Cataguases, realizou na manh\u00e3 desta sexta-feira, 18 de dezembro, ao ato de diploma\u00e7\u00e3o dos eleitos no pleito de 15 de novembro \u00faltimo. O evento foi presidido pelo juiz eleitoral Felipe Teixeira Cancela J\u00fanior e pelo promotor eleitoral, Gustavo Garcia Ara\u00fajo, tendo ocorrido nas depend\u00eancias do Cart\u00f3rio Eleitoral. De 8h at\u00e9 \u00e0s 10h30min, todos os eleitos receberam seus diplomas em cerim\u00f4nias distintas, por munic\u00edpio, com meia hora de dura\u00e7\u00e3o cada. \u00a0N\u00e3o foi permitida a entrada de convidados e os candidatos que ficaram na supl\u00eancia, v\u00e3o receber seus certificados posteriormente, no pr\u00f3prio cart\u00f3rio.<!--more--><\/p>\n<p style=\"text-align: justify;\"><a href=\"https:\/\/instagram.com\/agenciaramdigital?igshid=148gc1hfd2zwg\"><img loading=\"lazy\" decoding=\"async\" class=\"aligncenter wp-image-19792 size-full\" src=\"https:\/\/marcelolopes.jor.br\/site\/wp-content\/uploads\/2020\/12\/Ag\u00eancia-RAM.jpeg\" alt=\"\" width=\"800\" height=\"214\" srcset=\"https:\/\/marcelolopes.jor.br\/site\/wp-content\/uploads\/2020\/12\/Ag\u00eancia-RAM.jpeg 800w, https:\/\/marcelolopes.jor.br\/site\/wp-content\/uploads\/2020\/12\/Ag\u00eancia-RAM-300x80.jpeg 300w, https:\/\/marcelolopes.jor.br\/site\/wp-content\/uploads\/2020\/12\/Ag\u00eancia-RAM-768x205.jpeg 768w\" sizes=\"auto, (max-width: 800px) 100vw, 800px\" \/><\/a>Os eleitos de Astolfo Dutra abriram a solenidade sendo os primeiros a receber seus diplomas, a partir das 8h. Por conta da pandemia do novo coronav\u00edrus, todo o procedimento foi modificado e mais objetivo, evitando aglomera\u00e7\u00f5es e obedecendo as medidas de seguran\u00e7a sanit\u00e1ria. O prefeito eleito, Bruno Ribeiro (foto abaixo com o seu vice), que vai exercer seu segundo mandato &#8220;com a mesma vontade de fazer do primeiro mandato, por\u00e9m, com a experi\u00eancia adquirida neste per\u00edodo&#8221;, destacou. Ele agradeceu a todos pela confian\u00e7a e\u00a0disse que vai continuar dando &#8220;o que h\u00e1 de melhor para a popula\u00e7\u00e3o de Astolfo Dutra, porque \u00e9 um povo bom, trabalhador e merece mais qualidade de vida&#8221;, completou.<\/p>\n<p><img loading=\"lazy\" decoding=\"async\" class=\"aligncenter size-full wp-image-19965\" src=\"https:\/\/marcelolopes.jor.br\/site\/wp-content\/uploads\/2020\/12\/IMG_6241.jpeg\" alt=\"\" width=\"800\" height=\"450\" srcset=\"https:\/\/marcelolopes.jor.br\/site\/wp-content\/uploads\/2020\/12\/IMG_6241.jpeg 800w, https:\/\/marcelolopes.jor.br\/site\/wp-content\/uploads\/2020\/12\/IMG_6241-300x169.jpeg 300w, https:\/\/marcelolopes.jor.br\/site\/wp-content\/uploads\/2020\/12\/IMG_6241-768x432.jpeg 768w\" sizes=\"auto, (max-width: 800px) 100vw, 800px\" \/><\/p>\n<p style=\"text-align: justify;\">Em seguida foram diplomados os vereadores, vice-prefeito e o prefeito eleito de Dona Euz\u00e9bia. Nenzinho (foto abaixo), de 62 anos, foi reeleito e tem ao seu lado o vice, Roberto Marques. Ao site do Marcelo Lopes ele disse que vai continuar pautando seu trabalho na \u00e9tica e na seriedade com a coisa p\u00fablica e priorizando os interesses do munic\u00edpio. A terceira cerim\u00f4nia de diploma\u00e7\u00e3o ocorreu com os eleitos de Itamarati de Minas. O prefeito eleito Hamilton Filho, o vice e os vereadores participaram do evento e, ao final, Hamilton, que tamb\u00e9m foi reeleito, destacou a seriedade de sua administra\u00e7\u00e3o, que trouxe obras para o munic\u00edpio, como sendo a principal caracter\u00edstica de seu governo. Na sequ\u00eancia, foi a vez dos eleitos de Santana de Cataguases, receberem seus diplomas. O prefeito eleito, Marcos Ferreira, que vai exercer seu primeiro mandato, \u00a0ao lado do seu vice, Evaldo, agradeceu a todos pela confian\u00e7a e afirmou que vai trabalhar pelo bem estar da popula\u00e7\u00e3o.<\/p>\n<p style=\"text-align: justify;\"><img loading=\"lazy\" decoding=\"async\" class=\"aligncenter size-full wp-image-19966\" src=\"https:\/\/marcelolopes.jor.br\/site\/wp-content\/uploads\/2020\/12\/IMG_6262.jpeg\" alt=\"\" width=\"800\" height=\"450\" srcset=\"https:\/\/marcelolopes.jor.br\/site\/wp-content\/uploads\/2020\/12\/IMG_6262.jpeg 800w, https:\/\/marcelolopes.jor.br\/site\/wp-content\/uploads\/2020\/12\/IMG_6262-300x169.jpeg 300w, https:\/\/marcelolopes.jor.br\/site\/wp-content\/uploads\/2020\/12\/IMG_6262-768x432.jpeg 768w\" sizes=\"auto, (max-width: 800px) 100vw, 800px\" \/>A diploma\u00e7\u00e3o dos eleitos em Cataguases come\u00e7ou \u00e0s 10h. O prefeito eleito Jos\u00e9 Henriques, seu vice, Marcos Andrade e os vereadores receberam seus diplomas em solenidade que foi aberta pelo juiz eleitoral Felipe Cancela (foto abaixo). Ele parabenizou a todos afirmando ter sido um &#8220;processo limpo&#8221;. E completou: &#8220;voc\u00eas venceram uma enorme batalha e agora \u00e9 hora de deixar de lado o interesse pessoal para cumprir esse desafio imenso que voc\u00eas ter\u00e3o pela frente que \u00e9 resgatar a import\u00e2ncia hist\u00f3rica de Cataguases que hoje est\u00e1 esquecida&#8221;, frisou. Ele lembrou que est\u00e1 vivendo em Cataguases h\u00e1 seis anos e que quer o bem da cidade. &#8220;Como cidad\u00e3o quero uma Cataguases melhor &#8211; e aqui n\u00e3o \u00e9 nenhuma cr\u00edtica \u00e0 atual administra\u00e7\u00e3o &#8211; mas apenas a certeza de temos que caminhar em busca de melhorias e, unidos, vamos alcan\u00e7ar este objetivo. Sorte e felicidade a todos&#8221;, finalizou aquele magistrado.<\/p>\n<p style=\"text-align: justify;\"><img loading=\"lazy\" decoding=\"async\" class=\"aligncenter size-full wp-image-19967\" src=\"https:\/\/marcelolopes.jor.br\/site\/wp-content\/uploads\/2020\/12\/IMG_6275.jpeg\" alt=\"\" width=\"800\" height=\"450\" srcset=\"https:\/\/marcelolopes.jor.br\/site\/wp-content\/uploads\/2020\/12\/IMG_6275.jpeg 800w, https:\/\/marcelolopes.jor.br\/site\/wp-content\/uploads\/2020\/12\/IMG_6275-300x169.jpeg 300w, https:\/\/marcelolopes.jor.br\/site\/wp-content\/uploads\/2020\/12\/IMG_6275-768x432.jpeg 768w\" sizes=\"auto, (max-width: 800px) 100vw, 800px\" \/>O Promotor Eleitoral, Gustavo Garcia Ara\u00fajo (\u00e0 direita na foto acima), cataguasense de nascimento, como ele mesmo lembrou, revelou estar feliz por ter conclu\u00eddo o processo eleitoral cujas den\u00fancias foram &#8220;todas investigadas e nada de il\u00edcito ficou provado contra os eleitos. E isto significa que voc\u00eas est\u00e3o aqui hoje recebendo seus diplomas, sem qualquer asterisco, ou v\u00edrgula, que possa colocar em d\u00favida essa caminhada de voc\u00eas at\u00e9 aqui.&#8221; E completou: &#8220;como diz na g\u00edria, voc\u00eas ganharam na bola, na moral, e n\u00f3s do Minist\u00e9rio P\u00fablico estamos prontos a auxiliar a administra\u00e7\u00e3o no que for preciso porque precisamos fazer um trabalho ombreados em benef\u00edcio de Cataguases&#8221;, disse Gustavo.<\/p>\n<p style=\"text-align: justify;\"><img loading=\"lazy\" decoding=\"async\" class=\"wp-image-19968 alignleft\" src=\"https:\/\/marcelolopes.jor.br\/site\/wp-content\/uploads\/2020\/12\/IMG_6307.jpeg\" alt=\"\" width=\"150\" height=\"267\" srcset=\"https:\/\/marcelolopes.jor.br\/site\/wp-content\/uploads\/2020\/12\/IMG_6307.jpeg 450w, https:\/\/marcelolopes.jor.br\/site\/wp-content\/uploads\/2020\/12\/IMG_6307-169x300.jpeg 169w\" sizes=\"auto, (max-width: 150px) 100vw, 150px\" \/>Jos\u00e9 Henriques (foto ao lado) fez um breve pronunciamento em que pediu uni\u00e3o de todos por Cataguases. Ele lembrou que a situa\u00e7\u00e3o do munic\u00edpio n\u00e3o \u00e9 satisfat\u00f3ria e fazer esta reconstru\u00e7\u00e3o vai precisar da colabora\u00e7\u00e3o de todos. &#8220;Eu estou aqui para atender ao interesse coletivo. Eu e o vice-prefeito estamos aqui para construir ao lado de voc\u00eas aquilo que desejamos: uma Cataguases melhor. Uma Cataguases que realmente atenda ao interesse p\u00fablico. Que passe a fazer a manuten\u00e7\u00e3o dos nossos patrim\u00f4nios, a nossa limpeza urbana; aquilo de m\u00ednimo que n\u00f3s perdemos: a dignidade do cidad\u00e3o cataguasense. Para isso voc\u00eas podem confiar em mim e vamos andar de m\u00e3os juntas, de m\u00e3os dadas, a partir deste momento, a partir da posse. N\u00f3s vamos trabalhar, realmente, para este interesse comum que n\u00f3s queremos&#8221;, completou.<\/p>\n<p style=\"text-align: justify;\"><img loading=\"lazy\" decoding=\"async\" class=\"alignright wp-image-19969\" src=\"https:\/\/marcelolopes.jor.br\/site\/wp-content\/uploads\/2020\/12\/IMG_6309.jpeg\" alt=\"\" width=\"150\" height=\"267\" srcset=\"https:\/\/marcelolopes.jor.br\/site\/wp-content\/uploads\/2020\/12\/IMG_6309.jpeg 450w, https:\/\/marcelolopes.jor.br\/site\/wp-content\/uploads\/2020\/12\/IMG_6309-169x300.jpeg 169w\" sizes=\"auto, (max-width: 150px) 100vw, 150px\" \/>Representando o Legislativo Municipal, o atual presidente da C\u00e2mara, vereador reeleito Ricardo Dias, destacou a uni\u00e3o como o caminho para melhorar Cataguases. &#8220;Acredito que juntos, faremos muito mais&#8221;, afirmou. Ele lembrou que a nova C\u00e2mara mescla a experi\u00eancia de atuais vereadores com a renova\u00e7\u00e3o trazida pelos novatos. Desta forma, acrescentou, &#8220;juntos com o Executivo vamos fazer aquilo que Cataguases precisa em prol da sociedade. Ele tamb\u00e9m revelou que vai apresentar uma proposta aos seus pares na pr\u00f3xima reuni\u00e3o do Legislativo no sentido de que a devolu\u00e7\u00e3o das sobras da C\u00e2mara seja utilizada na compra de vacinas contra a Covid-19. Ele justificou a medida revelando que &#8220;muitos munic\u00edpios j\u00e1 est\u00e3o fazendo isso e a nossa popula\u00e7\u00e3o n\u00e3o pode ficar para tr\u00e1s.&#8221; Ao final, agradeceu a todos os votos recebidos.<\/p>\n<p>&nbsp;<\/p>\n<figure id=\"attachment_19971\" aria-describedby=\"caption-attachment-19971\" style=\"width: 700px\" class=\"wp-caption aligncenter\"><img loading=\"lazy\" decoding=\"async\" class=\"wp-image-19971\" src=\"https:\/\/marcelolopes.jor.br\/site\/wp-content\/uploads\/2020\/12\/IMG_6287.jpeg\" alt=\"\" width=\"700\" height=\"394\" srcset=\"https:\/\/marcelolopes.jor.br\/site\/wp-content\/uploads\/2020\/12\/IMG_6287.jpeg 800w, https:\/\/marcelolopes.jor.br\/site\/wp-content\/uploads\/2020\/12\/IMG_6287-300x169.jpeg 300w, https:\/\/marcelolopes.jor.br\/site\/wp-content\/uploads\/2020\/12\/IMG_6287-768x432.jpeg 768w\" sizes=\"auto, (max-width: 700px) 100vw, 700px\" \/><figcaption id=\"caption-attachment-19971\" class=\"wp-caption-text\">Vice-prefeito e prefeito eleitos de Santana de Cataguases.<\/figcaption><\/figure>\n<figure id=\"attachment_19970\" aria-describedby=\"caption-attachment-19970\" style=\"width: 700px\" class=\"wp-caption aligncenter\"><img loading=\"lazy\" decoding=\"async\" class=\"wp-image-19970\" src=\"https:\/\/marcelolopes.jor.br\/site\/wp-content\/uploads\/2020\/12\/IMG_6278.jpeg\" alt=\"\" width=\"700\" height=\"394\" srcset=\"https:\/\/marcelolopes.jor.br\/site\/wp-content\/uploads\/2020\/12\/IMG_6278.jpeg 800w, https:\/\/marcelolopes.jor.br\/site\/wp-content\/uploads\/2020\/12\/IMG_6278-300x169.jpeg 300w, https:\/\/marcelolopes.jor.br\/site\/wp-content\/uploads\/2020\/12\/IMG_6278-768x432.jpeg 768w\" sizes=\"auto, (max-width: 700px) 100vw, 700px\" \/><figcaption id=\"caption-attachment-19970\" class=\"wp-caption-text\">Vice prefeito e o prefeito eleito de Itamarati de Minas.<\/figcaption><\/figure>\n<p>Veja mais fotos da diploma\u00e7\u00e3o na galeria abaixo.<\/p>\n<div id='gallery-1' class='gallery galleryid-19959 gallery-columns-4 gallery-size-thumbnail'><figure class='gallery-item'>\n\t\t\t<div class='gallery-icon landscape'>\n\t\t\t\t<a href='https:\/\/marcelolopes.jor.br\/site\/2020\/12\/18\/prefeito-eleito-jose-henriques-destaca-o-interesse-coletivo-em-ato-de-diplomacao\/img_6244\/'><img loading=\"lazy\" decoding=\"async\" width=\"150\" height=\"150\" src=\"https:\/\/marcelolopes.jor.br\/site\/wp-content\/uploads\/2020\/12\/IMG_6244-150x150.jpeg\" class=\"attachment-thumbnail size-thumbnail\" alt=\"\" \/><\/a>\n\t\t\t<\/div><\/figure><figure class='gallery-item'>\n\t\t\t<div class='gallery-icon landscape'>\n\t\t\t\t<a href='https:\/\/marcelolopes.jor.br\/site\/2020\/12\/18\/prefeito-eleito-jose-henriques-destaca-o-interesse-coletivo-em-ato-de-diplomacao\/img_6253\/'><img loading=\"lazy\" decoding=\"async\" width=\"150\" height=\"150\" src=\"https:\/\/marcelolopes.jor.br\/site\/wp-content\/uploads\/2020\/12\/IMG_6253-150x150.jpeg\" class=\"attachment-thumbnail size-thumbnail\" alt=\"\" \/><\/a>\n\t\t\t<\/div><\/figure><figure class='gallery-item'>\n\t\t\t<div class='gallery-icon landscape'>\n\t\t\t\t<a href='https:\/\/marcelolopes.jor.br\/site\/2020\/12\/18\/prefeito-eleito-jose-henriques-destaca-o-interesse-coletivo-em-ato-de-diplomacao\/img_6257\/'><img loading=\"lazy\" decoding=\"async\" width=\"150\" height=\"150\" src=\"https:\/\/marcelolopes.jor.br\/site\/wp-content\/uploads\/2020\/12\/IMG_6257-150x150.jpeg\" class=\"attachment-thumbnail size-thumbnail\" alt=\"\" \/><\/a>\n\t\t\t<\/div><\/figure><figure class='gallery-item'>\n\t\t\t<div class='gallery-icon landscape'>\n\t\t\t\t<a href='https:\/\/marcelolopes.jor.br\/site\/2020\/12\/18\/prefeito-eleito-jose-henriques-destaca-o-interesse-coletivo-em-ato-de-diplomacao\/img_6260\/'><img loading=\"lazy\" decoding=\"async\" width=\"150\" height=\"150\" src=\"https:\/\/marcelolopes.jor.br\/site\/wp-content\/uploads\/2020\/12\/IMG_6260-150x150.jpeg\" class=\"attachment-thumbnail size-thumbnail\" alt=\"\" \/><\/a>\n\t\t\t<\/div><\/figure><figure class='gallery-item'>\n\t\t\t<div class='gallery-icon landscape'>\n\t\t\t\t<a href='https:\/\/marcelolopes.jor.br\/site\/2020\/12\/18\/prefeito-eleito-jose-henriques-destaca-o-interesse-coletivo-em-ato-de-diplomacao\/img_6263-2\/'><img loading=\"lazy\" decoding=\"async\" width=\"150\" height=\"150\" src=\"https:\/\/marcelolopes.jor.br\/site\/wp-content\/uploads\/2020\/12\/IMG_6263-150x150.jpeg\" class=\"attachment-thumbnail size-thumbnail\" alt=\"\" \/><\/a>\n\t\t\t<\/div><\/figure><figure class='gallery-item'>\n\t\t\t<div class='gallery-icon landscape'>\n\t\t\t\t<a href='https:\/\/marcelolopes.jor.br\/site\/2020\/12\/18\/prefeito-eleito-jose-henriques-destaca-o-interesse-coletivo-em-ato-de-diplomacao\/img_6270\/'><img loading=\"lazy\" decoding=\"async\" width=\"150\" height=\"150\" src=\"https:\/\/marcelolopes.jor.br\/site\/wp-content\/uploads\/2020\/12\/IMG_6270-150x150.jpeg\" class=\"attachment-thumbnail size-thumbnail\" alt=\"\" \/><\/a>\n\t\t\t<\/div><\/figure><figure class='gallery-item'>\n\t\t\t<div class='gallery-icon landscape'>\n\t\t\t\t<a href='https:\/\/marcelolopes.jor.br\/site\/2020\/12\/18\/prefeito-eleito-jose-henriques-destaca-o-interesse-coletivo-em-ato-de-diplomacao\/img_6273\/'><img loading=\"lazy\" decoding=\"async\" width=\"150\" height=\"150\" src=\"https:\/\/marcelolopes.jor.br\/site\/wp-content\/uploads\/2020\/12\/IMG_6273-150x150.jpeg\" class=\"attachment-thumbnail size-thumbnail\" alt=\"\" \/><\/a>\n\t\t\t<\/div><\/figure><figure class='gallery-item'>\n\t\t\t<div class='gallery-icon landscape'>\n\t\t\t\t<a href='https:\/\/marcelolopes.jor.br\/site\/2020\/12\/18\/prefeito-eleito-jose-henriques-destaca-o-interesse-coletivo-em-ato-de-diplomacao\/img_6274\/'><img loading=\"lazy\" decoding=\"async\" width=\"150\" height=\"150\" src=\"https:\/\/marcelolopes.jor.br\/site\/wp-content\/uploads\/2020\/12\/IMG_6274-150x150.jpeg\" class=\"attachment-thumbnail size-thumbnail\" alt=\"\" \/><\/a>\n\t\t\t<\/div><\/figure><figure class='gallery-item'>\n\t\t\t<div class='gallery-icon landscape'>\n\t\t\t\t<a href='https:\/\/marcelolopes.jor.br\/site\/2020\/12\/18\/prefeito-eleito-jose-henriques-destaca-o-interesse-coletivo-em-ato-de-diplomacao\/img_6281\/'><img loading=\"lazy\" decoding=\"async\" width=\"150\" height=\"150\" src=\"https:\/\/marcelolopes.jor.br\/site\/wp-content\/uploads\/2020\/12\/IMG_6281-150x150.jpeg\" class=\"attachment-thumbnail size-thumbnail\" alt=\"\" \/><\/a>\n\t\t\t<\/div><\/figure><figure class='gallery-item'>\n\t\t\t<div class='gallery-icon landscape'>\n\t\t\t\t<a href='https:\/\/marcelolopes.jor.br\/site\/2020\/12\/18\/prefeito-eleito-jose-henriques-destaca-o-interesse-coletivo-em-ato-de-diplomacao\/img_6290\/'><img loading=\"lazy\" decoding=\"async\" width=\"150\" height=\"150\" src=\"https:\/\/marcelolopes.jor.br\/site\/wp-content\/uploads\/2020\/12\/IMG_6290-150x150.jpeg\" class=\"attachment-thumbnail size-thumbnail\" alt=\"\" \/><\/a>\n\t\t\t<\/div><\/figure><figure class='gallery-item'>\n\t\t\t<div class='gallery-icon landscape'>\n\t\t\t\t<a href='https:\/\/marcelolopes.jor.br\/site\/2020\/12\/18\/prefeito-eleito-jose-henriques-destaca-o-interesse-coletivo-em-ato-de-diplomacao\/img_6288-2\/'><img loading=\"lazy\" decoding=\"async\" width=\"150\" height=\"150\" src=\"https:\/\/marcelolopes.jor.br\/site\/wp-content\/uploads\/2020\/12\/IMG_6288-150x150.jpeg\" class=\"attachment-thumbnail size-thumbnail\" alt=\"\" \/><\/a>\n\t\t\t<\/div><\/figure><figure class='gallery-item'>\n\t\t\t<div class='gallery-icon landscape'>\n\t\t\t\t<a href='https:\/\/marcelolopes.jor.br\/site\/2020\/12\/18\/prefeito-eleito-jose-henriques-destaca-o-interesse-coletivo-em-ato-de-diplomacao\/img_6295\/'><img loading=\"lazy\" decoding=\"async\" width=\"150\" height=\"150\" src=\"https:\/\/marcelolopes.jor.br\/site\/wp-content\/uploads\/2020\/12\/IMG_6295-150x150.jpeg\" class=\"attachment-thumbnail size-thumbnail\" alt=\"\" \/><\/a>\n\t\t\t<\/div><\/figure><figure class='gallery-item'>\n\t\t\t<div class='gallery-icon landscape'>\n\t\t\t\t<a href='https:\/\/marcelolopes.jor.br\/site\/2020\/12\/18\/prefeito-eleito-jose-henriques-destaca-o-interesse-coletivo-em-ato-de-diplomacao\/img_6297\/'><img loading=\"lazy\" decoding=\"async\" width=\"150\" height=\"150\" src=\"https:\/\/marcelolopes.jor.br\/site\/wp-content\/uploads\/2020\/12\/IMG_6297-150x150.jpeg\" class=\"attachment-thumbnail size-thumbnail\" alt=\"\" \/><\/a>\n\t\t\t<\/div><\/figure><figure class='gallery-item'>\n\t\t\t<div class='gallery-icon landscape'>\n\t\t\t\t<a href='https:\/\/marcelolopes.jor.br\/site\/2020\/12\/18\/prefeito-eleito-jose-henriques-destaca-o-interesse-coletivo-em-ato-de-diplomacao\/img_6299\/'><img loading=\"lazy\" decoding=\"async\" width=\"150\" height=\"150\" src=\"https:\/\/marcelolopes.jor.br\/site\/wp-content\/uploads\/2020\/12\/IMG_6299-150x150.jpeg\" class=\"attachment-thumbnail size-thumbnail\" alt=\"\" \/><\/a>\n\t\t\t<\/div><\/figure><figure class='gallery-item'>\n\t\t\t<div class='gallery-icon landscape'>\n\t\t\t\t<a href='https:\/\/marcelolopes.jor.br\/site\/2020\/12\/18\/prefeito-eleito-jose-henriques-destaca-o-interesse-coletivo-em-ato-de-diplomacao\/img_6302\/'><img loading=\"lazy\" decoding=\"async\" width=\"150\" height=\"150\" src=\"https:\/\/marcelolopes.jor.br\/site\/wp-content\/uploads\/2020\/12\/IMG_6302-150x150.jpeg\" class=\"attachment-thumbnail size-thumbnail\" alt=\"\" \/><\/a>\n\t\t\t<\/div><\/figure><figure class='gallery-item'>\n\t\t\t<div class='gallery-icon landscape'>\n\t\t\t\t<a href='https:\/\/marcelolopes.jor.br\/site\/2020\/12\/18\/prefeito-eleito-jose-henriques-destaca-o-interesse-coletivo-em-ato-de-diplomacao\/img_6303\/'><img loading=\"lazy\" decoding=\"async\" width=\"150\" height=\"150\" src=\"https:\/\/marcelolopes.jor.br\/site\/wp-content\/uploads\/2020\/12\/IMG_6303-150x150.jpeg\" class=\"attachment-thumbnail size-thumbnail\" alt=\"\" \/><\/a>\n\t\t\t<\/div><\/figure><figure class='gallery-item'>\n\t\t\t<div class='gallery-icon landscape'>\n\t\t\t\t<a href='https:\/\/marcelolopes.jor.br\/site\/2020\/12\/18\/prefeito-eleito-jose-henriques-destaca-o-interesse-coletivo-em-ato-de-diplomacao\/img_6310\/'><img loading=\"lazy\" decoding=\"async\" width=\"150\" height=\"150\" src=\"https:\/\/marcelolopes.jor.br\/site\/wp-content\/uploads\/2020\/12\/IMG_6310-150x150.jpeg\" class=\"attachment-thumbnail size-thumbnail\" alt=\"\" \/><\/a>\n\t\t\t<\/div><\/figure><figure class='gallery-item'>\n\t\t\t<div class='gallery-icon landscape'>\n\t\t\t\t<a href='https:\/\/marcelolopes.jor.br\/site\/2020\/12\/18\/prefeito-eleito-jose-henriques-destaca-o-interesse-coletivo-em-ato-de-diplomacao\/img_6316\/'><img loading=\"lazy\" decoding=\"async\" width=\"150\" height=\"150\" src=\"https:\/\/marcelolopes.jor.br\/site\/wp-content\/uploads\/2020\/12\/IMG_6316-150x150.jpeg\" class=\"attachment-thumbnail size-thumbnail\" alt=\"\" \/><\/a>\n\t\t\t<\/div><\/figure><figure class='gallery-item'>\n\t\t\t<div class='gallery-icon landscape'>\n\t\t\t\t<a href='https:\/\/marcelolopes.jor.br\/site\/2020\/12\/18\/prefeito-eleito-jose-henriques-destaca-o-interesse-coletivo-em-ato-de-diplomacao\/img_6329\/'><img loading=\"lazy\" decoding=\"async\" width=\"150\" height=\"150\" src=\"https:\/\/marcelolopes.jor.br\/site\/wp-content\/uploads\/2020\/12\/IMG_6329-150x150.jpeg\" class=\"attachment-thumbnail size-thumbnail\" alt=\"\" \/><\/a>\n\t\t\t<\/div><\/figure>\n\t\t<\/div>\n\n<div class=\"axoyr69f5f468a89b5\" ><br><\/div><style type=\"text\/css\">\r\n@media screen and (min-width: 1201px) {\r\n.axoyr69f5f468a89b5 {\r\ndisplay: block;\r\n}\r\n}\r\n@media screen and (min-width: 993px) and (max-width: 1200px) {\r\n.axoyr69f5f468a89b5 {\r\ndisplay: block;\r\n}\r\n}\r\n@media screen and (min-width: 769px) and (max-width: 992px) {\r\n.axoyr69f5f468a89b5 {\r\ndisplay: block;\r\n}\r\n}\r\n@media screen and (min-width: 768px) and (max-width: 768px) {\r\n.axoyr69f5f468a89b5 {\r\ndisplay: block;\r\n}\r\n}\r\n@media screen and (max-width: 767px) {\r\n.axoyr69f5f468a89b5 {\r\ndisplay: block;\r\n}\r\n}\r\n<\/style>\r\n<div class=\"tqzmo69f5f468aefd7\" ><div id=\"div_destino\"><\/div>\r\n<script src=\"https:\/\/cdn.snsrsv.com\/sdk.js\"><\/script>\r\n<script >\r\n      new sdk(\"464030C30061EA8BE065000000000001\") \r\n          .appendTo(\"div_destino\")\r\n          .disableStyle(true) \r\n          .setCacheBusterMacro(\"%%CACHEBUSTER%%\")\r\n          .setSize(\"800\",\"214\")\r\n          .setClickMacro(\"%%CLICK_URL_ESC%%\") \r\n          .setReferrerUrlMacro(\"%%REFERRER_URL_ESC%%\") \r\n          .start(); \r\n<\/script><\/div><style type=\"text\/css\">\r\n@media screen and (min-width: 1201px) {\r\n.tqzmo69f5f468aefd7 {\r\ndisplay: block;\r\n}\r\n}\r\n@media screen and (min-width: 993px) and (max-width: 1200px) {\r\n.tqzmo69f5f468aefd7 {\r\ndisplay: block;\r\n}\r\n}\r\n@media screen and (min-width: 769px) and (max-width: 992px) {\r\n.tqzmo69f5f468aefd7 {\r\ndisplay: block;\r\n}\r\n}\r\n@media screen and (min-width: 768px) and (max-width: 768px) {\r\n.tqzmo69f5f468aefd7 {\r\ndisplay: block;\r\n}\r\n}\r\n@media screen and (max-width: 767px) {\r\n.tqzmo69f5f468aefd7 {\r\ndisplay: block;\r\n}\r\n}\r\n<\/style>\r\n","protected":false},"excerpt":{"rendered":"<p>A 79\u00aa Zona Eleitoral com sede em Cataguases, realizou na manh\u00e3 desta sexta-feira, 18 de dezembro, ao ato de diploma\u00e7\u00e3o dos eleitos no pleito de 15 de novembro \u00faltimo. O evento foi presidido pelo juiz eleitoral Felipe Teixeira Cancela J\u00fanior<\/p>\n<p class=\"link-more\"><a class=\"more-link\" href=\"https:\/\/marcelolopes.jor.br\/site\/2020\/12\/18\/prefeito-eleito-jose-henriques-destaca-o-interesse-coletivo-em-ato-de-diplomacao\/\">Leia mais <span class=\"screen-reader-text\">Prefeito eleito Jos\u00e9 Henriques destaca o interesse coletivo em ato de diploma\u00e7\u00e3o<\/span><\/a><\/p>\n","protected":false},"author":2,"featured_media":19964,"comment_status":"open","ping_status":"open","sticky":false,"template":"","format":"standard","meta":{"footnotes":""},"categories":[1],"tags":[3380,2233,128,3250],"class_list":["post-19959","post","type-post","status-publish","format-standard","has-post-thumbnail","hentry","category-noticias","tag-diplomacao","tag-eleicao-2020","tag-justica-eleitoral","tag-prefeito-eleito","thumb-below-title"],"yoast_head":"<!-- This site is optimized with the Yoast SEO plugin v27.4 - https:\/\/yoast.com\/product\/yoast-seo-wordpress\/ -->\n<title>Prefeito eleito Jos\u00e9 Henriques destaca o interesse coletivo em ato de diploma\u00e7\u00e3o | Marcelo Lopes<\/title>\n<meta name=\"robots\" content=\"index, follow, max-snippet:-1, max-image-preview:large, max-video-preview:-1\" \/>\n<link rel=\"canonical\" href=\"https:\/\/marcelolopes.jor.br\/site\/2020\/12\/18\/prefeito-eleito-jose-henriques-destaca-o-interesse-coletivo-em-ato-de-diplomacao\/\" \/>\n<meta property=\"og:locale\" content=\"pt_BR\" \/>\n<meta property=\"og:type\" content=\"article\" \/>\n<meta property=\"og:title\" content=\"Prefeito eleito Jos\u00e9 Henriques destaca o interesse coletivo em ato de diploma\u00e7\u00e3o | Marcelo Lopes\" \/>\n<meta property=\"og:description\" content=\"A 79\u00aa Zona Eleitoral com sede em Cataguases, realizou na manh\u00e3 desta sexta-feira, 18 de dezembro, ao ato de diploma\u00e7\u00e3o dos eleitos no pleito de 15 de novembro \u00faltimo. O evento foi presidido pelo juiz eleitoral Felipe Teixeira Cancela J\u00faniorLeia mais Prefeito eleito Jos\u00e9 Henriques destaca o interesse coletivo em ato de diploma\u00e7\u00e3o\" \/>\n<meta property=\"og:url\" content=\"https:\/\/marcelolopes.jor.br\/site\/2020\/12\/18\/prefeito-eleito-jose-henriques-destaca-o-interesse-coletivo-em-ato-de-diplomacao\/\" \/>\n<meta property=\"og:site_name\" content=\"Marcelo Lopes\" \/>\n<meta property=\"article:publisher\" content=\"https:\/\/www.facebook.com\/sitedomarcelolopes\" \/>\n<meta property=\"article:published_time\" content=\"2020-12-18T15:17:13+00:00\" \/>\n<meta property=\"og:image\" content=\"https:\/\/marcelolopes.jor.br\/site\/wp-content\/uploads\/2020\/12\/IMG_6313.jpeg\" \/>\n\t<meta property=\"og:image:width\" content=\"800\" \/>\n\t<meta property=\"og:image:height\" content=\"450\" \/>\n\t<meta property=\"og:image:type\" content=\"image\/jpeg\" \/>\n<meta name=\"author\" content=\"Marcelo Lopes\" \/>\n<meta name=\"twitter:card\" content=\"summary_large_image\" \/>\n<meta name=\"twitter:label1\" content=\"Escrito por\" \/>\n\t<meta name=\"twitter:data1\" content=\"Marcelo Lopes\" \/>\n\t<meta name=\"twitter:label2\" content=\"Est. tempo de leitura\" \/>\n\t<meta name=\"twitter:data2\" content=\"5 minutos\" \/>\n<script type=\"application\/ld+json\" class=\"yoast-schema-graph\">{\"@context\":\"https:\\\/\\\/schema.org\",\"@graph\":[{\"@type\":\"NewsArticle\",\"@id\":\"https:\\\/\\\/marcelolopes.jor.br\\\/site\\\/2020\\\/12\\\/18\\\/prefeito-eleito-jose-henriques-destaca-o-interesse-coletivo-em-ato-de-diplomacao\\\/#article\",\"isPartOf\":{\"@id\":\"https:\\\/\\\/marcelolopes.jor.br\\\/site\\\/2020\\\/12\\\/18\\\/prefeito-eleito-jose-henriques-destaca-o-interesse-coletivo-em-ato-de-diplomacao\\\/\"},\"author\":{\"name\":\"Marcelo Lopes\",\"@id\":\"https:\\\/\\\/marcelolopes.jor.br\\\/site\\\/#\\\/schema\\\/person\\\/3e7216a35c34d8fdf952b31da3d1f89f\"},\"headline\":\"Prefeito eleito Jos\u00e9 Henriques destaca o interesse coletivo em ato de diploma\u00e7\u00e3o\",\"datePublished\":\"2020-12-18T15:17:13+00:00\",\"mainEntityOfPage\":{\"@id\":\"https:\\\/\\\/marcelolopes.jor.br\\\/site\\\/2020\\\/12\\\/18\\\/prefeito-eleito-jose-henriques-destaca-o-interesse-coletivo-em-ato-de-diplomacao\\\/\"},\"wordCount\":1027,\"commentCount\":0,\"publisher\":{\"@id\":\"https:\\\/\\\/marcelolopes.jor.br\\\/site\\\/#organization\"},\"image\":{\"@id\":\"https:\\\/\\\/marcelolopes.jor.br\\\/site\\\/2020\\\/12\\\/18\\\/prefeito-eleito-jose-henriques-destaca-o-interesse-coletivo-em-ato-de-diplomacao\\\/#primaryimage\"},\"thumbnailUrl\":\"https:\\\/\\\/marcelolopes.jor.br\\\/site\\\/wp-content\\\/uploads\\\/2020\\\/12\\\/IMG_6313.jpeg\",\"keywords\":[\"Diploma\u00e7\u00e3o\",\"elei\u00e7\u00e3o 2020\",\"justi\u00e7a eleitoral\",\"prefeito eleito\"],\"articleSection\":[\"Not\u00edcias\"],\"inLanguage\":\"pt-BR\",\"potentialAction\":[{\"@type\":\"CommentAction\",\"name\":\"Comment\",\"target\":[\"https:\\\/\\\/marcelolopes.jor.br\\\/site\\\/2020\\\/12\\\/18\\\/prefeito-eleito-jose-henriques-destaca-o-interesse-coletivo-em-ato-de-diplomacao\\\/#respond\"]}]},{\"@type\":\"WebPage\",\"@id\":\"https:\\\/\\\/marcelolopes.jor.br\\\/site\\\/2020\\\/12\\\/18\\\/prefeito-eleito-jose-henriques-destaca-o-interesse-coletivo-em-ato-de-diplomacao\\\/\",\"url\":\"https:\\\/\\\/marcelolopes.jor.br\\\/site\\\/2020\\\/12\\\/18\\\/prefeito-eleito-jose-henriques-destaca-o-interesse-coletivo-em-ato-de-diplomacao\\\/\",\"name\":\"Prefeito eleito Jos\u00e9 Henriques destaca o interesse coletivo em ato de diploma\u00e7\u00e3o | Marcelo Lopes\",\"isPartOf\":{\"@id\":\"https:\\\/\\\/marcelolopes.jor.br\\\/site\\\/#website\"},\"primaryImageOfPage\":{\"@id\":\"https:\\\/\\\/marcelolopes.jor.br\\\/site\\\/2020\\\/12\\\/18\\\/prefeito-eleito-jose-henriques-destaca-o-interesse-coletivo-em-ato-de-diplomacao\\\/#primaryimage\"},\"image\":{\"@id\":\"https:\\\/\\\/marcelolopes.jor.br\\\/site\\\/2020\\\/12\\\/18\\\/prefeito-eleito-jose-henriques-destaca-o-interesse-coletivo-em-ato-de-diplomacao\\\/#primaryimage\"},\"thumbnailUrl\":\"https:\\\/\\\/marcelolopes.jor.br\\\/site\\\/wp-content\\\/uploads\\\/2020\\\/12\\\/IMG_6313.jpeg\",\"datePublished\":\"2020-12-18T15:17:13+00:00\",\"breadcrumb\":{\"@id\":\"https:\\\/\\\/marcelolopes.jor.br\\\/site\\\/2020\\\/12\\\/18\\\/prefeito-eleito-jose-henriques-destaca-o-interesse-coletivo-em-ato-de-diplomacao\\\/#breadcrumb\"},\"inLanguage\":\"pt-BR\",\"potentialAction\":[{\"@type\":\"ReadAction\",\"target\":[\"https:\\\/\\\/marcelolopes.jor.br\\\/site\\\/2020\\\/12\\\/18\\\/prefeito-eleito-jose-henriques-destaca-o-interesse-coletivo-em-ato-de-diplomacao\\\/\"]}]},{\"@type\":\"ImageObject\",\"inLanguage\":\"pt-BR\",\"@id\":\"https:\\\/\\\/marcelolopes.jor.br\\\/site\\\/2020\\\/12\\\/18\\\/prefeito-eleito-jose-henriques-destaca-o-interesse-coletivo-em-ato-de-diplomacao\\\/#primaryimage\",\"url\":\"https:\\\/\\\/marcelolopes.jor.br\\\/site\\\/wp-content\\\/uploads\\\/2020\\\/12\\\/IMG_6313.jpeg\",\"contentUrl\":\"https:\\\/\\\/marcelolopes.jor.br\\\/site\\\/wp-content\\\/uploads\\\/2020\\\/12\\\/IMG_6313.jpeg\",\"width\":800,\"height\":450},{\"@type\":\"BreadcrumbList\",\"@id\":\"https:\\\/\\\/marcelolopes.jor.br\\\/site\\\/2020\\\/12\\\/18\\\/prefeito-eleito-jose-henriques-destaca-o-interesse-coletivo-em-ato-de-diplomacao\\\/#breadcrumb\",\"itemListElement\":[{\"@type\":\"ListItem\",\"position\":1,\"name\":\"Home\",\"item\":\"https:\\\/\\\/marcelolopes.jor.br\\\/site\\\/\"},{\"@type\":\"ListItem\",\"position\":2,\"name\":\"Prefeito eleito Jos\u00e9 Henriques destaca o interesse coletivo em ato de diploma\u00e7\u00e3o\"}]},{\"@type\":\"WebSite\",\"@id\":\"https:\\\/\\\/marcelolopes.jor.br\\\/site\\\/#website\",\"url\":\"https:\\\/\\\/marcelolopes.jor.br\\\/site\\\/\",\"name\":\"Marcelo Lopes\",\"description\":\"Not\u00edcias de Cataguases e Regi\u00e3o\",\"publisher\":{\"@id\":\"https:\\\/\\\/marcelolopes.jor.br\\\/site\\\/#organization\"},\"potentialAction\":[{\"@type\":\"SearchAction\",\"target\":{\"@type\":\"EntryPoint\",\"urlTemplate\":\"https:\\\/\\\/marcelolopes.jor.br\\\/site\\\/?s={search_term_string}\"},\"query-input\":{\"@type\":\"PropertyValueSpecification\",\"valueRequired\":true,\"valueName\":\"search_term_string\"}}],\"inLanguage\":\"pt-BR\"},{\"@type\":\"Organization\",\"@id\":\"https:\\\/\\\/marcelolopes.jor.br\\\/site\\\/#organization\",\"name\":\"Site do Marcelo Lopes\",\"url\":\"https:\\\/\\\/marcelolopes.jor.br\\\/site\\\/\",\"logo\":{\"@type\":\"ImageObject\",\"inLanguage\":\"pt-BR\",\"@id\":\"https:\\\/\\\/marcelolopes.jor.br\\\/site\\\/#\\\/schema\\\/logo\\\/image\\\/\",\"url\":\"https:\\\/\\\/marcelolopes.jor.br\\\/site\\\/wp-content\\\/uploads\\\/2024\\\/11\\\/logo-1.png\",\"contentUrl\":\"https:\\\/\\\/marcelolopes.jor.br\\\/site\\\/wp-content\\\/uploads\\\/2024\\\/11\\\/logo-1.png\",\"width\":475,\"height\":80,\"caption\":\"Site do Marcelo Lopes\"},\"image\":{\"@id\":\"https:\\\/\\\/marcelolopes.jor.br\\\/site\\\/#\\\/schema\\\/logo\\\/image\\\/\"},\"sameAs\":[\"https:\\\/\\\/www.facebook.com\\\/sitedomarcelolopes\",\"https:\\\/\\\/www.instagram.com\\\/sitedomarcelolopes\\\/\",\"https:\\\/\\\/www.linkedin.com\\\/company\\\/site-do-marcelo-lopes\\\/\",\"https:\\\/\\\/www.youtube.com\\\/user\\\/marcelolopes957\"]},{\"@type\":\"Person\",\"@id\":\"https:\\\/\\\/marcelolopes.jor.br\\\/site\\\/#\\\/schema\\\/person\\\/3e7216a35c34d8fdf952b31da3d1f89f\",\"name\":\"Marcelo Lopes\",\"sameAs\":[\"http:\\\/\\\/www.marcelolopes.jor.br\"],\"url\":\"https:\\\/\\\/marcelolopes.jor.br\\\/site\\\/author\\\/marcelo\\\/\"}]}<\/script>\n<!-- \/ Yoast SEO plugin. -->","yoast_head_json":{"title":"Prefeito eleito Jos\u00e9 Henriques destaca o interesse coletivo em ato de diploma\u00e7\u00e3o | Marcelo Lopes","robots":{"index":"index","follow":"follow","max-snippet":"max-snippet:-1","max-image-preview":"max-image-preview:large","max-video-preview":"max-video-preview:-1"},"canonical":"https:\/\/marcelolopes.jor.br\/site\/2020\/12\/18\/prefeito-eleito-jose-henriques-destaca-o-interesse-coletivo-em-ato-de-diplomacao\/","og_locale":"pt_BR","og_type":"article","og_title":"Prefeito eleito Jos\u00e9 Henriques destaca o interesse coletivo em ato de diploma\u00e7\u00e3o | Marcelo Lopes","og_description":"A 79\u00aa Zona Eleitoral com sede em Cataguases, realizou na manh\u00e3 desta sexta-feira, 18 de dezembro, ao ato de diploma\u00e7\u00e3o dos eleitos no pleito de 15 de novembro \u00faltimo. O evento foi presidido pelo juiz eleitoral Felipe Teixeira Cancela J\u00faniorLeia mais Prefeito eleito Jos\u00e9 Henriques destaca o interesse coletivo em ato de diploma\u00e7\u00e3o","og_url":"https:\/\/marcelolopes.jor.br\/site\/2020\/12\/18\/prefeito-eleito-jose-henriques-destaca-o-interesse-coletivo-em-ato-de-diplomacao\/","og_site_name":"Marcelo Lopes","article_publisher":"https:\/\/www.facebook.com\/sitedomarcelolopes","article_published_time":"2020-12-18T15:17:13+00:00","og_image":[{"width":800,"height":450,"url":"https:\/\/marcelolopes.jor.br\/site\/wp-content\/uploads\/2020\/12\/IMG_6313.jpeg","type":"image\/jpeg"}],"author":"Marcelo Lopes","twitter_card":"summary_large_image","twitter_misc":{"Escrito por":"Marcelo Lopes","Est. tempo de leitura":"5 minutos"},"schema":{"@context":"https:\/\/schema.org","@graph":[{"@type":"NewsArticle","@id":"https:\/\/marcelolopes.jor.br\/site\/2020\/12\/18\/prefeito-eleito-jose-henriques-destaca-o-interesse-coletivo-em-ato-de-diplomacao\/#article","isPartOf":{"@id":"https:\/\/marcelolopes.jor.br\/site\/2020\/12\/18\/prefeito-eleito-jose-henriques-destaca-o-interesse-coletivo-em-ato-de-diplomacao\/"},"author":{"name":"Marcelo Lopes","@id":"https:\/\/marcelolopes.jor.br\/site\/#\/schema\/person\/3e7216a35c34d8fdf952b31da3d1f89f"},"headline":"Prefeito eleito Jos\u00e9 Henriques destaca o interesse coletivo em ato de diploma\u00e7\u00e3o","datePublished":"2020-12-18T15:17:13+00:00","mainEntityOfPage":{"@id":"https:\/\/marcelolopes.jor.br\/site\/2020\/12\/18\/prefeito-eleito-jose-henriques-destaca-o-interesse-coletivo-em-ato-de-diplomacao\/"},"wordCount":1027,"commentCount":0,"publisher":{"@id":"https:\/\/marcelolopes.jor.br\/site\/#organization"},"image":{"@id":"https:\/\/marcelolopes.jor.br\/site\/2020\/12\/18\/prefeito-eleito-jose-henriques-destaca-o-interesse-coletivo-em-ato-de-diplomacao\/#primaryimage"},"thumbnailUrl":"https:\/\/marcelolopes.jor.br\/site\/wp-content\/uploads\/2020\/12\/IMG_6313.jpeg","keywords":["Diploma\u00e7\u00e3o","elei\u00e7\u00e3o 2020","justi\u00e7a eleitoral","prefeito eleito"],"articleSection":["Not\u00edcias"],"inLanguage":"pt-BR","potentialAction":[{"@type":"CommentAction","name":"Comment","target":["https:\/\/marcelolopes.jor.br\/site\/2020\/12\/18\/prefeito-eleito-jose-henriques-destaca-o-interesse-coletivo-em-ato-de-diplomacao\/#respond"]}]},{"@type":"WebPage","@id":"https:\/\/marcelolopes.jor.br\/site\/2020\/12\/18\/prefeito-eleito-jose-henriques-destaca-o-interesse-coletivo-em-ato-de-diplomacao\/","url":"https:\/\/marcelolopes.jor.br\/site\/2020\/12\/18\/prefeito-eleito-jose-henriques-destaca-o-interesse-coletivo-em-ato-de-diplomacao\/","name":"Prefeito eleito Jos\u00e9 Henriques destaca o interesse coletivo em ato de diploma\u00e7\u00e3o | Marcelo Lopes","isPartOf":{"@id":"https:\/\/marcelolopes.jor.br\/site\/#website"},"primaryImageOfPage":{"@id":"https:\/\/marcelolopes.jor.br\/site\/2020\/12\/18\/prefeito-eleito-jose-henriques-destaca-o-interesse-coletivo-em-ato-de-diplomacao\/#primaryimage"},"image":{"@id":"https:\/\/marcelolopes.jor.br\/site\/2020\/12\/18\/prefeito-eleito-jose-henriques-destaca-o-interesse-coletivo-em-ato-de-diplomacao\/#primaryimage"},"thumbnailUrl":"https:\/\/marcelolopes.jor.br\/site\/wp-content\/uploads\/2020\/12\/IMG_6313.jpeg","datePublished":"2020-12-18T15:17:13+00:00","breadcrumb":{"@id":"https:\/\/marcelolopes.jor.br\/site\/2020\/12\/18\/prefeito-eleito-jose-henriques-destaca-o-interesse-coletivo-em-ato-de-diplomacao\/#breadcrumb"},"inLanguage":"pt-BR","potentialAction":[{"@type":"ReadAction","target":["https:\/\/marcelolopes.jor.br\/site\/2020\/12\/18\/prefeito-eleito-jose-henriques-destaca-o-interesse-coletivo-em-ato-de-diplomacao\/"]}]},{"@type":"ImageObject","inLanguage":"pt-BR","@id":"https:\/\/marcelolopes.jor.br\/site\/2020\/12\/18\/prefeito-eleito-jose-henriques-destaca-o-interesse-coletivo-em-ato-de-diplomacao\/#primaryimage","url":"https:\/\/marcelolopes.jor.br\/site\/wp-content\/uploads\/2020\/12\/IMG_6313.jpeg","contentUrl":"https:\/\/marcelolopes.jor.br\/site\/wp-content\/uploads\/2020\/12\/IMG_6313.jpeg","width":800,"height":450},{"@type":"BreadcrumbList","@id":"https:\/\/marcelolopes.jor.br\/site\/2020\/12\/18\/prefeito-eleito-jose-henriques-destaca-o-interesse-coletivo-em-ato-de-diplomacao\/#breadcrumb","itemListElement":[{"@type":"ListItem","position":1,"name":"Home","item":"https:\/\/marcelolopes.jor.br\/site\/"},{"@type":"ListItem","position":2,"name":"Prefeito eleito Jos\u00e9 Henriques destaca o interesse coletivo em ato de diploma\u00e7\u00e3o"}]},{"@type":"WebSite","@id":"https:\/\/marcelolopes.jor.br\/site\/#website","url":"https:\/\/marcelolopes.jor.br\/site\/","name":"Marcelo Lopes","description":"Not\u00edcias de Cataguases e Regi\u00e3o","publisher":{"@id":"https:\/\/marcelolopes.jor.br\/site\/#organization"},"potentialAction":[{"@type":"SearchAction","target":{"@type":"EntryPoint","urlTemplate":"https:\/\/marcelolopes.jor.br\/site\/?s={search_term_string}"},"query-input":{"@type":"PropertyValueSpecification","valueRequired":true,"valueName":"search_term_string"}}],"inLanguage":"pt-BR"},{"@type":"Organization","@id":"https:\/\/marcelolopes.jor.br\/site\/#organization","name":"Site do Marcelo Lopes","url":"https:\/\/marcelolopes.jor.br\/site\/","logo":{"@type":"ImageObject","inLanguage":"pt-BR","@id":"https:\/\/marcelolopes.jor.br\/site\/#\/schema\/logo\/image\/","url":"https:\/\/marcelolopes.jor.br\/site\/wp-content\/uploads\/2024\/11\/logo-1.png","contentUrl":"https:\/\/marcelolopes.jor.br\/site\/wp-content\/uploads\/2024\/11\/logo-1.png","width":475,"height":80,"caption":"Site do Marcelo Lopes"},"image":{"@id":"https:\/\/marcelolopes.jor.br\/site\/#\/schema\/logo\/image\/"},"sameAs":["https:\/\/www.facebook.com\/sitedomarcelolopes","https:\/\/www.instagram.com\/sitedomarcelolopes\/","https:\/\/www.linkedin.com\/company\/site-do-marcelo-lopes\/","https:\/\/www.youtube.com\/user\/marcelolopes957"]},{"@type":"Person","@id":"https:\/\/marcelolopes.jor.br\/site\/#\/schema\/person\/3e7216a35c34d8fdf952b31da3d1f89f","name":"Marcelo Lopes","sameAs":["http:\/\/www.marcelolopes.jor.br"],"url":"https:\/\/marcelolopes.jor.br\/site\/author\/marcelo\/"}]}},"wps_subtitle":"Evento aconteceu nesta manh\u00e3 de sexta-feira, 18, no Cart\u00f3rio Eleitoral.","_links":{"self":[{"href":"https:\/\/marcelolopes.jor.br\/site\/wp-json\/wp\/v2\/posts\/19959","targetHints":{"allow":["GET"]}}],"collection":[{"href":"https:\/\/marcelolopes.jor.br\/site\/wp-json\/wp\/v2\/posts"}],"about":[{"href":"https:\/\/marcelolopes.jor.br\/site\/wp-json\/wp\/v2\/types\/post"}],"author":[{"embeddable":true,"href":"https:\/\/marcelolopes.jor.br\/site\/wp-json\/wp\/v2\/users\/2"}],"replies":[{"embeddable":true,"href":"https:\/\/marcelolopes.jor.br\/site\/wp-json\/wp\/v2\/comments?post=19959"}],"version-history":[{"count":0,"href":"https:\/\/marcelolopes.jor.br\/site\/wp-json\/wp\/v2\/posts\/19959\/revisions"}],"wp:featuredmedia":[{"embeddable":true,"href":"https:\/\/marcelolopes.jor.br\/site\/wp-json\/wp\/v2\/media\/19964"}],"wp:attachment":[{"href":"https:\/\/marcelolopes.jor.br\/site\/wp-json\/wp\/v2\/media?parent=19959"}],"wp:term":[{"taxonomy":"category","embeddable":true,"href":"https:\/\/marcelolopes.jor.br\/site\/wp-json\/wp\/v2\/categories?post=19959"},{"taxonomy":"post_tag","embeddable":true,"href":"https:\/\/marcelolopes.jor.br\/site\/wp-json\/wp\/v2\/tags?post=19959"}],"curies":[{"name":"wp","href":"https:\/\/api.w.org\/{rel}","templated":true}]}}