{"id":19770,"date":"2020-12-10T16:00:09","date_gmt":"2020-12-10T19:00:09","guid":{"rendered":"https:\/\/marcelolopes.jor.br\/?p=19770"},"modified":"2020-12-10T15:04:50","modified_gmt":"2020-12-10T18:04:50","slug":"aumento-dos-casos-de-covid-19-obriga-presidio-a-proibir-visitas","status":"publish","type":"post","link":"https:\/\/marcelolopes.jor.br\/site\/2020\/12\/10\/aumento-dos-casos-de-covid-19-obriga-presidio-a-proibir-visitas\/","title":{"rendered":"Aumento dos casos de Covid-19 obriga pres\u00eddio a proibir visitas"},"content":{"rendered":"<p style=\"text-align: justify;\">A dire\u00e7\u00e3o do pres\u00eddio de Cataguases volta a restringir as visitas em suas depend\u00eancias. A informa\u00e7\u00e3o \u00e9 da dire\u00e7\u00e3o daquele estabelecimento e deve-se ao aumento do n\u00famero de casos de Covid-19 em Cataguases e na macro regi\u00e3o Sudeste. Desta forma, acrescenta o comunicado enviado ao Site do Marcelo Lopes pela dire\u00e7\u00e3o daquela casa de deten\u00e7\u00e3o, voltam a ser obedecidas as restri\u00e7\u00f5es impostas pela Resolu\u00e7\u00e3o n\u00ba 52, de 19 de mar\u00e7o de 2020.<!--more--><\/p>\n<p style=\"text-align: justify;\"><img loading=\"lazy\" decoding=\"async\" class=\"aligncenter size-full wp-image-19655\" src=\"https:\/\/marcelolopes.jor.br\/site\/wp-content\/uploads\/2020\/12\/WhatsApp-Image-2020-11-04-at-20.08.21.jpeg\" alt=\"\" width=\"1280\" height=\"342\" srcset=\"https:\/\/marcelolopes.jor.br\/site\/wp-content\/uploads\/2020\/12\/WhatsApp-Image-2020-11-04-at-20.08.21.jpeg 1280w, https:\/\/marcelolopes.jor.br\/site\/wp-content\/uploads\/2020\/12\/WhatsApp-Image-2020-11-04-at-20.08.21-300x80.jpeg 300w, https:\/\/marcelolopes.jor.br\/site\/wp-content\/uploads\/2020\/12\/WhatsApp-Image-2020-11-04-at-20.08.21-768x205.jpeg 768w, https:\/\/marcelolopes.jor.br\/site\/wp-content\/uploads\/2020\/12\/WhatsApp-Image-2020-11-04-at-20.08.21-1024x274.jpeg 1024w, https:\/\/marcelolopes.jor.br\/site\/wp-content\/uploads\/2020\/12\/WhatsApp-Image-2020-11-04-at-20.08.21-1200x321.jpeg 1200w\" sizes=\"auto, (max-width: 1280px) 100vw, 1280px\" \/>A dire\u00e7\u00e3o do pres\u00eddio lembra ainda que toda a Macro Regi\u00e3o Sudeste regrediu para a Onda Vermelha do Programa Minas Consciente em fun\u00e7\u00e3o do aumento significativo dos casos de Covid-19. Por isso, a partir de agora, est\u00e3o suspensas todas as modalidades de visita\u00e7\u00e3o e atendimento aos presos, salvo as de sa\u00fade e de seus advogados, estes \u00faltimos permitidos apenas com entrada entre \u00e0s 10h e 12h e por no m\u00e1ximo 20 minutos por cliente.<\/p>\n<p style=\"text-align: justify;\">Aquela unidade informou que vai receber itens complementares de higiene, limpeza, alimenta\u00e7\u00e3o e medicamentos destinadas aos reeducandos, somente aquelas que chegarem por meio dos Correios (Sedex). Por fim, est\u00e3o suspensas as escoltas, exceto as demandas judiciais e emerg\u00eancias de sa\u00fade, bem como est\u00e3o mantidas as liga\u00e7\u00f5es telef\u00f4nicas e visita\u00e7\u00f5es por videoconfer\u00eancia entre os presos e seus familiares.<\/p>\n<div class=\"eskhn69f72e35a627d\" ><br><\/div><style type=\"text\/css\">\r\n@media screen and (min-width: 1201px) {\r\n.eskhn69f72e35a627d {\r\ndisplay: block;\r\n}\r\n}\r\n@media screen and (min-width: 993px) and (max-width: 1200px) {\r\n.eskhn69f72e35a627d {\r\ndisplay: block;\r\n}\r\n}\r\n@media screen and (min-width: 769px) and (max-width: 992px) {\r\n.eskhn69f72e35a627d {\r\ndisplay: block;\r\n}\r\n}\r\n@media screen and (min-width: 768px) and (max-width: 768px) {\r\n.eskhn69f72e35a627d {\r\ndisplay: block;\r\n}\r\n}\r\n@media screen and (max-width: 767px) {\r\n.eskhn69f72e35a627d {\r\ndisplay: block;\r\n}\r\n}\r\n<\/style>\r\n<div class=\"vkcpu69f72e35ac19d\" ><div id=\"div_destino\"><\/div>\r\n<script src=\"https:\/\/cdn.snsrsv.com\/sdk.js\"><\/script>\r\n<script >\r\n      new sdk(\"464030C30061EA8BE065000000000001\") \r\n          .appendTo(\"div_destino\")\r\n          .disableStyle(true) \r\n          .setCacheBusterMacro(\"%%CACHEBUSTER%%\")\r\n          .setSize(\"800\",\"214\")\r\n          .setClickMacro(\"%%CLICK_URL_ESC%%\") \r\n          .setReferrerUrlMacro(\"%%REFERRER_URL_ESC%%\") \r\n          .start(); \r\n<\/script><\/div><style type=\"text\/css\">\r\n@media screen and (min-width: 1201px) {\r\n.vkcpu69f72e35ac19d {\r\ndisplay: block;\r\n}\r\n}\r\n@media screen and (min-width: 993px) and (max-width: 1200px) {\r\n.vkcpu69f72e35ac19d {\r\ndisplay: block;\r\n}\r\n}\r\n@media screen and (min-width: 769px) and (max-width: 992px) {\r\n.vkcpu69f72e35ac19d {\r\ndisplay: block;\r\n}\r\n}\r\n@media screen and (min-width: 768px) and (max-width: 768px) {\r\n.vkcpu69f72e35ac19d {\r\ndisplay: block;\r\n}\r\n}\r\n@media screen and (max-width: 767px) {\r\n.vkcpu69f72e35ac19d {\r\ndisplay: block;\r\n}\r\n}\r\n<\/style>\r\n","protected":false},"excerpt":{"rendered":"<p>A dire\u00e7\u00e3o do pres\u00eddio de Cataguases volta a restringir as visitas em suas depend\u00eancias. A informa\u00e7\u00e3o \u00e9 da dire\u00e7\u00e3o daquele estabelecimento e deve-se ao aumento do n\u00famero de casos de Covid-19 em Cataguases e na macro regi\u00e3o Sudeste. Desta forma,<\/p>\n<p class=\"link-more\"><a class=\"more-link\" href=\"https:\/\/marcelolopes.jor.br\/site\/2020\/12\/10\/aumento-dos-casos-de-covid-19-obriga-presidio-a-proibir-visitas\/\">Leia mais <span class=\"screen-reader-text\">Aumento dos casos de Covid-19 obriga pres\u00eddio a proibir visitas<\/span><\/a><\/p>\n","protected":false},"author":2,"featured_media":17632,"comment_status":"open","ping_status":"open","sticky":false,"template":"","format":"standard","meta":{"footnotes":""},"categories":[1],"tags":[3375,3376,896,3029],"class_list":["post-19770","post","type-post","status-publish","format-standard","has-post-thumbnail","hentry","category-noticias","tag-covid-19-no-presidio","tag-onda-vermelha","tag-presidio-de-cataguases","tag-visitacao","thumb-below-title"],"yoast_head":"<!-- This site is optimized with the Yoast SEO plugin v27.4 - https:\/\/yoast.com\/product\/yoast-seo-wordpress\/ -->\n<title>Aumento dos casos de Covid-19 obriga pres\u00eddio a proibir visitas | Marcelo Lopes<\/title>\n<meta name=\"robots\" content=\"index, follow, max-snippet:-1, max-image-preview:large, max-video-preview:-1\" \/>\n<link rel=\"canonical\" href=\"https:\/\/marcelolopes.jor.br\/site\/2020\/12\/10\/aumento-dos-casos-de-covid-19-obriga-presidio-a-proibir-visitas\/\" \/>\n<meta property=\"og:locale\" content=\"pt_BR\" \/>\n<meta property=\"og:type\" content=\"article\" \/>\n<meta property=\"og:title\" content=\"Aumento dos casos de Covid-19 obriga pres\u00eddio a proibir visitas | Marcelo Lopes\" \/>\n<meta property=\"og:description\" content=\"A dire\u00e7\u00e3o do pres\u00eddio de Cataguases volta a restringir as visitas em suas depend\u00eancias. A informa\u00e7\u00e3o \u00e9 da dire\u00e7\u00e3o daquele estabelecimento e deve-se ao aumento do n\u00famero de casos de Covid-19 em Cataguases e na macro regi\u00e3o Sudeste. Desta forma,Leia mais Aumento dos casos de Covid-19 obriga pres\u00eddio a proibir visitas\" \/>\n<meta property=\"og:url\" content=\"https:\/\/marcelolopes.jor.br\/site\/2020\/12\/10\/aumento-dos-casos-de-covid-19-obriga-presidio-a-proibir-visitas\/\" \/>\n<meta property=\"og:site_name\" content=\"Marcelo Lopes\" \/>\n<meta property=\"article:publisher\" content=\"https:\/\/www.facebook.com\/sitedomarcelolopes\" \/>\n<meta property=\"article:published_time\" content=\"2020-12-10T19:00:09+00:00\" \/>\n<meta property=\"og:image\" content=\"https:\/\/marcelolopes.jor.br\/site\/wp-content\/uploads\/2020\/09\/Pres\u00eddio1.jpg\" \/>\n\t<meta property=\"og:image:width\" content=\"800\" \/>\n\t<meta property=\"og:image:height\" content=\"576\" \/>\n\t<meta property=\"og:image:type\" content=\"image\/jpeg\" \/>\n<meta name=\"author\" content=\"Marcelo Lopes\" \/>\n<meta name=\"twitter:card\" content=\"summary_large_image\" \/>\n<meta name=\"twitter:label1\" content=\"Escrito por\" \/>\n\t<meta name=\"twitter:data1\" content=\"Marcelo Lopes\" \/>\n\t<meta name=\"twitter:label2\" content=\"Est. tempo de leitura\" \/>\n\t<meta name=\"twitter:data2\" content=\"1 minuto\" \/>\n<script type=\"application\/ld+json\" class=\"yoast-schema-graph\">{\"@context\":\"https:\\\/\\\/schema.org\",\"@graph\":[{\"@type\":\"NewsArticle\",\"@id\":\"https:\\\/\\\/marcelolopes.jor.br\\\/site\\\/2020\\\/12\\\/10\\\/aumento-dos-casos-de-covid-19-obriga-presidio-a-proibir-visitas\\\/#article\",\"isPartOf\":{\"@id\":\"https:\\\/\\\/marcelolopes.jor.br\\\/site\\\/2020\\\/12\\\/10\\\/aumento-dos-casos-de-covid-19-obriga-presidio-a-proibir-visitas\\\/\"},\"author\":{\"name\":\"Marcelo Lopes\",\"@id\":\"https:\\\/\\\/marcelolopes.jor.br\\\/site\\\/#\\\/schema\\\/person\\\/3e7216a35c34d8fdf952b31da3d1f89f\"},\"headline\":\"Aumento dos casos de Covid-19 obriga pres\u00eddio a proibir visitas\",\"datePublished\":\"2020-12-10T19:00:09+00:00\",\"mainEntityOfPage\":{\"@id\":\"https:\\\/\\\/marcelolopes.jor.br\\\/site\\\/2020\\\/12\\\/10\\\/aumento-dos-casos-de-covid-19-obriga-presidio-a-proibir-visitas\\\/\"},\"wordCount\":238,\"commentCount\":0,\"publisher\":{\"@id\":\"https:\\\/\\\/marcelolopes.jor.br\\\/site\\\/#organization\"},\"image\":{\"@id\":\"https:\\\/\\\/marcelolopes.jor.br\\\/site\\\/2020\\\/12\\\/10\\\/aumento-dos-casos-de-covid-19-obriga-presidio-a-proibir-visitas\\\/#primaryimage\"},\"thumbnailUrl\":\"https:\\\/\\\/marcelolopes.jor.br\\\/site\\\/wp-content\\\/uploads\\\/2020\\\/09\\\/Pres\u00eddio1.jpg\",\"keywords\":[\"covid-19 no pres\u00eddio\",\"Onda Vermelha\",\"pres\u00eddio de Cataguases\",\"visita\u00e7\u00e3o\"],\"articleSection\":[\"Not\u00edcias\"],\"inLanguage\":\"pt-BR\",\"potentialAction\":[{\"@type\":\"CommentAction\",\"name\":\"Comment\",\"target\":[\"https:\\\/\\\/marcelolopes.jor.br\\\/site\\\/2020\\\/12\\\/10\\\/aumento-dos-casos-de-covid-19-obriga-presidio-a-proibir-visitas\\\/#respond\"]}]},{\"@type\":\"WebPage\",\"@id\":\"https:\\\/\\\/marcelolopes.jor.br\\\/site\\\/2020\\\/12\\\/10\\\/aumento-dos-casos-de-covid-19-obriga-presidio-a-proibir-visitas\\\/\",\"url\":\"https:\\\/\\\/marcelolopes.jor.br\\\/site\\\/2020\\\/12\\\/10\\\/aumento-dos-casos-de-covid-19-obriga-presidio-a-proibir-visitas\\\/\",\"name\":\"Aumento dos casos de Covid-19 obriga pres\u00eddio a proibir visitas | Marcelo Lopes\",\"isPartOf\":{\"@id\":\"https:\\\/\\\/marcelolopes.jor.br\\\/site\\\/#website\"},\"primaryImageOfPage\":{\"@id\":\"https:\\\/\\\/marcelolopes.jor.br\\\/site\\\/2020\\\/12\\\/10\\\/aumento-dos-casos-de-covid-19-obriga-presidio-a-proibir-visitas\\\/#primaryimage\"},\"image\":{\"@id\":\"https:\\\/\\\/marcelolopes.jor.br\\\/site\\\/2020\\\/12\\\/10\\\/aumento-dos-casos-de-covid-19-obriga-presidio-a-proibir-visitas\\\/#primaryimage\"},\"thumbnailUrl\":\"https:\\\/\\\/marcelolopes.jor.br\\\/site\\\/wp-content\\\/uploads\\\/2020\\\/09\\\/Pres\u00eddio1.jpg\",\"datePublished\":\"2020-12-10T19:00:09+00:00\",\"breadcrumb\":{\"@id\":\"https:\\\/\\\/marcelolopes.jor.br\\\/site\\\/2020\\\/12\\\/10\\\/aumento-dos-casos-de-covid-19-obriga-presidio-a-proibir-visitas\\\/#breadcrumb\"},\"inLanguage\":\"pt-BR\",\"potentialAction\":[{\"@type\":\"ReadAction\",\"target\":[\"https:\\\/\\\/marcelolopes.jor.br\\\/site\\\/2020\\\/12\\\/10\\\/aumento-dos-casos-de-covid-19-obriga-presidio-a-proibir-visitas\\\/\"]}]},{\"@type\":\"ImageObject\",\"inLanguage\":\"pt-BR\",\"@id\":\"https:\\\/\\\/marcelolopes.jor.br\\\/site\\\/2020\\\/12\\\/10\\\/aumento-dos-casos-de-covid-19-obriga-presidio-a-proibir-visitas\\\/#primaryimage\",\"url\":\"https:\\\/\\\/marcelolopes.jor.br\\\/site\\\/wp-content\\\/uploads\\\/2020\\\/09\\\/Pres\u00eddio1.jpg\",\"contentUrl\":\"https:\\\/\\\/marcelolopes.jor.br\\\/site\\\/wp-content\\\/uploads\\\/2020\\\/09\\\/Pres\u00eddio1.jpg\",\"width\":800,\"height\":576},{\"@type\":\"BreadcrumbList\",\"@id\":\"https:\\\/\\\/marcelolopes.jor.br\\\/site\\\/2020\\\/12\\\/10\\\/aumento-dos-casos-de-covid-19-obriga-presidio-a-proibir-visitas\\\/#breadcrumb\",\"itemListElement\":[{\"@type\":\"ListItem\",\"position\":1,\"name\":\"Home\",\"item\":\"https:\\\/\\\/marcelolopes.jor.br\\\/site\\\/\"},{\"@type\":\"ListItem\",\"position\":2,\"name\":\"Aumento dos casos de Covid-19 obriga pres\u00eddio a proibir visitas\"}]},{\"@type\":\"WebSite\",\"@id\":\"https:\\\/\\\/marcelolopes.jor.br\\\/site\\\/#website\",\"url\":\"https:\\\/\\\/marcelolopes.jor.br\\\/site\\\/\",\"name\":\"Marcelo Lopes\",\"description\":\"Not\u00edcias de Cataguases e Regi\u00e3o\",\"publisher\":{\"@id\":\"https:\\\/\\\/marcelolopes.jor.br\\\/site\\\/#organization\"},\"potentialAction\":[{\"@type\":\"SearchAction\",\"target\":{\"@type\":\"EntryPoint\",\"urlTemplate\":\"https:\\\/\\\/marcelolopes.jor.br\\\/site\\\/?s={search_term_string}\"},\"query-input\":{\"@type\":\"PropertyValueSpecification\",\"valueRequired\":true,\"valueName\":\"search_term_string\"}}],\"inLanguage\":\"pt-BR\"},{\"@type\":\"Organization\",\"@id\":\"https:\\\/\\\/marcelolopes.jor.br\\\/site\\\/#organization\",\"name\":\"Site do Marcelo Lopes\",\"url\":\"https:\\\/\\\/marcelolopes.jor.br\\\/site\\\/\",\"logo\":{\"@type\":\"ImageObject\",\"inLanguage\":\"pt-BR\",\"@id\":\"https:\\\/\\\/marcelolopes.jor.br\\\/site\\\/#\\\/schema\\\/logo\\\/image\\\/\",\"url\":\"https:\\\/\\\/marcelolopes.jor.br\\\/site\\\/wp-content\\\/uploads\\\/2024\\\/11\\\/logo-1.png\",\"contentUrl\":\"https:\\\/\\\/marcelolopes.jor.br\\\/site\\\/wp-content\\\/uploads\\\/2024\\\/11\\\/logo-1.png\",\"width\":475,\"height\":80,\"caption\":\"Site do Marcelo Lopes\"},\"image\":{\"@id\":\"https:\\\/\\\/marcelolopes.jor.br\\\/site\\\/#\\\/schema\\\/logo\\\/image\\\/\"},\"sameAs\":[\"https:\\\/\\\/www.facebook.com\\\/sitedomarcelolopes\",\"https:\\\/\\\/www.instagram.com\\\/sitedomarcelolopes\\\/\",\"https:\\\/\\\/www.linkedin.com\\\/company\\\/site-do-marcelo-lopes\\\/\",\"https:\\\/\\\/www.youtube.com\\\/user\\\/marcelolopes957\"]},{\"@type\":\"Person\",\"@id\":\"https:\\\/\\\/marcelolopes.jor.br\\\/site\\\/#\\\/schema\\\/person\\\/3e7216a35c34d8fdf952b31da3d1f89f\",\"name\":\"Marcelo Lopes\",\"sameAs\":[\"http:\\\/\\\/www.marcelolopes.jor.br\"],\"url\":\"https:\\\/\\\/marcelolopes.jor.br\\\/site\\\/author\\\/marcelo\\\/\"}]}<\/script>\n<!-- \/ Yoast SEO plugin. -->","yoast_head_json":{"title":"Aumento dos casos de Covid-19 obriga pres\u00eddio a proibir visitas | Marcelo Lopes","robots":{"index":"index","follow":"follow","max-snippet":"max-snippet:-1","max-image-preview":"max-image-preview:large","max-video-preview":"max-video-preview:-1"},"canonical":"https:\/\/marcelolopes.jor.br\/site\/2020\/12\/10\/aumento-dos-casos-de-covid-19-obriga-presidio-a-proibir-visitas\/","og_locale":"pt_BR","og_type":"article","og_title":"Aumento dos casos de Covid-19 obriga pres\u00eddio a proibir visitas | Marcelo Lopes","og_description":"A dire\u00e7\u00e3o do pres\u00eddio de Cataguases volta a restringir as visitas em suas depend\u00eancias. A informa\u00e7\u00e3o \u00e9 da dire\u00e7\u00e3o daquele estabelecimento e deve-se ao aumento do n\u00famero de casos de Covid-19 em Cataguases e na macro regi\u00e3o Sudeste. Desta forma,Leia mais Aumento dos casos de Covid-19 obriga pres\u00eddio a proibir visitas","og_url":"https:\/\/marcelolopes.jor.br\/site\/2020\/12\/10\/aumento-dos-casos-de-covid-19-obriga-presidio-a-proibir-visitas\/","og_site_name":"Marcelo Lopes","article_publisher":"https:\/\/www.facebook.com\/sitedomarcelolopes","article_published_time":"2020-12-10T19:00:09+00:00","og_image":[{"width":800,"height":576,"url":"https:\/\/marcelolopes.jor.br\/site\/wp-content\/uploads\/2020\/09\/Pres\u00eddio1.jpg","type":"image\/jpeg"}],"author":"Marcelo Lopes","twitter_card":"summary_large_image","twitter_misc":{"Escrito por":"Marcelo Lopes","Est. tempo de leitura":"1 minuto"},"schema":{"@context":"https:\/\/schema.org","@graph":[{"@type":"NewsArticle","@id":"https:\/\/marcelolopes.jor.br\/site\/2020\/12\/10\/aumento-dos-casos-de-covid-19-obriga-presidio-a-proibir-visitas\/#article","isPartOf":{"@id":"https:\/\/marcelolopes.jor.br\/site\/2020\/12\/10\/aumento-dos-casos-de-covid-19-obriga-presidio-a-proibir-visitas\/"},"author":{"name":"Marcelo Lopes","@id":"https:\/\/marcelolopes.jor.br\/site\/#\/schema\/person\/3e7216a35c34d8fdf952b31da3d1f89f"},"headline":"Aumento dos casos de Covid-19 obriga pres\u00eddio a proibir visitas","datePublished":"2020-12-10T19:00:09+00:00","mainEntityOfPage":{"@id":"https:\/\/marcelolopes.jor.br\/site\/2020\/12\/10\/aumento-dos-casos-de-covid-19-obriga-presidio-a-proibir-visitas\/"},"wordCount":238,"commentCount":0,"publisher":{"@id":"https:\/\/marcelolopes.jor.br\/site\/#organization"},"image":{"@id":"https:\/\/marcelolopes.jor.br\/site\/2020\/12\/10\/aumento-dos-casos-de-covid-19-obriga-presidio-a-proibir-visitas\/#primaryimage"},"thumbnailUrl":"https:\/\/marcelolopes.jor.br\/site\/wp-content\/uploads\/2020\/09\/Pres\u00eddio1.jpg","keywords":["covid-19 no pres\u00eddio","Onda Vermelha","pres\u00eddio de Cataguases","visita\u00e7\u00e3o"],"articleSection":["Not\u00edcias"],"inLanguage":"pt-BR","potentialAction":[{"@type":"CommentAction","name":"Comment","target":["https:\/\/marcelolopes.jor.br\/site\/2020\/12\/10\/aumento-dos-casos-de-covid-19-obriga-presidio-a-proibir-visitas\/#respond"]}]},{"@type":"WebPage","@id":"https:\/\/marcelolopes.jor.br\/site\/2020\/12\/10\/aumento-dos-casos-de-covid-19-obriga-presidio-a-proibir-visitas\/","url":"https:\/\/marcelolopes.jor.br\/site\/2020\/12\/10\/aumento-dos-casos-de-covid-19-obriga-presidio-a-proibir-visitas\/","name":"Aumento dos casos de Covid-19 obriga pres\u00eddio a proibir visitas | Marcelo Lopes","isPartOf":{"@id":"https:\/\/marcelolopes.jor.br\/site\/#website"},"primaryImageOfPage":{"@id":"https:\/\/marcelolopes.jor.br\/site\/2020\/12\/10\/aumento-dos-casos-de-covid-19-obriga-presidio-a-proibir-visitas\/#primaryimage"},"image":{"@id":"https:\/\/marcelolopes.jor.br\/site\/2020\/12\/10\/aumento-dos-casos-de-covid-19-obriga-presidio-a-proibir-visitas\/#primaryimage"},"thumbnailUrl":"https:\/\/marcelolopes.jor.br\/site\/wp-content\/uploads\/2020\/09\/Pres\u00eddio1.jpg","datePublished":"2020-12-10T19:00:09+00:00","breadcrumb":{"@id":"https:\/\/marcelolopes.jor.br\/site\/2020\/12\/10\/aumento-dos-casos-de-covid-19-obriga-presidio-a-proibir-visitas\/#breadcrumb"},"inLanguage":"pt-BR","potentialAction":[{"@type":"ReadAction","target":["https:\/\/marcelolopes.jor.br\/site\/2020\/12\/10\/aumento-dos-casos-de-covid-19-obriga-presidio-a-proibir-visitas\/"]}]},{"@type":"ImageObject","inLanguage":"pt-BR","@id":"https:\/\/marcelolopes.jor.br\/site\/2020\/12\/10\/aumento-dos-casos-de-covid-19-obriga-presidio-a-proibir-visitas\/#primaryimage","url":"https:\/\/marcelolopes.jor.br\/site\/wp-content\/uploads\/2020\/09\/Pres\u00eddio1.jpg","contentUrl":"https:\/\/marcelolopes.jor.br\/site\/wp-content\/uploads\/2020\/09\/Pres\u00eddio1.jpg","width":800,"height":576},{"@type":"BreadcrumbList","@id":"https:\/\/marcelolopes.jor.br\/site\/2020\/12\/10\/aumento-dos-casos-de-covid-19-obriga-presidio-a-proibir-visitas\/#breadcrumb","itemListElement":[{"@type":"ListItem","position":1,"name":"Home","item":"https:\/\/marcelolopes.jor.br\/site\/"},{"@type":"ListItem","position":2,"name":"Aumento dos casos de Covid-19 obriga pres\u00eddio a proibir visitas"}]},{"@type":"WebSite","@id":"https:\/\/marcelolopes.jor.br\/site\/#website","url":"https:\/\/marcelolopes.jor.br\/site\/","name":"Marcelo Lopes","description":"Not\u00edcias de Cataguases e Regi\u00e3o","publisher":{"@id":"https:\/\/marcelolopes.jor.br\/site\/#organization"},"potentialAction":[{"@type":"SearchAction","target":{"@type":"EntryPoint","urlTemplate":"https:\/\/marcelolopes.jor.br\/site\/?s={search_term_string}"},"query-input":{"@type":"PropertyValueSpecification","valueRequired":true,"valueName":"search_term_string"}}],"inLanguage":"pt-BR"},{"@type":"Organization","@id":"https:\/\/marcelolopes.jor.br\/site\/#organization","name":"Site do Marcelo Lopes","url":"https:\/\/marcelolopes.jor.br\/site\/","logo":{"@type":"ImageObject","inLanguage":"pt-BR","@id":"https:\/\/marcelolopes.jor.br\/site\/#\/schema\/logo\/image\/","url":"https:\/\/marcelolopes.jor.br\/site\/wp-content\/uploads\/2024\/11\/logo-1.png","contentUrl":"https:\/\/marcelolopes.jor.br\/site\/wp-content\/uploads\/2024\/11\/logo-1.png","width":475,"height":80,"caption":"Site do Marcelo Lopes"},"image":{"@id":"https:\/\/marcelolopes.jor.br\/site\/#\/schema\/logo\/image\/"},"sameAs":["https:\/\/www.facebook.com\/sitedomarcelolopes","https:\/\/www.instagram.com\/sitedomarcelolopes\/","https:\/\/www.linkedin.com\/company\/site-do-marcelo-lopes\/","https:\/\/www.youtube.com\/user\/marcelolopes957"]},{"@type":"Person","@id":"https:\/\/marcelolopes.jor.br\/site\/#\/schema\/person\/3e7216a35c34d8fdf952b31da3d1f89f","name":"Marcelo Lopes","sameAs":["http:\/\/www.marcelolopes.jor.br"],"url":"https:\/\/marcelolopes.jor.br\/site\/author\/marcelo\/"}]}},"wps_subtitle":"Outras medidas sanit\u00e1rias tamb\u00e9m voltam a ser adotadas naquele recinto.","_links":{"self":[{"href":"https:\/\/marcelolopes.jor.br\/site\/wp-json\/wp\/v2\/posts\/19770","targetHints":{"allow":["GET"]}}],"collection":[{"href":"https:\/\/marcelolopes.jor.br\/site\/wp-json\/wp\/v2\/posts"}],"about":[{"href":"https:\/\/marcelolopes.jor.br\/site\/wp-json\/wp\/v2\/types\/post"}],"author":[{"embeddable":true,"href":"https:\/\/marcelolopes.jor.br\/site\/wp-json\/wp\/v2\/users\/2"}],"replies":[{"embeddable":true,"href":"https:\/\/marcelolopes.jor.br\/site\/wp-json\/wp\/v2\/comments?post=19770"}],"version-history":[{"count":0,"href":"https:\/\/marcelolopes.jor.br\/site\/wp-json\/wp\/v2\/posts\/19770\/revisions"}],"wp:featuredmedia":[{"embeddable":true,"href":"https:\/\/marcelolopes.jor.br\/site\/wp-json\/wp\/v2\/media\/17632"}],"wp:attachment":[{"href":"https:\/\/marcelolopes.jor.br\/site\/wp-json\/wp\/v2\/media?parent=19770"}],"wp:term":[{"taxonomy":"category","embeddable":true,"href":"https:\/\/marcelolopes.jor.br\/site\/wp-json\/wp\/v2\/categories?post=19770"},{"taxonomy":"post_tag","embeddable":true,"href":"https:\/\/marcelolopes.jor.br\/site\/wp-json\/wp\/v2\/tags?post=19770"}],"curies":[{"name":"wp","href":"https:\/\/api.w.org\/{rel}","templated":true}]}}