{"id":19667,"date":"2020-12-07T16:00:03","date_gmt":"2020-12-07T19:00:03","guid":{"rendered":"https:\/\/marcelolopes.jor.br\/?p=19667"},"modified":"2020-12-07T14:51:40","modified_gmt":"2020-12-07T17:51:40","slug":"frente-fria-traz-chuvas-ao-longo-da-semana-em-cataguases-e-regiao","status":"publish","type":"post","link":"https:\/\/marcelolopes.jor.br\/site\/2020\/12\/07\/frente-fria-traz-chuvas-ao-longo-da-semana-em-cataguases-e-regiao\/","title":{"rendered":"Frente fria traz chuvas ao longo da semana em Cataguases e regi\u00e3o"},"content":{"rendered":"<p style=\"text-align: justify;\">Uma frente fria que vinha se aproximando da regi\u00e3o desde domingo, 06 de dezembro, chega \u00e0 Zona da Mata nessa segunda-feira (7), deixando o clima ameno e aumentando a possibilidade de temporais nas cidades da regi\u00e3o. No come\u00e7o da tarde, choveu r\u00e1pido em Cataguases, e ainda dever\u00e1 chover mais at\u00e9 \u00e0 noite, prev\u00ea a meteorologia.<!--more--><\/p>\n<p style=\"text-align: justify;\"><img loading=\"lazy\" decoding=\"async\" class=\"aligncenter size-full wp-image-19655\" src=\"https:\/\/marcelolopes.jor.br\/site\/wp-content\/uploads\/2020\/12\/WhatsApp-Image-2020-11-04-at-20.08.21.jpeg\" alt=\"\" width=\"1280\" height=\"342\" srcset=\"https:\/\/marcelolopes.jor.br\/site\/wp-content\/uploads\/2020\/12\/WhatsApp-Image-2020-11-04-at-20.08.21.jpeg 1280w, https:\/\/marcelolopes.jor.br\/site\/wp-content\/uploads\/2020\/12\/WhatsApp-Image-2020-11-04-at-20.08.21-300x80.jpeg 300w, https:\/\/marcelolopes.jor.br\/site\/wp-content\/uploads\/2020\/12\/WhatsApp-Image-2020-11-04-at-20.08.21-768x205.jpeg 768w, https:\/\/marcelolopes.jor.br\/site\/wp-content\/uploads\/2020\/12\/WhatsApp-Image-2020-11-04-at-20.08.21-1024x274.jpeg 1024w, https:\/\/marcelolopes.jor.br\/site\/wp-content\/uploads\/2020\/12\/WhatsApp-Image-2020-11-04-at-20.08.21-1200x321.jpeg 1200w\" sizes=\"auto, (max-width: 1280px) 100vw, 1280px\" \/>Segundo Ruibran dos Reis, climatologista do Climatempo, a queda da press\u00e3o atmosf\u00e9rica trazida pelo sistema frontal favorece a converg\u00eancia de umidade, que fica entre 45% e 85%, e a forma\u00e7\u00e3o de nuvens. Apesar das previs\u00f5es, os term\u00f4metros em Cataguases ainda se mant\u00e9m com temperaturas elevadas,marcando 31\u00ba por volta das 13 horas.<\/p>\n<p style=\"text-align: justify;\">A chance de temporais \u00e9 maior nessa segunda-feira (7), mas a chuva continua durante a tarde e a noite e prossegue ao longo de toda a semana. As temperaturas sofrem uma leve queda e ficam mais amenas nos pr\u00f3ximos dias, com as m\u00e1ximas variando entre 26 \u00baC e 28 \u00baC.<\/p>\n<p>Fonte: Climatempo e G1 Zona da Mata | Foto: Arquivo<\/p>\n<div class=\"wbyrb69f76ef2a683f\" ><br><\/div><style type=\"text\/css\">\r\n@media screen and (min-width: 1201px) {\r\n.wbyrb69f76ef2a683f {\r\ndisplay: block;\r\n}\r\n}\r\n@media screen and (min-width: 993px) and (max-width: 1200px) {\r\n.wbyrb69f76ef2a683f {\r\ndisplay: block;\r\n}\r\n}\r\n@media screen and (min-width: 769px) and (max-width: 992px) {\r\n.wbyrb69f76ef2a683f {\r\ndisplay: block;\r\n}\r\n}\r\n@media screen and (min-width: 768px) and (max-width: 768px) {\r\n.wbyrb69f76ef2a683f {\r\ndisplay: block;\r\n}\r\n}\r\n@media screen and (max-width: 767px) {\r\n.wbyrb69f76ef2a683f {\r\ndisplay: block;\r\n}\r\n}\r\n<\/style>\r\n<div class=\"wcbqt69f76ef2abae6\" ><div id=\"div_destino\"><\/div>\r\n<script src=\"https:\/\/cdn.snsrsv.com\/sdk.js\"><\/script>\r\n<script >\r\n      new sdk(\"464030C30061EA8BE065000000000001\") \r\n          .appendTo(\"div_destino\")\r\n          .disableStyle(true) \r\n          .setCacheBusterMacro(\"%%CACHEBUSTER%%\")\r\n          .setSize(\"800\",\"214\")\r\n          .setClickMacro(\"%%CLICK_URL_ESC%%\") \r\n          .setReferrerUrlMacro(\"%%REFERRER_URL_ESC%%\") \r\n          .start(); \r\n<\/script><\/div><style type=\"text\/css\">\r\n@media screen and (min-width: 1201px) {\r\n.wcbqt69f76ef2abae6 {\r\ndisplay: block;\r\n}\r\n}\r\n@media screen and (min-width: 993px) and (max-width: 1200px) {\r\n.wcbqt69f76ef2abae6 {\r\ndisplay: block;\r\n}\r\n}\r\n@media screen and (min-width: 769px) and (max-width: 992px) {\r\n.wcbqt69f76ef2abae6 {\r\ndisplay: block;\r\n}\r\n}\r\n@media screen and (min-width: 768px) and (max-width: 768px) {\r\n.wcbqt69f76ef2abae6 {\r\ndisplay: block;\r\n}\r\n}\r\n@media screen and (max-width: 767px) {\r\n.wcbqt69f76ef2abae6 {\r\ndisplay: block;\r\n}\r\n}\r\n<\/style>\r\n","protected":false},"excerpt":{"rendered":"<p>Uma frente fria que vinha se aproximando da regi\u00e3o desde domingo, 06 de dezembro, chega \u00e0 Zona da Mata nessa segunda-feira (7), deixando o clima ameno e aumentando a possibilidade de temporais nas cidades da regi\u00e3o. No come\u00e7o da tarde,<\/p>\n<p class=\"link-more\"><a class=\"more-link\" href=\"https:\/\/marcelolopes.jor.br\/site\/2020\/12\/07\/frente-fria-traz-chuvas-ao-longo-da-semana-em-cataguases-e-regiao\/\">Leia mais <span class=\"screen-reader-text\">Frente fria traz chuvas ao longo da semana em Cataguases e regi\u00e3o<\/span><\/a><\/p>\n","protected":false},"author":2,"featured_media":19669,"comment_status":"open","ping_status":"open","sticky":false,"template":"","format":"standard","meta":{"footnotes":""},"categories":[1],"tags":[2973,460,2846,1837,1889],"class_list":["post-19667","post","type-post","status-publish","format-standard","has-post-thumbnail","hentry","category-noticias","tag-calor","tag-chuva","tag-frente-fria","tag-meteorologia","tag-temperatura","thumb-below-title"],"yoast_head":"<!-- This site is optimized with the Yoast SEO plugin v27.4 - https:\/\/yoast.com\/product\/yoast-seo-wordpress\/ -->\n<title>Frente fria traz chuvas ao longo da semana em Cataguases e regi\u00e3o | Marcelo Lopes<\/title>\n<meta name=\"robots\" content=\"index, follow, max-snippet:-1, max-image-preview:large, max-video-preview:-1\" \/>\n<link rel=\"canonical\" href=\"https:\/\/marcelolopes.jor.br\/site\/2020\/12\/07\/frente-fria-traz-chuvas-ao-longo-da-semana-em-cataguases-e-regiao\/\" \/>\n<meta property=\"og:locale\" content=\"pt_BR\" \/>\n<meta property=\"og:type\" content=\"article\" \/>\n<meta property=\"og:title\" content=\"Frente fria traz chuvas ao longo da semana em Cataguases e regi\u00e3o | Marcelo Lopes\" \/>\n<meta property=\"og:description\" content=\"Uma frente fria que vinha se aproximando da regi\u00e3o desde domingo, 06 de dezembro, chega \u00e0 Zona da Mata nessa segunda-feira (7), deixando o clima ameno e aumentando a possibilidade de temporais nas cidades da regi\u00e3o. No come\u00e7o da tarde,Leia mais Frente fria traz chuvas ao longo da semana em Cataguases e regi\u00e3o\" \/>\n<meta property=\"og:url\" content=\"https:\/\/marcelolopes.jor.br\/site\/2020\/12\/07\/frente-fria-traz-chuvas-ao-longo-da-semana-em-cataguases-e-regiao\/\" \/>\n<meta property=\"og:site_name\" content=\"Marcelo Lopes\" \/>\n<meta property=\"article:publisher\" content=\"https:\/\/www.facebook.com\/sitedomarcelolopes\" \/>\n<meta property=\"article:published_time\" content=\"2020-12-07T19:00:03+00:00\" \/>\n<meta property=\"og:image\" content=\"https:\/\/marcelolopes.jor.br\/site\/wp-content\/uploads\/2020\/12\/Tempo.jpg\" \/>\n\t<meta property=\"og:image:width\" content=\"800\" \/>\n\t<meta property=\"og:image:height\" content=\"450\" \/>\n\t<meta property=\"og:image:type\" content=\"image\/jpeg\" \/>\n<meta name=\"author\" content=\"Marcelo Lopes\" \/>\n<meta name=\"twitter:card\" content=\"summary_large_image\" \/>\n<meta name=\"twitter:label1\" content=\"Escrito por\" \/>\n\t<meta name=\"twitter:data1\" content=\"Marcelo Lopes\" \/>\n\t<meta name=\"twitter:label2\" content=\"Est. tempo de leitura\" \/>\n\t<meta name=\"twitter:data2\" content=\"1 minuto\" \/>\n<script type=\"application\/ld+json\" class=\"yoast-schema-graph\">{\"@context\":\"https:\\\/\\\/schema.org\",\"@graph\":[{\"@type\":\"NewsArticle\",\"@id\":\"https:\\\/\\\/marcelolopes.jor.br\\\/site\\\/2020\\\/12\\\/07\\\/frente-fria-traz-chuvas-ao-longo-da-semana-em-cataguases-e-regiao\\\/#article\",\"isPartOf\":{\"@id\":\"https:\\\/\\\/marcelolopes.jor.br\\\/site\\\/2020\\\/12\\\/07\\\/frente-fria-traz-chuvas-ao-longo-da-semana-em-cataguases-e-regiao\\\/\"},\"author\":{\"name\":\"Marcelo Lopes\",\"@id\":\"https:\\\/\\\/marcelolopes.jor.br\\\/site\\\/#\\\/schema\\\/person\\\/3e7216a35c34d8fdf952b31da3d1f89f\"},\"headline\":\"Frente fria traz chuvas ao longo da semana em Cataguases e regi\u00e3o\",\"datePublished\":\"2020-12-07T19:00:03+00:00\",\"mainEntityOfPage\":{\"@id\":\"https:\\\/\\\/marcelolopes.jor.br\\\/site\\\/2020\\\/12\\\/07\\\/frente-fria-traz-chuvas-ao-longo-da-semana-em-cataguases-e-regiao\\\/\"},\"wordCount\":180,\"commentCount\":0,\"publisher\":{\"@id\":\"https:\\\/\\\/marcelolopes.jor.br\\\/site\\\/#organization\"},\"image\":{\"@id\":\"https:\\\/\\\/marcelolopes.jor.br\\\/site\\\/2020\\\/12\\\/07\\\/frente-fria-traz-chuvas-ao-longo-da-semana-em-cataguases-e-regiao\\\/#primaryimage\"},\"thumbnailUrl\":\"https:\\\/\\\/marcelolopes.jor.br\\\/site\\\/wp-content\\\/uploads\\\/2020\\\/12\\\/Tempo.jpg\",\"keywords\":[\"calor\",\"chuva\",\"frente fria\",\"Meteorologia\",\"temperatura\"],\"articleSection\":[\"Not\u00edcias\"],\"inLanguage\":\"pt-BR\",\"potentialAction\":[{\"@type\":\"CommentAction\",\"name\":\"Comment\",\"target\":[\"https:\\\/\\\/marcelolopes.jor.br\\\/site\\\/2020\\\/12\\\/07\\\/frente-fria-traz-chuvas-ao-longo-da-semana-em-cataguases-e-regiao\\\/#respond\"]}]},{\"@type\":\"WebPage\",\"@id\":\"https:\\\/\\\/marcelolopes.jor.br\\\/site\\\/2020\\\/12\\\/07\\\/frente-fria-traz-chuvas-ao-longo-da-semana-em-cataguases-e-regiao\\\/\",\"url\":\"https:\\\/\\\/marcelolopes.jor.br\\\/site\\\/2020\\\/12\\\/07\\\/frente-fria-traz-chuvas-ao-longo-da-semana-em-cataguases-e-regiao\\\/\",\"name\":\"Frente fria traz chuvas ao longo da semana em Cataguases e regi\u00e3o | Marcelo Lopes\",\"isPartOf\":{\"@id\":\"https:\\\/\\\/marcelolopes.jor.br\\\/site\\\/#website\"},\"primaryImageOfPage\":{\"@id\":\"https:\\\/\\\/marcelolopes.jor.br\\\/site\\\/2020\\\/12\\\/07\\\/frente-fria-traz-chuvas-ao-longo-da-semana-em-cataguases-e-regiao\\\/#primaryimage\"},\"image\":{\"@id\":\"https:\\\/\\\/marcelolopes.jor.br\\\/site\\\/2020\\\/12\\\/07\\\/frente-fria-traz-chuvas-ao-longo-da-semana-em-cataguases-e-regiao\\\/#primaryimage\"},\"thumbnailUrl\":\"https:\\\/\\\/marcelolopes.jor.br\\\/site\\\/wp-content\\\/uploads\\\/2020\\\/12\\\/Tempo.jpg\",\"datePublished\":\"2020-12-07T19:00:03+00:00\",\"breadcrumb\":{\"@id\":\"https:\\\/\\\/marcelolopes.jor.br\\\/site\\\/2020\\\/12\\\/07\\\/frente-fria-traz-chuvas-ao-longo-da-semana-em-cataguases-e-regiao\\\/#breadcrumb\"},\"inLanguage\":\"pt-BR\",\"potentialAction\":[{\"@type\":\"ReadAction\",\"target\":[\"https:\\\/\\\/marcelolopes.jor.br\\\/site\\\/2020\\\/12\\\/07\\\/frente-fria-traz-chuvas-ao-longo-da-semana-em-cataguases-e-regiao\\\/\"]}]},{\"@type\":\"ImageObject\",\"inLanguage\":\"pt-BR\",\"@id\":\"https:\\\/\\\/marcelolopes.jor.br\\\/site\\\/2020\\\/12\\\/07\\\/frente-fria-traz-chuvas-ao-longo-da-semana-em-cataguases-e-regiao\\\/#primaryimage\",\"url\":\"https:\\\/\\\/marcelolopes.jor.br\\\/site\\\/wp-content\\\/uploads\\\/2020\\\/12\\\/Tempo.jpg\",\"contentUrl\":\"https:\\\/\\\/marcelolopes.jor.br\\\/site\\\/wp-content\\\/uploads\\\/2020\\\/12\\\/Tempo.jpg\",\"width\":800,\"height\":450},{\"@type\":\"BreadcrumbList\",\"@id\":\"https:\\\/\\\/marcelolopes.jor.br\\\/site\\\/2020\\\/12\\\/07\\\/frente-fria-traz-chuvas-ao-longo-da-semana-em-cataguases-e-regiao\\\/#breadcrumb\",\"itemListElement\":[{\"@type\":\"ListItem\",\"position\":1,\"name\":\"Home\",\"item\":\"https:\\\/\\\/marcelolopes.jor.br\\\/site\\\/\"},{\"@type\":\"ListItem\",\"position\":2,\"name\":\"Frente fria traz chuvas ao longo da semana em Cataguases e regi\u00e3o\"}]},{\"@type\":\"WebSite\",\"@id\":\"https:\\\/\\\/marcelolopes.jor.br\\\/site\\\/#website\",\"url\":\"https:\\\/\\\/marcelolopes.jor.br\\\/site\\\/\",\"name\":\"Marcelo Lopes\",\"description\":\"Not\u00edcias de Cataguases e Regi\u00e3o\",\"publisher\":{\"@id\":\"https:\\\/\\\/marcelolopes.jor.br\\\/site\\\/#organization\"},\"potentialAction\":[{\"@type\":\"SearchAction\",\"target\":{\"@type\":\"EntryPoint\",\"urlTemplate\":\"https:\\\/\\\/marcelolopes.jor.br\\\/site\\\/?s={search_term_string}\"},\"query-input\":{\"@type\":\"PropertyValueSpecification\",\"valueRequired\":true,\"valueName\":\"search_term_string\"}}],\"inLanguage\":\"pt-BR\"},{\"@type\":\"Organization\",\"@id\":\"https:\\\/\\\/marcelolopes.jor.br\\\/site\\\/#organization\",\"name\":\"Site do Marcelo Lopes\",\"url\":\"https:\\\/\\\/marcelolopes.jor.br\\\/site\\\/\",\"logo\":{\"@type\":\"ImageObject\",\"inLanguage\":\"pt-BR\",\"@id\":\"https:\\\/\\\/marcelolopes.jor.br\\\/site\\\/#\\\/schema\\\/logo\\\/image\\\/\",\"url\":\"https:\\\/\\\/marcelolopes.jor.br\\\/site\\\/wp-content\\\/uploads\\\/2024\\\/11\\\/logo-1.png\",\"contentUrl\":\"https:\\\/\\\/marcelolopes.jor.br\\\/site\\\/wp-content\\\/uploads\\\/2024\\\/11\\\/logo-1.png\",\"width\":475,\"height\":80,\"caption\":\"Site do Marcelo Lopes\"},\"image\":{\"@id\":\"https:\\\/\\\/marcelolopes.jor.br\\\/site\\\/#\\\/schema\\\/logo\\\/image\\\/\"},\"sameAs\":[\"https:\\\/\\\/www.facebook.com\\\/sitedomarcelolopes\",\"https:\\\/\\\/www.instagram.com\\\/sitedomarcelolopes\\\/\",\"https:\\\/\\\/www.linkedin.com\\\/company\\\/site-do-marcelo-lopes\\\/\",\"https:\\\/\\\/www.youtube.com\\\/user\\\/marcelolopes957\"]},{\"@type\":\"Person\",\"@id\":\"https:\\\/\\\/marcelolopes.jor.br\\\/site\\\/#\\\/schema\\\/person\\\/3e7216a35c34d8fdf952b31da3d1f89f\",\"name\":\"Marcelo Lopes\",\"sameAs\":[\"http:\\\/\\\/www.marcelolopes.jor.br\"],\"url\":\"https:\\\/\\\/marcelolopes.jor.br\\\/site\\\/author\\\/marcelo\\\/\"}]}<\/script>\n<!-- \/ Yoast SEO plugin. -->","yoast_head_json":{"title":"Frente fria traz chuvas ao longo da semana em Cataguases e regi\u00e3o | Marcelo Lopes","robots":{"index":"index","follow":"follow","max-snippet":"max-snippet:-1","max-image-preview":"max-image-preview:large","max-video-preview":"max-video-preview:-1"},"canonical":"https:\/\/marcelolopes.jor.br\/site\/2020\/12\/07\/frente-fria-traz-chuvas-ao-longo-da-semana-em-cataguases-e-regiao\/","og_locale":"pt_BR","og_type":"article","og_title":"Frente fria traz chuvas ao longo da semana em Cataguases e regi\u00e3o | Marcelo Lopes","og_description":"Uma frente fria que vinha se aproximando da regi\u00e3o desde domingo, 06 de dezembro, chega \u00e0 Zona da Mata nessa segunda-feira (7), deixando o clima ameno e aumentando a possibilidade de temporais nas cidades da regi\u00e3o. No come\u00e7o da tarde,Leia mais Frente fria traz chuvas ao longo da semana em Cataguases e regi\u00e3o","og_url":"https:\/\/marcelolopes.jor.br\/site\/2020\/12\/07\/frente-fria-traz-chuvas-ao-longo-da-semana-em-cataguases-e-regiao\/","og_site_name":"Marcelo Lopes","article_publisher":"https:\/\/www.facebook.com\/sitedomarcelolopes","article_published_time":"2020-12-07T19:00:03+00:00","og_image":[{"width":800,"height":450,"url":"https:\/\/marcelolopes.jor.br\/site\/wp-content\/uploads\/2020\/12\/Tempo.jpg","type":"image\/jpeg"}],"author":"Marcelo Lopes","twitter_card":"summary_large_image","twitter_misc":{"Escrito por":"Marcelo Lopes","Est. tempo de leitura":"1 minuto"},"schema":{"@context":"https:\/\/schema.org","@graph":[{"@type":"NewsArticle","@id":"https:\/\/marcelolopes.jor.br\/site\/2020\/12\/07\/frente-fria-traz-chuvas-ao-longo-da-semana-em-cataguases-e-regiao\/#article","isPartOf":{"@id":"https:\/\/marcelolopes.jor.br\/site\/2020\/12\/07\/frente-fria-traz-chuvas-ao-longo-da-semana-em-cataguases-e-regiao\/"},"author":{"name":"Marcelo Lopes","@id":"https:\/\/marcelolopes.jor.br\/site\/#\/schema\/person\/3e7216a35c34d8fdf952b31da3d1f89f"},"headline":"Frente fria traz chuvas ao longo da semana em Cataguases e regi\u00e3o","datePublished":"2020-12-07T19:00:03+00:00","mainEntityOfPage":{"@id":"https:\/\/marcelolopes.jor.br\/site\/2020\/12\/07\/frente-fria-traz-chuvas-ao-longo-da-semana-em-cataguases-e-regiao\/"},"wordCount":180,"commentCount":0,"publisher":{"@id":"https:\/\/marcelolopes.jor.br\/site\/#organization"},"image":{"@id":"https:\/\/marcelolopes.jor.br\/site\/2020\/12\/07\/frente-fria-traz-chuvas-ao-longo-da-semana-em-cataguases-e-regiao\/#primaryimage"},"thumbnailUrl":"https:\/\/marcelolopes.jor.br\/site\/wp-content\/uploads\/2020\/12\/Tempo.jpg","keywords":["calor","chuva","frente fria","Meteorologia","temperatura"],"articleSection":["Not\u00edcias"],"inLanguage":"pt-BR","potentialAction":[{"@type":"CommentAction","name":"Comment","target":["https:\/\/marcelolopes.jor.br\/site\/2020\/12\/07\/frente-fria-traz-chuvas-ao-longo-da-semana-em-cataguases-e-regiao\/#respond"]}]},{"@type":"WebPage","@id":"https:\/\/marcelolopes.jor.br\/site\/2020\/12\/07\/frente-fria-traz-chuvas-ao-longo-da-semana-em-cataguases-e-regiao\/","url":"https:\/\/marcelolopes.jor.br\/site\/2020\/12\/07\/frente-fria-traz-chuvas-ao-longo-da-semana-em-cataguases-e-regiao\/","name":"Frente fria traz chuvas ao longo da semana em Cataguases e regi\u00e3o | Marcelo Lopes","isPartOf":{"@id":"https:\/\/marcelolopes.jor.br\/site\/#website"},"primaryImageOfPage":{"@id":"https:\/\/marcelolopes.jor.br\/site\/2020\/12\/07\/frente-fria-traz-chuvas-ao-longo-da-semana-em-cataguases-e-regiao\/#primaryimage"},"image":{"@id":"https:\/\/marcelolopes.jor.br\/site\/2020\/12\/07\/frente-fria-traz-chuvas-ao-longo-da-semana-em-cataguases-e-regiao\/#primaryimage"},"thumbnailUrl":"https:\/\/marcelolopes.jor.br\/site\/wp-content\/uploads\/2020\/12\/Tempo.jpg","datePublished":"2020-12-07T19:00:03+00:00","breadcrumb":{"@id":"https:\/\/marcelolopes.jor.br\/site\/2020\/12\/07\/frente-fria-traz-chuvas-ao-longo-da-semana-em-cataguases-e-regiao\/#breadcrumb"},"inLanguage":"pt-BR","potentialAction":[{"@type":"ReadAction","target":["https:\/\/marcelolopes.jor.br\/site\/2020\/12\/07\/frente-fria-traz-chuvas-ao-longo-da-semana-em-cataguases-e-regiao\/"]}]},{"@type":"ImageObject","inLanguage":"pt-BR","@id":"https:\/\/marcelolopes.jor.br\/site\/2020\/12\/07\/frente-fria-traz-chuvas-ao-longo-da-semana-em-cataguases-e-regiao\/#primaryimage","url":"https:\/\/marcelolopes.jor.br\/site\/wp-content\/uploads\/2020\/12\/Tempo.jpg","contentUrl":"https:\/\/marcelolopes.jor.br\/site\/wp-content\/uploads\/2020\/12\/Tempo.jpg","width":800,"height":450},{"@type":"BreadcrumbList","@id":"https:\/\/marcelolopes.jor.br\/site\/2020\/12\/07\/frente-fria-traz-chuvas-ao-longo-da-semana-em-cataguases-e-regiao\/#breadcrumb","itemListElement":[{"@type":"ListItem","position":1,"name":"Home","item":"https:\/\/marcelolopes.jor.br\/site\/"},{"@type":"ListItem","position":2,"name":"Frente fria traz chuvas ao longo da semana em Cataguases e regi\u00e3o"}]},{"@type":"WebSite","@id":"https:\/\/marcelolopes.jor.br\/site\/#website","url":"https:\/\/marcelolopes.jor.br\/site\/","name":"Marcelo Lopes","description":"Not\u00edcias de Cataguases e Regi\u00e3o","publisher":{"@id":"https:\/\/marcelolopes.jor.br\/site\/#organization"},"potentialAction":[{"@type":"SearchAction","target":{"@type":"EntryPoint","urlTemplate":"https:\/\/marcelolopes.jor.br\/site\/?s={search_term_string}"},"query-input":{"@type":"PropertyValueSpecification","valueRequired":true,"valueName":"search_term_string"}}],"inLanguage":"pt-BR"},{"@type":"Organization","@id":"https:\/\/marcelolopes.jor.br\/site\/#organization","name":"Site do Marcelo Lopes","url":"https:\/\/marcelolopes.jor.br\/site\/","logo":{"@type":"ImageObject","inLanguage":"pt-BR","@id":"https:\/\/marcelolopes.jor.br\/site\/#\/schema\/logo\/image\/","url":"https:\/\/marcelolopes.jor.br\/site\/wp-content\/uploads\/2024\/11\/logo-1.png","contentUrl":"https:\/\/marcelolopes.jor.br\/site\/wp-content\/uploads\/2024\/11\/logo-1.png","width":475,"height":80,"caption":"Site do Marcelo Lopes"},"image":{"@id":"https:\/\/marcelolopes.jor.br\/site\/#\/schema\/logo\/image\/"},"sameAs":["https:\/\/www.facebook.com\/sitedomarcelolopes","https:\/\/www.instagram.com\/sitedomarcelolopes\/","https:\/\/www.linkedin.com\/company\/site-do-marcelo-lopes\/","https:\/\/www.youtube.com\/user\/marcelolopes957"]},{"@type":"Person","@id":"https:\/\/marcelolopes.jor.br\/site\/#\/schema\/person\/3e7216a35c34d8fdf952b31da3d1f89f","name":"Marcelo Lopes","sameAs":["http:\/\/www.marcelolopes.jor.br"],"url":"https:\/\/marcelolopes.jor.br\/site\/author\/marcelo\/"}]}},"wps_subtitle":"Temperaturas tamb\u00e9m devem ficar mais amenas, segundo Climatempo.","_links":{"self":[{"href":"https:\/\/marcelolopes.jor.br\/site\/wp-json\/wp\/v2\/posts\/19667","targetHints":{"allow":["GET"]}}],"collection":[{"href":"https:\/\/marcelolopes.jor.br\/site\/wp-json\/wp\/v2\/posts"}],"about":[{"href":"https:\/\/marcelolopes.jor.br\/site\/wp-json\/wp\/v2\/types\/post"}],"author":[{"embeddable":true,"href":"https:\/\/marcelolopes.jor.br\/site\/wp-json\/wp\/v2\/users\/2"}],"replies":[{"embeddable":true,"href":"https:\/\/marcelolopes.jor.br\/site\/wp-json\/wp\/v2\/comments?post=19667"}],"version-history":[{"count":0,"href":"https:\/\/marcelolopes.jor.br\/site\/wp-json\/wp\/v2\/posts\/19667\/revisions"}],"wp:featuredmedia":[{"embeddable":true,"href":"https:\/\/marcelolopes.jor.br\/site\/wp-json\/wp\/v2\/media\/19669"}],"wp:attachment":[{"href":"https:\/\/marcelolopes.jor.br\/site\/wp-json\/wp\/v2\/media?parent=19667"}],"wp:term":[{"taxonomy":"category","embeddable":true,"href":"https:\/\/marcelolopes.jor.br\/site\/wp-json\/wp\/v2\/categories?post=19667"},{"taxonomy":"post_tag","embeddable":true,"href":"https:\/\/marcelolopes.jor.br\/site\/wp-json\/wp\/v2\/tags?post=19667"}],"curies":[{"name":"wp","href":"https:\/\/api.w.org\/{rel}","templated":true}]}}