{"id":19546,"date":"2020-12-04T07:00:44","date_gmt":"2020-12-04T10:00:44","guid":{"rendered":"https:\/\/marcelolopes.jor.br\/?p=19546"},"modified":"2020-12-04T10:18:12","modified_gmt":"2020-12-04T13:18:12","slug":"minas-tem-novos-prazos-para-renovar-cnh-com-vencimento-em-2020","status":"publish","type":"post","link":"https:\/\/marcelolopes.jor.br\/site\/2020\/12\/04\/minas-tem-novos-prazos-para-renovar-cnh-com-vencimento-em-2020\/","title":{"rendered":"Minas tem novos prazos para renovar CNH com vencimento em 2020"},"content":{"rendered":"<p style=\"text-align: justify;\">A pandemia do Coronav\u00edrus mudou v\u00e1rios setores e servi\u00e7os nos \u00faltimos nove meses, e alguns problemas n\u00e3o resolvidos no decorrer do ano come\u00e7am a ser solucionados. Em Minas Gerais, motoristas que est\u00e3o com a Carteira Nacional de Habilita\u00e7\u00e3o (CNH) vencidas em 2020 ter\u00e3o mais um ano de validade do documento. Na manh\u00e3 desta quinta-feira, 03 de dezembro, o Detran realizou uma coletiva em Belo Horizonte para detalhar o restabelecimento dos prazos.<!--more--><\/p>\n<p style=\"text-align: justify;\"><img loading=\"lazy\" decoding=\"async\" class=\"aligncenter size-full wp-image-19063\" src=\"https:\/\/marcelolopes.jor.br\/site\/wp-content\/uploads\/2020\/11\/Sudam\u00e9rica.jpeg\" alt=\"\" width=\"1280\" height=\"342\" srcset=\"https:\/\/marcelolopes.jor.br\/site\/wp-content\/uploads\/2020\/11\/Sudam\u00e9rica.jpeg 1280w, https:\/\/marcelolopes.jor.br\/site\/wp-content\/uploads\/2020\/11\/Sudam\u00e9rica-300x80.jpeg 300w, https:\/\/marcelolopes.jor.br\/site\/wp-content\/uploads\/2020\/11\/Sudam\u00e9rica-768x205.jpeg 768w, https:\/\/marcelolopes.jor.br\/site\/wp-content\/uploads\/2020\/11\/Sudam\u00e9rica-1024x274.jpeg 1024w, https:\/\/marcelolopes.jor.br\/site\/wp-content\/uploads\/2020\/11\/Sudam\u00e9rica-1200x321.jpeg 1200w\" sizes=\"auto, (max-width: 1280px) 100vw, 1280px\" \/>&#8220;Em mar\u00e7o, com o agravamento da pandemia, n\u00f3s tivemos a suspens\u00e3o de todos os prazos relacionados \u00e0 habilita\u00e7\u00e3o, a ve\u00edculos, a infra\u00e7\u00f5es. O Detran ficou um tempo adotando medidas sanit\u00e1rias e retornando, efetivamente, ao atendimento presencial a partir de junho. Por\u00e9m, esses prazos s\u00e3o a n\u00edvel nacional, estabelecidos pelo Contran, eles continuaram suspensos e retornaram agora em 1\u00ba de dezembro&#8221;, explicou o delegado Kleyverson Rezende, diretor do Detran-MG.<\/p>\n<p style=\"text-align: justify;\">A renova\u00e7\u00e3o poder\u00e1 ser feita em at\u00e9 12 meses \u2013 levando em conta a data do vencimento da mesma.<\/p>\n<p style=\"text-align: justify;\">Confira as datas divulgadas pelo Detran:<\/p>\n<p><img loading=\"lazy\" decoding=\"async\" class=\"aligncenter wp-image-19579\" src=\"https:\/\/marcelolopes.jor.br\/site\/wp-content\/uploads\/2020\/12\/Captura-de-Tela-2020-12-04-\u00e0s-10.17.01.png\" alt=\"\" width=\"600\" height=\"518\" srcset=\"https:\/\/marcelolopes.jor.br\/site\/wp-content\/uploads\/2020\/12\/Captura-de-Tela-2020-12-04-\u00e0s-10.17.01.png 579w, https:\/\/marcelolopes.jor.br\/site\/wp-content\/uploads\/2020\/12\/Captura-de-Tela-2020-12-04-\u00e0s-10.17.01-300x259.png 300w\" sizes=\"auto, (max-width: 600px) 100vw, 600px\" \/><\/p>\n<p>Fonte e fotos: Jornal O Tempo<\/p>\n<div class=\"yotax69f78465e6b8e\" ><br><\/div><style type=\"text\/css\">\r\n@media screen and (min-width: 1201px) {\r\n.yotax69f78465e6b8e {\r\ndisplay: block;\r\n}\r\n}\r\n@media screen and (min-width: 993px) and (max-width: 1200px) {\r\n.yotax69f78465e6b8e {\r\ndisplay: block;\r\n}\r\n}\r\n@media screen and (min-width: 769px) and (max-width: 992px) {\r\n.yotax69f78465e6b8e {\r\ndisplay: block;\r\n}\r\n}\r\n@media screen and (min-width: 768px) and (max-width: 768px) {\r\n.yotax69f78465e6b8e {\r\ndisplay: block;\r\n}\r\n}\r\n@media screen and (max-width: 767px) {\r\n.yotax69f78465e6b8e {\r\ndisplay: block;\r\n}\r\n}\r\n<\/style>\r\n<div class=\"vwzvu69f78465ec03c\" ><div id=\"div_destino\"><\/div>\r\n<script src=\"https:\/\/cdn.snsrsv.com\/sdk.js\"><\/script>\r\n<script >\r\n      new sdk(\"464030C30061EA8BE065000000000001\") \r\n          .appendTo(\"div_destino\")\r\n          .disableStyle(true) \r\n          .setCacheBusterMacro(\"%%CACHEBUSTER%%\")\r\n          .setSize(\"800\",\"214\")\r\n          .setClickMacro(\"%%CLICK_URL_ESC%%\") \r\n          .setReferrerUrlMacro(\"%%REFERRER_URL_ESC%%\") \r\n          .start(); \r\n<\/script><\/div><style type=\"text\/css\">\r\n@media screen and (min-width: 1201px) {\r\n.vwzvu69f78465ec03c {\r\ndisplay: block;\r\n}\r\n}\r\n@media screen and (min-width: 993px) and (max-width: 1200px) {\r\n.vwzvu69f78465ec03c {\r\ndisplay: block;\r\n}\r\n}\r\n@media screen and (min-width: 769px) and (max-width: 992px) {\r\n.vwzvu69f78465ec03c {\r\ndisplay: block;\r\n}\r\n}\r\n@media screen and (min-width: 768px) and (max-width: 768px) {\r\n.vwzvu69f78465ec03c {\r\ndisplay: block;\r\n}\r\n}\r\n@media screen and (max-width: 767px) {\r\n.vwzvu69f78465ec03c {\r\ndisplay: block;\r\n}\r\n}\r\n<\/style>\r\n","protected":false},"excerpt":{"rendered":"<p>A pandemia do Coronav\u00edrus mudou v\u00e1rios setores e servi\u00e7os nos \u00faltimos nove meses, e alguns problemas n\u00e3o resolvidos no decorrer do ano come\u00e7am a ser solucionados. Em Minas Gerais, motoristas que est\u00e3o com a Carteira Nacional de Habilita\u00e7\u00e3o (CNH) vencidas<\/p>\n<p class=\"link-more\"><a class=\"more-link\" href=\"https:\/\/marcelolopes.jor.br\/site\/2020\/12\/04\/minas-tem-novos-prazos-para-renovar-cnh-com-vencimento-em-2020\/\">Leia mais <span class=\"screen-reader-text\">Minas tem novos prazos para renovar CNH com vencimento em 2020<\/span><\/a><\/p>\n","protected":false},"author":2,"featured_media":19548,"comment_status":"open","ping_status":"open","sticky":false,"template":"","format":"standard","meta":{"footnotes":""},"categories":[1],"tags":[1243,995,1244,3328],"class_list":["post-19546","post","type-post","status-publish","format-standard","has-post-thumbnail","hentry","category-noticias","tag-carteira-de-habilitacao","tag-carteira-de-motorista","tag-cnh","tag-renovacao","thumb-below-title"],"yoast_head":"<!-- This site is optimized with the Yoast SEO plugin v27.4 - https:\/\/yoast.com\/product\/yoast-seo-wordpress\/ -->\n<title>Minas tem novos prazos para renovar CNH com vencimento em 2020 | Marcelo Lopes<\/title>\n<meta name=\"robots\" content=\"index, follow, max-snippet:-1, max-image-preview:large, max-video-preview:-1\" \/>\n<link rel=\"canonical\" href=\"https:\/\/marcelolopes.jor.br\/site\/2020\/12\/04\/minas-tem-novos-prazos-para-renovar-cnh-com-vencimento-em-2020\/\" \/>\n<meta property=\"og:locale\" content=\"pt_BR\" \/>\n<meta property=\"og:type\" content=\"article\" \/>\n<meta property=\"og:title\" content=\"Minas tem novos prazos para renovar CNH com vencimento em 2020 | Marcelo Lopes\" \/>\n<meta property=\"og:description\" content=\"A pandemia do Coronav\u00edrus mudou v\u00e1rios setores e servi\u00e7os nos \u00faltimos nove meses, e alguns problemas n\u00e3o resolvidos no decorrer do ano come\u00e7am a ser solucionados. Em Minas Gerais, motoristas que est\u00e3o com a Carteira Nacional de Habilita\u00e7\u00e3o (CNH) vencidasLeia mais Minas tem novos prazos para renovar CNH com vencimento em 2020\" \/>\n<meta property=\"og:url\" content=\"https:\/\/marcelolopes.jor.br\/site\/2020\/12\/04\/minas-tem-novos-prazos-para-renovar-cnh-com-vencimento-em-2020\/\" \/>\n<meta property=\"og:site_name\" content=\"Marcelo Lopes\" \/>\n<meta property=\"article:publisher\" content=\"https:\/\/www.facebook.com\/sitedomarcelolopes\" \/>\n<meta property=\"article:published_time\" content=\"2020-12-04T10:00:44+00:00\" \/>\n<meta property=\"article:modified_time\" content=\"2020-12-04T13:18:12+00:00\" \/>\n<meta property=\"og:image\" content=\"https:\/\/marcelolopes.jor.br\/site\/wp-content\/uploads\/2020\/12\/image.jpg\" \/>\n\t<meta property=\"og:image:width\" content=\"930\" \/>\n\t<meta property=\"og:image:height\" content=\"620\" \/>\n\t<meta property=\"og:image:type\" content=\"image\/jpeg\" \/>\n<meta name=\"author\" content=\"Marcelo Lopes\" \/>\n<meta name=\"twitter:card\" content=\"summary_large_image\" \/>\n<meta name=\"twitter:label1\" content=\"Escrito por\" \/>\n\t<meta name=\"twitter:data1\" content=\"Marcelo Lopes\" \/>\n\t<meta name=\"twitter:label2\" content=\"Est. tempo de leitura\" \/>\n\t<meta name=\"twitter:data2\" content=\"1 minuto\" \/>\n<script type=\"application\/ld+json\" class=\"yoast-schema-graph\">{\"@context\":\"https:\\\/\\\/schema.org\",\"@graph\":[{\"@type\":\"NewsArticle\",\"@id\":\"https:\\\/\\\/marcelolopes.jor.br\\\/site\\\/2020\\\/12\\\/04\\\/minas-tem-novos-prazos-para-renovar-cnh-com-vencimento-em-2020\\\/#article\",\"isPartOf\":{\"@id\":\"https:\\\/\\\/marcelolopes.jor.br\\\/site\\\/2020\\\/12\\\/04\\\/minas-tem-novos-prazos-para-renovar-cnh-com-vencimento-em-2020\\\/\"},\"author\":{\"name\":\"Marcelo Lopes\",\"@id\":\"https:\\\/\\\/marcelolopes.jor.br\\\/site\\\/#\\\/schema\\\/person\\\/3e7216a35c34d8fdf952b31da3d1f89f\"},\"headline\":\"Minas tem novos prazos para renovar CNH com vencimento em 2020\",\"datePublished\":\"2020-12-04T10:00:44+00:00\",\"dateModified\":\"2020-12-04T13:18:12+00:00\",\"mainEntityOfPage\":{\"@id\":\"https:\\\/\\\/marcelolopes.jor.br\\\/site\\\/2020\\\/12\\\/04\\\/minas-tem-novos-prazos-para-renovar-cnh-com-vencimento-em-2020\\\/\"},\"wordCount\":193,\"commentCount\":0,\"publisher\":{\"@id\":\"https:\\\/\\\/marcelolopes.jor.br\\\/site\\\/#organization\"},\"image\":{\"@id\":\"https:\\\/\\\/marcelolopes.jor.br\\\/site\\\/2020\\\/12\\\/04\\\/minas-tem-novos-prazos-para-renovar-cnh-com-vencimento-em-2020\\\/#primaryimage\"},\"thumbnailUrl\":\"https:\\\/\\\/marcelolopes.jor.br\\\/site\\\/wp-content\\\/uploads\\\/2020\\\/12\\\/image.jpg\",\"keywords\":[\"Carteira de Habilita\u00e7\u00e3o\",\"carteira de motorista\",\"CNH\",\"renova\u00e7\u00e3o\"],\"articleSection\":[\"Not\u00edcias\"],\"inLanguage\":\"pt-BR\",\"potentialAction\":[{\"@type\":\"CommentAction\",\"name\":\"Comment\",\"target\":[\"https:\\\/\\\/marcelolopes.jor.br\\\/site\\\/2020\\\/12\\\/04\\\/minas-tem-novos-prazos-para-renovar-cnh-com-vencimento-em-2020\\\/#respond\"]}]},{\"@type\":\"WebPage\",\"@id\":\"https:\\\/\\\/marcelolopes.jor.br\\\/site\\\/2020\\\/12\\\/04\\\/minas-tem-novos-prazos-para-renovar-cnh-com-vencimento-em-2020\\\/\",\"url\":\"https:\\\/\\\/marcelolopes.jor.br\\\/site\\\/2020\\\/12\\\/04\\\/minas-tem-novos-prazos-para-renovar-cnh-com-vencimento-em-2020\\\/\",\"name\":\"Minas tem novos prazos para renovar CNH com vencimento em 2020 | Marcelo Lopes\",\"isPartOf\":{\"@id\":\"https:\\\/\\\/marcelolopes.jor.br\\\/site\\\/#website\"},\"primaryImageOfPage\":{\"@id\":\"https:\\\/\\\/marcelolopes.jor.br\\\/site\\\/2020\\\/12\\\/04\\\/minas-tem-novos-prazos-para-renovar-cnh-com-vencimento-em-2020\\\/#primaryimage\"},\"image\":{\"@id\":\"https:\\\/\\\/marcelolopes.jor.br\\\/site\\\/2020\\\/12\\\/04\\\/minas-tem-novos-prazos-para-renovar-cnh-com-vencimento-em-2020\\\/#primaryimage\"},\"thumbnailUrl\":\"https:\\\/\\\/marcelolopes.jor.br\\\/site\\\/wp-content\\\/uploads\\\/2020\\\/12\\\/image.jpg\",\"datePublished\":\"2020-12-04T10:00:44+00:00\",\"dateModified\":\"2020-12-04T13:18:12+00:00\",\"breadcrumb\":{\"@id\":\"https:\\\/\\\/marcelolopes.jor.br\\\/site\\\/2020\\\/12\\\/04\\\/minas-tem-novos-prazos-para-renovar-cnh-com-vencimento-em-2020\\\/#breadcrumb\"},\"inLanguage\":\"pt-BR\",\"potentialAction\":[{\"@type\":\"ReadAction\",\"target\":[\"https:\\\/\\\/marcelolopes.jor.br\\\/site\\\/2020\\\/12\\\/04\\\/minas-tem-novos-prazos-para-renovar-cnh-com-vencimento-em-2020\\\/\"]}]},{\"@type\":\"ImageObject\",\"inLanguage\":\"pt-BR\",\"@id\":\"https:\\\/\\\/marcelolopes.jor.br\\\/site\\\/2020\\\/12\\\/04\\\/minas-tem-novos-prazos-para-renovar-cnh-com-vencimento-em-2020\\\/#primaryimage\",\"url\":\"https:\\\/\\\/marcelolopes.jor.br\\\/site\\\/wp-content\\\/uploads\\\/2020\\\/12\\\/image.jpg\",\"contentUrl\":\"https:\\\/\\\/marcelolopes.jor.br\\\/site\\\/wp-content\\\/uploads\\\/2020\\\/12\\\/image.jpg\",\"width\":930,\"height\":620},{\"@type\":\"BreadcrumbList\",\"@id\":\"https:\\\/\\\/marcelolopes.jor.br\\\/site\\\/2020\\\/12\\\/04\\\/minas-tem-novos-prazos-para-renovar-cnh-com-vencimento-em-2020\\\/#breadcrumb\",\"itemListElement\":[{\"@type\":\"ListItem\",\"position\":1,\"name\":\"Home\",\"item\":\"https:\\\/\\\/marcelolopes.jor.br\\\/site\\\/\"},{\"@type\":\"ListItem\",\"position\":2,\"name\":\"Minas tem novos prazos para renovar CNH com vencimento em 2020\"}]},{\"@type\":\"WebSite\",\"@id\":\"https:\\\/\\\/marcelolopes.jor.br\\\/site\\\/#website\",\"url\":\"https:\\\/\\\/marcelolopes.jor.br\\\/site\\\/\",\"name\":\"Marcelo Lopes\",\"description\":\"Not\u00edcias de Cataguases e Regi\u00e3o\",\"publisher\":{\"@id\":\"https:\\\/\\\/marcelolopes.jor.br\\\/site\\\/#organization\"},\"potentialAction\":[{\"@type\":\"SearchAction\",\"target\":{\"@type\":\"EntryPoint\",\"urlTemplate\":\"https:\\\/\\\/marcelolopes.jor.br\\\/site\\\/?s={search_term_string}\"},\"query-input\":{\"@type\":\"PropertyValueSpecification\",\"valueRequired\":true,\"valueName\":\"search_term_string\"}}],\"inLanguage\":\"pt-BR\"},{\"@type\":\"Organization\",\"@id\":\"https:\\\/\\\/marcelolopes.jor.br\\\/site\\\/#organization\",\"name\":\"Site do Marcelo Lopes\",\"url\":\"https:\\\/\\\/marcelolopes.jor.br\\\/site\\\/\",\"logo\":{\"@type\":\"ImageObject\",\"inLanguage\":\"pt-BR\",\"@id\":\"https:\\\/\\\/marcelolopes.jor.br\\\/site\\\/#\\\/schema\\\/logo\\\/image\\\/\",\"url\":\"https:\\\/\\\/marcelolopes.jor.br\\\/site\\\/wp-content\\\/uploads\\\/2024\\\/11\\\/logo-1.png\",\"contentUrl\":\"https:\\\/\\\/marcelolopes.jor.br\\\/site\\\/wp-content\\\/uploads\\\/2024\\\/11\\\/logo-1.png\",\"width\":475,\"height\":80,\"caption\":\"Site do Marcelo Lopes\"},\"image\":{\"@id\":\"https:\\\/\\\/marcelolopes.jor.br\\\/site\\\/#\\\/schema\\\/logo\\\/image\\\/\"},\"sameAs\":[\"https:\\\/\\\/www.facebook.com\\\/sitedomarcelolopes\",\"https:\\\/\\\/www.instagram.com\\\/sitedomarcelolopes\\\/\",\"https:\\\/\\\/www.linkedin.com\\\/company\\\/site-do-marcelo-lopes\\\/\",\"https:\\\/\\\/www.youtube.com\\\/user\\\/marcelolopes957\"]},{\"@type\":\"Person\",\"@id\":\"https:\\\/\\\/marcelolopes.jor.br\\\/site\\\/#\\\/schema\\\/person\\\/3e7216a35c34d8fdf952b31da3d1f89f\",\"name\":\"Marcelo Lopes\",\"sameAs\":[\"http:\\\/\\\/www.marcelolopes.jor.br\"],\"url\":\"https:\\\/\\\/marcelolopes.jor.br\\\/site\\\/author\\\/marcelo\\\/\"}]}<\/script>\n<!-- \/ Yoast SEO plugin. -->","yoast_head_json":{"title":"Minas tem novos prazos para renovar CNH com vencimento em 2020 | Marcelo Lopes","robots":{"index":"index","follow":"follow","max-snippet":"max-snippet:-1","max-image-preview":"max-image-preview:large","max-video-preview":"max-video-preview:-1"},"canonical":"https:\/\/marcelolopes.jor.br\/site\/2020\/12\/04\/minas-tem-novos-prazos-para-renovar-cnh-com-vencimento-em-2020\/","og_locale":"pt_BR","og_type":"article","og_title":"Minas tem novos prazos para renovar CNH com vencimento em 2020 | Marcelo Lopes","og_description":"A pandemia do Coronav\u00edrus mudou v\u00e1rios setores e servi\u00e7os nos \u00faltimos nove meses, e alguns problemas n\u00e3o resolvidos no decorrer do ano come\u00e7am a ser solucionados. Em Minas Gerais, motoristas que est\u00e3o com a Carteira Nacional de Habilita\u00e7\u00e3o (CNH) vencidasLeia mais Minas tem novos prazos para renovar CNH com vencimento em 2020","og_url":"https:\/\/marcelolopes.jor.br\/site\/2020\/12\/04\/minas-tem-novos-prazos-para-renovar-cnh-com-vencimento-em-2020\/","og_site_name":"Marcelo Lopes","article_publisher":"https:\/\/www.facebook.com\/sitedomarcelolopes","article_published_time":"2020-12-04T10:00:44+00:00","article_modified_time":"2020-12-04T13:18:12+00:00","og_image":[{"width":930,"height":620,"url":"https:\/\/marcelolopes.jor.br\/site\/wp-content\/uploads\/2020\/12\/image.jpg","type":"image\/jpeg"}],"author":"Marcelo Lopes","twitter_card":"summary_large_image","twitter_misc":{"Escrito por":"Marcelo Lopes","Est. tempo de leitura":"1 minuto"},"schema":{"@context":"https:\/\/schema.org","@graph":[{"@type":"NewsArticle","@id":"https:\/\/marcelolopes.jor.br\/site\/2020\/12\/04\/minas-tem-novos-prazos-para-renovar-cnh-com-vencimento-em-2020\/#article","isPartOf":{"@id":"https:\/\/marcelolopes.jor.br\/site\/2020\/12\/04\/minas-tem-novos-prazos-para-renovar-cnh-com-vencimento-em-2020\/"},"author":{"name":"Marcelo Lopes","@id":"https:\/\/marcelolopes.jor.br\/site\/#\/schema\/person\/3e7216a35c34d8fdf952b31da3d1f89f"},"headline":"Minas tem novos prazos para renovar CNH com vencimento em 2020","datePublished":"2020-12-04T10:00:44+00:00","dateModified":"2020-12-04T13:18:12+00:00","mainEntityOfPage":{"@id":"https:\/\/marcelolopes.jor.br\/site\/2020\/12\/04\/minas-tem-novos-prazos-para-renovar-cnh-com-vencimento-em-2020\/"},"wordCount":193,"commentCount":0,"publisher":{"@id":"https:\/\/marcelolopes.jor.br\/site\/#organization"},"image":{"@id":"https:\/\/marcelolopes.jor.br\/site\/2020\/12\/04\/minas-tem-novos-prazos-para-renovar-cnh-com-vencimento-em-2020\/#primaryimage"},"thumbnailUrl":"https:\/\/marcelolopes.jor.br\/site\/wp-content\/uploads\/2020\/12\/image.jpg","keywords":["Carteira de Habilita\u00e7\u00e3o","carteira de motorista","CNH","renova\u00e7\u00e3o"],"articleSection":["Not\u00edcias"],"inLanguage":"pt-BR","potentialAction":[{"@type":"CommentAction","name":"Comment","target":["https:\/\/marcelolopes.jor.br\/site\/2020\/12\/04\/minas-tem-novos-prazos-para-renovar-cnh-com-vencimento-em-2020\/#respond"]}]},{"@type":"WebPage","@id":"https:\/\/marcelolopes.jor.br\/site\/2020\/12\/04\/minas-tem-novos-prazos-para-renovar-cnh-com-vencimento-em-2020\/","url":"https:\/\/marcelolopes.jor.br\/site\/2020\/12\/04\/minas-tem-novos-prazos-para-renovar-cnh-com-vencimento-em-2020\/","name":"Minas tem novos prazos para renovar CNH com vencimento em 2020 | Marcelo Lopes","isPartOf":{"@id":"https:\/\/marcelolopes.jor.br\/site\/#website"},"primaryImageOfPage":{"@id":"https:\/\/marcelolopes.jor.br\/site\/2020\/12\/04\/minas-tem-novos-prazos-para-renovar-cnh-com-vencimento-em-2020\/#primaryimage"},"image":{"@id":"https:\/\/marcelolopes.jor.br\/site\/2020\/12\/04\/minas-tem-novos-prazos-para-renovar-cnh-com-vencimento-em-2020\/#primaryimage"},"thumbnailUrl":"https:\/\/marcelolopes.jor.br\/site\/wp-content\/uploads\/2020\/12\/image.jpg","datePublished":"2020-12-04T10:00:44+00:00","dateModified":"2020-12-04T13:18:12+00:00","breadcrumb":{"@id":"https:\/\/marcelolopes.jor.br\/site\/2020\/12\/04\/minas-tem-novos-prazos-para-renovar-cnh-com-vencimento-em-2020\/#breadcrumb"},"inLanguage":"pt-BR","potentialAction":[{"@type":"ReadAction","target":["https:\/\/marcelolopes.jor.br\/site\/2020\/12\/04\/minas-tem-novos-prazos-para-renovar-cnh-com-vencimento-em-2020\/"]}]},{"@type":"ImageObject","inLanguage":"pt-BR","@id":"https:\/\/marcelolopes.jor.br\/site\/2020\/12\/04\/minas-tem-novos-prazos-para-renovar-cnh-com-vencimento-em-2020\/#primaryimage","url":"https:\/\/marcelolopes.jor.br\/site\/wp-content\/uploads\/2020\/12\/image.jpg","contentUrl":"https:\/\/marcelolopes.jor.br\/site\/wp-content\/uploads\/2020\/12\/image.jpg","width":930,"height":620},{"@type":"BreadcrumbList","@id":"https:\/\/marcelolopes.jor.br\/site\/2020\/12\/04\/minas-tem-novos-prazos-para-renovar-cnh-com-vencimento-em-2020\/#breadcrumb","itemListElement":[{"@type":"ListItem","position":1,"name":"Home","item":"https:\/\/marcelolopes.jor.br\/site\/"},{"@type":"ListItem","position":2,"name":"Minas tem novos prazos para renovar CNH com vencimento em 2020"}]},{"@type":"WebSite","@id":"https:\/\/marcelolopes.jor.br\/site\/#website","url":"https:\/\/marcelolopes.jor.br\/site\/","name":"Marcelo Lopes","description":"Not\u00edcias de Cataguases e Regi\u00e3o","publisher":{"@id":"https:\/\/marcelolopes.jor.br\/site\/#organization"},"potentialAction":[{"@type":"SearchAction","target":{"@type":"EntryPoint","urlTemplate":"https:\/\/marcelolopes.jor.br\/site\/?s={search_term_string}"},"query-input":{"@type":"PropertyValueSpecification","valueRequired":true,"valueName":"search_term_string"}}],"inLanguage":"pt-BR"},{"@type":"Organization","@id":"https:\/\/marcelolopes.jor.br\/site\/#organization","name":"Site do Marcelo Lopes","url":"https:\/\/marcelolopes.jor.br\/site\/","logo":{"@type":"ImageObject","inLanguage":"pt-BR","@id":"https:\/\/marcelolopes.jor.br\/site\/#\/schema\/logo\/image\/","url":"https:\/\/marcelolopes.jor.br\/site\/wp-content\/uploads\/2024\/11\/logo-1.png","contentUrl":"https:\/\/marcelolopes.jor.br\/site\/wp-content\/uploads\/2024\/11\/logo-1.png","width":475,"height":80,"caption":"Site do Marcelo Lopes"},"image":{"@id":"https:\/\/marcelolopes.jor.br\/site\/#\/schema\/logo\/image\/"},"sameAs":["https:\/\/www.facebook.com\/sitedomarcelolopes","https:\/\/www.instagram.com\/sitedomarcelolopes\/","https:\/\/www.linkedin.com\/company\/site-do-marcelo-lopes\/","https:\/\/www.youtube.com\/user\/marcelolopes957"]},{"@type":"Person","@id":"https:\/\/marcelolopes.jor.br\/site\/#\/schema\/person\/3e7216a35c34d8fdf952b31da3d1f89f","name":"Marcelo Lopes","sameAs":["http:\/\/www.marcelolopes.jor.br"],"url":"https:\/\/marcelolopes.jor.br\/site\/author\/marcelo\/"}]}},"wps_subtitle":"Validade da carteira de habilita\u00e7\u00e3o que vence em 2020 foi prorrogada.","_links":{"self":[{"href":"https:\/\/marcelolopes.jor.br\/site\/wp-json\/wp\/v2\/posts\/19546","targetHints":{"allow":["GET"]}}],"collection":[{"href":"https:\/\/marcelolopes.jor.br\/site\/wp-json\/wp\/v2\/posts"}],"about":[{"href":"https:\/\/marcelolopes.jor.br\/site\/wp-json\/wp\/v2\/types\/post"}],"author":[{"embeddable":true,"href":"https:\/\/marcelolopes.jor.br\/site\/wp-json\/wp\/v2\/users\/2"}],"replies":[{"embeddable":true,"href":"https:\/\/marcelolopes.jor.br\/site\/wp-json\/wp\/v2\/comments?post=19546"}],"version-history":[{"count":0,"href":"https:\/\/marcelolopes.jor.br\/site\/wp-json\/wp\/v2\/posts\/19546\/revisions"}],"wp:featuredmedia":[{"embeddable":true,"href":"https:\/\/marcelolopes.jor.br\/site\/wp-json\/wp\/v2\/media\/19548"}],"wp:attachment":[{"href":"https:\/\/marcelolopes.jor.br\/site\/wp-json\/wp\/v2\/media?parent=19546"}],"wp:term":[{"taxonomy":"category","embeddable":true,"href":"https:\/\/marcelolopes.jor.br\/site\/wp-json\/wp\/v2\/categories?post=19546"},{"taxonomy":"post_tag","embeddable":true,"href":"https:\/\/marcelolopes.jor.br\/site\/wp-json\/wp\/v2\/tags?post=19546"}],"curies":[{"name":"wp","href":"https:\/\/api.w.org\/{rel}","templated":true}]}}