{"id":19253,"date":"2020-11-23T07:00:54","date_gmt":"2020-11-23T10:00:54","guid":{"rendered":"https:\/\/marcelolopes.jor.br\/?p=19253"},"modified":"2023-05-11T14:50:31","modified_gmt":"2023-05-11T17:50:31","slug":"melhorias-na-escola-de-enfermagem-joana-darc-e-tema-de-audiencia-publica","status":"publish","type":"post","link":"https:\/\/marcelolopes.jor.br\/site\/2020\/11\/23\/melhorias-na-escola-de-enfermagem-joana-darc-e-tema-de-audiencia-publica\/","title":{"rendered":"Melhorias na Escola de Enfermagem Joana D`arc \u00e9 tema de Audi\u00eancia P\u00fablica"},"content":{"rendered":"<p style=\"text-align: justify;\">A Escola T\u00e9cnica Municipal de Enfermagem Joana D`Arc, que funciona em Cataguases, ser\u00e1 tema de Audi\u00eancia P\u00fablica que ser\u00e1 realizada no pr\u00f3ximo dia 02 de dezembro. A iniciativa \u00e9 da vereadora Maria \u00c2ngela Girardi, que vai presidir a reuni\u00e3o, a partir das 9 horas na <a href=\"http:\/\/www.cmcataguases.com.br\"><strong><span style=\"color: #800000;\">C\u00e2mara Municipal de Cataguases<\/span><\/strong><\/a>. Os interessados que quiserem se manifestar no evento, dever\u00e3o se inscrever durante a Audi\u00eancia, conforme regulamento divulgado pelo Legislativo Municipal.<!--more--><\/p>\n<p style=\"text-align: justify;\"><img loading=\"lazy\" decoding=\"async\" class=\"aligncenter size-full wp-image-19063\" src=\"https:\/\/marcelolopes.jor.br\/site\/wp-content\/uploads\/2020\/11\/Sudam\u00e9rica.jpeg\" alt=\"\" width=\"1280\" height=\"342\" srcset=\"https:\/\/marcelolopes.jor.br\/site\/wp-content\/uploads\/2020\/11\/Sudam\u00e9rica.jpeg 1280w, https:\/\/marcelolopes.jor.br\/site\/wp-content\/uploads\/2020\/11\/Sudam\u00e9rica-300x80.jpeg 300w, https:\/\/marcelolopes.jor.br\/site\/wp-content\/uploads\/2020\/11\/Sudam\u00e9rica-768x205.jpeg 768w, https:\/\/marcelolopes.jor.br\/site\/wp-content\/uploads\/2020\/11\/Sudam\u00e9rica-1024x274.jpeg 1024w, https:\/\/marcelolopes.jor.br\/site\/wp-content\/uploads\/2020\/11\/Sudam\u00e9rica-1200x321.jpeg 1200w\" sizes=\"auto, (max-width: 1280px) 100vw, 1280px\" \/>O tema da Audi\u00eancia P\u00fablica \u00e9 \u201cEscola T\u00e9cnica Municipal Joana D`arc, e vai discutir o sobre o seu espa\u00e7o f\u00edsico e sua inclus\u00e3o nos instrumentos de planejamento municipal para um futuro credenciamento dela \u00e0 rede de escolas t\u00e9cnicas do SUS-RETSUS. As escolas t\u00e9cnicas que comp\u00f5em a RET-SUS atuam no segmento da Educa\u00e7\u00e3o Profissional, seja por meio de cursos FIC (Forma\u00e7\u00e3o Inicial e Continuada), T\u00e9cnicos e P\u00f3s-T\u00e9cnicos, na perspectiva da Pol\u00edtica de Educa\u00e7\u00e3o Profissional e da Pol\u00edtica Nacional de Educa\u00e7\u00e3o Permanente.<\/p>\n<p style=\"text-align: justify;\">Desde que foi municipalizada em 1989, a Escola T\u00e9cnica Municipal Joana D`arc perdeu a maior parte de seu espa\u00e7o f\u00edsico, inclusive para a Secretaria Municipal de Sa\u00fade e tamb\u00e9m para o ent\u00e3o Instituto Oncol\u00f3gico, agora desativado. Hoje ela ocupa duas salas de aula (sendo uma delas o laborat\u00f3rio), outra sala menor, uma pequena cantina e um banheiro nos fundos da Escola Municipal Fl\u00e1via Dutra. Mesmo assim, \u00e9 refer\u00eancia em forma\u00e7\u00e3o de t\u00e9cnicos de Enfermagem na regi\u00e3o e forma entre 25 a 30 novos profissionais a cada semestre. As informa\u00e7\u00f5es constam de uma Carta Aberta aos Candidatos ao Executivo e Legislativo Municipais de Cataguases, de 15 de outubro \u00faltimo e assinada pelo professor Lutianni Dias Brazolino, que \u00e9 Especialista em Pol\u00edticas e Gest\u00e3o de Sa\u00fade.<\/p>\n<div class=\"aqlzl69f5f9c865041\" ><br><\/div><style type=\"text\/css\">\r\n@media screen and (min-width: 1201px) {\r\n.aqlzl69f5f9c865041 {\r\ndisplay: block;\r\n}\r\n}\r\n@media screen and (min-width: 993px) and (max-width: 1200px) {\r\n.aqlzl69f5f9c865041 {\r\ndisplay: block;\r\n}\r\n}\r\n@media screen and (min-width: 769px) and (max-width: 992px) {\r\n.aqlzl69f5f9c865041 {\r\ndisplay: block;\r\n}\r\n}\r\n@media screen and (min-width: 768px) and (max-width: 768px) {\r\n.aqlzl69f5f9c865041 {\r\ndisplay: block;\r\n}\r\n}\r\n@media screen and (max-width: 767px) {\r\n.aqlzl69f5f9c865041 {\r\ndisplay: block;\r\n}\r\n}\r\n<\/style>\r\n<div class=\"egvvm69f5f9c86abd4\" ><div id=\"div_destino\"><\/div>\r\n<script src=\"https:\/\/cdn.snsrsv.com\/sdk.js\"><\/script>\r\n<script >\r\n      new sdk(\"464030C30061EA8BE065000000000001\") \r\n          .appendTo(\"div_destino\")\r\n          .disableStyle(true) \r\n          .setCacheBusterMacro(\"%%CACHEBUSTER%%\")\r\n          .setSize(\"800\",\"214\")\r\n          .setClickMacro(\"%%CLICK_URL_ESC%%\") \r\n          .setReferrerUrlMacro(\"%%REFERRER_URL_ESC%%\") \r\n          .start(); \r\n<\/script><\/div><style type=\"text\/css\">\r\n@media screen and (min-width: 1201px) {\r\n.egvvm69f5f9c86abd4 {\r\ndisplay: block;\r\n}\r\n}\r\n@media screen and (min-width: 993px) and (max-width: 1200px) {\r\n.egvvm69f5f9c86abd4 {\r\ndisplay: block;\r\n}\r\n}\r\n@media screen and (min-width: 769px) and (max-width: 992px) {\r\n.egvvm69f5f9c86abd4 {\r\ndisplay: block;\r\n}\r\n}\r\n@media screen and (min-width: 768px) and (max-width: 768px) {\r\n.egvvm69f5f9c86abd4 {\r\ndisplay: block;\r\n}\r\n}\r\n@media screen and (max-width: 767px) {\r\n.egvvm69f5f9c86abd4 {\r\ndisplay: block;\r\n}\r\n}\r\n<\/style>\r\n","protected":false},"excerpt":{"rendered":"<p>A Escola T\u00e9cnica Municipal de Enfermagem Joana D`Arc, que funciona em Cataguases, ser\u00e1 tema de Audi\u00eancia P\u00fablica que ser\u00e1 realizada no pr\u00f3ximo dia 02 de dezembro. A iniciativa \u00e9 da vereadora Maria \u00c2ngela Girardi, que vai presidir a reuni\u00e3o, a<\/p>\n<p class=\"link-more\"><a class=\"more-link\" href=\"https:\/\/marcelolopes.jor.br\/site\/2020\/11\/23\/melhorias-na-escola-de-enfermagem-joana-darc-e-tema-de-audiencia-publica\/\">Leia mais <span class=\"screen-reader-text\">Melhorias na Escola de Enfermagem Joana D`arc \u00e9 tema de Audi\u00eancia P\u00fablica<\/span><\/a><\/p>\n","protected":false},"author":2,"featured_media":19255,"comment_status":"open","ping_status":"open","sticky":false,"template":"","format":"standard","meta":{"footnotes":""},"categories":[1],"tags":[3284,68,3286,3285],"class_list":["post-19253","post","type-post","status-publish","format-standard","has-post-thumbnail","hentry","category-noticias","tag-escola-de-enfermagem","tag-escola-tecnica","tag-saude-e-educacao","tag-tecnico-de-enfermagem","thumb-below-title"],"yoast_head":"<!-- This site is optimized with the Yoast SEO plugin v27.4 - https:\/\/yoast.com\/product\/yoast-seo-wordpress\/ -->\n<title>Melhorias na Escola de Enfermagem Joana D&#039;Arc \u00e9 tema de audi<\/title>\n<meta name=\"description\" content=\"Melhorias na Escola de Enfermagem Joana D&#039;Arc \u00e9 tema de audi\u00eancia p\u00fablica. Escola forma T\u00e9cnicos de Enfermagem pode integrar rede do SUS.\" \/>\n<meta name=\"robots\" content=\"index, follow, max-snippet:-1, max-image-preview:large, max-video-preview:-1\" \/>\n<link rel=\"canonical\" href=\"https:\/\/marcelolopes.jor.br\/site\/2020\/11\/23\/melhorias-na-escola-de-enfermagem-joana-darc-e-tema-de-audiencia-publica\/\" \/>\n<meta property=\"og:locale\" content=\"pt_BR\" \/>\n<meta property=\"og:type\" content=\"article\" \/>\n<meta property=\"og:title\" content=\"Melhorias na Escola de Enfermagem Joana D&#039;Arc \u00e9 tema de audi\" \/>\n<meta property=\"og:description\" content=\"Melhorias na Escola de Enfermagem Joana D&#039;Arc \u00e9 tema de audi\u00eancia p\u00fablica. Escola forma T\u00e9cnicos de Enfermagem pode integrar rede do SUS.\" \/>\n<meta property=\"og:url\" content=\"https:\/\/marcelolopes.jor.br\/site\/2020\/11\/23\/melhorias-na-escola-de-enfermagem-joana-darc-e-tema-de-audiencia-publica\/\" \/>\n<meta property=\"og:site_name\" content=\"Marcelo Lopes\" \/>\n<meta property=\"article:publisher\" content=\"https:\/\/www.facebook.com\/sitedomarcelolopes\" \/>\n<meta property=\"article:published_time\" content=\"2020-11-23T10:00:54+00:00\" \/>\n<meta property=\"article:modified_time\" content=\"2023-05-11T17:50:31+00:00\" \/>\n<meta property=\"og:image\" content=\"https:\/\/marcelolopes.jor.br\/site\/wp-content\/uploads\/2020\/11\/Escola-de-Enfermagem.png\" \/>\n\t<meta property=\"og:image:width\" content=\"459\" \/>\n\t<meta property=\"og:image:height\" content=\"321\" \/>\n\t<meta property=\"og:image:type\" content=\"image\/png\" \/>\n<meta name=\"author\" content=\"Marcelo Lopes\" \/>\n<meta name=\"twitter:card\" content=\"summary_large_image\" \/>\n<meta name=\"twitter:label1\" content=\"Escrito por\" \/>\n\t<meta name=\"twitter:data1\" content=\"Marcelo Lopes\" \/>\n\t<meta name=\"twitter:label2\" content=\"Est. tempo de leitura\" \/>\n\t<meta name=\"twitter:data2\" content=\"2 minutos\" \/>\n<script type=\"application\/ld+json\" class=\"yoast-schema-graph\">{\"@context\":\"https:\\\/\\\/schema.org\",\"@graph\":[{\"@type\":\"NewsArticle\",\"@id\":\"https:\\\/\\\/marcelolopes.jor.br\\\/site\\\/2020\\\/11\\\/23\\\/melhorias-na-escola-de-enfermagem-joana-darc-e-tema-de-audiencia-publica\\\/#article\",\"isPartOf\":{\"@id\":\"https:\\\/\\\/marcelolopes.jor.br\\\/site\\\/2020\\\/11\\\/23\\\/melhorias-na-escola-de-enfermagem-joana-darc-e-tema-de-audiencia-publica\\\/\"},\"author\":{\"name\":\"Marcelo Lopes\",\"@id\":\"https:\\\/\\\/marcelolopes.jor.br\\\/site\\\/#\\\/schema\\\/person\\\/3e7216a35c34d8fdf952b31da3d1f89f\"},\"headline\":\"Melhorias na Escola de Enfermagem Joana D`arc \u00e9 tema de Audi\u00eancia P\u00fablica\",\"datePublished\":\"2020-11-23T10:00:54+00:00\",\"dateModified\":\"2023-05-11T17:50:31+00:00\",\"mainEntityOfPage\":{\"@id\":\"https:\\\/\\\/marcelolopes.jor.br\\\/site\\\/2020\\\/11\\\/23\\\/melhorias-na-escola-de-enfermagem-joana-darc-e-tema-de-audiencia-publica\\\/\"},\"wordCount\":322,\"commentCount\":0,\"publisher\":{\"@id\":\"https:\\\/\\\/marcelolopes.jor.br\\\/site\\\/#organization\"},\"image\":{\"@id\":\"https:\\\/\\\/marcelolopes.jor.br\\\/site\\\/2020\\\/11\\\/23\\\/melhorias-na-escola-de-enfermagem-joana-darc-e-tema-de-audiencia-publica\\\/#primaryimage\"},\"thumbnailUrl\":\"https:\\\/\\\/marcelolopes.jor.br\\\/site\\\/wp-content\\\/uploads\\\/2020\\\/11\\\/Escola-de-Enfermagem.png\",\"keywords\":[\"Escola de Enfermagem\",\"escola t\u00e9cnica\",\"sa\u00fade e educa\u00e7\u00e3o\",\"T\u00e9cnico de Enfermagem\"],\"articleSection\":[\"Not\u00edcias\"],\"inLanguage\":\"pt-BR\",\"potentialAction\":[{\"@type\":\"CommentAction\",\"name\":\"Comment\",\"target\":[\"https:\\\/\\\/marcelolopes.jor.br\\\/site\\\/2020\\\/11\\\/23\\\/melhorias-na-escola-de-enfermagem-joana-darc-e-tema-de-audiencia-publica\\\/#respond\"]}]},{\"@type\":\"WebPage\",\"@id\":\"https:\\\/\\\/marcelolopes.jor.br\\\/site\\\/2020\\\/11\\\/23\\\/melhorias-na-escola-de-enfermagem-joana-darc-e-tema-de-audiencia-publica\\\/\",\"url\":\"https:\\\/\\\/marcelolopes.jor.br\\\/site\\\/2020\\\/11\\\/23\\\/melhorias-na-escola-de-enfermagem-joana-darc-e-tema-de-audiencia-publica\\\/\",\"name\":\"Melhorias na Escola de Enfermagem Joana D'Arc \u00e9 tema de audi\",\"isPartOf\":{\"@id\":\"https:\\\/\\\/marcelolopes.jor.br\\\/site\\\/#website\"},\"primaryImageOfPage\":{\"@id\":\"https:\\\/\\\/marcelolopes.jor.br\\\/site\\\/2020\\\/11\\\/23\\\/melhorias-na-escola-de-enfermagem-joana-darc-e-tema-de-audiencia-publica\\\/#primaryimage\"},\"image\":{\"@id\":\"https:\\\/\\\/marcelolopes.jor.br\\\/site\\\/2020\\\/11\\\/23\\\/melhorias-na-escola-de-enfermagem-joana-darc-e-tema-de-audiencia-publica\\\/#primaryimage\"},\"thumbnailUrl\":\"https:\\\/\\\/marcelolopes.jor.br\\\/site\\\/wp-content\\\/uploads\\\/2020\\\/11\\\/Escola-de-Enfermagem.png\",\"datePublished\":\"2020-11-23T10:00:54+00:00\",\"dateModified\":\"2023-05-11T17:50:31+00:00\",\"description\":\"Melhorias na Escola de Enfermagem Joana D'Arc \u00e9 tema de audi\u00eancia p\u00fablica. Escola forma T\u00e9cnicos de Enfermagem pode integrar rede do SUS.\",\"breadcrumb\":{\"@id\":\"https:\\\/\\\/marcelolopes.jor.br\\\/site\\\/2020\\\/11\\\/23\\\/melhorias-na-escola-de-enfermagem-joana-darc-e-tema-de-audiencia-publica\\\/#breadcrumb\"},\"inLanguage\":\"pt-BR\",\"potentialAction\":[{\"@type\":\"ReadAction\",\"target\":[\"https:\\\/\\\/marcelolopes.jor.br\\\/site\\\/2020\\\/11\\\/23\\\/melhorias-na-escola-de-enfermagem-joana-darc-e-tema-de-audiencia-publica\\\/\"]}]},{\"@type\":\"ImageObject\",\"inLanguage\":\"pt-BR\",\"@id\":\"https:\\\/\\\/marcelolopes.jor.br\\\/site\\\/2020\\\/11\\\/23\\\/melhorias-na-escola-de-enfermagem-joana-darc-e-tema-de-audiencia-publica\\\/#primaryimage\",\"url\":\"https:\\\/\\\/marcelolopes.jor.br\\\/site\\\/wp-content\\\/uploads\\\/2020\\\/11\\\/Escola-de-Enfermagem.png\",\"contentUrl\":\"https:\\\/\\\/marcelolopes.jor.br\\\/site\\\/wp-content\\\/uploads\\\/2020\\\/11\\\/Escola-de-Enfermagem.png\",\"width\":459,\"height\":321,\"caption\":\"Melhorias na Escola de\"},{\"@type\":\"BreadcrumbList\",\"@id\":\"https:\\\/\\\/marcelolopes.jor.br\\\/site\\\/2020\\\/11\\\/23\\\/melhorias-na-escola-de-enfermagem-joana-darc-e-tema-de-audiencia-publica\\\/#breadcrumb\",\"itemListElement\":[{\"@type\":\"ListItem\",\"position\":1,\"name\":\"Home\",\"item\":\"https:\\\/\\\/marcelolopes.jor.br\\\/site\\\/\"},{\"@type\":\"ListItem\",\"position\":2,\"name\":\"Melhorias na Escola de Enfermagem Joana D`arc \u00e9 tema de Audi\u00eancia P\u00fablica\"}]},{\"@type\":\"WebSite\",\"@id\":\"https:\\\/\\\/marcelolopes.jor.br\\\/site\\\/#website\",\"url\":\"https:\\\/\\\/marcelolopes.jor.br\\\/site\\\/\",\"name\":\"Marcelo Lopes\",\"description\":\"Not\u00edcias de Cataguases e Regi\u00e3o\",\"publisher\":{\"@id\":\"https:\\\/\\\/marcelolopes.jor.br\\\/site\\\/#organization\"},\"potentialAction\":[{\"@type\":\"SearchAction\",\"target\":{\"@type\":\"EntryPoint\",\"urlTemplate\":\"https:\\\/\\\/marcelolopes.jor.br\\\/site\\\/?s={search_term_string}\"},\"query-input\":{\"@type\":\"PropertyValueSpecification\",\"valueRequired\":true,\"valueName\":\"search_term_string\"}}],\"inLanguage\":\"pt-BR\"},{\"@type\":\"Organization\",\"@id\":\"https:\\\/\\\/marcelolopes.jor.br\\\/site\\\/#organization\",\"name\":\"Site do Marcelo Lopes\",\"url\":\"https:\\\/\\\/marcelolopes.jor.br\\\/site\\\/\",\"logo\":{\"@type\":\"ImageObject\",\"inLanguage\":\"pt-BR\",\"@id\":\"https:\\\/\\\/marcelolopes.jor.br\\\/site\\\/#\\\/schema\\\/logo\\\/image\\\/\",\"url\":\"https:\\\/\\\/marcelolopes.jor.br\\\/site\\\/wp-content\\\/uploads\\\/2024\\\/11\\\/logo-1.png\",\"contentUrl\":\"https:\\\/\\\/marcelolopes.jor.br\\\/site\\\/wp-content\\\/uploads\\\/2024\\\/11\\\/logo-1.png\",\"width\":475,\"height\":80,\"caption\":\"Site do Marcelo Lopes\"},\"image\":{\"@id\":\"https:\\\/\\\/marcelolopes.jor.br\\\/site\\\/#\\\/schema\\\/logo\\\/image\\\/\"},\"sameAs\":[\"https:\\\/\\\/www.facebook.com\\\/sitedomarcelolopes\",\"https:\\\/\\\/www.instagram.com\\\/sitedomarcelolopes\\\/\",\"https:\\\/\\\/www.linkedin.com\\\/company\\\/site-do-marcelo-lopes\\\/\",\"https:\\\/\\\/www.youtube.com\\\/user\\\/marcelolopes957\"]},{\"@type\":\"Person\",\"@id\":\"https:\\\/\\\/marcelolopes.jor.br\\\/site\\\/#\\\/schema\\\/person\\\/3e7216a35c34d8fdf952b31da3d1f89f\",\"name\":\"Marcelo Lopes\",\"sameAs\":[\"http:\\\/\\\/www.marcelolopes.jor.br\"],\"url\":\"https:\\\/\\\/marcelolopes.jor.br\\\/site\\\/author\\\/marcelo\\\/\"}]}<\/script>\n<!-- \/ Yoast SEO plugin. -->","yoast_head_json":{"title":"Melhorias na Escola de Enfermagem Joana D'Arc \u00e9 tema de audi","description":"Melhorias na Escola de Enfermagem Joana D'Arc \u00e9 tema de audi\u00eancia p\u00fablica. Escola forma T\u00e9cnicos de Enfermagem pode integrar rede do SUS.","robots":{"index":"index","follow":"follow","max-snippet":"max-snippet:-1","max-image-preview":"max-image-preview:large","max-video-preview":"max-video-preview:-1"},"canonical":"https:\/\/marcelolopes.jor.br\/site\/2020\/11\/23\/melhorias-na-escola-de-enfermagem-joana-darc-e-tema-de-audiencia-publica\/","og_locale":"pt_BR","og_type":"article","og_title":"Melhorias na Escola de Enfermagem Joana D'Arc \u00e9 tema de audi","og_description":"Melhorias na Escola de Enfermagem Joana D'Arc \u00e9 tema de audi\u00eancia p\u00fablica. Escola forma T\u00e9cnicos de Enfermagem pode integrar rede do SUS.","og_url":"https:\/\/marcelolopes.jor.br\/site\/2020\/11\/23\/melhorias-na-escola-de-enfermagem-joana-darc-e-tema-de-audiencia-publica\/","og_site_name":"Marcelo Lopes","article_publisher":"https:\/\/www.facebook.com\/sitedomarcelolopes","article_published_time":"2020-11-23T10:00:54+00:00","article_modified_time":"2023-05-11T17:50:31+00:00","og_image":[{"width":459,"height":321,"url":"https:\/\/marcelolopes.jor.br\/site\/wp-content\/uploads\/2020\/11\/Escola-de-Enfermagem.png","type":"image\/png"}],"author":"Marcelo Lopes","twitter_card":"summary_large_image","twitter_misc":{"Escrito por":"Marcelo Lopes","Est. tempo de leitura":"2 minutos"},"schema":{"@context":"https:\/\/schema.org","@graph":[{"@type":"NewsArticle","@id":"https:\/\/marcelolopes.jor.br\/site\/2020\/11\/23\/melhorias-na-escola-de-enfermagem-joana-darc-e-tema-de-audiencia-publica\/#article","isPartOf":{"@id":"https:\/\/marcelolopes.jor.br\/site\/2020\/11\/23\/melhorias-na-escola-de-enfermagem-joana-darc-e-tema-de-audiencia-publica\/"},"author":{"name":"Marcelo Lopes","@id":"https:\/\/marcelolopes.jor.br\/site\/#\/schema\/person\/3e7216a35c34d8fdf952b31da3d1f89f"},"headline":"Melhorias na Escola de Enfermagem Joana D`arc \u00e9 tema de Audi\u00eancia P\u00fablica","datePublished":"2020-11-23T10:00:54+00:00","dateModified":"2023-05-11T17:50:31+00:00","mainEntityOfPage":{"@id":"https:\/\/marcelolopes.jor.br\/site\/2020\/11\/23\/melhorias-na-escola-de-enfermagem-joana-darc-e-tema-de-audiencia-publica\/"},"wordCount":322,"commentCount":0,"publisher":{"@id":"https:\/\/marcelolopes.jor.br\/site\/#organization"},"image":{"@id":"https:\/\/marcelolopes.jor.br\/site\/2020\/11\/23\/melhorias-na-escola-de-enfermagem-joana-darc-e-tema-de-audiencia-publica\/#primaryimage"},"thumbnailUrl":"https:\/\/marcelolopes.jor.br\/site\/wp-content\/uploads\/2020\/11\/Escola-de-Enfermagem.png","keywords":["Escola de Enfermagem","escola t\u00e9cnica","sa\u00fade e educa\u00e7\u00e3o","T\u00e9cnico de Enfermagem"],"articleSection":["Not\u00edcias"],"inLanguage":"pt-BR","potentialAction":[{"@type":"CommentAction","name":"Comment","target":["https:\/\/marcelolopes.jor.br\/site\/2020\/11\/23\/melhorias-na-escola-de-enfermagem-joana-darc-e-tema-de-audiencia-publica\/#respond"]}]},{"@type":"WebPage","@id":"https:\/\/marcelolopes.jor.br\/site\/2020\/11\/23\/melhorias-na-escola-de-enfermagem-joana-darc-e-tema-de-audiencia-publica\/","url":"https:\/\/marcelolopes.jor.br\/site\/2020\/11\/23\/melhorias-na-escola-de-enfermagem-joana-darc-e-tema-de-audiencia-publica\/","name":"Melhorias na Escola de Enfermagem Joana D'Arc \u00e9 tema de audi","isPartOf":{"@id":"https:\/\/marcelolopes.jor.br\/site\/#website"},"primaryImageOfPage":{"@id":"https:\/\/marcelolopes.jor.br\/site\/2020\/11\/23\/melhorias-na-escola-de-enfermagem-joana-darc-e-tema-de-audiencia-publica\/#primaryimage"},"image":{"@id":"https:\/\/marcelolopes.jor.br\/site\/2020\/11\/23\/melhorias-na-escola-de-enfermagem-joana-darc-e-tema-de-audiencia-publica\/#primaryimage"},"thumbnailUrl":"https:\/\/marcelolopes.jor.br\/site\/wp-content\/uploads\/2020\/11\/Escola-de-Enfermagem.png","datePublished":"2020-11-23T10:00:54+00:00","dateModified":"2023-05-11T17:50:31+00:00","description":"Melhorias na Escola de Enfermagem Joana D'Arc \u00e9 tema de audi\u00eancia p\u00fablica. Escola forma T\u00e9cnicos de Enfermagem pode integrar rede do SUS.","breadcrumb":{"@id":"https:\/\/marcelolopes.jor.br\/site\/2020\/11\/23\/melhorias-na-escola-de-enfermagem-joana-darc-e-tema-de-audiencia-publica\/#breadcrumb"},"inLanguage":"pt-BR","potentialAction":[{"@type":"ReadAction","target":["https:\/\/marcelolopes.jor.br\/site\/2020\/11\/23\/melhorias-na-escola-de-enfermagem-joana-darc-e-tema-de-audiencia-publica\/"]}]},{"@type":"ImageObject","inLanguage":"pt-BR","@id":"https:\/\/marcelolopes.jor.br\/site\/2020\/11\/23\/melhorias-na-escola-de-enfermagem-joana-darc-e-tema-de-audiencia-publica\/#primaryimage","url":"https:\/\/marcelolopes.jor.br\/site\/wp-content\/uploads\/2020\/11\/Escola-de-Enfermagem.png","contentUrl":"https:\/\/marcelolopes.jor.br\/site\/wp-content\/uploads\/2020\/11\/Escola-de-Enfermagem.png","width":459,"height":321,"caption":"Melhorias na Escola de"},{"@type":"BreadcrumbList","@id":"https:\/\/marcelolopes.jor.br\/site\/2020\/11\/23\/melhorias-na-escola-de-enfermagem-joana-darc-e-tema-de-audiencia-publica\/#breadcrumb","itemListElement":[{"@type":"ListItem","position":1,"name":"Home","item":"https:\/\/marcelolopes.jor.br\/site\/"},{"@type":"ListItem","position":2,"name":"Melhorias na Escola de Enfermagem Joana D`arc \u00e9 tema de Audi\u00eancia P\u00fablica"}]},{"@type":"WebSite","@id":"https:\/\/marcelolopes.jor.br\/site\/#website","url":"https:\/\/marcelolopes.jor.br\/site\/","name":"Marcelo Lopes","description":"Not\u00edcias de Cataguases e Regi\u00e3o","publisher":{"@id":"https:\/\/marcelolopes.jor.br\/site\/#organization"},"potentialAction":[{"@type":"SearchAction","target":{"@type":"EntryPoint","urlTemplate":"https:\/\/marcelolopes.jor.br\/site\/?s={search_term_string}"},"query-input":{"@type":"PropertyValueSpecification","valueRequired":true,"valueName":"search_term_string"}}],"inLanguage":"pt-BR"},{"@type":"Organization","@id":"https:\/\/marcelolopes.jor.br\/site\/#organization","name":"Site do Marcelo Lopes","url":"https:\/\/marcelolopes.jor.br\/site\/","logo":{"@type":"ImageObject","inLanguage":"pt-BR","@id":"https:\/\/marcelolopes.jor.br\/site\/#\/schema\/logo\/image\/","url":"https:\/\/marcelolopes.jor.br\/site\/wp-content\/uploads\/2024\/11\/logo-1.png","contentUrl":"https:\/\/marcelolopes.jor.br\/site\/wp-content\/uploads\/2024\/11\/logo-1.png","width":475,"height":80,"caption":"Site do Marcelo Lopes"},"image":{"@id":"https:\/\/marcelolopes.jor.br\/site\/#\/schema\/logo\/image\/"},"sameAs":["https:\/\/www.facebook.com\/sitedomarcelolopes","https:\/\/www.instagram.com\/sitedomarcelolopes\/","https:\/\/www.linkedin.com\/company\/site-do-marcelo-lopes\/","https:\/\/www.youtube.com\/user\/marcelolopes957"]},{"@type":"Person","@id":"https:\/\/marcelolopes.jor.br\/site\/#\/schema\/person\/3e7216a35c34d8fdf952b31da3d1f89f","name":"Marcelo Lopes","sameAs":["http:\/\/www.marcelolopes.jor.br"],"url":"https:\/\/marcelolopes.jor.br\/site\/author\/marcelo\/"}]}},"wps_subtitle":"Escola municipal que forma T\u00e9cnicos de Enfermagem pode integrar rede do SUS.","_links":{"self":[{"href":"https:\/\/marcelolopes.jor.br\/site\/wp-json\/wp\/v2\/posts\/19253","targetHints":{"allow":["GET"]}}],"collection":[{"href":"https:\/\/marcelolopes.jor.br\/site\/wp-json\/wp\/v2\/posts"}],"about":[{"href":"https:\/\/marcelolopes.jor.br\/site\/wp-json\/wp\/v2\/types\/post"}],"author":[{"embeddable":true,"href":"https:\/\/marcelolopes.jor.br\/site\/wp-json\/wp\/v2\/users\/2"}],"replies":[{"embeddable":true,"href":"https:\/\/marcelolopes.jor.br\/site\/wp-json\/wp\/v2\/comments?post=19253"}],"version-history":[{"count":0,"href":"https:\/\/marcelolopes.jor.br\/site\/wp-json\/wp\/v2\/posts\/19253\/revisions"}],"wp:featuredmedia":[{"embeddable":true,"href":"https:\/\/marcelolopes.jor.br\/site\/wp-json\/wp\/v2\/media\/19255"}],"wp:attachment":[{"href":"https:\/\/marcelolopes.jor.br\/site\/wp-json\/wp\/v2\/media?parent=19253"}],"wp:term":[{"taxonomy":"category","embeddable":true,"href":"https:\/\/marcelolopes.jor.br\/site\/wp-json\/wp\/v2\/categories?post=19253"},{"taxonomy":"post_tag","embeddable":true,"href":"https:\/\/marcelolopes.jor.br\/site\/wp-json\/wp\/v2\/tags?post=19253"}],"curies":[{"name":"wp","href":"https:\/\/api.w.org\/{rel}","templated":true}]}}