{"id":19214,"date":"2020-11-21T07:00:04","date_gmt":"2020-11-21T10:00:04","guid":{"rendered":"https:\/\/marcelolopes.jor.br\/?p=19214"},"modified":"2020-11-20T15:49:46","modified_gmt":"2020-11-20T18:49:46","slug":"energisa-investe-em-eficiencia-energetica-para-melhorar-iluminacao-publica","status":"publish","type":"post","link":"https:\/\/marcelolopes.jor.br\/site\/2020\/11\/21\/energisa-investe-em-eficiencia-energetica-para-melhorar-iluminacao-publica\/","title":{"rendered":"Energisa investe em efici\u00eancia energ\u00e9tica para melhorar ilumina\u00e7\u00e3o p\u00fablica"},"content":{"rendered":"<p style=\"text-align: justify;\">Ilumina\u00e7\u00e3o mais moderna em vias p\u00fablicas, troca de equipamentos, l\u00e2mpadas e instala\u00e7\u00e3o de placas solares em institui\u00e7\u00f5es sociais e pr\u00e9dios p\u00fablicos da \u00e1rea de concess\u00e3o da Energisa em Minas Gerais. Com investimentos que somam mais de R$ 1,1 milh\u00e3o, as a\u00e7\u00f5es de efici\u00eancia energ\u00e9tica contribuem para a melhoria da qualidade de vida dos moradores e o desenvolvimento das comunidades onde est\u00e1 presente.<!--more--><\/p>\n<p style=\"text-align: justify;\">Por meio do Programa de Efici\u00eancia Energ\u00e9tica da Energisa, regulado pela Ag\u00eancia Nacional de Energia El\u00e9trica (ANEEL), a Energisa desenvolveu ao longo dos \u00faltimos meses e concluiu, no in\u00edcio deste m\u00eas de novembro, os projetos de ilumina\u00e7\u00e3o p\u00fablica dos munic\u00edpios de Erv\u00e1lia (foto principal), Miradouro (foto abaixo) e Pira\u00faba, com investimento da ordem de cerca de R$ 535 mil. A empresa substituiu l\u00e2mpadas antigas, de vapor de s\u00f3dio, por lumin\u00e1rias de LED, mais econ\u00f4micas, de algumas ruas e pra\u00e7as dessas tr\u00eas cidades, que agora est\u00e3o iluminadas com mais qualidade e efici\u00eancia. Ao todo, foram substitu\u00eddos 524 pontos de Ilumina\u00e7\u00e3o p\u00fablica, com economia de 316 MWh\/ano, energia suficiente para abastecer 168 casas durante um ano. Em Miradouro, a prefeitura est\u00e1 realizando o servi\u00e7o em outros pontos da cidade, al\u00e9m dos executados pela Energisa, ampliando ainda mais o benef\u00edcio para a popula\u00e7\u00e3o.<\/p>\n<p><img loading=\"lazy\" decoding=\"async\" class=\"aligncenter size-full wp-image-19218\" src=\"https:\/\/marcelolopes.jor.br\/site\/wp-content\/uploads\/2020\/11\/Outlook-2jyluh2y.png\" alt=\"\" width=\"800\" height=\"450\" srcset=\"https:\/\/marcelolopes.jor.br\/site\/wp-content\/uploads\/2020\/11\/Outlook-2jyluh2y.png 800w, https:\/\/marcelolopes.jor.br\/site\/wp-content\/uploads\/2020\/11\/Outlook-2jyluh2y-300x169.png 300w, https:\/\/marcelolopes.jor.br\/site\/wp-content\/uploads\/2020\/11\/Outlook-2jyluh2y-768x432.png 768w\" sizes=\"auto, (max-width: 800px) 100vw, 800px\" \/><\/p>\n<p>&nbsp;<\/p>\n<p style=\"text-align: justify;\">Outro projeto de Ilumina\u00e7\u00e3o P\u00fablica est\u00e1 em fase de conclus\u00e3o em Dona Euz\u00e9bia. Ser\u00e3o, ao todo, 300 pontos de Ilumina\u00e7\u00e3o P\u00fablica que receber\u00e3o l\u00e2mpadas de LED, com investimento de R$180 mil da Energisa mais a contrapartida da Prefeitura. Uma economia de 118 MWh\/ano, energia suficiente para abastecer 62 casas em um ano.<\/p>\n<p style=\"text-align: justify;\">A iniciativa vai ajudar a reduzir o consumo de energia el\u00e9trica para as prefeituras municipais. \u201cA utiliza\u00e7\u00e3o de l\u00e2mpadas LED na ilumina\u00e7\u00e3o p\u00fablica \u00e9 uma realidade. Mais econ\u00f4mica e com um maior tempo de vida \u00fatil em rela\u00e7\u00e3o \u00e0s l\u00e2mpadas fluorescentes, a LED \u00e9 uma boa escolha para garantir uma ilumina\u00e7\u00e3o mais eficiente e de melhor qualidade, com \u00f3tima reprodu\u00e7\u00e3o de cores e dispers\u00e3o menor de luz, possibilitando uma luminosidade melhor, al\u00e9m de proporcionar maior seguran\u00e7a, tranquilidade \u00e0 popula\u00e7\u00e3o e economia no consumo de energia\u201d, explica o diretor-presidente da Energisa Minas Gerais, Eduardo Mantovani.<\/p>\n<p>Os investimentos em efici\u00eancia energ\u00e9tica tamb\u00e9m s\u00e3o direcionados a outras a\u00e7\u00f5es a exemplos de institui\u00e7\u00f5es assistenciais. O Hospital Santa Isabel de Ub\u00e1 \u00e9 um dos contemplados. L\u00e1, ser\u00e3o investidos cerca de R$ 170 mil na troca de equipamentos, como aparelhos de ar condicionado, l\u00e2mpadas e refletores \u2013 uma economia de 189,55 MWh\/ano, suficiente para abastecer 101 resid\u00eancias em um por ano. A obra est\u00e1 prevista para ser conclu\u00edda no final deste m\u00eas de novembro.<\/p>\n<p><img loading=\"lazy\" decoding=\"async\" class=\"aligncenter size-full wp-image-19063\" src=\"https:\/\/marcelolopes.jor.br\/site\/wp-content\/uploads\/2020\/11\/Sudam\u00e9rica.jpeg\" alt=\"\" width=\"1280\" height=\"342\" srcset=\"https:\/\/marcelolopes.jor.br\/site\/wp-content\/uploads\/2020\/11\/Sudam\u00e9rica.jpeg 1280w, https:\/\/marcelolopes.jor.br\/site\/wp-content\/uploads\/2020\/11\/Sudam\u00e9rica-300x80.jpeg 300w, https:\/\/marcelolopes.jor.br\/site\/wp-content\/uploads\/2020\/11\/Sudam\u00e9rica-768x205.jpeg 768w, https:\/\/marcelolopes.jor.br\/site\/wp-content\/uploads\/2020\/11\/Sudam\u00e9rica-1024x274.jpeg 1024w, https:\/\/marcelolopes.jor.br\/site\/wp-content\/uploads\/2020\/11\/Sudam\u00e9rica-1200x321.jpeg 1200w\" sizes=\"auto, (max-width: 1280px) 100vw, 1280px\" \/><\/p>\n<p style=\"text-align: justify;\"><strong>Ilumina\u00e7\u00e3o mais moderna e eficiente<\/strong><br \/>\nMais quatros projetos est\u00e3o em andamento para execu\u00e7\u00e3o. Os contratos j\u00e1 foram assinados e os materiais est\u00e3o sendo adquiridos para in\u00edcio das obras.\u00a0Um deles \u00e9 a ilumina\u00e7\u00e3o p\u00fablica de Mira\u00ed, onde ser\u00e3o substitu\u00eddos mais de 300 pontos, um investimento de R$ 142 mil de recursos do Programa de Efici\u00eancia da Energisa e contrapartida da Prefeitura Municipal de Mira\u00ed. Estima-se uma economia de 170,57 MWh\/ano, suficiente para abastecer 91 resid\u00eancias em um ano.<\/p>\n<p style=\"text-align: justify;\">Outras tr\u00eas institui\u00e7\u00f5es APAE Leopoldina, Lar dos Idosos S\u00e3o Vicente de Paulo em Simon\u00e9sia e Lar Nossa Senhora das Merc\u00eas na cidade de Merc\u00eas tamb\u00e9m ser\u00e3o beneficiados, com R$ 150 mil em equipamentos mais eficientes como l\u00e2mpadas, freezers, geladeiras, refletores, al\u00e9m do sistema de gera\u00e7\u00e3o fotovoltaica em Simon\u00e9sia e Merc\u00eas, resultando em economia de 33 MWh\/ano, o que abasteceria 18 resid\u00eancias ao ano.<\/p>\n<p style=\"text-align: justify;\">Fonte e Foto: Assessoria de Comunica\u00e7\u00e3o Energisa Minas Gerais.<\/p>\n<div class=\"fikji69f5f9dc98c18\" ><br><\/div><style type=\"text\/css\">\r\n@media screen and (min-width: 1201px) {\r\n.fikji69f5f9dc98c18 {\r\ndisplay: block;\r\n}\r\n}\r\n@media screen and (min-width: 993px) and (max-width: 1200px) {\r\n.fikji69f5f9dc98c18 {\r\ndisplay: block;\r\n}\r\n}\r\n@media screen and (min-width: 769px) and (max-width: 992px) {\r\n.fikji69f5f9dc98c18 {\r\ndisplay: block;\r\n}\r\n}\r\n@media screen and (min-width: 768px) and (max-width: 768px) {\r\n.fikji69f5f9dc98c18 {\r\ndisplay: block;\r\n}\r\n}\r\n@media screen and (max-width: 767px) {\r\n.fikji69f5f9dc98c18 {\r\ndisplay: block;\r\n}\r\n}\r\n<\/style>\r\n<div class=\"wihrt69f5f9dc9eb12\" ><div id=\"div_destino\"><\/div>\r\n<script src=\"https:\/\/cdn.snsrsv.com\/sdk.js\"><\/script>\r\n<script >\r\n      new sdk(\"464030C30061EA8BE065000000000001\") \r\n          .appendTo(\"div_destino\")\r\n          .disableStyle(true) \r\n          .setCacheBusterMacro(\"%%CACHEBUSTER%%\")\r\n          .setSize(\"800\",\"214\")\r\n          .setClickMacro(\"%%CLICK_URL_ESC%%\") \r\n          .setReferrerUrlMacro(\"%%REFERRER_URL_ESC%%\") \r\n          .start(); \r\n<\/script><\/div><style type=\"text\/css\">\r\n@media screen and (min-width: 1201px) {\r\n.wihrt69f5f9dc9eb12 {\r\ndisplay: block;\r\n}\r\n}\r\n@media screen and (min-width: 993px) and (max-width: 1200px) {\r\n.wihrt69f5f9dc9eb12 {\r\ndisplay: block;\r\n}\r\n}\r\n@media screen and (min-width: 769px) and (max-width: 992px) {\r\n.wihrt69f5f9dc9eb12 {\r\ndisplay: block;\r\n}\r\n}\r\n@media screen and (min-width: 768px) and (max-width: 768px) {\r\n.wihrt69f5f9dc9eb12 {\r\ndisplay: block;\r\n}\r\n}\r\n@media screen and (max-width: 767px) {\r\n.wihrt69f5f9dc9eb12 {\r\ndisplay: block;\r\n}\r\n}\r\n<\/style>\r\n","protected":false},"excerpt":{"rendered":"<p>Ilumina\u00e7\u00e3o mais moderna em vias p\u00fablicas, troca de equipamentos, l\u00e2mpadas e instala\u00e7\u00e3o de placas solares em institui\u00e7\u00f5es sociais e pr\u00e9dios p\u00fablicos da \u00e1rea de concess\u00e3o da Energisa em Minas Gerais. Com investimentos que somam mais de R$ 1,1 milh\u00e3o, as<\/p>\n<p class=\"link-more\"><a class=\"more-link\" href=\"https:\/\/marcelolopes.jor.br\/site\/2020\/11\/21\/energisa-investe-em-eficiencia-energetica-para-melhorar-iluminacao-publica\/\">Leia mais <span class=\"screen-reader-text\">Energisa investe em efici\u00eancia energ\u00e9tica para melhorar ilumina\u00e7\u00e3o p\u00fablica<\/span><\/a><\/p>\n","protected":false},"author":2,"featured_media":19217,"comment_status":"open","ping_status":"open","sticky":false,"template":"","format":"standard","meta":{"footnotes":""},"categories":[1],"tags":[1371,120,542,3277],"class_list":["post-19214","post","type-post","status-publish","format-standard","has-post-thumbnail","hentry","category-noticias","tag-eficiencia-energetica","tag-energisa","tag-iluminacao-publica","tag-luz-de-led","thumb-below-title"],"yoast_head":"<!-- This site is optimized with the Yoast SEO plugin v27.4 - https:\/\/yoast.com\/product\/yoast-seo-wordpress\/ -->\n<title>Energisa investe em efici\u00eancia energ\u00e9tica para melhorar ilumina\u00e7\u00e3o p\u00fablica | Marcelo Lopes<\/title>\n<meta name=\"robots\" content=\"index, follow, max-snippet:-1, max-image-preview:large, max-video-preview:-1\" \/>\n<link rel=\"canonical\" href=\"https:\/\/marcelolopes.jor.br\/site\/2020\/11\/21\/energisa-investe-em-eficiencia-energetica-para-melhorar-iluminacao-publica\/\" \/>\n<meta property=\"og:locale\" content=\"pt_BR\" \/>\n<meta property=\"og:type\" content=\"article\" \/>\n<meta property=\"og:title\" content=\"Energisa investe em efici\u00eancia energ\u00e9tica para melhorar ilumina\u00e7\u00e3o p\u00fablica | Marcelo Lopes\" \/>\n<meta property=\"og:description\" content=\"Ilumina\u00e7\u00e3o mais moderna em vias p\u00fablicas, troca de equipamentos, l\u00e2mpadas e instala\u00e7\u00e3o de placas solares em institui\u00e7\u00f5es sociais e pr\u00e9dios p\u00fablicos da \u00e1rea de concess\u00e3o da Energisa em Minas Gerais. Com investimentos que somam mais de R$ 1,1 milh\u00e3o, asLeia mais Energisa investe em efici\u00eancia energ\u00e9tica para melhorar ilumina\u00e7\u00e3o p\u00fablica\" \/>\n<meta property=\"og:url\" content=\"https:\/\/marcelolopes.jor.br\/site\/2020\/11\/21\/energisa-investe-em-eficiencia-energetica-para-melhorar-iluminacao-publica\/\" \/>\n<meta property=\"og:site_name\" content=\"Marcelo Lopes\" \/>\n<meta property=\"article:publisher\" content=\"https:\/\/www.facebook.com\/sitedomarcelolopes\" \/>\n<meta property=\"article:published_time\" content=\"2020-11-21T10:00:04+00:00\" \/>\n<meta property=\"og:image\" content=\"https:\/\/marcelolopes.jor.br\/site\/wp-content\/uploads\/2020\/11\/Outlook-cw4v5qko.png\" \/>\n\t<meta property=\"og:image:width\" content=\"800\" \/>\n\t<meta property=\"og:image:height\" content=\"450\" \/>\n\t<meta property=\"og:image:type\" content=\"image\/png\" \/>\n<meta name=\"author\" content=\"Marcelo Lopes\" \/>\n<meta name=\"twitter:card\" content=\"summary_large_image\" \/>\n<meta name=\"twitter:label1\" content=\"Escrito por\" \/>\n\t<meta name=\"twitter:data1\" content=\"Marcelo Lopes\" \/>\n\t<meta name=\"twitter:label2\" content=\"Est. tempo de leitura\" \/>\n\t<meta name=\"twitter:data2\" content=\"3 minutos\" \/>\n<script type=\"application\/ld+json\" class=\"yoast-schema-graph\">{\"@context\":\"https:\\\/\\\/schema.org\",\"@graph\":[{\"@type\":\"NewsArticle\",\"@id\":\"https:\\\/\\\/marcelolopes.jor.br\\\/site\\\/2020\\\/11\\\/21\\\/energisa-investe-em-eficiencia-energetica-para-melhorar-iluminacao-publica\\\/#article\",\"isPartOf\":{\"@id\":\"https:\\\/\\\/marcelolopes.jor.br\\\/site\\\/2020\\\/11\\\/21\\\/energisa-investe-em-eficiencia-energetica-para-melhorar-iluminacao-publica\\\/\"},\"author\":{\"name\":\"Marcelo Lopes\",\"@id\":\"https:\\\/\\\/marcelolopes.jor.br\\\/site\\\/#\\\/schema\\\/person\\\/3e7216a35c34d8fdf952b31da3d1f89f\"},\"headline\":\"Energisa investe em efici\u00eancia energ\u00e9tica para melhorar ilumina\u00e7\u00e3o p\u00fablica\",\"datePublished\":\"2020-11-21T10:00:04+00:00\",\"mainEntityOfPage\":{\"@id\":\"https:\\\/\\\/marcelolopes.jor.br\\\/site\\\/2020\\\/11\\\/21\\\/energisa-investe-em-eficiencia-energetica-para-melhorar-iluminacao-publica\\\/\"},\"wordCount\":665,\"commentCount\":0,\"publisher\":{\"@id\":\"https:\\\/\\\/marcelolopes.jor.br\\\/site\\\/#organization\"},\"image\":{\"@id\":\"https:\\\/\\\/marcelolopes.jor.br\\\/site\\\/2020\\\/11\\\/21\\\/energisa-investe-em-eficiencia-energetica-para-melhorar-iluminacao-publica\\\/#primaryimage\"},\"thumbnailUrl\":\"https:\\\/\\\/marcelolopes.jor.br\\\/site\\\/wp-content\\\/uploads\\\/2020\\\/11\\\/Outlook-cw4v5qko.png\",\"keywords\":[\"Efici\u00eancia Energ\u00e9tica\",\"Energisa\",\"ilumina\u00e7\u00e3o p\u00fablica\",\"luz de Led\"],\"articleSection\":[\"Not\u00edcias\"],\"inLanguage\":\"pt-BR\",\"potentialAction\":[{\"@type\":\"CommentAction\",\"name\":\"Comment\",\"target\":[\"https:\\\/\\\/marcelolopes.jor.br\\\/site\\\/2020\\\/11\\\/21\\\/energisa-investe-em-eficiencia-energetica-para-melhorar-iluminacao-publica\\\/#respond\"]}]},{\"@type\":\"WebPage\",\"@id\":\"https:\\\/\\\/marcelolopes.jor.br\\\/site\\\/2020\\\/11\\\/21\\\/energisa-investe-em-eficiencia-energetica-para-melhorar-iluminacao-publica\\\/\",\"url\":\"https:\\\/\\\/marcelolopes.jor.br\\\/site\\\/2020\\\/11\\\/21\\\/energisa-investe-em-eficiencia-energetica-para-melhorar-iluminacao-publica\\\/\",\"name\":\"Energisa investe em efici\u00eancia energ\u00e9tica para melhorar ilumina\u00e7\u00e3o p\u00fablica | Marcelo Lopes\",\"isPartOf\":{\"@id\":\"https:\\\/\\\/marcelolopes.jor.br\\\/site\\\/#website\"},\"primaryImageOfPage\":{\"@id\":\"https:\\\/\\\/marcelolopes.jor.br\\\/site\\\/2020\\\/11\\\/21\\\/energisa-investe-em-eficiencia-energetica-para-melhorar-iluminacao-publica\\\/#primaryimage\"},\"image\":{\"@id\":\"https:\\\/\\\/marcelolopes.jor.br\\\/site\\\/2020\\\/11\\\/21\\\/energisa-investe-em-eficiencia-energetica-para-melhorar-iluminacao-publica\\\/#primaryimage\"},\"thumbnailUrl\":\"https:\\\/\\\/marcelolopes.jor.br\\\/site\\\/wp-content\\\/uploads\\\/2020\\\/11\\\/Outlook-cw4v5qko.png\",\"datePublished\":\"2020-11-21T10:00:04+00:00\",\"breadcrumb\":{\"@id\":\"https:\\\/\\\/marcelolopes.jor.br\\\/site\\\/2020\\\/11\\\/21\\\/energisa-investe-em-eficiencia-energetica-para-melhorar-iluminacao-publica\\\/#breadcrumb\"},\"inLanguage\":\"pt-BR\",\"potentialAction\":[{\"@type\":\"ReadAction\",\"target\":[\"https:\\\/\\\/marcelolopes.jor.br\\\/site\\\/2020\\\/11\\\/21\\\/energisa-investe-em-eficiencia-energetica-para-melhorar-iluminacao-publica\\\/\"]}]},{\"@type\":\"ImageObject\",\"inLanguage\":\"pt-BR\",\"@id\":\"https:\\\/\\\/marcelolopes.jor.br\\\/site\\\/2020\\\/11\\\/21\\\/energisa-investe-em-eficiencia-energetica-para-melhorar-iluminacao-publica\\\/#primaryimage\",\"url\":\"https:\\\/\\\/marcelolopes.jor.br\\\/site\\\/wp-content\\\/uploads\\\/2020\\\/11\\\/Outlook-cw4v5qko.png\",\"contentUrl\":\"https:\\\/\\\/marcelolopes.jor.br\\\/site\\\/wp-content\\\/uploads\\\/2020\\\/11\\\/Outlook-cw4v5qko.png\",\"width\":800,\"height\":450},{\"@type\":\"BreadcrumbList\",\"@id\":\"https:\\\/\\\/marcelolopes.jor.br\\\/site\\\/2020\\\/11\\\/21\\\/energisa-investe-em-eficiencia-energetica-para-melhorar-iluminacao-publica\\\/#breadcrumb\",\"itemListElement\":[{\"@type\":\"ListItem\",\"position\":1,\"name\":\"Home\",\"item\":\"https:\\\/\\\/marcelolopes.jor.br\\\/site\\\/\"},{\"@type\":\"ListItem\",\"position\":2,\"name\":\"Energisa investe em efici\u00eancia energ\u00e9tica para melhorar ilumina\u00e7\u00e3o p\u00fablica\"}]},{\"@type\":\"WebSite\",\"@id\":\"https:\\\/\\\/marcelolopes.jor.br\\\/site\\\/#website\",\"url\":\"https:\\\/\\\/marcelolopes.jor.br\\\/site\\\/\",\"name\":\"Marcelo Lopes\",\"description\":\"Not\u00edcias de Cataguases e Regi\u00e3o\",\"publisher\":{\"@id\":\"https:\\\/\\\/marcelolopes.jor.br\\\/site\\\/#organization\"},\"potentialAction\":[{\"@type\":\"SearchAction\",\"target\":{\"@type\":\"EntryPoint\",\"urlTemplate\":\"https:\\\/\\\/marcelolopes.jor.br\\\/site\\\/?s={search_term_string}\"},\"query-input\":{\"@type\":\"PropertyValueSpecification\",\"valueRequired\":true,\"valueName\":\"search_term_string\"}}],\"inLanguage\":\"pt-BR\"},{\"@type\":\"Organization\",\"@id\":\"https:\\\/\\\/marcelolopes.jor.br\\\/site\\\/#organization\",\"name\":\"Site do Marcelo Lopes\",\"url\":\"https:\\\/\\\/marcelolopes.jor.br\\\/site\\\/\",\"logo\":{\"@type\":\"ImageObject\",\"inLanguage\":\"pt-BR\",\"@id\":\"https:\\\/\\\/marcelolopes.jor.br\\\/site\\\/#\\\/schema\\\/logo\\\/image\\\/\",\"url\":\"https:\\\/\\\/marcelolopes.jor.br\\\/site\\\/wp-content\\\/uploads\\\/2024\\\/11\\\/logo-1.png\",\"contentUrl\":\"https:\\\/\\\/marcelolopes.jor.br\\\/site\\\/wp-content\\\/uploads\\\/2024\\\/11\\\/logo-1.png\",\"width\":475,\"height\":80,\"caption\":\"Site do Marcelo Lopes\"},\"image\":{\"@id\":\"https:\\\/\\\/marcelolopes.jor.br\\\/site\\\/#\\\/schema\\\/logo\\\/image\\\/\"},\"sameAs\":[\"https:\\\/\\\/www.facebook.com\\\/sitedomarcelolopes\",\"https:\\\/\\\/www.instagram.com\\\/sitedomarcelolopes\\\/\",\"https:\\\/\\\/www.linkedin.com\\\/company\\\/site-do-marcelo-lopes\\\/\",\"https:\\\/\\\/www.youtube.com\\\/user\\\/marcelolopes957\"]},{\"@type\":\"Person\",\"@id\":\"https:\\\/\\\/marcelolopes.jor.br\\\/site\\\/#\\\/schema\\\/person\\\/3e7216a35c34d8fdf952b31da3d1f89f\",\"name\":\"Marcelo Lopes\",\"sameAs\":[\"http:\\\/\\\/www.marcelolopes.jor.br\"],\"url\":\"https:\\\/\\\/marcelolopes.jor.br\\\/site\\\/author\\\/marcelo\\\/\"}]}<\/script>\n<!-- \/ Yoast SEO plugin. -->","yoast_head_json":{"title":"Energisa investe em efici\u00eancia energ\u00e9tica para melhorar ilumina\u00e7\u00e3o p\u00fablica | Marcelo Lopes","robots":{"index":"index","follow":"follow","max-snippet":"max-snippet:-1","max-image-preview":"max-image-preview:large","max-video-preview":"max-video-preview:-1"},"canonical":"https:\/\/marcelolopes.jor.br\/site\/2020\/11\/21\/energisa-investe-em-eficiencia-energetica-para-melhorar-iluminacao-publica\/","og_locale":"pt_BR","og_type":"article","og_title":"Energisa investe em efici\u00eancia energ\u00e9tica para melhorar ilumina\u00e7\u00e3o p\u00fablica | Marcelo Lopes","og_description":"Ilumina\u00e7\u00e3o mais moderna em vias p\u00fablicas, troca de equipamentos, l\u00e2mpadas e instala\u00e7\u00e3o de placas solares em institui\u00e7\u00f5es sociais e pr\u00e9dios p\u00fablicos da \u00e1rea de concess\u00e3o da Energisa em Minas Gerais. Com investimentos que somam mais de R$ 1,1 milh\u00e3o, asLeia mais Energisa investe em efici\u00eancia energ\u00e9tica para melhorar ilumina\u00e7\u00e3o p\u00fablica","og_url":"https:\/\/marcelolopes.jor.br\/site\/2020\/11\/21\/energisa-investe-em-eficiencia-energetica-para-melhorar-iluminacao-publica\/","og_site_name":"Marcelo Lopes","article_publisher":"https:\/\/www.facebook.com\/sitedomarcelolopes","article_published_time":"2020-11-21T10:00:04+00:00","og_image":[{"width":800,"height":450,"url":"https:\/\/marcelolopes.jor.br\/site\/wp-content\/uploads\/2020\/11\/Outlook-cw4v5qko.png","type":"image\/png"}],"author":"Marcelo Lopes","twitter_card":"summary_large_image","twitter_misc":{"Escrito por":"Marcelo Lopes","Est. tempo de leitura":"3 minutos"},"schema":{"@context":"https:\/\/schema.org","@graph":[{"@type":"NewsArticle","@id":"https:\/\/marcelolopes.jor.br\/site\/2020\/11\/21\/energisa-investe-em-eficiencia-energetica-para-melhorar-iluminacao-publica\/#article","isPartOf":{"@id":"https:\/\/marcelolopes.jor.br\/site\/2020\/11\/21\/energisa-investe-em-eficiencia-energetica-para-melhorar-iluminacao-publica\/"},"author":{"name":"Marcelo Lopes","@id":"https:\/\/marcelolopes.jor.br\/site\/#\/schema\/person\/3e7216a35c34d8fdf952b31da3d1f89f"},"headline":"Energisa investe em efici\u00eancia energ\u00e9tica para melhorar ilumina\u00e7\u00e3o p\u00fablica","datePublished":"2020-11-21T10:00:04+00:00","mainEntityOfPage":{"@id":"https:\/\/marcelolopes.jor.br\/site\/2020\/11\/21\/energisa-investe-em-eficiencia-energetica-para-melhorar-iluminacao-publica\/"},"wordCount":665,"commentCount":0,"publisher":{"@id":"https:\/\/marcelolopes.jor.br\/site\/#organization"},"image":{"@id":"https:\/\/marcelolopes.jor.br\/site\/2020\/11\/21\/energisa-investe-em-eficiencia-energetica-para-melhorar-iluminacao-publica\/#primaryimage"},"thumbnailUrl":"https:\/\/marcelolopes.jor.br\/site\/wp-content\/uploads\/2020\/11\/Outlook-cw4v5qko.png","keywords":["Efici\u00eancia Energ\u00e9tica","Energisa","ilumina\u00e7\u00e3o p\u00fablica","luz de Led"],"articleSection":["Not\u00edcias"],"inLanguage":"pt-BR","potentialAction":[{"@type":"CommentAction","name":"Comment","target":["https:\/\/marcelolopes.jor.br\/site\/2020\/11\/21\/energisa-investe-em-eficiencia-energetica-para-melhorar-iluminacao-publica\/#respond"]}]},{"@type":"WebPage","@id":"https:\/\/marcelolopes.jor.br\/site\/2020\/11\/21\/energisa-investe-em-eficiencia-energetica-para-melhorar-iluminacao-publica\/","url":"https:\/\/marcelolopes.jor.br\/site\/2020\/11\/21\/energisa-investe-em-eficiencia-energetica-para-melhorar-iluminacao-publica\/","name":"Energisa investe em efici\u00eancia energ\u00e9tica para melhorar ilumina\u00e7\u00e3o p\u00fablica | Marcelo Lopes","isPartOf":{"@id":"https:\/\/marcelolopes.jor.br\/site\/#website"},"primaryImageOfPage":{"@id":"https:\/\/marcelolopes.jor.br\/site\/2020\/11\/21\/energisa-investe-em-eficiencia-energetica-para-melhorar-iluminacao-publica\/#primaryimage"},"image":{"@id":"https:\/\/marcelolopes.jor.br\/site\/2020\/11\/21\/energisa-investe-em-eficiencia-energetica-para-melhorar-iluminacao-publica\/#primaryimage"},"thumbnailUrl":"https:\/\/marcelolopes.jor.br\/site\/wp-content\/uploads\/2020\/11\/Outlook-cw4v5qko.png","datePublished":"2020-11-21T10:00:04+00:00","breadcrumb":{"@id":"https:\/\/marcelolopes.jor.br\/site\/2020\/11\/21\/energisa-investe-em-eficiencia-energetica-para-melhorar-iluminacao-publica\/#breadcrumb"},"inLanguage":"pt-BR","potentialAction":[{"@type":"ReadAction","target":["https:\/\/marcelolopes.jor.br\/site\/2020\/11\/21\/energisa-investe-em-eficiencia-energetica-para-melhorar-iluminacao-publica\/"]}]},{"@type":"ImageObject","inLanguage":"pt-BR","@id":"https:\/\/marcelolopes.jor.br\/site\/2020\/11\/21\/energisa-investe-em-eficiencia-energetica-para-melhorar-iluminacao-publica\/#primaryimage","url":"https:\/\/marcelolopes.jor.br\/site\/wp-content\/uploads\/2020\/11\/Outlook-cw4v5qko.png","contentUrl":"https:\/\/marcelolopes.jor.br\/site\/wp-content\/uploads\/2020\/11\/Outlook-cw4v5qko.png","width":800,"height":450},{"@type":"BreadcrumbList","@id":"https:\/\/marcelolopes.jor.br\/site\/2020\/11\/21\/energisa-investe-em-eficiencia-energetica-para-melhorar-iluminacao-publica\/#breadcrumb","itemListElement":[{"@type":"ListItem","position":1,"name":"Home","item":"https:\/\/marcelolopes.jor.br\/site\/"},{"@type":"ListItem","position":2,"name":"Energisa investe em efici\u00eancia energ\u00e9tica para melhorar ilumina\u00e7\u00e3o p\u00fablica"}]},{"@type":"WebSite","@id":"https:\/\/marcelolopes.jor.br\/site\/#website","url":"https:\/\/marcelolopes.jor.br\/site\/","name":"Marcelo Lopes","description":"Not\u00edcias de Cataguases e Regi\u00e3o","publisher":{"@id":"https:\/\/marcelolopes.jor.br\/site\/#organization"},"potentialAction":[{"@type":"SearchAction","target":{"@type":"EntryPoint","urlTemplate":"https:\/\/marcelolopes.jor.br\/site\/?s={search_term_string}"},"query-input":{"@type":"PropertyValueSpecification","valueRequired":true,"valueName":"search_term_string"}}],"inLanguage":"pt-BR"},{"@type":"Organization","@id":"https:\/\/marcelolopes.jor.br\/site\/#organization","name":"Site do Marcelo Lopes","url":"https:\/\/marcelolopes.jor.br\/site\/","logo":{"@type":"ImageObject","inLanguage":"pt-BR","@id":"https:\/\/marcelolopes.jor.br\/site\/#\/schema\/logo\/image\/","url":"https:\/\/marcelolopes.jor.br\/site\/wp-content\/uploads\/2024\/11\/logo-1.png","contentUrl":"https:\/\/marcelolopes.jor.br\/site\/wp-content\/uploads\/2024\/11\/logo-1.png","width":475,"height":80,"caption":"Site do Marcelo Lopes"},"image":{"@id":"https:\/\/marcelolopes.jor.br\/site\/#\/schema\/logo\/image\/"},"sameAs":["https:\/\/www.facebook.com\/sitedomarcelolopes","https:\/\/www.instagram.com\/sitedomarcelolopes\/","https:\/\/www.linkedin.com\/company\/site-do-marcelo-lopes\/","https:\/\/www.youtube.com\/user\/marcelolopes957"]},{"@type":"Person","@id":"https:\/\/marcelolopes.jor.br\/site\/#\/schema\/person\/3e7216a35c34d8fdf952b31da3d1f89f","name":"Marcelo Lopes","sameAs":["http:\/\/www.marcelolopes.jor.br"],"url":"https:\/\/marcelolopes.jor.br\/site\/author\/marcelo\/"}]}},"wps_subtitle":"O programa tamb\u00e9m realiza troca de equipamentos mais econ\u00f4micos em institui\u00e7\u00f5es sociais.","_links":{"self":[{"href":"https:\/\/marcelolopes.jor.br\/site\/wp-json\/wp\/v2\/posts\/19214","targetHints":{"allow":["GET"]}}],"collection":[{"href":"https:\/\/marcelolopes.jor.br\/site\/wp-json\/wp\/v2\/posts"}],"about":[{"href":"https:\/\/marcelolopes.jor.br\/site\/wp-json\/wp\/v2\/types\/post"}],"author":[{"embeddable":true,"href":"https:\/\/marcelolopes.jor.br\/site\/wp-json\/wp\/v2\/users\/2"}],"replies":[{"embeddable":true,"href":"https:\/\/marcelolopes.jor.br\/site\/wp-json\/wp\/v2\/comments?post=19214"}],"version-history":[{"count":0,"href":"https:\/\/marcelolopes.jor.br\/site\/wp-json\/wp\/v2\/posts\/19214\/revisions"}],"wp:featuredmedia":[{"embeddable":true,"href":"https:\/\/marcelolopes.jor.br\/site\/wp-json\/wp\/v2\/media\/19217"}],"wp:attachment":[{"href":"https:\/\/marcelolopes.jor.br\/site\/wp-json\/wp\/v2\/media?parent=19214"}],"wp:term":[{"taxonomy":"category","embeddable":true,"href":"https:\/\/marcelolopes.jor.br\/site\/wp-json\/wp\/v2\/categories?post=19214"},{"taxonomy":"post_tag","embeddable":true,"href":"https:\/\/marcelolopes.jor.br\/site\/wp-json\/wp\/v2\/tags?post=19214"}],"curies":[{"name":"wp","href":"https:\/\/api.w.org\/{rel}","templated":true}]}}