{"id":1867,"date":"2019-05-29T16:35:42","date_gmt":"2019-05-29T19:35:42","guid":{"rendered":"https:\/\/marcelolopes.jor.br\/?p=1867"},"modified":"2019-05-29T16:35:42","modified_gmt":"2019-05-29T19:35:42","slug":"homem-e-preso-com-faca-logo-apos-furtar-bateria-de-um-caminhao","status":"publish","type":"post","link":"https:\/\/marcelolopes.jor.br\/site\/2019\/05\/29\/homem-e-preso-com-faca-logo-apos-furtar-bateria-de-um-caminhao\/","title":{"rendered":"Homem \u00e9 preso com faca logo ap\u00f3s furtar bateria de um caminh\u00e3o"},"content":{"rendered":"<p style=\"text-align: justify;\">Um homem de 32 anos foi preso em Dona Euz\u00e9bia por volta do meio dia desta quarta-feira, 29 de maio, com uma faca na cintura e uma por\u00e7\u00e3o de maconha. Durante a pris\u00e3o, os militares ainda descobriram que ele teria furtado a bateria de um caminh\u00e3o que estava estacionado em frente a sua resid\u00eancia. A a\u00e7\u00e3o policial foi feita pelos sargentos Wanderson e Stroppa e contou com o apoio dos militares sargento Rocha e soldado Koeller.<!--more--><\/p>\n<p style=\"text-align: justify;\">De acordo com o relato da PM uma den\u00fancia an\u00f4nima afirmando que o suspeito estaria com uma faca e parte do corpo manchada de sangue, em um determinado endere\u00e7o naquela cidade, levou os militares a se deslocarem at\u00e9 l\u00e1, por\u00e9m, ele havia deixado o local. Os militares ent\u00e3o efetuaram um rastreamento nas imedia\u00e7\u00f5es e o localizaram pr\u00f3ximo a sua resid\u00eancia. Com ele foi encontrado, al\u00e9m daquela arma branca, uma por\u00e7\u00e3o de maconha.<\/p>\n<p style=\"text-align: justify;\">Durante a abordagem os militares descobriram que ele havia acabado de furtar a bateria de um caminh\u00e3o que estava estacionado em frente a resid\u00eancia dele. O dono do caminh\u00e3o foi localizado e reconheceu a bateria, al\u00e9m de ter confirmado que seu ve\u00edculo estava sem aquela pe\u00e7a. Levado para o posto policial para ser feito o Boletim de Ocorr\u00eancia, o suspeito amea\u00e7ou sua esposa na presen\u00e7a dos militares, dizendo que iria tentar contra a vida dela assim que &#8220;sa\u00edsse daquela situa\u00e7\u00e3o&#8221;. Ele foi conduzido para a Delegacia de Pol\u00edcia Civil de Cataguases para os procedimentos administrativos.<\/p>\n<p><em>Foto: Pol\u00edcia Militar\/Divulga\u00e7\u00e3o<\/em><\/p>\n<div class=\"evniv69f5db3fe3384\" ><br><\/div><style type=\"text\/css\">\r\n@media screen and (min-width: 1201px) {\r\n.evniv69f5db3fe3384 {\r\ndisplay: block;\r\n}\r\n}\r\n@media screen and (min-width: 993px) and (max-width: 1200px) {\r\n.evniv69f5db3fe3384 {\r\ndisplay: block;\r\n}\r\n}\r\n@media screen and (min-width: 769px) and (max-width: 992px) {\r\n.evniv69f5db3fe3384 {\r\ndisplay: block;\r\n}\r\n}\r\n@media screen and (min-width: 768px) and (max-width: 768px) {\r\n.evniv69f5db3fe3384 {\r\ndisplay: block;\r\n}\r\n}\r\n@media screen and (max-width: 767px) {\r\n.evniv69f5db3fe3384 {\r\ndisplay: block;\r\n}\r\n}\r\n<\/style>\r\n<div class=\"cirpb69f5db3fe8eca\" ><div id=\"div_destino\"><\/div>\r\n<script src=\"https:\/\/cdn.snsrsv.com\/sdk.js\"><\/script>\r\n<script >\r\n      new sdk(\"464030C30061EA8BE065000000000001\") \r\n          .appendTo(\"div_destino\")\r\n          .disableStyle(true) \r\n          .setCacheBusterMacro(\"%%CACHEBUSTER%%\")\r\n          .setSize(\"800\",\"214\")\r\n          .setClickMacro(\"%%CLICK_URL_ESC%%\") \r\n          .setReferrerUrlMacro(\"%%REFERRER_URL_ESC%%\") \r\n          .start(); \r\n<\/script><\/div><style type=\"text\/css\">\r\n@media screen and (min-width: 1201px) {\r\n.cirpb69f5db3fe8eca {\r\ndisplay: block;\r\n}\r\n}\r\n@media screen and (min-width: 993px) and (max-width: 1200px) {\r\n.cirpb69f5db3fe8eca {\r\ndisplay: block;\r\n}\r\n}\r\n@media screen and (min-width: 769px) and (max-width: 992px) {\r\n.cirpb69f5db3fe8eca {\r\ndisplay: block;\r\n}\r\n}\r\n@media screen and (min-width: 768px) and (max-width: 768px) {\r\n.cirpb69f5db3fe8eca {\r\ndisplay: block;\r\n}\r\n}\r\n@media screen and (max-width: 767px) {\r\n.cirpb69f5db3fe8eca {\r\ndisplay: block;\r\n}\r\n}\r\n<\/style>\r\n","protected":false},"excerpt":{"rendered":"<p>Um homem de 32 anos foi preso em Dona Euz\u00e9bia por volta do meio dia desta quarta-feira, 29 de maio, com uma faca na cintura e uma por\u00e7\u00e3o de maconha. Durante a pris\u00e3o, os militares ainda descobriram que ele teria<\/p>\n<p class=\"link-more\"><a class=\"more-link\" href=\"https:\/\/marcelolopes.jor.br\/site\/2019\/05\/29\/homem-e-preso-com-faca-logo-apos-furtar-bateria-de-um-caminhao\/\">Leia mais <span class=\"screen-reader-text\">Homem \u00e9 preso com faca logo ap\u00f3s furtar bateria de um caminh\u00e3o<\/span><\/a><\/p>\n","protected":false},"author":2,"featured_media":1869,"comment_status":"open","ping_status":"open","sticky":false,"template":"","format":"standard","meta":{"footnotes":""},"categories":[1],"tags":[84,388,387],"class_list":["post-1867","post","type-post","status-publish","format-standard","has-post-thumbnail","hentry","category-noticias","tag-caminhao","tag-dona-euzebia","tag-faca-prisao","thumb-below-title"],"yoast_head":"<!-- This site is optimized with the Yoast SEO plugin v27.4 - https:\/\/yoast.com\/product\/yoast-seo-wordpress\/ -->\n<title>Homem \u00e9 preso com faca logo ap\u00f3s furtar bateria de um caminh\u00e3o | Marcelo Lopes<\/title>\n<meta name=\"robots\" content=\"index, follow, max-snippet:-1, max-image-preview:large, max-video-preview:-1\" \/>\n<link rel=\"canonical\" href=\"https:\/\/marcelolopes.jor.br\/site\/2019\/05\/29\/homem-e-preso-com-faca-logo-apos-furtar-bateria-de-um-caminhao\/\" \/>\n<meta property=\"og:locale\" content=\"pt_BR\" \/>\n<meta property=\"og:type\" content=\"article\" \/>\n<meta property=\"og:title\" content=\"Homem \u00e9 preso com faca logo ap\u00f3s furtar bateria de um caminh\u00e3o | Marcelo Lopes\" \/>\n<meta property=\"og:description\" content=\"Um homem de 32 anos foi preso em Dona Euz\u00e9bia por volta do meio dia desta quarta-feira, 29 de maio, com uma faca na cintura e uma por\u00e7\u00e3o de maconha. Durante a pris\u00e3o, os militares ainda descobriram que ele teriaLeia mais Homem \u00e9 preso com faca logo ap\u00f3s furtar bateria de um caminh\u00e3o\" \/>\n<meta property=\"og:url\" content=\"https:\/\/marcelolopes.jor.br\/site\/2019\/05\/29\/homem-e-preso-com-faca-logo-apos-furtar-bateria-de-um-caminhao\/\" \/>\n<meta property=\"og:site_name\" content=\"Marcelo Lopes\" \/>\n<meta property=\"article:publisher\" content=\"https:\/\/www.facebook.com\/sitedomarcelolopes\" \/>\n<meta property=\"article:published_time\" content=\"2019-05-29T19:35:42+00:00\" \/>\n<meta property=\"og:image\" content=\"https:\/\/marcelolopes.jor.br\/site\/wp-content\/uploads\/2019\/05\/WhatsApp-Image-2019-05-29-at-16.25.00.jpeg\" \/>\n\t<meta property=\"og:image:width\" content=\"780\" \/>\n\t<meta property=\"og:image:height\" content=\"588\" \/>\n\t<meta property=\"og:image:type\" content=\"image\/jpeg\" \/>\n<meta name=\"author\" content=\"Marcelo Lopes\" \/>\n<meta name=\"twitter:card\" content=\"summary_large_image\" \/>\n<meta name=\"twitter:label1\" content=\"Escrito por\" \/>\n\t<meta name=\"twitter:data1\" content=\"Marcelo Lopes\" \/>\n\t<meta name=\"twitter:label2\" content=\"Est. tempo de leitura\" \/>\n\t<meta name=\"twitter:data2\" content=\"1 minuto\" \/>\n<script type=\"application\/ld+json\" class=\"yoast-schema-graph\">{\"@context\":\"https:\\\/\\\/schema.org\",\"@graph\":[{\"@type\":\"NewsArticle\",\"@id\":\"https:\\\/\\\/marcelolopes.jor.br\\\/site\\\/2019\\\/05\\\/29\\\/homem-e-preso-com-faca-logo-apos-furtar-bateria-de-um-caminhao\\\/#article\",\"isPartOf\":{\"@id\":\"https:\\\/\\\/marcelolopes.jor.br\\\/site\\\/2019\\\/05\\\/29\\\/homem-e-preso-com-faca-logo-apos-furtar-bateria-de-um-caminhao\\\/\"},\"author\":{\"name\":\"Marcelo Lopes\",\"@id\":\"https:\\\/\\\/marcelolopes.jor.br\\\/site\\\/#\\\/schema\\\/person\\\/3e7216a35c34d8fdf952b31da3d1f89f\"},\"headline\":\"Homem \u00e9 preso com faca logo ap\u00f3s furtar bateria de um caminh\u00e3o\",\"datePublished\":\"2019-05-29T19:35:42+00:00\",\"mainEntityOfPage\":{\"@id\":\"https:\\\/\\\/marcelolopes.jor.br\\\/site\\\/2019\\\/05\\\/29\\\/homem-e-preso-com-faca-logo-apos-furtar-bateria-de-um-caminhao\\\/\"},\"wordCount\":288,\"commentCount\":0,\"publisher\":{\"@id\":\"https:\\\/\\\/marcelolopes.jor.br\\\/site\\\/#organization\"},\"image\":{\"@id\":\"https:\\\/\\\/marcelolopes.jor.br\\\/site\\\/2019\\\/05\\\/29\\\/homem-e-preso-com-faca-logo-apos-furtar-bateria-de-um-caminhao\\\/#primaryimage\"},\"thumbnailUrl\":\"https:\\\/\\\/marcelolopes.jor.br\\\/site\\\/wp-content\\\/uploads\\\/2019\\\/05\\\/WhatsApp-Image-2019-05-29-at-16.25.00.jpeg\",\"keywords\":[\"caminh\u00e3o\",\"Dona Euz\u00e9bia\",\"Faca. pris\u00e3o\"],\"articleSection\":[\"Not\u00edcias\"],\"inLanguage\":\"pt-BR\",\"potentialAction\":[{\"@type\":\"CommentAction\",\"name\":\"Comment\",\"target\":[\"https:\\\/\\\/marcelolopes.jor.br\\\/site\\\/2019\\\/05\\\/29\\\/homem-e-preso-com-faca-logo-apos-furtar-bateria-de-um-caminhao\\\/#respond\"]}]},{\"@type\":\"WebPage\",\"@id\":\"https:\\\/\\\/marcelolopes.jor.br\\\/site\\\/2019\\\/05\\\/29\\\/homem-e-preso-com-faca-logo-apos-furtar-bateria-de-um-caminhao\\\/\",\"url\":\"https:\\\/\\\/marcelolopes.jor.br\\\/site\\\/2019\\\/05\\\/29\\\/homem-e-preso-com-faca-logo-apos-furtar-bateria-de-um-caminhao\\\/\",\"name\":\"Homem \u00e9 preso com faca logo ap\u00f3s furtar bateria de um caminh\u00e3o | Marcelo Lopes\",\"isPartOf\":{\"@id\":\"https:\\\/\\\/marcelolopes.jor.br\\\/site\\\/#website\"},\"primaryImageOfPage\":{\"@id\":\"https:\\\/\\\/marcelolopes.jor.br\\\/site\\\/2019\\\/05\\\/29\\\/homem-e-preso-com-faca-logo-apos-furtar-bateria-de-um-caminhao\\\/#primaryimage\"},\"image\":{\"@id\":\"https:\\\/\\\/marcelolopes.jor.br\\\/site\\\/2019\\\/05\\\/29\\\/homem-e-preso-com-faca-logo-apos-furtar-bateria-de-um-caminhao\\\/#primaryimage\"},\"thumbnailUrl\":\"https:\\\/\\\/marcelolopes.jor.br\\\/site\\\/wp-content\\\/uploads\\\/2019\\\/05\\\/WhatsApp-Image-2019-05-29-at-16.25.00.jpeg\",\"datePublished\":\"2019-05-29T19:35:42+00:00\",\"breadcrumb\":{\"@id\":\"https:\\\/\\\/marcelolopes.jor.br\\\/site\\\/2019\\\/05\\\/29\\\/homem-e-preso-com-faca-logo-apos-furtar-bateria-de-um-caminhao\\\/#breadcrumb\"},\"inLanguage\":\"pt-BR\",\"potentialAction\":[{\"@type\":\"ReadAction\",\"target\":[\"https:\\\/\\\/marcelolopes.jor.br\\\/site\\\/2019\\\/05\\\/29\\\/homem-e-preso-com-faca-logo-apos-furtar-bateria-de-um-caminhao\\\/\"]}]},{\"@type\":\"ImageObject\",\"inLanguage\":\"pt-BR\",\"@id\":\"https:\\\/\\\/marcelolopes.jor.br\\\/site\\\/2019\\\/05\\\/29\\\/homem-e-preso-com-faca-logo-apos-furtar-bateria-de-um-caminhao\\\/#primaryimage\",\"url\":\"https:\\\/\\\/marcelolopes.jor.br\\\/site\\\/wp-content\\\/uploads\\\/2019\\\/05\\\/WhatsApp-Image-2019-05-29-at-16.25.00.jpeg\",\"contentUrl\":\"https:\\\/\\\/marcelolopes.jor.br\\\/site\\\/wp-content\\\/uploads\\\/2019\\\/05\\\/WhatsApp-Image-2019-05-29-at-16.25.00.jpeg\",\"width\":780,\"height\":588,\"caption\":\"O homem tentou fugir mas foi localizado e preso perto de sua resid\u00eancia\"},{\"@type\":\"BreadcrumbList\",\"@id\":\"https:\\\/\\\/marcelolopes.jor.br\\\/site\\\/2019\\\/05\\\/29\\\/homem-e-preso-com-faca-logo-apos-furtar-bateria-de-um-caminhao\\\/#breadcrumb\",\"itemListElement\":[{\"@type\":\"ListItem\",\"position\":1,\"name\":\"Home\",\"item\":\"https:\\\/\\\/marcelolopes.jor.br\\\/site\\\/\"},{\"@type\":\"ListItem\",\"position\":2,\"name\":\"Homem \u00e9 preso com faca logo ap\u00f3s furtar bateria de um caminh\u00e3o\"}]},{\"@type\":\"WebSite\",\"@id\":\"https:\\\/\\\/marcelolopes.jor.br\\\/site\\\/#website\",\"url\":\"https:\\\/\\\/marcelolopes.jor.br\\\/site\\\/\",\"name\":\"Marcelo Lopes\",\"description\":\"Not\u00edcias de Cataguases e Regi\u00e3o\",\"publisher\":{\"@id\":\"https:\\\/\\\/marcelolopes.jor.br\\\/site\\\/#organization\"},\"potentialAction\":[{\"@type\":\"SearchAction\",\"target\":{\"@type\":\"EntryPoint\",\"urlTemplate\":\"https:\\\/\\\/marcelolopes.jor.br\\\/site\\\/?s={search_term_string}\"},\"query-input\":{\"@type\":\"PropertyValueSpecification\",\"valueRequired\":true,\"valueName\":\"search_term_string\"}}],\"inLanguage\":\"pt-BR\"},{\"@type\":\"Organization\",\"@id\":\"https:\\\/\\\/marcelolopes.jor.br\\\/site\\\/#organization\",\"name\":\"Site do Marcelo Lopes\",\"url\":\"https:\\\/\\\/marcelolopes.jor.br\\\/site\\\/\",\"logo\":{\"@type\":\"ImageObject\",\"inLanguage\":\"pt-BR\",\"@id\":\"https:\\\/\\\/marcelolopes.jor.br\\\/site\\\/#\\\/schema\\\/logo\\\/image\\\/\",\"url\":\"https:\\\/\\\/marcelolopes.jor.br\\\/site\\\/wp-content\\\/uploads\\\/2024\\\/11\\\/logo-1.png\",\"contentUrl\":\"https:\\\/\\\/marcelolopes.jor.br\\\/site\\\/wp-content\\\/uploads\\\/2024\\\/11\\\/logo-1.png\",\"width\":475,\"height\":80,\"caption\":\"Site do Marcelo Lopes\"},\"image\":{\"@id\":\"https:\\\/\\\/marcelolopes.jor.br\\\/site\\\/#\\\/schema\\\/logo\\\/image\\\/\"},\"sameAs\":[\"https:\\\/\\\/www.facebook.com\\\/sitedomarcelolopes\",\"https:\\\/\\\/www.instagram.com\\\/sitedomarcelolopes\\\/\",\"https:\\\/\\\/www.linkedin.com\\\/company\\\/site-do-marcelo-lopes\\\/\",\"https:\\\/\\\/www.youtube.com\\\/user\\\/marcelolopes957\"]},{\"@type\":\"Person\",\"@id\":\"https:\\\/\\\/marcelolopes.jor.br\\\/site\\\/#\\\/schema\\\/person\\\/3e7216a35c34d8fdf952b31da3d1f89f\",\"name\":\"Marcelo Lopes\",\"sameAs\":[\"http:\\\/\\\/www.marcelolopes.jor.br\"],\"url\":\"https:\\\/\\\/marcelolopes.jor.br\\\/site\\\/author\\\/marcelo\\\/\"}]}<\/script>\n<!-- \/ Yoast SEO plugin. -->","yoast_head_json":{"title":"Homem \u00e9 preso com faca logo ap\u00f3s furtar bateria de um caminh\u00e3o | Marcelo Lopes","robots":{"index":"index","follow":"follow","max-snippet":"max-snippet:-1","max-image-preview":"max-image-preview:large","max-video-preview":"max-video-preview:-1"},"canonical":"https:\/\/marcelolopes.jor.br\/site\/2019\/05\/29\/homem-e-preso-com-faca-logo-apos-furtar-bateria-de-um-caminhao\/","og_locale":"pt_BR","og_type":"article","og_title":"Homem \u00e9 preso com faca logo ap\u00f3s furtar bateria de um caminh\u00e3o | Marcelo Lopes","og_description":"Um homem de 32 anos foi preso em Dona Euz\u00e9bia por volta do meio dia desta quarta-feira, 29 de maio, com uma faca na cintura e uma por\u00e7\u00e3o de maconha. Durante a pris\u00e3o, os militares ainda descobriram que ele teriaLeia mais Homem \u00e9 preso com faca logo ap\u00f3s furtar bateria de um caminh\u00e3o","og_url":"https:\/\/marcelolopes.jor.br\/site\/2019\/05\/29\/homem-e-preso-com-faca-logo-apos-furtar-bateria-de-um-caminhao\/","og_site_name":"Marcelo Lopes","article_publisher":"https:\/\/www.facebook.com\/sitedomarcelolopes","article_published_time":"2019-05-29T19:35:42+00:00","og_image":[{"width":780,"height":588,"url":"https:\/\/marcelolopes.jor.br\/site\/wp-content\/uploads\/2019\/05\/WhatsApp-Image-2019-05-29-at-16.25.00.jpeg","type":"image\/jpeg"}],"author":"Marcelo Lopes","twitter_card":"summary_large_image","twitter_misc":{"Escrito por":"Marcelo Lopes","Est. tempo de leitura":"1 minuto"},"schema":{"@context":"https:\/\/schema.org","@graph":[{"@type":"NewsArticle","@id":"https:\/\/marcelolopes.jor.br\/site\/2019\/05\/29\/homem-e-preso-com-faca-logo-apos-furtar-bateria-de-um-caminhao\/#article","isPartOf":{"@id":"https:\/\/marcelolopes.jor.br\/site\/2019\/05\/29\/homem-e-preso-com-faca-logo-apos-furtar-bateria-de-um-caminhao\/"},"author":{"name":"Marcelo Lopes","@id":"https:\/\/marcelolopes.jor.br\/site\/#\/schema\/person\/3e7216a35c34d8fdf952b31da3d1f89f"},"headline":"Homem \u00e9 preso com faca logo ap\u00f3s furtar bateria de um caminh\u00e3o","datePublished":"2019-05-29T19:35:42+00:00","mainEntityOfPage":{"@id":"https:\/\/marcelolopes.jor.br\/site\/2019\/05\/29\/homem-e-preso-com-faca-logo-apos-furtar-bateria-de-um-caminhao\/"},"wordCount":288,"commentCount":0,"publisher":{"@id":"https:\/\/marcelolopes.jor.br\/site\/#organization"},"image":{"@id":"https:\/\/marcelolopes.jor.br\/site\/2019\/05\/29\/homem-e-preso-com-faca-logo-apos-furtar-bateria-de-um-caminhao\/#primaryimage"},"thumbnailUrl":"https:\/\/marcelolopes.jor.br\/site\/wp-content\/uploads\/2019\/05\/WhatsApp-Image-2019-05-29-at-16.25.00.jpeg","keywords":["caminh\u00e3o","Dona Euz\u00e9bia","Faca. pris\u00e3o"],"articleSection":["Not\u00edcias"],"inLanguage":"pt-BR","potentialAction":[{"@type":"CommentAction","name":"Comment","target":["https:\/\/marcelolopes.jor.br\/site\/2019\/05\/29\/homem-e-preso-com-faca-logo-apos-furtar-bateria-de-um-caminhao\/#respond"]}]},{"@type":"WebPage","@id":"https:\/\/marcelolopes.jor.br\/site\/2019\/05\/29\/homem-e-preso-com-faca-logo-apos-furtar-bateria-de-um-caminhao\/","url":"https:\/\/marcelolopes.jor.br\/site\/2019\/05\/29\/homem-e-preso-com-faca-logo-apos-furtar-bateria-de-um-caminhao\/","name":"Homem \u00e9 preso com faca logo ap\u00f3s furtar bateria de um caminh\u00e3o | Marcelo Lopes","isPartOf":{"@id":"https:\/\/marcelolopes.jor.br\/site\/#website"},"primaryImageOfPage":{"@id":"https:\/\/marcelolopes.jor.br\/site\/2019\/05\/29\/homem-e-preso-com-faca-logo-apos-furtar-bateria-de-um-caminhao\/#primaryimage"},"image":{"@id":"https:\/\/marcelolopes.jor.br\/site\/2019\/05\/29\/homem-e-preso-com-faca-logo-apos-furtar-bateria-de-um-caminhao\/#primaryimage"},"thumbnailUrl":"https:\/\/marcelolopes.jor.br\/site\/wp-content\/uploads\/2019\/05\/WhatsApp-Image-2019-05-29-at-16.25.00.jpeg","datePublished":"2019-05-29T19:35:42+00:00","breadcrumb":{"@id":"https:\/\/marcelolopes.jor.br\/site\/2019\/05\/29\/homem-e-preso-com-faca-logo-apos-furtar-bateria-de-um-caminhao\/#breadcrumb"},"inLanguage":"pt-BR","potentialAction":[{"@type":"ReadAction","target":["https:\/\/marcelolopes.jor.br\/site\/2019\/05\/29\/homem-e-preso-com-faca-logo-apos-furtar-bateria-de-um-caminhao\/"]}]},{"@type":"ImageObject","inLanguage":"pt-BR","@id":"https:\/\/marcelolopes.jor.br\/site\/2019\/05\/29\/homem-e-preso-com-faca-logo-apos-furtar-bateria-de-um-caminhao\/#primaryimage","url":"https:\/\/marcelolopes.jor.br\/site\/wp-content\/uploads\/2019\/05\/WhatsApp-Image-2019-05-29-at-16.25.00.jpeg","contentUrl":"https:\/\/marcelolopes.jor.br\/site\/wp-content\/uploads\/2019\/05\/WhatsApp-Image-2019-05-29-at-16.25.00.jpeg","width":780,"height":588,"caption":"O homem tentou fugir mas foi localizado e preso perto de sua resid\u00eancia"},{"@type":"BreadcrumbList","@id":"https:\/\/marcelolopes.jor.br\/site\/2019\/05\/29\/homem-e-preso-com-faca-logo-apos-furtar-bateria-de-um-caminhao\/#breadcrumb","itemListElement":[{"@type":"ListItem","position":1,"name":"Home","item":"https:\/\/marcelolopes.jor.br\/site\/"},{"@type":"ListItem","position":2,"name":"Homem \u00e9 preso com faca logo ap\u00f3s furtar bateria de um caminh\u00e3o"}]},{"@type":"WebSite","@id":"https:\/\/marcelolopes.jor.br\/site\/#website","url":"https:\/\/marcelolopes.jor.br\/site\/","name":"Marcelo Lopes","description":"Not\u00edcias de Cataguases e Regi\u00e3o","publisher":{"@id":"https:\/\/marcelolopes.jor.br\/site\/#organization"},"potentialAction":[{"@type":"SearchAction","target":{"@type":"EntryPoint","urlTemplate":"https:\/\/marcelolopes.jor.br\/site\/?s={search_term_string}"},"query-input":{"@type":"PropertyValueSpecification","valueRequired":true,"valueName":"search_term_string"}}],"inLanguage":"pt-BR"},{"@type":"Organization","@id":"https:\/\/marcelolopes.jor.br\/site\/#organization","name":"Site do Marcelo Lopes","url":"https:\/\/marcelolopes.jor.br\/site\/","logo":{"@type":"ImageObject","inLanguage":"pt-BR","@id":"https:\/\/marcelolopes.jor.br\/site\/#\/schema\/logo\/image\/","url":"https:\/\/marcelolopes.jor.br\/site\/wp-content\/uploads\/2024\/11\/logo-1.png","contentUrl":"https:\/\/marcelolopes.jor.br\/site\/wp-content\/uploads\/2024\/11\/logo-1.png","width":475,"height":80,"caption":"Site do Marcelo Lopes"},"image":{"@id":"https:\/\/marcelolopes.jor.br\/site\/#\/schema\/logo\/image\/"},"sameAs":["https:\/\/www.facebook.com\/sitedomarcelolopes","https:\/\/www.instagram.com\/sitedomarcelolopes\/","https:\/\/www.linkedin.com\/company\/site-do-marcelo-lopes\/","https:\/\/www.youtube.com\/user\/marcelolopes957"]},{"@type":"Person","@id":"https:\/\/marcelolopes.jor.br\/site\/#\/schema\/person\/3e7216a35c34d8fdf952b31da3d1f89f","name":"Marcelo Lopes","sameAs":["http:\/\/www.marcelolopes.jor.br"],"url":"https:\/\/marcelolopes.jor.br\/site\/author\/marcelo\/"}]}},"wps_subtitle":"Crime aconteceu em Dona Euz\u00e9bia e com o suspeito tamb\u00e9m foi encontrada uma por\u00e7\u00e3o de maconha.","_links":{"self":[{"href":"https:\/\/marcelolopes.jor.br\/site\/wp-json\/wp\/v2\/posts\/1867","targetHints":{"allow":["GET"]}}],"collection":[{"href":"https:\/\/marcelolopes.jor.br\/site\/wp-json\/wp\/v2\/posts"}],"about":[{"href":"https:\/\/marcelolopes.jor.br\/site\/wp-json\/wp\/v2\/types\/post"}],"author":[{"embeddable":true,"href":"https:\/\/marcelolopes.jor.br\/site\/wp-json\/wp\/v2\/users\/2"}],"replies":[{"embeddable":true,"href":"https:\/\/marcelolopes.jor.br\/site\/wp-json\/wp\/v2\/comments?post=1867"}],"version-history":[{"count":0,"href":"https:\/\/marcelolopes.jor.br\/site\/wp-json\/wp\/v2\/posts\/1867\/revisions"}],"wp:featuredmedia":[{"embeddable":true,"href":"https:\/\/marcelolopes.jor.br\/site\/wp-json\/wp\/v2\/media\/1869"}],"wp:attachment":[{"href":"https:\/\/marcelolopes.jor.br\/site\/wp-json\/wp\/v2\/media?parent=1867"}],"wp:term":[{"taxonomy":"category","embeddable":true,"href":"https:\/\/marcelolopes.jor.br\/site\/wp-json\/wp\/v2\/categories?post=1867"},{"taxonomy":"post_tag","embeddable":true,"href":"https:\/\/marcelolopes.jor.br\/site\/wp-json\/wp\/v2\/tags?post=1867"}],"curies":[{"name":"wp","href":"https:\/\/api.w.org\/{rel}","templated":true}]}}