{"id":18579,"date":"2020-10-30T20:30:42","date_gmt":"2020-10-30T23:30:42","guid":{"rendered":"https:\/\/marcelolopes.jor.br\/?p=18579"},"modified":"2020-10-30T15:17:07","modified_gmt":"2020-10-30T18:17:07","slug":"ministerio-publico-eleitoral-alerta-candidatos-sobre-prestacao-de-contas","status":"publish","type":"post","link":"https:\/\/marcelolopes.jor.br\/site\/2020\/10\/30\/ministerio-publico-eleitoral-alerta-candidatos-sobre-prestacao-de-contas\/","title":{"rendered":"Minist\u00e9rio P\u00fablico Eleitoral alerta candidatos sobre presta\u00e7\u00e3o de contas"},"content":{"rendered":"<p style=\"text-align: justify;\">O Minist\u00e9rio P\u00fablico Eleitoral (MPE) da Comarca de Cataguases est\u00e1 fazendo um alerta importante sobre a presta\u00e7\u00e3o de contas dos candidatos nesta elei\u00e7\u00e3o municipal. Conforme informou o promotor eleitoral Gustavo Garcia Ara\u00fajo, foram identificadas &#8220;v\u00e1rias doa\u00e7\u00f5es feitas pelos candidatos para a pr\u00f3pria campanha em valores acima do permitido pela lei eleitoral. Isso configura infra\u00e7\u00e3o e gera multa&#8221;, explicou. Ele explica melhor o que o MPE est\u00e1 encontrando nesta primeira etapa da presta\u00e7\u00e3o de contas dos candidatos.<!--more--><\/p>\n<p style=\"text-align: justify;\">&#8211; A Lei Eleitoral determina que cada candidato pode doar para a pr\u00f3pria campanha, no m\u00e1ximo, dez por cento do total permitido de gastos&#8221;, conta. Ele exemplifica dizendo que no caso de Cataguases, o teto de gastos para candidatos a vereador \u00e9 de R$ 41.919,46. Isto quer dizer que o candidato pode doar no m\u00e1ximo R$ 4.191,94 para a sua campanha. O que passar disso ele ser\u00e1 penalizado com o pagamento de multa de cem por cento sobre o excesso doado, e vai responder a um processo por abuso de poder econ\u00f4mico e pode at\u00e9 ter cassado o seu registro de candidato,&#8221; conta aquele promotor eleitoral.<\/p>\n<p style=\"text-align: justify;\">Conforme a Lei das Elei\u00e7\u00f5es, os gastos de campanha devem ser calculados com base no limite definido nas \u00faltimas elei\u00e7\u00f5es municipais, atualizados pelo \u00cdndice Nacional de Pre\u00e7os ao Consumidor Amplo (IPCA). De acordo com a tabela, os candidatos a prefeito em Cataguases podem gastar at\u00e9 o limite de R$ 274.385,27. Para o cargo de vereador, o limite estipulado foi de R$ 41.919,46.<\/p>\n<p style=\"text-align: justify;\">A presta\u00e7\u00e3o de contas \u00e9 um dever de todos os candidatos, com seus vices e suplentes, e dos diret\u00f3rios partid\u00e1rios nacionais e estaduais, em conjunto com seus respectivos comit\u00eas financeiros, se constitu\u00eddos. Essa \u00e9 uma medida que garante a transpar\u00eancia e a legitimidade da atua\u00e7\u00e3o partid\u00e1ria no processo eleitoral.<\/p>\n<p>Com informa\u00e7\u00f5es do TSE | Foto: Reprodu\u00e7\u00e3o internet<\/p>\n<div class=\"ltdlw69f72a4d13d7d\" ><br><\/div><style type=\"text\/css\">\r\n@media screen and (min-width: 1201px) {\r\n.ltdlw69f72a4d13d7d {\r\ndisplay: block;\r\n}\r\n}\r\n@media screen and (min-width: 993px) and (max-width: 1200px) {\r\n.ltdlw69f72a4d13d7d {\r\ndisplay: block;\r\n}\r\n}\r\n@media screen and (min-width: 769px) and (max-width: 992px) {\r\n.ltdlw69f72a4d13d7d {\r\ndisplay: block;\r\n}\r\n}\r\n@media screen and (min-width: 768px) and (max-width: 768px) {\r\n.ltdlw69f72a4d13d7d {\r\ndisplay: block;\r\n}\r\n}\r\n@media screen and (max-width: 767px) {\r\n.ltdlw69f72a4d13d7d {\r\ndisplay: block;\r\n}\r\n}\r\n<\/style>\r\n<div class=\"xvurd69f72a4d19147\" ><div id=\"div_destino\"><\/div>\r\n<script src=\"https:\/\/cdn.snsrsv.com\/sdk.js\"><\/script>\r\n<script >\r\n      new sdk(\"464030C30061EA8BE065000000000001\") \r\n          .appendTo(\"div_destino\")\r\n          .disableStyle(true) \r\n          .setCacheBusterMacro(\"%%CACHEBUSTER%%\")\r\n          .setSize(\"800\",\"214\")\r\n          .setClickMacro(\"%%CLICK_URL_ESC%%\") \r\n          .setReferrerUrlMacro(\"%%REFERRER_URL_ESC%%\") \r\n          .start(); \r\n<\/script><\/div><style type=\"text\/css\">\r\n@media screen and (min-width: 1201px) {\r\n.xvurd69f72a4d19147 {\r\ndisplay: block;\r\n}\r\n}\r\n@media screen and (min-width: 993px) and (max-width: 1200px) {\r\n.xvurd69f72a4d19147 {\r\ndisplay: block;\r\n}\r\n}\r\n@media screen and (min-width: 769px) and (max-width: 992px) {\r\n.xvurd69f72a4d19147 {\r\ndisplay: block;\r\n}\r\n}\r\n@media screen and (min-width: 768px) and (max-width: 768px) {\r\n.xvurd69f72a4d19147 {\r\ndisplay: block;\r\n}\r\n}\r\n@media screen and (max-width: 767px) {\r\n.xvurd69f72a4d19147 {\r\ndisplay: block;\r\n}\r\n}\r\n<\/style>\r\n","protected":false},"excerpt":{"rendered":"<p>O Minist\u00e9rio P\u00fablico Eleitoral (MPE) da Comarca de Cataguases est\u00e1 fazendo um alerta importante sobre a presta\u00e7\u00e3o de contas dos candidatos nesta elei\u00e7\u00e3o municipal. Conforme informou o promotor eleitoral Gustavo Garcia Ara\u00fajo, foram identificadas &#8220;v\u00e1rias doa\u00e7\u00f5es feitas pelos candidatos para<\/p>\n<p class=\"link-more\"><a class=\"more-link\" href=\"https:\/\/marcelolopes.jor.br\/site\/2020\/10\/30\/ministerio-publico-eleitoral-alerta-candidatos-sobre-prestacao-de-contas\/\">Leia mais <span class=\"screen-reader-text\">Minist\u00e9rio P\u00fablico Eleitoral alerta candidatos sobre presta\u00e7\u00e3o de contas<\/span><\/a><\/p>\n","protected":false},"author":2,"featured_media":18581,"comment_status":"open","ping_status":"open","sticky":false,"template":"","format":"standard","meta":{"footnotes":""},"categories":[1],"tags":[2805,2630,3185,2677,3184],"class_list":["post-18579","post","type-post","status-publish","format-standard","has-post-thumbnail","hentry","category-noticias","tag-candidatos","tag-eleicoes-2020","tag-mp-eleitoral","tag-prestacao-de-contas","tag-tse","thumb-below-title"],"yoast_head":"<!-- This site is optimized with the Yoast SEO plugin v27.4 - https:\/\/yoast.com\/product\/yoast-seo-wordpress\/ -->\n<title>Minist\u00e9rio P\u00fablico Eleitoral alerta candidatos sobre presta\u00e7\u00e3o de contas | Marcelo Lopes<\/title>\n<meta name=\"robots\" content=\"index, follow, max-snippet:-1, max-image-preview:large, max-video-preview:-1\" \/>\n<link rel=\"canonical\" href=\"https:\/\/marcelolopes.jor.br\/site\/2020\/10\/30\/ministerio-publico-eleitoral-alerta-candidatos-sobre-prestacao-de-contas\/\" \/>\n<meta property=\"og:locale\" content=\"pt_BR\" \/>\n<meta property=\"og:type\" content=\"article\" \/>\n<meta property=\"og:title\" content=\"Minist\u00e9rio P\u00fablico Eleitoral alerta candidatos sobre presta\u00e7\u00e3o de contas | Marcelo Lopes\" \/>\n<meta property=\"og:description\" content=\"O Minist\u00e9rio P\u00fablico Eleitoral (MPE) da Comarca de Cataguases est\u00e1 fazendo um alerta importante sobre a presta\u00e7\u00e3o de contas dos candidatos nesta elei\u00e7\u00e3o municipal. Conforme informou o promotor eleitoral Gustavo Garcia Ara\u00fajo, foram identificadas &#8220;v\u00e1rias doa\u00e7\u00f5es feitas pelos candidatos paraLeia mais Minist\u00e9rio P\u00fablico Eleitoral alerta candidatos sobre presta\u00e7\u00e3o de contas\" \/>\n<meta property=\"og:url\" content=\"https:\/\/marcelolopes.jor.br\/site\/2020\/10\/30\/ministerio-publico-eleitoral-alerta-candidatos-sobre-prestacao-de-contas\/\" \/>\n<meta property=\"og:site_name\" content=\"Marcelo Lopes\" \/>\n<meta property=\"article:publisher\" content=\"https:\/\/www.facebook.com\/sitedomarcelolopes\" \/>\n<meta property=\"article:published_time\" content=\"2020-10-30T23:30:42+00:00\" \/>\n<meta property=\"og:image\" content=\"https:\/\/marcelolopes.jor.br\/site\/wp-content\/uploads\/2020\/10\/c48f03a4-b986-44f8-a7cd-fd822e38a924.jpg\" \/>\n\t<meta property=\"og:image:width\" content=\"800\" \/>\n\t<meta property=\"og:image:height\" content=\"409\" \/>\n\t<meta property=\"og:image:type\" content=\"image\/jpeg\" \/>\n<meta name=\"author\" content=\"Marcelo Lopes\" \/>\n<meta name=\"twitter:card\" content=\"summary_large_image\" \/>\n<meta name=\"twitter:label1\" content=\"Escrito por\" \/>\n\t<meta name=\"twitter:data1\" content=\"Marcelo Lopes\" \/>\n\t<meta name=\"twitter:label2\" content=\"Est. tempo de leitura\" \/>\n\t<meta name=\"twitter:data2\" content=\"2 minutos\" \/>\n<script type=\"application\/ld+json\" class=\"yoast-schema-graph\">{\"@context\":\"https:\\\/\\\/schema.org\",\"@graph\":[{\"@type\":\"NewsArticle\",\"@id\":\"https:\\\/\\\/marcelolopes.jor.br\\\/site\\\/2020\\\/10\\\/30\\\/ministerio-publico-eleitoral-alerta-candidatos-sobre-prestacao-de-contas\\\/#article\",\"isPartOf\":{\"@id\":\"https:\\\/\\\/marcelolopes.jor.br\\\/site\\\/2020\\\/10\\\/30\\\/ministerio-publico-eleitoral-alerta-candidatos-sobre-prestacao-de-contas\\\/\"},\"author\":{\"name\":\"Marcelo Lopes\",\"@id\":\"https:\\\/\\\/marcelolopes.jor.br\\\/site\\\/#\\\/schema\\\/person\\\/3e7216a35c34d8fdf952b31da3d1f89f\"},\"headline\":\"Minist\u00e9rio P\u00fablico Eleitoral alerta candidatos sobre presta\u00e7\u00e3o de contas\",\"datePublished\":\"2020-10-30T23:30:42+00:00\",\"mainEntityOfPage\":{\"@id\":\"https:\\\/\\\/marcelolopes.jor.br\\\/site\\\/2020\\\/10\\\/30\\\/ministerio-publico-eleitoral-alerta-candidatos-sobre-prestacao-de-contas\\\/\"},\"wordCount\":332,\"commentCount\":0,\"publisher\":{\"@id\":\"https:\\\/\\\/marcelolopes.jor.br\\\/site\\\/#organization\"},\"image\":{\"@id\":\"https:\\\/\\\/marcelolopes.jor.br\\\/site\\\/2020\\\/10\\\/30\\\/ministerio-publico-eleitoral-alerta-candidatos-sobre-prestacao-de-contas\\\/#primaryimage\"},\"thumbnailUrl\":\"https:\\\/\\\/marcelolopes.jor.br\\\/site\\\/wp-content\\\/uploads\\\/2020\\\/10\\\/c48f03a4-b986-44f8-a7cd-fd822e38a924.jpg\",\"keywords\":[\"candidatos\",\"elei\u00e7\u00f5es 2020\",\"MP Eleitoral\",\"presta\u00e7\u00e3o de contas\",\"TSE\"],\"articleSection\":[\"Not\u00edcias\"],\"inLanguage\":\"pt-BR\",\"potentialAction\":[{\"@type\":\"CommentAction\",\"name\":\"Comment\",\"target\":[\"https:\\\/\\\/marcelolopes.jor.br\\\/site\\\/2020\\\/10\\\/30\\\/ministerio-publico-eleitoral-alerta-candidatos-sobre-prestacao-de-contas\\\/#respond\"]}]},{\"@type\":\"WebPage\",\"@id\":\"https:\\\/\\\/marcelolopes.jor.br\\\/site\\\/2020\\\/10\\\/30\\\/ministerio-publico-eleitoral-alerta-candidatos-sobre-prestacao-de-contas\\\/\",\"url\":\"https:\\\/\\\/marcelolopes.jor.br\\\/site\\\/2020\\\/10\\\/30\\\/ministerio-publico-eleitoral-alerta-candidatos-sobre-prestacao-de-contas\\\/\",\"name\":\"Minist\u00e9rio P\u00fablico Eleitoral alerta candidatos sobre presta\u00e7\u00e3o de contas | Marcelo Lopes\",\"isPartOf\":{\"@id\":\"https:\\\/\\\/marcelolopes.jor.br\\\/site\\\/#website\"},\"primaryImageOfPage\":{\"@id\":\"https:\\\/\\\/marcelolopes.jor.br\\\/site\\\/2020\\\/10\\\/30\\\/ministerio-publico-eleitoral-alerta-candidatos-sobre-prestacao-de-contas\\\/#primaryimage\"},\"image\":{\"@id\":\"https:\\\/\\\/marcelolopes.jor.br\\\/site\\\/2020\\\/10\\\/30\\\/ministerio-publico-eleitoral-alerta-candidatos-sobre-prestacao-de-contas\\\/#primaryimage\"},\"thumbnailUrl\":\"https:\\\/\\\/marcelolopes.jor.br\\\/site\\\/wp-content\\\/uploads\\\/2020\\\/10\\\/c48f03a4-b986-44f8-a7cd-fd822e38a924.jpg\",\"datePublished\":\"2020-10-30T23:30:42+00:00\",\"breadcrumb\":{\"@id\":\"https:\\\/\\\/marcelolopes.jor.br\\\/site\\\/2020\\\/10\\\/30\\\/ministerio-publico-eleitoral-alerta-candidatos-sobre-prestacao-de-contas\\\/#breadcrumb\"},\"inLanguage\":\"pt-BR\",\"potentialAction\":[{\"@type\":\"ReadAction\",\"target\":[\"https:\\\/\\\/marcelolopes.jor.br\\\/site\\\/2020\\\/10\\\/30\\\/ministerio-publico-eleitoral-alerta-candidatos-sobre-prestacao-de-contas\\\/\"]}]},{\"@type\":\"ImageObject\",\"inLanguage\":\"pt-BR\",\"@id\":\"https:\\\/\\\/marcelolopes.jor.br\\\/site\\\/2020\\\/10\\\/30\\\/ministerio-publico-eleitoral-alerta-candidatos-sobre-prestacao-de-contas\\\/#primaryimage\",\"url\":\"https:\\\/\\\/marcelolopes.jor.br\\\/site\\\/wp-content\\\/uploads\\\/2020\\\/10\\\/c48f03a4-b986-44f8-a7cd-fd822e38a924.jpg\",\"contentUrl\":\"https:\\\/\\\/marcelolopes.jor.br\\\/site\\\/wp-content\\\/uploads\\\/2020\\\/10\\\/c48f03a4-b986-44f8-a7cd-fd822e38a924.jpg\",\"width\":800,\"height\":409},{\"@type\":\"BreadcrumbList\",\"@id\":\"https:\\\/\\\/marcelolopes.jor.br\\\/site\\\/2020\\\/10\\\/30\\\/ministerio-publico-eleitoral-alerta-candidatos-sobre-prestacao-de-contas\\\/#breadcrumb\",\"itemListElement\":[{\"@type\":\"ListItem\",\"position\":1,\"name\":\"Home\",\"item\":\"https:\\\/\\\/marcelolopes.jor.br\\\/site\\\/\"},{\"@type\":\"ListItem\",\"position\":2,\"name\":\"Minist\u00e9rio P\u00fablico Eleitoral alerta candidatos sobre presta\u00e7\u00e3o de contas\"}]},{\"@type\":\"WebSite\",\"@id\":\"https:\\\/\\\/marcelolopes.jor.br\\\/site\\\/#website\",\"url\":\"https:\\\/\\\/marcelolopes.jor.br\\\/site\\\/\",\"name\":\"Marcelo Lopes\",\"description\":\"Not\u00edcias de Cataguases e Regi\u00e3o\",\"publisher\":{\"@id\":\"https:\\\/\\\/marcelolopes.jor.br\\\/site\\\/#organization\"},\"potentialAction\":[{\"@type\":\"SearchAction\",\"target\":{\"@type\":\"EntryPoint\",\"urlTemplate\":\"https:\\\/\\\/marcelolopes.jor.br\\\/site\\\/?s={search_term_string}\"},\"query-input\":{\"@type\":\"PropertyValueSpecification\",\"valueRequired\":true,\"valueName\":\"search_term_string\"}}],\"inLanguage\":\"pt-BR\"},{\"@type\":\"Organization\",\"@id\":\"https:\\\/\\\/marcelolopes.jor.br\\\/site\\\/#organization\",\"name\":\"Site do Marcelo Lopes\",\"url\":\"https:\\\/\\\/marcelolopes.jor.br\\\/site\\\/\",\"logo\":{\"@type\":\"ImageObject\",\"inLanguage\":\"pt-BR\",\"@id\":\"https:\\\/\\\/marcelolopes.jor.br\\\/site\\\/#\\\/schema\\\/logo\\\/image\\\/\",\"url\":\"https:\\\/\\\/marcelolopes.jor.br\\\/site\\\/wp-content\\\/uploads\\\/2024\\\/11\\\/logo-1.png\",\"contentUrl\":\"https:\\\/\\\/marcelolopes.jor.br\\\/site\\\/wp-content\\\/uploads\\\/2024\\\/11\\\/logo-1.png\",\"width\":475,\"height\":80,\"caption\":\"Site do Marcelo Lopes\"},\"image\":{\"@id\":\"https:\\\/\\\/marcelolopes.jor.br\\\/site\\\/#\\\/schema\\\/logo\\\/image\\\/\"},\"sameAs\":[\"https:\\\/\\\/www.facebook.com\\\/sitedomarcelolopes\",\"https:\\\/\\\/www.instagram.com\\\/sitedomarcelolopes\\\/\",\"https:\\\/\\\/www.linkedin.com\\\/company\\\/site-do-marcelo-lopes\\\/\",\"https:\\\/\\\/www.youtube.com\\\/user\\\/marcelolopes957\"]},{\"@type\":\"Person\",\"@id\":\"https:\\\/\\\/marcelolopes.jor.br\\\/site\\\/#\\\/schema\\\/person\\\/3e7216a35c34d8fdf952b31da3d1f89f\",\"name\":\"Marcelo Lopes\",\"sameAs\":[\"http:\\\/\\\/www.marcelolopes.jor.br\"],\"url\":\"https:\\\/\\\/marcelolopes.jor.br\\\/site\\\/author\\\/marcelo\\\/\"}]}<\/script>\n<!-- \/ Yoast SEO plugin. -->","yoast_head_json":{"title":"Minist\u00e9rio P\u00fablico Eleitoral alerta candidatos sobre presta\u00e7\u00e3o de contas | Marcelo Lopes","robots":{"index":"index","follow":"follow","max-snippet":"max-snippet:-1","max-image-preview":"max-image-preview:large","max-video-preview":"max-video-preview:-1"},"canonical":"https:\/\/marcelolopes.jor.br\/site\/2020\/10\/30\/ministerio-publico-eleitoral-alerta-candidatos-sobre-prestacao-de-contas\/","og_locale":"pt_BR","og_type":"article","og_title":"Minist\u00e9rio P\u00fablico Eleitoral alerta candidatos sobre presta\u00e7\u00e3o de contas | Marcelo Lopes","og_description":"O Minist\u00e9rio P\u00fablico Eleitoral (MPE) da Comarca de Cataguases est\u00e1 fazendo um alerta importante sobre a presta\u00e7\u00e3o de contas dos candidatos nesta elei\u00e7\u00e3o municipal. Conforme informou o promotor eleitoral Gustavo Garcia Ara\u00fajo, foram identificadas &#8220;v\u00e1rias doa\u00e7\u00f5es feitas pelos candidatos paraLeia mais Minist\u00e9rio P\u00fablico Eleitoral alerta candidatos sobre presta\u00e7\u00e3o de contas","og_url":"https:\/\/marcelolopes.jor.br\/site\/2020\/10\/30\/ministerio-publico-eleitoral-alerta-candidatos-sobre-prestacao-de-contas\/","og_site_name":"Marcelo Lopes","article_publisher":"https:\/\/www.facebook.com\/sitedomarcelolopes","article_published_time":"2020-10-30T23:30:42+00:00","og_image":[{"width":800,"height":409,"url":"https:\/\/marcelolopes.jor.br\/site\/wp-content\/uploads\/2020\/10\/c48f03a4-b986-44f8-a7cd-fd822e38a924.jpg","type":"image\/jpeg"}],"author":"Marcelo Lopes","twitter_card":"summary_large_image","twitter_misc":{"Escrito por":"Marcelo Lopes","Est. tempo de leitura":"2 minutos"},"schema":{"@context":"https:\/\/schema.org","@graph":[{"@type":"NewsArticle","@id":"https:\/\/marcelolopes.jor.br\/site\/2020\/10\/30\/ministerio-publico-eleitoral-alerta-candidatos-sobre-prestacao-de-contas\/#article","isPartOf":{"@id":"https:\/\/marcelolopes.jor.br\/site\/2020\/10\/30\/ministerio-publico-eleitoral-alerta-candidatos-sobre-prestacao-de-contas\/"},"author":{"name":"Marcelo Lopes","@id":"https:\/\/marcelolopes.jor.br\/site\/#\/schema\/person\/3e7216a35c34d8fdf952b31da3d1f89f"},"headline":"Minist\u00e9rio P\u00fablico Eleitoral alerta candidatos sobre presta\u00e7\u00e3o de contas","datePublished":"2020-10-30T23:30:42+00:00","mainEntityOfPage":{"@id":"https:\/\/marcelolopes.jor.br\/site\/2020\/10\/30\/ministerio-publico-eleitoral-alerta-candidatos-sobre-prestacao-de-contas\/"},"wordCount":332,"commentCount":0,"publisher":{"@id":"https:\/\/marcelolopes.jor.br\/site\/#organization"},"image":{"@id":"https:\/\/marcelolopes.jor.br\/site\/2020\/10\/30\/ministerio-publico-eleitoral-alerta-candidatos-sobre-prestacao-de-contas\/#primaryimage"},"thumbnailUrl":"https:\/\/marcelolopes.jor.br\/site\/wp-content\/uploads\/2020\/10\/c48f03a4-b986-44f8-a7cd-fd822e38a924.jpg","keywords":["candidatos","elei\u00e7\u00f5es 2020","MP Eleitoral","presta\u00e7\u00e3o de contas","TSE"],"articleSection":["Not\u00edcias"],"inLanguage":"pt-BR","potentialAction":[{"@type":"CommentAction","name":"Comment","target":["https:\/\/marcelolopes.jor.br\/site\/2020\/10\/30\/ministerio-publico-eleitoral-alerta-candidatos-sobre-prestacao-de-contas\/#respond"]}]},{"@type":"WebPage","@id":"https:\/\/marcelolopes.jor.br\/site\/2020\/10\/30\/ministerio-publico-eleitoral-alerta-candidatos-sobre-prestacao-de-contas\/","url":"https:\/\/marcelolopes.jor.br\/site\/2020\/10\/30\/ministerio-publico-eleitoral-alerta-candidatos-sobre-prestacao-de-contas\/","name":"Minist\u00e9rio P\u00fablico Eleitoral alerta candidatos sobre presta\u00e7\u00e3o de contas | Marcelo Lopes","isPartOf":{"@id":"https:\/\/marcelolopes.jor.br\/site\/#website"},"primaryImageOfPage":{"@id":"https:\/\/marcelolopes.jor.br\/site\/2020\/10\/30\/ministerio-publico-eleitoral-alerta-candidatos-sobre-prestacao-de-contas\/#primaryimage"},"image":{"@id":"https:\/\/marcelolopes.jor.br\/site\/2020\/10\/30\/ministerio-publico-eleitoral-alerta-candidatos-sobre-prestacao-de-contas\/#primaryimage"},"thumbnailUrl":"https:\/\/marcelolopes.jor.br\/site\/wp-content\/uploads\/2020\/10\/c48f03a4-b986-44f8-a7cd-fd822e38a924.jpg","datePublished":"2020-10-30T23:30:42+00:00","breadcrumb":{"@id":"https:\/\/marcelolopes.jor.br\/site\/2020\/10\/30\/ministerio-publico-eleitoral-alerta-candidatos-sobre-prestacao-de-contas\/#breadcrumb"},"inLanguage":"pt-BR","potentialAction":[{"@type":"ReadAction","target":["https:\/\/marcelolopes.jor.br\/site\/2020\/10\/30\/ministerio-publico-eleitoral-alerta-candidatos-sobre-prestacao-de-contas\/"]}]},{"@type":"ImageObject","inLanguage":"pt-BR","@id":"https:\/\/marcelolopes.jor.br\/site\/2020\/10\/30\/ministerio-publico-eleitoral-alerta-candidatos-sobre-prestacao-de-contas\/#primaryimage","url":"https:\/\/marcelolopes.jor.br\/site\/wp-content\/uploads\/2020\/10\/c48f03a4-b986-44f8-a7cd-fd822e38a924.jpg","contentUrl":"https:\/\/marcelolopes.jor.br\/site\/wp-content\/uploads\/2020\/10\/c48f03a4-b986-44f8-a7cd-fd822e38a924.jpg","width":800,"height":409},{"@type":"BreadcrumbList","@id":"https:\/\/marcelolopes.jor.br\/site\/2020\/10\/30\/ministerio-publico-eleitoral-alerta-candidatos-sobre-prestacao-de-contas\/#breadcrumb","itemListElement":[{"@type":"ListItem","position":1,"name":"Home","item":"https:\/\/marcelolopes.jor.br\/site\/"},{"@type":"ListItem","position":2,"name":"Minist\u00e9rio P\u00fablico Eleitoral alerta candidatos sobre presta\u00e7\u00e3o de contas"}]},{"@type":"WebSite","@id":"https:\/\/marcelolopes.jor.br\/site\/#website","url":"https:\/\/marcelolopes.jor.br\/site\/","name":"Marcelo Lopes","description":"Not\u00edcias de Cataguases e Regi\u00e3o","publisher":{"@id":"https:\/\/marcelolopes.jor.br\/site\/#organization"},"potentialAction":[{"@type":"SearchAction","target":{"@type":"EntryPoint","urlTemplate":"https:\/\/marcelolopes.jor.br\/site\/?s={search_term_string}"},"query-input":{"@type":"PropertyValueSpecification","valueRequired":true,"valueName":"search_term_string"}}],"inLanguage":"pt-BR"},{"@type":"Organization","@id":"https:\/\/marcelolopes.jor.br\/site\/#organization","name":"Site do Marcelo Lopes","url":"https:\/\/marcelolopes.jor.br\/site\/","logo":{"@type":"ImageObject","inLanguage":"pt-BR","@id":"https:\/\/marcelolopes.jor.br\/site\/#\/schema\/logo\/image\/","url":"https:\/\/marcelolopes.jor.br\/site\/wp-content\/uploads\/2024\/11\/logo-1.png","contentUrl":"https:\/\/marcelolopes.jor.br\/site\/wp-content\/uploads\/2024\/11\/logo-1.png","width":475,"height":80,"caption":"Site do Marcelo Lopes"},"image":{"@id":"https:\/\/marcelolopes.jor.br\/site\/#\/schema\/logo\/image\/"},"sameAs":["https:\/\/www.facebook.com\/sitedomarcelolopes","https:\/\/www.instagram.com\/sitedomarcelolopes\/","https:\/\/www.linkedin.com\/company\/site-do-marcelo-lopes\/","https:\/\/www.youtube.com\/user\/marcelolopes957"]},{"@type":"Person","@id":"https:\/\/marcelolopes.jor.br\/site\/#\/schema\/person\/3e7216a35c34d8fdf952b31da3d1f89f","name":"Marcelo Lopes","sameAs":["http:\/\/www.marcelolopes.jor.br"],"url":"https:\/\/marcelolopes.jor.br\/site\/author\/marcelo\/"}]}},"wps_subtitle":"H\u00e1 candidatos fazendo doa\u00e7\u00f5es acima do permitido pela lei eleitoral.","_links":{"self":[{"href":"https:\/\/marcelolopes.jor.br\/site\/wp-json\/wp\/v2\/posts\/18579","targetHints":{"allow":["GET"]}}],"collection":[{"href":"https:\/\/marcelolopes.jor.br\/site\/wp-json\/wp\/v2\/posts"}],"about":[{"href":"https:\/\/marcelolopes.jor.br\/site\/wp-json\/wp\/v2\/types\/post"}],"author":[{"embeddable":true,"href":"https:\/\/marcelolopes.jor.br\/site\/wp-json\/wp\/v2\/users\/2"}],"replies":[{"embeddable":true,"href":"https:\/\/marcelolopes.jor.br\/site\/wp-json\/wp\/v2\/comments?post=18579"}],"version-history":[{"count":0,"href":"https:\/\/marcelolopes.jor.br\/site\/wp-json\/wp\/v2\/posts\/18579\/revisions"}],"wp:featuredmedia":[{"embeddable":true,"href":"https:\/\/marcelolopes.jor.br\/site\/wp-json\/wp\/v2\/media\/18581"}],"wp:attachment":[{"href":"https:\/\/marcelolopes.jor.br\/site\/wp-json\/wp\/v2\/media?parent=18579"}],"wp:term":[{"taxonomy":"category","embeddable":true,"href":"https:\/\/marcelolopes.jor.br\/site\/wp-json\/wp\/v2\/categories?post=18579"},{"taxonomy":"post_tag","embeddable":true,"href":"https:\/\/marcelolopes.jor.br\/site\/wp-json\/wp\/v2\/tags?post=18579"}],"curies":[{"name":"wp","href":"https:\/\/api.w.org\/{rel}","templated":true}]}}