{"id":18564,"date":"2020-10-29T18:52:46","date_gmt":"2020-10-29T21:52:46","guid":{"rendered":"https:\/\/marcelolopes.jor.br\/?p=18564"},"modified":"2020-10-29T18:52:46","modified_gmt":"2020-10-29T21:52:46","slug":"passageiro-ameaca-motorista-e-rouba-o-carro-em-que-viajava","status":"publish","type":"post","link":"https:\/\/marcelolopes.jor.br\/site\/2020\/10\/29\/passageiro-ameaca-motorista-e-rouba-o-carro-em-que-viajava\/","title":{"rendered":"Passageiro amea\u00e7a motorista e rouba o carro em que viajava"},"content":{"rendered":"<p style=\"text-align: justify;\">Um carro que presta servi\u00e7o para aplicativo de transporte individual em Cataguases foi roubado nesta quinta-feira, 29 de outubro. A motorista que trabalha com o ve\u00edculo foi chamada no in\u00edcio da tarde para levar um homem at\u00e9 a cidade de Tocantins\/MG. No trevo pr\u00f3ximo a Rodeiro ele anunciou o roubo, a deixou na estrada e fugiu tomando sentido a Rio Pomba. A v\u00edtima nada sofreu, nem o autor estava armado, mas lhe fez amea\u00e7as que a obrigaram a entregar-lhe o ve\u00edculo, um Onix Chevrolet, branco.<!--more--><\/p>\n<p style=\"text-align: justify;\">O caso foi registrado pela Pol\u00edcia Militar de Ub\u00e1 que est\u00e1 \u00e0 frente das buscas. De acordo com o comandante do 21\u00ba Batalh\u00e3o da Pol\u00edcia Militar de Ub\u00e1, Tenente Coronel Giovane Ramos, que est\u00e1 no comando das buscas, e conversou por telefone com o Site do Marcelo Lopes, at\u00e9 \u00e0s 18 horas ainda n\u00e3o havia nenhuma pista sobre o autor e o ve\u00edculo. Conforme revelou, uma tentativa de rastreamento do autom\u00f3vel roubado estava sendo feita com base nas informa\u00e7\u00f5es do GPS do aparelho celular da v\u00edtima, mas segundo aquele comandante o telefone pode ter sido descartado durante o trajeto.<\/p>\n<p style=\"text-align: justify;\">Conforme ainda o Tenente Coronel Giovane Ramos, o autor \u00e9 de Cataguases, j\u00e1 foi identificado, mas sua identidade est\u00e1 sendo mantida em segredo para n\u00e3o atrapalhar as buscas. A opera\u00e7\u00e3o cerco\/bloqueio continua visando encontrar o ve\u00edculo roubado e prender o autor. A ocorr\u00eancia segue em andamento.<\/p>\n<div class=\"hcdnx69f77dc2c1837\" ><br><\/div><style type=\"text\/css\">\r\n@media screen and (min-width: 1201px) {\r\n.hcdnx69f77dc2c1837 {\r\ndisplay: block;\r\n}\r\n}\r\n@media screen and (min-width: 993px) and (max-width: 1200px) {\r\n.hcdnx69f77dc2c1837 {\r\ndisplay: block;\r\n}\r\n}\r\n@media screen and (min-width: 769px) and (max-width: 992px) {\r\n.hcdnx69f77dc2c1837 {\r\ndisplay: block;\r\n}\r\n}\r\n@media screen and (min-width: 768px) and (max-width: 768px) {\r\n.hcdnx69f77dc2c1837 {\r\ndisplay: block;\r\n}\r\n}\r\n@media screen and (max-width: 767px) {\r\n.hcdnx69f77dc2c1837 {\r\ndisplay: block;\r\n}\r\n}\r\n<\/style>\r\n<div class=\"ztawc69f77dc2c78e8\" ><div id=\"div_destino\"><\/div>\r\n<script src=\"https:\/\/cdn.snsrsv.com\/sdk.js\"><\/script>\r\n<script >\r\n      new sdk(\"464030C30061EA8BE065000000000001\") \r\n          .appendTo(\"div_destino\")\r\n          .disableStyle(true) \r\n          .setCacheBusterMacro(\"%%CACHEBUSTER%%\")\r\n          .setSize(\"800\",\"214\")\r\n          .setClickMacro(\"%%CLICK_URL_ESC%%\") \r\n          .setReferrerUrlMacro(\"%%REFERRER_URL_ESC%%\") \r\n          .start(); \r\n<\/script><\/div><style type=\"text\/css\">\r\n@media screen and (min-width: 1201px) {\r\n.ztawc69f77dc2c78e8 {\r\ndisplay: block;\r\n}\r\n}\r\n@media screen and (min-width: 993px) and (max-width: 1200px) {\r\n.ztawc69f77dc2c78e8 {\r\ndisplay: block;\r\n}\r\n}\r\n@media screen and (min-width: 769px) and (max-width: 992px) {\r\n.ztawc69f77dc2c78e8 {\r\ndisplay: block;\r\n}\r\n}\r\n@media screen and (min-width: 768px) and (max-width: 768px) {\r\n.ztawc69f77dc2c78e8 {\r\ndisplay: block;\r\n}\r\n}\r\n@media screen and (max-width: 767px) {\r\n.ztawc69f77dc2c78e8 {\r\ndisplay: block;\r\n}\r\n}\r\n<\/style>\r\n","protected":false},"excerpt":{"rendered":"<p>Um carro que presta servi\u00e7o para aplicativo de transporte individual em Cataguases foi roubado nesta quinta-feira, 29 de outubro. A motorista que trabalha com o ve\u00edculo foi chamada no in\u00edcio da tarde para levar um homem at\u00e9 a cidade de<\/p>\n<p class=\"link-more\"><a class=\"more-link\" href=\"https:\/\/marcelolopes.jor.br\/site\/2020\/10\/29\/passageiro-ameaca-motorista-e-rouba-o-carro-em-que-viajava\/\">Leia mais <span class=\"screen-reader-text\">Passageiro amea\u00e7a motorista e rouba o carro em que viajava<\/span><\/a><\/p>\n","protected":false},"author":2,"featured_media":2907,"comment_status":"open","ping_status":"open","sticky":false,"template":"","format":"standard","meta":{"footnotes":""},"categories":[1],"tags":[3178,125,2766,3179],"class_list":["post-18564","post","type-post","status-publish","format-standard","has-post-thumbnail","hentry","category-noticias","tag-carro-de-aplicativo","tag-estrada","tag-motorista-de-aplicativo","tag-roubo-de-veiculo","thumb-below-title"],"yoast_head":"<!-- This site is optimized with the Yoast SEO plugin v27.4 - https:\/\/yoast.com\/product\/yoast-seo-wordpress\/ -->\n<title>Passageiro amea\u00e7a motorista e rouba o carro em que viajava | Marcelo Lopes<\/title>\n<meta name=\"robots\" content=\"index, follow, max-snippet:-1, max-image-preview:large, max-video-preview:-1\" \/>\n<link rel=\"canonical\" href=\"https:\/\/marcelolopes.jor.br\/site\/2020\/10\/29\/passageiro-ameaca-motorista-e-rouba-o-carro-em-que-viajava\/\" \/>\n<meta property=\"og:locale\" content=\"pt_BR\" \/>\n<meta property=\"og:type\" content=\"article\" \/>\n<meta property=\"og:title\" content=\"Passageiro amea\u00e7a motorista e rouba o carro em que viajava | Marcelo Lopes\" \/>\n<meta property=\"og:description\" content=\"Um carro que presta servi\u00e7o para aplicativo de transporte individual em Cataguases foi roubado nesta quinta-feira, 29 de outubro. A motorista que trabalha com o ve\u00edculo foi chamada no in\u00edcio da tarde para levar um homem at\u00e9 a cidade deLeia mais Passageiro amea\u00e7a motorista e rouba o carro em que viajava\" \/>\n<meta property=\"og:url\" content=\"https:\/\/marcelolopes.jor.br\/site\/2020\/10\/29\/passageiro-ameaca-motorista-e-rouba-o-carro-em-que-viajava\/\" \/>\n<meta property=\"og:site_name\" content=\"Marcelo Lopes\" \/>\n<meta property=\"article:publisher\" content=\"https:\/\/www.facebook.com\/sitedomarcelolopes\" \/>\n<meta property=\"article:published_time\" content=\"2020-10-29T21:52:46+00:00\" \/>\n<meta property=\"og:image\" content=\"https:\/\/marcelolopes.jor.br\/site\/wp-content\/uploads\/2019\/06\/Policia-Militar-de-Minas-Gerais-190-Plantao-Foto-Guia-Muriae.jpg\" \/>\n\t<meta property=\"og:image:width\" content=\"600\" \/>\n\t<meta property=\"og:image:height\" content=\"450\" \/>\n\t<meta property=\"og:image:type\" content=\"image\/jpeg\" \/>\n<meta name=\"author\" content=\"Marcelo Lopes\" \/>\n<meta name=\"twitter:card\" content=\"summary_large_image\" \/>\n<meta name=\"twitter:label1\" content=\"Escrito por\" \/>\n\t<meta name=\"twitter:data1\" content=\"Marcelo Lopes\" \/>\n\t<meta name=\"twitter:label2\" content=\"Est. tempo de leitura\" \/>\n\t<meta name=\"twitter:data2\" content=\"1 minuto\" \/>\n<script type=\"application\/ld+json\" class=\"yoast-schema-graph\">{\"@context\":\"https:\\\/\\\/schema.org\",\"@graph\":[{\"@type\":\"NewsArticle\",\"@id\":\"https:\\\/\\\/marcelolopes.jor.br\\\/site\\\/2020\\\/10\\\/29\\\/passageiro-ameaca-motorista-e-rouba-o-carro-em-que-viajava\\\/#article\",\"isPartOf\":{\"@id\":\"https:\\\/\\\/marcelolopes.jor.br\\\/site\\\/2020\\\/10\\\/29\\\/passageiro-ameaca-motorista-e-rouba-o-carro-em-que-viajava\\\/\"},\"author\":{\"name\":\"Marcelo Lopes\",\"@id\":\"https:\\\/\\\/marcelolopes.jor.br\\\/site\\\/#\\\/schema\\\/person\\\/3e7216a35c34d8fdf952b31da3d1f89f\"},\"headline\":\"Passageiro amea\u00e7a motorista e rouba o carro em que viajava\",\"datePublished\":\"2020-10-29T21:52:46+00:00\",\"mainEntityOfPage\":{\"@id\":\"https:\\\/\\\/marcelolopes.jor.br\\\/site\\\/2020\\\/10\\\/29\\\/passageiro-ameaca-motorista-e-rouba-o-carro-em-que-viajava\\\/\"},\"wordCount\":257,\"commentCount\":0,\"publisher\":{\"@id\":\"https:\\\/\\\/marcelolopes.jor.br\\\/site\\\/#organization\"},\"image\":{\"@id\":\"https:\\\/\\\/marcelolopes.jor.br\\\/site\\\/2020\\\/10\\\/29\\\/passageiro-ameaca-motorista-e-rouba-o-carro-em-que-viajava\\\/#primaryimage\"},\"thumbnailUrl\":\"https:\\\/\\\/marcelolopes.jor.br\\\/site\\\/wp-content\\\/uploads\\\/2019\\\/06\\\/Policia-Militar-de-Minas-Gerais-190-Plantao-Foto-Guia-Muriae.jpg\",\"keywords\":[\"carro de aplicativo\",\"estrada\",\"motorista de aplicativo\",\"roubo de ve\u00edculo\"],\"articleSection\":[\"Not\u00edcias\"],\"inLanguage\":\"pt-BR\",\"potentialAction\":[{\"@type\":\"CommentAction\",\"name\":\"Comment\",\"target\":[\"https:\\\/\\\/marcelolopes.jor.br\\\/site\\\/2020\\\/10\\\/29\\\/passageiro-ameaca-motorista-e-rouba-o-carro-em-que-viajava\\\/#respond\"]}]},{\"@type\":\"WebPage\",\"@id\":\"https:\\\/\\\/marcelolopes.jor.br\\\/site\\\/2020\\\/10\\\/29\\\/passageiro-ameaca-motorista-e-rouba-o-carro-em-que-viajava\\\/\",\"url\":\"https:\\\/\\\/marcelolopes.jor.br\\\/site\\\/2020\\\/10\\\/29\\\/passageiro-ameaca-motorista-e-rouba-o-carro-em-que-viajava\\\/\",\"name\":\"Passageiro amea\u00e7a motorista e rouba o carro em que viajava | Marcelo Lopes\",\"isPartOf\":{\"@id\":\"https:\\\/\\\/marcelolopes.jor.br\\\/site\\\/#website\"},\"primaryImageOfPage\":{\"@id\":\"https:\\\/\\\/marcelolopes.jor.br\\\/site\\\/2020\\\/10\\\/29\\\/passageiro-ameaca-motorista-e-rouba-o-carro-em-que-viajava\\\/#primaryimage\"},\"image\":{\"@id\":\"https:\\\/\\\/marcelolopes.jor.br\\\/site\\\/2020\\\/10\\\/29\\\/passageiro-ameaca-motorista-e-rouba-o-carro-em-que-viajava\\\/#primaryimage\"},\"thumbnailUrl\":\"https:\\\/\\\/marcelolopes.jor.br\\\/site\\\/wp-content\\\/uploads\\\/2019\\\/06\\\/Policia-Militar-de-Minas-Gerais-190-Plantao-Foto-Guia-Muriae.jpg\",\"datePublished\":\"2020-10-29T21:52:46+00:00\",\"breadcrumb\":{\"@id\":\"https:\\\/\\\/marcelolopes.jor.br\\\/site\\\/2020\\\/10\\\/29\\\/passageiro-ameaca-motorista-e-rouba-o-carro-em-que-viajava\\\/#breadcrumb\"},\"inLanguage\":\"pt-BR\",\"potentialAction\":[{\"@type\":\"ReadAction\",\"target\":[\"https:\\\/\\\/marcelolopes.jor.br\\\/site\\\/2020\\\/10\\\/29\\\/passageiro-ameaca-motorista-e-rouba-o-carro-em-que-viajava\\\/\"]}]},{\"@type\":\"ImageObject\",\"inLanguage\":\"pt-BR\",\"@id\":\"https:\\\/\\\/marcelolopes.jor.br\\\/site\\\/2020\\\/10\\\/29\\\/passageiro-ameaca-motorista-e-rouba-o-carro-em-que-viajava\\\/#primaryimage\",\"url\":\"https:\\\/\\\/marcelolopes.jor.br\\\/site\\\/wp-content\\\/uploads\\\/2019\\\/06\\\/Policia-Militar-de-Minas-Gerais-190-Plantao-Foto-Guia-Muriae.jpg\",\"contentUrl\":\"https:\\\/\\\/marcelolopes.jor.br\\\/site\\\/wp-content\\\/uploads\\\/2019\\\/06\\\/Policia-Militar-de-Minas-Gerais-190-Plantao-Foto-Guia-Muriae.jpg\",\"width\":600,\"height\":450,\"caption\":\"PM registra dois homic\u00eddios\"},{\"@type\":\"BreadcrumbList\",\"@id\":\"https:\\\/\\\/marcelolopes.jor.br\\\/site\\\/2020\\\/10\\\/29\\\/passageiro-ameaca-motorista-e-rouba-o-carro-em-que-viajava\\\/#breadcrumb\",\"itemListElement\":[{\"@type\":\"ListItem\",\"position\":1,\"name\":\"Home\",\"item\":\"https:\\\/\\\/marcelolopes.jor.br\\\/site\\\/\"},{\"@type\":\"ListItem\",\"position\":2,\"name\":\"Passageiro amea\u00e7a motorista e rouba o carro em que viajava\"}]},{\"@type\":\"WebSite\",\"@id\":\"https:\\\/\\\/marcelolopes.jor.br\\\/site\\\/#website\",\"url\":\"https:\\\/\\\/marcelolopes.jor.br\\\/site\\\/\",\"name\":\"Marcelo Lopes\",\"description\":\"Not\u00edcias de Cataguases e Regi\u00e3o\",\"publisher\":{\"@id\":\"https:\\\/\\\/marcelolopes.jor.br\\\/site\\\/#organization\"},\"potentialAction\":[{\"@type\":\"SearchAction\",\"target\":{\"@type\":\"EntryPoint\",\"urlTemplate\":\"https:\\\/\\\/marcelolopes.jor.br\\\/site\\\/?s={search_term_string}\"},\"query-input\":{\"@type\":\"PropertyValueSpecification\",\"valueRequired\":true,\"valueName\":\"search_term_string\"}}],\"inLanguage\":\"pt-BR\"},{\"@type\":\"Organization\",\"@id\":\"https:\\\/\\\/marcelolopes.jor.br\\\/site\\\/#organization\",\"name\":\"Site do Marcelo Lopes\",\"url\":\"https:\\\/\\\/marcelolopes.jor.br\\\/site\\\/\",\"logo\":{\"@type\":\"ImageObject\",\"inLanguage\":\"pt-BR\",\"@id\":\"https:\\\/\\\/marcelolopes.jor.br\\\/site\\\/#\\\/schema\\\/logo\\\/image\\\/\",\"url\":\"https:\\\/\\\/marcelolopes.jor.br\\\/site\\\/wp-content\\\/uploads\\\/2024\\\/11\\\/logo-1.png\",\"contentUrl\":\"https:\\\/\\\/marcelolopes.jor.br\\\/site\\\/wp-content\\\/uploads\\\/2024\\\/11\\\/logo-1.png\",\"width\":475,\"height\":80,\"caption\":\"Site do Marcelo Lopes\"},\"image\":{\"@id\":\"https:\\\/\\\/marcelolopes.jor.br\\\/site\\\/#\\\/schema\\\/logo\\\/image\\\/\"},\"sameAs\":[\"https:\\\/\\\/www.facebook.com\\\/sitedomarcelolopes\",\"https:\\\/\\\/www.instagram.com\\\/sitedomarcelolopes\\\/\",\"https:\\\/\\\/www.linkedin.com\\\/company\\\/site-do-marcelo-lopes\\\/\",\"https:\\\/\\\/www.youtube.com\\\/user\\\/marcelolopes957\"]},{\"@type\":\"Person\",\"@id\":\"https:\\\/\\\/marcelolopes.jor.br\\\/site\\\/#\\\/schema\\\/person\\\/3e7216a35c34d8fdf952b31da3d1f89f\",\"name\":\"Marcelo Lopes\",\"sameAs\":[\"http:\\\/\\\/www.marcelolopes.jor.br\"],\"url\":\"https:\\\/\\\/marcelolopes.jor.br\\\/site\\\/author\\\/marcelo\\\/\"}]}<\/script>\n<!-- \/ Yoast SEO plugin. -->","yoast_head_json":{"title":"Passageiro amea\u00e7a motorista e rouba o carro em que viajava | Marcelo Lopes","robots":{"index":"index","follow":"follow","max-snippet":"max-snippet:-1","max-image-preview":"max-image-preview:large","max-video-preview":"max-video-preview:-1"},"canonical":"https:\/\/marcelolopes.jor.br\/site\/2020\/10\/29\/passageiro-ameaca-motorista-e-rouba-o-carro-em-que-viajava\/","og_locale":"pt_BR","og_type":"article","og_title":"Passageiro amea\u00e7a motorista e rouba o carro em que viajava | Marcelo Lopes","og_description":"Um carro que presta servi\u00e7o para aplicativo de transporte individual em Cataguases foi roubado nesta quinta-feira, 29 de outubro. A motorista que trabalha com o ve\u00edculo foi chamada no in\u00edcio da tarde para levar um homem at\u00e9 a cidade deLeia mais Passageiro amea\u00e7a motorista e rouba o carro em que viajava","og_url":"https:\/\/marcelolopes.jor.br\/site\/2020\/10\/29\/passageiro-ameaca-motorista-e-rouba-o-carro-em-que-viajava\/","og_site_name":"Marcelo Lopes","article_publisher":"https:\/\/www.facebook.com\/sitedomarcelolopes","article_published_time":"2020-10-29T21:52:46+00:00","og_image":[{"width":600,"height":450,"url":"https:\/\/marcelolopes.jor.br\/site\/wp-content\/uploads\/2019\/06\/Policia-Militar-de-Minas-Gerais-190-Plantao-Foto-Guia-Muriae.jpg","type":"image\/jpeg"}],"author":"Marcelo Lopes","twitter_card":"summary_large_image","twitter_misc":{"Escrito por":"Marcelo Lopes","Est. tempo de leitura":"1 minuto"},"schema":{"@context":"https:\/\/schema.org","@graph":[{"@type":"NewsArticle","@id":"https:\/\/marcelolopes.jor.br\/site\/2020\/10\/29\/passageiro-ameaca-motorista-e-rouba-o-carro-em-que-viajava\/#article","isPartOf":{"@id":"https:\/\/marcelolopes.jor.br\/site\/2020\/10\/29\/passageiro-ameaca-motorista-e-rouba-o-carro-em-que-viajava\/"},"author":{"name":"Marcelo Lopes","@id":"https:\/\/marcelolopes.jor.br\/site\/#\/schema\/person\/3e7216a35c34d8fdf952b31da3d1f89f"},"headline":"Passageiro amea\u00e7a motorista e rouba o carro em que viajava","datePublished":"2020-10-29T21:52:46+00:00","mainEntityOfPage":{"@id":"https:\/\/marcelolopes.jor.br\/site\/2020\/10\/29\/passageiro-ameaca-motorista-e-rouba-o-carro-em-que-viajava\/"},"wordCount":257,"commentCount":0,"publisher":{"@id":"https:\/\/marcelolopes.jor.br\/site\/#organization"},"image":{"@id":"https:\/\/marcelolopes.jor.br\/site\/2020\/10\/29\/passageiro-ameaca-motorista-e-rouba-o-carro-em-que-viajava\/#primaryimage"},"thumbnailUrl":"https:\/\/marcelolopes.jor.br\/site\/wp-content\/uploads\/2019\/06\/Policia-Militar-de-Minas-Gerais-190-Plantao-Foto-Guia-Muriae.jpg","keywords":["carro de aplicativo","estrada","motorista de aplicativo","roubo de ve\u00edculo"],"articleSection":["Not\u00edcias"],"inLanguage":"pt-BR","potentialAction":[{"@type":"CommentAction","name":"Comment","target":["https:\/\/marcelolopes.jor.br\/site\/2020\/10\/29\/passageiro-ameaca-motorista-e-rouba-o-carro-em-que-viajava\/#respond"]}]},{"@type":"WebPage","@id":"https:\/\/marcelolopes.jor.br\/site\/2020\/10\/29\/passageiro-ameaca-motorista-e-rouba-o-carro-em-que-viajava\/","url":"https:\/\/marcelolopes.jor.br\/site\/2020\/10\/29\/passageiro-ameaca-motorista-e-rouba-o-carro-em-que-viajava\/","name":"Passageiro amea\u00e7a motorista e rouba o carro em que viajava | Marcelo Lopes","isPartOf":{"@id":"https:\/\/marcelolopes.jor.br\/site\/#website"},"primaryImageOfPage":{"@id":"https:\/\/marcelolopes.jor.br\/site\/2020\/10\/29\/passageiro-ameaca-motorista-e-rouba-o-carro-em-que-viajava\/#primaryimage"},"image":{"@id":"https:\/\/marcelolopes.jor.br\/site\/2020\/10\/29\/passageiro-ameaca-motorista-e-rouba-o-carro-em-que-viajava\/#primaryimage"},"thumbnailUrl":"https:\/\/marcelolopes.jor.br\/site\/wp-content\/uploads\/2019\/06\/Policia-Militar-de-Minas-Gerais-190-Plantao-Foto-Guia-Muriae.jpg","datePublished":"2020-10-29T21:52:46+00:00","breadcrumb":{"@id":"https:\/\/marcelolopes.jor.br\/site\/2020\/10\/29\/passageiro-ameaca-motorista-e-rouba-o-carro-em-que-viajava\/#breadcrumb"},"inLanguage":"pt-BR","potentialAction":[{"@type":"ReadAction","target":["https:\/\/marcelolopes.jor.br\/site\/2020\/10\/29\/passageiro-ameaca-motorista-e-rouba-o-carro-em-que-viajava\/"]}]},{"@type":"ImageObject","inLanguage":"pt-BR","@id":"https:\/\/marcelolopes.jor.br\/site\/2020\/10\/29\/passageiro-ameaca-motorista-e-rouba-o-carro-em-que-viajava\/#primaryimage","url":"https:\/\/marcelolopes.jor.br\/site\/wp-content\/uploads\/2019\/06\/Policia-Militar-de-Minas-Gerais-190-Plantao-Foto-Guia-Muriae.jpg","contentUrl":"https:\/\/marcelolopes.jor.br\/site\/wp-content\/uploads\/2019\/06\/Policia-Militar-de-Minas-Gerais-190-Plantao-Foto-Guia-Muriae.jpg","width":600,"height":450,"caption":"PM registra dois homic\u00eddios"},{"@type":"BreadcrumbList","@id":"https:\/\/marcelolopes.jor.br\/site\/2020\/10\/29\/passageiro-ameaca-motorista-e-rouba-o-carro-em-que-viajava\/#breadcrumb","itemListElement":[{"@type":"ListItem","position":1,"name":"Home","item":"https:\/\/marcelolopes.jor.br\/site\/"},{"@type":"ListItem","position":2,"name":"Passageiro amea\u00e7a motorista e rouba o carro em que viajava"}]},{"@type":"WebSite","@id":"https:\/\/marcelolopes.jor.br\/site\/#website","url":"https:\/\/marcelolopes.jor.br\/site\/","name":"Marcelo Lopes","description":"Not\u00edcias de Cataguases e Regi\u00e3o","publisher":{"@id":"https:\/\/marcelolopes.jor.br\/site\/#organization"},"potentialAction":[{"@type":"SearchAction","target":{"@type":"EntryPoint","urlTemplate":"https:\/\/marcelolopes.jor.br\/site\/?s={search_term_string}"},"query-input":{"@type":"PropertyValueSpecification","valueRequired":true,"valueName":"search_term_string"}}],"inLanguage":"pt-BR"},{"@type":"Organization","@id":"https:\/\/marcelolopes.jor.br\/site\/#organization","name":"Site do Marcelo Lopes","url":"https:\/\/marcelolopes.jor.br\/site\/","logo":{"@type":"ImageObject","inLanguage":"pt-BR","@id":"https:\/\/marcelolopes.jor.br\/site\/#\/schema\/logo\/image\/","url":"https:\/\/marcelolopes.jor.br\/site\/wp-content\/uploads\/2024\/11\/logo-1.png","contentUrl":"https:\/\/marcelolopes.jor.br\/site\/wp-content\/uploads\/2024\/11\/logo-1.png","width":475,"height":80,"caption":"Site do Marcelo Lopes"},"image":{"@id":"https:\/\/marcelolopes.jor.br\/site\/#\/schema\/logo\/image\/"},"sameAs":["https:\/\/www.facebook.com\/sitedomarcelolopes","https:\/\/www.instagram.com\/sitedomarcelolopes\/","https:\/\/www.linkedin.com\/company\/site-do-marcelo-lopes\/","https:\/\/www.youtube.com\/user\/marcelolopes957"]},{"@type":"Person","@id":"https:\/\/marcelolopes.jor.br\/site\/#\/schema\/person\/3e7216a35c34d8fdf952b31da3d1f89f","name":"Marcelo Lopes","sameAs":["http:\/\/www.marcelolopes.jor.br"],"url":"https:\/\/marcelolopes.jor.br\/site\/author\/marcelo\/"}]}},"wps_subtitle":"Autor contratou a corrida em Cataguases para a cidade de Tocantins.","_links":{"self":[{"href":"https:\/\/marcelolopes.jor.br\/site\/wp-json\/wp\/v2\/posts\/18564","targetHints":{"allow":["GET"]}}],"collection":[{"href":"https:\/\/marcelolopes.jor.br\/site\/wp-json\/wp\/v2\/posts"}],"about":[{"href":"https:\/\/marcelolopes.jor.br\/site\/wp-json\/wp\/v2\/types\/post"}],"author":[{"embeddable":true,"href":"https:\/\/marcelolopes.jor.br\/site\/wp-json\/wp\/v2\/users\/2"}],"replies":[{"embeddable":true,"href":"https:\/\/marcelolopes.jor.br\/site\/wp-json\/wp\/v2\/comments?post=18564"}],"version-history":[{"count":0,"href":"https:\/\/marcelolopes.jor.br\/site\/wp-json\/wp\/v2\/posts\/18564\/revisions"}],"wp:featuredmedia":[{"embeddable":true,"href":"https:\/\/marcelolopes.jor.br\/site\/wp-json\/wp\/v2\/media\/2907"}],"wp:attachment":[{"href":"https:\/\/marcelolopes.jor.br\/site\/wp-json\/wp\/v2\/media?parent=18564"}],"wp:term":[{"taxonomy":"category","embeddable":true,"href":"https:\/\/marcelolopes.jor.br\/site\/wp-json\/wp\/v2\/categories?post=18564"},{"taxonomy":"post_tag","embeddable":true,"href":"https:\/\/marcelolopes.jor.br\/site\/wp-json\/wp\/v2\/tags?post=18564"}],"curies":[{"name":"wp","href":"https:\/\/api.w.org\/{rel}","templated":true}]}}