{"id":18338,"date":"2020-10-21T16:00:21","date_gmt":"2020-10-21T19:00:21","guid":{"rendered":"https:\/\/marcelolopes.jor.br\/?p=18338"},"modified":"2020-10-21T13:50:17","modified_gmt":"2020-10-21T16:50:17","slug":"almg-debate-implantacao-do-trem-turistico-de-alem-paraiba","status":"publish","type":"post","link":"https:\/\/marcelolopes.jor.br\/site\/2020\/10\/21\/almg-debate-implantacao-do-trem-turistico-de-alem-paraiba\/","title":{"rendered":"ALMG debate implanta\u00e7\u00e3o do trem tur\u00edstico de Al\u00e9m Para\u00edba"},"content":{"rendered":"<p style=\"text-align: justify;\">A Associa\u00e7\u00e3o Brasileira de Prote\u00e7\u00e3o Ferrovi\u00e1ria (ABPF) j\u00e1 tem um projeto e material rodante, como locomotivas e vag\u00f5es, para operar o trem tur\u00edstico de Al\u00e9m Para\u00edba, em um trecho de 12 quil\u00f4metros entre as esta\u00e7\u00f5es de Porto Novo e Simpl\u00edcio. No entanto, as m\u00e1s condi\u00e7\u00f5es da linha ainda s\u00e3o um obst\u00e1culo para o seu funcionamento e ser\u00e3o discutidas em audi\u00eancia p\u00fablica da Comiss\u00e3o Pr\u00f3-Ferrovias Mineiras, amanh\u00e3, quinta-feira, 22 de outubro, \u00e0s 9 horas, no Audit\u00f3rio Jos\u00e9 Alencar da Assembleia Legislativa de Minas Gerais (ALMG).<!--more--><\/p>\n<p style=\"text-align: justify;\">Atualmente, o trecho est\u00e1 sob responsabilidade da VLI Log\u00edstica, que n\u00e3o tem interesse em explor\u00e1-lo. A ABPF deve assumi-lo, com base em projeto inclu\u00eddo no Plano Estrat\u00e9gico Ferrovi\u00e1rio (PEF) de Minas Gerais, elaborado pela Funda\u00e7\u00e3o Dom Cabral.<\/p>\n<p style=\"text-align: justify;\">Foram convidados para a audi\u00eancia o gerente-geral de Rela\u00e7\u00f5es Institucionais da VLI, Jos\u00e9 Geraldo Lima, o diretor da ABPF, Jos\u00e9 Carlos Faria, e os superintendentes de Transporte Ferrovi\u00e1rio da ANTT, Jean Reis, e da Secretaria de Estado de Infraestrutura e Mobilidade, V\u00e2nia Cardoso.<\/p>\n<p style=\"text-align: justify;\">A reuni\u00e3o foi solicitada pelos deputados Jo\u00e3o Leite (PSDB), presidente da comiss\u00e3o, Carlos Pimenta (PDT) e Gustavo Mitre (PSC).<\/p>\n<p style=\"text-align: justify;\"><strong>Hist\u00f3ria &#8211;<\/strong> Al\u00e9m Para\u00edba possui um patrim\u00f4nio ferrovi\u00e1rio centen\u00e1rio, que est\u00e1 se deteriorando. A cidade foi o ponto de partida da interioriza\u00e7\u00e3o dos trilhos em Minas. A Esta\u00e7\u00e3o de Porto Novo, por exemplo, foi inaugurada em 1871, como uma das extremidades da Estrada de Ferro D. Pedro II (depois Central do Brasil). No mesmo ano, foi criada a Esta\u00e7\u00e3o de Concei\u00e7\u00e3o, que mais tarde recebeu o nome de Simpl\u00edcio, em homenagem a um fazendeiro local.<\/p>\n<p style=\"text-align: justify;\">Fonte: Assessoria de Comunica\u00e7\u00e3o da ALMG | Foto: Ra\u00edla Melo<\/p>\n<div class=\"gbvkn69f72e6d2c88b\" ><br><\/div><style type=\"text\/css\">\r\n@media screen and (min-width: 1201px) {\r\n.gbvkn69f72e6d2c88b {\r\ndisplay: block;\r\n}\r\n}\r\n@media screen and (min-width: 993px) and (max-width: 1200px) {\r\n.gbvkn69f72e6d2c88b {\r\ndisplay: block;\r\n}\r\n}\r\n@media screen and (min-width: 769px) and (max-width: 992px) {\r\n.gbvkn69f72e6d2c88b {\r\ndisplay: block;\r\n}\r\n}\r\n@media screen and (min-width: 768px) and (max-width: 768px) {\r\n.gbvkn69f72e6d2c88b {\r\ndisplay: block;\r\n}\r\n}\r\n@media screen and (max-width: 767px) {\r\n.gbvkn69f72e6d2c88b {\r\ndisplay: block;\r\n}\r\n}\r\n<\/style>\r\n<div class=\"rhnee69f72e6d31bbf\" ><div id=\"div_destino\"><\/div>\r\n<script src=\"https:\/\/cdn.snsrsv.com\/sdk.js\"><\/script>\r\n<script >\r\n      new sdk(\"464030C30061EA8BE065000000000001\") \r\n          .appendTo(\"div_destino\")\r\n          .disableStyle(true) \r\n          .setCacheBusterMacro(\"%%CACHEBUSTER%%\")\r\n          .setSize(\"800\",\"214\")\r\n          .setClickMacro(\"%%CLICK_URL_ESC%%\") \r\n          .setReferrerUrlMacro(\"%%REFERRER_URL_ESC%%\") \r\n          .start(); \r\n<\/script><\/div><style type=\"text\/css\">\r\n@media screen and (min-width: 1201px) {\r\n.rhnee69f72e6d31bbf {\r\ndisplay: block;\r\n}\r\n}\r\n@media screen and (min-width: 993px) and (max-width: 1200px) {\r\n.rhnee69f72e6d31bbf {\r\ndisplay: block;\r\n}\r\n}\r\n@media screen and (min-width: 769px) and (max-width: 992px) {\r\n.rhnee69f72e6d31bbf {\r\ndisplay: block;\r\n}\r\n}\r\n@media screen and (min-width: 768px) and (max-width: 768px) {\r\n.rhnee69f72e6d31bbf {\r\ndisplay: block;\r\n}\r\n}\r\n@media screen and (max-width: 767px) {\r\n.rhnee69f72e6d31bbf {\r\ndisplay: block;\r\n}\r\n}\r\n<\/style>\r\n","protected":false},"excerpt":{"rendered":"<p>A Associa\u00e7\u00e3o Brasileira de Prote\u00e7\u00e3o Ferrovi\u00e1ria (ABPF) j\u00e1 tem um projeto e material rodante, como locomotivas e vag\u00f5es, para operar o trem tur\u00edstico de Al\u00e9m Para\u00edba, em um trecho de 12 quil\u00f4metros entre as esta\u00e7\u00f5es de Porto Novo e Simpl\u00edcio.<\/p>\n<p class=\"link-more\"><a class=\"more-link\" href=\"https:\/\/marcelolopes.jor.br\/site\/2020\/10\/21\/almg-debate-implantacao-do-trem-turistico-de-alem-paraiba\/\">Leia mais <span class=\"screen-reader-text\">ALMG debate implanta\u00e7\u00e3o do trem tur\u00edstico de Al\u00e9m Para\u00edba<\/span><\/a><\/p>\n","protected":false},"author":2,"featured_media":18340,"comment_status":"open","ping_status":"open","sticky":false,"template":"","format":"standard","meta":{"footnotes":""},"categories":[1],"tags":[768,1729,3143,3115],"class_list":["post-18338","post","type-post","status-publish","format-standard","has-post-thumbnail","hentry","category-noticias","tag-alem-paraiba","tag-ferrovia","tag-simplicio","tag-trem-turistico","thumb-below-title"],"yoast_head":"<!-- This site is optimized with the Yoast SEO plugin v27.4 - https:\/\/yoast.com\/product\/yoast-seo-wordpress\/ -->\n<title>ALMG debate implanta\u00e7\u00e3o do trem tur\u00edstico de Al\u00e9m Para\u00edba | Marcelo Lopes<\/title>\n<meta name=\"robots\" content=\"index, follow, max-snippet:-1, max-image-preview:large, max-video-preview:-1\" \/>\n<link rel=\"canonical\" href=\"https:\/\/marcelolopes.jor.br\/site\/2020\/10\/21\/almg-debate-implantacao-do-trem-turistico-de-alem-paraiba\/\" \/>\n<meta property=\"og:locale\" content=\"pt_BR\" \/>\n<meta property=\"og:type\" content=\"article\" \/>\n<meta property=\"og:title\" content=\"ALMG debate implanta\u00e7\u00e3o do trem tur\u00edstico de Al\u00e9m Para\u00edba | Marcelo Lopes\" \/>\n<meta property=\"og:description\" content=\"A Associa\u00e7\u00e3o Brasileira de Prote\u00e7\u00e3o Ferrovi\u00e1ria (ABPF) j\u00e1 tem um projeto e material rodante, como locomotivas e vag\u00f5es, para operar o trem tur\u00edstico de Al\u00e9m Para\u00edba, em um trecho de 12 quil\u00f4metros entre as esta\u00e7\u00f5es de Porto Novo e Simpl\u00edcio.Leia mais ALMG debate implanta\u00e7\u00e3o do trem tur\u00edstico de Al\u00e9m Para\u00edba\" \/>\n<meta property=\"og:url\" content=\"https:\/\/marcelolopes.jor.br\/site\/2020\/10\/21\/almg-debate-implantacao-do-trem-turistico-de-alem-paraiba\/\" \/>\n<meta property=\"og:site_name\" content=\"Marcelo Lopes\" \/>\n<meta property=\"article:publisher\" content=\"https:\/\/www.facebook.com\/sitedomarcelolopes\" \/>\n<meta property=\"article:published_time\" content=\"2020-10-21T19:00:21+00:00\" \/>\n<meta property=\"og:image\" content=\"https:\/\/marcelolopes.jor.br\/site\/wp-content\/uploads\/2020\/10\/1112406.jpg\" \/>\n\t<meta property=\"og:image:width\" content=\"640\" \/>\n\t<meta property=\"og:image:height\" content=\"427\" \/>\n\t<meta property=\"og:image:type\" content=\"image\/jpeg\" \/>\n<meta name=\"author\" content=\"Marcelo Lopes\" \/>\n<meta name=\"twitter:card\" content=\"summary_large_image\" \/>\n<meta name=\"twitter:label1\" content=\"Escrito por\" \/>\n\t<meta name=\"twitter:data1\" content=\"Marcelo Lopes\" \/>\n\t<meta name=\"twitter:label2\" content=\"Est. tempo de leitura\" \/>\n\t<meta name=\"twitter:data2\" content=\"2 minutos\" \/>\n<script type=\"application\/ld+json\" class=\"yoast-schema-graph\">{\"@context\":\"https:\\\/\\\/schema.org\",\"@graph\":[{\"@type\":\"NewsArticle\",\"@id\":\"https:\\\/\\\/marcelolopes.jor.br\\\/site\\\/2020\\\/10\\\/21\\\/almg-debate-implantacao-do-trem-turistico-de-alem-paraiba\\\/#article\",\"isPartOf\":{\"@id\":\"https:\\\/\\\/marcelolopes.jor.br\\\/site\\\/2020\\\/10\\\/21\\\/almg-debate-implantacao-do-trem-turistico-de-alem-paraiba\\\/\"},\"author\":{\"name\":\"Marcelo Lopes\",\"@id\":\"https:\\\/\\\/marcelolopes.jor.br\\\/site\\\/#\\\/schema\\\/person\\\/3e7216a35c34d8fdf952b31da3d1f89f\"},\"headline\":\"ALMG debate implanta\u00e7\u00e3o do trem tur\u00edstico de Al\u00e9m Para\u00edba\",\"datePublished\":\"2020-10-21T19:00:21+00:00\",\"mainEntityOfPage\":{\"@id\":\"https:\\\/\\\/marcelolopes.jor.br\\\/site\\\/2020\\\/10\\\/21\\\/almg-debate-implantacao-do-trem-turistico-de-alem-paraiba\\\/\"},\"wordCount\":323,\"commentCount\":0,\"publisher\":{\"@id\":\"https:\\\/\\\/marcelolopes.jor.br\\\/site\\\/#organization\"},\"image\":{\"@id\":\"https:\\\/\\\/marcelolopes.jor.br\\\/site\\\/2020\\\/10\\\/21\\\/almg-debate-implantacao-do-trem-turistico-de-alem-paraiba\\\/#primaryimage\"},\"thumbnailUrl\":\"https:\\\/\\\/marcelolopes.jor.br\\\/site\\\/wp-content\\\/uploads\\\/2020\\\/10\\\/1112406.jpg\",\"keywords\":[\"Al\u00e9m Para\u00edba\",\"ferrovia\",\"Simpl\u00edcio\",\"Trem Tur\u00edstico\"],\"articleSection\":[\"Not\u00edcias\"],\"inLanguage\":\"pt-BR\",\"potentialAction\":[{\"@type\":\"CommentAction\",\"name\":\"Comment\",\"target\":[\"https:\\\/\\\/marcelolopes.jor.br\\\/site\\\/2020\\\/10\\\/21\\\/almg-debate-implantacao-do-trem-turistico-de-alem-paraiba\\\/#respond\"]}]},{\"@type\":\"WebPage\",\"@id\":\"https:\\\/\\\/marcelolopes.jor.br\\\/site\\\/2020\\\/10\\\/21\\\/almg-debate-implantacao-do-trem-turistico-de-alem-paraiba\\\/\",\"url\":\"https:\\\/\\\/marcelolopes.jor.br\\\/site\\\/2020\\\/10\\\/21\\\/almg-debate-implantacao-do-trem-turistico-de-alem-paraiba\\\/\",\"name\":\"ALMG debate implanta\u00e7\u00e3o do trem tur\u00edstico de Al\u00e9m Para\u00edba | Marcelo Lopes\",\"isPartOf\":{\"@id\":\"https:\\\/\\\/marcelolopes.jor.br\\\/site\\\/#website\"},\"primaryImageOfPage\":{\"@id\":\"https:\\\/\\\/marcelolopes.jor.br\\\/site\\\/2020\\\/10\\\/21\\\/almg-debate-implantacao-do-trem-turistico-de-alem-paraiba\\\/#primaryimage\"},\"image\":{\"@id\":\"https:\\\/\\\/marcelolopes.jor.br\\\/site\\\/2020\\\/10\\\/21\\\/almg-debate-implantacao-do-trem-turistico-de-alem-paraiba\\\/#primaryimage\"},\"thumbnailUrl\":\"https:\\\/\\\/marcelolopes.jor.br\\\/site\\\/wp-content\\\/uploads\\\/2020\\\/10\\\/1112406.jpg\",\"datePublished\":\"2020-10-21T19:00:21+00:00\",\"breadcrumb\":{\"@id\":\"https:\\\/\\\/marcelolopes.jor.br\\\/site\\\/2020\\\/10\\\/21\\\/almg-debate-implantacao-do-trem-turistico-de-alem-paraiba\\\/#breadcrumb\"},\"inLanguage\":\"pt-BR\",\"potentialAction\":[{\"@type\":\"ReadAction\",\"target\":[\"https:\\\/\\\/marcelolopes.jor.br\\\/site\\\/2020\\\/10\\\/21\\\/almg-debate-implantacao-do-trem-turistico-de-alem-paraiba\\\/\"]}]},{\"@type\":\"ImageObject\",\"inLanguage\":\"pt-BR\",\"@id\":\"https:\\\/\\\/marcelolopes.jor.br\\\/site\\\/2020\\\/10\\\/21\\\/almg-debate-implantacao-do-trem-turistico-de-alem-paraiba\\\/#primaryimage\",\"url\":\"https:\\\/\\\/marcelolopes.jor.br\\\/site\\\/wp-content\\\/uploads\\\/2020\\\/10\\\/1112406.jpg\",\"contentUrl\":\"https:\\\/\\\/marcelolopes.jor.br\\\/site\\\/wp-content\\\/uploads\\\/2020\\\/10\\\/1112406.jpg\",\"width\":640,\"height\":427},{\"@type\":\"BreadcrumbList\",\"@id\":\"https:\\\/\\\/marcelolopes.jor.br\\\/site\\\/2020\\\/10\\\/21\\\/almg-debate-implantacao-do-trem-turistico-de-alem-paraiba\\\/#breadcrumb\",\"itemListElement\":[{\"@type\":\"ListItem\",\"position\":1,\"name\":\"Home\",\"item\":\"https:\\\/\\\/marcelolopes.jor.br\\\/site\\\/\"},{\"@type\":\"ListItem\",\"position\":2,\"name\":\"ALMG debate implanta\u00e7\u00e3o do trem tur\u00edstico de Al\u00e9m Para\u00edba\"}]},{\"@type\":\"WebSite\",\"@id\":\"https:\\\/\\\/marcelolopes.jor.br\\\/site\\\/#website\",\"url\":\"https:\\\/\\\/marcelolopes.jor.br\\\/site\\\/\",\"name\":\"Marcelo Lopes\",\"description\":\"Not\u00edcias de Cataguases e Regi\u00e3o\",\"publisher\":{\"@id\":\"https:\\\/\\\/marcelolopes.jor.br\\\/site\\\/#organization\"},\"potentialAction\":[{\"@type\":\"SearchAction\",\"target\":{\"@type\":\"EntryPoint\",\"urlTemplate\":\"https:\\\/\\\/marcelolopes.jor.br\\\/site\\\/?s={search_term_string}\"},\"query-input\":{\"@type\":\"PropertyValueSpecification\",\"valueRequired\":true,\"valueName\":\"search_term_string\"}}],\"inLanguage\":\"pt-BR\"},{\"@type\":\"Organization\",\"@id\":\"https:\\\/\\\/marcelolopes.jor.br\\\/site\\\/#organization\",\"name\":\"Site do Marcelo Lopes\",\"url\":\"https:\\\/\\\/marcelolopes.jor.br\\\/site\\\/\",\"logo\":{\"@type\":\"ImageObject\",\"inLanguage\":\"pt-BR\",\"@id\":\"https:\\\/\\\/marcelolopes.jor.br\\\/site\\\/#\\\/schema\\\/logo\\\/image\\\/\",\"url\":\"https:\\\/\\\/marcelolopes.jor.br\\\/site\\\/wp-content\\\/uploads\\\/2024\\\/11\\\/logo-1.png\",\"contentUrl\":\"https:\\\/\\\/marcelolopes.jor.br\\\/site\\\/wp-content\\\/uploads\\\/2024\\\/11\\\/logo-1.png\",\"width\":475,\"height\":80,\"caption\":\"Site do Marcelo Lopes\"},\"image\":{\"@id\":\"https:\\\/\\\/marcelolopes.jor.br\\\/site\\\/#\\\/schema\\\/logo\\\/image\\\/\"},\"sameAs\":[\"https:\\\/\\\/www.facebook.com\\\/sitedomarcelolopes\",\"https:\\\/\\\/www.instagram.com\\\/sitedomarcelolopes\\\/\",\"https:\\\/\\\/www.linkedin.com\\\/company\\\/site-do-marcelo-lopes\\\/\",\"https:\\\/\\\/www.youtube.com\\\/user\\\/marcelolopes957\"]},{\"@type\":\"Person\",\"@id\":\"https:\\\/\\\/marcelolopes.jor.br\\\/site\\\/#\\\/schema\\\/person\\\/3e7216a35c34d8fdf952b31da3d1f89f\",\"name\":\"Marcelo Lopes\",\"sameAs\":[\"http:\\\/\\\/www.marcelolopes.jor.br\"],\"url\":\"https:\\\/\\\/marcelolopes.jor.br\\\/site\\\/author\\\/marcelo\\\/\"}]}<\/script>\n<!-- \/ Yoast SEO plugin. -->","yoast_head_json":{"title":"ALMG debate implanta\u00e7\u00e3o do trem tur\u00edstico de Al\u00e9m Para\u00edba | Marcelo Lopes","robots":{"index":"index","follow":"follow","max-snippet":"max-snippet:-1","max-image-preview":"max-image-preview:large","max-video-preview":"max-video-preview:-1"},"canonical":"https:\/\/marcelolopes.jor.br\/site\/2020\/10\/21\/almg-debate-implantacao-do-trem-turistico-de-alem-paraiba\/","og_locale":"pt_BR","og_type":"article","og_title":"ALMG debate implanta\u00e7\u00e3o do trem tur\u00edstico de Al\u00e9m Para\u00edba | Marcelo Lopes","og_description":"A Associa\u00e7\u00e3o Brasileira de Prote\u00e7\u00e3o Ferrovi\u00e1ria (ABPF) j\u00e1 tem um projeto e material rodante, como locomotivas e vag\u00f5es, para operar o trem tur\u00edstico de Al\u00e9m Para\u00edba, em um trecho de 12 quil\u00f4metros entre as esta\u00e7\u00f5es de Porto Novo e Simpl\u00edcio.Leia mais ALMG debate implanta\u00e7\u00e3o do trem tur\u00edstico de Al\u00e9m Para\u00edba","og_url":"https:\/\/marcelolopes.jor.br\/site\/2020\/10\/21\/almg-debate-implantacao-do-trem-turistico-de-alem-paraiba\/","og_site_name":"Marcelo Lopes","article_publisher":"https:\/\/www.facebook.com\/sitedomarcelolopes","article_published_time":"2020-10-21T19:00:21+00:00","og_image":[{"width":640,"height":427,"url":"https:\/\/marcelolopes.jor.br\/site\/wp-content\/uploads\/2020\/10\/1112406.jpg","type":"image\/jpeg"}],"author":"Marcelo Lopes","twitter_card":"summary_large_image","twitter_misc":{"Escrito por":"Marcelo Lopes","Est. tempo de leitura":"2 minutos"},"schema":{"@context":"https:\/\/schema.org","@graph":[{"@type":"NewsArticle","@id":"https:\/\/marcelolopes.jor.br\/site\/2020\/10\/21\/almg-debate-implantacao-do-trem-turistico-de-alem-paraiba\/#article","isPartOf":{"@id":"https:\/\/marcelolopes.jor.br\/site\/2020\/10\/21\/almg-debate-implantacao-do-trem-turistico-de-alem-paraiba\/"},"author":{"name":"Marcelo Lopes","@id":"https:\/\/marcelolopes.jor.br\/site\/#\/schema\/person\/3e7216a35c34d8fdf952b31da3d1f89f"},"headline":"ALMG debate implanta\u00e7\u00e3o do trem tur\u00edstico de Al\u00e9m Para\u00edba","datePublished":"2020-10-21T19:00:21+00:00","mainEntityOfPage":{"@id":"https:\/\/marcelolopes.jor.br\/site\/2020\/10\/21\/almg-debate-implantacao-do-trem-turistico-de-alem-paraiba\/"},"wordCount":323,"commentCount":0,"publisher":{"@id":"https:\/\/marcelolopes.jor.br\/site\/#organization"},"image":{"@id":"https:\/\/marcelolopes.jor.br\/site\/2020\/10\/21\/almg-debate-implantacao-do-trem-turistico-de-alem-paraiba\/#primaryimage"},"thumbnailUrl":"https:\/\/marcelolopes.jor.br\/site\/wp-content\/uploads\/2020\/10\/1112406.jpg","keywords":["Al\u00e9m Para\u00edba","ferrovia","Simpl\u00edcio","Trem Tur\u00edstico"],"articleSection":["Not\u00edcias"],"inLanguage":"pt-BR","potentialAction":[{"@type":"CommentAction","name":"Comment","target":["https:\/\/marcelolopes.jor.br\/site\/2020\/10\/21\/almg-debate-implantacao-do-trem-turistico-de-alem-paraiba\/#respond"]}]},{"@type":"WebPage","@id":"https:\/\/marcelolopes.jor.br\/site\/2020\/10\/21\/almg-debate-implantacao-do-trem-turistico-de-alem-paraiba\/","url":"https:\/\/marcelolopes.jor.br\/site\/2020\/10\/21\/almg-debate-implantacao-do-trem-turistico-de-alem-paraiba\/","name":"ALMG debate implanta\u00e7\u00e3o do trem tur\u00edstico de Al\u00e9m Para\u00edba | Marcelo Lopes","isPartOf":{"@id":"https:\/\/marcelolopes.jor.br\/site\/#website"},"primaryImageOfPage":{"@id":"https:\/\/marcelolopes.jor.br\/site\/2020\/10\/21\/almg-debate-implantacao-do-trem-turistico-de-alem-paraiba\/#primaryimage"},"image":{"@id":"https:\/\/marcelolopes.jor.br\/site\/2020\/10\/21\/almg-debate-implantacao-do-trem-turistico-de-alem-paraiba\/#primaryimage"},"thumbnailUrl":"https:\/\/marcelolopes.jor.br\/site\/wp-content\/uploads\/2020\/10\/1112406.jpg","datePublished":"2020-10-21T19:00:21+00:00","breadcrumb":{"@id":"https:\/\/marcelolopes.jor.br\/site\/2020\/10\/21\/almg-debate-implantacao-do-trem-turistico-de-alem-paraiba\/#breadcrumb"},"inLanguage":"pt-BR","potentialAction":[{"@type":"ReadAction","target":["https:\/\/marcelolopes.jor.br\/site\/2020\/10\/21\/almg-debate-implantacao-do-trem-turistico-de-alem-paraiba\/"]}]},{"@type":"ImageObject","inLanguage":"pt-BR","@id":"https:\/\/marcelolopes.jor.br\/site\/2020\/10\/21\/almg-debate-implantacao-do-trem-turistico-de-alem-paraiba\/#primaryimage","url":"https:\/\/marcelolopes.jor.br\/site\/wp-content\/uploads\/2020\/10\/1112406.jpg","contentUrl":"https:\/\/marcelolopes.jor.br\/site\/wp-content\/uploads\/2020\/10\/1112406.jpg","width":640,"height":427},{"@type":"BreadcrumbList","@id":"https:\/\/marcelolopes.jor.br\/site\/2020\/10\/21\/almg-debate-implantacao-do-trem-turistico-de-alem-paraiba\/#breadcrumb","itemListElement":[{"@type":"ListItem","position":1,"name":"Home","item":"https:\/\/marcelolopes.jor.br\/site\/"},{"@type":"ListItem","position":2,"name":"ALMG debate implanta\u00e7\u00e3o do trem tur\u00edstico de Al\u00e9m Para\u00edba"}]},{"@type":"WebSite","@id":"https:\/\/marcelolopes.jor.br\/site\/#website","url":"https:\/\/marcelolopes.jor.br\/site\/","name":"Marcelo Lopes","description":"Not\u00edcias de Cataguases e Regi\u00e3o","publisher":{"@id":"https:\/\/marcelolopes.jor.br\/site\/#organization"},"potentialAction":[{"@type":"SearchAction","target":{"@type":"EntryPoint","urlTemplate":"https:\/\/marcelolopes.jor.br\/site\/?s={search_term_string}"},"query-input":{"@type":"PropertyValueSpecification","valueRequired":true,"valueName":"search_term_string"}}],"inLanguage":"pt-BR"},{"@type":"Organization","@id":"https:\/\/marcelolopes.jor.br\/site\/#organization","name":"Site do Marcelo Lopes","url":"https:\/\/marcelolopes.jor.br\/site\/","logo":{"@type":"ImageObject","inLanguage":"pt-BR","@id":"https:\/\/marcelolopes.jor.br\/site\/#\/schema\/logo\/image\/","url":"https:\/\/marcelolopes.jor.br\/site\/wp-content\/uploads\/2024\/11\/logo-1.png","contentUrl":"https:\/\/marcelolopes.jor.br\/site\/wp-content\/uploads\/2024\/11\/logo-1.png","width":475,"height":80,"caption":"Site do Marcelo Lopes"},"image":{"@id":"https:\/\/marcelolopes.jor.br\/site\/#\/schema\/logo\/image\/"},"sameAs":["https:\/\/www.facebook.com\/sitedomarcelolopes","https:\/\/www.instagram.com\/sitedomarcelolopes\/","https:\/\/www.linkedin.com\/company\/site-do-marcelo-lopes\/","https:\/\/www.youtube.com\/user\/marcelolopes957"]},{"@type":"Person","@id":"https:\/\/marcelolopes.jor.br\/site\/#\/schema\/person\/3e7216a35c34d8fdf952b31da3d1f89f","name":"Marcelo Lopes","sameAs":["http:\/\/www.marcelolopes.jor.br"],"url":"https:\/\/marcelolopes.jor.br\/site\/author\/marcelo\/"}]}},"wps_subtitle":"ANTT exige revitaliza\u00e7\u00e3o do trecho que liga duas esta\u00e7\u00f5es no pr\u00f3prio munic\u00edpio.","_links":{"self":[{"href":"https:\/\/marcelolopes.jor.br\/site\/wp-json\/wp\/v2\/posts\/18338","targetHints":{"allow":["GET"]}}],"collection":[{"href":"https:\/\/marcelolopes.jor.br\/site\/wp-json\/wp\/v2\/posts"}],"about":[{"href":"https:\/\/marcelolopes.jor.br\/site\/wp-json\/wp\/v2\/types\/post"}],"author":[{"embeddable":true,"href":"https:\/\/marcelolopes.jor.br\/site\/wp-json\/wp\/v2\/users\/2"}],"replies":[{"embeddable":true,"href":"https:\/\/marcelolopes.jor.br\/site\/wp-json\/wp\/v2\/comments?post=18338"}],"version-history":[{"count":0,"href":"https:\/\/marcelolopes.jor.br\/site\/wp-json\/wp\/v2\/posts\/18338\/revisions"}],"wp:featuredmedia":[{"embeddable":true,"href":"https:\/\/marcelolopes.jor.br\/site\/wp-json\/wp\/v2\/media\/18340"}],"wp:attachment":[{"href":"https:\/\/marcelolopes.jor.br\/site\/wp-json\/wp\/v2\/media?parent=18338"}],"wp:term":[{"taxonomy":"category","embeddable":true,"href":"https:\/\/marcelolopes.jor.br\/site\/wp-json\/wp\/v2\/categories?post=18338"},{"taxonomy":"post_tag","embeddable":true,"href":"https:\/\/marcelolopes.jor.br\/site\/wp-json\/wp\/v2\/tags?post=18338"}],"curies":[{"name":"wp","href":"https:\/\/api.w.org\/{rel}","templated":true}]}}