{"id":18278,"date":"2020-10-19T11:58:08","date_gmt":"2020-10-19T14:58:08","guid":{"rendered":"https:\/\/marcelolopes.jor.br\/?p=18278"},"modified":"2020-10-19T14:01:24","modified_gmt":"2020-10-19T17:01:24","slug":"foragido-da-justica-e-preso-no-bairro-popular-apos-perseguicao-policial","status":"publish","type":"post","link":"https:\/\/marcelolopes.jor.br\/site\/2020\/10\/19\/foragido-da-justica-e-preso-no-bairro-popular-apos-perseguicao-policial\/","title":{"rendered":"Foragido da justi\u00e7a \u00e9 preso no Bairro Popular ap\u00f3s persegui\u00e7\u00e3o policial"},"content":{"rendered":"<p style=\"text-align: justify;\">Um homem de 35 anos de idade foi preso pela Pol\u00edcia Militar por volta das 11 horas desta segunda-feira, 19 de outubro, na Rua Antero Ribeiro, no Bairro Popular. De acordo com informa\u00e7\u00f5es da pr\u00f3pria PM ele estava foragido da justi\u00e7a havia dois anos. Ap\u00f3s os procedimentos administrativos o foragido ser\u00e1 encaminhado para o pres\u00eddio de Cataguases onde permanecer\u00e1 \u00e0 disposi\u00e7\u00e3o da justi\u00e7a.<!--more--><\/p>\n<p style=\"text-align: justify;\">Durante uma opera\u00e7\u00e3o policial coordenada pelo major Willian Machado, comandante da 146\u00aa Companhia Especial de Pol\u00edcia Militar em Cataguases, al\u00e9m da participa\u00e7\u00e3o do tenente Marinato, do servi\u00e7o de intelig\u00eancia da PM e dos policiais militares sub-tenente Rocha, os sargentos Barreiro e S\u00e9rgio e cabo Bastos, a equipe visualizou um VW Fusca em atitude suspeita e fizeram a abordagem. Ap\u00f3s levantamentos descobriram que o carona estava foragido, &#8220;mas o motorista n\u00e3o tem nada que desabone sua conduta&#8221;, ressaltou Major Willian.<\/p>\n<p style=\"text-align: justify;\">De acordo com a PM, o homem preso, identificado pelas iniciais T.H.S.D, de 35 anos, \u00e9 natural de Betim\/MG, onde foi preso pelos crimes de roubo, homic\u00eddio, disparo de arma de fogo e tr\u00e1fico de drogas. Ele estava residindo em Sereno, distrito de Cataguases e no momento em que foi preso pela equipe do major Willian, estava a caminho de Rodeiro\/MG, onde, segundo informou, iria ajudar na mudan\u00e7a de seu irm\u00e3o. Foragido desde dezembro de 2018, a justi\u00e7a j\u00e1 havia expedido dois mandados de pris\u00e3o contra ele.<\/p>\n<div class=\"mxpsz69f5f7d0b9c70\" ><br><\/div><style type=\"text\/css\">\r\n@media screen and (min-width: 1201px) {\r\n.mxpsz69f5f7d0b9c70 {\r\ndisplay: block;\r\n}\r\n}\r\n@media screen and (min-width: 993px) and (max-width: 1200px) {\r\n.mxpsz69f5f7d0b9c70 {\r\ndisplay: block;\r\n}\r\n}\r\n@media screen and (min-width: 769px) and (max-width: 992px) {\r\n.mxpsz69f5f7d0b9c70 {\r\ndisplay: block;\r\n}\r\n}\r\n@media screen and (min-width: 768px) and (max-width: 768px) {\r\n.mxpsz69f5f7d0b9c70 {\r\ndisplay: block;\r\n}\r\n}\r\n@media screen and (max-width: 767px) {\r\n.mxpsz69f5f7d0b9c70 {\r\ndisplay: block;\r\n}\r\n}\r\n<\/style>\r\n<div class=\"dlysm69f5f7d0bfd2b\" ><div id=\"div_destino\"><\/div>\r\n<script src=\"https:\/\/cdn.snsrsv.com\/sdk.js\"><\/script>\r\n<script >\r\n      new sdk(\"464030C30061EA8BE065000000000001\") \r\n          .appendTo(\"div_destino\")\r\n          .disableStyle(true) \r\n          .setCacheBusterMacro(\"%%CACHEBUSTER%%\")\r\n          .setSize(\"800\",\"214\")\r\n          .setClickMacro(\"%%CLICK_URL_ESC%%\") \r\n          .setReferrerUrlMacro(\"%%REFERRER_URL_ESC%%\") \r\n          .start(); \r\n<\/script><\/div><style type=\"text\/css\">\r\n@media screen and (min-width: 1201px) {\r\n.dlysm69f5f7d0bfd2b {\r\ndisplay: block;\r\n}\r\n}\r\n@media screen and (min-width: 993px) and (max-width: 1200px) {\r\n.dlysm69f5f7d0bfd2b {\r\ndisplay: block;\r\n}\r\n}\r\n@media screen and (min-width: 769px) and (max-width: 992px) {\r\n.dlysm69f5f7d0bfd2b {\r\ndisplay: block;\r\n}\r\n}\r\n@media screen and (min-width: 768px) and (max-width: 768px) {\r\n.dlysm69f5f7d0bfd2b {\r\ndisplay: block;\r\n}\r\n}\r\n@media screen and (max-width: 767px) {\r\n.dlysm69f5f7d0bfd2b {\r\ndisplay: block;\r\n}\r\n}\r\n<\/style>\r\n","protected":false},"excerpt":{"rendered":"<p>Um homem de 35 anos de idade foi preso pela Pol\u00edcia Militar por volta das 11 horas desta segunda-feira, 19 de outubro, na Rua Antero Ribeiro, no Bairro Popular. De acordo com informa\u00e7\u00f5es da pr\u00f3pria PM ele estava foragido da<\/p>\n<p class=\"link-more\"><a class=\"more-link\" href=\"https:\/\/marcelolopes.jor.br\/site\/2020\/10\/19\/foragido-da-justica-e-preso-no-bairro-popular-apos-perseguicao-policial\/\">Leia mais <span class=\"screen-reader-text\">Foragido da justi\u00e7a \u00e9 preso no Bairro Popular ap\u00f3s persegui\u00e7\u00e3o policial<\/span><\/a><\/p>\n","protected":false},"author":2,"featured_media":18282,"comment_status":"open","ping_status":"open","sticky":false,"template":"","format":"standard","meta":{"footnotes":""},"categories":[1],"tags":[770,2719,1813,85],"class_list":["post-18278","post","type-post","status-publish","format-standard","has-post-thumbnail","hentry","category-noticias","tag-foragido","tag-foragido-da-justica","tag-mandados-de-prisao","tag-sereno","thumb-below-title"],"yoast_head":"<!-- This site is optimized with the Yoast SEO plugin v27.4 - https:\/\/yoast.com\/product\/yoast-seo-wordpress\/ -->\n<title>Foragido da justi\u00e7a \u00e9 preso no Bairro Popular ap\u00f3s persegui\u00e7\u00e3o policial | Marcelo Lopes<\/title>\n<meta name=\"robots\" content=\"index, follow, max-snippet:-1, max-image-preview:large, max-video-preview:-1\" \/>\n<link rel=\"canonical\" href=\"https:\/\/marcelolopes.jor.br\/site\/2020\/10\/19\/foragido-da-justica-e-preso-no-bairro-popular-apos-perseguicao-policial\/\" \/>\n<meta property=\"og:locale\" content=\"pt_BR\" \/>\n<meta property=\"og:type\" content=\"article\" \/>\n<meta property=\"og:title\" content=\"Foragido da justi\u00e7a \u00e9 preso no Bairro Popular ap\u00f3s persegui\u00e7\u00e3o policial | Marcelo Lopes\" \/>\n<meta property=\"og:description\" content=\"Um homem de 35 anos de idade foi preso pela Pol\u00edcia Militar por volta das 11 horas desta segunda-feira, 19 de outubro, na Rua Antero Ribeiro, no Bairro Popular. De acordo com informa\u00e7\u00f5es da pr\u00f3pria PM ele estava foragido daLeia mais Foragido da justi\u00e7a \u00e9 preso no Bairro Popular ap\u00f3s persegui\u00e7\u00e3o policial\" \/>\n<meta property=\"og:url\" content=\"https:\/\/marcelolopes.jor.br\/site\/2020\/10\/19\/foragido-da-justica-e-preso-no-bairro-popular-apos-perseguicao-policial\/\" \/>\n<meta property=\"og:site_name\" content=\"Marcelo Lopes\" \/>\n<meta property=\"article:publisher\" content=\"https:\/\/www.facebook.com\/sitedomarcelolopes\" \/>\n<meta property=\"article:published_time\" content=\"2020-10-19T14:58:08+00:00\" \/>\n<meta property=\"article:modified_time\" content=\"2020-10-19T17:01:24+00:00\" \/>\n<meta property=\"og:image\" content=\"https:\/\/marcelolopes.jor.br\/site\/wp-content\/uploads\/2020\/10\/pris\u00e3o.jpg\" \/>\n\t<meta property=\"og:image:width\" content=\"800\" \/>\n\t<meta property=\"og:image:height\" content=\"520\" \/>\n\t<meta property=\"og:image:type\" content=\"image\/jpeg\" \/>\n<meta name=\"author\" content=\"Marcelo Lopes\" \/>\n<meta name=\"twitter:card\" content=\"summary_large_image\" \/>\n<meta name=\"twitter:label1\" content=\"Escrito por\" \/>\n\t<meta name=\"twitter:data1\" content=\"Marcelo Lopes\" \/>\n\t<meta name=\"twitter:label2\" content=\"Est. tempo de leitura\" \/>\n\t<meta name=\"twitter:data2\" content=\"1 minuto\" \/>\n<script type=\"application\/ld+json\" class=\"yoast-schema-graph\">{\"@context\":\"https:\\\/\\\/schema.org\",\"@graph\":[{\"@type\":\"NewsArticle\",\"@id\":\"https:\\\/\\\/marcelolopes.jor.br\\\/site\\\/2020\\\/10\\\/19\\\/foragido-da-justica-e-preso-no-bairro-popular-apos-perseguicao-policial\\\/#article\",\"isPartOf\":{\"@id\":\"https:\\\/\\\/marcelolopes.jor.br\\\/site\\\/2020\\\/10\\\/19\\\/foragido-da-justica-e-preso-no-bairro-popular-apos-perseguicao-policial\\\/\"},\"author\":{\"name\":\"Marcelo Lopes\",\"@id\":\"https:\\\/\\\/marcelolopes.jor.br\\\/site\\\/#\\\/schema\\\/person\\\/3e7216a35c34d8fdf952b31da3d1f89f\"},\"headline\":\"Foragido da justi\u00e7a \u00e9 preso no Bairro Popular ap\u00f3s persegui\u00e7\u00e3o policial\",\"datePublished\":\"2020-10-19T14:58:08+00:00\",\"dateModified\":\"2020-10-19T17:01:24+00:00\",\"mainEntityOfPage\":{\"@id\":\"https:\\\/\\\/marcelolopes.jor.br\\\/site\\\/2020\\\/10\\\/19\\\/foragido-da-justica-e-preso-no-bairro-popular-apos-perseguicao-policial\\\/\"},\"wordCount\":262,\"commentCount\":0,\"publisher\":{\"@id\":\"https:\\\/\\\/marcelolopes.jor.br\\\/site\\\/#organization\"},\"image\":{\"@id\":\"https:\\\/\\\/marcelolopes.jor.br\\\/site\\\/2020\\\/10\\\/19\\\/foragido-da-justica-e-preso-no-bairro-popular-apos-perseguicao-policial\\\/#primaryimage\"},\"thumbnailUrl\":\"https:\\\/\\\/marcelolopes.jor.br\\\/site\\\/wp-content\\\/uploads\\\/2020\\\/10\\\/pris\u00e3o.jpg\",\"keywords\":[\"foragido\",\"foragido da justi\u00e7a\",\"mandados de pris\u00e3o\",\"Sereno\"],\"articleSection\":[\"Not\u00edcias\"],\"inLanguage\":\"pt-BR\",\"potentialAction\":[{\"@type\":\"CommentAction\",\"name\":\"Comment\",\"target\":[\"https:\\\/\\\/marcelolopes.jor.br\\\/site\\\/2020\\\/10\\\/19\\\/foragido-da-justica-e-preso-no-bairro-popular-apos-perseguicao-policial\\\/#respond\"]}]},{\"@type\":\"WebPage\",\"@id\":\"https:\\\/\\\/marcelolopes.jor.br\\\/site\\\/2020\\\/10\\\/19\\\/foragido-da-justica-e-preso-no-bairro-popular-apos-perseguicao-policial\\\/\",\"url\":\"https:\\\/\\\/marcelolopes.jor.br\\\/site\\\/2020\\\/10\\\/19\\\/foragido-da-justica-e-preso-no-bairro-popular-apos-perseguicao-policial\\\/\",\"name\":\"Foragido da justi\u00e7a \u00e9 preso no Bairro Popular ap\u00f3s persegui\u00e7\u00e3o policial | Marcelo Lopes\",\"isPartOf\":{\"@id\":\"https:\\\/\\\/marcelolopes.jor.br\\\/site\\\/#website\"},\"primaryImageOfPage\":{\"@id\":\"https:\\\/\\\/marcelolopes.jor.br\\\/site\\\/2020\\\/10\\\/19\\\/foragido-da-justica-e-preso-no-bairro-popular-apos-perseguicao-policial\\\/#primaryimage\"},\"image\":{\"@id\":\"https:\\\/\\\/marcelolopes.jor.br\\\/site\\\/2020\\\/10\\\/19\\\/foragido-da-justica-e-preso-no-bairro-popular-apos-perseguicao-policial\\\/#primaryimage\"},\"thumbnailUrl\":\"https:\\\/\\\/marcelolopes.jor.br\\\/site\\\/wp-content\\\/uploads\\\/2020\\\/10\\\/pris\u00e3o.jpg\",\"datePublished\":\"2020-10-19T14:58:08+00:00\",\"dateModified\":\"2020-10-19T17:01:24+00:00\",\"breadcrumb\":{\"@id\":\"https:\\\/\\\/marcelolopes.jor.br\\\/site\\\/2020\\\/10\\\/19\\\/foragido-da-justica-e-preso-no-bairro-popular-apos-perseguicao-policial\\\/#breadcrumb\"},\"inLanguage\":\"pt-BR\",\"potentialAction\":[{\"@type\":\"ReadAction\",\"target\":[\"https:\\\/\\\/marcelolopes.jor.br\\\/site\\\/2020\\\/10\\\/19\\\/foragido-da-justica-e-preso-no-bairro-popular-apos-perseguicao-policial\\\/\"]}]},{\"@type\":\"ImageObject\",\"inLanguage\":\"pt-BR\",\"@id\":\"https:\\\/\\\/marcelolopes.jor.br\\\/site\\\/2020\\\/10\\\/19\\\/foragido-da-justica-e-preso-no-bairro-popular-apos-perseguicao-policial\\\/#primaryimage\",\"url\":\"https:\\\/\\\/marcelolopes.jor.br\\\/site\\\/wp-content\\\/uploads\\\/2020\\\/10\\\/pris\u00e3o.jpg\",\"contentUrl\":\"https:\\\/\\\/marcelolopes.jor.br\\\/site\\\/wp-content\\\/uploads\\\/2020\\\/10\\\/pris\u00e3o.jpg\",\"width\":800,\"height\":520},{\"@type\":\"BreadcrumbList\",\"@id\":\"https:\\\/\\\/marcelolopes.jor.br\\\/site\\\/2020\\\/10\\\/19\\\/foragido-da-justica-e-preso-no-bairro-popular-apos-perseguicao-policial\\\/#breadcrumb\",\"itemListElement\":[{\"@type\":\"ListItem\",\"position\":1,\"name\":\"Home\",\"item\":\"https:\\\/\\\/marcelolopes.jor.br\\\/site\\\/\"},{\"@type\":\"ListItem\",\"position\":2,\"name\":\"Foragido da justi\u00e7a \u00e9 preso no Bairro Popular ap\u00f3s persegui\u00e7\u00e3o policial\"}]},{\"@type\":\"WebSite\",\"@id\":\"https:\\\/\\\/marcelolopes.jor.br\\\/site\\\/#website\",\"url\":\"https:\\\/\\\/marcelolopes.jor.br\\\/site\\\/\",\"name\":\"Marcelo Lopes\",\"description\":\"Not\u00edcias de Cataguases e Regi\u00e3o\",\"publisher\":{\"@id\":\"https:\\\/\\\/marcelolopes.jor.br\\\/site\\\/#organization\"},\"potentialAction\":[{\"@type\":\"SearchAction\",\"target\":{\"@type\":\"EntryPoint\",\"urlTemplate\":\"https:\\\/\\\/marcelolopes.jor.br\\\/site\\\/?s={search_term_string}\"},\"query-input\":{\"@type\":\"PropertyValueSpecification\",\"valueRequired\":true,\"valueName\":\"search_term_string\"}}],\"inLanguage\":\"pt-BR\"},{\"@type\":\"Organization\",\"@id\":\"https:\\\/\\\/marcelolopes.jor.br\\\/site\\\/#organization\",\"name\":\"Site do Marcelo Lopes\",\"url\":\"https:\\\/\\\/marcelolopes.jor.br\\\/site\\\/\",\"logo\":{\"@type\":\"ImageObject\",\"inLanguage\":\"pt-BR\",\"@id\":\"https:\\\/\\\/marcelolopes.jor.br\\\/site\\\/#\\\/schema\\\/logo\\\/image\\\/\",\"url\":\"https:\\\/\\\/marcelolopes.jor.br\\\/site\\\/wp-content\\\/uploads\\\/2024\\\/11\\\/logo-1.png\",\"contentUrl\":\"https:\\\/\\\/marcelolopes.jor.br\\\/site\\\/wp-content\\\/uploads\\\/2024\\\/11\\\/logo-1.png\",\"width\":475,\"height\":80,\"caption\":\"Site do Marcelo Lopes\"},\"image\":{\"@id\":\"https:\\\/\\\/marcelolopes.jor.br\\\/site\\\/#\\\/schema\\\/logo\\\/image\\\/\"},\"sameAs\":[\"https:\\\/\\\/www.facebook.com\\\/sitedomarcelolopes\",\"https:\\\/\\\/www.instagram.com\\\/sitedomarcelolopes\\\/\",\"https:\\\/\\\/www.linkedin.com\\\/company\\\/site-do-marcelo-lopes\\\/\",\"https:\\\/\\\/www.youtube.com\\\/user\\\/marcelolopes957\"]},{\"@type\":\"Person\",\"@id\":\"https:\\\/\\\/marcelolopes.jor.br\\\/site\\\/#\\\/schema\\\/person\\\/3e7216a35c34d8fdf952b31da3d1f89f\",\"name\":\"Marcelo Lopes\",\"sameAs\":[\"http:\\\/\\\/www.marcelolopes.jor.br\"],\"url\":\"https:\\\/\\\/marcelolopes.jor.br\\\/site\\\/author\\\/marcelo\\\/\"}]}<\/script>\n<!-- \/ Yoast SEO plugin. -->","yoast_head_json":{"title":"Foragido da justi\u00e7a \u00e9 preso no Bairro Popular ap\u00f3s persegui\u00e7\u00e3o policial | Marcelo Lopes","robots":{"index":"index","follow":"follow","max-snippet":"max-snippet:-1","max-image-preview":"max-image-preview:large","max-video-preview":"max-video-preview:-1"},"canonical":"https:\/\/marcelolopes.jor.br\/site\/2020\/10\/19\/foragido-da-justica-e-preso-no-bairro-popular-apos-perseguicao-policial\/","og_locale":"pt_BR","og_type":"article","og_title":"Foragido da justi\u00e7a \u00e9 preso no Bairro Popular ap\u00f3s persegui\u00e7\u00e3o policial | Marcelo Lopes","og_description":"Um homem de 35 anos de idade foi preso pela Pol\u00edcia Militar por volta das 11 horas desta segunda-feira, 19 de outubro, na Rua Antero Ribeiro, no Bairro Popular. De acordo com informa\u00e7\u00f5es da pr\u00f3pria PM ele estava foragido daLeia mais Foragido da justi\u00e7a \u00e9 preso no Bairro Popular ap\u00f3s persegui\u00e7\u00e3o policial","og_url":"https:\/\/marcelolopes.jor.br\/site\/2020\/10\/19\/foragido-da-justica-e-preso-no-bairro-popular-apos-perseguicao-policial\/","og_site_name":"Marcelo Lopes","article_publisher":"https:\/\/www.facebook.com\/sitedomarcelolopes","article_published_time":"2020-10-19T14:58:08+00:00","article_modified_time":"2020-10-19T17:01:24+00:00","og_image":[{"width":800,"height":520,"url":"https:\/\/marcelolopes.jor.br\/site\/wp-content\/uploads\/2020\/10\/pris\u00e3o.jpg","type":"image\/jpeg"}],"author":"Marcelo Lopes","twitter_card":"summary_large_image","twitter_misc":{"Escrito por":"Marcelo Lopes","Est. tempo de leitura":"1 minuto"},"schema":{"@context":"https:\/\/schema.org","@graph":[{"@type":"NewsArticle","@id":"https:\/\/marcelolopes.jor.br\/site\/2020\/10\/19\/foragido-da-justica-e-preso-no-bairro-popular-apos-perseguicao-policial\/#article","isPartOf":{"@id":"https:\/\/marcelolopes.jor.br\/site\/2020\/10\/19\/foragido-da-justica-e-preso-no-bairro-popular-apos-perseguicao-policial\/"},"author":{"name":"Marcelo Lopes","@id":"https:\/\/marcelolopes.jor.br\/site\/#\/schema\/person\/3e7216a35c34d8fdf952b31da3d1f89f"},"headline":"Foragido da justi\u00e7a \u00e9 preso no Bairro Popular ap\u00f3s persegui\u00e7\u00e3o policial","datePublished":"2020-10-19T14:58:08+00:00","dateModified":"2020-10-19T17:01:24+00:00","mainEntityOfPage":{"@id":"https:\/\/marcelolopes.jor.br\/site\/2020\/10\/19\/foragido-da-justica-e-preso-no-bairro-popular-apos-perseguicao-policial\/"},"wordCount":262,"commentCount":0,"publisher":{"@id":"https:\/\/marcelolopes.jor.br\/site\/#organization"},"image":{"@id":"https:\/\/marcelolopes.jor.br\/site\/2020\/10\/19\/foragido-da-justica-e-preso-no-bairro-popular-apos-perseguicao-policial\/#primaryimage"},"thumbnailUrl":"https:\/\/marcelolopes.jor.br\/site\/wp-content\/uploads\/2020\/10\/pris\u00e3o.jpg","keywords":["foragido","foragido da justi\u00e7a","mandados de pris\u00e3o","Sereno"],"articleSection":["Not\u00edcias"],"inLanguage":"pt-BR","potentialAction":[{"@type":"CommentAction","name":"Comment","target":["https:\/\/marcelolopes.jor.br\/site\/2020\/10\/19\/foragido-da-justica-e-preso-no-bairro-popular-apos-perseguicao-policial\/#respond"]}]},{"@type":"WebPage","@id":"https:\/\/marcelolopes.jor.br\/site\/2020\/10\/19\/foragido-da-justica-e-preso-no-bairro-popular-apos-perseguicao-policial\/","url":"https:\/\/marcelolopes.jor.br\/site\/2020\/10\/19\/foragido-da-justica-e-preso-no-bairro-popular-apos-perseguicao-policial\/","name":"Foragido da justi\u00e7a \u00e9 preso no Bairro Popular ap\u00f3s persegui\u00e7\u00e3o policial | Marcelo Lopes","isPartOf":{"@id":"https:\/\/marcelolopes.jor.br\/site\/#website"},"primaryImageOfPage":{"@id":"https:\/\/marcelolopes.jor.br\/site\/2020\/10\/19\/foragido-da-justica-e-preso-no-bairro-popular-apos-perseguicao-policial\/#primaryimage"},"image":{"@id":"https:\/\/marcelolopes.jor.br\/site\/2020\/10\/19\/foragido-da-justica-e-preso-no-bairro-popular-apos-perseguicao-policial\/#primaryimage"},"thumbnailUrl":"https:\/\/marcelolopes.jor.br\/site\/wp-content\/uploads\/2020\/10\/pris\u00e3o.jpg","datePublished":"2020-10-19T14:58:08+00:00","dateModified":"2020-10-19T17:01:24+00:00","breadcrumb":{"@id":"https:\/\/marcelolopes.jor.br\/site\/2020\/10\/19\/foragido-da-justica-e-preso-no-bairro-popular-apos-perseguicao-policial\/#breadcrumb"},"inLanguage":"pt-BR","potentialAction":[{"@type":"ReadAction","target":["https:\/\/marcelolopes.jor.br\/site\/2020\/10\/19\/foragido-da-justica-e-preso-no-bairro-popular-apos-perseguicao-policial\/"]}]},{"@type":"ImageObject","inLanguage":"pt-BR","@id":"https:\/\/marcelolopes.jor.br\/site\/2020\/10\/19\/foragido-da-justica-e-preso-no-bairro-popular-apos-perseguicao-policial\/#primaryimage","url":"https:\/\/marcelolopes.jor.br\/site\/wp-content\/uploads\/2020\/10\/pris\u00e3o.jpg","contentUrl":"https:\/\/marcelolopes.jor.br\/site\/wp-content\/uploads\/2020\/10\/pris\u00e3o.jpg","width":800,"height":520},{"@type":"BreadcrumbList","@id":"https:\/\/marcelolopes.jor.br\/site\/2020\/10\/19\/foragido-da-justica-e-preso-no-bairro-popular-apos-perseguicao-policial\/#breadcrumb","itemListElement":[{"@type":"ListItem","position":1,"name":"Home","item":"https:\/\/marcelolopes.jor.br\/site\/"},{"@type":"ListItem","position":2,"name":"Foragido da justi\u00e7a \u00e9 preso no Bairro Popular ap\u00f3s persegui\u00e7\u00e3o policial"}]},{"@type":"WebSite","@id":"https:\/\/marcelolopes.jor.br\/site\/#website","url":"https:\/\/marcelolopes.jor.br\/site\/","name":"Marcelo Lopes","description":"Not\u00edcias de Cataguases e Regi\u00e3o","publisher":{"@id":"https:\/\/marcelolopes.jor.br\/site\/#organization"},"potentialAction":[{"@type":"SearchAction","target":{"@type":"EntryPoint","urlTemplate":"https:\/\/marcelolopes.jor.br\/site\/?s={search_term_string}"},"query-input":{"@type":"PropertyValueSpecification","valueRequired":true,"valueName":"search_term_string"}}],"inLanguage":"pt-BR"},{"@type":"Organization","@id":"https:\/\/marcelolopes.jor.br\/site\/#organization","name":"Site do Marcelo Lopes","url":"https:\/\/marcelolopes.jor.br\/site\/","logo":{"@type":"ImageObject","inLanguage":"pt-BR","@id":"https:\/\/marcelolopes.jor.br\/site\/#\/schema\/logo\/image\/","url":"https:\/\/marcelolopes.jor.br\/site\/wp-content\/uploads\/2024\/11\/logo-1.png","contentUrl":"https:\/\/marcelolopes.jor.br\/site\/wp-content\/uploads\/2024\/11\/logo-1.png","width":475,"height":80,"caption":"Site do Marcelo Lopes"},"image":{"@id":"https:\/\/marcelolopes.jor.br\/site\/#\/schema\/logo\/image\/"},"sameAs":["https:\/\/www.facebook.com\/sitedomarcelolopes","https:\/\/www.instagram.com\/sitedomarcelolopes\/","https:\/\/www.linkedin.com\/company\/site-do-marcelo-lopes\/","https:\/\/www.youtube.com\/user\/marcelolopes957"]},{"@type":"Person","@id":"https:\/\/marcelolopes.jor.br\/site\/#\/schema\/person\/3e7216a35c34d8fdf952b31da3d1f89f","name":"Marcelo Lopes","sameAs":["http:\/\/www.marcelolopes.jor.br"],"url":"https:\/\/marcelolopes.jor.br\/site\/author\/marcelo\/"}]}},"wps_subtitle":"Segundo a Pol\u00edcia Militar informou haviam dois mandados de pris\u00e3o contra ele.","_links":{"self":[{"href":"https:\/\/marcelolopes.jor.br\/site\/wp-json\/wp\/v2\/posts\/18278","targetHints":{"allow":["GET"]}}],"collection":[{"href":"https:\/\/marcelolopes.jor.br\/site\/wp-json\/wp\/v2\/posts"}],"about":[{"href":"https:\/\/marcelolopes.jor.br\/site\/wp-json\/wp\/v2\/types\/post"}],"author":[{"embeddable":true,"href":"https:\/\/marcelolopes.jor.br\/site\/wp-json\/wp\/v2\/users\/2"}],"replies":[{"embeddable":true,"href":"https:\/\/marcelolopes.jor.br\/site\/wp-json\/wp\/v2\/comments?post=18278"}],"version-history":[{"count":0,"href":"https:\/\/marcelolopes.jor.br\/site\/wp-json\/wp\/v2\/posts\/18278\/revisions"}],"wp:featuredmedia":[{"embeddable":true,"href":"https:\/\/marcelolopes.jor.br\/site\/wp-json\/wp\/v2\/media\/18282"}],"wp:attachment":[{"href":"https:\/\/marcelolopes.jor.br\/site\/wp-json\/wp\/v2\/media?parent=18278"}],"wp:term":[{"taxonomy":"category","embeddable":true,"href":"https:\/\/marcelolopes.jor.br\/site\/wp-json\/wp\/v2\/categories?post=18278"},{"taxonomy":"post_tag","embeddable":true,"href":"https:\/\/marcelolopes.jor.br\/site\/wp-json\/wp\/v2\/tags?post=18278"}],"curies":[{"name":"wp","href":"https:\/\/api.w.org\/{rel}","templated":true}]}}