{"id":1824,"date":"2019-05-28T20:00:02","date_gmt":"2019-05-28T23:00:02","guid":{"rendered":"https:\/\/marcelolopes.jor.br\/?p=1824"},"modified":"2019-05-28T21:28:34","modified_gmt":"2019-05-29T00:28:34","slug":"rede-minas-exibe-reportagens-sobre-o-cinema-e-humberto-mauro","status":"publish","type":"post","link":"https:\/\/marcelolopes.jor.br\/site\/2019\/05\/28\/rede-minas-exibe-reportagens-sobre-o-cinema-e-humberto-mauro\/","title":{"rendered":"Rede Minas exibe reportagens sobre o cinema e Humberto Mauro"},"content":{"rendered":"<p style=\"text-align: justify;\">Cataguases, firmou-se como um polo audiovisual. A cidade que ainda conserva o Cine Edgard, da d\u00e9cada de 50 e \u00e9 cen\u00e1rio de dezenas de produ\u00e7\u00f5es foi onde viveu, desde a inf\u00e2ncia, o consagrado cineasta Humberto Mauro. Para Glauber Rocha, o mineiro foi o \u201cpai do cinema novo\u201d, como citam tantos estudos. A cidade concorre atualmente ao t\u00edtulo de \u201cCidade Criativa\u201d da Unesco. Neste sentido o Jornal Minas, da Rede Minas, do Governo do estado, est\u00e1 apresentando uma s\u00e9rie especial em cinco epis\u00f3dios cujo primeiro epis\u00f3dio foi ao ar segunda-feira, 27.<!--more--><\/p>\n<p style=\"text-align: justify;\">No primeiro epis\u00f3dio, o rep\u00f3rter Paolo Xavier percorre as ruas da cidade relembrando a vida do cineasta Humberto Mauro, que assinou mais de 300 produ\u00e7\u00f5es \u2013 alguns desses filmes considerados como marco do cinema no Brasil. Paolo conversa com o jornalista e escritor Ronaldo Werneck, que tamb\u00e9m \u00e9 de Cataguases e escreveu o livro &#8220;Kiryr\u00ed Rend\u00e1ua Torib\u00f3ca Op\u00e9&#8221;, um ensaio biogr\u00e1fico de Humberto Mauro.<\/p>\n<p style=\"text-align: justify;\">Nos epis\u00f3dios seguintes \u2013 de ter\u00e7a (28) a sexta (31) \u2013 o p\u00fablico confere mais sobre a produ\u00e7\u00e3o cinematogr\u00e1fica no munic\u00edpio e novidades e curiosidades do tema. A s\u00e9rie faz parte da campanha \u201cRede Minas em apoio \u00e0s cidades que concorrem a rede Cidades Criativas da Unesco\u201d. A emissora apresenta programa\u00e7\u00e3o especial, durante todo o m\u00eas, que mostra as riquezas e potencialidades dos munic\u00edpios mineiros que concorrem ao t\u00edtulo. S\u00e3o sete categorias. Cataguases disputa pelo cinema; Belo Horizonte, pela gastronomia; e Diamantina, pela m\u00fasica. Atualmente, 180 cidades de 72 pa\u00edses foram agraciadas com o t\u00edtulo \u2013 apenas oito no Brasil.<\/p>\n<p style=\"text-align: justify;\"><strong>SOBRE O T\u00cdTULO DE \u201cCIDADE CRIATIVA\u201d DA UNESCO<\/strong><br \/>\nEm 2004, a Unesco criou a rede mundial de Cidades Criativas com o objetivo de promover a coopera\u00e7\u00e3o internacional fomentando o desenvolvimento sustent\u00e1vel. O t\u00edtulo \u00e9 uma oportunidade para impulsionar a economia criativa e a troca de experi\u00eancias bem sucedidas e melhores pr\u00e1ticas. S\u00e3o sete categorias consideradas pela Unesco como impulsionadores da economia: artesanato e artes folcl\u00f3ricas, artes midi\u00e1ticas, design, cinema, gastronomia, literatura e m\u00fasica. Os munic\u00edpios agora preparam um dossi\u00ea, que dever\u00e1 ser entregue at\u00e9 o dia 30 de junho e avaliado por comit\u00eas. A previs\u00e3o \u00e9 que o resultado seja divulgado no final do ano. (Fonte: Rede Minas &#8211; Foto: Polo Audiovisual da Zona da Mata)<\/p>\n<p><iframe loading=\"lazy\" width=\"880\" height=\"495\" src=\"https:\/\/www.youtube.com\/embed\/T9Uce0esiuI?feature=oembed\" frameborder=\"0\" allow=\"accelerometer; autoplay; encrypted-media; gyroscope; picture-in-picture\" allowfullscreen><\/iframe><\/p>\n<div class=\"efysc69f76a0ceba8c\" ><br><\/div><style type=\"text\/css\">\r\n@media screen and (min-width: 1201px) {\r\n.efysc69f76a0ceba8c {\r\ndisplay: block;\r\n}\r\n}\r\n@media screen and (min-width: 993px) and (max-width: 1200px) {\r\n.efysc69f76a0ceba8c {\r\ndisplay: block;\r\n}\r\n}\r\n@media screen and (min-width: 769px) and (max-width: 992px) {\r\n.efysc69f76a0ceba8c {\r\ndisplay: block;\r\n}\r\n}\r\n@media screen and (min-width: 768px) and (max-width: 768px) {\r\n.efysc69f76a0ceba8c {\r\ndisplay: block;\r\n}\r\n}\r\n@media screen and (max-width: 767px) {\r\n.efysc69f76a0ceba8c {\r\ndisplay: block;\r\n}\r\n}\r\n<\/style>\r\n<div class=\"lkbsq69f76a0cf290d\" ><div id=\"div_destino\"><\/div>\r\n<script src=\"https:\/\/cdn.snsrsv.com\/sdk.js\"><\/script>\r\n<script >\r\n      new sdk(\"464030C30061EA8BE065000000000001\") \r\n          .appendTo(\"div_destino\")\r\n          .disableStyle(true) \r\n          .setCacheBusterMacro(\"%%CACHEBUSTER%%\")\r\n          .setSize(\"800\",\"214\")\r\n          .setClickMacro(\"%%CLICK_URL_ESC%%\") \r\n          .setReferrerUrlMacro(\"%%REFERRER_URL_ESC%%\") \r\n          .start(); \r\n<\/script><\/div><style type=\"text\/css\">\r\n@media screen and (min-width: 1201px) {\r\n.lkbsq69f76a0cf290d {\r\ndisplay: block;\r\n}\r\n}\r\n@media screen and (min-width: 993px) and (max-width: 1200px) {\r\n.lkbsq69f76a0cf290d {\r\ndisplay: block;\r\n}\r\n}\r\n@media screen and (min-width: 769px) and (max-width: 992px) {\r\n.lkbsq69f76a0cf290d {\r\ndisplay: block;\r\n}\r\n}\r\n@media screen and (min-width: 768px) and (max-width: 768px) {\r\n.lkbsq69f76a0cf290d {\r\ndisplay: block;\r\n}\r\n}\r\n@media screen and (max-width: 767px) {\r\n.lkbsq69f76a0cf290d {\r\ndisplay: block;\r\n}\r\n}\r\n<\/style>\r\n","protected":false},"excerpt":{"rendered":"<p>Cataguases, firmou-se como um polo audiovisual. A cidade que ainda conserva o Cine Edgard, da d\u00e9cada de 50 e \u00e9 cen\u00e1rio de dezenas de produ\u00e7\u00f5es foi onde viveu, desde a inf\u00e2ncia, o consagrado cineasta Humberto Mauro. Para Glauber Rocha, o<\/p>\n<p class=\"link-more\"><a class=\"more-link\" href=\"https:\/\/marcelolopes.jor.br\/site\/2019\/05\/28\/rede-minas-exibe-reportagens-sobre-o-cinema-e-humberto-mauro\/\">Leia mais <span class=\"screen-reader-text\">Rede Minas exibe reportagens sobre o cinema e Humberto Mauro<\/span><\/a><\/p>\n","protected":false},"author":2,"featured_media":1826,"comment_status":"open","ping_status":"open","sticky":false,"template":"","format":"standard","meta":{"footnotes":""},"categories":[1],"tags":[376,347,375,377],"class_list":["post-1824","post","type-post","status-publish","format-standard","has-post-thumbnail","hentry","category-noticias","tag-cidade-criativa","tag-cinema","tag-humberto-mauro","tag-unesco","thumb-below-title"],"yoast_head":"<!-- This site is optimized with the Yoast SEO plugin v27.4 - https:\/\/yoast.com\/product\/yoast-seo-wordpress\/ -->\n<title>Rede Minas exibe reportagens sobre o cinema e Humberto Mauro | Marcelo Lopes<\/title>\n<meta name=\"robots\" content=\"index, follow, max-snippet:-1, max-image-preview:large, max-video-preview:-1\" \/>\n<link rel=\"canonical\" href=\"https:\/\/marcelolopes.jor.br\/site\/2019\/05\/28\/rede-minas-exibe-reportagens-sobre-o-cinema-e-humberto-mauro\/\" \/>\n<meta property=\"og:locale\" content=\"pt_BR\" \/>\n<meta property=\"og:type\" content=\"article\" \/>\n<meta property=\"og:title\" content=\"Rede Minas exibe reportagens sobre o cinema e Humberto Mauro | Marcelo Lopes\" \/>\n<meta property=\"og:description\" content=\"Cataguases, firmou-se como um polo audiovisual. A cidade que ainda conserva o Cine Edgard, da d\u00e9cada de 50 e \u00e9 cen\u00e1rio de dezenas de produ\u00e7\u00f5es foi onde viveu, desde a inf\u00e2ncia, o consagrado cineasta Humberto Mauro. Para Glauber Rocha, oLeia mais Rede Minas exibe reportagens sobre o cinema e Humberto Mauro\" \/>\n<meta property=\"og:url\" content=\"https:\/\/marcelolopes.jor.br\/site\/2019\/05\/28\/rede-minas-exibe-reportagens-sobre-o-cinema-e-humberto-mauro\/\" \/>\n<meta property=\"og:site_name\" content=\"Marcelo Lopes\" \/>\n<meta property=\"article:publisher\" content=\"https:\/\/www.facebook.com\/sitedomarcelolopes\" \/>\n<meta property=\"article:published_time\" content=\"2019-05-28T23:00:02+00:00\" \/>\n<meta property=\"article:modified_time\" content=\"2019-05-29T00:28:34+00:00\" \/>\n<meta property=\"og:image\" content=\"https:\/\/marcelolopes.jor.br\/site\/wp-content\/uploads\/2019\/05\/Filme.jpg\" \/>\n\t<meta property=\"og:image:width\" content=\"800\" \/>\n\t<meta property=\"og:image:height\" content=\"568\" \/>\n\t<meta property=\"og:image:type\" content=\"image\/jpeg\" \/>\n<meta name=\"author\" content=\"Marcelo Lopes\" \/>\n<meta name=\"twitter:card\" content=\"summary_large_image\" \/>\n<meta name=\"twitter:label1\" content=\"Escrito por\" \/>\n\t<meta name=\"twitter:data1\" content=\"Marcelo Lopes\" \/>\n\t<meta name=\"twitter:label2\" content=\"Est. tempo de leitura\" \/>\n\t<meta name=\"twitter:data2\" content=\"2 minutos\" \/>\n<script type=\"application\/ld+json\" class=\"yoast-schema-graph\">{\"@context\":\"https:\\\/\\\/schema.org\",\"@graph\":[{\"@type\":\"NewsArticle\",\"@id\":\"https:\\\/\\\/marcelolopes.jor.br\\\/site\\\/2019\\\/05\\\/28\\\/rede-minas-exibe-reportagens-sobre-o-cinema-e-humberto-mauro\\\/#article\",\"isPartOf\":{\"@id\":\"https:\\\/\\\/marcelolopes.jor.br\\\/site\\\/2019\\\/05\\\/28\\\/rede-minas-exibe-reportagens-sobre-o-cinema-e-humberto-mauro\\\/\"},\"author\":{\"name\":\"Marcelo Lopes\",\"@id\":\"https:\\\/\\\/marcelolopes.jor.br\\\/site\\\/#\\\/schema\\\/person\\\/3e7216a35c34d8fdf952b31da3d1f89f\"},\"headline\":\"Rede Minas exibe reportagens sobre o cinema e Humberto Mauro\",\"datePublished\":\"2019-05-28T23:00:02+00:00\",\"dateModified\":\"2019-05-29T00:28:34+00:00\",\"mainEntityOfPage\":{\"@id\":\"https:\\\/\\\/marcelolopes.jor.br\\\/site\\\/2019\\\/05\\\/28\\\/rede-minas-exibe-reportagens-sobre-o-cinema-e-humberto-mauro\\\/\"},\"wordCount\":412,\"commentCount\":0,\"publisher\":{\"@id\":\"https:\\\/\\\/marcelolopes.jor.br\\\/site\\\/#organization\"},\"image\":{\"@id\":\"https:\\\/\\\/marcelolopes.jor.br\\\/site\\\/2019\\\/05\\\/28\\\/rede-minas-exibe-reportagens-sobre-o-cinema-e-humberto-mauro\\\/#primaryimage\"},\"thumbnailUrl\":\"https:\\\/\\\/marcelolopes.jor.br\\\/site\\\/wp-content\\\/uploads\\\/2019\\\/05\\\/Filme.jpg\",\"keywords\":[\"Cidade Criativa\",\"Cinema\",\"Humberto Mauro\",\"Unesco\"],\"articleSection\":[\"Not\u00edcias\"],\"inLanguage\":\"pt-BR\",\"potentialAction\":[{\"@type\":\"CommentAction\",\"name\":\"Comment\",\"target\":[\"https:\\\/\\\/marcelolopes.jor.br\\\/site\\\/2019\\\/05\\\/28\\\/rede-minas-exibe-reportagens-sobre-o-cinema-e-humberto-mauro\\\/#respond\"]}]},{\"@type\":\"WebPage\",\"@id\":\"https:\\\/\\\/marcelolopes.jor.br\\\/site\\\/2019\\\/05\\\/28\\\/rede-minas-exibe-reportagens-sobre-o-cinema-e-humberto-mauro\\\/\",\"url\":\"https:\\\/\\\/marcelolopes.jor.br\\\/site\\\/2019\\\/05\\\/28\\\/rede-minas-exibe-reportagens-sobre-o-cinema-e-humberto-mauro\\\/\",\"name\":\"Rede Minas exibe reportagens sobre o cinema e Humberto Mauro | Marcelo Lopes\",\"isPartOf\":{\"@id\":\"https:\\\/\\\/marcelolopes.jor.br\\\/site\\\/#website\"},\"primaryImageOfPage\":{\"@id\":\"https:\\\/\\\/marcelolopes.jor.br\\\/site\\\/2019\\\/05\\\/28\\\/rede-minas-exibe-reportagens-sobre-o-cinema-e-humberto-mauro\\\/#primaryimage\"},\"image\":{\"@id\":\"https:\\\/\\\/marcelolopes.jor.br\\\/site\\\/2019\\\/05\\\/28\\\/rede-minas-exibe-reportagens-sobre-o-cinema-e-humberto-mauro\\\/#primaryimage\"},\"thumbnailUrl\":\"https:\\\/\\\/marcelolopes.jor.br\\\/site\\\/wp-content\\\/uploads\\\/2019\\\/05\\\/Filme.jpg\",\"datePublished\":\"2019-05-28T23:00:02+00:00\",\"dateModified\":\"2019-05-29T00:28:34+00:00\",\"breadcrumb\":{\"@id\":\"https:\\\/\\\/marcelolopes.jor.br\\\/site\\\/2019\\\/05\\\/28\\\/rede-minas-exibe-reportagens-sobre-o-cinema-e-humberto-mauro\\\/#breadcrumb\"},\"inLanguage\":\"pt-BR\",\"potentialAction\":[{\"@type\":\"ReadAction\",\"target\":[\"https:\\\/\\\/marcelolopes.jor.br\\\/site\\\/2019\\\/05\\\/28\\\/rede-minas-exibe-reportagens-sobre-o-cinema-e-humberto-mauro\\\/\"]}]},{\"@type\":\"ImageObject\",\"inLanguage\":\"pt-BR\",\"@id\":\"https:\\\/\\\/marcelolopes.jor.br\\\/site\\\/2019\\\/05\\\/28\\\/rede-minas-exibe-reportagens-sobre-o-cinema-e-humberto-mauro\\\/#primaryimage\",\"url\":\"https:\\\/\\\/marcelolopes.jor.br\\\/site\\\/wp-content\\\/uploads\\\/2019\\\/05\\\/Filme.jpg\",\"contentUrl\":\"https:\\\/\\\/marcelolopes.jor.br\\\/site\\\/wp-content\\\/uploads\\\/2019\\\/05\\\/Filme.jpg\",\"width\":800,\"height\":568,\"caption\":\"Cena do filme \\\"De quando em vez\\\", de Jader Barreto e Rafaella Lima, em 2016.\"},{\"@type\":\"BreadcrumbList\",\"@id\":\"https:\\\/\\\/marcelolopes.jor.br\\\/site\\\/2019\\\/05\\\/28\\\/rede-minas-exibe-reportagens-sobre-o-cinema-e-humberto-mauro\\\/#breadcrumb\",\"itemListElement\":[{\"@type\":\"ListItem\",\"position\":1,\"name\":\"Home\",\"item\":\"https:\\\/\\\/marcelolopes.jor.br\\\/site\\\/\"},{\"@type\":\"ListItem\",\"position\":2,\"name\":\"Rede Minas exibe reportagens sobre o cinema e Humberto Mauro\"}]},{\"@type\":\"WebSite\",\"@id\":\"https:\\\/\\\/marcelolopes.jor.br\\\/site\\\/#website\",\"url\":\"https:\\\/\\\/marcelolopes.jor.br\\\/site\\\/\",\"name\":\"Marcelo Lopes\",\"description\":\"Not\u00edcias de Cataguases e Regi\u00e3o\",\"publisher\":{\"@id\":\"https:\\\/\\\/marcelolopes.jor.br\\\/site\\\/#organization\"},\"potentialAction\":[{\"@type\":\"SearchAction\",\"target\":{\"@type\":\"EntryPoint\",\"urlTemplate\":\"https:\\\/\\\/marcelolopes.jor.br\\\/site\\\/?s={search_term_string}\"},\"query-input\":{\"@type\":\"PropertyValueSpecification\",\"valueRequired\":true,\"valueName\":\"search_term_string\"}}],\"inLanguage\":\"pt-BR\"},{\"@type\":\"Organization\",\"@id\":\"https:\\\/\\\/marcelolopes.jor.br\\\/site\\\/#organization\",\"name\":\"Site do Marcelo Lopes\",\"url\":\"https:\\\/\\\/marcelolopes.jor.br\\\/site\\\/\",\"logo\":{\"@type\":\"ImageObject\",\"inLanguage\":\"pt-BR\",\"@id\":\"https:\\\/\\\/marcelolopes.jor.br\\\/site\\\/#\\\/schema\\\/logo\\\/image\\\/\",\"url\":\"https:\\\/\\\/marcelolopes.jor.br\\\/site\\\/wp-content\\\/uploads\\\/2024\\\/11\\\/logo-1.png\",\"contentUrl\":\"https:\\\/\\\/marcelolopes.jor.br\\\/site\\\/wp-content\\\/uploads\\\/2024\\\/11\\\/logo-1.png\",\"width\":475,\"height\":80,\"caption\":\"Site do Marcelo Lopes\"},\"image\":{\"@id\":\"https:\\\/\\\/marcelolopes.jor.br\\\/site\\\/#\\\/schema\\\/logo\\\/image\\\/\"},\"sameAs\":[\"https:\\\/\\\/www.facebook.com\\\/sitedomarcelolopes\",\"https:\\\/\\\/www.instagram.com\\\/sitedomarcelolopes\\\/\",\"https:\\\/\\\/www.linkedin.com\\\/company\\\/site-do-marcelo-lopes\\\/\",\"https:\\\/\\\/www.youtube.com\\\/user\\\/marcelolopes957\"]},{\"@type\":\"Person\",\"@id\":\"https:\\\/\\\/marcelolopes.jor.br\\\/site\\\/#\\\/schema\\\/person\\\/3e7216a35c34d8fdf952b31da3d1f89f\",\"name\":\"Marcelo Lopes\",\"sameAs\":[\"http:\\\/\\\/www.marcelolopes.jor.br\"],\"url\":\"https:\\\/\\\/marcelolopes.jor.br\\\/site\\\/author\\\/marcelo\\\/\"}]}<\/script>\n<!-- \/ Yoast SEO plugin. -->","yoast_head_json":{"title":"Rede Minas exibe reportagens sobre o cinema e Humberto Mauro | Marcelo Lopes","robots":{"index":"index","follow":"follow","max-snippet":"max-snippet:-1","max-image-preview":"max-image-preview:large","max-video-preview":"max-video-preview:-1"},"canonical":"https:\/\/marcelolopes.jor.br\/site\/2019\/05\/28\/rede-minas-exibe-reportagens-sobre-o-cinema-e-humberto-mauro\/","og_locale":"pt_BR","og_type":"article","og_title":"Rede Minas exibe reportagens sobre o cinema e Humberto Mauro | Marcelo Lopes","og_description":"Cataguases, firmou-se como um polo audiovisual. A cidade que ainda conserva o Cine Edgard, da d\u00e9cada de 50 e \u00e9 cen\u00e1rio de dezenas de produ\u00e7\u00f5es foi onde viveu, desde a inf\u00e2ncia, o consagrado cineasta Humberto Mauro. Para Glauber Rocha, oLeia mais Rede Minas exibe reportagens sobre o cinema e Humberto Mauro","og_url":"https:\/\/marcelolopes.jor.br\/site\/2019\/05\/28\/rede-minas-exibe-reportagens-sobre-o-cinema-e-humberto-mauro\/","og_site_name":"Marcelo Lopes","article_publisher":"https:\/\/www.facebook.com\/sitedomarcelolopes","article_published_time":"2019-05-28T23:00:02+00:00","article_modified_time":"2019-05-29T00:28:34+00:00","og_image":[{"width":800,"height":568,"url":"https:\/\/marcelolopes.jor.br\/site\/wp-content\/uploads\/2019\/05\/Filme.jpg","type":"image\/jpeg"}],"author":"Marcelo Lopes","twitter_card":"summary_large_image","twitter_misc":{"Escrito por":"Marcelo Lopes","Est. tempo de leitura":"2 minutos"},"schema":{"@context":"https:\/\/schema.org","@graph":[{"@type":"NewsArticle","@id":"https:\/\/marcelolopes.jor.br\/site\/2019\/05\/28\/rede-minas-exibe-reportagens-sobre-o-cinema-e-humberto-mauro\/#article","isPartOf":{"@id":"https:\/\/marcelolopes.jor.br\/site\/2019\/05\/28\/rede-minas-exibe-reportagens-sobre-o-cinema-e-humberto-mauro\/"},"author":{"name":"Marcelo Lopes","@id":"https:\/\/marcelolopes.jor.br\/site\/#\/schema\/person\/3e7216a35c34d8fdf952b31da3d1f89f"},"headline":"Rede Minas exibe reportagens sobre o cinema e Humberto Mauro","datePublished":"2019-05-28T23:00:02+00:00","dateModified":"2019-05-29T00:28:34+00:00","mainEntityOfPage":{"@id":"https:\/\/marcelolopes.jor.br\/site\/2019\/05\/28\/rede-minas-exibe-reportagens-sobre-o-cinema-e-humberto-mauro\/"},"wordCount":412,"commentCount":0,"publisher":{"@id":"https:\/\/marcelolopes.jor.br\/site\/#organization"},"image":{"@id":"https:\/\/marcelolopes.jor.br\/site\/2019\/05\/28\/rede-minas-exibe-reportagens-sobre-o-cinema-e-humberto-mauro\/#primaryimage"},"thumbnailUrl":"https:\/\/marcelolopes.jor.br\/site\/wp-content\/uploads\/2019\/05\/Filme.jpg","keywords":["Cidade Criativa","Cinema","Humberto Mauro","Unesco"],"articleSection":["Not\u00edcias"],"inLanguage":"pt-BR","potentialAction":[{"@type":"CommentAction","name":"Comment","target":["https:\/\/marcelolopes.jor.br\/site\/2019\/05\/28\/rede-minas-exibe-reportagens-sobre-o-cinema-e-humberto-mauro\/#respond"]}]},{"@type":"WebPage","@id":"https:\/\/marcelolopes.jor.br\/site\/2019\/05\/28\/rede-minas-exibe-reportagens-sobre-o-cinema-e-humberto-mauro\/","url":"https:\/\/marcelolopes.jor.br\/site\/2019\/05\/28\/rede-minas-exibe-reportagens-sobre-o-cinema-e-humberto-mauro\/","name":"Rede Minas exibe reportagens sobre o cinema e Humberto Mauro | Marcelo Lopes","isPartOf":{"@id":"https:\/\/marcelolopes.jor.br\/site\/#website"},"primaryImageOfPage":{"@id":"https:\/\/marcelolopes.jor.br\/site\/2019\/05\/28\/rede-minas-exibe-reportagens-sobre-o-cinema-e-humberto-mauro\/#primaryimage"},"image":{"@id":"https:\/\/marcelolopes.jor.br\/site\/2019\/05\/28\/rede-minas-exibe-reportagens-sobre-o-cinema-e-humberto-mauro\/#primaryimage"},"thumbnailUrl":"https:\/\/marcelolopes.jor.br\/site\/wp-content\/uploads\/2019\/05\/Filme.jpg","datePublished":"2019-05-28T23:00:02+00:00","dateModified":"2019-05-29T00:28:34+00:00","breadcrumb":{"@id":"https:\/\/marcelolopes.jor.br\/site\/2019\/05\/28\/rede-minas-exibe-reportagens-sobre-o-cinema-e-humberto-mauro\/#breadcrumb"},"inLanguage":"pt-BR","potentialAction":[{"@type":"ReadAction","target":["https:\/\/marcelolopes.jor.br\/site\/2019\/05\/28\/rede-minas-exibe-reportagens-sobre-o-cinema-e-humberto-mauro\/"]}]},{"@type":"ImageObject","inLanguage":"pt-BR","@id":"https:\/\/marcelolopes.jor.br\/site\/2019\/05\/28\/rede-minas-exibe-reportagens-sobre-o-cinema-e-humberto-mauro\/#primaryimage","url":"https:\/\/marcelolopes.jor.br\/site\/wp-content\/uploads\/2019\/05\/Filme.jpg","contentUrl":"https:\/\/marcelolopes.jor.br\/site\/wp-content\/uploads\/2019\/05\/Filme.jpg","width":800,"height":568,"caption":"Cena do filme \"De quando em vez\", de Jader Barreto e Rafaella Lima, em 2016."},{"@type":"BreadcrumbList","@id":"https:\/\/marcelolopes.jor.br\/site\/2019\/05\/28\/rede-minas-exibe-reportagens-sobre-o-cinema-e-humberto-mauro\/#breadcrumb","itemListElement":[{"@type":"ListItem","position":1,"name":"Home","item":"https:\/\/marcelolopes.jor.br\/site\/"},{"@type":"ListItem","position":2,"name":"Rede Minas exibe reportagens sobre o cinema e Humberto Mauro"}]},{"@type":"WebSite","@id":"https:\/\/marcelolopes.jor.br\/site\/#website","url":"https:\/\/marcelolopes.jor.br\/site\/","name":"Marcelo Lopes","description":"Not\u00edcias de Cataguases e Regi\u00e3o","publisher":{"@id":"https:\/\/marcelolopes.jor.br\/site\/#organization"},"potentialAction":[{"@type":"SearchAction","target":{"@type":"EntryPoint","urlTemplate":"https:\/\/marcelolopes.jor.br\/site\/?s={search_term_string}"},"query-input":{"@type":"PropertyValueSpecification","valueRequired":true,"valueName":"search_term_string"}}],"inLanguage":"pt-BR"},{"@type":"Organization","@id":"https:\/\/marcelolopes.jor.br\/site\/#organization","name":"Site do Marcelo Lopes","url":"https:\/\/marcelolopes.jor.br\/site\/","logo":{"@type":"ImageObject","inLanguage":"pt-BR","@id":"https:\/\/marcelolopes.jor.br\/site\/#\/schema\/logo\/image\/","url":"https:\/\/marcelolopes.jor.br\/site\/wp-content\/uploads\/2024\/11\/logo-1.png","contentUrl":"https:\/\/marcelolopes.jor.br\/site\/wp-content\/uploads\/2024\/11\/logo-1.png","width":475,"height":80,"caption":"Site do Marcelo Lopes"},"image":{"@id":"https:\/\/marcelolopes.jor.br\/site\/#\/schema\/logo\/image\/"},"sameAs":["https:\/\/www.facebook.com\/sitedomarcelolopes","https:\/\/www.instagram.com\/sitedomarcelolopes\/","https:\/\/www.linkedin.com\/company\/site-do-marcelo-lopes\/","https:\/\/www.youtube.com\/user\/marcelolopes957"]},{"@type":"Person","@id":"https:\/\/marcelolopes.jor.br\/site\/#\/schema\/person\/3e7216a35c34d8fdf952b31da3d1f89f","name":"Marcelo Lopes","sameAs":["http:\/\/www.marcelolopes.jor.br"],"url":"https:\/\/marcelolopes.jor.br\/site\/author\/marcelo\/"}]}},"wps_subtitle":"Iniciativa visa a fortalecer a candidatura de Cataguases ao t\u00edtulo de \"Cidade Criativa\" da Unesco.","_links":{"self":[{"href":"https:\/\/marcelolopes.jor.br\/site\/wp-json\/wp\/v2\/posts\/1824","targetHints":{"allow":["GET"]}}],"collection":[{"href":"https:\/\/marcelolopes.jor.br\/site\/wp-json\/wp\/v2\/posts"}],"about":[{"href":"https:\/\/marcelolopes.jor.br\/site\/wp-json\/wp\/v2\/types\/post"}],"author":[{"embeddable":true,"href":"https:\/\/marcelolopes.jor.br\/site\/wp-json\/wp\/v2\/users\/2"}],"replies":[{"embeddable":true,"href":"https:\/\/marcelolopes.jor.br\/site\/wp-json\/wp\/v2\/comments?post=1824"}],"version-history":[{"count":0,"href":"https:\/\/marcelolopes.jor.br\/site\/wp-json\/wp\/v2\/posts\/1824\/revisions"}],"wp:featuredmedia":[{"embeddable":true,"href":"https:\/\/marcelolopes.jor.br\/site\/wp-json\/wp\/v2\/media\/1826"}],"wp:attachment":[{"href":"https:\/\/marcelolopes.jor.br\/site\/wp-json\/wp\/v2\/media?parent=1824"}],"wp:term":[{"taxonomy":"category","embeddable":true,"href":"https:\/\/marcelolopes.jor.br\/site\/wp-json\/wp\/v2\/categories?post=1824"},{"taxonomy":"post_tag","embeddable":true,"href":"https:\/\/marcelolopes.jor.br\/site\/wp-json\/wp\/v2\/tags?post=1824"}],"curies":[{"name":"wp","href":"https:\/\/api.w.org\/{rel}","templated":true}]}}