{"id":18197,"date":"2020-10-16T07:00:35","date_gmt":"2020-10-16T10:00:35","guid":{"rendered":"https:\/\/marcelolopes.jor.br\/?p=18197"},"modified":"2020-10-15T17:28:24","modified_gmt":"2020-10-15T20:28:24","slug":"vagoes-fora-de-operacao-podem-equipar-trens-turisticos-em-minas","status":"publish","type":"post","link":"https:\/\/marcelolopes.jor.br\/site\/2020\/10\/16\/vagoes-fora-de-operacao-podem-equipar-trens-turisticos-em-minas\/","title":{"rendered":"Vag\u00f5es fora de opera\u00e7\u00e3o podem equipar trens tur\u00edsticos em Minas"},"content":{"rendered":"<p style=\"text-align: justify;\">Vag\u00f5es e locomotivas que estejam fora de opera\u00e7\u00e3o poder\u00e3o ser doados ou cedidos para entidades e prefeituras para viabilizar projetos de preserva\u00e7\u00e3o do patrim\u00f4nio e equipar trens tur\u00edsticos e de passageiros em Minas Gerais. Essa possibilidade foi trazida pelo Decreto Federal 10.161, de 2019, discutido, na manh\u00e3 desta quinta-feira, 15 de outubro, pela Comiss\u00e3o Extraordin\u00e1ria Pr\u00f3-Ferrovias Mineiras da Assembleia Legislativa de Minas Gerais (ALMG).<!--more--><\/p>\n<p style=\"text-align: justify;\">O decreto prev\u00ea que o Departamento Nacional de Infraestrutura de Transportes (Dnit) estabelecer\u00e1 os par\u00e2metros e procedimentos para a aliena\u00e7\u00e3o ou a disposi\u00e7\u00e3o dos bens m\u00f3veis ferrovi\u00e1rios inserv\u00edveis. O coordenador-geral de Patrim\u00f4nio Ferrovi\u00e1rio do Dnit, Ariston Ayres Rodrigues, afirmou que j\u00e1 est\u00e3o sendo buscadas melhorias nesse sentido, como o mapeamento desses itens transferidos ao \u00f3rg\u00e3o pela rede concession\u00e1ria.<\/p>\n<p style=\"text-align: justify;\">No entanto, segundo ele, o processo n\u00e3o tem avan\u00e7ado como deveria, porque muitas vezes as doa\u00e7\u00f5es s\u00e3o autorizadas pelo \u00f3rg\u00e3o, mas entidades e prefeituras que recebem esses bens n\u00e3o t\u00eam estrutura ou recurso para transport\u00e1-los e revitaliz\u00e1-los. \u201cVag\u00f5es, locomotivas e outros recursos costumam ficar estacionados nos p\u00e1tios por mais de uma d\u00e9cada, sem que ningu\u00e9m venha retir\u00e1-los\u201d, afirmou.<\/p>\n<p>Fonte: Assessoria de Comunica\u00e7\u00e3o da ALMG | Foto: Willian Dias.<\/p>\n<div class=\"putgy69f72e6c9fb71\" ><br><\/div><style type=\"text\/css\">\r\n@media screen and (min-width: 1201px) {\r\n.putgy69f72e6c9fb71 {\r\ndisplay: block;\r\n}\r\n}\r\n@media screen and (min-width: 993px) and (max-width: 1200px) {\r\n.putgy69f72e6c9fb71 {\r\ndisplay: block;\r\n}\r\n}\r\n@media screen and (min-width: 769px) and (max-width: 992px) {\r\n.putgy69f72e6c9fb71 {\r\ndisplay: block;\r\n}\r\n}\r\n@media screen and (min-width: 768px) and (max-width: 768px) {\r\n.putgy69f72e6c9fb71 {\r\ndisplay: block;\r\n}\r\n}\r\n@media screen and (max-width: 767px) {\r\n.putgy69f72e6c9fb71 {\r\ndisplay: block;\r\n}\r\n}\r\n<\/style>\r\n<div class=\"hpeuv69f72e6ca4445\" ><div id=\"div_destino\"><\/div>\r\n<script src=\"https:\/\/cdn.snsrsv.com\/sdk.js\"><\/script>\r\n<script >\r\n      new sdk(\"464030C30061EA8BE065000000000001\") \r\n          .appendTo(\"div_destino\")\r\n          .disableStyle(true) \r\n          .setCacheBusterMacro(\"%%CACHEBUSTER%%\")\r\n          .setSize(\"800\",\"214\")\r\n          .setClickMacro(\"%%CLICK_URL_ESC%%\") \r\n          .setReferrerUrlMacro(\"%%REFERRER_URL_ESC%%\") \r\n          .start(); \r\n<\/script><\/div><style type=\"text\/css\">\r\n@media screen and (min-width: 1201px) {\r\n.hpeuv69f72e6ca4445 {\r\ndisplay: block;\r\n}\r\n}\r\n@media screen and (min-width: 993px) and (max-width: 1200px) {\r\n.hpeuv69f72e6ca4445 {\r\ndisplay: block;\r\n}\r\n}\r\n@media screen and (min-width: 769px) and (max-width: 992px) {\r\n.hpeuv69f72e6ca4445 {\r\ndisplay: block;\r\n}\r\n}\r\n@media screen and (min-width: 768px) and (max-width: 768px) {\r\n.hpeuv69f72e6ca4445 {\r\ndisplay: block;\r\n}\r\n}\r\n@media screen and (max-width: 767px) {\r\n.hpeuv69f72e6ca4445 {\r\ndisplay: block;\r\n}\r\n}\r\n<\/style>\r\n","protected":false},"excerpt":{"rendered":"<p>Vag\u00f5es e locomotivas que estejam fora de opera\u00e7\u00e3o poder\u00e3o ser doados ou cedidos para entidades e prefeituras para viabilizar projetos de preserva\u00e7\u00e3o do patrim\u00f4nio e equipar trens tur\u00edsticos e de passageiros em Minas Gerais. Essa possibilidade foi trazida pelo Decreto<\/p>\n<p class=\"link-more\"><a class=\"more-link\" href=\"https:\/\/marcelolopes.jor.br\/site\/2020\/10\/16\/vagoes-fora-de-operacao-podem-equipar-trens-turisticos-em-minas\/\">Leia mais <span class=\"screen-reader-text\">Vag\u00f5es fora de opera\u00e7\u00e3o podem equipar trens tur\u00edsticos em Minas<\/span><\/a><\/p>\n","protected":false},"author":2,"featured_media":18199,"comment_status":"open","ping_status":"open","sticky":false,"template":"","format":"standard","meta":{"footnotes":""},"categories":[1],"tags":[3117,2596,3115,3116],"class_list":["post-18197","post","type-post","status-publish","format-standard","has-post-thumbnail","hentry","category-noticias","tag-locomotivas","tag-prefeituras","tag-trem-turistico","tag-vagoes","thumb-below-title"],"yoast_head":"<!-- This site is optimized with the Yoast SEO plugin v27.4 - https:\/\/yoast.com\/product\/yoast-seo-wordpress\/ -->\n<title>Vag\u00f5es fora de opera\u00e7\u00e3o podem equipar trens tur\u00edsticos em Minas | Marcelo Lopes<\/title>\n<meta name=\"robots\" content=\"index, follow, max-snippet:-1, max-image-preview:large, max-video-preview:-1\" \/>\n<link rel=\"canonical\" href=\"https:\/\/marcelolopes.jor.br\/site\/2020\/10\/16\/vagoes-fora-de-operacao-podem-equipar-trens-turisticos-em-minas\/\" \/>\n<meta property=\"og:locale\" content=\"pt_BR\" \/>\n<meta property=\"og:type\" content=\"article\" \/>\n<meta property=\"og:title\" content=\"Vag\u00f5es fora de opera\u00e7\u00e3o podem equipar trens tur\u00edsticos em Minas | Marcelo Lopes\" \/>\n<meta property=\"og:description\" content=\"Vag\u00f5es e locomotivas que estejam fora de opera\u00e7\u00e3o poder\u00e3o ser doados ou cedidos para entidades e prefeituras para viabilizar projetos de preserva\u00e7\u00e3o do patrim\u00f4nio e equipar trens tur\u00edsticos e de passageiros em Minas Gerais. Essa possibilidade foi trazida pelo DecretoLeia mais Vag\u00f5es fora de opera\u00e7\u00e3o podem equipar trens tur\u00edsticos em Minas\" \/>\n<meta property=\"og:url\" content=\"https:\/\/marcelolopes.jor.br\/site\/2020\/10\/16\/vagoes-fora-de-operacao-podem-equipar-trens-turisticos-em-minas\/\" \/>\n<meta property=\"og:site_name\" content=\"Marcelo Lopes\" \/>\n<meta property=\"article:publisher\" content=\"https:\/\/www.facebook.com\/sitedomarcelolopes\" \/>\n<meta property=\"article:published_time\" content=\"2020-10-16T10:00:35+00:00\" \/>\n<meta property=\"og:image\" content=\"https:\/\/marcelolopes.jor.br\/site\/wp-content\/uploads\/2020\/10\/1530740.jpg\" \/>\n\t<meta property=\"og:image:width\" content=\"800\" \/>\n\t<meta property=\"og:image:height\" content=\"534\" \/>\n\t<meta property=\"og:image:type\" content=\"image\/jpeg\" \/>\n<meta name=\"author\" content=\"Marcelo Lopes\" \/>\n<meta name=\"twitter:card\" content=\"summary_large_image\" \/>\n<meta name=\"twitter:label1\" content=\"Escrito por\" \/>\n\t<meta name=\"twitter:data1\" content=\"Marcelo Lopes\" \/>\n\t<meta name=\"twitter:label2\" content=\"Est. tempo de leitura\" \/>\n\t<meta name=\"twitter:data2\" content=\"1 minuto\" \/>\n<script type=\"application\/ld+json\" class=\"yoast-schema-graph\">{\"@context\":\"https:\\\/\\\/schema.org\",\"@graph\":[{\"@type\":\"NewsArticle\",\"@id\":\"https:\\\/\\\/marcelolopes.jor.br\\\/site\\\/2020\\\/10\\\/16\\\/vagoes-fora-de-operacao-podem-equipar-trens-turisticos-em-minas\\\/#article\",\"isPartOf\":{\"@id\":\"https:\\\/\\\/marcelolopes.jor.br\\\/site\\\/2020\\\/10\\\/16\\\/vagoes-fora-de-operacao-podem-equipar-trens-turisticos-em-minas\\\/\"},\"author\":{\"name\":\"Marcelo Lopes\",\"@id\":\"https:\\\/\\\/marcelolopes.jor.br\\\/site\\\/#\\\/schema\\\/person\\\/3e7216a35c34d8fdf952b31da3d1f89f\"},\"headline\":\"Vag\u00f5es fora de opera\u00e7\u00e3o podem equipar trens tur\u00edsticos em Minas\",\"datePublished\":\"2020-10-16T10:00:35+00:00\",\"mainEntityOfPage\":{\"@id\":\"https:\\\/\\\/marcelolopes.jor.br\\\/site\\\/2020\\\/10\\\/16\\\/vagoes-fora-de-operacao-podem-equipar-trens-turisticos-em-minas\\\/\"},\"wordCount\":234,\"commentCount\":0,\"publisher\":{\"@id\":\"https:\\\/\\\/marcelolopes.jor.br\\\/site\\\/#organization\"},\"image\":{\"@id\":\"https:\\\/\\\/marcelolopes.jor.br\\\/site\\\/2020\\\/10\\\/16\\\/vagoes-fora-de-operacao-podem-equipar-trens-turisticos-em-minas\\\/#primaryimage\"},\"thumbnailUrl\":\"https:\\\/\\\/marcelolopes.jor.br\\\/site\\\/wp-content\\\/uploads\\\/2020\\\/10\\\/1530740.jpg\",\"keywords\":[\"locomotivas\",\"prefeituras\",\"Trem Tur\u00edstico\",\"vag\u00f5es\"],\"articleSection\":[\"Not\u00edcias\"],\"inLanguage\":\"pt-BR\",\"potentialAction\":[{\"@type\":\"CommentAction\",\"name\":\"Comment\",\"target\":[\"https:\\\/\\\/marcelolopes.jor.br\\\/site\\\/2020\\\/10\\\/16\\\/vagoes-fora-de-operacao-podem-equipar-trens-turisticos-em-minas\\\/#respond\"]}]},{\"@type\":\"WebPage\",\"@id\":\"https:\\\/\\\/marcelolopes.jor.br\\\/site\\\/2020\\\/10\\\/16\\\/vagoes-fora-de-operacao-podem-equipar-trens-turisticos-em-minas\\\/\",\"url\":\"https:\\\/\\\/marcelolopes.jor.br\\\/site\\\/2020\\\/10\\\/16\\\/vagoes-fora-de-operacao-podem-equipar-trens-turisticos-em-minas\\\/\",\"name\":\"Vag\u00f5es fora de opera\u00e7\u00e3o podem equipar trens tur\u00edsticos em Minas | Marcelo Lopes\",\"isPartOf\":{\"@id\":\"https:\\\/\\\/marcelolopes.jor.br\\\/site\\\/#website\"},\"primaryImageOfPage\":{\"@id\":\"https:\\\/\\\/marcelolopes.jor.br\\\/site\\\/2020\\\/10\\\/16\\\/vagoes-fora-de-operacao-podem-equipar-trens-turisticos-em-minas\\\/#primaryimage\"},\"image\":{\"@id\":\"https:\\\/\\\/marcelolopes.jor.br\\\/site\\\/2020\\\/10\\\/16\\\/vagoes-fora-de-operacao-podem-equipar-trens-turisticos-em-minas\\\/#primaryimage\"},\"thumbnailUrl\":\"https:\\\/\\\/marcelolopes.jor.br\\\/site\\\/wp-content\\\/uploads\\\/2020\\\/10\\\/1530740.jpg\",\"datePublished\":\"2020-10-16T10:00:35+00:00\",\"breadcrumb\":{\"@id\":\"https:\\\/\\\/marcelolopes.jor.br\\\/site\\\/2020\\\/10\\\/16\\\/vagoes-fora-de-operacao-podem-equipar-trens-turisticos-em-minas\\\/#breadcrumb\"},\"inLanguage\":\"pt-BR\",\"potentialAction\":[{\"@type\":\"ReadAction\",\"target\":[\"https:\\\/\\\/marcelolopes.jor.br\\\/site\\\/2020\\\/10\\\/16\\\/vagoes-fora-de-operacao-podem-equipar-trens-turisticos-em-minas\\\/\"]}]},{\"@type\":\"ImageObject\",\"inLanguage\":\"pt-BR\",\"@id\":\"https:\\\/\\\/marcelolopes.jor.br\\\/site\\\/2020\\\/10\\\/16\\\/vagoes-fora-de-operacao-podem-equipar-trens-turisticos-em-minas\\\/#primaryimage\",\"url\":\"https:\\\/\\\/marcelolopes.jor.br\\\/site\\\/wp-content\\\/uploads\\\/2020\\\/10\\\/1530740.jpg\",\"contentUrl\":\"https:\\\/\\\/marcelolopes.jor.br\\\/site\\\/wp-content\\\/uploads\\\/2020\\\/10\\\/1530740.jpg\",\"width\":800,\"height\":534},{\"@type\":\"BreadcrumbList\",\"@id\":\"https:\\\/\\\/marcelolopes.jor.br\\\/site\\\/2020\\\/10\\\/16\\\/vagoes-fora-de-operacao-podem-equipar-trens-turisticos-em-minas\\\/#breadcrumb\",\"itemListElement\":[{\"@type\":\"ListItem\",\"position\":1,\"name\":\"Home\",\"item\":\"https:\\\/\\\/marcelolopes.jor.br\\\/site\\\/\"},{\"@type\":\"ListItem\",\"position\":2,\"name\":\"Vag\u00f5es fora de opera\u00e7\u00e3o podem equipar trens tur\u00edsticos em Minas\"}]},{\"@type\":\"WebSite\",\"@id\":\"https:\\\/\\\/marcelolopes.jor.br\\\/site\\\/#website\",\"url\":\"https:\\\/\\\/marcelolopes.jor.br\\\/site\\\/\",\"name\":\"Marcelo Lopes\",\"description\":\"Not\u00edcias de Cataguases e Regi\u00e3o\",\"publisher\":{\"@id\":\"https:\\\/\\\/marcelolopes.jor.br\\\/site\\\/#organization\"},\"potentialAction\":[{\"@type\":\"SearchAction\",\"target\":{\"@type\":\"EntryPoint\",\"urlTemplate\":\"https:\\\/\\\/marcelolopes.jor.br\\\/site\\\/?s={search_term_string}\"},\"query-input\":{\"@type\":\"PropertyValueSpecification\",\"valueRequired\":true,\"valueName\":\"search_term_string\"}}],\"inLanguage\":\"pt-BR\"},{\"@type\":\"Organization\",\"@id\":\"https:\\\/\\\/marcelolopes.jor.br\\\/site\\\/#organization\",\"name\":\"Site do Marcelo Lopes\",\"url\":\"https:\\\/\\\/marcelolopes.jor.br\\\/site\\\/\",\"logo\":{\"@type\":\"ImageObject\",\"inLanguage\":\"pt-BR\",\"@id\":\"https:\\\/\\\/marcelolopes.jor.br\\\/site\\\/#\\\/schema\\\/logo\\\/image\\\/\",\"url\":\"https:\\\/\\\/marcelolopes.jor.br\\\/site\\\/wp-content\\\/uploads\\\/2024\\\/11\\\/logo-1.png\",\"contentUrl\":\"https:\\\/\\\/marcelolopes.jor.br\\\/site\\\/wp-content\\\/uploads\\\/2024\\\/11\\\/logo-1.png\",\"width\":475,\"height\":80,\"caption\":\"Site do Marcelo Lopes\"},\"image\":{\"@id\":\"https:\\\/\\\/marcelolopes.jor.br\\\/site\\\/#\\\/schema\\\/logo\\\/image\\\/\"},\"sameAs\":[\"https:\\\/\\\/www.facebook.com\\\/sitedomarcelolopes\",\"https:\\\/\\\/www.instagram.com\\\/sitedomarcelolopes\\\/\",\"https:\\\/\\\/www.linkedin.com\\\/company\\\/site-do-marcelo-lopes\\\/\",\"https:\\\/\\\/www.youtube.com\\\/user\\\/marcelolopes957\"]},{\"@type\":\"Person\",\"@id\":\"https:\\\/\\\/marcelolopes.jor.br\\\/site\\\/#\\\/schema\\\/person\\\/3e7216a35c34d8fdf952b31da3d1f89f\",\"name\":\"Marcelo Lopes\",\"sameAs\":[\"http:\\\/\\\/www.marcelolopes.jor.br\"],\"url\":\"https:\\\/\\\/marcelolopes.jor.br\\\/site\\\/author\\\/marcelo\\\/\"}]}<\/script>\n<!-- \/ Yoast SEO plugin. -->","yoast_head_json":{"title":"Vag\u00f5es fora de opera\u00e7\u00e3o podem equipar trens tur\u00edsticos em Minas | Marcelo Lopes","robots":{"index":"index","follow":"follow","max-snippet":"max-snippet:-1","max-image-preview":"max-image-preview:large","max-video-preview":"max-video-preview:-1"},"canonical":"https:\/\/marcelolopes.jor.br\/site\/2020\/10\/16\/vagoes-fora-de-operacao-podem-equipar-trens-turisticos-em-minas\/","og_locale":"pt_BR","og_type":"article","og_title":"Vag\u00f5es fora de opera\u00e7\u00e3o podem equipar trens tur\u00edsticos em Minas | Marcelo Lopes","og_description":"Vag\u00f5es e locomotivas que estejam fora de opera\u00e7\u00e3o poder\u00e3o ser doados ou cedidos para entidades e prefeituras para viabilizar projetos de preserva\u00e7\u00e3o do patrim\u00f4nio e equipar trens tur\u00edsticos e de passageiros em Minas Gerais. Essa possibilidade foi trazida pelo DecretoLeia mais Vag\u00f5es fora de opera\u00e7\u00e3o podem equipar trens tur\u00edsticos em Minas","og_url":"https:\/\/marcelolopes.jor.br\/site\/2020\/10\/16\/vagoes-fora-de-operacao-podem-equipar-trens-turisticos-em-minas\/","og_site_name":"Marcelo Lopes","article_publisher":"https:\/\/www.facebook.com\/sitedomarcelolopes","article_published_time":"2020-10-16T10:00:35+00:00","og_image":[{"width":800,"height":534,"url":"https:\/\/marcelolopes.jor.br\/site\/wp-content\/uploads\/2020\/10\/1530740.jpg","type":"image\/jpeg"}],"author":"Marcelo Lopes","twitter_card":"summary_large_image","twitter_misc":{"Escrito por":"Marcelo Lopes","Est. tempo de leitura":"1 minuto"},"schema":{"@context":"https:\/\/schema.org","@graph":[{"@type":"NewsArticle","@id":"https:\/\/marcelolopes.jor.br\/site\/2020\/10\/16\/vagoes-fora-de-operacao-podem-equipar-trens-turisticos-em-minas\/#article","isPartOf":{"@id":"https:\/\/marcelolopes.jor.br\/site\/2020\/10\/16\/vagoes-fora-de-operacao-podem-equipar-trens-turisticos-em-minas\/"},"author":{"name":"Marcelo Lopes","@id":"https:\/\/marcelolopes.jor.br\/site\/#\/schema\/person\/3e7216a35c34d8fdf952b31da3d1f89f"},"headline":"Vag\u00f5es fora de opera\u00e7\u00e3o podem equipar trens tur\u00edsticos em Minas","datePublished":"2020-10-16T10:00:35+00:00","mainEntityOfPage":{"@id":"https:\/\/marcelolopes.jor.br\/site\/2020\/10\/16\/vagoes-fora-de-operacao-podem-equipar-trens-turisticos-em-minas\/"},"wordCount":234,"commentCount":0,"publisher":{"@id":"https:\/\/marcelolopes.jor.br\/site\/#organization"},"image":{"@id":"https:\/\/marcelolopes.jor.br\/site\/2020\/10\/16\/vagoes-fora-de-operacao-podem-equipar-trens-turisticos-em-minas\/#primaryimage"},"thumbnailUrl":"https:\/\/marcelolopes.jor.br\/site\/wp-content\/uploads\/2020\/10\/1530740.jpg","keywords":["locomotivas","prefeituras","Trem Tur\u00edstico","vag\u00f5es"],"articleSection":["Not\u00edcias"],"inLanguage":"pt-BR","potentialAction":[{"@type":"CommentAction","name":"Comment","target":["https:\/\/marcelolopes.jor.br\/site\/2020\/10\/16\/vagoes-fora-de-operacao-podem-equipar-trens-turisticos-em-minas\/#respond"]}]},{"@type":"WebPage","@id":"https:\/\/marcelolopes.jor.br\/site\/2020\/10\/16\/vagoes-fora-de-operacao-podem-equipar-trens-turisticos-em-minas\/","url":"https:\/\/marcelolopes.jor.br\/site\/2020\/10\/16\/vagoes-fora-de-operacao-podem-equipar-trens-turisticos-em-minas\/","name":"Vag\u00f5es fora de opera\u00e7\u00e3o podem equipar trens tur\u00edsticos em Minas | Marcelo Lopes","isPartOf":{"@id":"https:\/\/marcelolopes.jor.br\/site\/#website"},"primaryImageOfPage":{"@id":"https:\/\/marcelolopes.jor.br\/site\/2020\/10\/16\/vagoes-fora-de-operacao-podem-equipar-trens-turisticos-em-minas\/#primaryimage"},"image":{"@id":"https:\/\/marcelolopes.jor.br\/site\/2020\/10\/16\/vagoes-fora-de-operacao-podem-equipar-trens-turisticos-em-minas\/#primaryimage"},"thumbnailUrl":"https:\/\/marcelolopes.jor.br\/site\/wp-content\/uploads\/2020\/10\/1530740.jpg","datePublished":"2020-10-16T10:00:35+00:00","breadcrumb":{"@id":"https:\/\/marcelolopes.jor.br\/site\/2020\/10\/16\/vagoes-fora-de-operacao-podem-equipar-trens-turisticos-em-minas\/#breadcrumb"},"inLanguage":"pt-BR","potentialAction":[{"@type":"ReadAction","target":["https:\/\/marcelolopes.jor.br\/site\/2020\/10\/16\/vagoes-fora-de-operacao-podem-equipar-trens-turisticos-em-minas\/"]}]},{"@type":"ImageObject","inLanguage":"pt-BR","@id":"https:\/\/marcelolopes.jor.br\/site\/2020\/10\/16\/vagoes-fora-de-operacao-podem-equipar-trens-turisticos-em-minas\/#primaryimage","url":"https:\/\/marcelolopes.jor.br\/site\/wp-content\/uploads\/2020\/10\/1530740.jpg","contentUrl":"https:\/\/marcelolopes.jor.br\/site\/wp-content\/uploads\/2020\/10\/1530740.jpg","width":800,"height":534},{"@type":"BreadcrumbList","@id":"https:\/\/marcelolopes.jor.br\/site\/2020\/10\/16\/vagoes-fora-de-operacao-podem-equipar-trens-turisticos-em-minas\/#breadcrumb","itemListElement":[{"@type":"ListItem","position":1,"name":"Home","item":"https:\/\/marcelolopes.jor.br\/site\/"},{"@type":"ListItem","position":2,"name":"Vag\u00f5es fora de opera\u00e7\u00e3o podem equipar trens tur\u00edsticos em Minas"}]},{"@type":"WebSite","@id":"https:\/\/marcelolopes.jor.br\/site\/#website","url":"https:\/\/marcelolopes.jor.br\/site\/","name":"Marcelo Lopes","description":"Not\u00edcias de Cataguases e Regi\u00e3o","publisher":{"@id":"https:\/\/marcelolopes.jor.br\/site\/#organization"},"potentialAction":[{"@type":"SearchAction","target":{"@type":"EntryPoint","urlTemplate":"https:\/\/marcelolopes.jor.br\/site\/?s={search_term_string}"},"query-input":{"@type":"PropertyValueSpecification","valueRequired":true,"valueName":"search_term_string"}}],"inLanguage":"pt-BR"},{"@type":"Organization","@id":"https:\/\/marcelolopes.jor.br\/site\/#organization","name":"Site do Marcelo Lopes","url":"https:\/\/marcelolopes.jor.br\/site\/","logo":{"@type":"ImageObject","inLanguage":"pt-BR","@id":"https:\/\/marcelolopes.jor.br\/site\/#\/schema\/logo\/image\/","url":"https:\/\/marcelolopes.jor.br\/site\/wp-content\/uploads\/2024\/11\/logo-1.png","contentUrl":"https:\/\/marcelolopes.jor.br\/site\/wp-content\/uploads\/2024\/11\/logo-1.png","width":475,"height":80,"caption":"Site do Marcelo Lopes"},"image":{"@id":"https:\/\/marcelolopes.jor.br\/site\/#\/schema\/logo\/image\/"},"sameAs":["https:\/\/www.facebook.com\/sitedomarcelolopes","https:\/\/www.instagram.com\/sitedomarcelolopes\/","https:\/\/www.linkedin.com\/company\/site-do-marcelo-lopes\/","https:\/\/www.youtube.com\/user\/marcelolopes957"]},{"@type":"Person","@id":"https:\/\/marcelolopes.jor.br\/site\/#\/schema\/person\/3e7216a35c34d8fdf952b31da3d1f89f","name":"Marcelo Lopes","sameAs":["http:\/\/www.marcelolopes.jor.br"],"url":"https:\/\/marcelolopes.jor.br\/site\/author\/marcelo\/"}]}},"wps_subtitle":"Assunto foi discutido nesta quinta-feira, 15, na Assembleia Legislativa.","_links":{"self":[{"href":"https:\/\/marcelolopes.jor.br\/site\/wp-json\/wp\/v2\/posts\/18197","targetHints":{"allow":["GET"]}}],"collection":[{"href":"https:\/\/marcelolopes.jor.br\/site\/wp-json\/wp\/v2\/posts"}],"about":[{"href":"https:\/\/marcelolopes.jor.br\/site\/wp-json\/wp\/v2\/types\/post"}],"author":[{"embeddable":true,"href":"https:\/\/marcelolopes.jor.br\/site\/wp-json\/wp\/v2\/users\/2"}],"replies":[{"embeddable":true,"href":"https:\/\/marcelolopes.jor.br\/site\/wp-json\/wp\/v2\/comments?post=18197"}],"version-history":[{"count":0,"href":"https:\/\/marcelolopes.jor.br\/site\/wp-json\/wp\/v2\/posts\/18197\/revisions"}],"wp:featuredmedia":[{"embeddable":true,"href":"https:\/\/marcelolopes.jor.br\/site\/wp-json\/wp\/v2\/media\/18199"}],"wp:attachment":[{"href":"https:\/\/marcelolopes.jor.br\/site\/wp-json\/wp\/v2\/media?parent=18197"}],"wp:term":[{"taxonomy":"category","embeddable":true,"href":"https:\/\/marcelolopes.jor.br\/site\/wp-json\/wp\/v2\/categories?post=18197"},{"taxonomy":"post_tag","embeddable":true,"href":"https:\/\/marcelolopes.jor.br\/site\/wp-json\/wp\/v2\/tags?post=18197"}],"curies":[{"name":"wp","href":"https:\/\/api.w.org\/{rel}","templated":true}]}}