{"id":18164,"date":"2020-10-14T20:00:47","date_gmt":"2020-10-14T23:00:47","guid":{"rendered":"https:\/\/marcelolopes.jor.br\/?p=18164"},"modified":"2020-10-14T16:08:05","modified_gmt":"2020-10-14T19:08:05","slug":"hospital-de-alem-paraiba-nao-tem-nenhum-paciente-internado-com-covid-19","status":"publish","type":"post","link":"https:\/\/marcelolopes.jor.br\/site\/2020\/10\/14\/hospital-de-alem-paraiba-nao-tem-nenhum-paciente-internado-com-covid-19\/","title":{"rendered":"Hospital de Al\u00e9m Para\u00edba n\u00e3o tem nenhum paciente internado com Covid-19"},"content":{"rendered":"<p style=\"text-align: justify;\">Desde o in\u00edcio da pandemia provocada pelo novo coronav\u00edrus, Al\u00e9m Para\u00edba registrou mais de 2.568 casos positivos da doen\u00e7a. O pico de cont\u00e1gio ocorreu, segundo a Secretaria Municipal de Sa\u00fade daquela cidade, nos meses de maio e junho e culminou com a morte de 15 pessoas. Desde ent\u00e3o a situa\u00e7\u00e3o come\u00e7ou a regredir com a redu\u00e7\u00e3o do n\u00famero de casos que se mant\u00e9m at\u00e9 hoje e, agora, com a informa\u00e7\u00e3o da dire\u00e7\u00e3o do Hospital S\u00e3o Salvador de que n\u00e3o h\u00e1 ningu\u00e9m internado em suas instala\u00e7\u00f5es com Covid-19.<!--more--><\/p>\n<p style=\"text-align: justify;\">Na manh\u00e3 desta ter\u00e7a-feira, 13 de outubro, o Hospital S\u00e3o Salvador publicou, em sua p\u00e1gina oficial do Facebook, a not\u00edcia de que n\u00e3o h\u00e1 nenhum paciente de Covid-19 internado em suas depend\u00eancias. Aquela institui\u00e7\u00e3o, no entanto, alertou a popula\u00e7\u00e3o lembrando que n\u00e3o \u00e9 hora de descuido e que todas as medidas sanit\u00e1rias preconizadas pelas autoridades em sa\u00fade devem ser mantidas e os cuidados redobrados para que a situa\u00e7\u00e3o n\u00e3o volte a se agravar.<\/p>\n<p style=\"text-align: justify;\">Segundo Boletim Epidemiol\u00f3gico emitido na tarde do \u00faltimo dia 13, pela Secretaria Municipal de Sa\u00fade, durante os 7 meses da pandemia foram 2.568 casos notificados do novo coronav\u00edrus em Al\u00e9m Para\u00edba, sendo que ainda existem, atualmente, 94 casos em investiga\u00e7\u00e3o. Dos 474 casos confirmados neste per\u00edodo, 452 pessoas foram recuperadas da doen\u00e7a e 15 pessoas morreram em decorr\u00eancia da Covid-19. At\u00e9 quarta-feira, 13, haviam sete casos ativos da doen\u00e7a naquela cidade. Todos com sintomas brandos e, por isso, estavam em isolamento domiciliar.<\/p>\n<p style=\"text-align: justify;\">Fonte e foto: Jornal Agora<\/p>\n<div class=\"dmbeh69f72e2779403\" ><br><\/div><style type=\"text\/css\">\r\n@media screen and (min-width: 1201px) {\r\n.dmbeh69f72e2779403 {\r\ndisplay: block;\r\n}\r\n}\r\n@media screen and (min-width: 993px) and (max-width: 1200px) {\r\n.dmbeh69f72e2779403 {\r\ndisplay: block;\r\n}\r\n}\r\n@media screen and (min-width: 769px) and (max-width: 992px) {\r\n.dmbeh69f72e2779403 {\r\ndisplay: block;\r\n}\r\n}\r\n@media screen and (min-width: 768px) and (max-width: 768px) {\r\n.dmbeh69f72e2779403 {\r\ndisplay: block;\r\n}\r\n}\r\n@media screen and (max-width: 767px) {\r\n.dmbeh69f72e2779403 {\r\ndisplay: block;\r\n}\r\n}\r\n<\/style>\r\n<div class=\"cowkw69f72e277f0f6\" ><div id=\"div_destino\"><\/div>\r\n<script src=\"https:\/\/cdn.snsrsv.com\/sdk.js\"><\/script>\r\n<script >\r\n      new sdk(\"464030C30061EA8BE065000000000001\") \r\n          .appendTo(\"div_destino\")\r\n          .disableStyle(true) \r\n          .setCacheBusterMacro(\"%%CACHEBUSTER%%\")\r\n          .setSize(\"800\",\"214\")\r\n          .setClickMacro(\"%%CLICK_URL_ESC%%\") \r\n          .setReferrerUrlMacro(\"%%REFERRER_URL_ESC%%\") \r\n          .start(); \r\n<\/script><\/div><style type=\"text\/css\">\r\n@media screen and (min-width: 1201px) {\r\n.cowkw69f72e277f0f6 {\r\ndisplay: block;\r\n}\r\n}\r\n@media screen and (min-width: 993px) and (max-width: 1200px) {\r\n.cowkw69f72e277f0f6 {\r\ndisplay: block;\r\n}\r\n}\r\n@media screen and (min-width: 769px) and (max-width: 992px) {\r\n.cowkw69f72e277f0f6 {\r\ndisplay: block;\r\n}\r\n}\r\n@media screen and (min-width: 768px) and (max-width: 768px) {\r\n.cowkw69f72e277f0f6 {\r\ndisplay: block;\r\n}\r\n}\r\n@media screen and (max-width: 767px) {\r\n.cowkw69f72e277f0f6 {\r\ndisplay: block;\r\n}\r\n}\r\n<\/style>\r\n","protected":false},"excerpt":{"rendered":"<p>Desde o in\u00edcio da pandemia provocada pelo novo coronav\u00edrus, Al\u00e9m Para\u00edba registrou mais de 2.568 casos positivos da doen\u00e7a. O pico de cont\u00e1gio ocorreu, segundo a Secretaria Municipal de Sa\u00fade daquela cidade, nos meses de maio e junho e culminou<\/p>\n<p class=\"link-more\"><a class=\"more-link\" href=\"https:\/\/marcelolopes.jor.br\/site\/2020\/10\/14\/hospital-de-alem-paraiba-nao-tem-nenhum-paciente-internado-com-covid-19\/\">Leia mais <span class=\"screen-reader-text\">Hospital de Al\u00e9m Para\u00edba n\u00e3o tem nenhum paciente internado com Covid-19<\/span><\/a><\/p>\n","protected":false},"author":2,"featured_media":18166,"comment_status":"open","ping_status":"open","sticky":false,"template":"","format":"standard","meta":{"footnotes":""},"categories":[1],"tags":[2555,2241,2572,2529],"class_list":["post-18164","post","type-post","status-publish","format-standard","has-post-thumbnail","hentry","category-noticias","tag-casos-de-covid-19","tag-covid-19","tag-hospital-sao-salvador","tag-internacoes","thumb-below-title"],"yoast_head":"<!-- This site is optimized with the Yoast SEO plugin v27.4 - https:\/\/yoast.com\/product\/yoast-seo-wordpress\/ -->\n<title>Hospital de Al\u00e9m Para\u00edba n\u00e3o tem nenhum paciente internado com Covid-19 | Marcelo Lopes<\/title>\n<meta name=\"robots\" content=\"index, follow, max-snippet:-1, max-image-preview:large, max-video-preview:-1\" \/>\n<link rel=\"canonical\" href=\"https:\/\/marcelolopes.jor.br\/site\/2020\/10\/14\/hospital-de-alem-paraiba-nao-tem-nenhum-paciente-internado-com-covid-19\/\" \/>\n<meta property=\"og:locale\" content=\"pt_BR\" \/>\n<meta property=\"og:type\" content=\"article\" \/>\n<meta property=\"og:title\" content=\"Hospital de Al\u00e9m Para\u00edba n\u00e3o tem nenhum paciente internado com Covid-19 | Marcelo Lopes\" \/>\n<meta property=\"og:description\" content=\"Desde o in\u00edcio da pandemia provocada pelo novo coronav\u00edrus, Al\u00e9m Para\u00edba registrou mais de 2.568 casos positivos da doen\u00e7a. O pico de cont\u00e1gio ocorreu, segundo a Secretaria Municipal de Sa\u00fade daquela cidade, nos meses de maio e junho e culminouLeia mais Hospital de Al\u00e9m Para\u00edba n\u00e3o tem nenhum paciente internado com Covid-19\" \/>\n<meta property=\"og:url\" content=\"https:\/\/marcelolopes.jor.br\/site\/2020\/10\/14\/hospital-de-alem-paraiba-nao-tem-nenhum-paciente-internado-com-covid-19\/\" \/>\n<meta property=\"og:site_name\" content=\"Marcelo Lopes\" \/>\n<meta property=\"article:publisher\" content=\"https:\/\/www.facebook.com\/sitedomarcelolopes\" \/>\n<meta property=\"article:published_time\" content=\"2020-10-14T23:00:47+00:00\" \/>\n<meta property=\"og:image\" content=\"https:\/\/marcelolopes.jor.br\/site\/wp-content\/uploads\/2020\/10\/Hospital-S\u00e3o-Salvador.jpg\" \/>\n\t<meta property=\"og:image:width\" content=\"800\" \/>\n\t<meta property=\"og:image:height\" content=\"517\" \/>\n\t<meta property=\"og:image:type\" content=\"image\/jpeg\" \/>\n<meta name=\"author\" content=\"Marcelo Lopes\" \/>\n<meta name=\"twitter:card\" content=\"summary_large_image\" \/>\n<meta name=\"twitter:label1\" content=\"Escrito por\" \/>\n\t<meta name=\"twitter:data1\" content=\"Marcelo Lopes\" \/>\n\t<meta name=\"twitter:label2\" content=\"Est. tempo de leitura\" \/>\n\t<meta name=\"twitter:data2\" content=\"1 minuto\" \/>\n<script type=\"application\/ld+json\" class=\"yoast-schema-graph\">{\"@context\":\"https:\\\/\\\/schema.org\",\"@graph\":[{\"@type\":\"NewsArticle\",\"@id\":\"https:\\\/\\\/marcelolopes.jor.br\\\/site\\\/2020\\\/10\\\/14\\\/hospital-de-alem-paraiba-nao-tem-nenhum-paciente-internado-com-covid-19\\\/#article\",\"isPartOf\":{\"@id\":\"https:\\\/\\\/marcelolopes.jor.br\\\/site\\\/2020\\\/10\\\/14\\\/hospital-de-alem-paraiba-nao-tem-nenhum-paciente-internado-com-covid-19\\\/\"},\"author\":{\"name\":\"Marcelo Lopes\",\"@id\":\"https:\\\/\\\/marcelolopes.jor.br\\\/site\\\/#\\\/schema\\\/person\\\/3e7216a35c34d8fdf952b31da3d1f89f\"},\"headline\":\"Hospital de Al\u00e9m Para\u00edba n\u00e3o tem nenhum paciente internado com Covid-19\",\"datePublished\":\"2020-10-14T23:00:47+00:00\",\"mainEntityOfPage\":{\"@id\":\"https:\\\/\\\/marcelolopes.jor.br\\\/site\\\/2020\\\/10\\\/14\\\/hospital-de-alem-paraiba-nao-tem-nenhum-paciente-internado-com-covid-19\\\/\"},\"wordCount\":291,\"commentCount\":0,\"publisher\":{\"@id\":\"https:\\\/\\\/marcelolopes.jor.br\\\/site\\\/#organization\"},\"image\":{\"@id\":\"https:\\\/\\\/marcelolopes.jor.br\\\/site\\\/2020\\\/10\\\/14\\\/hospital-de-alem-paraiba-nao-tem-nenhum-paciente-internado-com-covid-19\\\/#primaryimage\"},\"thumbnailUrl\":\"https:\\\/\\\/marcelolopes.jor.br\\\/site\\\/wp-content\\\/uploads\\\/2020\\\/10\\\/Hospital-S\u00e3o-Salvador.jpg\",\"keywords\":[\"casos de covid-19\",\"covid-19\",\"Hospital S\u00e3o Salvador\",\"interna\u00e7\u00f5es\"],\"articleSection\":[\"Not\u00edcias\"],\"inLanguage\":\"pt-BR\",\"potentialAction\":[{\"@type\":\"CommentAction\",\"name\":\"Comment\",\"target\":[\"https:\\\/\\\/marcelolopes.jor.br\\\/site\\\/2020\\\/10\\\/14\\\/hospital-de-alem-paraiba-nao-tem-nenhum-paciente-internado-com-covid-19\\\/#respond\"]}]},{\"@type\":\"WebPage\",\"@id\":\"https:\\\/\\\/marcelolopes.jor.br\\\/site\\\/2020\\\/10\\\/14\\\/hospital-de-alem-paraiba-nao-tem-nenhum-paciente-internado-com-covid-19\\\/\",\"url\":\"https:\\\/\\\/marcelolopes.jor.br\\\/site\\\/2020\\\/10\\\/14\\\/hospital-de-alem-paraiba-nao-tem-nenhum-paciente-internado-com-covid-19\\\/\",\"name\":\"Hospital de Al\u00e9m Para\u00edba n\u00e3o tem nenhum paciente internado com Covid-19 | Marcelo Lopes\",\"isPartOf\":{\"@id\":\"https:\\\/\\\/marcelolopes.jor.br\\\/site\\\/#website\"},\"primaryImageOfPage\":{\"@id\":\"https:\\\/\\\/marcelolopes.jor.br\\\/site\\\/2020\\\/10\\\/14\\\/hospital-de-alem-paraiba-nao-tem-nenhum-paciente-internado-com-covid-19\\\/#primaryimage\"},\"image\":{\"@id\":\"https:\\\/\\\/marcelolopes.jor.br\\\/site\\\/2020\\\/10\\\/14\\\/hospital-de-alem-paraiba-nao-tem-nenhum-paciente-internado-com-covid-19\\\/#primaryimage\"},\"thumbnailUrl\":\"https:\\\/\\\/marcelolopes.jor.br\\\/site\\\/wp-content\\\/uploads\\\/2020\\\/10\\\/Hospital-S\u00e3o-Salvador.jpg\",\"datePublished\":\"2020-10-14T23:00:47+00:00\",\"breadcrumb\":{\"@id\":\"https:\\\/\\\/marcelolopes.jor.br\\\/site\\\/2020\\\/10\\\/14\\\/hospital-de-alem-paraiba-nao-tem-nenhum-paciente-internado-com-covid-19\\\/#breadcrumb\"},\"inLanguage\":\"pt-BR\",\"potentialAction\":[{\"@type\":\"ReadAction\",\"target\":[\"https:\\\/\\\/marcelolopes.jor.br\\\/site\\\/2020\\\/10\\\/14\\\/hospital-de-alem-paraiba-nao-tem-nenhum-paciente-internado-com-covid-19\\\/\"]}]},{\"@type\":\"ImageObject\",\"inLanguage\":\"pt-BR\",\"@id\":\"https:\\\/\\\/marcelolopes.jor.br\\\/site\\\/2020\\\/10\\\/14\\\/hospital-de-alem-paraiba-nao-tem-nenhum-paciente-internado-com-covid-19\\\/#primaryimage\",\"url\":\"https:\\\/\\\/marcelolopes.jor.br\\\/site\\\/wp-content\\\/uploads\\\/2020\\\/10\\\/Hospital-S\u00e3o-Salvador.jpg\",\"contentUrl\":\"https:\\\/\\\/marcelolopes.jor.br\\\/site\\\/wp-content\\\/uploads\\\/2020\\\/10\\\/Hospital-S\u00e3o-Salvador.jpg\",\"width\":800,\"height\":517,\"caption\":\"Prefeito de Al\u00e9m Para\u00edba\"},{\"@type\":\"BreadcrumbList\",\"@id\":\"https:\\\/\\\/marcelolopes.jor.br\\\/site\\\/2020\\\/10\\\/14\\\/hospital-de-alem-paraiba-nao-tem-nenhum-paciente-internado-com-covid-19\\\/#breadcrumb\",\"itemListElement\":[{\"@type\":\"ListItem\",\"position\":1,\"name\":\"Home\",\"item\":\"https:\\\/\\\/marcelolopes.jor.br\\\/site\\\/\"},{\"@type\":\"ListItem\",\"position\":2,\"name\":\"Hospital de Al\u00e9m Para\u00edba n\u00e3o tem nenhum paciente internado com Covid-19\"}]},{\"@type\":\"WebSite\",\"@id\":\"https:\\\/\\\/marcelolopes.jor.br\\\/site\\\/#website\",\"url\":\"https:\\\/\\\/marcelolopes.jor.br\\\/site\\\/\",\"name\":\"Marcelo Lopes\",\"description\":\"Not\u00edcias de Cataguases e Regi\u00e3o\",\"publisher\":{\"@id\":\"https:\\\/\\\/marcelolopes.jor.br\\\/site\\\/#organization\"},\"potentialAction\":[{\"@type\":\"SearchAction\",\"target\":{\"@type\":\"EntryPoint\",\"urlTemplate\":\"https:\\\/\\\/marcelolopes.jor.br\\\/site\\\/?s={search_term_string}\"},\"query-input\":{\"@type\":\"PropertyValueSpecification\",\"valueRequired\":true,\"valueName\":\"search_term_string\"}}],\"inLanguage\":\"pt-BR\"},{\"@type\":\"Organization\",\"@id\":\"https:\\\/\\\/marcelolopes.jor.br\\\/site\\\/#organization\",\"name\":\"Site do Marcelo Lopes\",\"url\":\"https:\\\/\\\/marcelolopes.jor.br\\\/site\\\/\",\"logo\":{\"@type\":\"ImageObject\",\"inLanguage\":\"pt-BR\",\"@id\":\"https:\\\/\\\/marcelolopes.jor.br\\\/site\\\/#\\\/schema\\\/logo\\\/image\\\/\",\"url\":\"https:\\\/\\\/marcelolopes.jor.br\\\/site\\\/wp-content\\\/uploads\\\/2024\\\/11\\\/logo-1.png\",\"contentUrl\":\"https:\\\/\\\/marcelolopes.jor.br\\\/site\\\/wp-content\\\/uploads\\\/2024\\\/11\\\/logo-1.png\",\"width\":475,\"height\":80,\"caption\":\"Site do Marcelo Lopes\"},\"image\":{\"@id\":\"https:\\\/\\\/marcelolopes.jor.br\\\/site\\\/#\\\/schema\\\/logo\\\/image\\\/\"},\"sameAs\":[\"https:\\\/\\\/www.facebook.com\\\/sitedomarcelolopes\",\"https:\\\/\\\/www.instagram.com\\\/sitedomarcelolopes\\\/\",\"https:\\\/\\\/www.linkedin.com\\\/company\\\/site-do-marcelo-lopes\\\/\",\"https:\\\/\\\/www.youtube.com\\\/user\\\/marcelolopes957\"]},{\"@type\":\"Person\",\"@id\":\"https:\\\/\\\/marcelolopes.jor.br\\\/site\\\/#\\\/schema\\\/person\\\/3e7216a35c34d8fdf952b31da3d1f89f\",\"name\":\"Marcelo Lopes\",\"sameAs\":[\"http:\\\/\\\/www.marcelolopes.jor.br\"],\"url\":\"https:\\\/\\\/marcelolopes.jor.br\\\/site\\\/author\\\/marcelo\\\/\"}]}<\/script>\n<!-- \/ Yoast SEO plugin. -->","yoast_head_json":{"title":"Hospital de Al\u00e9m Para\u00edba n\u00e3o tem nenhum paciente internado com Covid-19 | Marcelo Lopes","robots":{"index":"index","follow":"follow","max-snippet":"max-snippet:-1","max-image-preview":"max-image-preview:large","max-video-preview":"max-video-preview:-1"},"canonical":"https:\/\/marcelolopes.jor.br\/site\/2020\/10\/14\/hospital-de-alem-paraiba-nao-tem-nenhum-paciente-internado-com-covid-19\/","og_locale":"pt_BR","og_type":"article","og_title":"Hospital de Al\u00e9m Para\u00edba n\u00e3o tem nenhum paciente internado com Covid-19 | Marcelo Lopes","og_description":"Desde o in\u00edcio da pandemia provocada pelo novo coronav\u00edrus, Al\u00e9m Para\u00edba registrou mais de 2.568 casos positivos da doen\u00e7a. O pico de cont\u00e1gio ocorreu, segundo a Secretaria Municipal de Sa\u00fade daquela cidade, nos meses de maio e junho e culminouLeia mais Hospital de Al\u00e9m Para\u00edba n\u00e3o tem nenhum paciente internado com Covid-19","og_url":"https:\/\/marcelolopes.jor.br\/site\/2020\/10\/14\/hospital-de-alem-paraiba-nao-tem-nenhum-paciente-internado-com-covid-19\/","og_site_name":"Marcelo Lopes","article_publisher":"https:\/\/www.facebook.com\/sitedomarcelolopes","article_published_time":"2020-10-14T23:00:47+00:00","og_image":[{"width":800,"height":517,"url":"https:\/\/marcelolopes.jor.br\/site\/wp-content\/uploads\/2020\/10\/Hospital-S\u00e3o-Salvador.jpg","type":"image\/jpeg"}],"author":"Marcelo Lopes","twitter_card":"summary_large_image","twitter_misc":{"Escrito por":"Marcelo Lopes","Est. tempo de leitura":"1 minuto"},"schema":{"@context":"https:\/\/schema.org","@graph":[{"@type":"NewsArticle","@id":"https:\/\/marcelolopes.jor.br\/site\/2020\/10\/14\/hospital-de-alem-paraiba-nao-tem-nenhum-paciente-internado-com-covid-19\/#article","isPartOf":{"@id":"https:\/\/marcelolopes.jor.br\/site\/2020\/10\/14\/hospital-de-alem-paraiba-nao-tem-nenhum-paciente-internado-com-covid-19\/"},"author":{"name":"Marcelo Lopes","@id":"https:\/\/marcelolopes.jor.br\/site\/#\/schema\/person\/3e7216a35c34d8fdf952b31da3d1f89f"},"headline":"Hospital de Al\u00e9m Para\u00edba n\u00e3o tem nenhum paciente internado com Covid-19","datePublished":"2020-10-14T23:00:47+00:00","mainEntityOfPage":{"@id":"https:\/\/marcelolopes.jor.br\/site\/2020\/10\/14\/hospital-de-alem-paraiba-nao-tem-nenhum-paciente-internado-com-covid-19\/"},"wordCount":291,"commentCount":0,"publisher":{"@id":"https:\/\/marcelolopes.jor.br\/site\/#organization"},"image":{"@id":"https:\/\/marcelolopes.jor.br\/site\/2020\/10\/14\/hospital-de-alem-paraiba-nao-tem-nenhum-paciente-internado-com-covid-19\/#primaryimage"},"thumbnailUrl":"https:\/\/marcelolopes.jor.br\/site\/wp-content\/uploads\/2020\/10\/Hospital-S\u00e3o-Salvador.jpg","keywords":["casos de covid-19","covid-19","Hospital S\u00e3o Salvador","interna\u00e7\u00f5es"],"articleSection":["Not\u00edcias"],"inLanguage":"pt-BR","potentialAction":[{"@type":"CommentAction","name":"Comment","target":["https:\/\/marcelolopes.jor.br\/site\/2020\/10\/14\/hospital-de-alem-paraiba-nao-tem-nenhum-paciente-internado-com-covid-19\/#respond"]}]},{"@type":"WebPage","@id":"https:\/\/marcelolopes.jor.br\/site\/2020\/10\/14\/hospital-de-alem-paraiba-nao-tem-nenhum-paciente-internado-com-covid-19\/","url":"https:\/\/marcelolopes.jor.br\/site\/2020\/10\/14\/hospital-de-alem-paraiba-nao-tem-nenhum-paciente-internado-com-covid-19\/","name":"Hospital de Al\u00e9m Para\u00edba n\u00e3o tem nenhum paciente internado com Covid-19 | Marcelo Lopes","isPartOf":{"@id":"https:\/\/marcelolopes.jor.br\/site\/#website"},"primaryImageOfPage":{"@id":"https:\/\/marcelolopes.jor.br\/site\/2020\/10\/14\/hospital-de-alem-paraiba-nao-tem-nenhum-paciente-internado-com-covid-19\/#primaryimage"},"image":{"@id":"https:\/\/marcelolopes.jor.br\/site\/2020\/10\/14\/hospital-de-alem-paraiba-nao-tem-nenhum-paciente-internado-com-covid-19\/#primaryimage"},"thumbnailUrl":"https:\/\/marcelolopes.jor.br\/site\/wp-content\/uploads\/2020\/10\/Hospital-S\u00e3o-Salvador.jpg","datePublished":"2020-10-14T23:00:47+00:00","breadcrumb":{"@id":"https:\/\/marcelolopes.jor.br\/site\/2020\/10\/14\/hospital-de-alem-paraiba-nao-tem-nenhum-paciente-internado-com-covid-19\/#breadcrumb"},"inLanguage":"pt-BR","potentialAction":[{"@type":"ReadAction","target":["https:\/\/marcelolopes.jor.br\/site\/2020\/10\/14\/hospital-de-alem-paraiba-nao-tem-nenhum-paciente-internado-com-covid-19\/"]}]},{"@type":"ImageObject","inLanguage":"pt-BR","@id":"https:\/\/marcelolopes.jor.br\/site\/2020\/10\/14\/hospital-de-alem-paraiba-nao-tem-nenhum-paciente-internado-com-covid-19\/#primaryimage","url":"https:\/\/marcelolopes.jor.br\/site\/wp-content\/uploads\/2020\/10\/Hospital-S\u00e3o-Salvador.jpg","contentUrl":"https:\/\/marcelolopes.jor.br\/site\/wp-content\/uploads\/2020\/10\/Hospital-S\u00e3o-Salvador.jpg","width":800,"height":517,"caption":"Prefeito de Al\u00e9m Para\u00edba"},{"@type":"BreadcrumbList","@id":"https:\/\/marcelolopes.jor.br\/site\/2020\/10\/14\/hospital-de-alem-paraiba-nao-tem-nenhum-paciente-internado-com-covid-19\/#breadcrumb","itemListElement":[{"@type":"ListItem","position":1,"name":"Home","item":"https:\/\/marcelolopes.jor.br\/site\/"},{"@type":"ListItem","position":2,"name":"Hospital de Al\u00e9m Para\u00edba n\u00e3o tem nenhum paciente internado com Covid-19"}]},{"@type":"WebSite","@id":"https:\/\/marcelolopes.jor.br\/site\/#website","url":"https:\/\/marcelolopes.jor.br\/site\/","name":"Marcelo Lopes","description":"Not\u00edcias de Cataguases e Regi\u00e3o","publisher":{"@id":"https:\/\/marcelolopes.jor.br\/site\/#organization"},"potentialAction":[{"@type":"SearchAction","target":{"@type":"EntryPoint","urlTemplate":"https:\/\/marcelolopes.jor.br\/site\/?s={search_term_string}"},"query-input":{"@type":"PropertyValueSpecification","valueRequired":true,"valueName":"search_term_string"}}],"inLanguage":"pt-BR"},{"@type":"Organization","@id":"https:\/\/marcelolopes.jor.br\/site\/#organization","name":"Site do Marcelo Lopes","url":"https:\/\/marcelolopes.jor.br\/site\/","logo":{"@type":"ImageObject","inLanguage":"pt-BR","@id":"https:\/\/marcelolopes.jor.br\/site\/#\/schema\/logo\/image\/","url":"https:\/\/marcelolopes.jor.br\/site\/wp-content\/uploads\/2024\/11\/logo-1.png","contentUrl":"https:\/\/marcelolopes.jor.br\/site\/wp-content\/uploads\/2024\/11\/logo-1.png","width":475,"height":80,"caption":"Site do Marcelo Lopes"},"image":{"@id":"https:\/\/marcelolopes.jor.br\/site\/#\/schema\/logo\/image\/"},"sameAs":["https:\/\/www.facebook.com\/sitedomarcelolopes","https:\/\/www.instagram.com\/sitedomarcelolopes\/","https:\/\/www.linkedin.com\/company\/site-do-marcelo-lopes\/","https:\/\/www.youtube.com\/user\/marcelolopes957"]},{"@type":"Person","@id":"https:\/\/marcelolopes.jor.br\/site\/#\/schema\/person\/3e7216a35c34d8fdf952b31da3d1f89f","name":"Marcelo Lopes","sameAs":["http:\/\/www.marcelolopes.jor.br"],"url":"https:\/\/marcelolopes.jor.br\/site\/author\/marcelo\/"}]}},"wps_subtitle":"An\u00fancio foi feito no \u00faltimo dia 13, mas at\u00e9 hoje as interna\u00e7\u00f5es est\u00e3o zeradas.","_links":{"self":[{"href":"https:\/\/marcelolopes.jor.br\/site\/wp-json\/wp\/v2\/posts\/18164","targetHints":{"allow":["GET"]}}],"collection":[{"href":"https:\/\/marcelolopes.jor.br\/site\/wp-json\/wp\/v2\/posts"}],"about":[{"href":"https:\/\/marcelolopes.jor.br\/site\/wp-json\/wp\/v2\/types\/post"}],"author":[{"embeddable":true,"href":"https:\/\/marcelolopes.jor.br\/site\/wp-json\/wp\/v2\/users\/2"}],"replies":[{"embeddable":true,"href":"https:\/\/marcelolopes.jor.br\/site\/wp-json\/wp\/v2\/comments?post=18164"}],"version-history":[{"count":0,"href":"https:\/\/marcelolopes.jor.br\/site\/wp-json\/wp\/v2\/posts\/18164\/revisions"}],"wp:featuredmedia":[{"embeddable":true,"href":"https:\/\/marcelolopes.jor.br\/site\/wp-json\/wp\/v2\/media\/18166"}],"wp:attachment":[{"href":"https:\/\/marcelolopes.jor.br\/site\/wp-json\/wp\/v2\/media?parent=18164"}],"wp:term":[{"taxonomy":"category","embeddable":true,"href":"https:\/\/marcelolopes.jor.br\/site\/wp-json\/wp\/v2\/categories?post=18164"},{"taxonomy":"post_tag","embeddable":true,"href":"https:\/\/marcelolopes.jor.br\/site\/wp-json\/wp\/v2\/tags?post=18164"}],"curies":[{"name":"wp","href":"https:\/\/api.w.org\/{rel}","templated":true}]}}