{"id":18127,"date":"2020-10-13T16:00:30","date_gmt":"2020-10-13T19:00:30","guid":{"rendered":"https:\/\/marcelolopes.jor.br\/?p=18127"},"modified":"2020-10-13T16:10:16","modified_gmt":"2020-10-13T19:10:16","slug":"chuva-e-temperatura-mais-amena-vai-marcar-a-semana-na-regiao","status":"publish","type":"post","link":"https:\/\/marcelolopes.jor.br\/site\/2020\/10\/13\/chuva-e-temperatura-mais-amena-vai-marcar-a-semana-na-regiao\/","title":{"rendered":"Chuva e temperatura mais amena v\u00e3o marcar a semana na regi\u00e3o"},"content":{"rendered":"<p style=\"text-align: justify;\">O calor\u00e3o at\u00edpico para esta \u00e9poca do ano que atingiu Cataguases e todo o pa\u00eds na \u00faltima semana, foi embora, gra\u00e7as a uma frente fria que chegou na sexta-feira, 09 de outubro, e permanece sobre a Zona da Mata at\u00e9 hoje. Segundo o climatologista Ruibran dos Reis, do Climatempo, a previs\u00e3o \u00e9 de tempo nublado e chuvoso durante a semana para as cidades da Zona da Mata. Assim, as temperaturas ficar\u00e3o amenas, prev\u00ea.<!--more--><\/p>\n<p style=\"text-align: justify;\">Com a mudan\u00e7a no tempo, as pancadas de chuva devem cair durante a tarde e se intensificam ainda mais a partir de quinta-feira (15), com a chegada de um novo sistema frontal, informa Ruibran. A umidade relativa do ar apresenta uma boa eleva\u00e7\u00e3o, ficando entre 40% e 75% a partir da pr\u00f3xima semana. O \u00edndice ainda n\u00e3o \u00e9 o ideal apontado pela Organiza\u00e7\u00e3o Mundial de Sa\u00fade (OMS), de 60% a 80%, mas a regi\u00e3o j\u00e1 est\u00e1 fora do estado de emerg\u00eancia, tranquilizou. As temperaturas m\u00e1ximas podem chegar at\u00e9 32\u00ba cent\u00edgrados.<\/p>\n<p style=\"text-align: justify;\"><strong>Per\u00edodo chuvoso<\/strong><br \/>\nA segunda metade de outubro marca o come\u00e7o do per\u00edodo chuvoso em Minas Gerais, fazendo com que o forte calor n\u00e3o atinja a popula\u00e7\u00e3o da Zona da Mata. &#8220;N\u00e3o h\u00e1 mais possibilidades de novas ondas de calor com tanta intensidade, como a que ocorreu na semana passada&#8221;, informou o climatologista. Segundo Ruibran dos Reis, as chuvas ser\u00e3o mais comuns e frequentes at\u00e9 o fim do ano.<\/p>\n<p style=\"text-align: justify;\">Fonte: G1 Zona da Mata e Climatempo | Foto: Arquivo<\/p>\n<div class=\"ozlxc69f78488aa9dd\" ><br><\/div><style type=\"text\/css\">\r\n@media screen and (min-width: 1201px) {\r\n.ozlxc69f78488aa9dd {\r\ndisplay: block;\r\n}\r\n}\r\n@media screen and (min-width: 993px) and (max-width: 1200px) {\r\n.ozlxc69f78488aa9dd {\r\ndisplay: block;\r\n}\r\n}\r\n@media screen and (min-width: 769px) and (max-width: 992px) {\r\n.ozlxc69f78488aa9dd {\r\ndisplay: block;\r\n}\r\n}\r\n@media screen and (min-width: 768px) and (max-width: 768px) {\r\n.ozlxc69f78488aa9dd {\r\ndisplay: block;\r\n}\r\n}\r\n@media screen and (max-width: 767px) {\r\n.ozlxc69f78488aa9dd {\r\ndisplay: block;\r\n}\r\n}\r\n<\/style>\r\n<div class=\"xjxdl69f78488af72b\" ><div id=\"div_destino\"><\/div>\r\n<script src=\"https:\/\/cdn.snsrsv.com\/sdk.js\"><\/script>\r\n<script >\r\n      new sdk(\"464030C30061EA8BE065000000000001\") \r\n          .appendTo(\"div_destino\")\r\n          .disableStyle(true) \r\n          .setCacheBusterMacro(\"%%CACHEBUSTER%%\")\r\n          .setSize(\"800\",\"214\")\r\n          .setClickMacro(\"%%CLICK_URL_ESC%%\") \r\n          .setReferrerUrlMacro(\"%%REFERRER_URL_ESC%%\") \r\n          .start(); \r\n<\/script><\/div><style type=\"text\/css\">\r\n@media screen and (min-width: 1201px) {\r\n.xjxdl69f78488af72b {\r\ndisplay: block;\r\n}\r\n}\r\n@media screen and (min-width: 993px) and (max-width: 1200px) {\r\n.xjxdl69f78488af72b {\r\ndisplay: block;\r\n}\r\n}\r\n@media screen and (min-width: 769px) and (max-width: 992px) {\r\n.xjxdl69f78488af72b {\r\ndisplay: block;\r\n}\r\n}\r\n@media screen and (min-width: 768px) and (max-width: 768px) {\r\n.xjxdl69f78488af72b {\r\ndisplay: block;\r\n}\r\n}\r\n@media screen and (max-width: 767px) {\r\n.xjxdl69f78488af72b {\r\ndisplay: block;\r\n}\r\n}\r\n<\/style>\r\n","protected":false},"excerpt":{"rendered":"<p>O calor\u00e3o at\u00edpico para esta \u00e9poca do ano que atingiu Cataguases e todo o pa\u00eds na \u00faltima semana, foi embora, gra\u00e7as a uma frente fria que chegou na sexta-feira, 09 de outubro, e permanece sobre a Zona da Mata at\u00e9<\/p>\n<p class=\"link-more\"><a class=\"more-link\" href=\"https:\/\/marcelolopes.jor.br\/site\/2020\/10\/13\/chuva-e-temperatura-mais-amena-vai-marcar-a-semana-na-regiao\/\">Leia mais <span class=\"screen-reader-text\">Chuva e temperatura mais amena v\u00e3o marcar a semana na regi\u00e3o<\/span><\/a><\/p>\n","protected":false},"author":2,"featured_media":10234,"comment_status":"open","ping_status":"open","sticky":false,"template":"","format":"standard","meta":{"footnotes":""},"categories":[1],"tags":[2973,460,1838,1889],"class_list":["post-18127","post","type-post","status-publish","format-standard","has-post-thumbnail","hentry","category-noticias","tag-calor","tag-chuva","tag-previsao-do-tempo","tag-temperatura","thumb-below-title"],"yoast_head":"<!-- This site is optimized with the Yoast SEO plugin v27.4 - https:\/\/yoast.com\/product\/yoast-seo-wordpress\/ -->\n<title>Chuva e temperatura mais amena v\u00e3o marcar a semana na regi\u00e3o | Marcelo Lopes<\/title>\n<meta name=\"robots\" content=\"index, follow, max-snippet:-1, max-image-preview:large, max-video-preview:-1\" \/>\n<link rel=\"canonical\" href=\"https:\/\/marcelolopes.jor.br\/site\/2020\/10\/13\/chuva-e-temperatura-mais-amena-vai-marcar-a-semana-na-regiao\/\" \/>\n<meta property=\"og:locale\" content=\"pt_BR\" \/>\n<meta property=\"og:type\" content=\"article\" \/>\n<meta property=\"og:title\" content=\"Chuva e temperatura mais amena v\u00e3o marcar a semana na regi\u00e3o | Marcelo Lopes\" \/>\n<meta property=\"og:description\" content=\"O calor\u00e3o at\u00edpico para esta \u00e9poca do ano que atingiu Cataguases e todo o pa\u00eds na \u00faltima semana, foi embora, gra\u00e7as a uma frente fria que chegou na sexta-feira, 09 de outubro, e permanece sobre a Zona da Mata at\u00e9Leia mais Chuva e temperatura mais amena v\u00e3o marcar a semana na regi\u00e3o\" \/>\n<meta property=\"og:url\" content=\"https:\/\/marcelolopes.jor.br\/site\/2020\/10\/13\/chuva-e-temperatura-mais-amena-vai-marcar-a-semana-na-regiao\/\" \/>\n<meta property=\"og:site_name\" content=\"Marcelo Lopes\" \/>\n<meta property=\"article:publisher\" content=\"https:\/\/www.facebook.com\/sitedomarcelolopes\" \/>\n<meta property=\"article:published_time\" content=\"2020-10-13T19:00:30+00:00\" \/>\n<meta property=\"article:modified_time\" content=\"2020-10-13T19:10:16+00:00\" \/>\n<meta property=\"og:image\" content=\"https:\/\/marcelolopes.jor.br\/site\/wp-content\/uploads\/2020\/01\/Chuva-forte1.jpg\" \/>\n\t<meta property=\"og:image:width\" content=\"790\" \/>\n\t<meta property=\"og:image:height\" content=\"587\" \/>\n\t<meta property=\"og:image:type\" content=\"image\/jpeg\" \/>\n<meta name=\"author\" content=\"Marcelo Lopes\" \/>\n<meta name=\"twitter:card\" content=\"summary_large_image\" \/>\n<meta name=\"twitter:label1\" content=\"Escrito por\" \/>\n\t<meta name=\"twitter:data1\" content=\"Marcelo Lopes\" \/>\n\t<meta name=\"twitter:label2\" content=\"Est. tempo de leitura\" \/>\n\t<meta name=\"twitter:data2\" content=\"1 minuto\" \/>\n<script type=\"application\/ld+json\" class=\"yoast-schema-graph\">{\"@context\":\"https:\\\/\\\/schema.org\",\"@graph\":[{\"@type\":\"NewsArticle\",\"@id\":\"https:\\\/\\\/marcelolopes.jor.br\\\/site\\\/2020\\\/10\\\/13\\\/chuva-e-temperatura-mais-amena-vai-marcar-a-semana-na-regiao\\\/#article\",\"isPartOf\":{\"@id\":\"https:\\\/\\\/marcelolopes.jor.br\\\/site\\\/2020\\\/10\\\/13\\\/chuva-e-temperatura-mais-amena-vai-marcar-a-semana-na-regiao\\\/\"},\"author\":{\"name\":\"Marcelo Lopes\",\"@id\":\"https:\\\/\\\/marcelolopes.jor.br\\\/site\\\/#\\\/schema\\\/person\\\/3e7216a35c34d8fdf952b31da3d1f89f\"},\"headline\":\"Chuva e temperatura mais amena v\u00e3o marcar a semana na regi\u00e3o\",\"datePublished\":\"2020-10-13T19:00:30+00:00\",\"dateModified\":\"2020-10-13T19:10:16+00:00\",\"mainEntityOfPage\":{\"@id\":\"https:\\\/\\\/marcelolopes.jor.br\\\/site\\\/2020\\\/10\\\/13\\\/chuva-e-temperatura-mais-amena-vai-marcar-a-semana-na-regiao\\\/\"},\"wordCount\":267,\"commentCount\":0,\"publisher\":{\"@id\":\"https:\\\/\\\/marcelolopes.jor.br\\\/site\\\/#organization\"},\"image\":{\"@id\":\"https:\\\/\\\/marcelolopes.jor.br\\\/site\\\/2020\\\/10\\\/13\\\/chuva-e-temperatura-mais-amena-vai-marcar-a-semana-na-regiao\\\/#primaryimage\"},\"thumbnailUrl\":\"https:\\\/\\\/marcelolopes.jor.br\\\/site\\\/wp-content\\\/uploads\\\/2020\\\/01\\\/Chuva-forte1.jpg\",\"keywords\":[\"calor\",\"chuva\",\"Previs\u00e3o do Tempo\",\"temperatura\"],\"articleSection\":[\"Not\u00edcias\"],\"inLanguage\":\"pt-BR\",\"potentialAction\":[{\"@type\":\"CommentAction\",\"name\":\"Comment\",\"target\":[\"https:\\\/\\\/marcelolopes.jor.br\\\/site\\\/2020\\\/10\\\/13\\\/chuva-e-temperatura-mais-amena-vai-marcar-a-semana-na-regiao\\\/#respond\"]}]},{\"@type\":\"WebPage\",\"@id\":\"https:\\\/\\\/marcelolopes.jor.br\\\/site\\\/2020\\\/10\\\/13\\\/chuva-e-temperatura-mais-amena-vai-marcar-a-semana-na-regiao\\\/\",\"url\":\"https:\\\/\\\/marcelolopes.jor.br\\\/site\\\/2020\\\/10\\\/13\\\/chuva-e-temperatura-mais-amena-vai-marcar-a-semana-na-regiao\\\/\",\"name\":\"Chuva e temperatura mais amena v\u00e3o marcar a semana na regi\u00e3o | Marcelo Lopes\",\"isPartOf\":{\"@id\":\"https:\\\/\\\/marcelolopes.jor.br\\\/site\\\/#website\"},\"primaryImageOfPage\":{\"@id\":\"https:\\\/\\\/marcelolopes.jor.br\\\/site\\\/2020\\\/10\\\/13\\\/chuva-e-temperatura-mais-amena-vai-marcar-a-semana-na-regiao\\\/#primaryimage\"},\"image\":{\"@id\":\"https:\\\/\\\/marcelolopes.jor.br\\\/site\\\/2020\\\/10\\\/13\\\/chuva-e-temperatura-mais-amena-vai-marcar-a-semana-na-regiao\\\/#primaryimage\"},\"thumbnailUrl\":\"https:\\\/\\\/marcelolopes.jor.br\\\/site\\\/wp-content\\\/uploads\\\/2020\\\/01\\\/Chuva-forte1.jpg\",\"datePublished\":\"2020-10-13T19:00:30+00:00\",\"dateModified\":\"2020-10-13T19:10:16+00:00\",\"breadcrumb\":{\"@id\":\"https:\\\/\\\/marcelolopes.jor.br\\\/site\\\/2020\\\/10\\\/13\\\/chuva-e-temperatura-mais-amena-vai-marcar-a-semana-na-regiao\\\/#breadcrumb\"},\"inLanguage\":\"pt-BR\",\"potentialAction\":[{\"@type\":\"ReadAction\",\"target\":[\"https:\\\/\\\/marcelolopes.jor.br\\\/site\\\/2020\\\/10\\\/13\\\/chuva-e-temperatura-mais-amena-vai-marcar-a-semana-na-regiao\\\/\"]}]},{\"@type\":\"ImageObject\",\"inLanguage\":\"pt-BR\",\"@id\":\"https:\\\/\\\/marcelolopes.jor.br\\\/site\\\/2020\\\/10\\\/13\\\/chuva-e-temperatura-mais-amena-vai-marcar-a-semana-na-regiao\\\/#primaryimage\",\"url\":\"https:\\\/\\\/marcelolopes.jor.br\\\/site\\\/wp-content\\\/uploads\\\/2020\\\/01\\\/Chuva-forte1.jpg\",\"contentUrl\":\"https:\\\/\\\/marcelolopes.jor.br\\\/site\\\/wp-content\\\/uploads\\\/2020\\\/01\\\/Chuva-forte1.jpg\",\"width\":790,\"height\":587},{\"@type\":\"BreadcrumbList\",\"@id\":\"https:\\\/\\\/marcelolopes.jor.br\\\/site\\\/2020\\\/10\\\/13\\\/chuva-e-temperatura-mais-amena-vai-marcar-a-semana-na-regiao\\\/#breadcrumb\",\"itemListElement\":[{\"@type\":\"ListItem\",\"position\":1,\"name\":\"Home\",\"item\":\"https:\\\/\\\/marcelolopes.jor.br\\\/site\\\/\"},{\"@type\":\"ListItem\",\"position\":2,\"name\":\"Chuva e temperatura mais amena v\u00e3o marcar a semana na regi\u00e3o\"}]},{\"@type\":\"WebSite\",\"@id\":\"https:\\\/\\\/marcelolopes.jor.br\\\/site\\\/#website\",\"url\":\"https:\\\/\\\/marcelolopes.jor.br\\\/site\\\/\",\"name\":\"Marcelo Lopes\",\"description\":\"Not\u00edcias de Cataguases e Regi\u00e3o\",\"publisher\":{\"@id\":\"https:\\\/\\\/marcelolopes.jor.br\\\/site\\\/#organization\"},\"potentialAction\":[{\"@type\":\"SearchAction\",\"target\":{\"@type\":\"EntryPoint\",\"urlTemplate\":\"https:\\\/\\\/marcelolopes.jor.br\\\/site\\\/?s={search_term_string}\"},\"query-input\":{\"@type\":\"PropertyValueSpecification\",\"valueRequired\":true,\"valueName\":\"search_term_string\"}}],\"inLanguage\":\"pt-BR\"},{\"@type\":\"Organization\",\"@id\":\"https:\\\/\\\/marcelolopes.jor.br\\\/site\\\/#organization\",\"name\":\"Site do Marcelo Lopes\",\"url\":\"https:\\\/\\\/marcelolopes.jor.br\\\/site\\\/\",\"logo\":{\"@type\":\"ImageObject\",\"inLanguage\":\"pt-BR\",\"@id\":\"https:\\\/\\\/marcelolopes.jor.br\\\/site\\\/#\\\/schema\\\/logo\\\/image\\\/\",\"url\":\"https:\\\/\\\/marcelolopes.jor.br\\\/site\\\/wp-content\\\/uploads\\\/2024\\\/11\\\/logo-1.png\",\"contentUrl\":\"https:\\\/\\\/marcelolopes.jor.br\\\/site\\\/wp-content\\\/uploads\\\/2024\\\/11\\\/logo-1.png\",\"width\":475,\"height\":80,\"caption\":\"Site do Marcelo Lopes\"},\"image\":{\"@id\":\"https:\\\/\\\/marcelolopes.jor.br\\\/site\\\/#\\\/schema\\\/logo\\\/image\\\/\"},\"sameAs\":[\"https:\\\/\\\/www.facebook.com\\\/sitedomarcelolopes\",\"https:\\\/\\\/www.instagram.com\\\/sitedomarcelolopes\\\/\",\"https:\\\/\\\/www.linkedin.com\\\/company\\\/site-do-marcelo-lopes\\\/\",\"https:\\\/\\\/www.youtube.com\\\/user\\\/marcelolopes957\"]},{\"@type\":\"Person\",\"@id\":\"https:\\\/\\\/marcelolopes.jor.br\\\/site\\\/#\\\/schema\\\/person\\\/3e7216a35c34d8fdf952b31da3d1f89f\",\"name\":\"Marcelo Lopes\",\"sameAs\":[\"http:\\\/\\\/www.marcelolopes.jor.br\"],\"url\":\"https:\\\/\\\/marcelolopes.jor.br\\\/site\\\/author\\\/marcelo\\\/\"}]}<\/script>\n<!-- \/ Yoast SEO plugin. -->","yoast_head_json":{"title":"Chuva e temperatura mais amena v\u00e3o marcar a semana na regi\u00e3o | Marcelo Lopes","robots":{"index":"index","follow":"follow","max-snippet":"max-snippet:-1","max-image-preview":"max-image-preview:large","max-video-preview":"max-video-preview:-1"},"canonical":"https:\/\/marcelolopes.jor.br\/site\/2020\/10\/13\/chuva-e-temperatura-mais-amena-vai-marcar-a-semana-na-regiao\/","og_locale":"pt_BR","og_type":"article","og_title":"Chuva e temperatura mais amena v\u00e3o marcar a semana na regi\u00e3o | Marcelo Lopes","og_description":"O calor\u00e3o at\u00edpico para esta \u00e9poca do ano que atingiu Cataguases e todo o pa\u00eds na \u00faltima semana, foi embora, gra\u00e7as a uma frente fria que chegou na sexta-feira, 09 de outubro, e permanece sobre a Zona da Mata at\u00e9Leia mais Chuva e temperatura mais amena v\u00e3o marcar a semana na regi\u00e3o","og_url":"https:\/\/marcelolopes.jor.br\/site\/2020\/10\/13\/chuva-e-temperatura-mais-amena-vai-marcar-a-semana-na-regiao\/","og_site_name":"Marcelo Lopes","article_publisher":"https:\/\/www.facebook.com\/sitedomarcelolopes","article_published_time":"2020-10-13T19:00:30+00:00","article_modified_time":"2020-10-13T19:10:16+00:00","og_image":[{"width":790,"height":587,"url":"https:\/\/marcelolopes.jor.br\/site\/wp-content\/uploads\/2020\/01\/Chuva-forte1.jpg","type":"image\/jpeg"}],"author":"Marcelo Lopes","twitter_card":"summary_large_image","twitter_misc":{"Escrito por":"Marcelo Lopes","Est. tempo de leitura":"1 minuto"},"schema":{"@context":"https:\/\/schema.org","@graph":[{"@type":"NewsArticle","@id":"https:\/\/marcelolopes.jor.br\/site\/2020\/10\/13\/chuva-e-temperatura-mais-amena-vai-marcar-a-semana-na-regiao\/#article","isPartOf":{"@id":"https:\/\/marcelolopes.jor.br\/site\/2020\/10\/13\/chuva-e-temperatura-mais-amena-vai-marcar-a-semana-na-regiao\/"},"author":{"name":"Marcelo Lopes","@id":"https:\/\/marcelolopes.jor.br\/site\/#\/schema\/person\/3e7216a35c34d8fdf952b31da3d1f89f"},"headline":"Chuva e temperatura mais amena v\u00e3o marcar a semana na regi\u00e3o","datePublished":"2020-10-13T19:00:30+00:00","dateModified":"2020-10-13T19:10:16+00:00","mainEntityOfPage":{"@id":"https:\/\/marcelolopes.jor.br\/site\/2020\/10\/13\/chuva-e-temperatura-mais-amena-vai-marcar-a-semana-na-regiao\/"},"wordCount":267,"commentCount":0,"publisher":{"@id":"https:\/\/marcelolopes.jor.br\/site\/#organization"},"image":{"@id":"https:\/\/marcelolopes.jor.br\/site\/2020\/10\/13\/chuva-e-temperatura-mais-amena-vai-marcar-a-semana-na-regiao\/#primaryimage"},"thumbnailUrl":"https:\/\/marcelolopes.jor.br\/site\/wp-content\/uploads\/2020\/01\/Chuva-forte1.jpg","keywords":["calor","chuva","Previs\u00e3o do Tempo","temperatura"],"articleSection":["Not\u00edcias"],"inLanguage":"pt-BR","potentialAction":[{"@type":"CommentAction","name":"Comment","target":["https:\/\/marcelolopes.jor.br\/site\/2020\/10\/13\/chuva-e-temperatura-mais-amena-vai-marcar-a-semana-na-regiao\/#respond"]}]},{"@type":"WebPage","@id":"https:\/\/marcelolopes.jor.br\/site\/2020\/10\/13\/chuva-e-temperatura-mais-amena-vai-marcar-a-semana-na-regiao\/","url":"https:\/\/marcelolopes.jor.br\/site\/2020\/10\/13\/chuva-e-temperatura-mais-amena-vai-marcar-a-semana-na-regiao\/","name":"Chuva e temperatura mais amena v\u00e3o marcar a semana na regi\u00e3o | Marcelo Lopes","isPartOf":{"@id":"https:\/\/marcelolopes.jor.br\/site\/#website"},"primaryImageOfPage":{"@id":"https:\/\/marcelolopes.jor.br\/site\/2020\/10\/13\/chuva-e-temperatura-mais-amena-vai-marcar-a-semana-na-regiao\/#primaryimage"},"image":{"@id":"https:\/\/marcelolopes.jor.br\/site\/2020\/10\/13\/chuva-e-temperatura-mais-amena-vai-marcar-a-semana-na-regiao\/#primaryimage"},"thumbnailUrl":"https:\/\/marcelolopes.jor.br\/site\/wp-content\/uploads\/2020\/01\/Chuva-forte1.jpg","datePublished":"2020-10-13T19:00:30+00:00","dateModified":"2020-10-13T19:10:16+00:00","breadcrumb":{"@id":"https:\/\/marcelolopes.jor.br\/site\/2020\/10\/13\/chuva-e-temperatura-mais-amena-vai-marcar-a-semana-na-regiao\/#breadcrumb"},"inLanguage":"pt-BR","potentialAction":[{"@type":"ReadAction","target":["https:\/\/marcelolopes.jor.br\/site\/2020\/10\/13\/chuva-e-temperatura-mais-amena-vai-marcar-a-semana-na-regiao\/"]}]},{"@type":"ImageObject","inLanguage":"pt-BR","@id":"https:\/\/marcelolopes.jor.br\/site\/2020\/10\/13\/chuva-e-temperatura-mais-amena-vai-marcar-a-semana-na-regiao\/#primaryimage","url":"https:\/\/marcelolopes.jor.br\/site\/wp-content\/uploads\/2020\/01\/Chuva-forte1.jpg","contentUrl":"https:\/\/marcelolopes.jor.br\/site\/wp-content\/uploads\/2020\/01\/Chuva-forte1.jpg","width":790,"height":587},{"@type":"BreadcrumbList","@id":"https:\/\/marcelolopes.jor.br\/site\/2020\/10\/13\/chuva-e-temperatura-mais-amena-vai-marcar-a-semana-na-regiao\/#breadcrumb","itemListElement":[{"@type":"ListItem","position":1,"name":"Home","item":"https:\/\/marcelolopes.jor.br\/site\/"},{"@type":"ListItem","position":2,"name":"Chuva e temperatura mais amena v\u00e3o marcar a semana na regi\u00e3o"}]},{"@type":"WebSite","@id":"https:\/\/marcelolopes.jor.br\/site\/#website","url":"https:\/\/marcelolopes.jor.br\/site\/","name":"Marcelo Lopes","description":"Not\u00edcias de Cataguases e Regi\u00e3o","publisher":{"@id":"https:\/\/marcelolopes.jor.br\/site\/#organization"},"potentialAction":[{"@type":"SearchAction","target":{"@type":"EntryPoint","urlTemplate":"https:\/\/marcelolopes.jor.br\/site\/?s={search_term_string}"},"query-input":{"@type":"PropertyValueSpecification","valueRequired":true,"valueName":"search_term_string"}}],"inLanguage":"pt-BR"},{"@type":"Organization","@id":"https:\/\/marcelolopes.jor.br\/site\/#organization","name":"Site do Marcelo Lopes","url":"https:\/\/marcelolopes.jor.br\/site\/","logo":{"@type":"ImageObject","inLanguage":"pt-BR","@id":"https:\/\/marcelolopes.jor.br\/site\/#\/schema\/logo\/image\/","url":"https:\/\/marcelolopes.jor.br\/site\/wp-content\/uploads\/2024\/11\/logo-1.png","contentUrl":"https:\/\/marcelolopes.jor.br\/site\/wp-content\/uploads\/2024\/11\/logo-1.png","width":475,"height":80,"caption":"Site do Marcelo Lopes"},"image":{"@id":"https:\/\/marcelolopes.jor.br\/site\/#\/schema\/logo\/image\/"},"sameAs":["https:\/\/www.facebook.com\/sitedomarcelolopes","https:\/\/www.instagram.com\/sitedomarcelolopes\/","https:\/\/www.linkedin.com\/company\/site-do-marcelo-lopes\/","https:\/\/www.youtube.com\/user\/marcelolopes957"]},{"@type":"Person","@id":"https:\/\/marcelolopes.jor.br\/site\/#\/schema\/person\/3e7216a35c34d8fdf952b31da3d1f89f","name":"Marcelo Lopes","sameAs":["http:\/\/www.marcelolopes.jor.br"],"url":"https:\/\/marcelolopes.jor.br\/site\/author\/marcelo\/"}]}},"wps_subtitle":"O calor\u00e3o acabou e n\u00e3o deve retornar na mesma intensidade nos pr\u00f3ximos dias.","_links":{"self":[{"href":"https:\/\/marcelolopes.jor.br\/site\/wp-json\/wp\/v2\/posts\/18127","targetHints":{"allow":["GET"]}}],"collection":[{"href":"https:\/\/marcelolopes.jor.br\/site\/wp-json\/wp\/v2\/posts"}],"about":[{"href":"https:\/\/marcelolopes.jor.br\/site\/wp-json\/wp\/v2\/types\/post"}],"author":[{"embeddable":true,"href":"https:\/\/marcelolopes.jor.br\/site\/wp-json\/wp\/v2\/users\/2"}],"replies":[{"embeddable":true,"href":"https:\/\/marcelolopes.jor.br\/site\/wp-json\/wp\/v2\/comments?post=18127"}],"version-history":[{"count":0,"href":"https:\/\/marcelolopes.jor.br\/site\/wp-json\/wp\/v2\/posts\/18127\/revisions"}],"wp:featuredmedia":[{"embeddable":true,"href":"https:\/\/marcelolopes.jor.br\/site\/wp-json\/wp\/v2\/media\/10234"}],"wp:attachment":[{"href":"https:\/\/marcelolopes.jor.br\/site\/wp-json\/wp\/v2\/media?parent=18127"}],"wp:term":[{"taxonomy":"category","embeddable":true,"href":"https:\/\/marcelolopes.jor.br\/site\/wp-json\/wp\/v2\/categories?post=18127"},{"taxonomy":"post_tag","embeddable":true,"href":"https:\/\/marcelolopes.jor.br\/site\/wp-json\/wp\/v2\/tags?post=18127"}],"curies":[{"name":"wp","href":"https:\/\/api.w.org\/{rel}","templated":true}]}}