{"id":18100,"date":"2020-10-12T19:00:42","date_gmt":"2020-10-12T22:00:42","guid":{"rendered":"https:\/\/marcelolopes.jor.br\/?p=18100"},"modified":"2020-10-12T12:15:59","modified_gmt":"2020-10-12T15:15:59","slug":"clube-do-remo-comemora-com-drive-thru-seus-93-anos-de-fundacao","status":"publish","type":"post","link":"https:\/\/marcelolopes.jor.br\/site\/2020\/10\/12\/clube-do-remo-comemora-com-drive-thru-seus-93-anos-de-fundacao\/","title":{"rendered":"Clube do Remo comemora com Drive Thru seus 93 anos de funda\u00e7\u00e3o"},"content":{"rendered":"<p style=\"text-align: justify;\">O Clube do Remo est\u00e1 comemorando nesta segunda-feira, 12 de outubro, 93 anos de funda\u00e7\u00e3o. Em tempos de pandemia, a festa foi bem original e divertida, com distribui\u00e7\u00e3o de sacolinhas de guloseimas para as crian\u00e7as em um in\u00e9dito Drive Thru. Com a fachada do clube toda decorada e a participa\u00e7\u00e3o do Grupo Pera, a anima\u00e7\u00e3o s\u00f3 terminou depois do meio dia, quando foi encerrada a atividade.<!--more--><\/p>\n<p style=\"text-align: justify;\">Para a presidente do Clube, Adriane Leal Lopes Amorim, a iniciativa foi a &#8220;maneira que encontramos de comemorar o anivers\u00e1rio do Remo neste per\u00edodo de pandemia. E deu muito certo porque a participa\u00e7\u00e3o dos associados foi maci\u00e7a&#8221;, afirmou. Ela tamb\u00e9m disse que o Clube est\u00e1 voltando &#8220;aos poucos&#8221; com suas atividades e que est\u00e1 otimista de que em pouco tempo tudo estar\u00e1 funcionando normalmente e de acordo com as normas sanit\u00e1rias em vigor.<\/p>\n<p style=\"text-align: justify;\">De manh\u00e3 a reportagem do Site do Marcelo Lopes acompanhou um pouco como foi o Drive Thru que levou muita gente a passar de carro em frente ao clube. Veja o v\u00eddeo abaixo e fotos do evento.<\/p>\n<div id=\"fb-root\"><\/div>\n<p><script async=\"1\" defer=\"1\" crossorigin=\"anonymous\" src=\"https:\/\/connect.facebook.net\/en_GB\/sdk.js#xfbml=1&amp;version=v8.0\" nonce=\"8wQXgMa0\"><\/script><\/p>\n<div class=\"fb-video\" data-href=\"https:\/\/www.facebook.com\/sitedomarcelolopes\/videos\/701447390458757\" data-width=\"880\">\n<blockquote cite=\"https:\/\/www.facebook.com\/sitedomarcelolopes\/videos\/701447390458757\/\" class=\"fb-xfbml-parse-ignore\"><p><a href=\"https:\/\/www.facebook.com\/sitedomarcelolopes\/videos\/701447390458757\/\">Aniver\u00e1rio do Clube do Remo com Drive Thru<\/a><\/p>\n<p>O Clube do Remo est\u00e1 comemorando 93 anos de atividades em Cataguases. E a data est\u00e1 sendo festejada em grande estilo, com um animado Drive Thru na porta do Clube. As crian\u00e7as chegam de carro e s\u00e3o recebidas pelo Grupo Pera e ganham uma sacolinha com guloseimas. Se voc\u00ea \u00e9 s\u00f3cio do Remo, participe deste evento in\u00e9dito. Veja o video abaixo.<\/p>\n<p>Posted by <a href=\"https:\/\/www.facebook.com\/sitedomarcelolopes\/\">Site do Marcelo Lopes<\/a> on Monday, 12 October 2020<\/p><\/blockquote>\n<\/div>\n<p><img loading=\"lazy\" decoding=\"async\" class=\"aligncenter wp-image-18103\" src=\"https:\/\/marcelolopes.jor.br\/site\/wp-content\/uploads\/2020\/10\/IMG_5140.jpeg\" alt=\"\" width=\"600\" height=\"338\" srcset=\"https:\/\/marcelolopes.jor.br\/site\/wp-content\/uploads\/2020\/10\/IMG_5140.jpeg 800w, https:\/\/marcelolopes.jor.br\/site\/wp-content\/uploads\/2020\/10\/IMG_5140-300x169.jpeg 300w, https:\/\/marcelolopes.jor.br\/site\/wp-content\/uploads\/2020\/10\/IMG_5140-768x432.jpeg 768w\" sizes=\"auto, (max-width: 600px) 100vw, 600px\" \/><\/p>\n<p><img loading=\"lazy\" decoding=\"async\" class=\"aligncenter wp-image-18104\" src=\"https:\/\/marcelolopes.jor.br\/site\/wp-content\/uploads\/2020\/10\/IMG_5151.jpeg\" alt=\"\" width=\"600\" height=\"338\" srcset=\"https:\/\/marcelolopes.jor.br\/site\/wp-content\/uploads\/2020\/10\/IMG_5151.jpeg 800w, https:\/\/marcelolopes.jor.br\/site\/wp-content\/uploads\/2020\/10\/IMG_5151-300x169.jpeg 300w, https:\/\/marcelolopes.jor.br\/site\/wp-content\/uploads\/2020\/10\/IMG_5151-768x432.jpeg 768w\" sizes=\"auto, (max-width: 600px) 100vw, 600px\" \/><\/p>\n<p><img loading=\"lazy\" decoding=\"async\" class=\"aligncenter wp-image-18105\" src=\"https:\/\/marcelolopes.jor.br\/site\/wp-content\/uploads\/2020\/10\/IMG_5146.jpeg\" alt=\"\" width=\"600\" height=\"338\" srcset=\"https:\/\/marcelolopes.jor.br\/site\/wp-content\/uploads\/2020\/10\/IMG_5146.jpeg 800w, https:\/\/marcelolopes.jor.br\/site\/wp-content\/uploads\/2020\/10\/IMG_5146-300x169.jpeg 300w, https:\/\/marcelolopes.jor.br\/site\/wp-content\/uploads\/2020\/10\/IMG_5146-768x432.jpeg 768w\" sizes=\"auto, (max-width: 600px) 100vw, 600px\" \/><\/p>\n<p><img loading=\"lazy\" decoding=\"async\" class=\"aligncenter wp-image-18106\" src=\"https:\/\/marcelolopes.jor.br\/site\/wp-content\/uploads\/2020\/10\/IMG_5158.jpeg\" alt=\"\" width=\"600\" height=\"338\" srcset=\"https:\/\/marcelolopes.jor.br\/site\/wp-content\/uploads\/2020\/10\/IMG_5158.jpeg 800w, https:\/\/marcelolopes.jor.br\/site\/wp-content\/uploads\/2020\/10\/IMG_5158-300x169.jpeg 300w, https:\/\/marcelolopes.jor.br\/site\/wp-content\/uploads\/2020\/10\/IMG_5158-768x432.jpeg 768w\" sizes=\"auto, (max-width: 600px) 100vw, 600px\" \/> <img loading=\"lazy\" decoding=\"async\" class=\"aligncenter wp-image-18107\" src=\"https:\/\/marcelolopes.jor.br\/site\/wp-content\/uploads\/2020\/10\/IMG_5152.jpeg\" alt=\"\" width=\"600\" height=\"338\" srcset=\"https:\/\/marcelolopes.jor.br\/site\/wp-content\/uploads\/2020\/10\/IMG_5152.jpeg 800w, https:\/\/marcelolopes.jor.br\/site\/wp-content\/uploads\/2020\/10\/IMG_5152-300x169.jpeg 300w, https:\/\/marcelolopes.jor.br\/site\/wp-content\/uploads\/2020\/10\/IMG_5152-768x432.jpeg 768w\" sizes=\"auto, (max-width: 600px) 100vw, 600px\" \/><\/p>\n<div class=\"pjaac69f75bf8495e7\" ><br><\/div><style type=\"text\/css\">\r\n@media screen and (min-width: 1201px) {\r\n.pjaac69f75bf8495e7 {\r\ndisplay: block;\r\n}\r\n}\r\n@media screen and (min-width: 993px) and (max-width: 1200px) {\r\n.pjaac69f75bf8495e7 {\r\ndisplay: block;\r\n}\r\n}\r\n@media screen and (min-width: 769px) and (max-width: 992px) {\r\n.pjaac69f75bf8495e7 {\r\ndisplay: block;\r\n}\r\n}\r\n@media screen and (min-width: 768px) and (max-width: 768px) {\r\n.pjaac69f75bf8495e7 {\r\ndisplay: block;\r\n}\r\n}\r\n@media screen and (max-width: 767px) {\r\n.pjaac69f75bf8495e7 {\r\ndisplay: block;\r\n}\r\n}\r\n<\/style>\r\n<div class=\"mipca69f75bf84fe1e\" ><div id=\"div_destino\"><\/div>\r\n<script src=\"https:\/\/cdn.snsrsv.com\/sdk.js\"><\/script>\r\n<script >\r\n      new sdk(\"464030C30061EA8BE065000000000001\") \r\n          .appendTo(\"div_destino\")\r\n          .disableStyle(true) \r\n          .setCacheBusterMacro(\"%%CACHEBUSTER%%\")\r\n          .setSize(\"800\",\"214\")\r\n          .setClickMacro(\"%%CLICK_URL_ESC%%\") \r\n          .setReferrerUrlMacro(\"%%REFERRER_URL_ESC%%\") \r\n          .start(); \r\n<\/script><\/div><style type=\"text\/css\">\r\n@media screen and (min-width: 1201px) {\r\n.mipca69f75bf84fe1e {\r\ndisplay: block;\r\n}\r\n}\r\n@media screen and (min-width: 993px) and (max-width: 1200px) {\r\n.mipca69f75bf84fe1e {\r\ndisplay: block;\r\n}\r\n}\r\n@media screen and (min-width: 769px) and (max-width: 992px) {\r\n.mipca69f75bf84fe1e {\r\ndisplay: block;\r\n}\r\n}\r\n@media screen and (min-width: 768px) and (max-width: 768px) {\r\n.mipca69f75bf84fe1e {\r\ndisplay: block;\r\n}\r\n}\r\n@media screen and (max-width: 767px) {\r\n.mipca69f75bf84fe1e {\r\ndisplay: block;\r\n}\r\n}\r\n<\/style>\r\n","protected":false},"excerpt":{"rendered":"<p>O Clube do Remo est\u00e1 comemorando nesta segunda-feira, 12 de outubro, 93 anos de funda\u00e7\u00e3o. Em tempos de pandemia, a festa foi bem original e divertida, com distribui\u00e7\u00e3o de sacolinhas de guloseimas para as crian\u00e7as em um in\u00e9dito Drive Thru.<\/p>\n<p class=\"link-more\"><a class=\"more-link\" href=\"https:\/\/marcelolopes.jor.br\/site\/2020\/10\/12\/clube-do-remo-comemora-com-drive-thru-seus-93-anos-de-fundacao\/\">Leia mais <span class=\"screen-reader-text\">Clube do Remo comemora com Drive Thru seus 93 anos de funda\u00e7\u00e3o<\/span><\/a><\/p>\n","protected":false},"author":2,"featured_media":18102,"comment_status":"open","ping_status":"open","sticky":false,"template":"","format":"standard","meta":{"footnotes":""},"categories":[1],"tags":[692,332,2447,3100],"class_list":["post-18100","post","type-post","status-publish","format-standard","has-post-thumbnail","hentry","category-noticias","tag-aniversario","tag-clube-do-remo","tag-drive-thru","tag-grupo-pera","thumb-below-title"],"yoast_head":"<!-- This site is optimized with the Yoast SEO plugin v27.4 - https:\/\/yoast.com\/product\/yoast-seo-wordpress\/ -->\n<title>Clube do Remo comemora com Drive Thru seus 93 anos de funda\u00e7\u00e3o | Marcelo Lopes<\/title>\n<meta name=\"robots\" content=\"index, follow, max-snippet:-1, max-image-preview:large, max-video-preview:-1\" \/>\n<link rel=\"canonical\" href=\"https:\/\/marcelolopes.jor.br\/site\/2020\/10\/12\/clube-do-remo-comemora-com-drive-thru-seus-93-anos-de-fundacao\/\" \/>\n<meta property=\"og:locale\" content=\"pt_BR\" \/>\n<meta property=\"og:type\" content=\"article\" \/>\n<meta property=\"og:title\" content=\"Clube do Remo comemora com Drive Thru seus 93 anos de funda\u00e7\u00e3o | Marcelo Lopes\" \/>\n<meta property=\"og:description\" content=\"O Clube do Remo est\u00e1 comemorando nesta segunda-feira, 12 de outubro, 93 anos de funda\u00e7\u00e3o. Em tempos de pandemia, a festa foi bem original e divertida, com distribui\u00e7\u00e3o de sacolinhas de guloseimas para as crian\u00e7as em um in\u00e9dito Drive Thru.Leia mais Clube do Remo comemora com Drive Thru seus 93 anos de funda\u00e7\u00e3o\" \/>\n<meta property=\"og:url\" content=\"https:\/\/marcelolopes.jor.br\/site\/2020\/10\/12\/clube-do-remo-comemora-com-drive-thru-seus-93-anos-de-fundacao\/\" \/>\n<meta property=\"og:site_name\" content=\"Marcelo Lopes\" \/>\n<meta property=\"article:publisher\" content=\"https:\/\/www.facebook.com\/sitedomarcelolopes\" \/>\n<meta property=\"article:published_time\" content=\"2020-10-12T22:00:42+00:00\" \/>\n<meta property=\"og:image\" content=\"https:\/\/marcelolopes.jor.br\/site\/wp-content\/uploads\/2020\/10\/IMG_5154.jpeg\" \/>\n\t<meta property=\"og:image:width\" content=\"800\" \/>\n\t<meta property=\"og:image:height\" content=\"450\" \/>\n\t<meta property=\"og:image:type\" content=\"image\/jpeg\" \/>\n<meta name=\"author\" content=\"Marcelo Lopes\" \/>\n<meta name=\"twitter:card\" content=\"summary_large_image\" \/>\n<meta name=\"twitter:label1\" content=\"Escrito por\" \/>\n\t<meta name=\"twitter:data1\" content=\"Marcelo Lopes\" \/>\n\t<meta name=\"twitter:label2\" content=\"Est. tempo de leitura\" \/>\n\t<meta name=\"twitter:data2\" content=\"1 minuto\" \/>\n<script type=\"application\/ld+json\" class=\"yoast-schema-graph\">{\"@context\":\"https:\\\/\\\/schema.org\",\"@graph\":[{\"@type\":\"NewsArticle\",\"@id\":\"https:\\\/\\\/marcelolopes.jor.br\\\/site\\\/2020\\\/10\\\/12\\\/clube-do-remo-comemora-com-drive-thru-seus-93-anos-de-fundacao\\\/#article\",\"isPartOf\":{\"@id\":\"https:\\\/\\\/marcelolopes.jor.br\\\/site\\\/2020\\\/10\\\/12\\\/clube-do-remo-comemora-com-drive-thru-seus-93-anos-de-fundacao\\\/\"},\"author\":{\"name\":\"Marcelo Lopes\",\"@id\":\"https:\\\/\\\/marcelolopes.jor.br\\\/site\\\/#\\\/schema\\\/person\\\/3e7216a35c34d8fdf952b31da3d1f89f\"},\"headline\":\"Clube do Remo comemora com Drive Thru seus 93 anos de funda\u00e7\u00e3o\",\"datePublished\":\"2020-10-12T22:00:42+00:00\",\"mainEntityOfPage\":{\"@id\":\"https:\\\/\\\/marcelolopes.jor.br\\\/site\\\/2020\\\/10\\\/12\\\/clube-do-remo-comemora-com-drive-thru-seus-93-anos-de-fundacao\\\/\"},\"wordCount\":205,\"commentCount\":0,\"publisher\":{\"@id\":\"https:\\\/\\\/marcelolopes.jor.br\\\/site\\\/#organization\"},\"image\":{\"@id\":\"https:\\\/\\\/marcelolopes.jor.br\\\/site\\\/2020\\\/10\\\/12\\\/clube-do-remo-comemora-com-drive-thru-seus-93-anos-de-fundacao\\\/#primaryimage\"},\"thumbnailUrl\":\"https:\\\/\\\/marcelolopes.jor.br\\\/site\\\/wp-content\\\/uploads\\\/2020\\\/10\\\/IMG_5154.jpeg\",\"keywords\":[\"anivers\u00e1rio\",\"Clube do Remo\",\"drive thru\",\"Grupo Pera\"],\"articleSection\":[\"Not\u00edcias\"],\"inLanguage\":\"pt-BR\",\"potentialAction\":[{\"@type\":\"CommentAction\",\"name\":\"Comment\",\"target\":[\"https:\\\/\\\/marcelolopes.jor.br\\\/site\\\/2020\\\/10\\\/12\\\/clube-do-remo-comemora-com-drive-thru-seus-93-anos-de-fundacao\\\/#respond\"]}]},{\"@type\":\"WebPage\",\"@id\":\"https:\\\/\\\/marcelolopes.jor.br\\\/site\\\/2020\\\/10\\\/12\\\/clube-do-remo-comemora-com-drive-thru-seus-93-anos-de-fundacao\\\/\",\"url\":\"https:\\\/\\\/marcelolopes.jor.br\\\/site\\\/2020\\\/10\\\/12\\\/clube-do-remo-comemora-com-drive-thru-seus-93-anos-de-fundacao\\\/\",\"name\":\"Clube do Remo comemora com Drive Thru seus 93 anos de funda\u00e7\u00e3o | Marcelo Lopes\",\"isPartOf\":{\"@id\":\"https:\\\/\\\/marcelolopes.jor.br\\\/site\\\/#website\"},\"primaryImageOfPage\":{\"@id\":\"https:\\\/\\\/marcelolopes.jor.br\\\/site\\\/2020\\\/10\\\/12\\\/clube-do-remo-comemora-com-drive-thru-seus-93-anos-de-fundacao\\\/#primaryimage\"},\"image\":{\"@id\":\"https:\\\/\\\/marcelolopes.jor.br\\\/site\\\/2020\\\/10\\\/12\\\/clube-do-remo-comemora-com-drive-thru-seus-93-anos-de-fundacao\\\/#primaryimage\"},\"thumbnailUrl\":\"https:\\\/\\\/marcelolopes.jor.br\\\/site\\\/wp-content\\\/uploads\\\/2020\\\/10\\\/IMG_5154.jpeg\",\"datePublished\":\"2020-10-12T22:00:42+00:00\",\"breadcrumb\":{\"@id\":\"https:\\\/\\\/marcelolopes.jor.br\\\/site\\\/2020\\\/10\\\/12\\\/clube-do-remo-comemora-com-drive-thru-seus-93-anos-de-fundacao\\\/#breadcrumb\"},\"inLanguage\":\"pt-BR\",\"potentialAction\":[{\"@type\":\"ReadAction\",\"target\":[\"https:\\\/\\\/marcelolopes.jor.br\\\/site\\\/2020\\\/10\\\/12\\\/clube-do-remo-comemora-com-drive-thru-seus-93-anos-de-fundacao\\\/\"]}]},{\"@type\":\"ImageObject\",\"inLanguage\":\"pt-BR\",\"@id\":\"https:\\\/\\\/marcelolopes.jor.br\\\/site\\\/2020\\\/10\\\/12\\\/clube-do-remo-comemora-com-drive-thru-seus-93-anos-de-fundacao\\\/#primaryimage\",\"url\":\"https:\\\/\\\/marcelolopes.jor.br\\\/site\\\/wp-content\\\/uploads\\\/2020\\\/10\\\/IMG_5154.jpeg\",\"contentUrl\":\"https:\\\/\\\/marcelolopes.jor.br\\\/site\\\/wp-content\\\/uploads\\\/2020\\\/10\\\/IMG_5154.jpeg\",\"width\":800,\"height\":450},{\"@type\":\"BreadcrumbList\",\"@id\":\"https:\\\/\\\/marcelolopes.jor.br\\\/site\\\/2020\\\/10\\\/12\\\/clube-do-remo-comemora-com-drive-thru-seus-93-anos-de-fundacao\\\/#breadcrumb\",\"itemListElement\":[{\"@type\":\"ListItem\",\"position\":1,\"name\":\"Home\",\"item\":\"https:\\\/\\\/marcelolopes.jor.br\\\/site\\\/\"},{\"@type\":\"ListItem\",\"position\":2,\"name\":\"Clube do Remo comemora com Drive Thru seus 93 anos de funda\u00e7\u00e3o\"}]},{\"@type\":\"WebSite\",\"@id\":\"https:\\\/\\\/marcelolopes.jor.br\\\/site\\\/#website\",\"url\":\"https:\\\/\\\/marcelolopes.jor.br\\\/site\\\/\",\"name\":\"Marcelo Lopes\",\"description\":\"Not\u00edcias de Cataguases e Regi\u00e3o\",\"publisher\":{\"@id\":\"https:\\\/\\\/marcelolopes.jor.br\\\/site\\\/#organization\"},\"potentialAction\":[{\"@type\":\"SearchAction\",\"target\":{\"@type\":\"EntryPoint\",\"urlTemplate\":\"https:\\\/\\\/marcelolopes.jor.br\\\/site\\\/?s={search_term_string}\"},\"query-input\":{\"@type\":\"PropertyValueSpecification\",\"valueRequired\":true,\"valueName\":\"search_term_string\"}}],\"inLanguage\":\"pt-BR\"},{\"@type\":\"Organization\",\"@id\":\"https:\\\/\\\/marcelolopes.jor.br\\\/site\\\/#organization\",\"name\":\"Site do Marcelo Lopes\",\"url\":\"https:\\\/\\\/marcelolopes.jor.br\\\/site\\\/\",\"logo\":{\"@type\":\"ImageObject\",\"inLanguage\":\"pt-BR\",\"@id\":\"https:\\\/\\\/marcelolopes.jor.br\\\/site\\\/#\\\/schema\\\/logo\\\/image\\\/\",\"url\":\"https:\\\/\\\/marcelolopes.jor.br\\\/site\\\/wp-content\\\/uploads\\\/2024\\\/11\\\/logo-1.png\",\"contentUrl\":\"https:\\\/\\\/marcelolopes.jor.br\\\/site\\\/wp-content\\\/uploads\\\/2024\\\/11\\\/logo-1.png\",\"width\":475,\"height\":80,\"caption\":\"Site do Marcelo Lopes\"},\"image\":{\"@id\":\"https:\\\/\\\/marcelolopes.jor.br\\\/site\\\/#\\\/schema\\\/logo\\\/image\\\/\"},\"sameAs\":[\"https:\\\/\\\/www.facebook.com\\\/sitedomarcelolopes\",\"https:\\\/\\\/www.instagram.com\\\/sitedomarcelolopes\\\/\",\"https:\\\/\\\/www.linkedin.com\\\/company\\\/site-do-marcelo-lopes\\\/\",\"https:\\\/\\\/www.youtube.com\\\/user\\\/marcelolopes957\"]},{\"@type\":\"Person\",\"@id\":\"https:\\\/\\\/marcelolopes.jor.br\\\/site\\\/#\\\/schema\\\/person\\\/3e7216a35c34d8fdf952b31da3d1f89f\",\"name\":\"Marcelo Lopes\",\"sameAs\":[\"http:\\\/\\\/www.marcelolopes.jor.br\"],\"url\":\"https:\\\/\\\/marcelolopes.jor.br\\\/site\\\/author\\\/marcelo\\\/\"}]}<\/script>\n<!-- \/ Yoast SEO plugin. -->","yoast_head_json":{"title":"Clube do Remo comemora com Drive Thru seus 93 anos de funda\u00e7\u00e3o | Marcelo Lopes","robots":{"index":"index","follow":"follow","max-snippet":"max-snippet:-1","max-image-preview":"max-image-preview:large","max-video-preview":"max-video-preview:-1"},"canonical":"https:\/\/marcelolopes.jor.br\/site\/2020\/10\/12\/clube-do-remo-comemora-com-drive-thru-seus-93-anos-de-fundacao\/","og_locale":"pt_BR","og_type":"article","og_title":"Clube do Remo comemora com Drive Thru seus 93 anos de funda\u00e7\u00e3o | Marcelo Lopes","og_description":"O Clube do Remo est\u00e1 comemorando nesta segunda-feira, 12 de outubro, 93 anos de funda\u00e7\u00e3o. Em tempos de pandemia, a festa foi bem original e divertida, com distribui\u00e7\u00e3o de sacolinhas de guloseimas para as crian\u00e7as em um in\u00e9dito Drive Thru.Leia mais Clube do Remo comemora com Drive Thru seus 93 anos de funda\u00e7\u00e3o","og_url":"https:\/\/marcelolopes.jor.br\/site\/2020\/10\/12\/clube-do-remo-comemora-com-drive-thru-seus-93-anos-de-fundacao\/","og_site_name":"Marcelo Lopes","article_publisher":"https:\/\/www.facebook.com\/sitedomarcelolopes","article_published_time":"2020-10-12T22:00:42+00:00","og_image":[{"width":800,"height":450,"url":"https:\/\/marcelolopes.jor.br\/site\/wp-content\/uploads\/2020\/10\/IMG_5154.jpeg","type":"image\/jpeg"}],"author":"Marcelo Lopes","twitter_card":"summary_large_image","twitter_misc":{"Escrito por":"Marcelo Lopes","Est. tempo de leitura":"1 minuto"},"schema":{"@context":"https:\/\/schema.org","@graph":[{"@type":"NewsArticle","@id":"https:\/\/marcelolopes.jor.br\/site\/2020\/10\/12\/clube-do-remo-comemora-com-drive-thru-seus-93-anos-de-fundacao\/#article","isPartOf":{"@id":"https:\/\/marcelolopes.jor.br\/site\/2020\/10\/12\/clube-do-remo-comemora-com-drive-thru-seus-93-anos-de-fundacao\/"},"author":{"name":"Marcelo Lopes","@id":"https:\/\/marcelolopes.jor.br\/site\/#\/schema\/person\/3e7216a35c34d8fdf952b31da3d1f89f"},"headline":"Clube do Remo comemora com Drive Thru seus 93 anos de funda\u00e7\u00e3o","datePublished":"2020-10-12T22:00:42+00:00","mainEntityOfPage":{"@id":"https:\/\/marcelolopes.jor.br\/site\/2020\/10\/12\/clube-do-remo-comemora-com-drive-thru-seus-93-anos-de-fundacao\/"},"wordCount":205,"commentCount":0,"publisher":{"@id":"https:\/\/marcelolopes.jor.br\/site\/#organization"},"image":{"@id":"https:\/\/marcelolopes.jor.br\/site\/2020\/10\/12\/clube-do-remo-comemora-com-drive-thru-seus-93-anos-de-fundacao\/#primaryimage"},"thumbnailUrl":"https:\/\/marcelolopes.jor.br\/site\/wp-content\/uploads\/2020\/10\/IMG_5154.jpeg","keywords":["anivers\u00e1rio","Clube do Remo","drive thru","Grupo Pera"],"articleSection":["Not\u00edcias"],"inLanguage":"pt-BR","potentialAction":[{"@type":"CommentAction","name":"Comment","target":["https:\/\/marcelolopes.jor.br\/site\/2020\/10\/12\/clube-do-remo-comemora-com-drive-thru-seus-93-anos-de-fundacao\/#respond"]}]},{"@type":"WebPage","@id":"https:\/\/marcelolopes.jor.br\/site\/2020\/10\/12\/clube-do-remo-comemora-com-drive-thru-seus-93-anos-de-fundacao\/","url":"https:\/\/marcelolopes.jor.br\/site\/2020\/10\/12\/clube-do-remo-comemora-com-drive-thru-seus-93-anos-de-fundacao\/","name":"Clube do Remo comemora com Drive Thru seus 93 anos de funda\u00e7\u00e3o | Marcelo Lopes","isPartOf":{"@id":"https:\/\/marcelolopes.jor.br\/site\/#website"},"primaryImageOfPage":{"@id":"https:\/\/marcelolopes.jor.br\/site\/2020\/10\/12\/clube-do-remo-comemora-com-drive-thru-seus-93-anos-de-fundacao\/#primaryimage"},"image":{"@id":"https:\/\/marcelolopes.jor.br\/site\/2020\/10\/12\/clube-do-remo-comemora-com-drive-thru-seus-93-anos-de-fundacao\/#primaryimage"},"thumbnailUrl":"https:\/\/marcelolopes.jor.br\/site\/wp-content\/uploads\/2020\/10\/IMG_5154.jpeg","datePublished":"2020-10-12T22:00:42+00:00","breadcrumb":{"@id":"https:\/\/marcelolopes.jor.br\/site\/2020\/10\/12\/clube-do-remo-comemora-com-drive-thru-seus-93-anos-de-fundacao\/#breadcrumb"},"inLanguage":"pt-BR","potentialAction":[{"@type":"ReadAction","target":["https:\/\/marcelolopes.jor.br\/site\/2020\/10\/12\/clube-do-remo-comemora-com-drive-thru-seus-93-anos-de-fundacao\/"]}]},{"@type":"ImageObject","inLanguage":"pt-BR","@id":"https:\/\/marcelolopes.jor.br\/site\/2020\/10\/12\/clube-do-remo-comemora-com-drive-thru-seus-93-anos-de-fundacao\/#primaryimage","url":"https:\/\/marcelolopes.jor.br\/site\/wp-content\/uploads\/2020\/10\/IMG_5154.jpeg","contentUrl":"https:\/\/marcelolopes.jor.br\/site\/wp-content\/uploads\/2020\/10\/IMG_5154.jpeg","width":800,"height":450},{"@type":"BreadcrumbList","@id":"https:\/\/marcelolopes.jor.br\/site\/2020\/10\/12\/clube-do-remo-comemora-com-drive-thru-seus-93-anos-de-fundacao\/#breadcrumb","itemListElement":[{"@type":"ListItem","position":1,"name":"Home","item":"https:\/\/marcelolopes.jor.br\/site\/"},{"@type":"ListItem","position":2,"name":"Clube do Remo comemora com Drive Thru seus 93 anos de funda\u00e7\u00e3o"}]},{"@type":"WebSite","@id":"https:\/\/marcelolopes.jor.br\/site\/#website","url":"https:\/\/marcelolopes.jor.br\/site\/","name":"Marcelo Lopes","description":"Not\u00edcias de Cataguases e Regi\u00e3o","publisher":{"@id":"https:\/\/marcelolopes.jor.br\/site\/#organization"},"potentialAction":[{"@type":"SearchAction","target":{"@type":"EntryPoint","urlTemplate":"https:\/\/marcelolopes.jor.br\/site\/?s={search_term_string}"},"query-input":{"@type":"PropertyValueSpecification","valueRequired":true,"valueName":"search_term_string"}}],"inLanguage":"pt-BR"},{"@type":"Organization","@id":"https:\/\/marcelolopes.jor.br\/site\/#organization","name":"Site do Marcelo Lopes","url":"https:\/\/marcelolopes.jor.br\/site\/","logo":{"@type":"ImageObject","inLanguage":"pt-BR","@id":"https:\/\/marcelolopes.jor.br\/site\/#\/schema\/logo\/image\/","url":"https:\/\/marcelolopes.jor.br\/site\/wp-content\/uploads\/2024\/11\/logo-1.png","contentUrl":"https:\/\/marcelolopes.jor.br\/site\/wp-content\/uploads\/2024\/11\/logo-1.png","width":475,"height":80,"caption":"Site do Marcelo Lopes"},"image":{"@id":"https:\/\/marcelolopes.jor.br\/site\/#\/schema\/logo\/image\/"},"sameAs":["https:\/\/www.facebook.com\/sitedomarcelolopes","https:\/\/www.instagram.com\/sitedomarcelolopes\/","https:\/\/www.linkedin.com\/company\/site-do-marcelo-lopes\/","https:\/\/www.youtube.com\/user\/marcelolopes957"]},{"@type":"Person","@id":"https:\/\/marcelolopes.jor.br\/site\/#\/schema\/person\/3e7216a35c34d8fdf952b31da3d1f89f","name":"Marcelo Lopes","sameAs":["http:\/\/www.marcelolopes.jor.br"],"url":"https:\/\/marcelolopes.jor.br\/site\/author\/marcelo\/"}]}},"wps_subtitle":"A iniciativa levou muitos associados a passarem pela porta do clube.","_links":{"self":[{"href":"https:\/\/marcelolopes.jor.br\/site\/wp-json\/wp\/v2\/posts\/18100","targetHints":{"allow":["GET"]}}],"collection":[{"href":"https:\/\/marcelolopes.jor.br\/site\/wp-json\/wp\/v2\/posts"}],"about":[{"href":"https:\/\/marcelolopes.jor.br\/site\/wp-json\/wp\/v2\/types\/post"}],"author":[{"embeddable":true,"href":"https:\/\/marcelolopes.jor.br\/site\/wp-json\/wp\/v2\/users\/2"}],"replies":[{"embeddable":true,"href":"https:\/\/marcelolopes.jor.br\/site\/wp-json\/wp\/v2\/comments?post=18100"}],"version-history":[{"count":0,"href":"https:\/\/marcelolopes.jor.br\/site\/wp-json\/wp\/v2\/posts\/18100\/revisions"}],"wp:featuredmedia":[{"embeddable":true,"href":"https:\/\/marcelolopes.jor.br\/site\/wp-json\/wp\/v2\/media\/18102"}],"wp:attachment":[{"href":"https:\/\/marcelolopes.jor.br\/site\/wp-json\/wp\/v2\/media?parent=18100"}],"wp:term":[{"taxonomy":"category","embeddable":true,"href":"https:\/\/marcelolopes.jor.br\/site\/wp-json\/wp\/v2\/categories?post=18100"},{"taxonomy":"post_tag","embeddable":true,"href":"https:\/\/marcelolopes.jor.br\/site\/wp-json\/wp\/v2\/tags?post=18100"}],"curies":[{"name":"wp","href":"https:\/\/api.w.org\/{rel}","templated":true}]}}