{"id":17973,"date":"2020-10-07T16:00:49","date_gmt":"2020-10-07T19:00:49","guid":{"rendered":"https:\/\/marcelolopes.jor.br\/?p=17973"},"modified":"2020-10-07T16:16:17","modified_gmt":"2020-10-07T19:16:17","slug":"cba-abre-inscricoes-para-o-programa-de-estagio-2021","status":"publish","type":"post","link":"https:\/\/marcelolopes.jor.br\/site\/2020\/10\/07\/cba-abre-inscricoes-para-o-programa-de-estagio-2021\/","title":{"rendered":"CBA abre inscri\u00e7\u00f5es para o Programa de Est\u00e1gio 2021"},"content":{"rendered":"<p style=\"text-align: justify;\">A CBA inicia nesta semana as inscri\u00e7\u00f5es para o seu Programa de Est\u00e1gio 2021. Jovens talentos de qualquer curso de ensino superior poder\u00e3o se candidatar at\u00e9 19 de outubro na plataforma de recrutamento da empresa (cba.gupy.io). A Companhia oferece 105 vagas para atuar em diversas Unidades, incluindo os escrit\u00f3rios em S\u00e3o Paulo e Sorocaba (SP), as f\u00e1bricas em Alum\u00ednio (SP) e Itapissuma (PE) e, ainda, as Unidades de minera\u00e7\u00e3o em Mira\u00ed (MG) e Po\u00e7os de Caldas (MG). O programa tem dura\u00e7\u00e3o de um ano, com possibilidade de prorroga\u00e7\u00e3o. Os aprovados come\u00e7am a atuar em mar\u00e7o de 2021 \u2013 em algumas Unidades, o in\u00edcio pode ser antecipado para janeiro e\/ou fevereiro.<!--more--><\/p>\n<p style=\"text-align: justify;\">\u201cAno ap\u00f3s ano, buscamos oferecer meios e ferramentas para que as condi\u00e7\u00f5es de ingresso e desenvolvimento pessoal sejam justas e igualit\u00e1rias para todos e todas. Queremos atrair talentos dos mais diferentes perfis que tragam diversidade de perspectivas e que desejem entrar numa empresa que tem como prop\u00f3sito transformar o dia a dia das pessoas por meio da solu\u00e7\u00e3o que produz, o alum\u00ednio. Para a pr\u00f3xima edi\u00e7\u00e3o do programa, nosso foco est\u00e1 no desenvolvimento de compet\u00eancias comportamentais e, neste sentido, ofereceremos bolsas de idiomas para os candidatos selecionados, eliminando a segunda l\u00edngua como requisito para sele\u00e7\u00e3o\u201d, destaca Lucia Garcia, Gerente de DHO (Desenvolvimento Humano e Organizacional) da CBA.<\/p>\n<p style=\"text-align: justify;\">O processo seletivo da CBA ser\u00e1 100% online. O sistema utiliza intelig\u00eancia artificial nas etapas classificat\u00f3rias, tornando a sele\u00e7\u00e3o mais \u00e1gil e assertiva. Ap\u00f3s a inscri\u00e7\u00e3o, os jovens ser\u00e3o submetidos \u00e0 etapa de avalia\u00e7\u00f5es, em que receber\u00e3o testes personalizados por meio da plataforma e ser\u00e3o identificados de acordo com os perfis de maior ader\u00eancia aos Eixos de Cultura CBA. Posteriormente, os classificados entrar\u00e3o na fase de pr\u00e9-sele\u00e7\u00e3o e ser\u00e3o entrevistados via videoconfer\u00eancia para, caso aprovados, avan\u00e7arem para as etapas de direcionamento e contrata\u00e7\u00e3o. Todas as fases seletivas e seus status podem ser visualizadas na plataforma, facilitando a din\u00e2mica de retornos e acompanhamento.<\/p>\n<p style=\"text-align: justify;\">Os candidatos aprovados passar\u00e3o por um processo de integra\u00e7\u00e3o com atividades diferenciadas. Ao longo do programa, eles participar\u00e3o de uma s\u00e9rie de Oficinas de Desenvolvimento, organizadas em tr\u00eas m\u00f3dulos, que permitir\u00e3o aos jovens compartilhar suas impress\u00f5es e entendimentos a respeito dos valores, estrat\u00e9gias e objetivos conjuntos da CBA e de todos os seus empregados e empregadas.<\/p>\n<p style=\"text-align: justify;\"><strong>Sobre a CBA<\/strong><br \/>\nDesde 1955, a Companhia Brasileira de Alum\u00ednio (CBA) produz alum\u00ednio de alta qualidade de forma integrada e sustent\u00e1vel.<br \/>\nCom capacidade instalada para produzir 100% de energia vinda de hidroel\u00e9tricas pr\u00f3prias, a CBA minera a bauxita, transforma em alum\u00ednio prim\u00e1rio (lingotes, tarugos, vergalh\u00f5es e placas) e produtos transformados (chapas, bobinas, folhas e perfis). Em estreita parceria com seus clientes, a CBA desenvolve solu\u00e7\u00f5es e servi\u00e7os para os mercados de embalagens e de transportes, conferindo mais leveza, durabilidade e uma vida melhor<\/p>\n<p style=\"text-align: justify;\">A CBA est\u00e1 bem perto de voc\u00ea. Acesse: <a href=\"http:\/\/www.cba.com.br\"><strong><span style=\"color: #800080;\">www.cba.com.br<\/span><\/strong><\/a>.<\/p>\n<p style=\"text-align: justify;\">Fonte: Ideia Comunica\u00e7\u00e3o com texto de Josiane Souza | Foto: S\u00e3o Roque Not\u00edcias<\/p>\n<div class=\"bdvdr69f72e95f1e63\" ><br><\/div><style type=\"text\/css\">\r\n@media screen and (min-width: 1201px) {\r\n.bdvdr69f72e95f1e63 {\r\ndisplay: block;\r\n}\r\n}\r\n@media screen and (min-width: 993px) and (max-width: 1200px) {\r\n.bdvdr69f72e95f1e63 {\r\ndisplay: block;\r\n}\r\n}\r\n@media screen and (min-width: 769px) and (max-width: 992px) {\r\n.bdvdr69f72e95f1e63 {\r\ndisplay: block;\r\n}\r\n}\r\n@media screen and (min-width: 768px) and (max-width: 768px) {\r\n.bdvdr69f72e95f1e63 {\r\ndisplay: block;\r\n}\r\n}\r\n@media screen and (max-width: 767px) {\r\n.bdvdr69f72e95f1e63 {\r\ndisplay: block;\r\n}\r\n}\r\n<\/style>\r\n<div class=\"upokh69f72e96036e3\" ><div id=\"div_destino\"><\/div>\r\n<script src=\"https:\/\/cdn.snsrsv.com\/sdk.js\"><\/script>\r\n<script >\r\n      new sdk(\"464030C30061EA8BE065000000000001\") \r\n          .appendTo(\"div_destino\")\r\n          .disableStyle(true) \r\n          .setCacheBusterMacro(\"%%CACHEBUSTER%%\")\r\n          .setSize(\"800\",\"214\")\r\n          .setClickMacro(\"%%CLICK_URL_ESC%%\") \r\n          .setReferrerUrlMacro(\"%%REFERRER_URL_ESC%%\") \r\n          .start(); \r\n<\/script><\/div><style type=\"text\/css\">\r\n@media screen and (min-width: 1201px) {\r\n.upokh69f72e96036e3 {\r\ndisplay: block;\r\n}\r\n}\r\n@media screen and (min-width: 993px) and (max-width: 1200px) {\r\n.upokh69f72e96036e3 {\r\ndisplay: block;\r\n}\r\n}\r\n@media screen and (min-width: 769px) and (max-width: 992px) {\r\n.upokh69f72e96036e3 {\r\ndisplay: block;\r\n}\r\n}\r\n@media screen and (min-width: 768px) and (max-width: 768px) {\r\n.upokh69f72e96036e3 {\r\ndisplay: block;\r\n}\r\n}\r\n@media screen and (max-width: 767px) {\r\n.upokh69f72e96036e3 {\r\ndisplay: block;\r\n}\r\n}\r\n<\/style>\r\n","protected":false},"excerpt":{"rendered":"<p>A CBA inicia nesta semana as inscri\u00e7\u00f5es para o seu Programa de Est\u00e1gio 2021. Jovens talentos de qualquer curso de ensino superior poder\u00e3o se candidatar at\u00e9 19 de outubro na plataforma de recrutamento da empresa (cba.gupy.io). A Companhia oferece 105<\/p>\n<p class=\"link-more\"><a class=\"more-link\" href=\"https:\/\/marcelolopes.jor.br\/site\/2020\/10\/07\/cba-abre-inscricoes-para-o-programa-de-estagio-2021\/\">Leia mais <span class=\"screen-reader-text\">CBA abre inscri\u00e7\u00f5es para o Programa de Est\u00e1gio 2021<\/span><\/a><\/p>\n","protected":false},"author":2,"featured_media":17975,"comment_status":"open","ping_status":"open","sticky":false,"template":"","format":"standard","meta":{"footnotes":""},"categories":[1],"tags":[431,402,1191,699],"class_list":["post-17973","post","type-post","status-publish","format-standard","has-post-thumbnail","hentry","category-noticias","tag-cba","tag-estagio","tag-inscricoes-abertas","tag-mineradora-cba","thumb-below-title"],"yoast_head":"<!-- This site is optimized with the Yoast SEO plugin v27.4 - https:\/\/yoast.com\/product\/yoast-seo-wordpress\/ -->\n<title>CBA abre inscri\u00e7\u00f5es para o Programa de Est\u00e1gio 2021 | Marcelo Lopes<\/title>\n<meta name=\"robots\" content=\"index, follow, max-snippet:-1, max-image-preview:large, max-video-preview:-1\" \/>\n<link rel=\"canonical\" href=\"https:\/\/marcelolopes.jor.br\/site\/2020\/10\/07\/cba-abre-inscricoes-para-o-programa-de-estagio-2021\/\" \/>\n<meta property=\"og:locale\" content=\"pt_BR\" \/>\n<meta property=\"og:type\" content=\"article\" \/>\n<meta property=\"og:title\" content=\"CBA abre inscri\u00e7\u00f5es para o Programa de Est\u00e1gio 2021 | Marcelo Lopes\" \/>\n<meta property=\"og:description\" content=\"A CBA inicia nesta semana as inscri\u00e7\u00f5es para o seu Programa de Est\u00e1gio 2021. Jovens talentos de qualquer curso de ensino superior poder\u00e3o se candidatar at\u00e9 19 de outubro na plataforma de recrutamento da empresa (cba.gupy.io). A Companhia oferece 105Leia mais CBA abre inscri\u00e7\u00f5es para o Programa de Est\u00e1gio 2021\" \/>\n<meta property=\"og:url\" content=\"https:\/\/marcelolopes.jor.br\/site\/2020\/10\/07\/cba-abre-inscricoes-para-o-programa-de-estagio-2021\/\" \/>\n<meta property=\"og:site_name\" content=\"Marcelo Lopes\" \/>\n<meta property=\"article:publisher\" content=\"https:\/\/www.facebook.com\/sitedomarcelolopes\" \/>\n<meta property=\"article:published_time\" content=\"2020-10-07T19:00:49+00:00\" \/>\n<meta property=\"article:modified_time\" content=\"2020-10-07T19:16:17+00:00\" \/>\n<meta property=\"og:image\" content=\"https:\/\/marcelolopes.jor.br\/site\/wp-content\/uploads\/2020\/10\/38349.jpg\" \/>\n\t<meta property=\"og:image:width\" content=\"800\" \/>\n\t<meta property=\"og:image:height\" content=\"525\" \/>\n\t<meta property=\"og:image:type\" content=\"image\/jpeg\" \/>\n<meta name=\"author\" content=\"Marcelo Lopes\" \/>\n<meta name=\"twitter:card\" content=\"summary_large_image\" \/>\n<meta name=\"twitter:label1\" content=\"Escrito por\" \/>\n\t<meta name=\"twitter:data1\" content=\"Marcelo Lopes\" \/>\n\t<meta name=\"twitter:label2\" content=\"Est. tempo de leitura\" \/>\n\t<meta name=\"twitter:data2\" content=\"3 minutos\" \/>\n<script type=\"application\/ld+json\" class=\"yoast-schema-graph\">{\"@context\":\"https:\\\/\\\/schema.org\",\"@graph\":[{\"@type\":\"NewsArticle\",\"@id\":\"https:\\\/\\\/marcelolopes.jor.br\\\/site\\\/2020\\\/10\\\/07\\\/cba-abre-inscricoes-para-o-programa-de-estagio-2021\\\/#article\",\"isPartOf\":{\"@id\":\"https:\\\/\\\/marcelolopes.jor.br\\\/site\\\/2020\\\/10\\\/07\\\/cba-abre-inscricoes-para-o-programa-de-estagio-2021\\\/\"},\"author\":{\"name\":\"Marcelo Lopes\",\"@id\":\"https:\\\/\\\/marcelolopes.jor.br\\\/site\\\/#\\\/schema\\\/person\\\/3e7216a35c34d8fdf952b31da3d1f89f\"},\"headline\":\"CBA abre inscri\u00e7\u00f5es para o Programa de Est\u00e1gio 2021\",\"datePublished\":\"2020-10-07T19:00:49+00:00\",\"dateModified\":\"2020-10-07T19:16:17+00:00\",\"mainEntityOfPage\":{\"@id\":\"https:\\\/\\\/marcelolopes.jor.br\\\/site\\\/2020\\\/10\\\/07\\\/cba-abre-inscricoes-para-o-programa-de-estagio-2021\\\/\"},\"wordCount\":551,\"commentCount\":0,\"publisher\":{\"@id\":\"https:\\\/\\\/marcelolopes.jor.br\\\/site\\\/#organization\"},\"image\":{\"@id\":\"https:\\\/\\\/marcelolopes.jor.br\\\/site\\\/2020\\\/10\\\/07\\\/cba-abre-inscricoes-para-o-programa-de-estagio-2021\\\/#primaryimage\"},\"thumbnailUrl\":\"https:\\\/\\\/marcelolopes.jor.br\\\/site\\\/wp-content\\\/uploads\\\/2020\\\/10\\\/38349.jpg\",\"keywords\":[\"CBA\",\"est\u00e1gio\",\"Inscri\u00e7\u00f5es abertas\",\"Mineradora CBA\"],\"articleSection\":[\"Not\u00edcias\"],\"inLanguage\":\"pt-BR\",\"potentialAction\":[{\"@type\":\"CommentAction\",\"name\":\"Comment\",\"target\":[\"https:\\\/\\\/marcelolopes.jor.br\\\/site\\\/2020\\\/10\\\/07\\\/cba-abre-inscricoes-para-o-programa-de-estagio-2021\\\/#respond\"]}]},{\"@type\":\"WebPage\",\"@id\":\"https:\\\/\\\/marcelolopes.jor.br\\\/site\\\/2020\\\/10\\\/07\\\/cba-abre-inscricoes-para-o-programa-de-estagio-2021\\\/\",\"url\":\"https:\\\/\\\/marcelolopes.jor.br\\\/site\\\/2020\\\/10\\\/07\\\/cba-abre-inscricoes-para-o-programa-de-estagio-2021\\\/\",\"name\":\"CBA abre inscri\u00e7\u00f5es para o Programa de Est\u00e1gio 2021 | Marcelo Lopes\",\"isPartOf\":{\"@id\":\"https:\\\/\\\/marcelolopes.jor.br\\\/site\\\/#website\"},\"primaryImageOfPage\":{\"@id\":\"https:\\\/\\\/marcelolopes.jor.br\\\/site\\\/2020\\\/10\\\/07\\\/cba-abre-inscricoes-para-o-programa-de-estagio-2021\\\/#primaryimage\"},\"image\":{\"@id\":\"https:\\\/\\\/marcelolopes.jor.br\\\/site\\\/2020\\\/10\\\/07\\\/cba-abre-inscricoes-para-o-programa-de-estagio-2021\\\/#primaryimage\"},\"thumbnailUrl\":\"https:\\\/\\\/marcelolopes.jor.br\\\/site\\\/wp-content\\\/uploads\\\/2020\\\/10\\\/38349.jpg\",\"datePublished\":\"2020-10-07T19:00:49+00:00\",\"dateModified\":\"2020-10-07T19:16:17+00:00\",\"breadcrumb\":{\"@id\":\"https:\\\/\\\/marcelolopes.jor.br\\\/site\\\/2020\\\/10\\\/07\\\/cba-abre-inscricoes-para-o-programa-de-estagio-2021\\\/#breadcrumb\"},\"inLanguage\":\"pt-BR\",\"potentialAction\":[{\"@type\":\"ReadAction\",\"target\":[\"https:\\\/\\\/marcelolopes.jor.br\\\/site\\\/2020\\\/10\\\/07\\\/cba-abre-inscricoes-para-o-programa-de-estagio-2021\\\/\"]}]},{\"@type\":\"ImageObject\",\"inLanguage\":\"pt-BR\",\"@id\":\"https:\\\/\\\/marcelolopes.jor.br\\\/site\\\/2020\\\/10\\\/07\\\/cba-abre-inscricoes-para-o-programa-de-estagio-2021\\\/#primaryimage\",\"url\":\"https:\\\/\\\/marcelolopes.jor.br\\\/site\\\/wp-content\\\/uploads\\\/2020\\\/10\\\/38349.jpg\",\"contentUrl\":\"https:\\\/\\\/marcelolopes.jor.br\\\/site\\\/wp-content\\\/uploads\\\/2020\\\/10\\\/38349.jpg\",\"width\":800,\"height\":525},{\"@type\":\"BreadcrumbList\",\"@id\":\"https:\\\/\\\/marcelolopes.jor.br\\\/site\\\/2020\\\/10\\\/07\\\/cba-abre-inscricoes-para-o-programa-de-estagio-2021\\\/#breadcrumb\",\"itemListElement\":[{\"@type\":\"ListItem\",\"position\":1,\"name\":\"Home\",\"item\":\"https:\\\/\\\/marcelolopes.jor.br\\\/site\\\/\"},{\"@type\":\"ListItem\",\"position\":2,\"name\":\"CBA abre inscri\u00e7\u00f5es para o Programa de Est\u00e1gio 2021\"}]},{\"@type\":\"WebSite\",\"@id\":\"https:\\\/\\\/marcelolopes.jor.br\\\/site\\\/#website\",\"url\":\"https:\\\/\\\/marcelolopes.jor.br\\\/site\\\/\",\"name\":\"Marcelo Lopes\",\"description\":\"Not\u00edcias de Cataguases e Regi\u00e3o\",\"publisher\":{\"@id\":\"https:\\\/\\\/marcelolopes.jor.br\\\/site\\\/#organization\"},\"potentialAction\":[{\"@type\":\"SearchAction\",\"target\":{\"@type\":\"EntryPoint\",\"urlTemplate\":\"https:\\\/\\\/marcelolopes.jor.br\\\/site\\\/?s={search_term_string}\"},\"query-input\":{\"@type\":\"PropertyValueSpecification\",\"valueRequired\":true,\"valueName\":\"search_term_string\"}}],\"inLanguage\":\"pt-BR\"},{\"@type\":\"Organization\",\"@id\":\"https:\\\/\\\/marcelolopes.jor.br\\\/site\\\/#organization\",\"name\":\"Site do Marcelo Lopes\",\"url\":\"https:\\\/\\\/marcelolopes.jor.br\\\/site\\\/\",\"logo\":{\"@type\":\"ImageObject\",\"inLanguage\":\"pt-BR\",\"@id\":\"https:\\\/\\\/marcelolopes.jor.br\\\/site\\\/#\\\/schema\\\/logo\\\/image\\\/\",\"url\":\"https:\\\/\\\/marcelolopes.jor.br\\\/site\\\/wp-content\\\/uploads\\\/2024\\\/11\\\/logo-1.png\",\"contentUrl\":\"https:\\\/\\\/marcelolopes.jor.br\\\/site\\\/wp-content\\\/uploads\\\/2024\\\/11\\\/logo-1.png\",\"width\":475,\"height\":80,\"caption\":\"Site do Marcelo Lopes\"},\"image\":{\"@id\":\"https:\\\/\\\/marcelolopes.jor.br\\\/site\\\/#\\\/schema\\\/logo\\\/image\\\/\"},\"sameAs\":[\"https:\\\/\\\/www.facebook.com\\\/sitedomarcelolopes\",\"https:\\\/\\\/www.instagram.com\\\/sitedomarcelolopes\\\/\",\"https:\\\/\\\/www.linkedin.com\\\/company\\\/site-do-marcelo-lopes\\\/\",\"https:\\\/\\\/www.youtube.com\\\/user\\\/marcelolopes957\"]},{\"@type\":\"Person\",\"@id\":\"https:\\\/\\\/marcelolopes.jor.br\\\/site\\\/#\\\/schema\\\/person\\\/3e7216a35c34d8fdf952b31da3d1f89f\",\"name\":\"Marcelo Lopes\",\"sameAs\":[\"http:\\\/\\\/www.marcelolopes.jor.br\"],\"url\":\"https:\\\/\\\/marcelolopes.jor.br\\\/site\\\/author\\\/marcelo\\\/\"}]}<\/script>\n<!-- \/ Yoast SEO plugin. -->","yoast_head_json":{"title":"CBA abre inscri\u00e7\u00f5es para o Programa de Est\u00e1gio 2021 | Marcelo Lopes","robots":{"index":"index","follow":"follow","max-snippet":"max-snippet:-1","max-image-preview":"max-image-preview:large","max-video-preview":"max-video-preview:-1"},"canonical":"https:\/\/marcelolopes.jor.br\/site\/2020\/10\/07\/cba-abre-inscricoes-para-o-programa-de-estagio-2021\/","og_locale":"pt_BR","og_type":"article","og_title":"CBA abre inscri\u00e7\u00f5es para o Programa de Est\u00e1gio 2021 | Marcelo Lopes","og_description":"A CBA inicia nesta semana as inscri\u00e7\u00f5es para o seu Programa de Est\u00e1gio 2021. Jovens talentos de qualquer curso de ensino superior poder\u00e3o se candidatar at\u00e9 19 de outubro na plataforma de recrutamento da empresa (cba.gupy.io). A Companhia oferece 105Leia mais CBA abre inscri\u00e7\u00f5es para o Programa de Est\u00e1gio 2021","og_url":"https:\/\/marcelolopes.jor.br\/site\/2020\/10\/07\/cba-abre-inscricoes-para-o-programa-de-estagio-2021\/","og_site_name":"Marcelo Lopes","article_publisher":"https:\/\/www.facebook.com\/sitedomarcelolopes","article_published_time":"2020-10-07T19:00:49+00:00","article_modified_time":"2020-10-07T19:16:17+00:00","og_image":[{"width":800,"height":525,"url":"https:\/\/marcelolopes.jor.br\/site\/wp-content\/uploads\/2020\/10\/38349.jpg","type":"image\/jpeg"}],"author":"Marcelo Lopes","twitter_card":"summary_large_image","twitter_misc":{"Escrito por":"Marcelo Lopes","Est. tempo de leitura":"3 minutos"},"schema":{"@context":"https:\/\/schema.org","@graph":[{"@type":"NewsArticle","@id":"https:\/\/marcelolopes.jor.br\/site\/2020\/10\/07\/cba-abre-inscricoes-para-o-programa-de-estagio-2021\/#article","isPartOf":{"@id":"https:\/\/marcelolopes.jor.br\/site\/2020\/10\/07\/cba-abre-inscricoes-para-o-programa-de-estagio-2021\/"},"author":{"name":"Marcelo Lopes","@id":"https:\/\/marcelolopes.jor.br\/site\/#\/schema\/person\/3e7216a35c34d8fdf952b31da3d1f89f"},"headline":"CBA abre inscri\u00e7\u00f5es para o Programa de Est\u00e1gio 2021","datePublished":"2020-10-07T19:00:49+00:00","dateModified":"2020-10-07T19:16:17+00:00","mainEntityOfPage":{"@id":"https:\/\/marcelolopes.jor.br\/site\/2020\/10\/07\/cba-abre-inscricoes-para-o-programa-de-estagio-2021\/"},"wordCount":551,"commentCount":0,"publisher":{"@id":"https:\/\/marcelolopes.jor.br\/site\/#organization"},"image":{"@id":"https:\/\/marcelolopes.jor.br\/site\/2020\/10\/07\/cba-abre-inscricoes-para-o-programa-de-estagio-2021\/#primaryimage"},"thumbnailUrl":"https:\/\/marcelolopes.jor.br\/site\/wp-content\/uploads\/2020\/10\/38349.jpg","keywords":["CBA","est\u00e1gio","Inscri\u00e7\u00f5es abertas","Mineradora CBA"],"articleSection":["Not\u00edcias"],"inLanguage":"pt-BR","potentialAction":[{"@type":"CommentAction","name":"Comment","target":["https:\/\/marcelolopes.jor.br\/site\/2020\/10\/07\/cba-abre-inscricoes-para-o-programa-de-estagio-2021\/#respond"]}]},{"@type":"WebPage","@id":"https:\/\/marcelolopes.jor.br\/site\/2020\/10\/07\/cba-abre-inscricoes-para-o-programa-de-estagio-2021\/","url":"https:\/\/marcelolopes.jor.br\/site\/2020\/10\/07\/cba-abre-inscricoes-para-o-programa-de-estagio-2021\/","name":"CBA abre inscri\u00e7\u00f5es para o Programa de Est\u00e1gio 2021 | Marcelo Lopes","isPartOf":{"@id":"https:\/\/marcelolopes.jor.br\/site\/#website"},"primaryImageOfPage":{"@id":"https:\/\/marcelolopes.jor.br\/site\/2020\/10\/07\/cba-abre-inscricoes-para-o-programa-de-estagio-2021\/#primaryimage"},"image":{"@id":"https:\/\/marcelolopes.jor.br\/site\/2020\/10\/07\/cba-abre-inscricoes-para-o-programa-de-estagio-2021\/#primaryimage"},"thumbnailUrl":"https:\/\/marcelolopes.jor.br\/site\/wp-content\/uploads\/2020\/10\/38349.jpg","datePublished":"2020-10-07T19:00:49+00:00","dateModified":"2020-10-07T19:16:17+00:00","breadcrumb":{"@id":"https:\/\/marcelolopes.jor.br\/site\/2020\/10\/07\/cba-abre-inscricoes-para-o-programa-de-estagio-2021\/#breadcrumb"},"inLanguage":"pt-BR","potentialAction":[{"@type":"ReadAction","target":["https:\/\/marcelolopes.jor.br\/site\/2020\/10\/07\/cba-abre-inscricoes-para-o-programa-de-estagio-2021\/"]}]},{"@type":"ImageObject","inLanguage":"pt-BR","@id":"https:\/\/marcelolopes.jor.br\/site\/2020\/10\/07\/cba-abre-inscricoes-para-o-programa-de-estagio-2021\/#primaryimage","url":"https:\/\/marcelolopes.jor.br\/site\/wp-content\/uploads\/2020\/10\/38349.jpg","contentUrl":"https:\/\/marcelolopes.jor.br\/site\/wp-content\/uploads\/2020\/10\/38349.jpg","width":800,"height":525},{"@type":"BreadcrumbList","@id":"https:\/\/marcelolopes.jor.br\/site\/2020\/10\/07\/cba-abre-inscricoes-para-o-programa-de-estagio-2021\/#breadcrumb","itemListElement":[{"@type":"ListItem","position":1,"name":"Home","item":"https:\/\/marcelolopes.jor.br\/site\/"},{"@type":"ListItem","position":2,"name":"CBA abre inscri\u00e7\u00f5es para o Programa de Est\u00e1gio 2021"}]},{"@type":"WebSite","@id":"https:\/\/marcelolopes.jor.br\/site\/#website","url":"https:\/\/marcelolopes.jor.br\/site\/","name":"Marcelo Lopes","description":"Not\u00edcias de Cataguases e Regi\u00e3o","publisher":{"@id":"https:\/\/marcelolopes.jor.br\/site\/#organization"},"potentialAction":[{"@type":"SearchAction","target":{"@type":"EntryPoint","urlTemplate":"https:\/\/marcelolopes.jor.br\/site\/?s={search_term_string}"},"query-input":{"@type":"PropertyValueSpecification","valueRequired":true,"valueName":"search_term_string"}}],"inLanguage":"pt-BR"},{"@type":"Organization","@id":"https:\/\/marcelolopes.jor.br\/site\/#organization","name":"Site do Marcelo Lopes","url":"https:\/\/marcelolopes.jor.br\/site\/","logo":{"@type":"ImageObject","inLanguage":"pt-BR","@id":"https:\/\/marcelolopes.jor.br\/site\/#\/schema\/logo\/image\/","url":"https:\/\/marcelolopes.jor.br\/site\/wp-content\/uploads\/2024\/11\/logo-1.png","contentUrl":"https:\/\/marcelolopes.jor.br\/site\/wp-content\/uploads\/2024\/11\/logo-1.png","width":475,"height":80,"caption":"Site do Marcelo Lopes"},"image":{"@id":"https:\/\/marcelolopes.jor.br\/site\/#\/schema\/logo\/image\/"},"sameAs":["https:\/\/www.facebook.com\/sitedomarcelolopes","https:\/\/www.instagram.com\/sitedomarcelolopes\/","https:\/\/www.linkedin.com\/company\/site-do-marcelo-lopes\/","https:\/\/www.youtube.com\/user\/marcelolopes957"]},{"@type":"Person","@id":"https:\/\/marcelolopes.jor.br\/site\/#\/schema\/person\/3e7216a35c34d8fdf952b31da3d1f89f","name":"Marcelo Lopes","sameAs":["http:\/\/www.marcelolopes.jor.br"],"url":"https:\/\/marcelolopes.jor.br\/site\/author\/marcelo\/"}]}},"wps_subtitle":"O programa tem dura\u00e7\u00e3o de um ano, com possibilidade de prorroga\u00e7\u00e3o.","_links":{"self":[{"href":"https:\/\/marcelolopes.jor.br\/site\/wp-json\/wp\/v2\/posts\/17973","targetHints":{"allow":["GET"]}}],"collection":[{"href":"https:\/\/marcelolopes.jor.br\/site\/wp-json\/wp\/v2\/posts"}],"about":[{"href":"https:\/\/marcelolopes.jor.br\/site\/wp-json\/wp\/v2\/types\/post"}],"author":[{"embeddable":true,"href":"https:\/\/marcelolopes.jor.br\/site\/wp-json\/wp\/v2\/users\/2"}],"replies":[{"embeddable":true,"href":"https:\/\/marcelolopes.jor.br\/site\/wp-json\/wp\/v2\/comments?post=17973"}],"version-history":[{"count":0,"href":"https:\/\/marcelolopes.jor.br\/site\/wp-json\/wp\/v2\/posts\/17973\/revisions"}],"wp:featuredmedia":[{"embeddable":true,"href":"https:\/\/marcelolopes.jor.br\/site\/wp-json\/wp\/v2\/media\/17975"}],"wp:attachment":[{"href":"https:\/\/marcelolopes.jor.br\/site\/wp-json\/wp\/v2\/media?parent=17973"}],"wp:term":[{"taxonomy":"category","embeddable":true,"href":"https:\/\/marcelolopes.jor.br\/site\/wp-json\/wp\/v2\/categories?post=17973"},{"taxonomy":"post_tag","embeddable":true,"href":"https:\/\/marcelolopes.jor.br\/site\/wp-json\/wp\/v2\/tags?post=17973"}],"curies":[{"name":"wp","href":"https:\/\/api.w.org\/{rel}","templated":true}]}}