{"id":17829,"date":"2020-10-02T20:00:37","date_gmt":"2020-10-02T23:00:37","guid":{"rendered":"https:\/\/marcelolopes.jor.br\/?p=17829"},"modified":"2022-09-06T10:18:05","modified_gmt":"2022-09-06T13:18:05","slug":"terminam-domingo-as-inscricoes-no-programa-de-trainees-de-2021-da-energisa","status":"publish","type":"post","link":"https:\/\/marcelolopes.jor.br\/site\/2020\/10\/02\/terminam-domingo-as-inscricoes-no-programa-de-trainees-de-2021-da-energisa\/","title":{"rendered":"Terminam domingo as inscri\u00e7\u00f5es no programa de trainees de 2021 da Energisa"},"content":{"rendered":"<p style=\"text-align: justify;\">As inscri\u00e7\u00f5es no Programa de Trainees 2021 do Grupo Energisa encerram neste domingo, 04 de outubro. A empresa procura por jovens profissionais criativos, inovadores, com forma\u00e7\u00e3o em diversas \u00e1reas, entre julho de 2018 e dezembro de 2020. As inscri\u00e7\u00f5es podem ser feitas atrav\u00e9s do site <a href=\"https:\/\/jobs.kenoby.com\/traineeenergisa\"><strong><span style=\"color: #800080;\">https:\/\/jobs.kenoby.com\/traineeenergisa<\/span><\/strong><\/a>. Ou\u00e7a o \u00e1udio sobre o programa no final deste texto.<!--more--><\/p>\n<p style=\"text-align: justify;\">\u201cHoje somos mais que uma empresa de distribui\u00e7\u00e3o de energia, somos uma plataforma de servi\u00e7os energ\u00e9ticos, com atua\u00e7\u00e3o em diversos segmentos do setor. Por isso, procuramos profissionais rec\u00e9m formados em \u00e1reas n\u00e3o apenas ligadas \u00e0 engenharia el\u00e9trica. Queremos futuros l\u00edderes com forma\u00e7\u00f5es diversas como matem\u00e1ticos, f\u00edsicos, engenheiros agr\u00f4nomos, ci\u00eancias atuariais, economia e marketing\u201d, comenta Ant\u00f4nio Negreiros, diretor de Gente do Grupo Energisa.<\/p>\n<p style=\"text-align: justify;\">O programa tem dura\u00e7\u00e3o de nove meses e previs\u00e3o para come\u00e7ar em janeiro do pr\u00f3ximo ano. Um dos diferenciais do programa \u00e9 que, ap\u00f3s o per\u00edodo como trainee, o participante j\u00e1 \u00e9 contratado para ingressar em uma das empresas do Grupo, que hoje atua em 11 estados (PB, MG, RJ, SE, MT, MS, TO, SP, PR, RO e AC), em diversas regi\u00f5es do pa\u00eds.<\/p>\n<p style=\"text-align: justify;\">\u00c9 importante que os candidatos tenham esp\u00edrito de lideran\u00e7a e disponibilidade para mudan\u00e7as de domic\u00edlio e viagens. \u201cEssa \u00e9 uma grande oportunidade de iniciar uma trajet\u00f3ria profissional de sucesso em uma empresa que \u00e9 5\u00ba maior em distribui\u00e7\u00e3o de energia el\u00e9trica\u201d, pontua Negreiros.<\/p>\n<p style=\"text-align: justify;\">O processo tamb\u00e9m oferece treinamentos t\u00e9cnicos e comportamentais, al\u00e9m de acompanhamento dos gestores e da equipe de recursos humanos, para mentoria e capacita\u00e7\u00f5es, que garantir\u00e3o um futuro de sucesso na empresa. Os benef\u00edcios s\u00e3o compat\u00edveis com o mercado de trabalho.<\/p>\n<p style=\"text-align: justify;\">O Trainee Energisa existe desde 2000 e j\u00e1 contratou cerca de 130 jovens profissionais, muitos deles com postos de lideran\u00e7a na empresa, como o Victor Rispoli, gerente do Departamento de Constru\u00e7\u00e3o e Manuten\u00e7\u00e3o, que hoje coordena uma equipe de mais de 130 pessoas, al\u00e9m das empreiteiras. \u201cO programa me fez crescer como profissional e trazer a vis\u00e3o de todo o neg\u00f3cio de forma estrat\u00e9gica para assumir o cargo que ocupo hoje. Todos os treinamentos e cursos que fizemos durante o processo t\u00eam objetivo de formar l\u00edderes e desenvolver nossas principais habilidades\u201d, comenta.<\/p>\n<p style=\"text-align: justify;\"><strong>Sobre o Grupo Energisa<br \/>\n<\/strong>Com 115 anos de hist\u00f3ria, o Grupo Energisa \u00e9 o 5\u00ba maior em distribui\u00e7\u00e3o de energia el\u00e9trica. Uma das primeiras empresas a abrir capital no Brasil, a companhia controla 11 distribuidoras em Minas Gerais, Para\u00edba, Rio de Janeiro, Sergipe, Mato Grosso, Mato Grosso do Sul, Tocantins, S\u00e3o Paulo, Paran\u00e1, Rond\u00f4nia e Acre. O Grupo atende a 7,8 milh\u00f5es de clientes (o que representa uma popula\u00e7\u00e3o atendida de aproximadamente 20 milh\u00f5es de pessoas) em 862 munic\u00edpios de todas as regi\u00f5es do Brasil, al\u00e9m de gerar cerca de 20,5 mil empregos diretos e indiretos.<\/p>\n<p style=\"text-align: justify;\">Com a miss\u00e3o de transformar energia em conforto, desenvolvimento e oportunidades de forma sustent\u00e1vel, respons\u00e1vel e \u00e9tica, a Energisa atua com um portf\u00f3lio diversificado que engloba distribui\u00e7\u00e3o, gera\u00e7\u00e3o, transmiss\u00e3o, servi\u00e7os para o setor el\u00e9trico (Energisa Solu\u00e7\u00f5es), servi\u00e7os especializados de Call Center (Multi Energisa), comercializa\u00e7\u00e3o de energia (Energisa Comercializadora) e solu\u00e7\u00f5es em energias renov\u00e1veis (Alsol).<\/p>\n<div class=\"wp-playlist wp-audio-playlist wp-playlist-light\">\n\t\t\t<div class=\"wp-playlist-current-item\"><\/div>\n\t\t<audio controls=\"controls\" preload=\"none\" width=\"858\"\n\t\t\t><\/audio>\n\t<div class=\"wp-playlist-next\"><\/div>\n\t<div class=\"wp-playlist-prev\"><\/div>\n\t<noscript>\n\t<ol>\n\t\t<li><a href='https:\/\/marcelolopes.jor.br\/site\/wp-content\/uploads\/2020\/10\/Release-Trainee-Energisa-2021_\u00e1udio-release_Ant\u00f4nio-Negreiros_diretor-de-Gente-do-Grupo-Energisa.mp3'>Trainee Energisa 2021 - Antonio Negreiros<\/a><\/li>\t<\/ol>\n\t<\/noscript>\n\t<script type=\"application\/json\" class=\"wp-playlist-script\">{\"type\":\"audio\",\"tracklist\":true,\"tracknumbers\":true,\"images\":true,\"artists\":true,\"tracks\":[{\"src\":\"https:\/\/marcelolopes.jor.br\/site\/wp-content\/uploads\/2020\/10\/Release-Trainee-Energisa-2021_\\u00e1udio-release_Ant\\u00f4nio-Negreiros_diretor-de-Gente-do-Grupo-Energisa.mp3\",\"type\":\"audio\/mpeg\",\"title\":\"Trainee Energisa 2021 - Antonio Negreiros\",\"caption\":\"\",\"description\":\"\\u00c1udio Trainee Energisa 2021\",\"meta\":{\"year\":\"2020\",\"length_formatted\":\"1:50\"},\"image\":{\"src\":\"https:\/\/marcelolopes.jor.br\/site\/wp-includes\/images\/media\/audio.svg\",\"width\":48,\"height\":64},\"thumb\":{\"src\":\"https:\/\/marcelolopes.jor.br\/site\/wp-includes\/images\/media\/audio.svg\",\"width\":48,\"height\":64}}]}<\/script>\n<\/div>\n\t\n<p>Fonte: Energisa S.A. | Foto:<\/p>\n<div class=\"kxhpz69f747936537d\" ><br><\/div><style type=\"text\/css\">\r\n@media screen and (min-width: 1201px) {\r\n.kxhpz69f747936537d {\r\ndisplay: block;\r\n}\r\n}\r\n@media screen and (min-width: 993px) and (max-width: 1200px) {\r\n.kxhpz69f747936537d {\r\ndisplay: block;\r\n}\r\n}\r\n@media screen and (min-width: 769px) and (max-width: 992px) {\r\n.kxhpz69f747936537d {\r\ndisplay: block;\r\n}\r\n}\r\n@media screen and (min-width: 768px) and (max-width: 768px) {\r\n.kxhpz69f747936537d {\r\ndisplay: block;\r\n}\r\n}\r\n@media screen and (max-width: 767px) {\r\n.kxhpz69f747936537d {\r\ndisplay: block;\r\n}\r\n}\r\n<\/style>\r\n<div class=\"xdgep69f747936a353\" ><div id=\"div_destino\"><\/div>\r\n<script src=\"https:\/\/cdn.snsrsv.com\/sdk.js\"><\/script>\r\n<script >\r\n      new sdk(\"464030C30061EA8BE065000000000001\") \r\n          .appendTo(\"div_destino\")\r\n          .disableStyle(true) \r\n          .setCacheBusterMacro(\"%%CACHEBUSTER%%\")\r\n          .setSize(\"800\",\"214\")\r\n          .setClickMacro(\"%%CLICK_URL_ESC%%\") \r\n          .setReferrerUrlMacro(\"%%REFERRER_URL_ESC%%\") \r\n          .start(); \r\n<\/script><\/div><style type=\"text\/css\">\r\n@media screen and (min-width: 1201px) {\r\n.xdgep69f747936a353 {\r\ndisplay: block;\r\n}\r\n}\r\n@media screen and (min-width: 993px) and (max-width: 1200px) {\r\n.xdgep69f747936a353 {\r\ndisplay: block;\r\n}\r\n}\r\n@media screen and (min-width: 769px) and (max-width: 992px) {\r\n.xdgep69f747936a353 {\r\ndisplay: block;\r\n}\r\n}\r\n@media screen and (min-width: 768px) and (max-width: 768px) {\r\n.xdgep69f747936a353 {\r\ndisplay: block;\r\n}\r\n}\r\n@media screen and (max-width: 767px) {\r\n.xdgep69f747936a353 {\r\ndisplay: block;\r\n}\r\n}\r\n<\/style>\r\n","protected":false},"excerpt":{"rendered":"<p>As inscri\u00e7\u00f5es no Programa de Trainees 2021 do Grupo Energisa encerram neste domingo, 04 de outubro. A empresa procura por jovens profissionais criativos, inovadores, com forma\u00e7\u00e3o em diversas \u00e1reas, entre julho de 2018 e dezembro de 2020. As inscri\u00e7\u00f5es podem<\/p>\n<p class=\"link-more\"><a class=\"more-link\" href=\"https:\/\/marcelolopes.jor.br\/site\/2020\/10\/02\/terminam-domingo-as-inscricoes-no-programa-de-trainees-de-2021-da-energisa\/\">Leia mais <span class=\"screen-reader-text\">Terminam domingo as inscri\u00e7\u00f5es no programa de trainees de 2021 da Energisa<\/span><\/a><\/p>\n","protected":false},"author":2,"featured_media":17832,"comment_status":"open","ping_status":"open","sticky":false,"template":"","format":"standard","meta":{"footnotes":""},"categories":[1],"tags":[120,2988,2987,3059],"class_list":["post-17829","post","type-post","status-publish","format-standard","has-post-thumbnail","hentry","category-noticias","tag-energisa","tag-novos-talentos","tag-trainee","tag-trainee-2021","thumb-below-title"],"yoast_head":"<!-- This site is optimized with the Yoast SEO plugin v27.4 - https:\/\/yoast.com\/product\/yoast-seo-wordpress\/ -->\n<title>Terminam domingo as inscri\u00e7\u00f5es no programa de Trainee da Energisa<\/title>\n<meta name=\"description\" content=\"Terminam domingo as inscri\u00e7\u00f5es no programa de Trainee da Energisa. O programa tem dura\u00e7\u00e3o de nove meses e previs\u00e3o para come\u00e7ar em janeiro.\" \/>\n<meta name=\"robots\" content=\"index, follow, max-snippet:-1, max-image-preview:large, max-video-preview:-1\" \/>\n<link rel=\"canonical\" href=\"https:\/\/marcelolopes.jor.br\/site\/2020\/10\/02\/terminam-domingo-as-inscricoes-no-programa-de-trainees-de-2021-da-energisa\/\" \/>\n<meta property=\"og:locale\" content=\"pt_BR\" \/>\n<meta property=\"og:type\" content=\"article\" \/>\n<meta property=\"og:title\" content=\"Terminam domingo as inscri\u00e7\u00f5es no programa de Trainee da Energisa\" \/>\n<meta property=\"og:description\" content=\"Terminam domingo as inscri\u00e7\u00f5es no programa de Trainee da Energisa. O programa tem dura\u00e7\u00e3o de nove meses e previs\u00e3o para come\u00e7ar em janeiro.\" \/>\n<meta property=\"og:url\" content=\"https:\/\/marcelolopes.jor.br\/site\/2020\/10\/02\/terminam-domingo-as-inscricoes-no-programa-de-trainees-de-2021-da-energisa\/\" \/>\n<meta property=\"og:site_name\" content=\"Marcelo Lopes\" \/>\n<meta property=\"article:publisher\" content=\"https:\/\/www.facebook.com\/sitedomarcelolopes\" \/>\n<meta property=\"article:published_time\" content=\"2020-10-02T23:00:37+00:00\" \/>\n<meta property=\"article:modified_time\" content=\"2022-09-06T13:18:05+00:00\" \/>\n<meta property=\"og:image\" content=\"https:\/\/marcelolopes.jor.br\/site\/wp-content\/uploads\/2020\/10\/Trainee-2021.jpg\" \/>\n\t<meta property=\"og:image:width\" content=\"800\" \/>\n\t<meta property=\"og:image:height\" content=\"518\" \/>\n\t<meta property=\"og:image:type\" content=\"image\/jpeg\" \/>\n<meta name=\"author\" content=\"Marcelo Lopes\" \/>\n<meta name=\"twitter:card\" content=\"summary_large_image\" \/>\n<meta name=\"twitter:label1\" content=\"Escrito por\" \/>\n\t<meta name=\"twitter:data1\" content=\"Marcelo Lopes\" \/>\n\t<meta name=\"twitter:label2\" content=\"Est. tempo de leitura\" \/>\n\t<meta name=\"twitter:data2\" content=\"3 minutos\" \/>\n<script type=\"application\/ld+json\" class=\"yoast-schema-graph\">{\"@context\":\"https:\\\/\\\/schema.org\",\"@graph\":[{\"@type\":\"NewsArticle\",\"@id\":\"https:\\\/\\\/marcelolopes.jor.br\\\/site\\\/2020\\\/10\\\/02\\\/terminam-domingo-as-inscricoes-no-programa-de-trainees-de-2021-da-energisa\\\/#article\",\"isPartOf\":{\"@id\":\"https:\\\/\\\/marcelolopes.jor.br\\\/site\\\/2020\\\/10\\\/02\\\/terminam-domingo-as-inscricoes-no-programa-de-trainees-de-2021-da-energisa\\\/\"},\"author\":{\"name\":\"Marcelo Lopes\",\"@id\":\"https:\\\/\\\/marcelolopes.jor.br\\\/site\\\/#\\\/schema\\\/person\\\/3e7216a35c34d8fdf952b31da3d1f89f\"},\"headline\":\"Terminam domingo as inscri\u00e7\u00f5es no programa de trainees de 2021 da Energisa\",\"datePublished\":\"2020-10-02T23:00:37+00:00\",\"dateModified\":\"2022-09-06T13:18:05+00:00\",\"mainEntityOfPage\":{\"@id\":\"https:\\\/\\\/marcelolopes.jor.br\\\/site\\\/2020\\\/10\\\/02\\\/terminam-domingo-as-inscricoes-no-programa-de-trainees-de-2021-da-energisa\\\/\"},\"wordCount\":584,\"commentCount\":0,\"publisher\":{\"@id\":\"https:\\\/\\\/marcelolopes.jor.br\\\/site\\\/#organization\"},\"image\":{\"@id\":\"https:\\\/\\\/marcelolopes.jor.br\\\/site\\\/2020\\\/10\\\/02\\\/terminam-domingo-as-inscricoes-no-programa-de-trainees-de-2021-da-energisa\\\/#primaryimage\"},\"thumbnailUrl\":\"https:\\\/\\\/marcelolopes.jor.br\\\/site\\\/wp-content\\\/uploads\\\/2020\\\/10\\\/Trainee-2021.jpg\",\"keywords\":[\"Energisa\",\"novos talentos\",\"trainee\",\"trainee 2021\"],\"articleSection\":[\"Not\u00edcias\"],\"inLanguage\":\"pt-BR\",\"potentialAction\":[{\"@type\":\"CommentAction\",\"name\":\"Comment\",\"target\":[\"https:\\\/\\\/marcelolopes.jor.br\\\/site\\\/2020\\\/10\\\/02\\\/terminam-domingo-as-inscricoes-no-programa-de-trainees-de-2021-da-energisa\\\/#respond\"]}]},{\"@type\":\"WebPage\",\"@id\":\"https:\\\/\\\/marcelolopes.jor.br\\\/site\\\/2020\\\/10\\\/02\\\/terminam-domingo-as-inscricoes-no-programa-de-trainees-de-2021-da-energisa\\\/\",\"url\":\"https:\\\/\\\/marcelolopes.jor.br\\\/site\\\/2020\\\/10\\\/02\\\/terminam-domingo-as-inscricoes-no-programa-de-trainees-de-2021-da-energisa\\\/\",\"name\":\"Terminam domingo as inscri\u00e7\u00f5es no programa de Trainee da Energisa\",\"isPartOf\":{\"@id\":\"https:\\\/\\\/marcelolopes.jor.br\\\/site\\\/#website\"},\"primaryImageOfPage\":{\"@id\":\"https:\\\/\\\/marcelolopes.jor.br\\\/site\\\/2020\\\/10\\\/02\\\/terminam-domingo-as-inscricoes-no-programa-de-trainees-de-2021-da-energisa\\\/#primaryimage\"},\"image\":{\"@id\":\"https:\\\/\\\/marcelolopes.jor.br\\\/site\\\/2020\\\/10\\\/02\\\/terminam-domingo-as-inscricoes-no-programa-de-trainees-de-2021-da-energisa\\\/#primaryimage\"},\"thumbnailUrl\":\"https:\\\/\\\/marcelolopes.jor.br\\\/site\\\/wp-content\\\/uploads\\\/2020\\\/10\\\/Trainee-2021.jpg\",\"datePublished\":\"2020-10-02T23:00:37+00:00\",\"dateModified\":\"2022-09-06T13:18:05+00:00\",\"description\":\"Terminam domingo as inscri\u00e7\u00f5es no programa de Trainee da Energisa. O programa tem dura\u00e7\u00e3o de nove meses e previs\u00e3o para come\u00e7ar em janeiro.\",\"breadcrumb\":{\"@id\":\"https:\\\/\\\/marcelolopes.jor.br\\\/site\\\/2020\\\/10\\\/02\\\/terminam-domingo-as-inscricoes-no-programa-de-trainees-de-2021-da-energisa\\\/#breadcrumb\"},\"inLanguage\":\"pt-BR\",\"potentialAction\":[{\"@type\":\"ReadAction\",\"target\":[\"https:\\\/\\\/marcelolopes.jor.br\\\/site\\\/2020\\\/10\\\/02\\\/terminam-domingo-as-inscricoes-no-programa-de-trainees-de-2021-da-energisa\\\/\"]}]},{\"@type\":\"ImageObject\",\"inLanguage\":\"pt-BR\",\"@id\":\"https:\\\/\\\/marcelolopes.jor.br\\\/site\\\/2020\\\/10\\\/02\\\/terminam-domingo-as-inscricoes-no-programa-de-trainees-de-2021-da-energisa\\\/#primaryimage\",\"url\":\"https:\\\/\\\/marcelolopes.jor.br\\\/site\\\/wp-content\\\/uploads\\\/2020\\\/10\\\/Trainee-2021.jpg\",\"contentUrl\":\"https:\\\/\\\/marcelolopes.jor.br\\\/site\\\/wp-content\\\/uploads\\\/2020\\\/10\\\/Trainee-2021.jpg\",\"width\":800,\"height\":518,\"caption\":\"Terminam domingo as inscri\u00e7\u00f5es\"},{\"@type\":\"BreadcrumbList\",\"@id\":\"https:\\\/\\\/marcelolopes.jor.br\\\/site\\\/2020\\\/10\\\/02\\\/terminam-domingo-as-inscricoes-no-programa-de-trainees-de-2021-da-energisa\\\/#breadcrumb\",\"itemListElement\":[{\"@type\":\"ListItem\",\"position\":1,\"name\":\"Home\",\"item\":\"https:\\\/\\\/marcelolopes.jor.br\\\/site\\\/\"},{\"@type\":\"ListItem\",\"position\":2,\"name\":\"Terminam domingo as inscri\u00e7\u00f5es no programa de trainees de 2021 da Energisa\"}]},{\"@type\":\"WebSite\",\"@id\":\"https:\\\/\\\/marcelolopes.jor.br\\\/site\\\/#website\",\"url\":\"https:\\\/\\\/marcelolopes.jor.br\\\/site\\\/\",\"name\":\"Marcelo Lopes\",\"description\":\"Not\u00edcias de Cataguases e Regi\u00e3o\",\"publisher\":{\"@id\":\"https:\\\/\\\/marcelolopes.jor.br\\\/site\\\/#organization\"},\"potentialAction\":[{\"@type\":\"SearchAction\",\"target\":{\"@type\":\"EntryPoint\",\"urlTemplate\":\"https:\\\/\\\/marcelolopes.jor.br\\\/site\\\/?s={search_term_string}\"},\"query-input\":{\"@type\":\"PropertyValueSpecification\",\"valueRequired\":true,\"valueName\":\"search_term_string\"}}],\"inLanguage\":\"pt-BR\"},{\"@type\":\"Organization\",\"@id\":\"https:\\\/\\\/marcelolopes.jor.br\\\/site\\\/#organization\",\"name\":\"Site do Marcelo Lopes\",\"url\":\"https:\\\/\\\/marcelolopes.jor.br\\\/site\\\/\",\"logo\":{\"@type\":\"ImageObject\",\"inLanguage\":\"pt-BR\",\"@id\":\"https:\\\/\\\/marcelolopes.jor.br\\\/site\\\/#\\\/schema\\\/logo\\\/image\\\/\",\"url\":\"https:\\\/\\\/marcelolopes.jor.br\\\/site\\\/wp-content\\\/uploads\\\/2024\\\/11\\\/logo-1.png\",\"contentUrl\":\"https:\\\/\\\/marcelolopes.jor.br\\\/site\\\/wp-content\\\/uploads\\\/2024\\\/11\\\/logo-1.png\",\"width\":475,\"height\":80,\"caption\":\"Site do Marcelo Lopes\"},\"image\":{\"@id\":\"https:\\\/\\\/marcelolopes.jor.br\\\/site\\\/#\\\/schema\\\/logo\\\/image\\\/\"},\"sameAs\":[\"https:\\\/\\\/www.facebook.com\\\/sitedomarcelolopes\",\"https:\\\/\\\/www.instagram.com\\\/sitedomarcelolopes\\\/\",\"https:\\\/\\\/www.linkedin.com\\\/company\\\/site-do-marcelo-lopes\\\/\",\"https:\\\/\\\/www.youtube.com\\\/user\\\/marcelolopes957\"]},{\"@type\":\"Person\",\"@id\":\"https:\\\/\\\/marcelolopes.jor.br\\\/site\\\/#\\\/schema\\\/person\\\/3e7216a35c34d8fdf952b31da3d1f89f\",\"name\":\"Marcelo Lopes\",\"sameAs\":[\"http:\\\/\\\/www.marcelolopes.jor.br\"],\"url\":\"https:\\\/\\\/marcelolopes.jor.br\\\/site\\\/author\\\/marcelo\\\/\"}]}<\/script>\n<!-- \/ Yoast SEO plugin. -->","yoast_head_json":{"title":"Terminam domingo as inscri\u00e7\u00f5es no programa de Trainee da Energisa","description":"Terminam domingo as inscri\u00e7\u00f5es no programa de Trainee da Energisa. O programa tem dura\u00e7\u00e3o de nove meses e previs\u00e3o para come\u00e7ar em janeiro.","robots":{"index":"index","follow":"follow","max-snippet":"max-snippet:-1","max-image-preview":"max-image-preview:large","max-video-preview":"max-video-preview:-1"},"canonical":"https:\/\/marcelolopes.jor.br\/site\/2020\/10\/02\/terminam-domingo-as-inscricoes-no-programa-de-trainees-de-2021-da-energisa\/","og_locale":"pt_BR","og_type":"article","og_title":"Terminam domingo as inscri\u00e7\u00f5es no programa de Trainee da Energisa","og_description":"Terminam domingo as inscri\u00e7\u00f5es no programa de Trainee da Energisa. O programa tem dura\u00e7\u00e3o de nove meses e previs\u00e3o para come\u00e7ar em janeiro.","og_url":"https:\/\/marcelolopes.jor.br\/site\/2020\/10\/02\/terminam-domingo-as-inscricoes-no-programa-de-trainees-de-2021-da-energisa\/","og_site_name":"Marcelo Lopes","article_publisher":"https:\/\/www.facebook.com\/sitedomarcelolopes","article_published_time":"2020-10-02T23:00:37+00:00","article_modified_time":"2022-09-06T13:18:05+00:00","og_image":[{"width":800,"height":518,"url":"https:\/\/marcelolopes.jor.br\/site\/wp-content\/uploads\/2020\/10\/Trainee-2021.jpg","type":"image\/jpeg"}],"author":"Marcelo Lopes","twitter_card":"summary_large_image","twitter_misc":{"Escrito por":"Marcelo Lopes","Est. tempo de leitura":"3 minutos"},"schema":{"@context":"https:\/\/schema.org","@graph":[{"@type":"NewsArticle","@id":"https:\/\/marcelolopes.jor.br\/site\/2020\/10\/02\/terminam-domingo-as-inscricoes-no-programa-de-trainees-de-2021-da-energisa\/#article","isPartOf":{"@id":"https:\/\/marcelolopes.jor.br\/site\/2020\/10\/02\/terminam-domingo-as-inscricoes-no-programa-de-trainees-de-2021-da-energisa\/"},"author":{"name":"Marcelo Lopes","@id":"https:\/\/marcelolopes.jor.br\/site\/#\/schema\/person\/3e7216a35c34d8fdf952b31da3d1f89f"},"headline":"Terminam domingo as inscri\u00e7\u00f5es no programa de trainees de 2021 da Energisa","datePublished":"2020-10-02T23:00:37+00:00","dateModified":"2022-09-06T13:18:05+00:00","mainEntityOfPage":{"@id":"https:\/\/marcelolopes.jor.br\/site\/2020\/10\/02\/terminam-domingo-as-inscricoes-no-programa-de-trainees-de-2021-da-energisa\/"},"wordCount":584,"commentCount":0,"publisher":{"@id":"https:\/\/marcelolopes.jor.br\/site\/#organization"},"image":{"@id":"https:\/\/marcelolopes.jor.br\/site\/2020\/10\/02\/terminam-domingo-as-inscricoes-no-programa-de-trainees-de-2021-da-energisa\/#primaryimage"},"thumbnailUrl":"https:\/\/marcelolopes.jor.br\/site\/wp-content\/uploads\/2020\/10\/Trainee-2021.jpg","keywords":["Energisa","novos talentos","trainee","trainee 2021"],"articleSection":["Not\u00edcias"],"inLanguage":"pt-BR","potentialAction":[{"@type":"CommentAction","name":"Comment","target":["https:\/\/marcelolopes.jor.br\/site\/2020\/10\/02\/terminam-domingo-as-inscricoes-no-programa-de-trainees-de-2021-da-energisa\/#respond"]}]},{"@type":"WebPage","@id":"https:\/\/marcelolopes.jor.br\/site\/2020\/10\/02\/terminam-domingo-as-inscricoes-no-programa-de-trainees-de-2021-da-energisa\/","url":"https:\/\/marcelolopes.jor.br\/site\/2020\/10\/02\/terminam-domingo-as-inscricoes-no-programa-de-trainees-de-2021-da-energisa\/","name":"Terminam domingo as inscri\u00e7\u00f5es no programa de Trainee da Energisa","isPartOf":{"@id":"https:\/\/marcelolopes.jor.br\/site\/#website"},"primaryImageOfPage":{"@id":"https:\/\/marcelolopes.jor.br\/site\/2020\/10\/02\/terminam-domingo-as-inscricoes-no-programa-de-trainees-de-2021-da-energisa\/#primaryimage"},"image":{"@id":"https:\/\/marcelolopes.jor.br\/site\/2020\/10\/02\/terminam-domingo-as-inscricoes-no-programa-de-trainees-de-2021-da-energisa\/#primaryimage"},"thumbnailUrl":"https:\/\/marcelolopes.jor.br\/site\/wp-content\/uploads\/2020\/10\/Trainee-2021.jpg","datePublished":"2020-10-02T23:00:37+00:00","dateModified":"2022-09-06T13:18:05+00:00","description":"Terminam domingo as inscri\u00e7\u00f5es no programa de Trainee da Energisa. O programa tem dura\u00e7\u00e3o de nove meses e previs\u00e3o para come\u00e7ar em janeiro.","breadcrumb":{"@id":"https:\/\/marcelolopes.jor.br\/site\/2020\/10\/02\/terminam-domingo-as-inscricoes-no-programa-de-trainees-de-2021-da-energisa\/#breadcrumb"},"inLanguage":"pt-BR","potentialAction":[{"@type":"ReadAction","target":["https:\/\/marcelolopes.jor.br\/site\/2020\/10\/02\/terminam-domingo-as-inscricoes-no-programa-de-trainees-de-2021-da-energisa\/"]}]},{"@type":"ImageObject","inLanguage":"pt-BR","@id":"https:\/\/marcelolopes.jor.br\/site\/2020\/10\/02\/terminam-domingo-as-inscricoes-no-programa-de-trainees-de-2021-da-energisa\/#primaryimage","url":"https:\/\/marcelolopes.jor.br\/site\/wp-content\/uploads\/2020\/10\/Trainee-2021.jpg","contentUrl":"https:\/\/marcelolopes.jor.br\/site\/wp-content\/uploads\/2020\/10\/Trainee-2021.jpg","width":800,"height":518,"caption":"Terminam domingo as inscri\u00e7\u00f5es"},{"@type":"BreadcrumbList","@id":"https:\/\/marcelolopes.jor.br\/site\/2020\/10\/02\/terminam-domingo-as-inscricoes-no-programa-de-trainees-de-2021-da-energisa\/#breadcrumb","itemListElement":[{"@type":"ListItem","position":1,"name":"Home","item":"https:\/\/marcelolopes.jor.br\/site\/"},{"@type":"ListItem","position":2,"name":"Terminam domingo as inscri\u00e7\u00f5es no programa de trainees de 2021 da Energisa"}]},{"@type":"WebSite","@id":"https:\/\/marcelolopes.jor.br\/site\/#website","url":"https:\/\/marcelolopes.jor.br\/site\/","name":"Marcelo Lopes","description":"Not\u00edcias de Cataguases e Regi\u00e3o","publisher":{"@id":"https:\/\/marcelolopes.jor.br\/site\/#organization"},"potentialAction":[{"@type":"SearchAction","target":{"@type":"EntryPoint","urlTemplate":"https:\/\/marcelolopes.jor.br\/site\/?s={search_term_string}"},"query-input":{"@type":"PropertyValueSpecification","valueRequired":true,"valueName":"search_term_string"}}],"inLanguage":"pt-BR"},{"@type":"Organization","@id":"https:\/\/marcelolopes.jor.br\/site\/#organization","name":"Site do Marcelo Lopes","url":"https:\/\/marcelolopes.jor.br\/site\/","logo":{"@type":"ImageObject","inLanguage":"pt-BR","@id":"https:\/\/marcelolopes.jor.br\/site\/#\/schema\/logo\/image\/","url":"https:\/\/marcelolopes.jor.br\/site\/wp-content\/uploads\/2024\/11\/logo-1.png","contentUrl":"https:\/\/marcelolopes.jor.br\/site\/wp-content\/uploads\/2024\/11\/logo-1.png","width":475,"height":80,"caption":"Site do Marcelo Lopes"},"image":{"@id":"https:\/\/marcelolopes.jor.br\/site\/#\/schema\/logo\/image\/"},"sameAs":["https:\/\/www.facebook.com\/sitedomarcelolopes","https:\/\/www.instagram.com\/sitedomarcelolopes\/","https:\/\/www.linkedin.com\/company\/site-do-marcelo-lopes\/","https:\/\/www.youtube.com\/user\/marcelolopes957"]},{"@type":"Person","@id":"https:\/\/marcelolopes.jor.br\/site\/#\/schema\/person\/3e7216a35c34d8fdf952b31da3d1f89f","name":"Marcelo Lopes","sameAs":["http:\/\/www.marcelolopes.jor.br"],"url":"https:\/\/marcelolopes.jor.br\/site\/author\/marcelo\/"}]}},"wps_subtitle":"O programa tem dura\u00e7\u00e3o de nove meses e previs\u00e3o para come\u00e7ar em janeiro.","_links":{"self":[{"href":"https:\/\/marcelolopes.jor.br\/site\/wp-json\/wp\/v2\/posts\/17829","targetHints":{"allow":["GET"]}}],"collection":[{"href":"https:\/\/marcelolopes.jor.br\/site\/wp-json\/wp\/v2\/posts"}],"about":[{"href":"https:\/\/marcelolopes.jor.br\/site\/wp-json\/wp\/v2\/types\/post"}],"author":[{"embeddable":true,"href":"https:\/\/marcelolopes.jor.br\/site\/wp-json\/wp\/v2\/users\/2"}],"replies":[{"embeddable":true,"href":"https:\/\/marcelolopes.jor.br\/site\/wp-json\/wp\/v2\/comments?post=17829"}],"version-history":[{"count":0,"href":"https:\/\/marcelolopes.jor.br\/site\/wp-json\/wp\/v2\/posts\/17829\/revisions"}],"wp:featuredmedia":[{"embeddable":true,"href":"https:\/\/marcelolopes.jor.br\/site\/wp-json\/wp\/v2\/media\/17832"}],"wp:attachment":[{"href":"https:\/\/marcelolopes.jor.br\/site\/wp-json\/wp\/v2\/media?parent=17829"}],"wp:term":[{"taxonomy":"category","embeddable":true,"href":"https:\/\/marcelolopes.jor.br\/site\/wp-json\/wp\/v2\/categories?post=17829"},{"taxonomy":"post_tag","embeddable":true,"href":"https:\/\/marcelolopes.jor.br\/site\/wp-json\/wp\/v2\/tags?post=17829"}],"curies":[{"name":"wp","href":"https:\/\/api.w.org\/{rel}","templated":true}]}}