{"id":17790,"date":"2020-10-01T16:00:30","date_gmt":"2020-10-01T19:00:30","guid":{"rendered":"https:\/\/marcelolopes.jor.br\/?p=17790"},"modified":"2020-10-01T15:32:50","modified_gmt":"2020-10-01T18:32:50","slug":"cefet-mg-em-leopoldina-abre-inscricoes-para-cursos-de-graduacao","status":"publish","type":"post","link":"https:\/\/marcelolopes.jor.br\/site\/2020\/10\/01\/cefet-mg-em-leopoldina-abre-inscricoes-para-cursos-de-graduacao\/","title":{"rendered":"CEFET-MG em Leopoldina abre inscri\u00e7\u00f5es para cursos de gradua\u00e7\u00e3o"},"content":{"rendered":"<p style=\"text-align: justify;\">Entre os dias 1\u00ba a 31 de outubro, a Comiss\u00e3o Permanente de Vestibular do Centro Federal de Educa\u00e7\u00e3o Tecnol\u00f3gica de Minas Gerais (COPEVE) recebe inscri\u00e7\u00f5es para o Processo Seletivo do 2\u00ba semestre de 2020. No Campus Leopoldina, est\u00e3o sendo oferecidas 60 vagas para ingresso nos curso de gradua\u00e7\u00e3o em Engenharia da Computa\u00e7\u00e3o e Engenharia de Controle e Automa\u00e7\u00e3o.<!--more--><\/p>\n<p style=\"text-align: justify;\">O Processo Seletivo estar\u00e1 aberto aos candidatos que conclu\u00edram o ensino m\u00e9dio ou equivalente e que realizaram o Exame Nacional do Ensino M\u00e9dio (Enem), edi\u00e7\u00e3o 2019, obtendo uma nota m\u00ednima de 500 pontos na Reda\u00e7\u00e3o e 450 pontos em cada uma das demais provas. N\u00e3o haver\u00e1 cobran\u00e7a de taxa de inscri\u00e7\u00e3o.<\/p>\n<p style=\"text-align: justify;\">Para se inscrever, <a href=\"https:\/\/copeve.cefetmg.br\/processos\/20202_SUP\/inscricao\"><strong><span style=\"color: #800080;\">clique aqui<\/span><\/strong><\/a>.<\/p>\n<p style=\"text-align: justify;\">Conhe\u00e7a os cursos superiores oferecidos pelo Cefet-MG em Leopoldina<\/p>\n<p style=\"text-align: justify;\"><strong>Engenharia da Computa\u00e7\u00e3o<br \/>\n<\/strong>Criado em 2018, o curso de Engenharia da Computa\u00e7\u00e3o tem como objetivo a forma\u00e7\u00e3o de profissionais com vis\u00e3o multidisciplinar, com conhecimentos t\u00e9cnico-cient\u00edficos e com capacidades para projetar, implementar, testar, otimizar e manter sistemas digitais, bem como profissionais para implementar, organizar e gerenciar a produ\u00e7\u00e3o de sistemas de hardware e software e sua incorpora\u00e7\u00e3o a produtos e servi\u00e7os, incluindo sistemas voltados \u00e0 automa\u00e7\u00e3o e controle de processos industriais e comerciais, sistemas e dispositivos embarcados, sistemas e equipamentos de telecomunica\u00e7\u00f5es e equipamentos de instrumenta\u00e7\u00e3o eletr\u00f4nica, que possibilite aos egressos atuarem de forma cr\u00edtica, inovadora, empreendedora e \u00e9tica frente aos desafios da sociedade aplicando conhecimentos t\u00e9cnicos-cient\u00edficos.<\/p>\n<p style=\"text-align: justify;\"><strong>O profissional<\/strong><br \/>\nEste curso espera atender demandas e necessidades por profissionais habilitados a atuar em ind\u00fastrias eletroeletr\u00f4nicas e de equipamentos inform\u00e1ticos; ind\u00fastria de software; presta\u00e7\u00e3o de servi\u00e7os no projeto, configura\u00e7\u00e3o, instala\u00e7\u00e3o e manuten\u00e7\u00e3o de equipamentos eletr\u00f4nicos computacionais, de redes de computadores e de comunica\u00e7\u00e3o de dados e de sistemas de automa\u00e7\u00e3o; empresas que necessitam instala\u00e7\u00e3o, opera\u00e7\u00e3o e manuten\u00e7\u00e3o de redes de computadores e\/ou de transmiss\u00e3o de dados e\/ou sistemas de automa\u00e7\u00e3o comercial ou industrial.<\/p>\n<p style=\"text-align: justify;\"><strong>Campo de atua\u00e7\u00e3o<\/strong><br \/>\nO Engenheiro de Computadores tem forma\u00e7\u00e3o nas \u00e1reas de Eletr\u00f4nica e de Engenharia da Computa\u00e7\u00e3o necess\u00e1ria ao projeto de hardware e software. O engenheiro define e coordena projetos de sistemas de computa\u00e7\u00e3o; define e implementa arquiteturas computacionais, redes de computadores e\/ou dispositivos eletr\u00f4nicos e processos de automa\u00e7\u00e3o industrial; prop\u00f5e e executa projetos de sistemas embarcados e de tempo real para aplica\u00e7\u00f5es industriais, comerciais e cient\u00edficas; projeta, desenvolve e faz manuten\u00e7\u00e3o em sistemas de software para aplica\u00e7\u00f5es de engenharia e \u00e1reas correlatas; atua em empresas fabricantes de computadores, e em ind\u00fastrias com processos automatizados.<\/p>\n<p style=\"text-align: justify;\"><strong>Engenharia de Controle e Automa\u00e7\u00e3o<\/strong><br \/>\nO curso de Engenharia de Controle e Automa\u00e7\u00e3o foi criado em 2005. Trabalha efetivamente com a automatiza\u00e7\u00e3o e o controle de processos e possibilita a forma\u00e7\u00e3o em quatro grandes \u00e1reas: Mec\u00e2nica (M\u00e1quinas e Motores, Materiais, Projeto e Manufatura Integrada por Computador \u2013 CIM, Rob\u00f3tica e Sistemas de Produ\u00e7\u00e3o); Eletroeletr\u00f4nica (Circuitos El\u00e9tricos e Eletr\u00f4nicos, Eletr\u00f4nica Anal\u00f3gica e Digital, Instrumenta\u00e7\u00e3o, Microprocessadores e Redes Digitais); Inform\u00e1tica (L\u00f3gica e Matem\u00e1tica Computacional, Linguagens de Programa\u00e7\u00e3o, Engenharia de Software e Intelig\u00eancia Artificial); e Controle (Sistemas de Controle, Controles Hidr\u00e1ulicos e Pneum\u00e1ticos, Controles L\u00f3gicos e Program\u00e1veis e Automa\u00e7\u00e3o Industrial).<br \/>\nO curso tem por objetivo a forma\u00e7\u00e3o de um profissional capaz de conceber, especificar, desenvolver, projetar, analisar, implementar, instalar, otimizar, gerir, adaptar, utilizar e manter equipamentos, processos, sistemas de controle e unidades de produ\u00e7\u00e3o automatizadas.<\/p>\n<p style=\"text-align: justify;\"><strong>O profissional<\/strong><br \/>\nO profissional formado estar\u00e1 apto a interpretar, elaborar, executar, supervisionar e orientar projetos de sistemas de automa\u00e7\u00e3o e controle, bem como a estudar e desenvolver m\u00e9todos e processos para produ\u00e7\u00e3o. Al\u00e9m disso, sua forma\u00e7\u00e3o o capacitar\u00e1 para gerenciar, operar e manter sistemas e processos al\u00e9m de desenvolver solu\u00e7\u00f5es em automa\u00e7\u00e3o para quaisquer setores.<\/p>\n<p style=\"text-align: justify;\"><strong>Campo de Atua\u00e7\u00e3o<\/strong><br \/>\nAtua\u00e7\u00e3o pode acontecer em empresas que desenvolvem projetos e constru\u00e7\u00e3o de sistemas mecatr\u00f4nicos e em ind\u00fastrias de equipamentos de controle e automa\u00e7\u00e3o. Locais em que o profissional pode desenvolver atividades de organiza\u00e7\u00e3o, planejamento, execu\u00e7\u00e3o, opera\u00e7\u00e3o e manuten\u00e7\u00e3o de equipamentos e sistemas mecatr\u00f4nicos. Pode, ainda, atuar em atividades de consultoria, treinamento t\u00e9cnico e desenvolvimento de sistemas.<\/p>\n<p style=\"text-align: justify;\">Os sistemas mecatr\u00f4nicos s\u00e3o encontrados em m\u00e1quinas rob\u00f3ticas para manufatura, manipula\u00e7\u00e3o e servi\u00e7os; em equipamentos com controle digital; em ve\u00edculos auto-guiados; em m\u00e1quinas-ferramenta controladas por computador e em m\u00e1quinas rob\u00f3ticas para diagn\u00f3sticos e para reabilita\u00e7\u00e3o em medicina.<\/p>\n<p style=\"text-align: justify;\">Fonte: CEFET-MG Campus Leopoldina | Foto: O Vigilante Online<\/p>\n<div class=\"fphzm69f756fd03615\" ><br><\/div><style type=\"text\/css\">\r\n@media screen and (min-width: 1201px) {\r\n.fphzm69f756fd03615 {\r\ndisplay: block;\r\n}\r\n}\r\n@media screen and (min-width: 993px) and (max-width: 1200px) {\r\n.fphzm69f756fd03615 {\r\ndisplay: block;\r\n}\r\n}\r\n@media screen and (min-width: 769px) and (max-width: 992px) {\r\n.fphzm69f756fd03615 {\r\ndisplay: block;\r\n}\r\n}\r\n@media screen and (min-width: 768px) and (max-width: 768px) {\r\n.fphzm69f756fd03615 {\r\ndisplay: block;\r\n}\r\n}\r\n@media screen and (max-width: 767px) {\r\n.fphzm69f756fd03615 {\r\ndisplay: block;\r\n}\r\n}\r\n<\/style>\r\n<div class=\"ezhms69f756fd089a3\" ><div id=\"div_destino\"><\/div>\r\n<script src=\"https:\/\/cdn.snsrsv.com\/sdk.js\"><\/script>\r\n<script >\r\n      new sdk(\"464030C30061EA8BE065000000000001\") \r\n          .appendTo(\"div_destino\")\r\n          .disableStyle(true) \r\n          .setCacheBusterMacro(\"%%CACHEBUSTER%%\")\r\n          .setSize(\"800\",\"214\")\r\n          .setClickMacro(\"%%CLICK_URL_ESC%%\") \r\n          .setReferrerUrlMacro(\"%%REFERRER_URL_ESC%%\") \r\n          .start(); \r\n<\/script><\/div><style type=\"text\/css\">\r\n@media screen and (min-width: 1201px) {\r\n.ezhms69f756fd089a3 {\r\ndisplay: block;\r\n}\r\n}\r\n@media screen and (min-width: 993px) and (max-width: 1200px) {\r\n.ezhms69f756fd089a3 {\r\ndisplay: block;\r\n}\r\n}\r\n@media screen and (min-width: 769px) and (max-width: 992px) {\r\n.ezhms69f756fd089a3 {\r\ndisplay: block;\r\n}\r\n}\r\n@media screen and (min-width: 768px) and (max-width: 768px) {\r\n.ezhms69f756fd089a3 {\r\ndisplay: block;\r\n}\r\n}\r\n@media screen and (max-width: 767px) {\r\n.ezhms69f756fd089a3 {\r\ndisplay: block;\r\n}\r\n}\r\n<\/style>\r\n","protected":false},"excerpt":{"rendered":"<p>Entre os dias 1\u00ba a 31 de outubro, a Comiss\u00e3o Permanente de Vestibular do Centro Federal de Educa\u00e7\u00e3o Tecnol\u00f3gica de Minas Gerais (COPEVE) recebe inscri\u00e7\u00f5es para o Processo Seletivo do 2\u00ba semestre de 2020. No Campus Leopoldina, est\u00e3o sendo oferecidas<\/p>\n<p class=\"link-more\"><a class=\"more-link\" href=\"https:\/\/marcelolopes.jor.br\/site\/2020\/10\/01\/cefet-mg-em-leopoldina-abre-inscricoes-para-cursos-de-graduacao\/\">Leia mais <span class=\"screen-reader-text\">CEFET-MG em Leopoldina abre inscri\u00e7\u00f5es para cursos de gradua\u00e7\u00e3o<\/span><\/a><\/p>\n","protected":false},"author":2,"featured_media":17792,"comment_status":"open","ping_status":"open","sticky":false,"template":"","format":"standard","meta":{"footnotes":""},"categories":[1],"tags":[395,797,1191,396],"class_list":["post-17790","post","type-post","status-publish","format-standard","has-post-thumbnail","hentry","category-noticias","tag-cefet-leopoldina","tag-curso-superior","tag-inscricoes-abertas","tag-vestibular","thumb-below-title"],"yoast_head":"<!-- This site is optimized with the Yoast SEO plugin v27.4 - https:\/\/yoast.com\/product\/yoast-seo-wordpress\/ -->\n<title>CEFET-MG em Leopoldina abre inscri\u00e7\u00f5es para cursos de gradua\u00e7\u00e3o | Marcelo Lopes<\/title>\n<meta name=\"robots\" content=\"index, follow, max-snippet:-1, max-image-preview:large, max-video-preview:-1\" \/>\n<link rel=\"canonical\" href=\"https:\/\/marcelolopes.jor.br\/site\/2020\/10\/01\/cefet-mg-em-leopoldina-abre-inscricoes-para-cursos-de-graduacao\/\" \/>\n<meta property=\"og:locale\" content=\"pt_BR\" \/>\n<meta property=\"og:type\" content=\"article\" \/>\n<meta property=\"og:title\" content=\"CEFET-MG em Leopoldina abre inscri\u00e7\u00f5es para cursos de gradua\u00e7\u00e3o | Marcelo Lopes\" \/>\n<meta property=\"og:description\" content=\"Entre os dias 1\u00ba a 31 de outubro, a Comiss\u00e3o Permanente de Vestibular do Centro Federal de Educa\u00e7\u00e3o Tecnol\u00f3gica de Minas Gerais (COPEVE) recebe inscri\u00e7\u00f5es para o Processo Seletivo do 2\u00ba semestre de 2020. No Campus Leopoldina, est\u00e3o sendo oferecidasLeia mais CEFET-MG em Leopoldina abre inscri\u00e7\u00f5es para cursos de gradua\u00e7\u00e3o\" \/>\n<meta property=\"og:url\" content=\"https:\/\/marcelolopes.jor.br\/site\/2020\/10\/01\/cefet-mg-em-leopoldina-abre-inscricoes-para-cursos-de-graduacao\/\" \/>\n<meta property=\"og:site_name\" content=\"Marcelo Lopes\" \/>\n<meta property=\"article:publisher\" content=\"https:\/\/www.facebook.com\/sitedomarcelolopes\" \/>\n<meta property=\"article:published_time\" content=\"2020-10-01T19:00:30+00:00\" \/>\n<meta property=\"og:image\" content=\"https:\/\/marcelolopes.jor.br\/site\/wp-content\/uploads\/2020\/10\/b3faafd71f664558b34b0fd075eb3f86.jpg\" \/>\n\t<meta property=\"og:image:width\" content=\"900\" \/>\n\t<meta property=\"og:image:height\" content=\"500\" \/>\n\t<meta property=\"og:image:type\" content=\"image\/jpeg\" \/>\n<meta name=\"author\" content=\"Marcelo Lopes\" \/>\n<meta name=\"twitter:card\" content=\"summary_large_image\" \/>\n<meta name=\"twitter:label1\" content=\"Escrito por\" \/>\n\t<meta name=\"twitter:data1\" content=\"Marcelo Lopes\" \/>\n\t<meta name=\"twitter:label2\" content=\"Est. tempo de leitura\" \/>\n\t<meta name=\"twitter:data2\" content=\"4 minutos\" \/>\n<script type=\"application\/ld+json\" class=\"yoast-schema-graph\">{\"@context\":\"https:\\\/\\\/schema.org\",\"@graph\":[{\"@type\":\"NewsArticle\",\"@id\":\"https:\\\/\\\/marcelolopes.jor.br\\\/site\\\/2020\\\/10\\\/01\\\/cefet-mg-em-leopoldina-abre-inscricoes-para-cursos-de-graduacao\\\/#article\",\"isPartOf\":{\"@id\":\"https:\\\/\\\/marcelolopes.jor.br\\\/site\\\/2020\\\/10\\\/01\\\/cefet-mg-em-leopoldina-abre-inscricoes-para-cursos-de-graduacao\\\/\"},\"author\":{\"name\":\"Marcelo Lopes\",\"@id\":\"https:\\\/\\\/marcelolopes.jor.br\\\/site\\\/#\\\/schema\\\/person\\\/3e7216a35c34d8fdf952b31da3d1f89f\"},\"headline\":\"CEFET-MG em Leopoldina abre inscri\u00e7\u00f5es para cursos de gradua\u00e7\u00e3o\",\"datePublished\":\"2020-10-01T19:00:30+00:00\",\"mainEntityOfPage\":{\"@id\":\"https:\\\/\\\/marcelolopes.jor.br\\\/site\\\/2020\\\/10\\\/01\\\/cefet-mg-em-leopoldina-abre-inscricoes-para-cursos-de-graduacao\\\/\"},\"wordCount\":814,\"commentCount\":0,\"publisher\":{\"@id\":\"https:\\\/\\\/marcelolopes.jor.br\\\/site\\\/#organization\"},\"image\":{\"@id\":\"https:\\\/\\\/marcelolopes.jor.br\\\/site\\\/2020\\\/10\\\/01\\\/cefet-mg-em-leopoldina-abre-inscricoes-para-cursos-de-graduacao\\\/#primaryimage\"},\"thumbnailUrl\":\"https:\\\/\\\/marcelolopes.jor.br\\\/site\\\/wp-content\\\/uploads\\\/2020\\\/10\\\/b3faafd71f664558b34b0fd075eb3f86.jpg\",\"keywords\":[\"Cefet-Leopoldina\",\"curso superior\",\"Inscri\u00e7\u00f5es abertas\",\"vestibular\"],\"articleSection\":[\"Not\u00edcias\"],\"inLanguage\":\"pt-BR\",\"potentialAction\":[{\"@type\":\"CommentAction\",\"name\":\"Comment\",\"target\":[\"https:\\\/\\\/marcelolopes.jor.br\\\/site\\\/2020\\\/10\\\/01\\\/cefet-mg-em-leopoldina-abre-inscricoes-para-cursos-de-graduacao\\\/#respond\"]}]},{\"@type\":\"WebPage\",\"@id\":\"https:\\\/\\\/marcelolopes.jor.br\\\/site\\\/2020\\\/10\\\/01\\\/cefet-mg-em-leopoldina-abre-inscricoes-para-cursos-de-graduacao\\\/\",\"url\":\"https:\\\/\\\/marcelolopes.jor.br\\\/site\\\/2020\\\/10\\\/01\\\/cefet-mg-em-leopoldina-abre-inscricoes-para-cursos-de-graduacao\\\/\",\"name\":\"CEFET-MG em Leopoldina abre inscri\u00e7\u00f5es para cursos de gradua\u00e7\u00e3o | Marcelo Lopes\",\"isPartOf\":{\"@id\":\"https:\\\/\\\/marcelolopes.jor.br\\\/site\\\/#website\"},\"primaryImageOfPage\":{\"@id\":\"https:\\\/\\\/marcelolopes.jor.br\\\/site\\\/2020\\\/10\\\/01\\\/cefet-mg-em-leopoldina-abre-inscricoes-para-cursos-de-graduacao\\\/#primaryimage\"},\"image\":{\"@id\":\"https:\\\/\\\/marcelolopes.jor.br\\\/site\\\/2020\\\/10\\\/01\\\/cefet-mg-em-leopoldina-abre-inscricoes-para-cursos-de-graduacao\\\/#primaryimage\"},\"thumbnailUrl\":\"https:\\\/\\\/marcelolopes.jor.br\\\/site\\\/wp-content\\\/uploads\\\/2020\\\/10\\\/b3faafd71f664558b34b0fd075eb3f86.jpg\",\"datePublished\":\"2020-10-01T19:00:30+00:00\",\"breadcrumb\":{\"@id\":\"https:\\\/\\\/marcelolopes.jor.br\\\/site\\\/2020\\\/10\\\/01\\\/cefet-mg-em-leopoldina-abre-inscricoes-para-cursos-de-graduacao\\\/#breadcrumb\"},\"inLanguage\":\"pt-BR\",\"potentialAction\":[{\"@type\":\"ReadAction\",\"target\":[\"https:\\\/\\\/marcelolopes.jor.br\\\/site\\\/2020\\\/10\\\/01\\\/cefet-mg-em-leopoldina-abre-inscricoes-para-cursos-de-graduacao\\\/\"]}]},{\"@type\":\"ImageObject\",\"inLanguage\":\"pt-BR\",\"@id\":\"https:\\\/\\\/marcelolopes.jor.br\\\/site\\\/2020\\\/10\\\/01\\\/cefet-mg-em-leopoldina-abre-inscricoes-para-cursos-de-graduacao\\\/#primaryimage\",\"url\":\"https:\\\/\\\/marcelolopes.jor.br\\\/site\\\/wp-content\\\/uploads\\\/2020\\\/10\\\/b3faafd71f664558b34b0fd075eb3f86.jpg\",\"contentUrl\":\"https:\\\/\\\/marcelolopes.jor.br\\\/site\\\/wp-content\\\/uploads\\\/2020\\\/10\\\/b3faafd71f664558b34b0fd075eb3f86.jpg\",\"width\":900,\"height\":500},{\"@type\":\"BreadcrumbList\",\"@id\":\"https:\\\/\\\/marcelolopes.jor.br\\\/site\\\/2020\\\/10\\\/01\\\/cefet-mg-em-leopoldina-abre-inscricoes-para-cursos-de-graduacao\\\/#breadcrumb\",\"itemListElement\":[{\"@type\":\"ListItem\",\"position\":1,\"name\":\"Home\",\"item\":\"https:\\\/\\\/marcelolopes.jor.br\\\/site\\\/\"},{\"@type\":\"ListItem\",\"position\":2,\"name\":\"CEFET-MG em Leopoldina abre inscri\u00e7\u00f5es para cursos de gradua\u00e7\u00e3o\"}]},{\"@type\":\"WebSite\",\"@id\":\"https:\\\/\\\/marcelolopes.jor.br\\\/site\\\/#website\",\"url\":\"https:\\\/\\\/marcelolopes.jor.br\\\/site\\\/\",\"name\":\"Marcelo Lopes\",\"description\":\"Not\u00edcias de Cataguases e Regi\u00e3o\",\"publisher\":{\"@id\":\"https:\\\/\\\/marcelolopes.jor.br\\\/site\\\/#organization\"},\"potentialAction\":[{\"@type\":\"SearchAction\",\"target\":{\"@type\":\"EntryPoint\",\"urlTemplate\":\"https:\\\/\\\/marcelolopes.jor.br\\\/site\\\/?s={search_term_string}\"},\"query-input\":{\"@type\":\"PropertyValueSpecification\",\"valueRequired\":true,\"valueName\":\"search_term_string\"}}],\"inLanguage\":\"pt-BR\"},{\"@type\":\"Organization\",\"@id\":\"https:\\\/\\\/marcelolopes.jor.br\\\/site\\\/#organization\",\"name\":\"Site do Marcelo Lopes\",\"url\":\"https:\\\/\\\/marcelolopes.jor.br\\\/site\\\/\",\"logo\":{\"@type\":\"ImageObject\",\"inLanguage\":\"pt-BR\",\"@id\":\"https:\\\/\\\/marcelolopes.jor.br\\\/site\\\/#\\\/schema\\\/logo\\\/image\\\/\",\"url\":\"https:\\\/\\\/marcelolopes.jor.br\\\/site\\\/wp-content\\\/uploads\\\/2024\\\/11\\\/logo-1.png\",\"contentUrl\":\"https:\\\/\\\/marcelolopes.jor.br\\\/site\\\/wp-content\\\/uploads\\\/2024\\\/11\\\/logo-1.png\",\"width\":475,\"height\":80,\"caption\":\"Site do Marcelo Lopes\"},\"image\":{\"@id\":\"https:\\\/\\\/marcelolopes.jor.br\\\/site\\\/#\\\/schema\\\/logo\\\/image\\\/\"},\"sameAs\":[\"https:\\\/\\\/www.facebook.com\\\/sitedomarcelolopes\",\"https:\\\/\\\/www.instagram.com\\\/sitedomarcelolopes\\\/\",\"https:\\\/\\\/www.linkedin.com\\\/company\\\/site-do-marcelo-lopes\\\/\",\"https:\\\/\\\/www.youtube.com\\\/user\\\/marcelolopes957\"]},{\"@type\":\"Person\",\"@id\":\"https:\\\/\\\/marcelolopes.jor.br\\\/site\\\/#\\\/schema\\\/person\\\/3e7216a35c34d8fdf952b31da3d1f89f\",\"name\":\"Marcelo Lopes\",\"sameAs\":[\"http:\\\/\\\/www.marcelolopes.jor.br\"],\"url\":\"https:\\\/\\\/marcelolopes.jor.br\\\/site\\\/author\\\/marcelo\\\/\"}]}<\/script>\n<!-- \/ Yoast SEO plugin. -->","yoast_head_json":{"title":"CEFET-MG em Leopoldina abre inscri\u00e7\u00f5es para cursos de gradua\u00e7\u00e3o | Marcelo Lopes","robots":{"index":"index","follow":"follow","max-snippet":"max-snippet:-1","max-image-preview":"max-image-preview:large","max-video-preview":"max-video-preview:-1"},"canonical":"https:\/\/marcelolopes.jor.br\/site\/2020\/10\/01\/cefet-mg-em-leopoldina-abre-inscricoes-para-cursos-de-graduacao\/","og_locale":"pt_BR","og_type":"article","og_title":"CEFET-MG em Leopoldina abre inscri\u00e7\u00f5es para cursos de gradua\u00e7\u00e3o | Marcelo Lopes","og_description":"Entre os dias 1\u00ba a 31 de outubro, a Comiss\u00e3o Permanente de Vestibular do Centro Federal de Educa\u00e7\u00e3o Tecnol\u00f3gica de Minas Gerais (COPEVE) recebe inscri\u00e7\u00f5es para o Processo Seletivo do 2\u00ba semestre de 2020. No Campus Leopoldina, est\u00e3o sendo oferecidasLeia mais CEFET-MG em Leopoldina abre inscri\u00e7\u00f5es para cursos de gradua\u00e7\u00e3o","og_url":"https:\/\/marcelolopes.jor.br\/site\/2020\/10\/01\/cefet-mg-em-leopoldina-abre-inscricoes-para-cursos-de-graduacao\/","og_site_name":"Marcelo Lopes","article_publisher":"https:\/\/www.facebook.com\/sitedomarcelolopes","article_published_time":"2020-10-01T19:00:30+00:00","og_image":[{"width":900,"height":500,"url":"https:\/\/marcelolopes.jor.br\/site\/wp-content\/uploads\/2020\/10\/b3faafd71f664558b34b0fd075eb3f86.jpg","type":"image\/jpeg"}],"author":"Marcelo Lopes","twitter_card":"summary_large_image","twitter_misc":{"Escrito por":"Marcelo Lopes","Est. tempo de leitura":"4 minutos"},"schema":{"@context":"https:\/\/schema.org","@graph":[{"@type":"NewsArticle","@id":"https:\/\/marcelolopes.jor.br\/site\/2020\/10\/01\/cefet-mg-em-leopoldina-abre-inscricoes-para-cursos-de-graduacao\/#article","isPartOf":{"@id":"https:\/\/marcelolopes.jor.br\/site\/2020\/10\/01\/cefet-mg-em-leopoldina-abre-inscricoes-para-cursos-de-graduacao\/"},"author":{"name":"Marcelo Lopes","@id":"https:\/\/marcelolopes.jor.br\/site\/#\/schema\/person\/3e7216a35c34d8fdf952b31da3d1f89f"},"headline":"CEFET-MG em Leopoldina abre inscri\u00e7\u00f5es para cursos de gradua\u00e7\u00e3o","datePublished":"2020-10-01T19:00:30+00:00","mainEntityOfPage":{"@id":"https:\/\/marcelolopes.jor.br\/site\/2020\/10\/01\/cefet-mg-em-leopoldina-abre-inscricoes-para-cursos-de-graduacao\/"},"wordCount":814,"commentCount":0,"publisher":{"@id":"https:\/\/marcelolopes.jor.br\/site\/#organization"},"image":{"@id":"https:\/\/marcelolopes.jor.br\/site\/2020\/10\/01\/cefet-mg-em-leopoldina-abre-inscricoes-para-cursos-de-graduacao\/#primaryimage"},"thumbnailUrl":"https:\/\/marcelolopes.jor.br\/site\/wp-content\/uploads\/2020\/10\/b3faafd71f664558b34b0fd075eb3f86.jpg","keywords":["Cefet-Leopoldina","curso superior","Inscri\u00e7\u00f5es abertas","vestibular"],"articleSection":["Not\u00edcias"],"inLanguage":"pt-BR","potentialAction":[{"@type":"CommentAction","name":"Comment","target":["https:\/\/marcelolopes.jor.br\/site\/2020\/10\/01\/cefet-mg-em-leopoldina-abre-inscricoes-para-cursos-de-graduacao\/#respond"]}]},{"@type":"WebPage","@id":"https:\/\/marcelolopes.jor.br\/site\/2020\/10\/01\/cefet-mg-em-leopoldina-abre-inscricoes-para-cursos-de-graduacao\/","url":"https:\/\/marcelolopes.jor.br\/site\/2020\/10\/01\/cefet-mg-em-leopoldina-abre-inscricoes-para-cursos-de-graduacao\/","name":"CEFET-MG em Leopoldina abre inscri\u00e7\u00f5es para cursos de gradua\u00e7\u00e3o | Marcelo Lopes","isPartOf":{"@id":"https:\/\/marcelolopes.jor.br\/site\/#website"},"primaryImageOfPage":{"@id":"https:\/\/marcelolopes.jor.br\/site\/2020\/10\/01\/cefet-mg-em-leopoldina-abre-inscricoes-para-cursos-de-graduacao\/#primaryimage"},"image":{"@id":"https:\/\/marcelolopes.jor.br\/site\/2020\/10\/01\/cefet-mg-em-leopoldina-abre-inscricoes-para-cursos-de-graduacao\/#primaryimage"},"thumbnailUrl":"https:\/\/marcelolopes.jor.br\/site\/wp-content\/uploads\/2020\/10\/b3faafd71f664558b34b0fd075eb3f86.jpg","datePublished":"2020-10-01T19:00:30+00:00","breadcrumb":{"@id":"https:\/\/marcelolopes.jor.br\/site\/2020\/10\/01\/cefet-mg-em-leopoldina-abre-inscricoes-para-cursos-de-graduacao\/#breadcrumb"},"inLanguage":"pt-BR","potentialAction":[{"@type":"ReadAction","target":["https:\/\/marcelolopes.jor.br\/site\/2020\/10\/01\/cefet-mg-em-leopoldina-abre-inscricoes-para-cursos-de-graduacao\/"]}]},{"@type":"ImageObject","inLanguage":"pt-BR","@id":"https:\/\/marcelolopes.jor.br\/site\/2020\/10\/01\/cefet-mg-em-leopoldina-abre-inscricoes-para-cursos-de-graduacao\/#primaryimage","url":"https:\/\/marcelolopes.jor.br\/site\/wp-content\/uploads\/2020\/10\/b3faafd71f664558b34b0fd075eb3f86.jpg","contentUrl":"https:\/\/marcelolopes.jor.br\/site\/wp-content\/uploads\/2020\/10\/b3faafd71f664558b34b0fd075eb3f86.jpg","width":900,"height":500},{"@type":"BreadcrumbList","@id":"https:\/\/marcelolopes.jor.br\/site\/2020\/10\/01\/cefet-mg-em-leopoldina-abre-inscricoes-para-cursos-de-graduacao\/#breadcrumb","itemListElement":[{"@type":"ListItem","position":1,"name":"Home","item":"https:\/\/marcelolopes.jor.br\/site\/"},{"@type":"ListItem","position":2,"name":"CEFET-MG em Leopoldina abre inscri\u00e7\u00f5es para cursos de gradua\u00e7\u00e3o"}]},{"@type":"WebSite","@id":"https:\/\/marcelolopes.jor.br\/site\/#website","url":"https:\/\/marcelolopes.jor.br\/site\/","name":"Marcelo Lopes","description":"Not\u00edcias de Cataguases e Regi\u00e3o","publisher":{"@id":"https:\/\/marcelolopes.jor.br\/site\/#organization"},"potentialAction":[{"@type":"SearchAction","target":{"@type":"EntryPoint","urlTemplate":"https:\/\/marcelolopes.jor.br\/site\/?s={search_term_string}"},"query-input":{"@type":"PropertyValueSpecification","valueRequired":true,"valueName":"search_term_string"}}],"inLanguage":"pt-BR"},{"@type":"Organization","@id":"https:\/\/marcelolopes.jor.br\/site\/#organization","name":"Site do Marcelo Lopes","url":"https:\/\/marcelolopes.jor.br\/site\/","logo":{"@type":"ImageObject","inLanguage":"pt-BR","@id":"https:\/\/marcelolopes.jor.br\/site\/#\/schema\/logo\/image\/","url":"https:\/\/marcelolopes.jor.br\/site\/wp-content\/uploads\/2024\/11\/logo-1.png","contentUrl":"https:\/\/marcelolopes.jor.br\/site\/wp-content\/uploads\/2024\/11\/logo-1.png","width":475,"height":80,"caption":"Site do Marcelo Lopes"},"image":{"@id":"https:\/\/marcelolopes.jor.br\/site\/#\/schema\/logo\/image\/"},"sameAs":["https:\/\/www.facebook.com\/sitedomarcelolopes","https:\/\/www.instagram.com\/sitedomarcelolopes\/","https:\/\/www.linkedin.com\/company\/site-do-marcelo-lopes\/","https:\/\/www.youtube.com\/user\/marcelolopes957"]},{"@type":"Person","@id":"https:\/\/marcelolopes.jor.br\/site\/#\/schema\/person\/3e7216a35c34d8fdf952b31da3d1f89f","name":"Marcelo Lopes","sameAs":["http:\/\/www.marcelolopes.jor.br"],"url":"https:\/\/marcelolopes.jor.br\/site\/author\/marcelo\/"}]}},"wps_subtitle":"S\u00e3o 60 vagas para dois cursos e as inscri\u00e7\u00f5es v\u00e3o at\u00e9 o dia 31 de outubro.","_links":{"self":[{"href":"https:\/\/marcelolopes.jor.br\/site\/wp-json\/wp\/v2\/posts\/17790","targetHints":{"allow":["GET"]}}],"collection":[{"href":"https:\/\/marcelolopes.jor.br\/site\/wp-json\/wp\/v2\/posts"}],"about":[{"href":"https:\/\/marcelolopes.jor.br\/site\/wp-json\/wp\/v2\/types\/post"}],"author":[{"embeddable":true,"href":"https:\/\/marcelolopes.jor.br\/site\/wp-json\/wp\/v2\/users\/2"}],"replies":[{"embeddable":true,"href":"https:\/\/marcelolopes.jor.br\/site\/wp-json\/wp\/v2\/comments?post=17790"}],"version-history":[{"count":0,"href":"https:\/\/marcelolopes.jor.br\/site\/wp-json\/wp\/v2\/posts\/17790\/revisions"}],"wp:featuredmedia":[{"embeddable":true,"href":"https:\/\/marcelolopes.jor.br\/site\/wp-json\/wp\/v2\/media\/17792"}],"wp:attachment":[{"href":"https:\/\/marcelolopes.jor.br\/site\/wp-json\/wp\/v2\/media?parent=17790"}],"wp:term":[{"taxonomy":"category","embeddable":true,"href":"https:\/\/marcelolopes.jor.br\/site\/wp-json\/wp\/v2\/categories?post=17790"},{"taxonomy":"post_tag","embeddable":true,"href":"https:\/\/marcelolopes.jor.br\/site\/wp-json\/wp\/v2\/tags?post=17790"}],"curies":[{"name":"wp","href":"https:\/\/api.w.org\/{rel}","templated":true}]}}