{"id":17769,"date":"2020-10-01T07:00:52","date_gmt":"2020-10-01T10:00:52","guid":{"rendered":"https:\/\/marcelolopes.jor.br\/?p=17769"},"modified":"2020-09-30T22:34:46","modified_gmt":"2020-10-01T01:34:46","slug":"renovacao-de-matricula-para-2021-na-rede-estadual-sera-on-line","status":"publish","type":"post","link":"https:\/\/marcelolopes.jor.br\/site\/2020\/10\/01\/renovacao-de-matricula-para-2021-na-rede-estadual-sera-on-line\/","title":{"rendered":"Renova\u00e7\u00e3o de matr\u00edcula para 2021 na rede estadual ser\u00e1 on-line"},"content":{"rendered":"<p class=\"p1\" style=\"text-align: justify;\"><span style=\"font-size: 1rem; -webkit-text-size-adjust: 100%;\">A renova\u00e7\u00e3o da matr\u00edcula dos estudantes da rede p\u00fablica estadual de Minas que pretendem permanecer na mesma escola estar\u00e1 aberta entre 9 e 30\/10. Neste ano, de acordo com a Resolu\u00e7\u00e3o SEE 4.421, publicada nesta quarta-feira (30\/9),\u00a0<\/span><a style=\"font-size: 1rem; -webkit-text-size-adjust: 100%;\" href=\"https:\/\/www.jornalminasgerais.mg.gov.br\/?dataJornal=2020-09-30#caderno-jornal\">na p\u00e1gina 24, do Di\u00e1rio Oficial do Estado<\/a><span style=\"font-size: 1rem; -webkit-text-size-adjust: 100%;\">, o processo ser\u00e1 feito de forma on-line, sem necessidade de comparecimento\u00a0\u00e0 unidade de ensino.<\/span><br \/>\n<!--more--><\/p>\n<p class=\"p1\" style=\"text-align: justify;\"><span class=\"s1\">A renova\u00e7\u00e3o de matr\u00edcula ser\u00e1 formalizada pelos respons\u00e1veis ou pelo pr\u00f3prio aluno, quando maior de idade, no endere\u00e7o\u00a0<a href=\"http:\/\/www.renovacao.educacao.mg.gov.br\/\">www.renovacao.educacao.mg.gov.br<\/a>. No caso dos estudantes que n\u00e3o t\u00eam acesso \u00e0 internet, as fam\u00edlias devem entrar em contato com a escola por telefone, aplicativo de mensagens\u00a0ou\u00a0outros meios dispon\u00edveis, dentro deste mesmo per\u00edodo.\u00a0<\/span><\/p>\n<p class=\"p1\" style=\"text-align: justify;\"><span class=\"s1\">O aluno que j\u00e1 est\u00e1 matriculado, em 2020, na escola estadual, e que dar\u00e1 continuidade aos estudos em 2021, ter\u00e1 assegurado o direito de perman\u00eancia na mesma unidade de ensino, desde que haja turmas previstas para o ano seguinte ou, nos casos de reten\u00e7\u00e3o, para o mesmo ano que cursou. Para quem pretende mudar de escola ou trocar de outra rede para a estadual, ser\u00e1 preciso aguardar o cadastramento escolar, em novembro.<\/span><\/p>\n<p class=\"p1\" style=\"text-align: justify;\"><span class=\"s1\">Os documentos que comprovam os dados informados na renova\u00e7\u00e3o de matr\u00edcula podem ser solicitados pela escola quando houver retorno \u00e0s atividades presenciais.\u00a0<\/span><\/p>\n<p class=\"p1\"><span class=\"s2\"><b>Processo<\/b><\/span><\/p>\n<p class=\"p1\" style=\"text-align: justify;\"><span class=\"s1\">Para\u00a0renovar a\u00a0matr\u00edcula, pais\/respons\u00e1veis ou o aluno com mais de 18 anos devem acessar o site\u00a0<a href=\"http:\/\/renovacao.educacao.mg.gov.br\/\">renovacao.educacao.mg.gov.br<\/a>\u00a0entre 9 e 30\/10. Ser\u00e1 necess\u00e1rio inserir o n\u00famero da matr\u00edcula no campo destinado ao login, e a data de nascimento com dia, m\u00eas e ano com os quatro d\u00edgitos (sem barras), no espa\u00e7o destinado \u00e0 senha.<\/span><\/p>\n<p class=\"p1\" style=\"text-align: justify;\"><span class=\"s1\">Caso o estudante n\u00e3o tenha o n\u00famero da matr\u00edcula, basta clicar na op\u00e7\u00e3o \u201crecuperar n\u00famero de matr\u00edcula do aluno\u201d. Com isso, o sistema solicitar\u00e1 identifica\u00e7\u00e3o da escola onde o aluno est\u00e1 matriculado, seu nome completo, data de nascimento e o nome da m\u00e3e ou do pai.<\/span><\/p>\n<p class=\"p1\" style=\"text-align: justify;\"><span class=\"s1\">Ao concluir o procedimento, ser\u00e1 disponibilizado o comprovante de renova\u00e7\u00e3o, que pode ser impresso ou salvo em formato PDF.<\/span><\/p>\n<p class=\"p1\"><span class=\"s1\">Fonte e foto: Ag\u00eancia Minas<\/span><\/p>\n<div class=\"ruope69f732bc70734\" ><br><\/div><style type=\"text\/css\">\r\n@media screen and (min-width: 1201px) {\r\n.ruope69f732bc70734 {\r\ndisplay: block;\r\n}\r\n}\r\n@media screen and (min-width: 993px) and (max-width: 1200px) {\r\n.ruope69f732bc70734 {\r\ndisplay: block;\r\n}\r\n}\r\n@media screen and (min-width: 769px) and (max-width: 992px) {\r\n.ruope69f732bc70734 {\r\ndisplay: block;\r\n}\r\n}\r\n@media screen and (min-width: 768px) and (max-width: 768px) {\r\n.ruope69f732bc70734 {\r\ndisplay: block;\r\n}\r\n}\r\n@media screen and (max-width: 767px) {\r\n.ruope69f732bc70734 {\r\ndisplay: block;\r\n}\r\n}\r\n<\/style>\r\n<div class=\"yhlek69f732bc76888\" ><div id=\"div_destino\"><\/div>\r\n<script src=\"https:\/\/cdn.snsrsv.com\/sdk.js\"><\/script>\r\n<script >\r\n      new sdk(\"464030C30061EA8BE065000000000001\") \r\n          .appendTo(\"div_destino\")\r\n          .disableStyle(true) \r\n          .setCacheBusterMacro(\"%%CACHEBUSTER%%\")\r\n          .setSize(\"800\",\"214\")\r\n          .setClickMacro(\"%%CLICK_URL_ESC%%\") \r\n          .setReferrerUrlMacro(\"%%REFERRER_URL_ESC%%\") \r\n          .start(); \r\n<\/script><\/div><style type=\"text\/css\">\r\n@media screen and (min-width: 1201px) {\r\n.yhlek69f732bc76888 {\r\ndisplay: block;\r\n}\r\n}\r\n@media screen and (min-width: 993px) and (max-width: 1200px) {\r\n.yhlek69f732bc76888 {\r\ndisplay: block;\r\n}\r\n}\r\n@media screen and (min-width: 769px) and (max-width: 992px) {\r\n.yhlek69f732bc76888 {\r\ndisplay: block;\r\n}\r\n}\r\n@media screen and (min-width: 768px) and (max-width: 768px) {\r\n.yhlek69f732bc76888 {\r\ndisplay: block;\r\n}\r\n}\r\n@media screen and (max-width: 767px) {\r\n.yhlek69f732bc76888 {\r\ndisplay: block;\r\n}\r\n}\r\n<\/style>\r\n","protected":false},"excerpt":{"rendered":"<p>A renova\u00e7\u00e3o da matr\u00edcula dos estudantes da rede p\u00fablica estadual de Minas que pretendem permanecer na mesma escola estar\u00e1 aberta entre 9 e 30\/10. Neste ano, de acordo com a Resolu\u00e7\u00e3o SEE 4.421, publicada nesta quarta-feira (30\/9),\u00a0na p\u00e1gina 24, do<\/p>\n<p class=\"link-more\"><a class=\"more-link\" href=\"https:\/\/marcelolopes.jor.br\/site\/2020\/10\/01\/renovacao-de-matricula-para-2021-na-rede-estadual-sera-on-line\/\">Leia mais <span class=\"screen-reader-text\">Renova\u00e7\u00e3o de matr\u00edcula para 2021 na rede estadual ser\u00e1 on-line<\/span><\/a><\/p>\n","protected":false},"author":2,"featured_media":17771,"comment_status":"open","ping_status":"open","sticky":false,"template":"","format":"standard","meta":{"footnotes":""},"categories":[1],"tags":[],"class_list":["post-17769","post","type-post","status-publish","format-standard","has-post-thumbnail","hentry","category-noticias","thumb-below-title"],"yoast_head":"<!-- This site is optimized with the Yoast SEO plugin v27.4 - https:\/\/yoast.com\/product\/yoast-seo-wordpress\/ -->\n<title>Renova\u00e7\u00e3o de matr\u00edcula para 2021 na rede estadual ser\u00e1 on-line | Marcelo Lopes<\/title>\n<meta name=\"robots\" content=\"index, follow, max-snippet:-1, max-image-preview:large, max-video-preview:-1\" \/>\n<link rel=\"canonical\" href=\"https:\/\/marcelolopes.jor.br\/site\/2020\/10\/01\/renovacao-de-matricula-para-2021-na-rede-estadual-sera-on-line\/\" \/>\n<meta property=\"og:locale\" content=\"pt_BR\" \/>\n<meta property=\"og:type\" content=\"article\" \/>\n<meta property=\"og:title\" content=\"Renova\u00e7\u00e3o de matr\u00edcula para 2021 na rede estadual ser\u00e1 on-line | Marcelo Lopes\" \/>\n<meta property=\"og:description\" content=\"A renova\u00e7\u00e3o da matr\u00edcula dos estudantes da rede p\u00fablica estadual de Minas que pretendem permanecer na mesma escola estar\u00e1 aberta entre 9 e 30\/10. Neste ano, de acordo com a Resolu\u00e7\u00e3o SEE 4.421, publicada nesta quarta-feira (30\/9),\u00a0na p\u00e1gina 24, doLeia mais Renova\u00e7\u00e3o de matr\u00edcula para 2021 na rede estadual ser\u00e1 on-line\" \/>\n<meta property=\"og:url\" content=\"https:\/\/marcelolopes.jor.br\/site\/2020\/10\/01\/renovacao-de-matricula-para-2021-na-rede-estadual-sera-on-line\/\" \/>\n<meta property=\"og:site_name\" content=\"Marcelo Lopes\" \/>\n<meta property=\"article:publisher\" content=\"https:\/\/www.facebook.com\/sitedomarcelolopes\" \/>\n<meta property=\"article:published_time\" content=\"2020-10-01T10:00:52+00:00\" \/>\n<meta property=\"og:image\" content=\"https:\/\/marcelolopes.jor.br\/site\/wp-content\/uploads\/2020\/09\/F4814743-73B9-49BC-9CE5-682D1D6C2814.jpeg\" \/>\n\t<meta property=\"og:image:width\" content=\"940\" \/>\n\t<meta property=\"og:image:height\" content=\"350\" \/>\n\t<meta property=\"og:image:type\" content=\"image\/jpeg\" \/>\n<meta name=\"author\" content=\"Marcelo Lopes\" \/>\n<meta name=\"twitter:card\" content=\"summary_large_image\" \/>\n<meta name=\"twitter:label1\" content=\"Escrito por\" \/>\n\t<meta name=\"twitter:data1\" content=\"Marcelo Lopes\" \/>\n\t<meta name=\"twitter:label2\" content=\"Est. tempo de leitura\" \/>\n\t<meta name=\"twitter:data2\" content=\"2 minutos\" \/>\n<script type=\"application\/ld+json\" class=\"yoast-schema-graph\">{\"@context\":\"https:\\\/\\\/schema.org\",\"@graph\":[{\"@type\":\"NewsArticle\",\"@id\":\"https:\\\/\\\/marcelolopes.jor.br\\\/site\\\/2020\\\/10\\\/01\\\/renovacao-de-matricula-para-2021-na-rede-estadual-sera-on-line\\\/#article\",\"isPartOf\":{\"@id\":\"https:\\\/\\\/marcelolopes.jor.br\\\/site\\\/2020\\\/10\\\/01\\\/renovacao-de-matricula-para-2021-na-rede-estadual-sera-on-line\\\/\"},\"author\":{\"name\":\"Marcelo Lopes\",\"@id\":\"https:\\\/\\\/marcelolopes.jor.br\\\/site\\\/#\\\/schema\\\/person\\\/3e7216a35c34d8fdf952b31da3d1f89f\"},\"headline\":\"Renova\u00e7\u00e3o de matr\u00edcula para 2021 na rede estadual ser\u00e1 on-line\",\"datePublished\":\"2020-10-01T10:00:52+00:00\",\"mainEntityOfPage\":{\"@id\":\"https:\\\/\\\/marcelolopes.jor.br\\\/site\\\/2020\\\/10\\\/01\\\/renovacao-de-matricula-para-2021-na-rede-estadual-sera-on-line\\\/\"},\"wordCount\":377,\"commentCount\":0,\"publisher\":{\"@id\":\"https:\\\/\\\/marcelolopes.jor.br\\\/site\\\/#organization\"},\"image\":{\"@id\":\"https:\\\/\\\/marcelolopes.jor.br\\\/site\\\/2020\\\/10\\\/01\\\/renovacao-de-matricula-para-2021-na-rede-estadual-sera-on-line\\\/#primaryimage\"},\"thumbnailUrl\":\"https:\\\/\\\/marcelolopes.jor.br\\\/site\\\/wp-content\\\/uploads\\\/2020\\\/09\\\/F4814743-73B9-49BC-9CE5-682D1D6C2814.jpeg\",\"articleSection\":[\"Not\u00edcias\"],\"inLanguage\":\"pt-BR\",\"potentialAction\":[{\"@type\":\"CommentAction\",\"name\":\"Comment\",\"target\":[\"https:\\\/\\\/marcelolopes.jor.br\\\/site\\\/2020\\\/10\\\/01\\\/renovacao-de-matricula-para-2021-na-rede-estadual-sera-on-line\\\/#respond\"]}]},{\"@type\":\"WebPage\",\"@id\":\"https:\\\/\\\/marcelolopes.jor.br\\\/site\\\/2020\\\/10\\\/01\\\/renovacao-de-matricula-para-2021-na-rede-estadual-sera-on-line\\\/\",\"url\":\"https:\\\/\\\/marcelolopes.jor.br\\\/site\\\/2020\\\/10\\\/01\\\/renovacao-de-matricula-para-2021-na-rede-estadual-sera-on-line\\\/\",\"name\":\"Renova\u00e7\u00e3o de matr\u00edcula para 2021 na rede estadual ser\u00e1 on-line | Marcelo Lopes\",\"isPartOf\":{\"@id\":\"https:\\\/\\\/marcelolopes.jor.br\\\/site\\\/#website\"},\"primaryImageOfPage\":{\"@id\":\"https:\\\/\\\/marcelolopes.jor.br\\\/site\\\/2020\\\/10\\\/01\\\/renovacao-de-matricula-para-2021-na-rede-estadual-sera-on-line\\\/#primaryimage\"},\"image\":{\"@id\":\"https:\\\/\\\/marcelolopes.jor.br\\\/site\\\/2020\\\/10\\\/01\\\/renovacao-de-matricula-para-2021-na-rede-estadual-sera-on-line\\\/#primaryimage\"},\"thumbnailUrl\":\"https:\\\/\\\/marcelolopes.jor.br\\\/site\\\/wp-content\\\/uploads\\\/2020\\\/09\\\/F4814743-73B9-49BC-9CE5-682D1D6C2814.jpeg\",\"datePublished\":\"2020-10-01T10:00:52+00:00\",\"breadcrumb\":{\"@id\":\"https:\\\/\\\/marcelolopes.jor.br\\\/site\\\/2020\\\/10\\\/01\\\/renovacao-de-matricula-para-2021-na-rede-estadual-sera-on-line\\\/#breadcrumb\"},\"inLanguage\":\"pt-BR\",\"potentialAction\":[{\"@type\":\"ReadAction\",\"target\":[\"https:\\\/\\\/marcelolopes.jor.br\\\/site\\\/2020\\\/10\\\/01\\\/renovacao-de-matricula-para-2021-na-rede-estadual-sera-on-line\\\/\"]}]},{\"@type\":\"ImageObject\",\"inLanguage\":\"pt-BR\",\"@id\":\"https:\\\/\\\/marcelolopes.jor.br\\\/site\\\/2020\\\/10\\\/01\\\/renovacao-de-matricula-para-2021-na-rede-estadual-sera-on-line\\\/#primaryimage\",\"url\":\"https:\\\/\\\/marcelolopes.jor.br\\\/site\\\/wp-content\\\/uploads\\\/2020\\\/09\\\/F4814743-73B9-49BC-9CE5-682D1D6C2814.jpeg\",\"contentUrl\":\"https:\\\/\\\/marcelolopes.jor.br\\\/site\\\/wp-content\\\/uploads\\\/2020\\\/09\\\/F4814743-73B9-49BC-9CE5-682D1D6C2814.jpeg\",\"width\":940,\"height\":350},{\"@type\":\"BreadcrumbList\",\"@id\":\"https:\\\/\\\/marcelolopes.jor.br\\\/site\\\/2020\\\/10\\\/01\\\/renovacao-de-matricula-para-2021-na-rede-estadual-sera-on-line\\\/#breadcrumb\",\"itemListElement\":[{\"@type\":\"ListItem\",\"position\":1,\"name\":\"Home\",\"item\":\"https:\\\/\\\/marcelolopes.jor.br\\\/site\\\/\"},{\"@type\":\"ListItem\",\"position\":2,\"name\":\"Renova\u00e7\u00e3o de matr\u00edcula para 2021 na rede estadual ser\u00e1 on-line\"}]},{\"@type\":\"WebSite\",\"@id\":\"https:\\\/\\\/marcelolopes.jor.br\\\/site\\\/#website\",\"url\":\"https:\\\/\\\/marcelolopes.jor.br\\\/site\\\/\",\"name\":\"Marcelo Lopes\",\"description\":\"Not\u00edcias de Cataguases e Regi\u00e3o\",\"publisher\":{\"@id\":\"https:\\\/\\\/marcelolopes.jor.br\\\/site\\\/#organization\"},\"potentialAction\":[{\"@type\":\"SearchAction\",\"target\":{\"@type\":\"EntryPoint\",\"urlTemplate\":\"https:\\\/\\\/marcelolopes.jor.br\\\/site\\\/?s={search_term_string}\"},\"query-input\":{\"@type\":\"PropertyValueSpecification\",\"valueRequired\":true,\"valueName\":\"search_term_string\"}}],\"inLanguage\":\"pt-BR\"},{\"@type\":\"Organization\",\"@id\":\"https:\\\/\\\/marcelolopes.jor.br\\\/site\\\/#organization\",\"name\":\"Site do Marcelo Lopes\",\"url\":\"https:\\\/\\\/marcelolopes.jor.br\\\/site\\\/\",\"logo\":{\"@type\":\"ImageObject\",\"inLanguage\":\"pt-BR\",\"@id\":\"https:\\\/\\\/marcelolopes.jor.br\\\/site\\\/#\\\/schema\\\/logo\\\/image\\\/\",\"url\":\"https:\\\/\\\/marcelolopes.jor.br\\\/site\\\/wp-content\\\/uploads\\\/2024\\\/11\\\/logo-1.png\",\"contentUrl\":\"https:\\\/\\\/marcelolopes.jor.br\\\/site\\\/wp-content\\\/uploads\\\/2024\\\/11\\\/logo-1.png\",\"width\":475,\"height\":80,\"caption\":\"Site do Marcelo Lopes\"},\"image\":{\"@id\":\"https:\\\/\\\/marcelolopes.jor.br\\\/site\\\/#\\\/schema\\\/logo\\\/image\\\/\"},\"sameAs\":[\"https:\\\/\\\/www.facebook.com\\\/sitedomarcelolopes\",\"https:\\\/\\\/www.instagram.com\\\/sitedomarcelolopes\\\/\",\"https:\\\/\\\/www.linkedin.com\\\/company\\\/site-do-marcelo-lopes\\\/\",\"https:\\\/\\\/www.youtube.com\\\/user\\\/marcelolopes957\"]},{\"@type\":\"Person\",\"@id\":\"https:\\\/\\\/marcelolopes.jor.br\\\/site\\\/#\\\/schema\\\/person\\\/3e7216a35c34d8fdf952b31da3d1f89f\",\"name\":\"Marcelo Lopes\",\"sameAs\":[\"http:\\\/\\\/www.marcelolopes.jor.br\"],\"url\":\"https:\\\/\\\/marcelolopes.jor.br\\\/site\\\/author\\\/marcelo\\\/\"}]}<\/script>\n<!-- \/ Yoast SEO plugin. -->","yoast_head_json":{"title":"Renova\u00e7\u00e3o de matr\u00edcula para 2021 na rede estadual ser\u00e1 on-line | Marcelo Lopes","robots":{"index":"index","follow":"follow","max-snippet":"max-snippet:-1","max-image-preview":"max-image-preview:large","max-video-preview":"max-video-preview:-1"},"canonical":"https:\/\/marcelolopes.jor.br\/site\/2020\/10\/01\/renovacao-de-matricula-para-2021-na-rede-estadual-sera-on-line\/","og_locale":"pt_BR","og_type":"article","og_title":"Renova\u00e7\u00e3o de matr\u00edcula para 2021 na rede estadual ser\u00e1 on-line | Marcelo Lopes","og_description":"A renova\u00e7\u00e3o da matr\u00edcula dos estudantes da rede p\u00fablica estadual de Minas que pretendem permanecer na mesma escola estar\u00e1 aberta entre 9 e 30\/10. Neste ano, de acordo com a Resolu\u00e7\u00e3o SEE 4.421, publicada nesta quarta-feira (30\/9),\u00a0na p\u00e1gina 24, doLeia mais Renova\u00e7\u00e3o de matr\u00edcula para 2021 na rede estadual ser\u00e1 on-line","og_url":"https:\/\/marcelolopes.jor.br\/site\/2020\/10\/01\/renovacao-de-matricula-para-2021-na-rede-estadual-sera-on-line\/","og_site_name":"Marcelo Lopes","article_publisher":"https:\/\/www.facebook.com\/sitedomarcelolopes","article_published_time":"2020-10-01T10:00:52+00:00","og_image":[{"width":940,"height":350,"url":"https:\/\/marcelolopes.jor.br\/site\/wp-content\/uploads\/2020\/09\/F4814743-73B9-49BC-9CE5-682D1D6C2814.jpeg","type":"image\/jpeg"}],"author":"Marcelo Lopes","twitter_card":"summary_large_image","twitter_misc":{"Escrito por":"Marcelo Lopes","Est. tempo de leitura":"2 minutos"},"schema":{"@context":"https:\/\/schema.org","@graph":[{"@type":"NewsArticle","@id":"https:\/\/marcelolopes.jor.br\/site\/2020\/10\/01\/renovacao-de-matricula-para-2021-na-rede-estadual-sera-on-line\/#article","isPartOf":{"@id":"https:\/\/marcelolopes.jor.br\/site\/2020\/10\/01\/renovacao-de-matricula-para-2021-na-rede-estadual-sera-on-line\/"},"author":{"name":"Marcelo Lopes","@id":"https:\/\/marcelolopes.jor.br\/site\/#\/schema\/person\/3e7216a35c34d8fdf952b31da3d1f89f"},"headline":"Renova\u00e7\u00e3o de matr\u00edcula para 2021 na rede estadual ser\u00e1 on-line","datePublished":"2020-10-01T10:00:52+00:00","mainEntityOfPage":{"@id":"https:\/\/marcelolopes.jor.br\/site\/2020\/10\/01\/renovacao-de-matricula-para-2021-na-rede-estadual-sera-on-line\/"},"wordCount":377,"commentCount":0,"publisher":{"@id":"https:\/\/marcelolopes.jor.br\/site\/#organization"},"image":{"@id":"https:\/\/marcelolopes.jor.br\/site\/2020\/10\/01\/renovacao-de-matricula-para-2021-na-rede-estadual-sera-on-line\/#primaryimage"},"thumbnailUrl":"https:\/\/marcelolopes.jor.br\/site\/wp-content\/uploads\/2020\/09\/F4814743-73B9-49BC-9CE5-682D1D6C2814.jpeg","articleSection":["Not\u00edcias"],"inLanguage":"pt-BR","potentialAction":[{"@type":"CommentAction","name":"Comment","target":["https:\/\/marcelolopes.jor.br\/site\/2020\/10\/01\/renovacao-de-matricula-para-2021-na-rede-estadual-sera-on-line\/#respond"]}]},{"@type":"WebPage","@id":"https:\/\/marcelolopes.jor.br\/site\/2020\/10\/01\/renovacao-de-matricula-para-2021-na-rede-estadual-sera-on-line\/","url":"https:\/\/marcelolopes.jor.br\/site\/2020\/10\/01\/renovacao-de-matricula-para-2021-na-rede-estadual-sera-on-line\/","name":"Renova\u00e7\u00e3o de matr\u00edcula para 2021 na rede estadual ser\u00e1 on-line | Marcelo Lopes","isPartOf":{"@id":"https:\/\/marcelolopes.jor.br\/site\/#website"},"primaryImageOfPage":{"@id":"https:\/\/marcelolopes.jor.br\/site\/2020\/10\/01\/renovacao-de-matricula-para-2021-na-rede-estadual-sera-on-line\/#primaryimage"},"image":{"@id":"https:\/\/marcelolopes.jor.br\/site\/2020\/10\/01\/renovacao-de-matricula-para-2021-na-rede-estadual-sera-on-line\/#primaryimage"},"thumbnailUrl":"https:\/\/marcelolopes.jor.br\/site\/wp-content\/uploads\/2020\/09\/F4814743-73B9-49BC-9CE5-682D1D6C2814.jpeg","datePublished":"2020-10-01T10:00:52+00:00","breadcrumb":{"@id":"https:\/\/marcelolopes.jor.br\/site\/2020\/10\/01\/renovacao-de-matricula-para-2021-na-rede-estadual-sera-on-line\/#breadcrumb"},"inLanguage":"pt-BR","potentialAction":[{"@type":"ReadAction","target":["https:\/\/marcelolopes.jor.br\/site\/2020\/10\/01\/renovacao-de-matricula-para-2021-na-rede-estadual-sera-on-line\/"]}]},{"@type":"ImageObject","inLanguage":"pt-BR","@id":"https:\/\/marcelolopes.jor.br\/site\/2020\/10\/01\/renovacao-de-matricula-para-2021-na-rede-estadual-sera-on-line\/#primaryimage","url":"https:\/\/marcelolopes.jor.br\/site\/wp-content\/uploads\/2020\/09\/F4814743-73B9-49BC-9CE5-682D1D6C2814.jpeg","contentUrl":"https:\/\/marcelolopes.jor.br\/site\/wp-content\/uploads\/2020\/09\/F4814743-73B9-49BC-9CE5-682D1D6C2814.jpeg","width":940,"height":350},{"@type":"BreadcrumbList","@id":"https:\/\/marcelolopes.jor.br\/site\/2020\/10\/01\/renovacao-de-matricula-para-2021-na-rede-estadual-sera-on-line\/#breadcrumb","itemListElement":[{"@type":"ListItem","position":1,"name":"Home","item":"https:\/\/marcelolopes.jor.br\/site\/"},{"@type":"ListItem","position":2,"name":"Renova\u00e7\u00e3o de matr\u00edcula para 2021 na rede estadual ser\u00e1 on-line"}]},{"@type":"WebSite","@id":"https:\/\/marcelolopes.jor.br\/site\/#website","url":"https:\/\/marcelolopes.jor.br\/site\/","name":"Marcelo Lopes","description":"Not\u00edcias de Cataguases e Regi\u00e3o","publisher":{"@id":"https:\/\/marcelolopes.jor.br\/site\/#organization"},"potentialAction":[{"@type":"SearchAction","target":{"@type":"EntryPoint","urlTemplate":"https:\/\/marcelolopes.jor.br\/site\/?s={search_term_string}"},"query-input":{"@type":"PropertyValueSpecification","valueRequired":true,"valueName":"search_term_string"}}],"inLanguage":"pt-BR"},{"@type":"Organization","@id":"https:\/\/marcelolopes.jor.br\/site\/#organization","name":"Site do Marcelo Lopes","url":"https:\/\/marcelolopes.jor.br\/site\/","logo":{"@type":"ImageObject","inLanguage":"pt-BR","@id":"https:\/\/marcelolopes.jor.br\/site\/#\/schema\/logo\/image\/","url":"https:\/\/marcelolopes.jor.br\/site\/wp-content\/uploads\/2024\/11\/logo-1.png","contentUrl":"https:\/\/marcelolopes.jor.br\/site\/wp-content\/uploads\/2024\/11\/logo-1.png","width":475,"height":80,"caption":"Site do Marcelo Lopes"},"image":{"@id":"https:\/\/marcelolopes.jor.br\/site\/#\/schema\/logo\/image\/"},"sameAs":["https:\/\/www.facebook.com\/sitedomarcelolopes","https:\/\/www.instagram.com\/sitedomarcelolopes\/","https:\/\/www.linkedin.com\/company\/site-do-marcelo-lopes\/","https:\/\/www.youtube.com\/user\/marcelolopes957"]},{"@type":"Person","@id":"https:\/\/marcelolopes.jor.br\/site\/#\/schema\/person\/3e7216a35c34d8fdf952b31da3d1f89f","name":"Marcelo Lopes","sameAs":["http:\/\/www.marcelolopes.jor.br"],"url":"https:\/\/marcelolopes.jor.br\/site\/author\/marcelo\/"}]}},"wps_subtitle":"Processo estar\u00e1 aberto entre 9 e 30 de outubro em site espec\u00edfico.","_links":{"self":[{"href":"https:\/\/marcelolopes.jor.br\/site\/wp-json\/wp\/v2\/posts\/17769","targetHints":{"allow":["GET"]}}],"collection":[{"href":"https:\/\/marcelolopes.jor.br\/site\/wp-json\/wp\/v2\/posts"}],"about":[{"href":"https:\/\/marcelolopes.jor.br\/site\/wp-json\/wp\/v2\/types\/post"}],"author":[{"embeddable":true,"href":"https:\/\/marcelolopes.jor.br\/site\/wp-json\/wp\/v2\/users\/2"}],"replies":[{"embeddable":true,"href":"https:\/\/marcelolopes.jor.br\/site\/wp-json\/wp\/v2\/comments?post=17769"}],"version-history":[{"count":0,"href":"https:\/\/marcelolopes.jor.br\/site\/wp-json\/wp\/v2\/posts\/17769\/revisions"}],"wp:featuredmedia":[{"embeddable":true,"href":"https:\/\/marcelolopes.jor.br\/site\/wp-json\/wp\/v2\/media\/17771"}],"wp:attachment":[{"href":"https:\/\/marcelolopes.jor.br\/site\/wp-json\/wp\/v2\/media?parent=17769"}],"wp:term":[{"taxonomy":"category","embeddable":true,"href":"https:\/\/marcelolopes.jor.br\/site\/wp-json\/wp\/v2\/categories?post=17769"},{"taxonomy":"post_tag","embeddable":true,"href":"https:\/\/marcelolopes.jor.br\/site\/wp-json\/wp\/v2\/tags?post=17769"}],"curies":[{"name":"wp","href":"https:\/\/api.w.org\/{rel}","templated":true}]}}