{"id":17366,"date":"2020-09-15T20:00:22","date_gmt":"2020-09-15T23:00:22","guid":{"rendered":"https:\/\/marcelolopes.jor.br\/?p=17366"},"modified":"2020-09-15T13:05:33","modified_gmt":"2020-09-15T16:05:33","slug":"justica-condena-a-prisao-envolvido-no-escandalo-do-cemiterio","status":"publish","type":"post","link":"https:\/\/marcelolopes.jor.br\/site\/2020\/09\/15\/justica-condena-a-prisao-envolvido-no-escandalo-do-cemiterio\/","title":{"rendered":"Justi\u00e7a condena \u00e0 pris\u00e3o envolvido no Esc\u00e2ndalo do Cemit\u00e9rio"},"content":{"rendered":"<p style=\"text-align: justify;\">Saiu a primeira condena\u00e7\u00e3o judicial sobre o &#8220;Esc\u00e2ndalo do Cemit\u00e9rio&#8221;, epis\u00f3dio que tornou-se p\u00fablico em 2011, de venda ilegal de t\u00famulos do Cemit\u00e9rio S\u00e3o Jos\u00e9. O ent\u00e3o coordenador daquele setor, Waldecir Machado Taveira, foi condenado nove vezes por peculato a uma pena de sete anos, nove meses e dez dias de pris\u00e3o em regime semiaberto, al\u00e9m do pagamento de multa. Ele vai poder aguardar em liberdade o julgamento de seu recurso.<!--more--><\/p>\n<p style=\"text-align: justify;\">O processo teve origem por meio de den\u00fancia feita ao Minist\u00e9rio P\u00fablico que, em seguida, ingressou com a\u00e7\u00e3o na justi\u00e7a contra Waldecir. Para o MP, ele valeu-se da condi\u00e7\u00e3o de funcion\u00e1rio p\u00fablico municipal &#8220;de maneira livre e consciente, e em continuidade delitiva&#8221;, apropriou-se de valores p\u00fablicos de que tinha posse em raz\u00e3o do cargo.&#8221; Waldecir foi coordenador do Cemit\u00e9rio Municipal S\u00e3o Jos\u00e9 entre final de 2011 at\u00e9 mar\u00e7o de 2012 e, conforme a den\u00fancia apresentada pelo Minist\u00e9rio P\u00fablico, recolheu valores oriundos da venda de t\u00famulos e n\u00e3o os repassou ao er\u00e1rio municipal.<\/p>\n<p style=\"text-align: justify;\">Waldecir negou em ju\u00edzo os fatos \u00e0 ele imputados. Disse ainda que, &#8220;segundo os documentos anexados aos autos o respons\u00e1vel pela resolu\u00e7\u00e3o dos documentos era o procurador (do munic\u00edpio) \u00e0 \u00e9poca.&#8221; Disse ainda, em seu depoimento, nunca &#8220;lhe pagaram diretamente&#8221; e que &#8220;nunca recebeu dinheiro diretamente pela compra de t\u00famulos.&#8221; Ele falou, tamb\u00e9m, que apenas &#8220;indicava t\u00famulos de pessoas que estavam dispostas a revenda para novos adquirentes&#8221;, sem receber nenhum provento.<\/p>\n<p style=\"text-align: justify;\">A Justi\u00e7a, por meio de depoimentos de testemunhas, conseguiu esclarecer como o golpe era aplicado. Conforme consta na senten\u00e7a proferida pelo juiz respons\u00e1vel pelo caso, Jo\u00e3o Carneiro Duarte Neto, &#8220;Waldecir colhia a documenta\u00e7\u00e3o necess\u00e1ria e recebia o valor (taxa) diretamente do particular, entregando um recibo; Inseria \u00e0 documenta\u00e7\u00e3o boletos antigos, j\u00e1 pagos, nos quais apunha (no boleto) refer\u00eancia \u00e0 numera\u00e7\u00e3o do t\u00famulo a ser adquirido pelo particular; Encaminhava o requerimento, desta forma, diretamente \u00e0 Tesouraria, momento em que o funcion\u00e1rio (&#8230;) emitia os alvar\u00e1s de perpetuidade. Assim o denunciado burlava o sistema de controle pela fiscaliza\u00e7\u00e3o tribut\u00e1ria, levando, tamb\u00e9m, a Tesouraria a erro&#8221;, detalha o texto.<\/p>\n<p style=\"text-align: justify;\">Procurado pela reportagem do Site, Waldecir Taveira, disse que seu advogado &#8220;ir\u00e1 recorrer, com certeza. A justi\u00e7a tardar\u00e1 mas n\u00e3o faltar\u00e1. Fui injusti\u00e7ado e a C\u00e2mara (Municipal de Cataguases) vai esclarecer tudo&#8221;, afirmou. Ele referiu-se ao Legislativo Municipal porque l\u00e1 est\u00e1 em andamento uma Comiss\u00e3o Especial de Inqu\u00e9rito que est\u00e1 apurando o Esc\u00e2ndalo do Cemit\u00e9rio, em fun\u00e7\u00e3o de novas den\u00fancias surgidas. O caso est\u00e1 sendo investigado pelos vereadores Sargento Jorge Roberto, Rafael Moreira e Rog\u00e9rio Ladeira.<\/p>\n<p>Foto: Arquivo<\/p>\n<div class=\"mgjpr69f7053755888\" ><br><\/div><style type=\"text\/css\">\r\n@media screen and (min-width: 1201px) {\r\n.mgjpr69f7053755888 {\r\ndisplay: block;\r\n}\r\n}\r\n@media screen and (min-width: 993px) and (max-width: 1200px) {\r\n.mgjpr69f7053755888 {\r\ndisplay: block;\r\n}\r\n}\r\n@media screen and (min-width: 769px) and (max-width: 992px) {\r\n.mgjpr69f7053755888 {\r\ndisplay: block;\r\n}\r\n}\r\n@media screen and (min-width: 768px) and (max-width: 768px) {\r\n.mgjpr69f7053755888 {\r\ndisplay: block;\r\n}\r\n}\r\n@media screen and (max-width: 767px) {\r\n.mgjpr69f7053755888 {\r\ndisplay: block;\r\n}\r\n}\r\n<\/style>\r\n<div class=\"ghyzr69f705375bb80\" ><div id=\"div_destino\"><\/div>\r\n<script src=\"https:\/\/cdn.snsrsv.com\/sdk.js\"><\/script>\r\n<script >\r\n      new sdk(\"464030C30061EA8BE065000000000001\") \r\n          .appendTo(\"div_destino\")\r\n          .disableStyle(true) \r\n          .setCacheBusterMacro(\"%%CACHEBUSTER%%\")\r\n          .setSize(\"800\",\"214\")\r\n          .setClickMacro(\"%%CLICK_URL_ESC%%\") \r\n          .setReferrerUrlMacro(\"%%REFERRER_URL_ESC%%\") \r\n          .start(); \r\n<\/script><\/div><style type=\"text\/css\">\r\n@media screen and (min-width: 1201px) {\r\n.ghyzr69f705375bb80 {\r\ndisplay: block;\r\n}\r\n}\r\n@media screen and (min-width: 993px) and (max-width: 1200px) {\r\n.ghyzr69f705375bb80 {\r\ndisplay: block;\r\n}\r\n}\r\n@media screen and (min-width: 769px) and (max-width: 992px) {\r\n.ghyzr69f705375bb80 {\r\ndisplay: block;\r\n}\r\n}\r\n@media screen and (min-width: 768px) and (max-width: 768px) {\r\n.ghyzr69f705375bb80 {\r\ndisplay: block;\r\n}\r\n}\r\n@media screen and (max-width: 767px) {\r\n.ghyzr69f705375bb80 {\r\ndisplay: block;\r\n}\r\n}\r\n<\/style>\r\n","protected":false},"excerpt":{"rendered":"<p>Saiu a primeira condena\u00e7\u00e3o judicial sobre o &#8220;Esc\u00e2ndalo do Cemit\u00e9rio&#8221;, epis\u00f3dio que tornou-se p\u00fablico em 2011, de venda ilegal de t\u00famulos do Cemit\u00e9rio S\u00e3o Jos\u00e9. O ent\u00e3o coordenador daquele setor, Waldecir Machado Taveira, foi condenado nove vezes por peculato a<\/p>\n<p class=\"link-more\"><a class=\"more-link\" href=\"https:\/\/marcelolopes.jor.br\/site\/2020\/09\/15\/justica-condena-a-prisao-envolvido-no-escandalo-do-cemiterio\/\">Leia mais <span class=\"screen-reader-text\">Justi\u00e7a condena \u00e0 pris\u00e3o envolvido no Esc\u00e2ndalo do Cemit\u00e9rio<\/span><\/a><\/p>\n","protected":false},"author":2,"featured_media":17368,"comment_status":"open","ping_status":"open","sticky":false,"template":"","format":"standard","meta":{"footnotes":""},"categories":[1],"tags":[817,2715,2716,2717],"class_list":["post-17366","post","type-post","status-publish","format-standard","has-post-thumbnail","hentry","category-noticias","tag-condenacao","tag-escandalo-do-cemiterio","tag-tumulo","tag-venda-de-tumulo","thumb-below-title"],"yoast_head":"<!-- This site is optimized with the Yoast SEO plugin v27.4 - https:\/\/yoast.com\/product\/yoast-seo-wordpress\/ -->\n<title>Justi\u00e7a condena \u00e0 pris\u00e3o envolvido no Esc\u00e2ndalo do Cemit\u00e9rio | Marcelo Lopes<\/title>\n<meta name=\"robots\" content=\"index, follow, max-snippet:-1, max-image-preview:large, max-video-preview:-1\" \/>\n<link rel=\"canonical\" href=\"https:\/\/marcelolopes.jor.br\/site\/2020\/09\/15\/justica-condena-a-prisao-envolvido-no-escandalo-do-cemiterio\/\" \/>\n<meta property=\"og:locale\" content=\"pt_BR\" \/>\n<meta property=\"og:type\" content=\"article\" \/>\n<meta property=\"og:title\" content=\"Justi\u00e7a condena \u00e0 pris\u00e3o envolvido no Esc\u00e2ndalo do Cemit\u00e9rio | Marcelo Lopes\" \/>\n<meta property=\"og:description\" content=\"Saiu a primeira condena\u00e7\u00e3o judicial sobre o &#8220;Esc\u00e2ndalo do Cemit\u00e9rio&#8221;, epis\u00f3dio que tornou-se p\u00fablico em 2011, de venda ilegal de t\u00famulos do Cemit\u00e9rio S\u00e3o Jos\u00e9. O ent\u00e3o coordenador daquele setor, Waldecir Machado Taveira, foi condenado nove vezes por peculato aLeia mais Justi\u00e7a condena \u00e0 pris\u00e3o envolvido no Esc\u00e2ndalo do Cemit\u00e9rio\" \/>\n<meta property=\"og:url\" content=\"https:\/\/marcelolopes.jor.br\/site\/2020\/09\/15\/justica-condena-a-prisao-envolvido-no-escandalo-do-cemiterio\/\" \/>\n<meta property=\"og:site_name\" content=\"Marcelo Lopes\" \/>\n<meta property=\"article:publisher\" content=\"https:\/\/www.facebook.com\/sitedomarcelolopes\" \/>\n<meta property=\"article:published_time\" content=\"2020-09-15T23:00:22+00:00\" \/>\n<meta property=\"og:image\" content=\"https:\/\/marcelolopes.jor.br\/site\/wp-content\/uploads\/2020\/09\/Cemit\u00e9rio-parte2.jpg\" \/>\n\t<meta property=\"og:image:width\" content=\"800\" \/>\n\t<meta property=\"og:image:height\" content=\"519\" \/>\n\t<meta property=\"og:image:type\" content=\"image\/jpeg\" \/>\n<meta name=\"author\" content=\"Marcelo Lopes\" \/>\n<meta name=\"twitter:card\" content=\"summary_large_image\" \/>\n<meta name=\"twitter:label1\" content=\"Escrito por\" \/>\n\t<meta name=\"twitter:data1\" content=\"Marcelo Lopes\" \/>\n\t<meta name=\"twitter:label2\" content=\"Est. tempo de leitura\" \/>\n\t<meta name=\"twitter:data2\" content=\"2 minutos\" \/>\n<script type=\"application\/ld+json\" class=\"yoast-schema-graph\">{\"@context\":\"https:\\\/\\\/schema.org\",\"@graph\":[{\"@type\":\"NewsArticle\",\"@id\":\"https:\\\/\\\/marcelolopes.jor.br\\\/site\\\/2020\\\/09\\\/15\\\/justica-condena-a-prisao-envolvido-no-escandalo-do-cemiterio\\\/#article\",\"isPartOf\":{\"@id\":\"https:\\\/\\\/marcelolopes.jor.br\\\/site\\\/2020\\\/09\\\/15\\\/justica-condena-a-prisao-envolvido-no-escandalo-do-cemiterio\\\/\"},\"author\":{\"name\":\"Marcelo Lopes\",\"@id\":\"https:\\\/\\\/marcelolopes.jor.br\\\/site\\\/#\\\/schema\\\/person\\\/3e7216a35c34d8fdf952b31da3d1f89f\"},\"headline\":\"Justi\u00e7a condena \u00e0 pris\u00e3o envolvido no Esc\u00e2ndalo do Cemit\u00e9rio\",\"datePublished\":\"2020-09-15T23:00:22+00:00\",\"mainEntityOfPage\":{\"@id\":\"https:\\\/\\\/marcelolopes.jor.br\\\/site\\\/2020\\\/09\\\/15\\\/justica-condena-a-prisao-envolvido-no-escandalo-do-cemiterio\\\/\"},\"wordCount\":484,\"commentCount\":0,\"publisher\":{\"@id\":\"https:\\\/\\\/marcelolopes.jor.br\\\/site\\\/#organization\"},\"image\":{\"@id\":\"https:\\\/\\\/marcelolopes.jor.br\\\/site\\\/2020\\\/09\\\/15\\\/justica-condena-a-prisao-envolvido-no-escandalo-do-cemiterio\\\/#primaryimage\"},\"thumbnailUrl\":\"https:\\\/\\\/marcelolopes.jor.br\\\/site\\\/wp-content\\\/uploads\\\/2020\\\/09\\\/Cemit\u00e9rio-parte2.jpg\",\"keywords\":[\"condena\u00e7\u00e3o\",\"Esc\u00e2ndalo do Cemit\u00e9rio\",\"t\u00famulo\",\"venda de t\u00famulo\"],\"articleSection\":[\"Not\u00edcias\"],\"inLanguage\":\"pt-BR\",\"potentialAction\":[{\"@type\":\"CommentAction\",\"name\":\"Comment\",\"target\":[\"https:\\\/\\\/marcelolopes.jor.br\\\/site\\\/2020\\\/09\\\/15\\\/justica-condena-a-prisao-envolvido-no-escandalo-do-cemiterio\\\/#respond\"]}]},{\"@type\":\"WebPage\",\"@id\":\"https:\\\/\\\/marcelolopes.jor.br\\\/site\\\/2020\\\/09\\\/15\\\/justica-condena-a-prisao-envolvido-no-escandalo-do-cemiterio\\\/\",\"url\":\"https:\\\/\\\/marcelolopes.jor.br\\\/site\\\/2020\\\/09\\\/15\\\/justica-condena-a-prisao-envolvido-no-escandalo-do-cemiterio\\\/\",\"name\":\"Justi\u00e7a condena \u00e0 pris\u00e3o envolvido no Esc\u00e2ndalo do Cemit\u00e9rio | Marcelo Lopes\",\"isPartOf\":{\"@id\":\"https:\\\/\\\/marcelolopes.jor.br\\\/site\\\/#website\"},\"primaryImageOfPage\":{\"@id\":\"https:\\\/\\\/marcelolopes.jor.br\\\/site\\\/2020\\\/09\\\/15\\\/justica-condena-a-prisao-envolvido-no-escandalo-do-cemiterio\\\/#primaryimage\"},\"image\":{\"@id\":\"https:\\\/\\\/marcelolopes.jor.br\\\/site\\\/2020\\\/09\\\/15\\\/justica-condena-a-prisao-envolvido-no-escandalo-do-cemiterio\\\/#primaryimage\"},\"thumbnailUrl\":\"https:\\\/\\\/marcelolopes.jor.br\\\/site\\\/wp-content\\\/uploads\\\/2020\\\/09\\\/Cemit\u00e9rio-parte2.jpg\",\"datePublished\":\"2020-09-15T23:00:22+00:00\",\"breadcrumb\":{\"@id\":\"https:\\\/\\\/marcelolopes.jor.br\\\/site\\\/2020\\\/09\\\/15\\\/justica-condena-a-prisao-envolvido-no-escandalo-do-cemiterio\\\/#breadcrumb\"},\"inLanguage\":\"pt-BR\",\"potentialAction\":[{\"@type\":\"ReadAction\",\"target\":[\"https:\\\/\\\/marcelolopes.jor.br\\\/site\\\/2020\\\/09\\\/15\\\/justica-condena-a-prisao-envolvido-no-escandalo-do-cemiterio\\\/\"]}]},{\"@type\":\"ImageObject\",\"inLanguage\":\"pt-BR\",\"@id\":\"https:\\\/\\\/marcelolopes.jor.br\\\/site\\\/2020\\\/09\\\/15\\\/justica-condena-a-prisao-envolvido-no-escandalo-do-cemiterio\\\/#primaryimage\",\"url\":\"https:\\\/\\\/marcelolopes.jor.br\\\/site\\\/wp-content\\\/uploads\\\/2020\\\/09\\\/Cemit\u00e9rio-parte2.jpg\",\"contentUrl\":\"https:\\\/\\\/marcelolopes.jor.br\\\/site\\\/wp-content\\\/uploads\\\/2020\\\/09\\\/Cemit\u00e9rio-parte2.jpg\",\"width\":800,\"height\":519},{\"@type\":\"BreadcrumbList\",\"@id\":\"https:\\\/\\\/marcelolopes.jor.br\\\/site\\\/2020\\\/09\\\/15\\\/justica-condena-a-prisao-envolvido-no-escandalo-do-cemiterio\\\/#breadcrumb\",\"itemListElement\":[{\"@type\":\"ListItem\",\"position\":1,\"name\":\"Home\",\"item\":\"https:\\\/\\\/marcelolopes.jor.br\\\/site\\\/\"},{\"@type\":\"ListItem\",\"position\":2,\"name\":\"Justi\u00e7a condena \u00e0 pris\u00e3o envolvido no Esc\u00e2ndalo do Cemit\u00e9rio\"}]},{\"@type\":\"WebSite\",\"@id\":\"https:\\\/\\\/marcelolopes.jor.br\\\/site\\\/#website\",\"url\":\"https:\\\/\\\/marcelolopes.jor.br\\\/site\\\/\",\"name\":\"Marcelo Lopes\",\"description\":\"Not\u00edcias de Cataguases e Regi\u00e3o\",\"publisher\":{\"@id\":\"https:\\\/\\\/marcelolopes.jor.br\\\/site\\\/#organization\"},\"potentialAction\":[{\"@type\":\"SearchAction\",\"target\":{\"@type\":\"EntryPoint\",\"urlTemplate\":\"https:\\\/\\\/marcelolopes.jor.br\\\/site\\\/?s={search_term_string}\"},\"query-input\":{\"@type\":\"PropertyValueSpecification\",\"valueRequired\":true,\"valueName\":\"search_term_string\"}}],\"inLanguage\":\"pt-BR\"},{\"@type\":\"Organization\",\"@id\":\"https:\\\/\\\/marcelolopes.jor.br\\\/site\\\/#organization\",\"name\":\"Site do Marcelo Lopes\",\"url\":\"https:\\\/\\\/marcelolopes.jor.br\\\/site\\\/\",\"logo\":{\"@type\":\"ImageObject\",\"inLanguage\":\"pt-BR\",\"@id\":\"https:\\\/\\\/marcelolopes.jor.br\\\/site\\\/#\\\/schema\\\/logo\\\/image\\\/\",\"url\":\"https:\\\/\\\/marcelolopes.jor.br\\\/site\\\/wp-content\\\/uploads\\\/2024\\\/11\\\/logo-1.png\",\"contentUrl\":\"https:\\\/\\\/marcelolopes.jor.br\\\/site\\\/wp-content\\\/uploads\\\/2024\\\/11\\\/logo-1.png\",\"width\":475,\"height\":80,\"caption\":\"Site do Marcelo Lopes\"},\"image\":{\"@id\":\"https:\\\/\\\/marcelolopes.jor.br\\\/site\\\/#\\\/schema\\\/logo\\\/image\\\/\"},\"sameAs\":[\"https:\\\/\\\/www.facebook.com\\\/sitedomarcelolopes\",\"https:\\\/\\\/www.instagram.com\\\/sitedomarcelolopes\\\/\",\"https:\\\/\\\/www.linkedin.com\\\/company\\\/site-do-marcelo-lopes\\\/\",\"https:\\\/\\\/www.youtube.com\\\/user\\\/marcelolopes957\"]},{\"@type\":\"Person\",\"@id\":\"https:\\\/\\\/marcelolopes.jor.br\\\/site\\\/#\\\/schema\\\/person\\\/3e7216a35c34d8fdf952b31da3d1f89f\",\"name\":\"Marcelo Lopes\",\"sameAs\":[\"http:\\\/\\\/www.marcelolopes.jor.br\"],\"url\":\"https:\\\/\\\/marcelolopes.jor.br\\\/site\\\/author\\\/marcelo\\\/\"}]}<\/script>\n<!-- \/ Yoast SEO plugin. -->","yoast_head_json":{"title":"Justi\u00e7a condena \u00e0 pris\u00e3o envolvido no Esc\u00e2ndalo do Cemit\u00e9rio | Marcelo Lopes","robots":{"index":"index","follow":"follow","max-snippet":"max-snippet:-1","max-image-preview":"max-image-preview:large","max-video-preview":"max-video-preview:-1"},"canonical":"https:\/\/marcelolopes.jor.br\/site\/2020\/09\/15\/justica-condena-a-prisao-envolvido-no-escandalo-do-cemiterio\/","og_locale":"pt_BR","og_type":"article","og_title":"Justi\u00e7a condena \u00e0 pris\u00e3o envolvido no Esc\u00e2ndalo do Cemit\u00e9rio | Marcelo Lopes","og_description":"Saiu a primeira condena\u00e7\u00e3o judicial sobre o &#8220;Esc\u00e2ndalo do Cemit\u00e9rio&#8221;, epis\u00f3dio que tornou-se p\u00fablico em 2011, de venda ilegal de t\u00famulos do Cemit\u00e9rio S\u00e3o Jos\u00e9. O ent\u00e3o coordenador daquele setor, Waldecir Machado Taveira, foi condenado nove vezes por peculato aLeia mais Justi\u00e7a condena \u00e0 pris\u00e3o envolvido no Esc\u00e2ndalo do Cemit\u00e9rio","og_url":"https:\/\/marcelolopes.jor.br\/site\/2020\/09\/15\/justica-condena-a-prisao-envolvido-no-escandalo-do-cemiterio\/","og_site_name":"Marcelo Lopes","article_publisher":"https:\/\/www.facebook.com\/sitedomarcelolopes","article_published_time":"2020-09-15T23:00:22+00:00","og_image":[{"width":800,"height":519,"url":"https:\/\/marcelolopes.jor.br\/site\/wp-content\/uploads\/2020\/09\/Cemit\u00e9rio-parte2.jpg","type":"image\/jpeg"}],"author":"Marcelo Lopes","twitter_card":"summary_large_image","twitter_misc":{"Escrito por":"Marcelo Lopes","Est. tempo de leitura":"2 minutos"},"schema":{"@context":"https:\/\/schema.org","@graph":[{"@type":"NewsArticle","@id":"https:\/\/marcelolopes.jor.br\/site\/2020\/09\/15\/justica-condena-a-prisao-envolvido-no-escandalo-do-cemiterio\/#article","isPartOf":{"@id":"https:\/\/marcelolopes.jor.br\/site\/2020\/09\/15\/justica-condena-a-prisao-envolvido-no-escandalo-do-cemiterio\/"},"author":{"name":"Marcelo Lopes","@id":"https:\/\/marcelolopes.jor.br\/site\/#\/schema\/person\/3e7216a35c34d8fdf952b31da3d1f89f"},"headline":"Justi\u00e7a condena \u00e0 pris\u00e3o envolvido no Esc\u00e2ndalo do Cemit\u00e9rio","datePublished":"2020-09-15T23:00:22+00:00","mainEntityOfPage":{"@id":"https:\/\/marcelolopes.jor.br\/site\/2020\/09\/15\/justica-condena-a-prisao-envolvido-no-escandalo-do-cemiterio\/"},"wordCount":484,"commentCount":0,"publisher":{"@id":"https:\/\/marcelolopes.jor.br\/site\/#organization"},"image":{"@id":"https:\/\/marcelolopes.jor.br\/site\/2020\/09\/15\/justica-condena-a-prisao-envolvido-no-escandalo-do-cemiterio\/#primaryimage"},"thumbnailUrl":"https:\/\/marcelolopes.jor.br\/site\/wp-content\/uploads\/2020\/09\/Cemit\u00e9rio-parte2.jpg","keywords":["condena\u00e7\u00e3o","Esc\u00e2ndalo do Cemit\u00e9rio","t\u00famulo","venda de t\u00famulo"],"articleSection":["Not\u00edcias"],"inLanguage":"pt-BR","potentialAction":[{"@type":"CommentAction","name":"Comment","target":["https:\/\/marcelolopes.jor.br\/site\/2020\/09\/15\/justica-condena-a-prisao-envolvido-no-escandalo-do-cemiterio\/#respond"]}]},{"@type":"WebPage","@id":"https:\/\/marcelolopes.jor.br\/site\/2020\/09\/15\/justica-condena-a-prisao-envolvido-no-escandalo-do-cemiterio\/","url":"https:\/\/marcelolopes.jor.br\/site\/2020\/09\/15\/justica-condena-a-prisao-envolvido-no-escandalo-do-cemiterio\/","name":"Justi\u00e7a condena \u00e0 pris\u00e3o envolvido no Esc\u00e2ndalo do Cemit\u00e9rio | Marcelo Lopes","isPartOf":{"@id":"https:\/\/marcelolopes.jor.br\/site\/#website"},"primaryImageOfPage":{"@id":"https:\/\/marcelolopes.jor.br\/site\/2020\/09\/15\/justica-condena-a-prisao-envolvido-no-escandalo-do-cemiterio\/#primaryimage"},"image":{"@id":"https:\/\/marcelolopes.jor.br\/site\/2020\/09\/15\/justica-condena-a-prisao-envolvido-no-escandalo-do-cemiterio\/#primaryimage"},"thumbnailUrl":"https:\/\/marcelolopes.jor.br\/site\/wp-content\/uploads\/2020\/09\/Cemit\u00e9rio-parte2.jpg","datePublished":"2020-09-15T23:00:22+00:00","breadcrumb":{"@id":"https:\/\/marcelolopes.jor.br\/site\/2020\/09\/15\/justica-condena-a-prisao-envolvido-no-escandalo-do-cemiterio\/#breadcrumb"},"inLanguage":"pt-BR","potentialAction":[{"@type":"ReadAction","target":["https:\/\/marcelolopes.jor.br\/site\/2020\/09\/15\/justica-condena-a-prisao-envolvido-no-escandalo-do-cemiterio\/"]}]},{"@type":"ImageObject","inLanguage":"pt-BR","@id":"https:\/\/marcelolopes.jor.br\/site\/2020\/09\/15\/justica-condena-a-prisao-envolvido-no-escandalo-do-cemiterio\/#primaryimage","url":"https:\/\/marcelolopes.jor.br\/site\/wp-content\/uploads\/2020\/09\/Cemit\u00e9rio-parte2.jpg","contentUrl":"https:\/\/marcelolopes.jor.br\/site\/wp-content\/uploads\/2020\/09\/Cemit\u00e9rio-parte2.jpg","width":800,"height":519},{"@type":"BreadcrumbList","@id":"https:\/\/marcelolopes.jor.br\/site\/2020\/09\/15\/justica-condena-a-prisao-envolvido-no-escandalo-do-cemiterio\/#breadcrumb","itemListElement":[{"@type":"ListItem","position":1,"name":"Home","item":"https:\/\/marcelolopes.jor.br\/site\/"},{"@type":"ListItem","position":2,"name":"Justi\u00e7a condena \u00e0 pris\u00e3o envolvido no Esc\u00e2ndalo do Cemit\u00e9rio"}]},{"@type":"WebSite","@id":"https:\/\/marcelolopes.jor.br\/site\/#website","url":"https:\/\/marcelolopes.jor.br\/site\/","name":"Marcelo Lopes","description":"Not\u00edcias de Cataguases e Regi\u00e3o","publisher":{"@id":"https:\/\/marcelolopes.jor.br\/site\/#organization"},"potentialAction":[{"@type":"SearchAction","target":{"@type":"EntryPoint","urlTemplate":"https:\/\/marcelolopes.jor.br\/site\/?s={search_term_string}"},"query-input":{"@type":"PropertyValueSpecification","valueRequired":true,"valueName":"search_term_string"}}],"inLanguage":"pt-BR"},{"@type":"Organization","@id":"https:\/\/marcelolopes.jor.br\/site\/#organization","name":"Site do Marcelo Lopes","url":"https:\/\/marcelolopes.jor.br\/site\/","logo":{"@type":"ImageObject","inLanguage":"pt-BR","@id":"https:\/\/marcelolopes.jor.br\/site\/#\/schema\/logo\/image\/","url":"https:\/\/marcelolopes.jor.br\/site\/wp-content\/uploads\/2024\/11\/logo-1.png","contentUrl":"https:\/\/marcelolopes.jor.br\/site\/wp-content\/uploads\/2024\/11\/logo-1.png","width":475,"height":80,"caption":"Site do Marcelo Lopes"},"image":{"@id":"https:\/\/marcelolopes.jor.br\/site\/#\/schema\/logo\/image\/"},"sameAs":["https:\/\/www.facebook.com\/sitedomarcelolopes","https:\/\/www.instagram.com\/sitedomarcelolopes\/","https:\/\/www.linkedin.com\/company\/site-do-marcelo-lopes\/","https:\/\/www.youtube.com\/user\/marcelolopes957"]},{"@type":"Person","@id":"https:\/\/marcelolopes.jor.br\/site\/#\/schema\/person\/3e7216a35c34d8fdf952b31da3d1f89f","name":"Marcelo Lopes","sameAs":["http:\/\/www.marcelolopes.jor.br"],"url":"https:\/\/marcelolopes.jor.br\/site\/author\/marcelo\/"}]}},"wps_subtitle":"A pena ser\u00e1 cumprida em regime semiaberto. Ele vai recorrer em liberdade.","_links":{"self":[{"href":"https:\/\/marcelolopes.jor.br\/site\/wp-json\/wp\/v2\/posts\/17366","targetHints":{"allow":["GET"]}}],"collection":[{"href":"https:\/\/marcelolopes.jor.br\/site\/wp-json\/wp\/v2\/posts"}],"about":[{"href":"https:\/\/marcelolopes.jor.br\/site\/wp-json\/wp\/v2\/types\/post"}],"author":[{"embeddable":true,"href":"https:\/\/marcelolopes.jor.br\/site\/wp-json\/wp\/v2\/users\/2"}],"replies":[{"embeddable":true,"href":"https:\/\/marcelolopes.jor.br\/site\/wp-json\/wp\/v2\/comments?post=17366"}],"version-history":[{"count":0,"href":"https:\/\/marcelolopes.jor.br\/site\/wp-json\/wp\/v2\/posts\/17366\/revisions"}],"wp:featuredmedia":[{"embeddable":true,"href":"https:\/\/marcelolopes.jor.br\/site\/wp-json\/wp\/v2\/media\/17368"}],"wp:attachment":[{"href":"https:\/\/marcelolopes.jor.br\/site\/wp-json\/wp\/v2\/media?parent=17366"}],"wp:term":[{"taxonomy":"category","embeddable":true,"href":"https:\/\/marcelolopes.jor.br\/site\/wp-json\/wp\/v2\/categories?post=17366"},{"taxonomy":"post_tag","embeddable":true,"href":"https:\/\/marcelolopes.jor.br\/site\/wp-json\/wp\/v2\/tags?post=17366"}],"curies":[{"name":"wp","href":"https:\/\/api.w.org\/{rel}","templated":true}]}}