{"id":17360,"date":"2020-09-15T16:00:06","date_gmt":"2020-09-15T19:00:06","guid":{"rendered":"https:\/\/marcelolopes.jor.br\/?p=17360"},"modified":"2020-09-15T09:22:10","modified_gmt":"2020-09-15T12:22:10","slug":"unimed-e-a-marca-mais-lembrada-pelos-mineiros","status":"publish","type":"post","link":"https:\/\/marcelolopes.jor.br\/site\/2020\/09\/15\/unimed-e-a-marca-mais-lembrada-pelos-mineiros\/","title":{"rendered":"Unimed \u00e9 a marca mais lembrada pelos mineiros"},"content":{"rendered":"<p style=\"text-align: justify;\">Pela 25\u00aa vez consecutiva, o Sistema Unimed mineiro confirma sua lideran\u00e7a como a marca de plano de sa\u00fade mais lembrada pelos mineiros, no Pr\u00eamio Top of Mind &#8211; Marcas de Sucesso de Minas Gerais, na Categoria Excel\u00eancia.\u00a0Al\u00e9m disso, pelo 10\u00ba ano consecutivo, alcan\u00e7ou o 1\u00ba lugar na Categoria Top do Top, ou seja, \u00e9 a marca mais citada pelos entrevistados, independente da \u00e1rea de atua\u00e7\u00e3o. Outro destaque \u00e9 que a Unimed \u00e9 uma das quatro marcas que venceram em todas as edi\u00e7\u00f5es anuais desde o in\u00edcio da premia\u00e7\u00e3o.<!--more--><\/p>\n<p style=\"text-align: justify;\">A pesquisa foi composta por 1.500 entrevistas, distribu\u00eddas entre os 50 maiores munic\u00edpios mineiros, de acordo com a sua popula\u00e7\u00e3o e potencial de consumo. Todas as respostas s\u00e3o espont\u00e2neas, isto \u00e9, n\u00e3o s\u00e3o apresentadas op\u00e7\u00f5es aos entrevistados.<\/p>\n<p style=\"text-align: justify;\">\u201cSomos m\u00e9dicos. Somos Unimed. Isso \u00e9 o que nos torna diferentes. Norteados pelos princ\u00edpios cooperativistas trabalhamos com foco na gera\u00e7\u00e3o e valoriza\u00e7\u00e3o do trabalho m\u00e9dico para nossos cooperados e buscamos oferecer a nossos benefici\u00e1rios um atendimento de excel\u00eancia, mas, tamb\u00e9m, humanizado, valorizando a vida. O Top of Mind \u00e9 uma consagra\u00e7\u00e3o e valoriza\u00e7\u00e3o da nossa dedica\u00e7\u00e3o di\u00e1ria\u201d, comemora Luiz Ot\u00e1vio Fernandes de Andrade, presidente executivo da Unimed Federa\u00e7\u00e3o Minas.<\/p>\n<h4 style=\"text-align: justify;\">30 Anos de Unimed Cataguases<\/h4>\n<p style=\"text-align: justify;\">Em agosto, a Unimed Cataguases completou trinta anos em atividade ininterrupta. Desde aquele in\u00edcio repleto de dificuldades e que contou, principalmente, com o sonho de seus fundadores, at\u00e9 hoje, a Cooperativa mudou, profissionalizou-se e tornou-se refer\u00eancia na regi\u00e3o em atendimento em Sa\u00fade. Hoje, atua fortemente na preven\u00e7\u00e3o \u00e0 doen\u00e7as e mant\u00e9m diferentes programas em atividade para seus associados. Com o olhar voltado para o futuro, constr\u00f3i sua nova sede onde vai reunir todos os seus servi\u00e7os em um s\u00f3 lugar, oferecendo ainda mais conforto e atendimento eficiente aos clientes. Neste contexto, a Unimed Cataguases mant\u00e9m o seu compromisso com a qualidade e o bem-estar de todos que confiam em seu trabalho.<\/p>\n<p><img loading=\"lazy\" decoding=\"async\" class=\"aligncenter wp-image-17363\" src=\"https:\/\/marcelolopes.jor.br\/site\/wp-content\/uploads\/2020\/09\/WhatsApp-Image-2020-09-14-at-14.29.56.jpeg\" alt=\"\" width=\"600\" height=\"450\" srcset=\"https:\/\/marcelolopes.jor.br\/site\/wp-content\/uploads\/2020\/09\/WhatsApp-Image-2020-09-14-at-14.29.56.jpeg 1024w, https:\/\/marcelolopes.jor.br\/site\/wp-content\/uploads\/2020\/09\/WhatsApp-Image-2020-09-14-at-14.29.56-300x225.jpeg 300w, https:\/\/marcelolopes.jor.br\/site\/wp-content\/uploads\/2020\/09\/WhatsApp-Image-2020-09-14-at-14.29.56-768x576.jpeg 768w\" sizes=\"auto, (max-width: 600px) 100vw, 600px\" \/><\/p>\n<p><img loading=\"lazy\" decoding=\"async\" class=\"aligncenter wp-image-17364\" src=\"https:\/\/marcelolopes.jor.br\/site\/wp-content\/uploads\/2020\/09\/WhatsApp-Image-2020-09-14-at-14.29.57.jpeg\" alt=\"\" width=\"600\" height=\"450\" srcset=\"https:\/\/marcelolopes.jor.br\/site\/wp-content\/uploads\/2020\/09\/WhatsApp-Image-2020-09-14-at-14.29.57.jpeg 1040w, https:\/\/marcelolopes.jor.br\/site\/wp-content\/uploads\/2020\/09\/WhatsApp-Image-2020-09-14-at-14.29.57-300x225.jpeg 300w, https:\/\/marcelolopes.jor.br\/site\/wp-content\/uploads\/2020\/09\/WhatsApp-Image-2020-09-14-at-14.29.57-768x576.jpeg 768w, https:\/\/marcelolopes.jor.br\/site\/wp-content\/uploads\/2020\/09\/WhatsApp-Image-2020-09-14-at-14.29.57-1024x768.jpeg 1024w\" sizes=\"auto, (max-width: 600px) 100vw, 600px\" \/><\/p>\n<p>Fonte e fotos: Unimed Cataguases<\/p>\n<div class=\"gdwwf69f732c863bca\" ><br><\/div><style type=\"text\/css\">\r\n@media screen and (min-width: 1201px) {\r\n.gdwwf69f732c863bca {\r\ndisplay: block;\r\n}\r\n}\r\n@media screen and (min-width: 993px) and (max-width: 1200px) {\r\n.gdwwf69f732c863bca {\r\ndisplay: block;\r\n}\r\n}\r\n@media screen and (min-width: 769px) and (max-width: 992px) {\r\n.gdwwf69f732c863bca {\r\ndisplay: block;\r\n}\r\n}\r\n@media screen and (min-width: 768px) and (max-width: 768px) {\r\n.gdwwf69f732c863bca {\r\ndisplay: block;\r\n}\r\n}\r\n@media screen and (max-width: 767px) {\r\n.gdwwf69f732c863bca {\r\ndisplay: block;\r\n}\r\n}\r\n<\/style>\r\n<div class=\"keaji69f732c86a06f\" ><div id=\"div_destino\"><\/div>\r\n<script src=\"https:\/\/cdn.snsrsv.com\/sdk.js\"><\/script>\r\n<script >\r\n      new sdk(\"464030C30061EA8BE065000000000001\") \r\n          .appendTo(\"div_destino\")\r\n          .disableStyle(true) \r\n          .setCacheBusterMacro(\"%%CACHEBUSTER%%\")\r\n          .setSize(\"800\",\"214\")\r\n          .setClickMacro(\"%%CLICK_URL_ESC%%\") \r\n          .setReferrerUrlMacro(\"%%REFERRER_URL_ESC%%\") \r\n          .start(); \r\n<\/script><\/div><style type=\"text\/css\">\r\n@media screen and (min-width: 1201px) {\r\n.keaji69f732c86a06f {\r\ndisplay: block;\r\n}\r\n}\r\n@media screen and (min-width: 993px) and (max-width: 1200px) {\r\n.keaji69f732c86a06f {\r\ndisplay: block;\r\n}\r\n}\r\n@media screen and (min-width: 769px) and (max-width: 992px) {\r\n.keaji69f732c86a06f {\r\ndisplay: block;\r\n}\r\n}\r\n@media screen and (min-width: 768px) and (max-width: 768px) {\r\n.keaji69f732c86a06f {\r\ndisplay: block;\r\n}\r\n}\r\n@media screen and (max-width: 767px) {\r\n.keaji69f732c86a06f {\r\ndisplay: block;\r\n}\r\n}\r\n<\/style>\r\n","protected":false},"excerpt":{"rendered":"<p>Pela 25\u00aa vez consecutiva, o Sistema Unimed mineiro confirma sua lideran\u00e7a como a marca de plano de sa\u00fade mais lembrada pelos mineiros, no Pr\u00eamio Top of Mind &#8211; Marcas de Sucesso de Minas Gerais, na Categoria Excel\u00eancia.\u00a0Al\u00e9m disso, pelo 10\u00ba<\/p>\n<p class=\"link-more\"><a class=\"more-link\" href=\"https:\/\/marcelolopes.jor.br\/site\/2020\/09\/15\/unimed-e-a-marca-mais-lembrada-pelos-mineiros\/\">Leia mais <span class=\"screen-reader-text\">Unimed \u00e9 a marca mais lembrada pelos mineiros<\/span><\/a><\/p>\n","protected":false},"author":2,"featured_media":17362,"comment_status":"open","ping_status":"open","sticky":false,"template":"","format":"standard","meta":{"footnotes":""},"categories":[1],"tags":[855,2989,2990,937],"class_list":["post-17360","post","type-post","status-publish","format-standard","has-post-thumbnail","hentry","category-noticias","tag-plano-de-saude","tag-top-of-mind","tag-unimed-30-anos","tag-unimed-cataguases","thumb-below-title"],"yoast_head":"<!-- This site is optimized with the Yoast SEO plugin v27.4 - https:\/\/yoast.com\/product\/yoast-seo-wordpress\/ -->\n<title>Unimed \u00e9 a marca mais lembrada pelos mineiros | Marcelo Lopes<\/title>\n<meta name=\"robots\" content=\"index, follow, max-snippet:-1, max-image-preview:large, max-video-preview:-1\" \/>\n<link rel=\"canonical\" href=\"https:\/\/marcelolopes.jor.br\/site\/2020\/09\/15\/unimed-e-a-marca-mais-lembrada-pelos-mineiros\/\" \/>\n<meta property=\"og:locale\" content=\"pt_BR\" \/>\n<meta property=\"og:type\" content=\"article\" \/>\n<meta property=\"og:title\" content=\"Unimed \u00e9 a marca mais lembrada pelos mineiros | Marcelo Lopes\" \/>\n<meta property=\"og:description\" content=\"Pela 25\u00aa vez consecutiva, o Sistema Unimed mineiro confirma sua lideran\u00e7a como a marca de plano de sa\u00fade mais lembrada pelos mineiros, no Pr\u00eamio Top of Mind &#8211; Marcas de Sucesso de Minas Gerais, na Categoria Excel\u00eancia.\u00a0Al\u00e9m disso, pelo 10\u00baLeia mais Unimed \u00e9 a marca mais lembrada pelos mineiros\" \/>\n<meta property=\"og:url\" content=\"https:\/\/marcelolopes.jor.br\/site\/2020\/09\/15\/unimed-e-a-marca-mais-lembrada-pelos-mineiros\/\" \/>\n<meta property=\"og:site_name\" content=\"Marcelo Lopes\" \/>\n<meta property=\"article:publisher\" content=\"https:\/\/www.facebook.com\/sitedomarcelolopes\" \/>\n<meta property=\"article:published_time\" content=\"2020-09-15T19:00:06+00:00\" \/>\n<meta property=\"og:image\" content=\"https:\/\/marcelolopes.jor.br\/site\/wp-content\/uploads\/2020\/09\/WhatsApp-Image-2020-09-14-at-14.28.27.jpeg\" \/>\n\t<meta property=\"og:image:width\" content=\"1280\" \/>\n\t<meta property=\"og:image:height\" content=\"960\" \/>\n\t<meta property=\"og:image:type\" content=\"image\/jpeg\" \/>\n<meta name=\"author\" content=\"Marcelo Lopes\" \/>\n<meta name=\"twitter:card\" content=\"summary_large_image\" \/>\n<meta name=\"twitter:label1\" content=\"Escrito por\" \/>\n\t<meta name=\"twitter:data1\" content=\"Marcelo Lopes\" \/>\n\t<meta name=\"twitter:label2\" content=\"Est. tempo de leitura\" \/>\n\t<meta name=\"twitter:data2\" content=\"2 minutos\" \/>\n<script type=\"application\/ld+json\" class=\"yoast-schema-graph\">{\"@context\":\"https:\\\/\\\/schema.org\",\"@graph\":[{\"@type\":\"NewsArticle\",\"@id\":\"https:\\\/\\\/marcelolopes.jor.br\\\/site\\\/2020\\\/09\\\/15\\\/unimed-e-a-marca-mais-lembrada-pelos-mineiros\\\/#article\",\"isPartOf\":{\"@id\":\"https:\\\/\\\/marcelolopes.jor.br\\\/site\\\/2020\\\/09\\\/15\\\/unimed-e-a-marca-mais-lembrada-pelos-mineiros\\\/\"},\"author\":{\"name\":\"Marcelo Lopes\",\"@id\":\"https:\\\/\\\/marcelolopes.jor.br\\\/site\\\/#\\\/schema\\\/person\\\/3e7216a35c34d8fdf952b31da3d1f89f\"},\"headline\":\"Unimed \u00e9 a marca mais lembrada pelos mineiros\",\"datePublished\":\"2020-09-15T19:00:06+00:00\",\"mainEntityOfPage\":{\"@id\":\"https:\\\/\\\/marcelolopes.jor.br\\\/site\\\/2020\\\/09\\\/15\\\/unimed-e-a-marca-mais-lembrada-pelos-mineiros\\\/\"},\"wordCount\":352,\"commentCount\":0,\"publisher\":{\"@id\":\"https:\\\/\\\/marcelolopes.jor.br\\\/site\\\/#organization\"},\"image\":{\"@id\":\"https:\\\/\\\/marcelolopes.jor.br\\\/site\\\/2020\\\/09\\\/15\\\/unimed-e-a-marca-mais-lembrada-pelos-mineiros\\\/#primaryimage\"},\"thumbnailUrl\":\"https:\\\/\\\/marcelolopes.jor.br\\\/site\\\/wp-content\\\/uploads\\\/2020\\\/09\\\/WhatsApp-Image-2020-09-14-at-14.28.27.jpeg\",\"keywords\":[\"Plano de Sa\u00fade\",\"Top of Mind\",\"Unimed 30 anos\",\"Unimed Cataguases\"],\"articleSection\":[\"Not\u00edcias\"],\"inLanguage\":\"pt-BR\",\"potentialAction\":[{\"@type\":\"CommentAction\",\"name\":\"Comment\",\"target\":[\"https:\\\/\\\/marcelolopes.jor.br\\\/site\\\/2020\\\/09\\\/15\\\/unimed-e-a-marca-mais-lembrada-pelos-mineiros\\\/#respond\"]}]},{\"@type\":\"WebPage\",\"@id\":\"https:\\\/\\\/marcelolopes.jor.br\\\/site\\\/2020\\\/09\\\/15\\\/unimed-e-a-marca-mais-lembrada-pelos-mineiros\\\/\",\"url\":\"https:\\\/\\\/marcelolopes.jor.br\\\/site\\\/2020\\\/09\\\/15\\\/unimed-e-a-marca-mais-lembrada-pelos-mineiros\\\/\",\"name\":\"Unimed \u00e9 a marca mais lembrada pelos mineiros | Marcelo Lopes\",\"isPartOf\":{\"@id\":\"https:\\\/\\\/marcelolopes.jor.br\\\/site\\\/#website\"},\"primaryImageOfPage\":{\"@id\":\"https:\\\/\\\/marcelolopes.jor.br\\\/site\\\/2020\\\/09\\\/15\\\/unimed-e-a-marca-mais-lembrada-pelos-mineiros\\\/#primaryimage\"},\"image\":{\"@id\":\"https:\\\/\\\/marcelolopes.jor.br\\\/site\\\/2020\\\/09\\\/15\\\/unimed-e-a-marca-mais-lembrada-pelos-mineiros\\\/#primaryimage\"},\"thumbnailUrl\":\"https:\\\/\\\/marcelolopes.jor.br\\\/site\\\/wp-content\\\/uploads\\\/2020\\\/09\\\/WhatsApp-Image-2020-09-14-at-14.28.27.jpeg\",\"datePublished\":\"2020-09-15T19:00:06+00:00\",\"breadcrumb\":{\"@id\":\"https:\\\/\\\/marcelolopes.jor.br\\\/site\\\/2020\\\/09\\\/15\\\/unimed-e-a-marca-mais-lembrada-pelos-mineiros\\\/#breadcrumb\"},\"inLanguage\":\"pt-BR\",\"potentialAction\":[{\"@type\":\"ReadAction\",\"target\":[\"https:\\\/\\\/marcelolopes.jor.br\\\/site\\\/2020\\\/09\\\/15\\\/unimed-e-a-marca-mais-lembrada-pelos-mineiros\\\/\"]}]},{\"@type\":\"ImageObject\",\"inLanguage\":\"pt-BR\",\"@id\":\"https:\\\/\\\/marcelolopes.jor.br\\\/site\\\/2020\\\/09\\\/15\\\/unimed-e-a-marca-mais-lembrada-pelos-mineiros\\\/#primaryimage\",\"url\":\"https:\\\/\\\/marcelolopes.jor.br\\\/site\\\/wp-content\\\/uploads\\\/2020\\\/09\\\/WhatsApp-Image-2020-09-14-at-14.28.27.jpeg\",\"contentUrl\":\"https:\\\/\\\/marcelolopes.jor.br\\\/site\\\/wp-content\\\/uploads\\\/2020\\\/09\\\/WhatsApp-Image-2020-09-14-at-14.28.27.jpeg\",\"width\":1280,\"height\":960},{\"@type\":\"BreadcrumbList\",\"@id\":\"https:\\\/\\\/marcelolopes.jor.br\\\/site\\\/2020\\\/09\\\/15\\\/unimed-e-a-marca-mais-lembrada-pelos-mineiros\\\/#breadcrumb\",\"itemListElement\":[{\"@type\":\"ListItem\",\"position\":1,\"name\":\"Home\",\"item\":\"https:\\\/\\\/marcelolopes.jor.br\\\/site\\\/\"},{\"@type\":\"ListItem\",\"position\":2,\"name\":\"Unimed \u00e9 a marca mais lembrada pelos mineiros\"}]},{\"@type\":\"WebSite\",\"@id\":\"https:\\\/\\\/marcelolopes.jor.br\\\/site\\\/#website\",\"url\":\"https:\\\/\\\/marcelolopes.jor.br\\\/site\\\/\",\"name\":\"Marcelo Lopes\",\"description\":\"Not\u00edcias de Cataguases e Regi\u00e3o\",\"publisher\":{\"@id\":\"https:\\\/\\\/marcelolopes.jor.br\\\/site\\\/#organization\"},\"potentialAction\":[{\"@type\":\"SearchAction\",\"target\":{\"@type\":\"EntryPoint\",\"urlTemplate\":\"https:\\\/\\\/marcelolopes.jor.br\\\/site\\\/?s={search_term_string}\"},\"query-input\":{\"@type\":\"PropertyValueSpecification\",\"valueRequired\":true,\"valueName\":\"search_term_string\"}}],\"inLanguage\":\"pt-BR\"},{\"@type\":\"Organization\",\"@id\":\"https:\\\/\\\/marcelolopes.jor.br\\\/site\\\/#organization\",\"name\":\"Site do Marcelo Lopes\",\"url\":\"https:\\\/\\\/marcelolopes.jor.br\\\/site\\\/\",\"logo\":{\"@type\":\"ImageObject\",\"inLanguage\":\"pt-BR\",\"@id\":\"https:\\\/\\\/marcelolopes.jor.br\\\/site\\\/#\\\/schema\\\/logo\\\/image\\\/\",\"url\":\"https:\\\/\\\/marcelolopes.jor.br\\\/site\\\/wp-content\\\/uploads\\\/2024\\\/11\\\/logo-1.png\",\"contentUrl\":\"https:\\\/\\\/marcelolopes.jor.br\\\/site\\\/wp-content\\\/uploads\\\/2024\\\/11\\\/logo-1.png\",\"width\":475,\"height\":80,\"caption\":\"Site do Marcelo Lopes\"},\"image\":{\"@id\":\"https:\\\/\\\/marcelolopes.jor.br\\\/site\\\/#\\\/schema\\\/logo\\\/image\\\/\"},\"sameAs\":[\"https:\\\/\\\/www.facebook.com\\\/sitedomarcelolopes\",\"https:\\\/\\\/www.instagram.com\\\/sitedomarcelolopes\\\/\",\"https:\\\/\\\/www.linkedin.com\\\/company\\\/site-do-marcelo-lopes\\\/\",\"https:\\\/\\\/www.youtube.com\\\/user\\\/marcelolopes957\"]},{\"@type\":\"Person\",\"@id\":\"https:\\\/\\\/marcelolopes.jor.br\\\/site\\\/#\\\/schema\\\/person\\\/3e7216a35c34d8fdf952b31da3d1f89f\",\"name\":\"Marcelo Lopes\",\"sameAs\":[\"http:\\\/\\\/www.marcelolopes.jor.br\"],\"url\":\"https:\\\/\\\/marcelolopes.jor.br\\\/site\\\/author\\\/marcelo\\\/\"}]}<\/script>\n<!-- \/ Yoast SEO plugin. -->","yoast_head_json":{"title":"Unimed \u00e9 a marca mais lembrada pelos mineiros | Marcelo Lopes","robots":{"index":"index","follow":"follow","max-snippet":"max-snippet:-1","max-image-preview":"max-image-preview:large","max-video-preview":"max-video-preview:-1"},"canonical":"https:\/\/marcelolopes.jor.br\/site\/2020\/09\/15\/unimed-e-a-marca-mais-lembrada-pelos-mineiros\/","og_locale":"pt_BR","og_type":"article","og_title":"Unimed \u00e9 a marca mais lembrada pelos mineiros | Marcelo Lopes","og_description":"Pela 25\u00aa vez consecutiva, o Sistema Unimed mineiro confirma sua lideran\u00e7a como a marca de plano de sa\u00fade mais lembrada pelos mineiros, no Pr\u00eamio Top of Mind &#8211; Marcas de Sucesso de Minas Gerais, na Categoria Excel\u00eancia.\u00a0Al\u00e9m disso, pelo 10\u00baLeia mais Unimed \u00e9 a marca mais lembrada pelos mineiros","og_url":"https:\/\/marcelolopes.jor.br\/site\/2020\/09\/15\/unimed-e-a-marca-mais-lembrada-pelos-mineiros\/","og_site_name":"Marcelo Lopes","article_publisher":"https:\/\/www.facebook.com\/sitedomarcelolopes","article_published_time":"2020-09-15T19:00:06+00:00","og_image":[{"width":1280,"height":960,"url":"https:\/\/marcelolopes.jor.br\/site\/wp-content\/uploads\/2020\/09\/WhatsApp-Image-2020-09-14-at-14.28.27.jpeg","type":"image\/jpeg"}],"author":"Marcelo Lopes","twitter_card":"summary_large_image","twitter_misc":{"Escrito por":"Marcelo Lopes","Est. tempo de leitura":"2 minutos"},"schema":{"@context":"https:\/\/schema.org","@graph":[{"@type":"NewsArticle","@id":"https:\/\/marcelolopes.jor.br\/site\/2020\/09\/15\/unimed-e-a-marca-mais-lembrada-pelos-mineiros\/#article","isPartOf":{"@id":"https:\/\/marcelolopes.jor.br\/site\/2020\/09\/15\/unimed-e-a-marca-mais-lembrada-pelos-mineiros\/"},"author":{"name":"Marcelo Lopes","@id":"https:\/\/marcelolopes.jor.br\/site\/#\/schema\/person\/3e7216a35c34d8fdf952b31da3d1f89f"},"headline":"Unimed \u00e9 a marca mais lembrada pelos mineiros","datePublished":"2020-09-15T19:00:06+00:00","mainEntityOfPage":{"@id":"https:\/\/marcelolopes.jor.br\/site\/2020\/09\/15\/unimed-e-a-marca-mais-lembrada-pelos-mineiros\/"},"wordCount":352,"commentCount":0,"publisher":{"@id":"https:\/\/marcelolopes.jor.br\/site\/#organization"},"image":{"@id":"https:\/\/marcelolopes.jor.br\/site\/2020\/09\/15\/unimed-e-a-marca-mais-lembrada-pelos-mineiros\/#primaryimage"},"thumbnailUrl":"https:\/\/marcelolopes.jor.br\/site\/wp-content\/uploads\/2020\/09\/WhatsApp-Image-2020-09-14-at-14.28.27.jpeg","keywords":["Plano de Sa\u00fade","Top of Mind","Unimed 30 anos","Unimed Cataguases"],"articleSection":["Not\u00edcias"],"inLanguage":"pt-BR","potentialAction":[{"@type":"CommentAction","name":"Comment","target":["https:\/\/marcelolopes.jor.br\/site\/2020\/09\/15\/unimed-e-a-marca-mais-lembrada-pelos-mineiros\/#respond"]}]},{"@type":"WebPage","@id":"https:\/\/marcelolopes.jor.br\/site\/2020\/09\/15\/unimed-e-a-marca-mais-lembrada-pelos-mineiros\/","url":"https:\/\/marcelolopes.jor.br\/site\/2020\/09\/15\/unimed-e-a-marca-mais-lembrada-pelos-mineiros\/","name":"Unimed \u00e9 a marca mais lembrada pelos mineiros | Marcelo Lopes","isPartOf":{"@id":"https:\/\/marcelolopes.jor.br\/site\/#website"},"primaryImageOfPage":{"@id":"https:\/\/marcelolopes.jor.br\/site\/2020\/09\/15\/unimed-e-a-marca-mais-lembrada-pelos-mineiros\/#primaryimage"},"image":{"@id":"https:\/\/marcelolopes.jor.br\/site\/2020\/09\/15\/unimed-e-a-marca-mais-lembrada-pelos-mineiros\/#primaryimage"},"thumbnailUrl":"https:\/\/marcelolopes.jor.br\/site\/wp-content\/uploads\/2020\/09\/WhatsApp-Image-2020-09-14-at-14.28.27.jpeg","datePublished":"2020-09-15T19:00:06+00:00","breadcrumb":{"@id":"https:\/\/marcelolopes.jor.br\/site\/2020\/09\/15\/unimed-e-a-marca-mais-lembrada-pelos-mineiros\/#breadcrumb"},"inLanguage":"pt-BR","potentialAction":[{"@type":"ReadAction","target":["https:\/\/marcelolopes.jor.br\/site\/2020\/09\/15\/unimed-e-a-marca-mais-lembrada-pelos-mineiros\/"]}]},{"@type":"ImageObject","inLanguage":"pt-BR","@id":"https:\/\/marcelolopes.jor.br\/site\/2020\/09\/15\/unimed-e-a-marca-mais-lembrada-pelos-mineiros\/#primaryimage","url":"https:\/\/marcelolopes.jor.br\/site\/wp-content\/uploads\/2020\/09\/WhatsApp-Image-2020-09-14-at-14.28.27.jpeg","contentUrl":"https:\/\/marcelolopes.jor.br\/site\/wp-content\/uploads\/2020\/09\/WhatsApp-Image-2020-09-14-at-14.28.27.jpeg","width":1280,"height":960},{"@type":"BreadcrumbList","@id":"https:\/\/marcelolopes.jor.br\/site\/2020\/09\/15\/unimed-e-a-marca-mais-lembrada-pelos-mineiros\/#breadcrumb","itemListElement":[{"@type":"ListItem","position":1,"name":"Home","item":"https:\/\/marcelolopes.jor.br\/site\/"},{"@type":"ListItem","position":2,"name":"Unimed \u00e9 a marca mais lembrada pelos mineiros"}]},{"@type":"WebSite","@id":"https:\/\/marcelolopes.jor.br\/site\/#website","url":"https:\/\/marcelolopes.jor.br\/site\/","name":"Marcelo Lopes","description":"Not\u00edcias de Cataguases e Regi\u00e3o","publisher":{"@id":"https:\/\/marcelolopes.jor.br\/site\/#organization"},"potentialAction":[{"@type":"SearchAction","target":{"@type":"EntryPoint","urlTemplate":"https:\/\/marcelolopes.jor.br\/site\/?s={search_term_string}"},"query-input":{"@type":"PropertyValueSpecification","valueRequired":true,"valueName":"search_term_string"}}],"inLanguage":"pt-BR"},{"@type":"Organization","@id":"https:\/\/marcelolopes.jor.br\/site\/#organization","name":"Site do Marcelo Lopes","url":"https:\/\/marcelolopes.jor.br\/site\/","logo":{"@type":"ImageObject","inLanguage":"pt-BR","@id":"https:\/\/marcelolopes.jor.br\/site\/#\/schema\/logo\/image\/","url":"https:\/\/marcelolopes.jor.br\/site\/wp-content\/uploads\/2024\/11\/logo-1.png","contentUrl":"https:\/\/marcelolopes.jor.br\/site\/wp-content\/uploads\/2024\/11\/logo-1.png","width":475,"height":80,"caption":"Site do Marcelo Lopes"},"image":{"@id":"https:\/\/marcelolopes.jor.br\/site\/#\/schema\/logo\/image\/"},"sameAs":["https:\/\/www.facebook.com\/sitedomarcelolopes","https:\/\/www.instagram.com\/sitedomarcelolopes\/","https:\/\/www.linkedin.com\/company\/site-do-marcelo-lopes\/","https:\/\/www.youtube.com\/user\/marcelolopes957"]},{"@type":"Person","@id":"https:\/\/marcelolopes.jor.br\/site\/#\/schema\/person\/3e7216a35c34d8fdf952b31da3d1f89f","name":"Marcelo Lopes","sameAs":["http:\/\/www.marcelolopes.jor.br"],"url":"https:\/\/marcelolopes.jor.br\/site\/author\/marcelo\/"}]}},"wps_subtitle":"Empresa se destaca no pr\u00eamio Top of Mind, nas categorias Excel\u00eancia e Top do Top.","_links":{"self":[{"href":"https:\/\/marcelolopes.jor.br\/site\/wp-json\/wp\/v2\/posts\/17360","targetHints":{"allow":["GET"]}}],"collection":[{"href":"https:\/\/marcelolopes.jor.br\/site\/wp-json\/wp\/v2\/posts"}],"about":[{"href":"https:\/\/marcelolopes.jor.br\/site\/wp-json\/wp\/v2\/types\/post"}],"author":[{"embeddable":true,"href":"https:\/\/marcelolopes.jor.br\/site\/wp-json\/wp\/v2\/users\/2"}],"replies":[{"embeddable":true,"href":"https:\/\/marcelolopes.jor.br\/site\/wp-json\/wp\/v2\/comments?post=17360"}],"version-history":[{"count":0,"href":"https:\/\/marcelolopes.jor.br\/site\/wp-json\/wp\/v2\/posts\/17360\/revisions"}],"wp:featuredmedia":[{"embeddable":true,"href":"https:\/\/marcelolopes.jor.br\/site\/wp-json\/wp\/v2\/media\/17362"}],"wp:attachment":[{"href":"https:\/\/marcelolopes.jor.br\/site\/wp-json\/wp\/v2\/media?parent=17360"}],"wp:term":[{"taxonomy":"category","embeddable":true,"href":"https:\/\/marcelolopes.jor.br\/site\/wp-json\/wp\/v2\/categories?post=17360"},{"taxonomy":"post_tag","embeddable":true,"href":"https:\/\/marcelolopes.jor.br\/site\/wp-json\/wp\/v2\/tags?post=17360"}],"curies":[{"name":"wp","href":"https:\/\/api.w.org\/{rel}","templated":true}]}}