{"id":17334,"date":"2020-09-14T12:00:47","date_gmt":"2020-09-14T15:00:47","guid":{"rendered":"https:\/\/marcelolopes.jor.br\/?p=17334"},"modified":"2020-09-14T09:37:42","modified_gmt":"2020-09-14T12:37:42","slug":"ciclone-bomba-pode-ocasionar-ventania-para-a-zona-da-mata","status":"publish","type":"post","link":"https:\/\/marcelolopes.jor.br\/site\/2020\/09\/14\/ciclone-bomba-pode-ocasionar-ventania-para-a-zona-da-mata\/","title":{"rendered":"Ciclone bomba pode ocasionar ventania para a Zona da Mata"},"content":{"rendered":"<p style=\"text-align: justify;\">Um ciclone bomba ir\u00e1 se formar sobre o mar, na altura da costa do Sul do Brasil, entre segunda e ter\u00e7a-feira, dias 14 e 15 de setembro. A expectativa \u00e9 de fortes rajadas de vento sobre parte do Sul e do Sudeste, que podem chegar a 90km\/h. Os ciclones extratropicais s\u00e3o \u00e1reas de baixa press\u00e3o atmosf\u00e9rica e s\u00e3o muito comuns na Am\u00e9rica do Sul. Em geral, est\u00e3o associados a frentes frias.<!--more--><\/p>\n<p style=\"text-align: justify;\">O ciclone bomba ir\u00e1 provocar agita\u00e7\u00e3o mar\u00edtima e ventania sobre parte do Sudeste do Brasil. Na segunda-feira, as rajadas mais intensas podem chegar a 70km\/h no litoral de S\u00e3o Paulo, no Rio de Janeiro, no centro-sul capixaba e at\u00e9 em \u00e1reas da Zona da Mata de Minas Gerais. Na regi\u00e3o da capital paulista, os ventos ocorrem com at\u00e9 60km\/h.<\/p>\n<p>Com a forma\u00e7\u00e3o do ciclone e o deslocamento de uma frente fria por alto mar, na altura da costa do Sudeste, pode chover de forma pontual em \u00e1reas do leste paulista na segunda-feira. Na ter\u00e7a, a chuva tamb\u00e9m atinge o Grande Rio e a regi\u00e3o dos Lagos, mas sem alerta para tempestades.<\/p>\n<p><img loading=\"lazy\" decoding=\"async\" class=\"aligncenter wp-image-17337\" src=\"https:\/\/marcelolopes.jor.br\/site\/wp-content\/uploads\/2020\/09\/18770505df6241f216afe1d78fb7d066.jpg\" alt=\"\" width=\"600\" height=\"600\" srcset=\"https:\/\/marcelolopes.jor.br\/site\/wp-content\/uploads\/2020\/09\/18770505df6241f216afe1d78fb7d066.jpg 640w, https:\/\/marcelolopes.jor.br\/site\/wp-content\/uploads\/2020\/09\/18770505df6241f216afe1d78fb7d066-150x150.jpg 150w, https:\/\/marcelolopes.jor.br\/site\/wp-content\/uploads\/2020\/09\/18770505df6241f216afe1d78fb7d066-300x300.jpg 300w\" sizes=\"auto, (max-width: 600px) 100vw, 600px\" \/><\/p>\n<p style=\"text-align: justify;\">Fonte: Climatempo | Foto de Suparerg Suksai no Pexels<\/p>\n<div class=\"agake69f715c0b273e\" ><br><\/div><style type=\"text\/css\">\r\n@media screen and (min-width: 1201px) {\r\n.agake69f715c0b273e {\r\ndisplay: block;\r\n}\r\n}\r\n@media screen and (min-width: 993px) and (max-width: 1200px) {\r\n.agake69f715c0b273e {\r\ndisplay: block;\r\n}\r\n}\r\n@media screen and (min-width: 769px) and (max-width: 992px) {\r\n.agake69f715c0b273e {\r\ndisplay: block;\r\n}\r\n}\r\n@media screen and (min-width: 768px) and (max-width: 768px) {\r\n.agake69f715c0b273e {\r\ndisplay: block;\r\n}\r\n}\r\n@media screen and (max-width: 767px) {\r\n.agake69f715c0b273e {\r\ndisplay: block;\r\n}\r\n}\r\n<\/style>\r\n<div class=\"umcve69f715c0b77c4\" ><div id=\"div_destino\"><\/div>\r\n<script src=\"https:\/\/cdn.snsrsv.com\/sdk.js\"><\/script>\r\n<script >\r\n      new sdk(\"464030C30061EA8BE065000000000001\") \r\n          .appendTo(\"div_destino\")\r\n          .disableStyle(true) \r\n          .setCacheBusterMacro(\"%%CACHEBUSTER%%\")\r\n          .setSize(\"800\",\"214\")\r\n          .setClickMacro(\"%%CLICK_URL_ESC%%\") \r\n          .setReferrerUrlMacro(\"%%REFERRER_URL_ESC%%\") \r\n          .start(); \r\n<\/script><\/div><style type=\"text\/css\">\r\n@media screen and (min-width: 1201px) {\r\n.umcve69f715c0b77c4 {\r\ndisplay: block;\r\n}\r\n}\r\n@media screen and (min-width: 993px) and (max-width: 1200px) {\r\n.umcve69f715c0b77c4 {\r\ndisplay: block;\r\n}\r\n}\r\n@media screen and (min-width: 769px) and (max-width: 992px) {\r\n.umcve69f715c0b77c4 {\r\ndisplay: block;\r\n}\r\n}\r\n@media screen and (min-width: 768px) and (max-width: 768px) {\r\n.umcve69f715c0b77c4 {\r\ndisplay: block;\r\n}\r\n}\r\n@media screen and (max-width: 767px) {\r\n.umcve69f715c0b77c4 {\r\ndisplay: block;\r\n}\r\n}\r\n<\/style>\r\n","protected":false},"excerpt":{"rendered":"<p>Um ciclone bomba ir\u00e1 se formar sobre o mar, na altura da costa do Sul do Brasil, entre segunda e ter\u00e7a-feira, dias 14 e 15 de setembro. A expectativa \u00e9 de fortes rajadas de vento sobre parte do Sul e<\/p>\n<p class=\"link-more\"><a class=\"more-link\" href=\"https:\/\/marcelolopes.jor.br\/site\/2020\/09\/14\/ciclone-bomba-pode-ocasionar-ventania-para-a-zona-da-mata\/\">Leia mais <span class=\"screen-reader-text\">Ciclone bomba pode ocasionar ventania para a Zona da Mata<\/span><\/a><\/p>\n","protected":false},"author":2,"featured_media":17336,"comment_status":"open","ping_status":"open","sticky":false,"template":"","format":"standard","meta":{"footnotes":""},"categories":[1],"tags":[2983,1837,1838,2982],"class_list":["post-17334","post","type-post","status-publish","format-standard","has-post-thumbnail","hentry","category-noticias","tag-climatempo","tag-meteorologia","tag-previsao-do-tempo","tag-ventania","thumb-below-title"],"yoast_head":"<!-- This site is optimized with the Yoast SEO plugin v27.4 - https:\/\/yoast.com\/product\/yoast-seo-wordpress\/ -->\n<title>Ciclone bomba pode ocasionar ventania para a Zona da Mata | Marcelo Lopes<\/title>\n<meta name=\"robots\" content=\"index, follow, max-snippet:-1, max-image-preview:large, max-video-preview:-1\" \/>\n<link rel=\"canonical\" href=\"https:\/\/marcelolopes.jor.br\/site\/2020\/09\/14\/ciclone-bomba-pode-ocasionar-ventania-para-a-zona-da-mata\/\" \/>\n<meta property=\"og:locale\" content=\"pt_BR\" \/>\n<meta property=\"og:type\" content=\"article\" \/>\n<meta property=\"og:title\" content=\"Ciclone bomba pode ocasionar ventania para a Zona da Mata | Marcelo Lopes\" \/>\n<meta property=\"og:description\" content=\"Um ciclone bomba ir\u00e1 se formar sobre o mar, na altura da costa do Sul do Brasil, entre segunda e ter\u00e7a-feira, dias 14 e 15 de setembro. A expectativa \u00e9 de fortes rajadas de vento sobre parte do Sul eLeia mais Ciclone bomba pode ocasionar ventania para a Zona da Mata\" \/>\n<meta property=\"og:url\" content=\"https:\/\/marcelolopes.jor.br\/site\/2020\/09\/14\/ciclone-bomba-pode-ocasionar-ventania-para-a-zona-da-mata\/\" \/>\n<meta property=\"og:site_name\" content=\"Marcelo Lopes\" \/>\n<meta property=\"article:publisher\" content=\"https:\/\/www.facebook.com\/sitedomarcelolopes\" \/>\n<meta property=\"article:published_time\" content=\"2020-09-14T15:00:47+00:00\" \/>\n<meta property=\"og:image\" content=\"https:\/\/marcelolopes.jor.br\/site\/wp-content\/uploads\/2020\/09\/pexels-suparerg-suksai-1030320.jpg\" \/>\n\t<meta property=\"og:image:width\" content=\"1280\" \/>\n\t<meta property=\"og:image:height\" content=\"858\" \/>\n\t<meta property=\"og:image:type\" content=\"image\/jpeg\" \/>\n<meta name=\"author\" content=\"Marcelo Lopes\" \/>\n<meta name=\"twitter:card\" content=\"summary_large_image\" \/>\n<meta name=\"twitter:label1\" content=\"Escrito por\" \/>\n\t<meta name=\"twitter:data1\" content=\"Marcelo Lopes\" \/>\n\t<meta name=\"twitter:label2\" content=\"Est. tempo de leitura\" \/>\n\t<meta name=\"twitter:data2\" content=\"1 minuto\" \/>\n<script type=\"application\/ld+json\" class=\"yoast-schema-graph\">{\"@context\":\"https:\\\/\\\/schema.org\",\"@graph\":[{\"@type\":\"NewsArticle\",\"@id\":\"https:\\\/\\\/marcelolopes.jor.br\\\/site\\\/2020\\\/09\\\/14\\\/ciclone-bomba-pode-ocasionar-ventania-para-a-zona-da-mata\\\/#article\",\"isPartOf\":{\"@id\":\"https:\\\/\\\/marcelolopes.jor.br\\\/site\\\/2020\\\/09\\\/14\\\/ciclone-bomba-pode-ocasionar-ventania-para-a-zona-da-mata\\\/\"},\"author\":{\"name\":\"Marcelo Lopes\",\"@id\":\"https:\\\/\\\/marcelolopes.jor.br\\\/site\\\/#\\\/schema\\\/person\\\/3e7216a35c34d8fdf952b31da3d1f89f\"},\"headline\":\"Ciclone bomba pode ocasionar ventania para a Zona da Mata\",\"datePublished\":\"2020-09-14T15:00:47+00:00\",\"mainEntityOfPage\":{\"@id\":\"https:\\\/\\\/marcelolopes.jor.br\\\/site\\\/2020\\\/09\\\/14\\\/ciclone-bomba-pode-ocasionar-ventania-para-a-zona-da-mata\\\/\"},\"wordCount\":215,\"commentCount\":0,\"publisher\":{\"@id\":\"https:\\\/\\\/marcelolopes.jor.br\\\/site\\\/#organization\"},\"image\":{\"@id\":\"https:\\\/\\\/marcelolopes.jor.br\\\/site\\\/2020\\\/09\\\/14\\\/ciclone-bomba-pode-ocasionar-ventania-para-a-zona-da-mata\\\/#primaryimage\"},\"thumbnailUrl\":\"https:\\\/\\\/marcelolopes.jor.br\\\/site\\\/wp-content\\\/uploads\\\/2020\\\/09\\\/pexels-suparerg-suksai-1030320.jpg\",\"keywords\":[\"climatempo\",\"Meteorologia\",\"Previs\u00e3o do Tempo\",\"ventania\"],\"articleSection\":[\"Not\u00edcias\"],\"inLanguage\":\"pt-BR\",\"potentialAction\":[{\"@type\":\"CommentAction\",\"name\":\"Comment\",\"target\":[\"https:\\\/\\\/marcelolopes.jor.br\\\/site\\\/2020\\\/09\\\/14\\\/ciclone-bomba-pode-ocasionar-ventania-para-a-zona-da-mata\\\/#respond\"]}]},{\"@type\":\"WebPage\",\"@id\":\"https:\\\/\\\/marcelolopes.jor.br\\\/site\\\/2020\\\/09\\\/14\\\/ciclone-bomba-pode-ocasionar-ventania-para-a-zona-da-mata\\\/\",\"url\":\"https:\\\/\\\/marcelolopes.jor.br\\\/site\\\/2020\\\/09\\\/14\\\/ciclone-bomba-pode-ocasionar-ventania-para-a-zona-da-mata\\\/\",\"name\":\"Ciclone bomba pode ocasionar ventania para a Zona da Mata | Marcelo Lopes\",\"isPartOf\":{\"@id\":\"https:\\\/\\\/marcelolopes.jor.br\\\/site\\\/#website\"},\"primaryImageOfPage\":{\"@id\":\"https:\\\/\\\/marcelolopes.jor.br\\\/site\\\/2020\\\/09\\\/14\\\/ciclone-bomba-pode-ocasionar-ventania-para-a-zona-da-mata\\\/#primaryimage\"},\"image\":{\"@id\":\"https:\\\/\\\/marcelolopes.jor.br\\\/site\\\/2020\\\/09\\\/14\\\/ciclone-bomba-pode-ocasionar-ventania-para-a-zona-da-mata\\\/#primaryimage\"},\"thumbnailUrl\":\"https:\\\/\\\/marcelolopes.jor.br\\\/site\\\/wp-content\\\/uploads\\\/2020\\\/09\\\/pexels-suparerg-suksai-1030320.jpg\",\"datePublished\":\"2020-09-14T15:00:47+00:00\",\"breadcrumb\":{\"@id\":\"https:\\\/\\\/marcelolopes.jor.br\\\/site\\\/2020\\\/09\\\/14\\\/ciclone-bomba-pode-ocasionar-ventania-para-a-zona-da-mata\\\/#breadcrumb\"},\"inLanguage\":\"pt-BR\",\"potentialAction\":[{\"@type\":\"ReadAction\",\"target\":[\"https:\\\/\\\/marcelolopes.jor.br\\\/site\\\/2020\\\/09\\\/14\\\/ciclone-bomba-pode-ocasionar-ventania-para-a-zona-da-mata\\\/\"]}]},{\"@type\":\"ImageObject\",\"inLanguage\":\"pt-BR\",\"@id\":\"https:\\\/\\\/marcelolopes.jor.br\\\/site\\\/2020\\\/09\\\/14\\\/ciclone-bomba-pode-ocasionar-ventania-para-a-zona-da-mata\\\/#primaryimage\",\"url\":\"https:\\\/\\\/marcelolopes.jor.br\\\/site\\\/wp-content\\\/uploads\\\/2020\\\/09\\\/pexels-suparerg-suksai-1030320.jpg\",\"contentUrl\":\"https:\\\/\\\/marcelolopes.jor.br\\\/site\\\/wp-content\\\/uploads\\\/2020\\\/09\\\/pexels-suparerg-suksai-1030320.jpg\",\"width\":1280,\"height\":858},{\"@type\":\"BreadcrumbList\",\"@id\":\"https:\\\/\\\/marcelolopes.jor.br\\\/site\\\/2020\\\/09\\\/14\\\/ciclone-bomba-pode-ocasionar-ventania-para-a-zona-da-mata\\\/#breadcrumb\",\"itemListElement\":[{\"@type\":\"ListItem\",\"position\":1,\"name\":\"Home\",\"item\":\"https:\\\/\\\/marcelolopes.jor.br\\\/site\\\/\"},{\"@type\":\"ListItem\",\"position\":2,\"name\":\"Ciclone bomba pode ocasionar ventania para a Zona da Mata\"}]},{\"@type\":\"WebSite\",\"@id\":\"https:\\\/\\\/marcelolopes.jor.br\\\/site\\\/#website\",\"url\":\"https:\\\/\\\/marcelolopes.jor.br\\\/site\\\/\",\"name\":\"Marcelo Lopes\",\"description\":\"Not\u00edcias de Cataguases e Regi\u00e3o\",\"publisher\":{\"@id\":\"https:\\\/\\\/marcelolopes.jor.br\\\/site\\\/#organization\"},\"potentialAction\":[{\"@type\":\"SearchAction\",\"target\":{\"@type\":\"EntryPoint\",\"urlTemplate\":\"https:\\\/\\\/marcelolopes.jor.br\\\/site\\\/?s={search_term_string}\"},\"query-input\":{\"@type\":\"PropertyValueSpecification\",\"valueRequired\":true,\"valueName\":\"search_term_string\"}}],\"inLanguage\":\"pt-BR\"},{\"@type\":\"Organization\",\"@id\":\"https:\\\/\\\/marcelolopes.jor.br\\\/site\\\/#organization\",\"name\":\"Site do Marcelo Lopes\",\"url\":\"https:\\\/\\\/marcelolopes.jor.br\\\/site\\\/\",\"logo\":{\"@type\":\"ImageObject\",\"inLanguage\":\"pt-BR\",\"@id\":\"https:\\\/\\\/marcelolopes.jor.br\\\/site\\\/#\\\/schema\\\/logo\\\/image\\\/\",\"url\":\"https:\\\/\\\/marcelolopes.jor.br\\\/site\\\/wp-content\\\/uploads\\\/2024\\\/11\\\/logo-1.png\",\"contentUrl\":\"https:\\\/\\\/marcelolopes.jor.br\\\/site\\\/wp-content\\\/uploads\\\/2024\\\/11\\\/logo-1.png\",\"width\":475,\"height\":80,\"caption\":\"Site do Marcelo Lopes\"},\"image\":{\"@id\":\"https:\\\/\\\/marcelolopes.jor.br\\\/site\\\/#\\\/schema\\\/logo\\\/image\\\/\"},\"sameAs\":[\"https:\\\/\\\/www.facebook.com\\\/sitedomarcelolopes\",\"https:\\\/\\\/www.instagram.com\\\/sitedomarcelolopes\\\/\",\"https:\\\/\\\/www.linkedin.com\\\/company\\\/site-do-marcelo-lopes\\\/\",\"https:\\\/\\\/www.youtube.com\\\/user\\\/marcelolopes957\"]},{\"@type\":\"Person\",\"@id\":\"https:\\\/\\\/marcelolopes.jor.br\\\/site\\\/#\\\/schema\\\/person\\\/3e7216a35c34d8fdf952b31da3d1f89f\",\"name\":\"Marcelo Lopes\",\"sameAs\":[\"http:\\\/\\\/www.marcelolopes.jor.br\"],\"url\":\"https:\\\/\\\/marcelolopes.jor.br\\\/site\\\/author\\\/marcelo\\\/\"}]}<\/script>\n<!-- \/ Yoast SEO plugin. -->","yoast_head_json":{"title":"Ciclone bomba pode ocasionar ventania para a Zona da Mata | Marcelo Lopes","robots":{"index":"index","follow":"follow","max-snippet":"max-snippet:-1","max-image-preview":"max-image-preview:large","max-video-preview":"max-video-preview:-1"},"canonical":"https:\/\/marcelolopes.jor.br\/site\/2020\/09\/14\/ciclone-bomba-pode-ocasionar-ventania-para-a-zona-da-mata\/","og_locale":"pt_BR","og_type":"article","og_title":"Ciclone bomba pode ocasionar ventania para a Zona da Mata | Marcelo Lopes","og_description":"Um ciclone bomba ir\u00e1 se formar sobre o mar, na altura da costa do Sul do Brasil, entre segunda e ter\u00e7a-feira, dias 14 e 15 de setembro. A expectativa \u00e9 de fortes rajadas de vento sobre parte do Sul eLeia mais Ciclone bomba pode ocasionar ventania para a Zona da Mata","og_url":"https:\/\/marcelolopes.jor.br\/site\/2020\/09\/14\/ciclone-bomba-pode-ocasionar-ventania-para-a-zona-da-mata\/","og_site_name":"Marcelo Lopes","article_publisher":"https:\/\/www.facebook.com\/sitedomarcelolopes","article_published_time":"2020-09-14T15:00:47+00:00","og_image":[{"width":1280,"height":858,"url":"https:\/\/marcelolopes.jor.br\/site\/wp-content\/uploads\/2020\/09\/pexels-suparerg-suksai-1030320.jpg","type":"image\/jpeg"}],"author":"Marcelo Lopes","twitter_card":"summary_large_image","twitter_misc":{"Escrito por":"Marcelo Lopes","Est. tempo de leitura":"1 minuto"},"schema":{"@context":"https:\/\/schema.org","@graph":[{"@type":"NewsArticle","@id":"https:\/\/marcelolopes.jor.br\/site\/2020\/09\/14\/ciclone-bomba-pode-ocasionar-ventania-para-a-zona-da-mata\/#article","isPartOf":{"@id":"https:\/\/marcelolopes.jor.br\/site\/2020\/09\/14\/ciclone-bomba-pode-ocasionar-ventania-para-a-zona-da-mata\/"},"author":{"name":"Marcelo Lopes","@id":"https:\/\/marcelolopes.jor.br\/site\/#\/schema\/person\/3e7216a35c34d8fdf952b31da3d1f89f"},"headline":"Ciclone bomba pode ocasionar ventania para a Zona da Mata","datePublished":"2020-09-14T15:00:47+00:00","mainEntityOfPage":{"@id":"https:\/\/marcelolopes.jor.br\/site\/2020\/09\/14\/ciclone-bomba-pode-ocasionar-ventania-para-a-zona-da-mata\/"},"wordCount":215,"commentCount":0,"publisher":{"@id":"https:\/\/marcelolopes.jor.br\/site\/#organization"},"image":{"@id":"https:\/\/marcelolopes.jor.br\/site\/2020\/09\/14\/ciclone-bomba-pode-ocasionar-ventania-para-a-zona-da-mata\/#primaryimage"},"thumbnailUrl":"https:\/\/marcelolopes.jor.br\/site\/wp-content\/uploads\/2020\/09\/pexels-suparerg-suksai-1030320.jpg","keywords":["climatempo","Meteorologia","Previs\u00e3o do Tempo","ventania"],"articleSection":["Not\u00edcias"],"inLanguage":"pt-BR","potentialAction":[{"@type":"CommentAction","name":"Comment","target":["https:\/\/marcelolopes.jor.br\/site\/2020\/09\/14\/ciclone-bomba-pode-ocasionar-ventania-para-a-zona-da-mata\/#respond"]}]},{"@type":"WebPage","@id":"https:\/\/marcelolopes.jor.br\/site\/2020\/09\/14\/ciclone-bomba-pode-ocasionar-ventania-para-a-zona-da-mata\/","url":"https:\/\/marcelolopes.jor.br\/site\/2020\/09\/14\/ciclone-bomba-pode-ocasionar-ventania-para-a-zona-da-mata\/","name":"Ciclone bomba pode ocasionar ventania para a Zona da Mata | Marcelo Lopes","isPartOf":{"@id":"https:\/\/marcelolopes.jor.br\/site\/#website"},"primaryImageOfPage":{"@id":"https:\/\/marcelolopes.jor.br\/site\/2020\/09\/14\/ciclone-bomba-pode-ocasionar-ventania-para-a-zona-da-mata\/#primaryimage"},"image":{"@id":"https:\/\/marcelolopes.jor.br\/site\/2020\/09\/14\/ciclone-bomba-pode-ocasionar-ventania-para-a-zona-da-mata\/#primaryimage"},"thumbnailUrl":"https:\/\/marcelolopes.jor.br\/site\/wp-content\/uploads\/2020\/09\/pexels-suparerg-suksai-1030320.jpg","datePublished":"2020-09-14T15:00:47+00:00","breadcrumb":{"@id":"https:\/\/marcelolopes.jor.br\/site\/2020\/09\/14\/ciclone-bomba-pode-ocasionar-ventania-para-a-zona-da-mata\/#breadcrumb"},"inLanguage":"pt-BR","potentialAction":[{"@type":"ReadAction","target":["https:\/\/marcelolopes.jor.br\/site\/2020\/09\/14\/ciclone-bomba-pode-ocasionar-ventania-para-a-zona-da-mata\/"]}]},{"@type":"ImageObject","inLanguage":"pt-BR","@id":"https:\/\/marcelolopes.jor.br\/site\/2020\/09\/14\/ciclone-bomba-pode-ocasionar-ventania-para-a-zona-da-mata\/#primaryimage","url":"https:\/\/marcelolopes.jor.br\/site\/wp-content\/uploads\/2020\/09\/pexels-suparerg-suksai-1030320.jpg","contentUrl":"https:\/\/marcelolopes.jor.br\/site\/wp-content\/uploads\/2020\/09\/pexels-suparerg-suksai-1030320.jpg","width":1280,"height":858},{"@type":"BreadcrumbList","@id":"https:\/\/marcelolopes.jor.br\/site\/2020\/09\/14\/ciclone-bomba-pode-ocasionar-ventania-para-a-zona-da-mata\/#breadcrumb","itemListElement":[{"@type":"ListItem","position":1,"name":"Home","item":"https:\/\/marcelolopes.jor.br\/site\/"},{"@type":"ListItem","position":2,"name":"Ciclone bomba pode ocasionar ventania para a Zona da Mata"}]},{"@type":"WebSite","@id":"https:\/\/marcelolopes.jor.br\/site\/#website","url":"https:\/\/marcelolopes.jor.br\/site\/","name":"Marcelo Lopes","description":"Not\u00edcias de Cataguases e Regi\u00e3o","publisher":{"@id":"https:\/\/marcelolopes.jor.br\/site\/#organization"},"potentialAction":[{"@type":"SearchAction","target":{"@type":"EntryPoint","urlTemplate":"https:\/\/marcelolopes.jor.br\/site\/?s={search_term_string}"},"query-input":{"@type":"PropertyValueSpecification","valueRequired":true,"valueName":"search_term_string"}}],"inLanguage":"pt-BR"},{"@type":"Organization","@id":"https:\/\/marcelolopes.jor.br\/site\/#organization","name":"Site do Marcelo Lopes","url":"https:\/\/marcelolopes.jor.br\/site\/","logo":{"@type":"ImageObject","inLanguage":"pt-BR","@id":"https:\/\/marcelolopes.jor.br\/site\/#\/schema\/logo\/image\/","url":"https:\/\/marcelolopes.jor.br\/site\/wp-content\/uploads\/2024\/11\/logo-1.png","contentUrl":"https:\/\/marcelolopes.jor.br\/site\/wp-content\/uploads\/2024\/11\/logo-1.png","width":475,"height":80,"caption":"Site do Marcelo Lopes"},"image":{"@id":"https:\/\/marcelolopes.jor.br\/site\/#\/schema\/logo\/image\/"},"sameAs":["https:\/\/www.facebook.com\/sitedomarcelolopes","https:\/\/www.instagram.com\/sitedomarcelolopes\/","https:\/\/www.linkedin.com\/company\/site-do-marcelo-lopes\/","https:\/\/www.youtube.com\/user\/marcelolopes957"]},{"@type":"Person","@id":"https:\/\/marcelolopes.jor.br\/site\/#\/schema\/person\/3e7216a35c34d8fdf952b31da3d1f89f","name":"Marcelo Lopes","sameAs":["http:\/\/www.marcelolopes.jor.br"],"url":"https:\/\/marcelolopes.jor.br\/site\/author\/marcelo\/"}]}},"wps_subtitle":"Toda a regi\u00e3o Sudeste dever\u00e1 ser atingida por ventos de at\u00e9 70 km\/h.","_links":{"self":[{"href":"https:\/\/marcelolopes.jor.br\/site\/wp-json\/wp\/v2\/posts\/17334","targetHints":{"allow":["GET"]}}],"collection":[{"href":"https:\/\/marcelolopes.jor.br\/site\/wp-json\/wp\/v2\/posts"}],"about":[{"href":"https:\/\/marcelolopes.jor.br\/site\/wp-json\/wp\/v2\/types\/post"}],"author":[{"embeddable":true,"href":"https:\/\/marcelolopes.jor.br\/site\/wp-json\/wp\/v2\/users\/2"}],"replies":[{"embeddable":true,"href":"https:\/\/marcelolopes.jor.br\/site\/wp-json\/wp\/v2\/comments?post=17334"}],"version-history":[{"count":0,"href":"https:\/\/marcelolopes.jor.br\/site\/wp-json\/wp\/v2\/posts\/17334\/revisions"}],"wp:featuredmedia":[{"embeddable":true,"href":"https:\/\/marcelolopes.jor.br\/site\/wp-json\/wp\/v2\/media\/17336"}],"wp:attachment":[{"href":"https:\/\/marcelolopes.jor.br\/site\/wp-json\/wp\/v2\/media?parent=17334"}],"wp:term":[{"taxonomy":"category","embeddable":true,"href":"https:\/\/marcelolopes.jor.br\/site\/wp-json\/wp\/v2\/categories?post=17334"},{"taxonomy":"post_tag","embeddable":true,"href":"https:\/\/marcelolopes.jor.br\/site\/wp-json\/wp\/v2\/tags?post=17334"}],"curies":[{"name":"wp","href":"https:\/\/api.w.org\/{rel}","templated":true}]}}