{"id":17320,"date":"2020-09-13T19:40:58","date_gmt":"2020-09-13T22:40:58","guid":{"rendered":"https:\/\/marcelolopes.jor.br\/?p=17320"},"modified":"2020-09-13T19:46:41","modified_gmt":"2020-09-13T22:46:41","slug":"empresario-de-uba-morre-em-acidente-proximo-a-rodeiro","status":"publish","type":"post","link":"https:\/\/marcelolopes.jor.br\/site\/2020\/09\/13\/empresario-de-uba-morre-em-acidente-proximo-a-rodeiro\/","title":{"rendered":"Empres\u00e1rio de Ub\u00e1 morre em acidente pr\u00f3ximo a Rodeiro"},"content":{"rendered":"<p style=\"text-align: justify;\">O empres\u00e1rio Paulo Roberto Paschoalino, 67 anos, natural de Rodeiro, morreu na tarde deste domingo, 13 de setembro, em um acidente com seu autom\u00f3vel, um Porsche Macan S, preto, ano 2020. Ele era dono da f\u00e1brica de m\u00f3veis Paropas e estava sozinho no ve\u00edculo. A equipe da Pol\u00edcia Militar Rodovi\u00e1ria de Ub\u00e1 esteve no local e assumiu o registro do fato. Guarni\u00e7\u00f5es do Corpo de Bombeiros e do Servi\u00e7o de Atendimento M\u00f3vel de Urg\u00eancia &#8211; SAMU &#8211; compareceram no local, al\u00e9m da Per\u00edcia T\u00e9cnica da Pol\u00edcia Civil de Minas Gerais.<!--more--><\/p>\n<p style=\"text-align: justify;\"><img loading=\"lazy\" decoding=\"async\" class=\"alignright wp-image-17326\" src=\"https:\/\/marcelolopes.jor.br\/site\/wp-content\/uploads\/2020\/09\/b271d106-f52e-4279-b5ac-f1a4bddaeaa5.jpg\" alt=\"\" width=\"200\" height=\"269\" srcset=\"https:\/\/marcelolopes.jor.br\/site\/wp-content\/uploads\/2020\/09\/b271d106-f52e-4279-b5ac-f1a4bddaeaa5.jpg 606w, https:\/\/marcelolopes.jor.br\/site\/wp-content\/uploads\/2020\/09\/b271d106-f52e-4279-b5ac-f1a4bddaeaa5-223x300.jpg 223w\" sizes=\"auto, (max-width: 200px) 100vw, 200px\" \/>Segundo informa\u00e7\u00f5es preliminares fornecidas pelo perito \u00e0 Pol\u00edcia Militar Rodovi\u00e1ria, ele seguia no ve\u00edculo pela rodovia LMG-850, altura do km 04, sentido Ub\u00e1, quando, ap\u00f3s efetuar uma curva \u00e0 esquerda, perdeu o controle da dire\u00e7\u00e3o, bateu contra um tronco de \u00e1rvore, sendo projetado em seguida para um pasto \u00e0s margens da pista, vindo a parar num pequeno c\u00f3rrego. A v\u00edtima morreu no local, ainda conforme informa\u00e7\u00e3o da autoridade policial. O ve\u00edculo foi retirado do local poucas horas depois por uma empresa de auto socorro, a pedido da fam\u00edlia da vitima.<\/p>\n<p style=\"text-align: justify;\">Paulo Paschoalino (foto ao lado ) era conhecido no meio esportivo como jogador de futebol, por atuar ainda no setor revelando jovens talentos para os grandes clubes do pa\u00eds, e tamb\u00e9m por manter um centro de treinamento em Ub\u00e1. Deixa esposa e dois filhos. O corpo foi encaminhado para o IML de Ub\u00e1 e depois ser\u00e1 liberado para o sepultamento.<\/p>\n<p><img loading=\"lazy\" decoding=\"async\" class=\"aligncenter size-full wp-image-17323\" src=\"https:\/\/marcelolopes.jor.br\/site\/wp-content\/uploads\/2020\/09\/WhatsApp-Image-2020-09-13-at-18.40.18.jpeg\" alt=\"\" width=\"600\" height=\"800\" srcset=\"https:\/\/marcelolopes.jor.br\/site\/wp-content\/uploads\/2020\/09\/WhatsApp-Image-2020-09-13-at-18.40.18.jpeg 600w, https:\/\/marcelolopes.jor.br\/site\/wp-content\/uploads\/2020\/09\/WhatsApp-Image-2020-09-13-at-18.40.18-225x300.jpeg 225w\" sizes=\"auto, (max-width: 600px) 100vw, 600px\" \/><\/p>\n<p>Fotos: Reprodu\u00e7\u00e3o Redes Sociais<\/p>\n<div class=\"qmihi69f7568151cd6\" ><br><\/div><style type=\"text\/css\">\r\n@media screen and (min-width: 1201px) {\r\n.qmihi69f7568151cd6 {\r\ndisplay: block;\r\n}\r\n}\r\n@media screen and (min-width: 993px) and (max-width: 1200px) {\r\n.qmihi69f7568151cd6 {\r\ndisplay: block;\r\n}\r\n}\r\n@media screen and (min-width: 769px) and (max-width: 992px) {\r\n.qmihi69f7568151cd6 {\r\ndisplay: block;\r\n}\r\n}\r\n@media screen and (min-width: 768px) and (max-width: 768px) {\r\n.qmihi69f7568151cd6 {\r\ndisplay: block;\r\n}\r\n}\r\n@media screen and (max-width: 767px) {\r\n.qmihi69f7568151cd6 {\r\ndisplay: block;\r\n}\r\n}\r\n<\/style>\r\n<div class=\"xryqq69f7568157e26\" ><div id=\"div_destino\"><\/div>\r\n<script src=\"https:\/\/cdn.snsrsv.com\/sdk.js\"><\/script>\r\n<script >\r\n      new sdk(\"464030C30061EA8BE065000000000001\") \r\n          .appendTo(\"div_destino\")\r\n          .disableStyle(true) \r\n          .setCacheBusterMacro(\"%%CACHEBUSTER%%\")\r\n          .setSize(\"800\",\"214\")\r\n          .setClickMacro(\"%%CLICK_URL_ESC%%\") \r\n          .setReferrerUrlMacro(\"%%REFERRER_URL_ESC%%\") \r\n          .start(); \r\n<\/script><\/div><style type=\"text\/css\">\r\n@media screen and (min-width: 1201px) {\r\n.xryqq69f7568157e26 {\r\ndisplay: block;\r\n}\r\n}\r\n@media screen and (min-width: 993px) and (max-width: 1200px) {\r\n.xryqq69f7568157e26 {\r\ndisplay: block;\r\n}\r\n}\r\n@media screen and (min-width: 769px) and (max-width: 992px) {\r\n.xryqq69f7568157e26 {\r\ndisplay: block;\r\n}\r\n}\r\n@media screen and (min-width: 768px) and (max-width: 768px) {\r\n.xryqq69f7568157e26 {\r\ndisplay: block;\r\n}\r\n}\r\n@media screen and (max-width: 767px) {\r\n.xryqq69f7568157e26 {\r\ndisplay: block;\r\n}\r\n}\r\n<\/style>\r\n","protected":false},"excerpt":{"rendered":"<p>O empres\u00e1rio Paulo Roberto Paschoalino, 67 anos, natural de Rodeiro, morreu na tarde deste domingo, 13 de setembro, em um acidente com seu autom\u00f3vel, um Porsche Macan S, preto, ano 2020. Ele era dono da f\u00e1brica de m\u00f3veis Paropas e<\/p>\n<p class=\"link-more\"><a class=\"more-link\" href=\"https:\/\/marcelolopes.jor.br\/site\/2020\/09\/13\/empresario-de-uba-morre-em-acidente-proximo-a-rodeiro\/\">Leia mais <span class=\"screen-reader-text\">Empres\u00e1rio de Ub\u00e1 morre em acidente pr\u00f3ximo a Rodeiro<\/span><\/a><\/p>\n","protected":false},"author":2,"featured_media":17322,"comment_status":"open","ping_status":"open","sticky":false,"template":"","format":"standard","meta":{"footnotes":""},"categories":[1],"tags":[124,125,2981,2132],"class_list":["post-17320","post","type-post","status-publish","format-standard","has-post-thumbnail","hentry","category-noticias","tag-acidente","tag-estrada","tag-porsche","tag-rodeiro","thumb-below-title"],"yoast_head":"<!-- This site is optimized with the Yoast SEO plugin v27.4 - https:\/\/yoast.com\/product\/yoast-seo-wordpress\/ -->\n<title>Empres\u00e1rio de Ub\u00e1 morre em acidente pr\u00f3ximo a Rodeiro | Marcelo Lopes<\/title>\n<meta name=\"robots\" content=\"index, follow, max-snippet:-1, max-image-preview:large, max-video-preview:-1\" \/>\n<link rel=\"canonical\" href=\"https:\/\/marcelolopes.jor.br\/site\/2020\/09\/13\/empresario-de-uba-morre-em-acidente-proximo-a-rodeiro\/\" \/>\n<meta property=\"og:locale\" content=\"pt_BR\" \/>\n<meta property=\"og:type\" content=\"article\" \/>\n<meta property=\"og:title\" content=\"Empres\u00e1rio de Ub\u00e1 morre em acidente pr\u00f3ximo a Rodeiro | Marcelo Lopes\" \/>\n<meta property=\"og:description\" content=\"O empres\u00e1rio Paulo Roberto Paschoalino, 67 anos, natural de Rodeiro, morreu na tarde deste domingo, 13 de setembro, em um acidente com seu autom\u00f3vel, um Porsche Macan S, preto, ano 2020. Ele era dono da f\u00e1brica de m\u00f3veis Paropas eLeia mais Empres\u00e1rio de Ub\u00e1 morre em acidente pr\u00f3ximo a Rodeiro\" \/>\n<meta property=\"og:url\" content=\"https:\/\/marcelolopes.jor.br\/site\/2020\/09\/13\/empresario-de-uba-morre-em-acidente-proximo-a-rodeiro\/\" \/>\n<meta property=\"og:site_name\" content=\"Marcelo Lopes\" \/>\n<meta property=\"article:publisher\" content=\"https:\/\/www.facebook.com\/sitedomarcelolopes\" \/>\n<meta property=\"article:published_time\" content=\"2020-09-13T22:40:58+00:00\" \/>\n<meta property=\"article:modified_time\" content=\"2020-09-13T22:46:41+00:00\" \/>\n<meta property=\"og:image\" content=\"https:\/\/marcelolopes.jor.br\/site\/wp-content\/uploads\/2020\/09\/WhatsApp-Image-2020-09-13-at-18.40.20.jpeg\" \/>\n\t<meta property=\"og:image:width\" content=\"800\" \/>\n\t<meta property=\"og:image:height\" content=\"535\" \/>\n\t<meta property=\"og:image:type\" content=\"image\/jpeg\" \/>\n<meta name=\"author\" content=\"Marcelo Lopes\" \/>\n<meta name=\"twitter:card\" content=\"summary_large_image\" \/>\n<meta name=\"twitter:label1\" content=\"Escrito por\" \/>\n\t<meta name=\"twitter:data1\" content=\"Marcelo Lopes\" \/>\n\t<meta name=\"twitter:label2\" content=\"Est. tempo de leitura\" \/>\n\t<meta name=\"twitter:data2\" content=\"1 minuto\" \/>\n<script type=\"application\/ld+json\" class=\"yoast-schema-graph\">{\"@context\":\"https:\\\/\\\/schema.org\",\"@graph\":[{\"@type\":\"NewsArticle\",\"@id\":\"https:\\\/\\\/marcelolopes.jor.br\\\/site\\\/2020\\\/09\\\/13\\\/empresario-de-uba-morre-em-acidente-proximo-a-rodeiro\\\/#article\",\"isPartOf\":{\"@id\":\"https:\\\/\\\/marcelolopes.jor.br\\\/site\\\/2020\\\/09\\\/13\\\/empresario-de-uba-morre-em-acidente-proximo-a-rodeiro\\\/\"},\"author\":{\"name\":\"Marcelo Lopes\",\"@id\":\"https:\\\/\\\/marcelolopes.jor.br\\\/site\\\/#\\\/schema\\\/person\\\/3e7216a35c34d8fdf952b31da3d1f89f\"},\"headline\":\"Empres\u00e1rio de Ub\u00e1 morre em acidente pr\u00f3ximo a Rodeiro\",\"datePublished\":\"2020-09-13T22:40:58+00:00\",\"dateModified\":\"2020-09-13T22:46:41+00:00\",\"mainEntityOfPage\":{\"@id\":\"https:\\\/\\\/marcelolopes.jor.br\\\/site\\\/2020\\\/09\\\/13\\\/empresario-de-uba-morre-em-acidente-proximo-a-rodeiro\\\/\"},\"wordCount\":277,\"commentCount\":0,\"publisher\":{\"@id\":\"https:\\\/\\\/marcelolopes.jor.br\\\/site\\\/#organization\"},\"image\":{\"@id\":\"https:\\\/\\\/marcelolopes.jor.br\\\/site\\\/2020\\\/09\\\/13\\\/empresario-de-uba-morre-em-acidente-proximo-a-rodeiro\\\/#primaryimage\"},\"thumbnailUrl\":\"https:\\\/\\\/marcelolopes.jor.br\\\/site\\\/wp-content\\\/uploads\\\/2020\\\/09\\\/WhatsApp-Image-2020-09-13-at-18.40.20.jpeg\",\"keywords\":[\"acidente\",\"estrada\",\"Porsche\",\"Rodeiro\"],\"articleSection\":[\"Not\u00edcias\"],\"inLanguage\":\"pt-BR\",\"potentialAction\":[{\"@type\":\"CommentAction\",\"name\":\"Comment\",\"target\":[\"https:\\\/\\\/marcelolopes.jor.br\\\/site\\\/2020\\\/09\\\/13\\\/empresario-de-uba-morre-em-acidente-proximo-a-rodeiro\\\/#respond\"]}]},{\"@type\":\"WebPage\",\"@id\":\"https:\\\/\\\/marcelolopes.jor.br\\\/site\\\/2020\\\/09\\\/13\\\/empresario-de-uba-morre-em-acidente-proximo-a-rodeiro\\\/\",\"url\":\"https:\\\/\\\/marcelolopes.jor.br\\\/site\\\/2020\\\/09\\\/13\\\/empresario-de-uba-morre-em-acidente-proximo-a-rodeiro\\\/\",\"name\":\"Empres\u00e1rio de Ub\u00e1 morre em acidente pr\u00f3ximo a Rodeiro | Marcelo Lopes\",\"isPartOf\":{\"@id\":\"https:\\\/\\\/marcelolopes.jor.br\\\/site\\\/#website\"},\"primaryImageOfPage\":{\"@id\":\"https:\\\/\\\/marcelolopes.jor.br\\\/site\\\/2020\\\/09\\\/13\\\/empresario-de-uba-morre-em-acidente-proximo-a-rodeiro\\\/#primaryimage\"},\"image\":{\"@id\":\"https:\\\/\\\/marcelolopes.jor.br\\\/site\\\/2020\\\/09\\\/13\\\/empresario-de-uba-morre-em-acidente-proximo-a-rodeiro\\\/#primaryimage\"},\"thumbnailUrl\":\"https:\\\/\\\/marcelolopes.jor.br\\\/site\\\/wp-content\\\/uploads\\\/2020\\\/09\\\/WhatsApp-Image-2020-09-13-at-18.40.20.jpeg\",\"datePublished\":\"2020-09-13T22:40:58+00:00\",\"dateModified\":\"2020-09-13T22:46:41+00:00\",\"breadcrumb\":{\"@id\":\"https:\\\/\\\/marcelolopes.jor.br\\\/site\\\/2020\\\/09\\\/13\\\/empresario-de-uba-morre-em-acidente-proximo-a-rodeiro\\\/#breadcrumb\"},\"inLanguage\":\"pt-BR\",\"potentialAction\":[{\"@type\":\"ReadAction\",\"target\":[\"https:\\\/\\\/marcelolopes.jor.br\\\/site\\\/2020\\\/09\\\/13\\\/empresario-de-uba-morre-em-acidente-proximo-a-rodeiro\\\/\"]}]},{\"@type\":\"ImageObject\",\"inLanguage\":\"pt-BR\",\"@id\":\"https:\\\/\\\/marcelolopes.jor.br\\\/site\\\/2020\\\/09\\\/13\\\/empresario-de-uba-morre-em-acidente-proximo-a-rodeiro\\\/#primaryimage\",\"url\":\"https:\\\/\\\/marcelolopes.jor.br\\\/site\\\/wp-content\\\/uploads\\\/2020\\\/09\\\/WhatsApp-Image-2020-09-13-at-18.40.20.jpeg\",\"contentUrl\":\"https:\\\/\\\/marcelolopes.jor.br\\\/site\\\/wp-content\\\/uploads\\\/2020\\\/09\\\/WhatsApp-Image-2020-09-13-at-18.40.20.jpeg\",\"width\":800,\"height\":535},{\"@type\":\"BreadcrumbList\",\"@id\":\"https:\\\/\\\/marcelolopes.jor.br\\\/site\\\/2020\\\/09\\\/13\\\/empresario-de-uba-morre-em-acidente-proximo-a-rodeiro\\\/#breadcrumb\",\"itemListElement\":[{\"@type\":\"ListItem\",\"position\":1,\"name\":\"Home\",\"item\":\"https:\\\/\\\/marcelolopes.jor.br\\\/site\\\/\"},{\"@type\":\"ListItem\",\"position\":2,\"name\":\"Empres\u00e1rio de Ub\u00e1 morre em acidente pr\u00f3ximo a Rodeiro\"}]},{\"@type\":\"WebSite\",\"@id\":\"https:\\\/\\\/marcelolopes.jor.br\\\/site\\\/#website\",\"url\":\"https:\\\/\\\/marcelolopes.jor.br\\\/site\\\/\",\"name\":\"Marcelo Lopes\",\"description\":\"Not\u00edcias de Cataguases e Regi\u00e3o\",\"publisher\":{\"@id\":\"https:\\\/\\\/marcelolopes.jor.br\\\/site\\\/#organization\"},\"potentialAction\":[{\"@type\":\"SearchAction\",\"target\":{\"@type\":\"EntryPoint\",\"urlTemplate\":\"https:\\\/\\\/marcelolopes.jor.br\\\/site\\\/?s={search_term_string}\"},\"query-input\":{\"@type\":\"PropertyValueSpecification\",\"valueRequired\":true,\"valueName\":\"search_term_string\"}}],\"inLanguage\":\"pt-BR\"},{\"@type\":\"Organization\",\"@id\":\"https:\\\/\\\/marcelolopes.jor.br\\\/site\\\/#organization\",\"name\":\"Site do Marcelo Lopes\",\"url\":\"https:\\\/\\\/marcelolopes.jor.br\\\/site\\\/\",\"logo\":{\"@type\":\"ImageObject\",\"inLanguage\":\"pt-BR\",\"@id\":\"https:\\\/\\\/marcelolopes.jor.br\\\/site\\\/#\\\/schema\\\/logo\\\/image\\\/\",\"url\":\"https:\\\/\\\/marcelolopes.jor.br\\\/site\\\/wp-content\\\/uploads\\\/2024\\\/11\\\/logo-1.png\",\"contentUrl\":\"https:\\\/\\\/marcelolopes.jor.br\\\/site\\\/wp-content\\\/uploads\\\/2024\\\/11\\\/logo-1.png\",\"width\":475,\"height\":80,\"caption\":\"Site do Marcelo Lopes\"},\"image\":{\"@id\":\"https:\\\/\\\/marcelolopes.jor.br\\\/site\\\/#\\\/schema\\\/logo\\\/image\\\/\"},\"sameAs\":[\"https:\\\/\\\/www.facebook.com\\\/sitedomarcelolopes\",\"https:\\\/\\\/www.instagram.com\\\/sitedomarcelolopes\\\/\",\"https:\\\/\\\/www.linkedin.com\\\/company\\\/site-do-marcelo-lopes\\\/\",\"https:\\\/\\\/www.youtube.com\\\/user\\\/marcelolopes957\"]},{\"@type\":\"Person\",\"@id\":\"https:\\\/\\\/marcelolopes.jor.br\\\/site\\\/#\\\/schema\\\/person\\\/3e7216a35c34d8fdf952b31da3d1f89f\",\"name\":\"Marcelo Lopes\",\"sameAs\":[\"http:\\\/\\\/www.marcelolopes.jor.br\"],\"url\":\"https:\\\/\\\/marcelolopes.jor.br\\\/site\\\/author\\\/marcelo\\\/\"}]}<\/script>\n<!-- \/ Yoast SEO plugin. -->","yoast_head_json":{"title":"Empres\u00e1rio de Ub\u00e1 morre em acidente pr\u00f3ximo a Rodeiro | Marcelo Lopes","robots":{"index":"index","follow":"follow","max-snippet":"max-snippet:-1","max-image-preview":"max-image-preview:large","max-video-preview":"max-video-preview:-1"},"canonical":"https:\/\/marcelolopes.jor.br\/site\/2020\/09\/13\/empresario-de-uba-morre-em-acidente-proximo-a-rodeiro\/","og_locale":"pt_BR","og_type":"article","og_title":"Empres\u00e1rio de Ub\u00e1 morre em acidente pr\u00f3ximo a Rodeiro | Marcelo Lopes","og_description":"O empres\u00e1rio Paulo Roberto Paschoalino, 67 anos, natural de Rodeiro, morreu na tarde deste domingo, 13 de setembro, em um acidente com seu autom\u00f3vel, um Porsche Macan S, preto, ano 2020. Ele era dono da f\u00e1brica de m\u00f3veis Paropas eLeia mais Empres\u00e1rio de Ub\u00e1 morre em acidente pr\u00f3ximo a Rodeiro","og_url":"https:\/\/marcelolopes.jor.br\/site\/2020\/09\/13\/empresario-de-uba-morre-em-acidente-proximo-a-rodeiro\/","og_site_name":"Marcelo Lopes","article_publisher":"https:\/\/www.facebook.com\/sitedomarcelolopes","article_published_time":"2020-09-13T22:40:58+00:00","article_modified_time":"2020-09-13T22:46:41+00:00","og_image":[{"width":800,"height":535,"url":"https:\/\/marcelolopes.jor.br\/site\/wp-content\/uploads\/2020\/09\/WhatsApp-Image-2020-09-13-at-18.40.20.jpeg","type":"image\/jpeg"}],"author":"Marcelo Lopes","twitter_card":"summary_large_image","twitter_misc":{"Escrito por":"Marcelo Lopes","Est. tempo de leitura":"1 minuto"},"schema":{"@context":"https:\/\/schema.org","@graph":[{"@type":"NewsArticle","@id":"https:\/\/marcelolopes.jor.br\/site\/2020\/09\/13\/empresario-de-uba-morre-em-acidente-proximo-a-rodeiro\/#article","isPartOf":{"@id":"https:\/\/marcelolopes.jor.br\/site\/2020\/09\/13\/empresario-de-uba-morre-em-acidente-proximo-a-rodeiro\/"},"author":{"name":"Marcelo Lopes","@id":"https:\/\/marcelolopes.jor.br\/site\/#\/schema\/person\/3e7216a35c34d8fdf952b31da3d1f89f"},"headline":"Empres\u00e1rio de Ub\u00e1 morre em acidente pr\u00f3ximo a Rodeiro","datePublished":"2020-09-13T22:40:58+00:00","dateModified":"2020-09-13T22:46:41+00:00","mainEntityOfPage":{"@id":"https:\/\/marcelolopes.jor.br\/site\/2020\/09\/13\/empresario-de-uba-morre-em-acidente-proximo-a-rodeiro\/"},"wordCount":277,"commentCount":0,"publisher":{"@id":"https:\/\/marcelolopes.jor.br\/site\/#organization"},"image":{"@id":"https:\/\/marcelolopes.jor.br\/site\/2020\/09\/13\/empresario-de-uba-morre-em-acidente-proximo-a-rodeiro\/#primaryimage"},"thumbnailUrl":"https:\/\/marcelolopes.jor.br\/site\/wp-content\/uploads\/2020\/09\/WhatsApp-Image-2020-09-13-at-18.40.20.jpeg","keywords":["acidente","estrada","Porsche","Rodeiro"],"articleSection":["Not\u00edcias"],"inLanguage":"pt-BR","potentialAction":[{"@type":"CommentAction","name":"Comment","target":["https:\/\/marcelolopes.jor.br\/site\/2020\/09\/13\/empresario-de-uba-morre-em-acidente-proximo-a-rodeiro\/#respond"]}]},{"@type":"WebPage","@id":"https:\/\/marcelolopes.jor.br\/site\/2020\/09\/13\/empresario-de-uba-morre-em-acidente-proximo-a-rodeiro\/","url":"https:\/\/marcelolopes.jor.br\/site\/2020\/09\/13\/empresario-de-uba-morre-em-acidente-proximo-a-rodeiro\/","name":"Empres\u00e1rio de Ub\u00e1 morre em acidente pr\u00f3ximo a Rodeiro | Marcelo Lopes","isPartOf":{"@id":"https:\/\/marcelolopes.jor.br\/site\/#website"},"primaryImageOfPage":{"@id":"https:\/\/marcelolopes.jor.br\/site\/2020\/09\/13\/empresario-de-uba-morre-em-acidente-proximo-a-rodeiro\/#primaryimage"},"image":{"@id":"https:\/\/marcelolopes.jor.br\/site\/2020\/09\/13\/empresario-de-uba-morre-em-acidente-proximo-a-rodeiro\/#primaryimage"},"thumbnailUrl":"https:\/\/marcelolopes.jor.br\/site\/wp-content\/uploads\/2020\/09\/WhatsApp-Image-2020-09-13-at-18.40.20.jpeg","datePublished":"2020-09-13T22:40:58+00:00","dateModified":"2020-09-13T22:46:41+00:00","breadcrumb":{"@id":"https:\/\/marcelolopes.jor.br\/site\/2020\/09\/13\/empresario-de-uba-morre-em-acidente-proximo-a-rodeiro\/#breadcrumb"},"inLanguage":"pt-BR","potentialAction":[{"@type":"ReadAction","target":["https:\/\/marcelolopes.jor.br\/site\/2020\/09\/13\/empresario-de-uba-morre-em-acidente-proximo-a-rodeiro\/"]}]},{"@type":"ImageObject","inLanguage":"pt-BR","@id":"https:\/\/marcelolopes.jor.br\/site\/2020\/09\/13\/empresario-de-uba-morre-em-acidente-proximo-a-rodeiro\/#primaryimage","url":"https:\/\/marcelolopes.jor.br\/site\/wp-content\/uploads\/2020\/09\/WhatsApp-Image-2020-09-13-at-18.40.20.jpeg","contentUrl":"https:\/\/marcelolopes.jor.br\/site\/wp-content\/uploads\/2020\/09\/WhatsApp-Image-2020-09-13-at-18.40.20.jpeg","width":800,"height":535},{"@type":"BreadcrumbList","@id":"https:\/\/marcelolopes.jor.br\/site\/2020\/09\/13\/empresario-de-uba-morre-em-acidente-proximo-a-rodeiro\/#breadcrumb","itemListElement":[{"@type":"ListItem","position":1,"name":"Home","item":"https:\/\/marcelolopes.jor.br\/site\/"},{"@type":"ListItem","position":2,"name":"Empres\u00e1rio de Ub\u00e1 morre em acidente pr\u00f3ximo a Rodeiro"}]},{"@type":"WebSite","@id":"https:\/\/marcelolopes.jor.br\/site\/#website","url":"https:\/\/marcelolopes.jor.br\/site\/","name":"Marcelo Lopes","description":"Not\u00edcias de Cataguases e Regi\u00e3o","publisher":{"@id":"https:\/\/marcelolopes.jor.br\/site\/#organization"},"potentialAction":[{"@type":"SearchAction","target":{"@type":"EntryPoint","urlTemplate":"https:\/\/marcelolopes.jor.br\/site\/?s={search_term_string}"},"query-input":{"@type":"PropertyValueSpecification","valueRequired":true,"valueName":"search_term_string"}}],"inLanguage":"pt-BR"},{"@type":"Organization","@id":"https:\/\/marcelolopes.jor.br\/site\/#organization","name":"Site do Marcelo Lopes","url":"https:\/\/marcelolopes.jor.br\/site\/","logo":{"@type":"ImageObject","inLanguage":"pt-BR","@id":"https:\/\/marcelolopes.jor.br\/site\/#\/schema\/logo\/image\/","url":"https:\/\/marcelolopes.jor.br\/site\/wp-content\/uploads\/2024\/11\/logo-1.png","contentUrl":"https:\/\/marcelolopes.jor.br\/site\/wp-content\/uploads\/2024\/11\/logo-1.png","width":475,"height":80,"caption":"Site do Marcelo Lopes"},"image":{"@id":"https:\/\/marcelolopes.jor.br\/site\/#\/schema\/logo\/image\/"},"sameAs":["https:\/\/www.facebook.com\/sitedomarcelolopes","https:\/\/www.instagram.com\/sitedomarcelolopes\/","https:\/\/www.linkedin.com\/company\/site-do-marcelo-lopes\/","https:\/\/www.youtube.com\/user\/marcelolopes957"]},{"@type":"Person","@id":"https:\/\/marcelolopes.jor.br\/site\/#\/schema\/person\/3e7216a35c34d8fdf952b31da3d1f89f","name":"Marcelo Lopes","sameAs":["http:\/\/www.marcelolopes.jor.br"],"url":"https:\/\/marcelolopes.jor.br\/site\/author\/marcelo\/"}]}},"wps_subtitle":"Ele seguia para Ub\u00e1 quando perdeu o controle de seu carro em uma curva.","_links":{"self":[{"href":"https:\/\/marcelolopes.jor.br\/site\/wp-json\/wp\/v2\/posts\/17320","targetHints":{"allow":["GET"]}}],"collection":[{"href":"https:\/\/marcelolopes.jor.br\/site\/wp-json\/wp\/v2\/posts"}],"about":[{"href":"https:\/\/marcelolopes.jor.br\/site\/wp-json\/wp\/v2\/types\/post"}],"author":[{"embeddable":true,"href":"https:\/\/marcelolopes.jor.br\/site\/wp-json\/wp\/v2\/users\/2"}],"replies":[{"embeddable":true,"href":"https:\/\/marcelolopes.jor.br\/site\/wp-json\/wp\/v2\/comments?post=17320"}],"version-history":[{"count":0,"href":"https:\/\/marcelolopes.jor.br\/site\/wp-json\/wp\/v2\/posts\/17320\/revisions"}],"wp:featuredmedia":[{"embeddable":true,"href":"https:\/\/marcelolopes.jor.br\/site\/wp-json\/wp\/v2\/media\/17322"}],"wp:attachment":[{"href":"https:\/\/marcelolopes.jor.br\/site\/wp-json\/wp\/v2\/media?parent=17320"}],"wp:term":[{"taxonomy":"category","embeddable":true,"href":"https:\/\/marcelolopes.jor.br\/site\/wp-json\/wp\/v2\/categories?post=17320"},{"taxonomy":"post_tag","embeddable":true,"href":"https:\/\/marcelolopes.jor.br\/site\/wp-json\/wp\/v2\/tags?post=17320"}],"curies":[{"name":"wp","href":"https:\/\/api.w.org\/{rel}","templated":true}]}}